{"id":316725,"date":"2025-07-14T07:30:19","date_gmt":"2025-07-14T11:30:19","guid":{"rendered":"https:\/\/www.eldiario.net\/portal\/?p=316725"},"modified":"2025-07-14T07:30:19","modified_gmt":"2025-07-14T11:30:19","slug":"chelsea-el-primer-rey-del-mundo","status":"publish","type":"post","link":"https:\/\/www.eldiario.net\/portal\/2025\/07\/14\/chelsea-el-primer-rey-del-mundo\/","title":{"rendered":"Chelsea, el primer  rey del Mundo"},"content":{"rendered":"<p>El Chelsea, con un Cole Palmer estelar, vapule\u00f3 ayer por 3-0 al Paris Saint-Germain y conquist\u00f3 la primera edici\u00f3n del Mundial ampliado de Clubes de la FIFA.<br \/>\nCon una exhibici\u00f3n incontestable en la primera parte, Enzo Maresca super\u00f3 en la batalla t\u00e1ctica a Luis Enrique y los Blues, que desarmaron por completo al vencedor de la Liga de Campeones y ya ganaban por 3-0 al descanso, sumaron su segundo t\u00edtulo del a\u00f1o tras la Conference League que se llevaron a expensas del Real Betis.<br \/>\nPor su parte, el PSG se estrell\u00f3 en una final a la que acud\u00eda como favorito, tras una temporada magn\u00edfica y despu\u00e9s de triturar al Real Madrid por 4-0 en semifinales, y dijo adi\u00f3s al sue\u00f1o de completar el sextete.<br \/>\nAdem\u00e1s termin\u00f3 un encuentro para el olvido con la expulsi\u00f3n de Joao Neves en el minuto 85 por agarrar del pelo al espa\u00f1ol Marc Cucurella.<br \/>\nEl MetLife Stadium de East Rutherford (Nueva Jersey) acogi\u00f3 ayer el broche a este primer Mundial de Clubes con 32 equipos y activ\u00f3 ya la cuenta atr\u00e1s para organizar la final del Mundial de selecciones dentro de un a\u00f1o.<br \/>\nDonald Trump, presidente de Estados Unidos, encabez\u00f3 el palco y presenci\u00f3 en primera persona una actuaci\u00f3n absolutamente portentosa del Chelsea, que fue de menos a m\u00e1s en este torneo hasta coronarse anulando a un PSG que hab\u00eda dominado Europa este a\u00f1o con pu\u00f1o de hierro.<br \/>\nPalmer sell\u00f3 un recital memorable con dos goles y una asistencia para Joao Pedro. El brit\u00e1nico fue un dolor de cabeza constante por la derecha para Nuno Mendes.<br \/>\nMois\u00e9s Caicedo, que era duda por molestias en el tobillo, fue un tit\u00e1n en el centro del campo y tambi\u00e9n destac\u00f3 el portero Robert S\u00e1nchez con varias intervenciones de mucho m\u00e9rito.<br \/>\nEnorme primera parte del Chelsea El arranque del Chelsea ante el PSG fue formidable.<br \/>\nDestemplado y desubicado, el PSG sufri\u00f3 pronto en defensa y Palmer tuvo una ocasi\u00f3n clar\u00edsima tras una deliciosa jugada colectiva en la que Joao Pedro le dej\u00f3 el bal\u00f3n de espaldas. El disparo del ingl\u00e9s pas\u00f3 tan cerca de la escuadra que enga\u00f1\u00f3 a gran parte de la grada del estadio.<br \/>\nEl primer cuarto de hora fue todo azul pero el PSG consigui\u00f3 asentarse y pas\u00f3 a controlar el ritmo. Disfrut\u00f3 de una oportunidad gigantesca gracias a un gran pase de Fabi\u00e1n Ruiz, pero D\u00e9sir\u00e9 Dou\u00e9 se pas\u00f3 de generoso y en lugar de rematar busc\u00f3 una asistencia para Hakimi que cort\u00f3 Cucurella.<br \/>\nPoco despu\u00e9s empez\u00f3 la exhibici\u00f3n de Palmer.<br \/>\nLa figura del Chelsea se desquit\u00f3 del anterior fallo despu\u00e9s de que Malo Gusto le robara la cartera a un Nuno Mendes desconocido durante toda la tarde. El bal\u00f3n acab\u00f3 en la frontal y Palmer defini\u00f3 de maravilla con su zurda en el minuto 22 al palo derecho de Donnarumma.<br \/>\nSolo ocho minutos despu\u00e9s, Palmer concret\u00f3 su doblete con una jugada calcada. Con Vitinha cubriendo la derecha de emergencia, Palmer hizo lo que quiso hasta plantarse en el \u00e1rea y marcar con un tiro pr\u00e1cticamente igual al del primero.<br \/>\nEl PSG parec\u00eda noqueado tras solo media hora. Ni Vitinha, ni Fabi\u00e1n Ruiz ni Joao Neves consegu\u00edan engrasar una circulaci\u00f3n totalmente espesa. En ataque, Ousmane Demb\u00e9l\u00e9 estaba totalmente desaparecido.<br \/>\nEn cambio, el Chelsea volaba con sus contraataques y golpeando una y otra vez las espaldas de los laterales parisinos. La guinda a una primera mitad excepcional la coloc\u00f3 Joao Pedro en el 43 marcando tras pase de un Palmer imparable.<br \/>\nIntent\u00f3 el PSG estirarse en la reanudaci\u00f3n con un Vitinha m\u00e1s activo. Los de Luis Enrique rozaron el tanto por medio de un tiro del portugu\u00e9s y, sobre todo, con un remate de Demb\u00e9l\u00e9 en el coraz\u00f3n del \u00e1rea que Robert S\u00e1nchez desvi\u00f3 con un parad\u00f3n.<br \/>\nSin embargo, el Chelsea mantuvo su fortaleza. Enzo Fern\u00e1ndez se retir\u00f3 por lesi\u00f3n y Liam Delap, en cambio por Joao Pedro, estuvo muy cerca de ampliar a\u00fan m\u00e1s la goleada londinense. El final del partido fue brusco, con constantes broncas y reproches entre los jugadores.<\/p>\n","protected":false},"excerpt":{"rendered":"<p>El Chelsea, con un Cole Palmer estelar, vapule\u00f3 ayer por 3-0 al Paris Saint-Germain y conquist\u00f3 la primera edici\u00f3n del Mundial ampliado de Clubes de la FIFA. Con una exhibici\u00f3n incontestable en la primera parte, Enzo Maresca super\u00f3 en la batalla t\u00e1ctica a Luis Enrique y los Blues, que desarmaron por completo al vencedor de [&hellip;]<\/p>\n","protected":false},"author":1,"featured_media":316726,"comment_status":"closed","ping_status":"open","sticky":false,"template":"","format":"standard","meta":{"_acf_changed":false,"footnotes":""},"categories":[6],"tags":[],"class_list":["post-316725","post","type-post","status-publish","format-standard","has-post-thumbnail","category-deportes"],"acf":{"antetitulo":""},"yoast_head":"<!-- This site is optimized with the Yoast SEO plugin v28.4 - https:\/\/yoast.com\/product\/yoast-seo-wordpress\/ -->\n<title>Chelsea, el primer rey del Mundo - El Diario - Bolivia<\/title>\n<meta name=\"robots\" content=\"index, follow, max-snippet:-1, max-image-preview:large, max-video-preview:-1\" \/>\n<link rel=\"canonical\" href=\"https:\/\/www.eldiario.net\/portal\/2025\/07\/14\/chelsea-el-primer-rey-del-mundo\/\" \/>\n<meta property=\"og:locale\" content=\"es_ES\" \/>\n<meta property=\"og:type\" content=\"article\" \/>\n<meta property=\"og:title\" content=\"Chelsea, el primer rey del Mundo - El Diario - Bolivia\" \/>\n<meta property=\"og:description\" content=\"El Chelsea, con un Cole Palmer estelar, vapule\u00f3 ayer por 3-0 al Paris Saint-Germain y conquist\u00f3 la primera edici\u00f3n del Mundial ampliado de Clubes de la FIFA. Con una exhibici\u00f3n incontestable en la primera parte, Enzo Maresca super\u00f3 en la batalla t\u00e1ctica a Luis Enrique y los Blues, que desarmaron por completo al vencedor de [&hellip;]\" \/>\n<meta property=\"og:url\" content=\"https:\/\/www.eldiario.net\/portal\/2025\/07\/14\/chelsea-el-primer-rey-del-mundo\/\" \/>\n<meta property=\"og:site_name\" content=\"El Diario - Bolivia\" \/>\n<meta property=\"article:publisher\" content=\"https:\/\/www.facebook.com\/eldiario.bolivia\/\" \/>\n<meta property=\"article:published_time\" content=\"2025-07-14T11:30:19+00:00\" \/>\n<meta property=\"og:image\" content=\"https:\/\/www.eldiario.net\/portal\/wp-content\/uploads\/2025\/07\/Principal-4.webp\" \/>\n\t<meta property=\"og:image:width\" content=\"1200\" \/>\n\t<meta property=\"og:image:height\" content=\"800\" \/>\n\t<meta property=\"og:image:type\" content=\"image\/webp\" \/>\n<meta name=\"author\" content=\"Jeanette\" \/>\n<meta name=\"twitter:card\" content=\"summary_large_image\" \/>\n<meta name=\"twitter:creator\" content=\"@eldiario_net\" \/>\n<meta name=\"twitter:site\" content=\"@eldiario_net\" \/>\n<meta name=\"twitter:label1\" content=\"Escrito por\" \/>\n\t<meta name=\"twitter:data1\" content=\"Jeanette\" \/>\n\t<meta name=\"twitter:label2\" content=\"Tiempo de lectura\" \/>\n\t<meta name=\"twitter:data2\" content=\"4 minutos\" \/>\n<script type=\"application\/ld+json\" class=\"yoast-schema-graph\">{\"@context\":\"https:\\\/\\\/schema.org\",\"@graph\":[{\"@type\":\"Article\",\"@id\":\"https:\\\/\\\/www.eldiario.net\\\/portal\\\/2025\\\/07\\\/14\\\/chelsea-el-primer-rey-del-mundo\\\/#article\",\"isPartOf\":{\"@id\":\"https:\\\/\\\/www.eldiario.net\\\/portal\\\/2025\\\/07\\\/14\\\/chelsea-el-primer-rey-del-mundo\\\/\"},\"author\":{\"name\":\"Jeanette\",\"@id\":\"https:\\\/\\\/www.eldiario.net\\\/portal\\\/#\\\/schema\\\/person\\\/2c57cf2b7a7ae032e449e4c9b1019eac\"},\"headline\":\"Chelsea, el primer rey del Mundo\",\"datePublished\":\"2025-07-14T11:30:19+00:00\",\"mainEntityOfPage\":{\"@id\":\"https:\\\/\\\/www.eldiario.net\\\/portal\\\/2025\\\/07\\\/14\\\/chelsea-el-primer-rey-del-mundo\\\/\"},\"wordCount\":722,\"publisher\":{\"@id\":\"https:\\\/\\\/www.eldiario.net\\\/portal\\\/#organization\"},\"image\":{\"@id\":\"https:\\\/\\\/www.eldiario.net\\\/portal\\\/2025\\\/07\\\/14\\\/chelsea-el-primer-rey-del-mundo\\\/#primaryimage\"},\"thumbnailUrl\":\"https:\\\/\\\/www.eldiario.net\\\/portal\\\/wp-content\\\/uploads\\\/2025\\\/07\\\/Principal-4.webp\",\"articleSection\":[\"Deportes\"],\"inLanguage\":\"es\"},{\"@type\":\"WebPage\",\"@id\":\"https:\\\/\\\/www.eldiario.net\\\/portal\\\/2025\\\/07\\\/14\\\/chelsea-el-primer-rey-del-mundo\\\/\",\"url\":\"https:\\\/\\\/www.eldiario.net\\\/portal\\\/2025\\\/07\\\/14\\\/chelsea-el-primer-rey-del-mundo\\\/\",\"name\":\"Chelsea, el primer rey del Mundo - El Diario - Bolivia\",\"isPartOf\":{\"@id\":\"https:\\\/\\\/www.eldiario.net\\\/portal\\\/#website\"},\"primaryImageOfPage\":{\"@id\":\"https:\\\/\\\/www.eldiario.net\\\/portal\\\/2025\\\/07\\\/14\\\/chelsea-el-primer-rey-del-mundo\\\/#primaryimage\"},\"image\":{\"@id\":\"https:\\\/\\\/www.eldiario.net\\\/portal\\\/2025\\\/07\\\/14\\\/chelsea-el-primer-rey-del-mundo\\\/#primaryimage\"},\"thumbnailUrl\":\"https:\\\/\\\/www.eldiario.net\\\/portal\\\/wp-content\\\/uploads\\\/2025\\\/07\\\/Principal-4.webp\",\"datePublished\":\"2025-07-14T11:30:19+00:00\",\"breadcrumb\":{\"@id\":\"https:\\\/\\\/www.eldiario.net\\\/portal\\\/2025\\\/07\\\/14\\\/chelsea-el-primer-rey-del-mundo\\\/#breadcrumb\"},\"inLanguage\":\"es\",\"potentialAction\":[{\"@type\":\"ReadAction\",\"target\":[\"https:\\\/\\\/www.eldiario.net\\\/portal\\\/2025\\\/07\\\/14\\\/chelsea-el-primer-rey-del-mundo\\\/\"]}]},{\"@type\":\"ImageObject\",\"inLanguage\":\"es\",\"@id\":\"https:\\\/\\\/www.eldiario.net\\\/portal\\\/2025\\\/07\\\/14\\\/chelsea-el-primer-rey-del-mundo\\\/#primaryimage\",\"url\":\"https:\\\/\\\/www.eldiario.net\\\/portal\\\/wp-content\\\/uploads\\\/2025\\\/07\\\/Principal-4.webp\",\"contentUrl\":\"https:\\\/\\\/www.eldiario.net\\\/portal\\\/wp-content\\\/uploads\\\/2025\\\/07\\\/Principal-4.webp\",\"width\":1200,\"height\":800},{\"@type\":\"BreadcrumbList\",\"@id\":\"https:\\\/\\\/www.eldiario.net\\\/portal\\\/2025\\\/07\\\/14\\\/chelsea-el-primer-rey-del-mundo\\\/#breadcrumb\",\"itemListElement\":[{\"@type\":\"ListItem\",\"position\":1,\"name\":\"Portada\",\"item\":\"https:\\\/\\\/www.eldiario.net\\\/portal\\\/\"},{\"@type\":\"ListItem\",\"position\":2,\"name\":\"Chelsea, el primer rey del Mundo\"}]},{\"@type\":\"WebSite\",\"@id\":\"https:\\\/\\\/www.eldiario.net\\\/portal\\\/#website\",\"url\":\"https:\\\/\\\/www.eldiario.net\\\/portal\\\/\",\"name\":\"El Diario - Decano de la prensa nacional\",\"description\":\"El Diario - Decano de la prensa nacional\",\"publisher\":{\"@id\":\"https:\\\/\\\/www.eldiario.net\\\/portal\\\/#organization\"},\"potentialAction\":[{\"@type\":\"SearchAction\",\"target\":{\"@type\":\"EntryPoint\",\"urlTemplate\":\"https:\\\/\\\/www.eldiario.net\\\/portal\\\/?s={search_term_string}\"},\"query-input\":{\"@type\":\"PropertyValueSpecification\",\"valueRequired\":true,\"valueName\":\"search_term_string\"}}],\"inLanguage\":\"es\"},{\"@type\":\"Organization\",\"@id\":\"https:\\\/\\\/www.eldiario.net\\\/portal\\\/#organization\",\"name\":\"El Diario - Decano de la prensa nacional\",\"url\":\"https:\\\/\\\/www.eldiario.net\\\/portal\\\/\",\"logo\":{\"@type\":\"ImageObject\",\"inLanguage\":\"es\",\"@id\":\"https:\\\/\\\/www.eldiario.net\\\/portal\\\/#\\\/schema\\\/logo\\\/image\\\/\",\"url\":\"https:\\\/\\\/www.eldiario.net\\\/portal\\\/wp-content\\\/uploads\\\/2023\\\/07\\\/logo_ED.jpg\",\"contentUrl\":\"https:\\\/\\\/www.eldiario.net\\\/portal\\\/wp-content\\\/uploads\\\/2023\\\/07\\\/logo_ED.jpg\",\"width\":272,\"height\":52,\"caption\":\"El Diario - Decano de la prensa nacional\"},\"image\":{\"@id\":\"https:\\\/\\\/www.eldiario.net\\\/portal\\\/#\\\/schema\\\/logo\\\/image\\\/\"},\"sameAs\":[\"https:\\\/\\\/www.facebook.com\\\/eldiario.bolivia\\\/\",\"https:\\\/\\\/x.com\\\/eldiario_net\"]},{\"@type\":\"Person\",\"@id\":\"https:\\\/\\\/www.eldiario.net\\\/portal\\\/#\\\/schema\\\/person\\\/2c57cf2b7a7ae032e449e4c9b1019eac\",\"name\":\"Jeanette\",\"image\":{\"@type\":\"ImageObject\",\"inLanguage\":\"es\",\"@id\":\"https:\\\/\\\/secure.gravatar.com\\\/avatar\\\/3ea2118a5f7dad2b7138b1187a6b7ee55f160b9968b66013c3a3ef39dd7e5798?s=96&d=mm&r=g\",\"url\":\"https:\\\/\\\/secure.gravatar.com\\\/avatar\\\/3ea2118a5f7dad2b7138b1187a6b7ee55f160b9968b66013c3a3ef39dd7e5798?s=96&d=mm&r=g\",\"contentUrl\":\"https:\\\/\\\/secure.gravatar.com\\\/avatar\\\/3ea2118a5f7dad2b7138b1187a6b7ee55f160b9968b66013c3a3ef39dd7e5798?s=96&d=mm&r=g\",\"caption\":\"Jeanette\"},\"sameAs\":[\"https:\\\/\\\/www.eldiario.net\\\/portal\"],\"url\":\"https:\\\/\\\/www.eldiario.net\\\/portal\\\/author\\\/jeanette\\\/\"}]}<\/script>\n<!-- \/ Yoast SEO plugin. -->","yoast_head_json":{"title":"Chelsea, el primer rey del Mundo - El Diario - Bolivia","robots":{"index":"index","follow":"follow","max-snippet":"max-snippet:-1","max-image-preview":"max-image-preview:large","max-video-preview":"max-video-preview:-1"},"canonical":"https:\/\/www.eldiario.net\/portal\/2025\/07\/14\/chelsea-el-primer-rey-del-mundo\/","og_locale":"es_ES","og_type":"article","og_title":"Chelsea, el primer rey del Mundo - El Diario - Bolivia","og_description":"El Chelsea, con un Cole Palmer estelar, vapule\u00f3 ayer por 3-0 al Paris Saint-Germain y conquist\u00f3 la primera edici\u00f3n del Mundial ampliado de Clubes de la FIFA. Con una exhibici\u00f3n incontestable en la primera parte, Enzo Maresca super\u00f3 en la batalla t\u00e1ctica a Luis Enrique y los Blues, que desarmaron por completo al vencedor de [&hellip;]","og_url":"https:\/\/www.eldiario.net\/portal\/2025\/07\/14\/chelsea-el-primer-rey-del-mundo\/","og_site_name":"El Diario - Bolivia","article_publisher":"https:\/\/www.facebook.com\/eldiario.bolivia\/","article_published_time":"2025-07-14T11:30:19+00:00","og_image":[{"width":1200,"height":800,"url":"https:\/\/www.eldiario.net\/portal\/wp-content\/uploads\/2025\/07\/Principal-4.webp","type":"image\/webp"}],"author":"Jeanette","twitter_card":"summary_large_image","twitter_creator":"@eldiario_net","twitter_site":"@eldiario_net","twitter_misc":{"Escrito por":"Jeanette","Tiempo de lectura":"4 minutos"},"schema":{"@context":"https:\/\/schema.org","@graph":[{"@type":"Article","@id":"https:\/\/www.eldiario.net\/portal\/2025\/07\/14\/chelsea-el-primer-rey-del-mundo\/#article","isPartOf":{"@id":"https:\/\/www.eldiario.net\/portal\/2025\/07\/14\/chelsea-el-primer-rey-del-mundo\/"},"author":{"name":"Jeanette","@id":"https:\/\/www.eldiario.net\/portal\/#\/schema\/person\/2c57cf2b7a7ae032e449e4c9b1019eac"},"headline":"Chelsea, el primer rey del Mundo","datePublished":"2025-07-14T11:30:19+00:00","mainEntityOfPage":{"@id":"https:\/\/www.eldiario.net\/portal\/2025\/07\/14\/chelsea-el-primer-rey-del-mundo\/"},"wordCount":722,"publisher":{"@id":"https:\/\/www.eldiario.net\/portal\/#organization"},"image":{"@id":"https:\/\/www.eldiario.net\/portal\/2025\/07\/14\/chelsea-el-primer-rey-del-mundo\/#primaryimage"},"thumbnailUrl":"https:\/\/www.eldiario.net\/portal\/wp-content\/uploads\/2025\/07\/Principal-4.webp","articleSection":["Deportes"],"inLanguage":"es"},{"@type":"WebPage","@id":"https:\/\/www.eldiario.net\/portal\/2025\/07\/14\/chelsea-el-primer-rey-del-mundo\/","url":"https:\/\/www.eldiario.net\/portal\/2025\/07\/14\/chelsea-el-primer-rey-del-mundo\/","name":"Chelsea, el primer rey del Mundo - El Diario - Bolivia","isPartOf":{"@id":"https:\/\/www.eldiario.net\/portal\/#website"},"primaryImageOfPage":{"@id":"https:\/\/www.eldiario.net\/portal\/2025\/07\/14\/chelsea-el-primer-rey-del-mundo\/#primaryimage"},"image":{"@id":"https:\/\/www.eldiario.net\/portal\/2025\/07\/14\/chelsea-el-primer-rey-del-mundo\/#primaryimage"},"thumbnailUrl":"https:\/\/www.eldiario.net\/portal\/wp-content\/uploads\/2025\/07\/Principal-4.webp","datePublished":"2025-07-14T11:30:19+00:00","breadcrumb":{"@id":"https:\/\/www.eldiario.net\/portal\/2025\/07\/14\/chelsea-el-primer-rey-del-mundo\/#breadcrumb"},"inLanguage":"es","potentialAction":[{"@type":"ReadAction","target":["https:\/\/www.eldiario.net\/portal\/2025\/07\/14\/chelsea-el-primer-rey-del-mundo\/"]}]},{"@type":"ImageObject","inLanguage":"es","@id":"https:\/\/www.eldiario.net\/portal\/2025\/07\/14\/chelsea-el-primer-rey-del-mundo\/#primaryimage","url":"https:\/\/www.eldiario.net\/portal\/wp-content\/uploads\/2025\/07\/Principal-4.webp","contentUrl":"https:\/\/www.eldiario.net\/portal\/wp-content\/uploads\/2025\/07\/Principal-4.webp","width":1200,"height":800},{"@type":"BreadcrumbList","@id":"https:\/\/www.eldiario.net\/portal\/2025\/07\/14\/chelsea-el-primer-rey-del-mundo\/#breadcrumb","itemListElement":[{"@type":"ListItem","position":1,"name":"Portada","item":"https:\/\/www.eldiario.net\/portal\/"},{"@type":"ListItem","position":2,"name":"Chelsea, el primer rey del Mundo"}]},{"@type":"WebSite","@id":"https:\/\/www.eldiario.net\/portal\/#website","url":"https:\/\/www.eldiario.net\/portal\/","name":"El Diario - Decano de la prensa nacional","description":"El Diario - Decano de la prensa nacional","publisher":{"@id":"https:\/\/www.eldiario.net\/portal\/#organization"},"potentialAction":[{"@type":"SearchAction","target":{"@type":"EntryPoint","urlTemplate":"https:\/\/www.eldiario.net\/portal\/?s={search_term_string}"},"query-input":{"@type":"PropertyValueSpecification","valueRequired":true,"valueName":"search_term_string"}}],"inLanguage":"es"},{"@type":"Organization","@id":"https:\/\/www.eldiario.net\/portal\/#organization","name":"El Diario - Decano de la prensa nacional","url":"https:\/\/www.eldiario.net\/portal\/","logo":{"@type":"ImageObject","inLanguage":"es","@id":"https:\/\/www.eldiario.net\/portal\/#\/schema\/logo\/image\/","url":"https:\/\/www.eldiario.net\/portal\/wp-content\/uploads\/2023\/07\/logo_ED.jpg","contentUrl":"https:\/\/www.eldiario.net\/portal\/wp-content\/uploads\/2023\/07\/logo_ED.jpg","width":272,"height":52,"caption":"El Diario - Decano de la prensa nacional"},"image":{"@id":"https:\/\/www.eldiario.net\/portal\/#\/schema\/logo\/image\/"},"sameAs":["https:\/\/www.facebook.com\/eldiario.bolivia\/","https:\/\/x.com\/eldiario_net"]},{"@type":"Person","@id":"https:\/\/www.eldiario.net\/portal\/#\/schema\/person\/2c57cf2b7a7ae032e449e4c9b1019eac","name":"Jeanette","image":{"@type":"ImageObject","inLanguage":"es","@id":"https:\/\/secure.gravatar.com\/avatar\/3ea2118a5f7dad2b7138b1187a6b7ee55f160b9968b66013c3a3ef39dd7e5798?s=96&d=mm&r=g","url":"https:\/\/secure.gravatar.com\/avatar\/3ea2118a5f7dad2b7138b1187a6b7ee55f160b9968b66013c3a3ef39dd7e5798?s=96&d=mm&r=g","contentUrl":"https:\/\/secure.gravatar.com\/avatar\/3ea2118a5f7dad2b7138b1187a6b7ee55f160b9968b66013c3a3ef39dd7e5798?s=96&d=mm&r=g","caption":"Jeanette"},"sameAs":["https:\/\/www.eldiario.net\/portal"],"url":"https:\/\/www.eldiario.net\/portal\/author\/jeanette\/"}]}},"_links":{"self":[{"href":"https:\/\/www.eldiario.net\/portal\/wp-json\/wp\/v2\/posts\/316725","targetHints":{"allow":["GET"]}}],"collection":[{"href":"https:\/\/www.eldiario.net\/portal\/wp-json\/wp\/v2\/posts"}],"about":[{"href":"https:\/\/www.eldiario.net\/portal\/wp-json\/wp\/v2\/types\/post"}],"author":[{"embeddable":true,"href":"https:\/\/www.eldiario.net\/portal\/wp-json\/wp\/v2\/users\/1"}],"replies":[{"embeddable":true,"href":"https:\/\/www.eldiario.net\/portal\/wp-json\/wp\/v2\/comments?post=316725"}],"version-history":[{"count":1,"href":"https:\/\/www.eldiario.net\/portal\/wp-json\/wp\/v2\/posts\/316725\/revisions"}],"predecessor-version":[{"id":316727,"href":"https:\/\/www.eldiario.net\/portal\/wp-json\/wp\/v2\/posts\/316725\/revisions\/316727"}],"wp:featuredmedia":[{"embeddable":true,"href":"https:\/\/www.eldiario.net\/portal\/wp-json\/wp\/v2\/media\/316726"}],"wp:attachment":[{"href":"https:\/\/www.eldiario.net\/portal\/wp-json\/wp\/v2\/media?parent=316725"}],"wp:term":[{"taxonomy":"category","embeddable":true,"href":"https:\/\/www.eldiario.net\/portal\/wp-json\/wp\/v2\/categories?post=316725"},{"taxonomy":"post_tag","embeddable":true,"href":"https:\/\/www.eldiario.net\/portal\/wp-json\/wp\/v2\/tags?post=316725"}],"curies":[{"name":"wp","href":"https:\/\/api.w.org\/{rel}","templated":true}]}}