{"id":316722,"date":"2025-07-14T07:29:39","date_gmt":"2025-07-14T11:29:39","guid":{"rendered":"https:\/\/www.eldiario.net\/portal\/?p=316722"},"modified":"2025-07-14T07:29:39","modified_gmt":"2025-07-14T11:29:39","slug":"irma-vila-conquista-de-nuevo-la-carrera-la-paz-10k","status":"publish","type":"post","link":"https:\/\/www.eldiario.net\/portal\/2025\/07\/14\/irma-vila-conquista-de-nuevo-la-carrera-la-paz-10k\/","title":{"rendered":"Irma Vila conquista de nuevo la carrera \u00abLa Paz 10K\u00bb"},"content":{"rendered":"<p>La atleta Irma Vila Sonco, de La Paz, fue la ganadora de la carrera pedestre La Paz 10K, denominada \u201cLa ciudad que corre\u201d, en la categor\u00eda Mayores, este domingo, repitiendo el triunfo obtenido el a\u00f1o pasado, demostrando resistencia y velocidad. Mientras, en la rama masculina, el pace\u00f1o Nelson Mamani Mamani logr\u00f3 su primera victoria en esta competencia organizada por Finish Line Sporting Events.<br \/>\nEn la tercera edici\u00f3n de esta carrera, que atraves\u00f3 por las principales calles y avenidas de la sede de Gobierno, Vila fue la primera dama en llegar a la meta, instalada en las afueras del estadio Hernando Siles, luego de 10 kil\u00f3metros de recorrido, comenzando en la avenida Camacho, con un desnivel positivo de 270 metros, aproximadamente. Vila hizo respetar su condici\u00f3n de favorita en esta carrera, que tuvo a 700 corredores, atravesando por la avenida Saavedra, conectando con la Villalobos, avenida Ren\u00e9 Zabaleta, de Los Leones, San Jorge, Arce, Federico Zuazo, Bueno y avenida Sim\u00f3n Bol\u00edvar. En el podio de premiaci\u00f3n, Vila estuvo escoltada por Aida Quispe Mamani y Claudia Jhovana Daza Calle.<br \/>\nEn la rama masculina, esta carrera pedestre tuvo nuevo campe\u00f3n \u2013anteriormente ganaron H\u00e9ctor Garibay y Eduardo Salamanca\u2013, con el desempe\u00f1o de Mamani, seguido de cerca por Gualberto Castro Gallegos, representante de Llallagua, y Juan Jos\u00e9 Alc\u00f3n Ram\u00f3n.<br \/>\nComo parte de la pol\u00edtica de fomentar la actividad deportiva y promover nuevos talentos, se habilit\u00f3 la categor\u00eda Juvenil, que tuvo como vencer a Cruz Mamani Ajhuana, entretanto, Jhon Gabriel Choque fue segundo y Alex Limachi tercero. En damas, Paola C\u00e1ceres Mendoza fue la n\u00famero uno, acompa\u00f1ada por Noelia Paniahua como segunda y \u00c1ngela Escobar Callisaya como segunda.<br \/>\nLa categor\u00eda Senior tuvo como vencedor a Oscar Huanca Condori, con Joaqu\u00edn Zabaleta Mamani como segundo y Juan Mamani Paco como tercero. Mientras, Aida Layme gan\u00f3 en damas, Ludmila Aguilar Quino fue segunda y Sara Andrea Pacheco cruz\u00f3 la meta como tercera. \u201cFue un bonito evento, se lograron los objetivos, la participaci\u00f3n de los corredores fue buena y hubo un buen nivel de los atletas\u201d, declar\u00f3 C\u00e9sar Condarco, organizador de esta carrera, que busca consolidar esta prueba pedestre, como la imagen del atletismo pace\u00f1o.<br \/>\nAl final, los dem\u00e1s participantes recibieron medallas finisher por su esfuerzo, afrontando un ascenso exigente. En la plaza del estadio se vivi\u00f3 una fiesta de confraternizaci\u00f3n.<\/p>\n","protected":false},"excerpt":{"rendered":"<p>La atleta Irma Vila Sonco, de La Paz, fue la ganadora de la carrera pedestre La Paz 10K, denominada \u201cLa ciudad que corre\u201d, en la categor\u00eda Mayores, este domingo, repitiendo el triunfo obtenido el a\u00f1o pasado, demostrando resistencia y velocidad. Mientras, en la rama masculina, el pace\u00f1o Nelson Mamani Mamani logr\u00f3 su primera victoria en [&hellip;]<\/p>\n","protected":false},"author":1,"featured_media":316723,"comment_status":"closed","ping_status":"open","sticky":false,"template":"","format":"standard","meta":{"_acf_changed":false,"footnotes":""},"categories":[6],"tags":[],"class_list":["post-316722","post","type-post","status-publish","format-standard","has-post-thumbnail","category-deportes"],"acf":{"antetitulo":""},"yoast_head":"<!-- This site is optimized with the Yoast SEO plugin v28.4 - https:\/\/yoast.com\/product\/yoast-seo-wordpress\/ -->\n<title>Irma Vila conquista de nuevo la carrera &quot;La Paz 10K&quot; - El Diario - Bolivia<\/title>\n<meta name=\"robots\" content=\"index, follow, max-snippet:-1, max-image-preview:large, max-video-preview:-1\" \/>\n<link rel=\"canonical\" href=\"https:\/\/www.eldiario.net\/portal\/2025\/07\/14\/irma-vila-conquista-de-nuevo-la-carrera-la-paz-10k\/\" \/>\n<meta property=\"og:locale\" content=\"es_ES\" \/>\n<meta property=\"og:type\" content=\"article\" \/>\n<meta property=\"og:title\" content=\"Irma Vila conquista de nuevo la carrera &quot;La Paz 10K&quot; - El Diario - Bolivia\" \/>\n<meta property=\"og:description\" content=\"La atleta Irma Vila Sonco, de La Paz, fue la ganadora de la carrera pedestre La Paz 10K, denominada \u201cLa ciudad que corre\u201d, en la categor\u00eda Mayores, este domingo, repitiendo el triunfo obtenido el a\u00f1o pasado, demostrando resistencia y velocidad. Mientras, en la rama masculina, el pace\u00f1o Nelson Mamani Mamani logr\u00f3 su primera victoria en [&hellip;]\" \/>\n<meta property=\"og:url\" content=\"https:\/\/www.eldiario.net\/portal\/2025\/07\/14\/irma-vila-conquista-de-nuevo-la-carrera-la-paz-10k\/\" \/>\n<meta property=\"og:site_name\" content=\"El Diario - Bolivia\" \/>\n<meta property=\"article:publisher\" content=\"https:\/\/www.facebook.com\/eldiario.bolivia\/\" \/>\n<meta property=\"article:published_time\" content=\"2025-07-14T11:29:39+00:00\" \/>\n<meta property=\"og:image\" content=\"https:\/\/www.eldiario.net\/portal\/wp-content\/uploads\/2025\/07\/Imagen-de-WhatsApp-2025-07-13-a-las-21.webp\" \/>\n\t<meta property=\"og:image:width\" content=\"1200\" \/>\n\t<meta property=\"og:image:height\" content=\"740\" \/>\n\t<meta property=\"og:image:type\" content=\"image\/webp\" \/>\n<meta name=\"author\" content=\"Jeanette\" \/>\n<meta name=\"twitter:card\" content=\"summary_large_image\" \/>\n<meta name=\"twitter:creator\" content=\"@eldiario_net\" \/>\n<meta name=\"twitter:site\" content=\"@eldiario_net\" \/>\n<meta name=\"twitter:label1\" content=\"Escrito por\" \/>\n\t<meta name=\"twitter:data1\" content=\"Jeanette\" \/>\n\t<meta name=\"twitter:label2\" content=\"Tiempo de lectura\" \/>\n\t<meta name=\"twitter:data2\" content=\"2 minutos\" \/>\n<script type=\"application\/ld+json\" class=\"yoast-schema-graph\">{\"@context\":\"https:\\\/\\\/schema.org\",\"@graph\":[{\"@type\":\"Article\",\"@id\":\"https:\\\/\\\/www.eldiario.net\\\/portal\\\/2025\\\/07\\\/14\\\/irma-vila-conquista-de-nuevo-la-carrera-la-paz-10k\\\/#article\",\"isPartOf\":{\"@id\":\"https:\\\/\\\/www.eldiario.net\\\/portal\\\/2025\\\/07\\\/14\\\/irma-vila-conquista-de-nuevo-la-carrera-la-paz-10k\\\/\"},\"author\":{\"name\":\"Jeanette\",\"@id\":\"https:\\\/\\\/www.eldiario.net\\\/portal\\\/#\\\/schema\\\/person\\\/2c57cf2b7a7ae032e449e4c9b1019eac\"},\"headline\":\"Irma Vila conquista de nuevo la carrera \u00abLa Paz 10K\u00bb\",\"datePublished\":\"2025-07-14T11:29:39+00:00\",\"mainEntityOfPage\":{\"@id\":\"https:\\\/\\\/www.eldiario.net\\\/portal\\\/2025\\\/07\\\/14\\\/irma-vila-conquista-de-nuevo-la-carrera-la-paz-10k\\\/\"},\"wordCount\":415,\"publisher\":{\"@id\":\"https:\\\/\\\/www.eldiario.net\\\/portal\\\/#organization\"},\"image\":{\"@id\":\"https:\\\/\\\/www.eldiario.net\\\/portal\\\/2025\\\/07\\\/14\\\/irma-vila-conquista-de-nuevo-la-carrera-la-paz-10k\\\/#primaryimage\"},\"thumbnailUrl\":\"https:\\\/\\\/www.eldiario.net\\\/portal\\\/wp-content\\\/uploads\\\/2025\\\/07\\\/Imagen-de-WhatsApp-2025-07-13-a-las-21.webp\",\"articleSection\":[\"Deportes\"],\"inLanguage\":\"es\"},{\"@type\":\"WebPage\",\"@id\":\"https:\\\/\\\/www.eldiario.net\\\/portal\\\/2025\\\/07\\\/14\\\/irma-vila-conquista-de-nuevo-la-carrera-la-paz-10k\\\/\",\"url\":\"https:\\\/\\\/www.eldiario.net\\\/portal\\\/2025\\\/07\\\/14\\\/irma-vila-conquista-de-nuevo-la-carrera-la-paz-10k\\\/\",\"name\":\"Irma Vila conquista de nuevo la carrera \\\"La Paz 10K\\\" - El Diario - Bolivia\",\"isPartOf\":{\"@id\":\"https:\\\/\\\/www.eldiario.net\\\/portal\\\/#website\"},\"primaryImageOfPage\":{\"@id\":\"https:\\\/\\\/www.eldiario.net\\\/portal\\\/2025\\\/07\\\/14\\\/irma-vila-conquista-de-nuevo-la-carrera-la-paz-10k\\\/#primaryimage\"},\"image\":{\"@id\":\"https:\\\/\\\/www.eldiario.net\\\/portal\\\/2025\\\/07\\\/14\\\/irma-vila-conquista-de-nuevo-la-carrera-la-paz-10k\\\/#primaryimage\"},\"thumbnailUrl\":\"https:\\\/\\\/www.eldiario.net\\\/portal\\\/wp-content\\\/uploads\\\/2025\\\/07\\\/Imagen-de-WhatsApp-2025-07-13-a-las-21.webp\",\"datePublished\":\"2025-07-14T11:29:39+00:00\",\"breadcrumb\":{\"@id\":\"https:\\\/\\\/www.eldiario.net\\\/portal\\\/2025\\\/07\\\/14\\\/irma-vila-conquista-de-nuevo-la-carrera-la-paz-10k\\\/#breadcrumb\"},\"inLanguage\":\"es\",\"potentialAction\":[{\"@type\":\"ReadAction\",\"target\":[\"https:\\\/\\\/www.eldiario.net\\\/portal\\\/2025\\\/07\\\/14\\\/irma-vila-conquista-de-nuevo-la-carrera-la-paz-10k\\\/\"]}]},{\"@type\":\"ImageObject\",\"inLanguage\":\"es\",\"@id\":\"https:\\\/\\\/www.eldiario.net\\\/portal\\\/2025\\\/07\\\/14\\\/irma-vila-conquista-de-nuevo-la-carrera-la-paz-10k\\\/#primaryimage\",\"url\":\"https:\\\/\\\/www.eldiario.net\\\/portal\\\/wp-content\\\/uploads\\\/2025\\\/07\\\/Imagen-de-WhatsApp-2025-07-13-a-las-21.webp\",\"contentUrl\":\"https:\\\/\\\/www.eldiario.net\\\/portal\\\/wp-content\\\/uploads\\\/2025\\\/07\\\/Imagen-de-WhatsApp-2025-07-13-a-las-21.webp\",\"width\":1200,\"height\":740},{\"@type\":\"BreadcrumbList\",\"@id\":\"https:\\\/\\\/www.eldiario.net\\\/portal\\\/2025\\\/07\\\/14\\\/irma-vila-conquista-de-nuevo-la-carrera-la-paz-10k\\\/#breadcrumb\",\"itemListElement\":[{\"@type\":\"ListItem\",\"position\":1,\"name\":\"Portada\",\"item\":\"https:\\\/\\\/www.eldiario.net\\\/portal\\\/\"},{\"@type\":\"ListItem\",\"position\":2,\"name\":\"Irma Vila conquista de nuevo la carrera \u00abLa Paz 10K\u00bb\"}]},{\"@type\":\"WebSite\",\"@id\":\"https:\\\/\\\/www.eldiario.net\\\/portal\\\/#website\",\"url\":\"https:\\\/\\\/www.eldiario.net\\\/portal\\\/\",\"name\":\"El Diario - Decano de la prensa nacional\",\"description\":\"El Diario - Decano de la prensa nacional\",\"publisher\":{\"@id\":\"https:\\\/\\\/www.eldiario.net\\\/portal\\\/#organization\"},\"potentialAction\":[{\"@type\":\"SearchAction\",\"target\":{\"@type\":\"EntryPoint\",\"urlTemplate\":\"https:\\\/\\\/www.eldiario.net\\\/portal\\\/?s={search_term_string}\"},\"query-input\":{\"@type\":\"PropertyValueSpecification\",\"valueRequired\":true,\"valueName\":\"search_term_string\"}}],\"inLanguage\":\"es\"},{\"@type\":\"Organization\",\"@id\":\"https:\\\/\\\/www.eldiario.net\\\/portal\\\/#organization\",\"name\":\"El Diario - Decano de la prensa nacional\",\"url\":\"https:\\\/\\\/www.eldiario.net\\\/portal\\\/\",\"logo\":{\"@type\":\"ImageObject\",\"inLanguage\":\"es\",\"@id\":\"https:\\\/\\\/www.eldiario.net\\\/portal\\\/#\\\/schema\\\/logo\\\/image\\\/\",\"url\":\"https:\\\/\\\/www.eldiario.net\\\/portal\\\/wp-content\\\/uploads\\\/2023\\\/07\\\/logo_ED.jpg\",\"contentUrl\":\"https:\\\/\\\/www.eldiario.net\\\/portal\\\/wp-content\\\/uploads\\\/2023\\\/07\\\/logo_ED.jpg\",\"width\":272,\"height\":52,\"caption\":\"El Diario - Decano de la prensa nacional\"},\"image\":{\"@id\":\"https:\\\/\\\/www.eldiario.net\\\/portal\\\/#\\\/schema\\\/logo\\\/image\\\/\"},\"sameAs\":[\"https:\\\/\\\/www.facebook.com\\\/eldiario.bolivia\\\/\",\"https:\\\/\\\/x.com\\\/eldiario_net\"]},{\"@type\":\"Person\",\"@id\":\"https:\\\/\\\/www.eldiario.net\\\/portal\\\/#\\\/schema\\\/person\\\/2c57cf2b7a7ae032e449e4c9b1019eac\",\"name\":\"Jeanette\",\"image\":{\"@type\":\"ImageObject\",\"inLanguage\":\"es\",\"@id\":\"https:\\\/\\\/secure.gravatar.com\\\/avatar\\\/3ea2118a5f7dad2b7138b1187a6b7ee55f160b9968b66013c3a3ef39dd7e5798?s=96&d=mm&r=g\",\"url\":\"https:\\\/\\\/secure.gravatar.com\\\/avatar\\\/3ea2118a5f7dad2b7138b1187a6b7ee55f160b9968b66013c3a3ef39dd7e5798?s=96&d=mm&r=g\",\"contentUrl\":\"https:\\\/\\\/secure.gravatar.com\\\/avatar\\\/3ea2118a5f7dad2b7138b1187a6b7ee55f160b9968b66013c3a3ef39dd7e5798?s=96&d=mm&r=g\",\"caption\":\"Jeanette\"},\"sameAs\":[\"https:\\\/\\\/www.eldiario.net\\\/portal\"],\"url\":\"https:\\\/\\\/www.eldiario.net\\\/portal\\\/author\\\/jeanette\\\/\"}]}<\/script>\n<!-- \/ Yoast SEO plugin. -->","yoast_head_json":{"title":"Irma Vila conquista de nuevo la carrera \"La Paz 10K\" - El Diario - Bolivia","robots":{"index":"index","follow":"follow","max-snippet":"max-snippet:-1","max-image-preview":"max-image-preview:large","max-video-preview":"max-video-preview:-1"},"canonical":"https:\/\/www.eldiario.net\/portal\/2025\/07\/14\/irma-vila-conquista-de-nuevo-la-carrera-la-paz-10k\/","og_locale":"es_ES","og_type":"article","og_title":"Irma Vila conquista de nuevo la carrera \"La Paz 10K\" - El Diario - Bolivia","og_description":"La atleta Irma Vila Sonco, de La Paz, fue la ganadora de la carrera pedestre La Paz 10K, denominada \u201cLa ciudad que corre\u201d, en la categor\u00eda Mayores, este domingo, repitiendo el triunfo obtenido el a\u00f1o pasado, demostrando resistencia y velocidad. Mientras, en la rama masculina, el pace\u00f1o Nelson Mamani Mamani logr\u00f3 su primera victoria en [&hellip;]","og_url":"https:\/\/www.eldiario.net\/portal\/2025\/07\/14\/irma-vila-conquista-de-nuevo-la-carrera-la-paz-10k\/","og_site_name":"El Diario - Bolivia","article_publisher":"https:\/\/www.facebook.com\/eldiario.bolivia\/","article_published_time":"2025-07-14T11:29:39+00:00","og_image":[{"width":1200,"height":740,"url":"https:\/\/www.eldiario.net\/portal\/wp-content\/uploads\/2025\/07\/Imagen-de-WhatsApp-2025-07-13-a-las-21.webp","type":"image\/webp"}],"author":"Jeanette","twitter_card":"summary_large_image","twitter_creator":"@eldiario_net","twitter_site":"@eldiario_net","twitter_misc":{"Escrito por":"Jeanette","Tiempo de lectura":"2 minutos"},"schema":{"@context":"https:\/\/schema.org","@graph":[{"@type":"Article","@id":"https:\/\/www.eldiario.net\/portal\/2025\/07\/14\/irma-vila-conquista-de-nuevo-la-carrera-la-paz-10k\/#article","isPartOf":{"@id":"https:\/\/www.eldiario.net\/portal\/2025\/07\/14\/irma-vila-conquista-de-nuevo-la-carrera-la-paz-10k\/"},"author":{"name":"Jeanette","@id":"https:\/\/www.eldiario.net\/portal\/#\/schema\/person\/2c57cf2b7a7ae032e449e4c9b1019eac"},"headline":"Irma Vila conquista de nuevo la carrera \u00abLa Paz 10K\u00bb","datePublished":"2025-07-14T11:29:39+00:00","mainEntityOfPage":{"@id":"https:\/\/www.eldiario.net\/portal\/2025\/07\/14\/irma-vila-conquista-de-nuevo-la-carrera-la-paz-10k\/"},"wordCount":415,"publisher":{"@id":"https:\/\/www.eldiario.net\/portal\/#organization"},"image":{"@id":"https:\/\/www.eldiario.net\/portal\/2025\/07\/14\/irma-vila-conquista-de-nuevo-la-carrera-la-paz-10k\/#primaryimage"},"thumbnailUrl":"https:\/\/www.eldiario.net\/portal\/wp-content\/uploads\/2025\/07\/Imagen-de-WhatsApp-2025-07-13-a-las-21.webp","articleSection":["Deportes"],"inLanguage":"es"},{"@type":"WebPage","@id":"https:\/\/www.eldiario.net\/portal\/2025\/07\/14\/irma-vila-conquista-de-nuevo-la-carrera-la-paz-10k\/","url":"https:\/\/www.eldiario.net\/portal\/2025\/07\/14\/irma-vila-conquista-de-nuevo-la-carrera-la-paz-10k\/","name":"Irma Vila conquista de nuevo la carrera \"La Paz 10K\" - El Diario - Bolivia","isPartOf":{"@id":"https:\/\/www.eldiario.net\/portal\/#website"},"primaryImageOfPage":{"@id":"https:\/\/www.eldiario.net\/portal\/2025\/07\/14\/irma-vila-conquista-de-nuevo-la-carrera-la-paz-10k\/#primaryimage"},"image":{"@id":"https:\/\/www.eldiario.net\/portal\/2025\/07\/14\/irma-vila-conquista-de-nuevo-la-carrera-la-paz-10k\/#primaryimage"},"thumbnailUrl":"https:\/\/www.eldiario.net\/portal\/wp-content\/uploads\/2025\/07\/Imagen-de-WhatsApp-2025-07-13-a-las-21.webp","datePublished":"2025-07-14T11:29:39+00:00","breadcrumb":{"@id":"https:\/\/www.eldiario.net\/portal\/2025\/07\/14\/irma-vila-conquista-de-nuevo-la-carrera-la-paz-10k\/#breadcrumb"},"inLanguage":"es","potentialAction":[{"@type":"ReadAction","target":["https:\/\/www.eldiario.net\/portal\/2025\/07\/14\/irma-vila-conquista-de-nuevo-la-carrera-la-paz-10k\/"]}]},{"@type":"ImageObject","inLanguage":"es","@id":"https:\/\/www.eldiario.net\/portal\/2025\/07\/14\/irma-vila-conquista-de-nuevo-la-carrera-la-paz-10k\/#primaryimage","url":"https:\/\/www.eldiario.net\/portal\/wp-content\/uploads\/2025\/07\/Imagen-de-WhatsApp-2025-07-13-a-las-21.webp","contentUrl":"https:\/\/www.eldiario.net\/portal\/wp-content\/uploads\/2025\/07\/Imagen-de-WhatsApp-2025-07-13-a-las-21.webp","width":1200,"height":740},{"@type":"BreadcrumbList","@id":"https:\/\/www.eldiario.net\/portal\/2025\/07\/14\/irma-vila-conquista-de-nuevo-la-carrera-la-paz-10k\/#breadcrumb","itemListElement":[{"@type":"ListItem","position":1,"name":"Portada","item":"https:\/\/www.eldiario.net\/portal\/"},{"@type":"ListItem","position":2,"name":"Irma Vila conquista de nuevo la carrera \u00abLa Paz 10K\u00bb"}]},{"@type":"WebSite","@id":"https:\/\/www.eldiario.net\/portal\/#website","url":"https:\/\/www.eldiario.net\/portal\/","name":"El Diario - Decano de la prensa nacional","description":"El Diario - Decano de la prensa nacional","publisher":{"@id":"https:\/\/www.eldiario.net\/portal\/#organization"},"potentialAction":[{"@type":"SearchAction","target":{"@type":"EntryPoint","urlTemplate":"https:\/\/www.eldiario.net\/portal\/?s={search_term_string}"},"query-input":{"@type":"PropertyValueSpecification","valueRequired":true,"valueName":"search_term_string"}}],"inLanguage":"es"},{"@type":"Organization","@id":"https:\/\/www.eldiario.net\/portal\/#organization","name":"El Diario - Decano de la prensa nacional","url":"https:\/\/www.eldiario.net\/portal\/","logo":{"@type":"ImageObject","inLanguage":"es","@id":"https:\/\/www.eldiario.net\/portal\/#\/schema\/logo\/image\/","url":"https:\/\/www.eldiario.net\/portal\/wp-content\/uploads\/2023\/07\/logo_ED.jpg","contentUrl":"https:\/\/www.eldiario.net\/portal\/wp-content\/uploads\/2023\/07\/logo_ED.jpg","width":272,"height":52,"caption":"El Diario - Decano de la prensa nacional"},"image":{"@id":"https:\/\/www.eldiario.net\/portal\/#\/schema\/logo\/image\/"},"sameAs":["https:\/\/www.facebook.com\/eldiario.bolivia\/","https:\/\/x.com\/eldiario_net"]},{"@type":"Person","@id":"https:\/\/www.eldiario.net\/portal\/#\/schema\/person\/2c57cf2b7a7ae032e449e4c9b1019eac","name":"Jeanette","image":{"@type":"ImageObject","inLanguage":"es","@id":"https:\/\/secure.gravatar.com\/avatar\/3ea2118a5f7dad2b7138b1187a6b7ee55f160b9968b66013c3a3ef39dd7e5798?s=96&d=mm&r=g","url":"https:\/\/secure.gravatar.com\/avatar\/3ea2118a5f7dad2b7138b1187a6b7ee55f160b9968b66013c3a3ef39dd7e5798?s=96&d=mm&r=g","contentUrl":"https:\/\/secure.gravatar.com\/avatar\/3ea2118a5f7dad2b7138b1187a6b7ee55f160b9968b66013c3a3ef39dd7e5798?s=96&d=mm&r=g","caption":"Jeanette"},"sameAs":["https:\/\/www.eldiario.net\/portal"],"url":"https:\/\/www.eldiario.net\/portal\/author\/jeanette\/"}]}},"_links":{"self":[{"href":"https:\/\/www.eldiario.net\/portal\/wp-json\/wp\/v2\/posts\/316722","targetHints":{"allow":["GET"]}}],"collection":[{"href":"https:\/\/www.eldiario.net\/portal\/wp-json\/wp\/v2\/posts"}],"about":[{"href":"https:\/\/www.eldiario.net\/portal\/wp-json\/wp\/v2\/types\/post"}],"author":[{"embeddable":true,"href":"https:\/\/www.eldiario.net\/portal\/wp-json\/wp\/v2\/users\/1"}],"replies":[{"embeddable":true,"href":"https:\/\/www.eldiario.net\/portal\/wp-json\/wp\/v2\/comments?post=316722"}],"version-history":[{"count":1,"href":"https:\/\/www.eldiario.net\/portal\/wp-json\/wp\/v2\/posts\/316722\/revisions"}],"predecessor-version":[{"id":316724,"href":"https:\/\/www.eldiario.net\/portal\/wp-json\/wp\/v2\/posts\/316722\/revisions\/316724"}],"wp:featuredmedia":[{"embeddable":true,"href":"https:\/\/www.eldiario.net\/portal\/wp-json\/wp\/v2\/media\/316723"}],"wp:attachment":[{"href":"https:\/\/www.eldiario.net\/portal\/wp-json\/wp\/v2\/media?parent=316722"}],"wp:term":[{"taxonomy":"category","embeddable":true,"href":"https:\/\/www.eldiario.net\/portal\/wp-json\/wp\/v2\/categories?post=316722"},{"taxonomy":"post_tag","embeddable":true,"href":"https:\/\/www.eldiario.net\/portal\/wp-json\/wp\/v2\/tags?post=316722"}],"curies":[{"name":"wp","href":"https:\/\/api.w.org\/{rel}","templated":true}]}}