{"id":316276,"date":"2025-07-12T07:55:38","date_gmt":"2025-07-12T11:55:38","guid":{"rendered":"https:\/\/www.eldiario.net\/portal\/?p=316276"},"modified":"2025-07-12T07:55:38","modified_gmt":"2025-07-12T11:55:38","slug":"carla-ortiz-protagoniza-la-primera-comedia-romantica-navidena-boliviana","status":"publish","type":"post","link":"https:\/\/www.eldiario.net\/portal\/2025\/07\/12\/carla-ortiz-protagoniza-la-primera-comedia-romantica-navidena-boliviana\/","title":{"rendered":"Carla Ortiz protagoniza la primera  comedia rom\u00e1ntica navide\u00f1a boliviana"},"content":{"rendered":"<p>La reconocida actriz Carla Ortiz protagoniza y produce la primera comedia rom\u00e1ntica navide\u00f1a boliviana, acompa\u00f1ada por un elenco de lujo, integrado por actores de exitosas series de Netflix y Amazon Prime.<\/p>\n<p>Este ambicioso proyecto cuenta con un elenco internacional de primer nivel. La cinta re\u00fane a:<\/p>\n<ul>\n<li>Jes\u00fas Castro (Espa\u00f1a), gal\u00e1n de la exitosa serie <em>Diario de un Gigol\u00f3<\/em> y de la taquillera pel\u00edcula <em>El Ni\u00f1o<\/em>.<\/li>\n<li>Daniela Ram\u00edrez (Chile), aclamada por su papel protag\u00f3nico como Isabel Allende en la serie <em>Isabel<\/em>.<\/li>\n<li>Nico Ponce (Per\u00fa), muy querido por el p\u00fablico latinoamericano gracias a su rol en <em>Contigo Capit\u00e1n<\/em>.<\/li>\n<li>Mario Cortijo (Per\u00fa), reconocido por su destacada actuaci\u00f3n en <em>Tu nombre y el m\u00edo<\/em>.<\/li>\n<\/ul>\n<p>Y la propia Carla Ortiz, como Alma, el alma de esta historia profundamente boliviana.<\/p>\n<p>La cinta, producida por Flor de Loto Productions, celebra el amor, la esperanza y la magia navide\u00f1a.<\/p>\n<p>Se trata de una historia llena de encanto, segundas oportunidades y corazones entrelazados en medio de las luces y tradiciones de la Navidad, acompa\u00f1ada por un elenco boliviano de grandes talentos art\u00edsticos y un equipo de producci\u00f3n nacional comprometido con el cine de calidad.<\/p>\n<p>Ambientada en La Paz, Bolivia, esta entra\u00f1able pel\u00edcula ofrece no solo una historia emotiva y divertida, sino tambi\u00e9n una ventana al esp\u00edritu c\u00e1lido y vibrante de una ciudad que se convierte en un personaje m\u00e1s dentro del relato.<\/p>\n<p><em>Un Milagro de Navidad<\/em> promete conquistar al p\u00fablico con su mezcla de romance, humor y emoci\u00f3n, reafirmando que, en la \u00e9poca m\u00e1s m\u00e1gica del a\u00f1o, los milagros s\u00ed pueden suceder\u2026 y el amor puede estar m\u00e1s cerca de lo que imaginamos.<\/p>\n<p>La pel\u00edcula se perfila as\u00ed como uno de los estrenos m\u00e1s esperados de la pr\u00f3xima temporada navide\u00f1a.<\/p>\n<p><strong>SINOPSIS<\/strong><\/p>\n<p>Un milagro de Navidad en La Paz. Cuando pasa un \u00e1ngel s\u00f3lo se escucha el coraz\u00f3n.<\/p>\n<p>En La Paz, Bolivia, un \u00e1ngel travieso y la magia de la Navidad, unen los destinos de Lucas, un empresario fr\u00edo, y Alma, una apasionada ingeniera ambiental. A contrarreloj, deber\u00e1n redescubrir el amor, la fe y el verdadero significado de hogar antes de que la Navidad transforme sus vidas para siempre.<\/p>\n<p>Producci\u00f3n: Carla Ortiz.<\/p>\n<p>Guion: Juan Pablo Pi\u00f1eiro<\/p>\n<p>90 minutos comedia rom\u00e1ntica.<\/p>\n\r\n                <style type=\"text\/css\">\r\n                    \r\n                    #tdi_1  .td-doubleSlider-2 .td-item1 {\r\n                        background: url(https:\/\/www.eldiario.net\/portal\/wp-content\/uploads\/2025\/07\/1-PRINCIPAL-5-80x60.webp) 0 0 no-repeat;\r\n                    }\r\n                    #tdi_1  .td-doubleSlider-2 .td-item2 {\r\n                        background: url(https:\/\/www.eldiario.net\/portal\/wp-content\/uploads\/2025\/07\/2-carla-80x60.webp) 0 0 no-repeat;\r\n                    }\r\n                    #tdi_1  .td-doubleSlider-2 .td-item3 {\r\n                        background: url(https:\/\/www.eldiario.net\/portal\/wp-content\/uploads\/2025\/07\/3-carla-80x60.webp) 0 0 no-repeat;\r\n                    }\r\n                    #tdi_1  .td-doubleSlider-2 .td-item4 {\r\n                        background: url(https:\/\/www.eldiario.net\/portal\/wp-content\/uploads\/2025\/07\/4-carla-80x60.webp) 0 0 no-repeat;\r\n                    }\r\n                    #tdi_1  .td-doubleSlider-2 .td-item5 {\r\n                        background: url(https:\/\/www.eldiario.net\/portal\/wp-content\/uploads\/2025\/07\/5-carla-80x60.webp) 0 0 no-repeat;\r\n                    }\r\n                <\/style>\r\n\r\n                <div id=\"tdi_1\" class=\"td-gallery td-slide-on-2-columns\">\r\n                    <div class=\"post_td_gallery\">\r\n                        <div class=\"td-gallery-slide-top\">\r\n                           <div class=\"td-gallery-title\"><\/div>\r\n\r\n                            <div class=\"td-gallery-controls-wrapper\">\r\n                                <div class=\"td-gallery-slide-count\"><span class=\"td-gallery-slide-item-focus\">1<\/span> de 5<\/div>\r\n                                <div class=\"td-gallery-slide-prev-next-but\">\r\n                                    <i class = \"td-icon-left doubleSliderPrevButton\"><\/i>\r\n                                    <i class = \"td-icon-right doubleSliderNextButton\"><\/i>\r\n                                <\/div>\r\n                            <\/div>\r\n                        <\/div>\r\n\r\n                        <div class = \"td-doubleSlider-1 \">\r\n                            <div class = \"td-slider\">\r\n                                \r\n                    <div class = \"td-slide-item td-item1\">\r\n                        <figure class=\"td-slide-galery-figure td-slide-popup-gallery\">\r\n                            <a class=\"slide-gallery-image-link\" href=\"https:\/\/www.eldiario.net\/portal\/wp-content\/uploads\/2025\/07\/1-PRINCIPAL-5.webp\" title=\"1--PRINCIPAL\"  data-caption=\"\"  data-description=\"\">\r\n                                <img decoding=\"async\" src=\"https:\/\/www.eldiario.net\/portal\/wp-content\/uploads\/2025\/07\/1-PRINCIPAL-5-512x420.webp\" srcset=\"https:\/\/www.eldiario.net\/portal\/wp-content\/uploads\/2025\/07\/1-PRINCIPAL-5-512x420.webp 512w, https:\/\/www.eldiario.net\/portal\/wp-content\/uploads\/2025\/07\/1-PRINCIPAL-5-300x246.webp 300w, https:\/\/www.eldiario.net\/portal\/wp-content\/uploads\/2025\/07\/1-PRINCIPAL-5-1024x840.webp 1024w, https:\/\/www.eldiario.net\/portal\/wp-content\/uploads\/2025\/07\/1-PRINCIPAL-5-768x630.webp 768w, https:\/\/www.eldiario.net\/portal\/wp-content\/uploads\/2025\/07\/1-PRINCIPAL-5-1536x1260.webp 1536w, https:\/\/www.eldiario.net\/portal\/wp-content\/uploads\/2025\/07\/1-PRINCIPAL-5-2048x1680.webp 2048w, https:\/\/www.eldiario.net\/portal\/wp-content\/uploads\/2025\/07\/1-PRINCIPAL-5-696x571.webp 696w, https:\/\/www.eldiario.net\/portal\/wp-content\/uploads\/2025\/07\/1-PRINCIPAL-5-1068x876.webp 1068w, https:\/\/www.eldiario.net\/portal\/wp-content\/uploads\/2025\/07\/1-PRINCIPAL-5-1920x1575.webp 1920w\" sizes=\"(max-width: 512px) 100vw, 512px\" alt=\"\">\r\n                            <\/a>\r\n                            \r\n                        <\/figure>\r\n                    <\/div>\r\n                    <div class = \"td-slide-item td-item2\">\r\n                        <figure class=\"td-slide-galery-figure td-slide-popup-gallery\">\r\n                            <a class=\"slide-gallery-image-link\" href=\"https:\/\/www.eldiario.net\/portal\/wp-content\/uploads\/2025\/07\/2-carla.webp\" title=\"2-carla\"  data-caption=\"\"  data-description=\"\">\r\n                                <img decoding=\"async\" src=\"https:\/\/www.eldiario.net\/portal\/wp-content\/uploads\/2025\/07\/2-carla-286x420.webp\" srcset=\"https:\/\/www.eldiario.net\/portal\/wp-content\/uploads\/2025\/07\/2-carla-286x420.webp 286w, https:\/\/www.eldiario.net\/portal\/wp-content\/uploads\/2025\/07\/2-carla-204x300.webp 204w, https:\/\/www.eldiario.net\/portal\/wp-content\/uploads\/2025\/07\/2-carla-698x1024.webp 698w, https:\/\/www.eldiario.net\/portal\/wp-content\/uploads\/2025\/07\/2-carla-768x1127.webp 768w, https:\/\/www.eldiario.net\/portal\/wp-content\/uploads\/2025\/07\/2-carla-1046x1536.webp 1046w, https:\/\/www.eldiario.net\/portal\/wp-content\/uploads\/2025\/07\/2-carla-1395x2048.webp 1395w, https:\/\/www.eldiario.net\/portal\/wp-content\/uploads\/2025\/07\/2-carla-696x1022.webp 696w, https:\/\/www.eldiario.net\/portal\/wp-content\/uploads\/2025\/07\/2-carla-1068x1568.webp 1068w, https:\/\/www.eldiario.net\/portal\/wp-content\/uploads\/2025\/07\/2-carla.webp 1620w\" sizes=\"(max-width: 286px) 100vw, 286px\" alt=\"\">\r\n                            <\/a>\r\n                            \r\n                        <\/figure>\r\n                    <\/div>\r\n                    <div class = \"td-slide-item td-item3\">\r\n                        <figure class=\"td-slide-galery-figure td-slide-popup-gallery\">\r\n                            <a class=\"slide-gallery-image-link\" href=\"https:\/\/www.eldiario.net\/portal\/wp-content\/uploads\/2025\/07\/3-carla-scaled.webp\" title=\"3-carla\"  data-caption=\"\"  data-description=\"\">\r\n                                <img decoding=\"async\" src=\"https:\/\/www.eldiario.net\/portal\/wp-content\/uploads\/2025\/07\/3-carla-236x420.webp\" srcset=\"https:\/\/www.eldiario.net\/portal\/wp-content\/uploads\/2025\/07\/3-carla-236x420.webp 236w, https:\/\/www.eldiario.net\/portal\/wp-content\/uploads\/2025\/07\/3-carla-169x300.webp 169w, https:\/\/www.eldiario.net\/portal\/wp-content\/uploads\/2025\/07\/3-carla-576x1024.webp 576w, https:\/\/www.eldiario.net\/portal\/wp-content\/uploads\/2025\/07\/3-carla-768x1365.webp 768w, https:\/\/www.eldiario.net\/portal\/wp-content\/uploads\/2025\/07\/3-carla-864x1536.webp 864w, https:\/\/www.eldiario.net\/portal\/wp-content\/uploads\/2025\/07\/3-carla-1152x2048.webp 1152w, https:\/\/www.eldiario.net\/portal\/wp-content\/uploads\/2025\/07\/3-carla-696x1237.webp 696w, https:\/\/www.eldiario.net\/portal\/wp-content\/uploads\/2025\/07\/3-carla-1068x1899.webp 1068w, https:\/\/www.eldiario.net\/portal\/wp-content\/uploads\/2025\/07\/3-carla-scaled.webp 1440w\" sizes=\"(max-width: 236px) 100vw, 236px\" alt=\"\">\r\n                            <\/a>\r\n                            \r\n                        <\/figure>\r\n                    <\/div>\r\n                    <div class = \"td-slide-item td-item4\">\r\n                        <figure class=\"td-slide-galery-figure td-slide-popup-gallery\">\r\n                            <a class=\"slide-gallery-image-link\" href=\"https:\/\/www.eldiario.net\/portal\/wp-content\/uploads\/2025\/07\/4-carla-scaled.webp\" title=\"4-carla\"  data-caption=\"\"  data-description=\"\">\r\n                                <img decoding=\"async\" src=\"https:\/\/www.eldiario.net\/portal\/wp-content\/uploads\/2025\/07\/4-carla-236x420.webp\" srcset=\"https:\/\/www.eldiario.net\/portal\/wp-content\/uploads\/2025\/07\/4-carla-236x420.webp 236w, https:\/\/www.eldiario.net\/portal\/wp-content\/uploads\/2025\/07\/4-carla-169x300.webp 169w, https:\/\/www.eldiario.net\/portal\/wp-content\/uploads\/2025\/07\/4-carla-576x1024.webp 576w, https:\/\/www.eldiario.net\/portal\/wp-content\/uploads\/2025\/07\/4-carla-768x1365.webp 768w, https:\/\/www.eldiario.net\/portal\/wp-content\/uploads\/2025\/07\/4-carla-864x1536.webp 864w, https:\/\/www.eldiario.net\/portal\/wp-content\/uploads\/2025\/07\/4-carla-1152x2048.webp 1152w, https:\/\/www.eldiario.net\/portal\/wp-content\/uploads\/2025\/07\/4-carla-696x1237.webp 696w, https:\/\/www.eldiario.net\/portal\/wp-content\/uploads\/2025\/07\/4-carla-1068x1899.webp 1068w, https:\/\/www.eldiario.net\/portal\/wp-content\/uploads\/2025\/07\/4-carla-scaled.webp 1440w\" sizes=\"(max-width: 236px) 100vw, 236px\" alt=\"\">\r\n                            <\/a>\r\n                            \r\n                        <\/figure>\r\n                    <\/div>\r\n                    <div class = \"td-slide-item td-item5\">\r\n                        <figure class=\"td-slide-galery-figure td-slide-popup-gallery\">\r\n                            <a class=\"slide-gallery-image-link\" href=\"https:\/\/www.eldiario.net\/portal\/wp-content\/uploads\/2025\/07\/5-carla.webp\" title=\"5-carla\"  data-caption=\"\"  data-description=\"\">\r\n                                <img decoding=\"async\" src=\"https:\/\/www.eldiario.net\/portal\/wp-content\/uploads\/2025\/07\/5-carla-333x420.webp\" srcset=\"https:\/\/www.eldiario.net\/portal\/wp-content\/uploads\/2025\/07\/5-carla-333x420.webp 333w, https:\/\/www.eldiario.net\/portal\/wp-content\/uploads\/2025\/07\/5-carla-238x300.webp 238w, https:\/\/www.eldiario.net\/portal\/wp-content\/uploads\/2025\/07\/5-carla-813x1024.webp 813w, https:\/\/www.eldiario.net\/portal\/wp-content\/uploads\/2025\/07\/5-carla-768x968.webp 768w, https:\/\/www.eldiario.net\/portal\/wp-content\/uploads\/2025\/07\/5-carla-1219x1536.webp 1219w, https:\/\/www.eldiario.net\/portal\/wp-content\/uploads\/2025\/07\/5-carla-696x877.webp 696w, https:\/\/www.eldiario.net\/portal\/wp-content\/uploads\/2025\/07\/5-carla-1068x1346.webp 1068w, https:\/\/www.eldiario.net\/portal\/wp-content\/uploads\/2025\/07\/5-carla.webp 1620w\" sizes=\"(max-width: 333px) 100vw, 333px\" alt=\"\">\r\n                            <\/a>\r\n                            \r\n                        <\/figure>\r\n                    <\/div>\r\n                            <\/div>\r\n                        <\/div>\r\n\r\n                        <div class = \"td-doubleSlider-2\">\r\n                            <div class = \"td-slider\">\r\n                                \r\n                    <div class = \"td-button td-item1\">\r\n                        <div class = \"td-border\"><\/div>\r\n                    <\/div>\r\n                    <div class = \"td-button td-item2\">\r\n                        <div class = \"td-border\"><\/div>\r\n                    <\/div>\r\n                    <div class = \"td-button td-item3\">\r\n                        <div class = \"td-border\"><\/div>\r\n                    <\/div>\r\n                    <div class = \"td-button td-item4\">\r\n                        <div class = \"td-border\"><\/div>\r\n                    <\/div>\r\n                    <div class = \"td-button td-item5\">\r\n                        <div class = \"td-border\"><\/div>\r\n                    <\/div>\r\n                            <\/div>\r\n                        <\/div>\r\n\r\n                    <\/div>\r\n\r\n                <\/div>\r\n                \n","protected":false},"excerpt":{"rendered":"<p>La reconocida actriz Carla Ortiz protagoniza y produce la primera comedia rom\u00e1ntica navide\u00f1a boliviana, acompa\u00f1ada por un elenco de lujo, integrado por actores de exitosas series de Netflix y Amazon Prime. Este ambicioso proyecto cuenta con un elenco internacional de primer nivel. La cinta re\u00fane a: Jes\u00fas Castro (Espa\u00f1a), gal\u00e1n de la exitosa serie Diario [&hellip;]<\/p>\n","protected":false},"author":1,"featured_media":316277,"comment_status":"closed","ping_status":"open","sticky":false,"template":"","format":"standard","meta":{"_acf_changed":false,"footnotes":""},"categories":[41],"tags":[],"class_list":["post-316276","post","type-post","status-publish","format-standard","has-post-thumbnail","category-la-guia"],"acf":{"antetitulo":""},"yoast_head":"<!-- This site is optimized with the Yoast SEO plugin v28.4 - https:\/\/yoast.com\/product\/yoast-seo-wordpress\/ -->\n<title>Carla Ortiz protagoniza la primera comedia rom\u00e1ntica navide\u00f1a boliviana - El Diario - Bolivia<\/title>\n<meta name=\"robots\" content=\"index, follow, max-snippet:-1, max-image-preview:large, max-video-preview:-1\" \/>\n<link rel=\"canonical\" href=\"https:\/\/www.eldiario.net\/portal\/2025\/07\/12\/carla-ortiz-protagoniza-la-primera-comedia-romantica-navidena-boliviana\/\" \/>\n<meta property=\"og:locale\" content=\"es_ES\" \/>\n<meta property=\"og:type\" content=\"article\" \/>\n<meta property=\"og:title\" content=\"Carla Ortiz protagoniza la primera comedia rom\u00e1ntica navide\u00f1a boliviana - El Diario - Bolivia\" \/>\n<meta property=\"og:description\" content=\"La reconocida actriz Carla Ortiz protagoniza y produce la primera comedia rom\u00e1ntica navide\u00f1a boliviana, acompa\u00f1ada por un elenco de lujo, integrado por actores de exitosas series de Netflix y Amazon Prime. Este ambicioso proyecto cuenta con un elenco internacional de primer nivel. La cinta re\u00fane a: Jes\u00fas Castro (Espa\u00f1a), gal\u00e1n de la exitosa serie Diario [&hellip;]\" \/>\n<meta property=\"og:url\" content=\"https:\/\/www.eldiario.net\/portal\/2025\/07\/12\/carla-ortiz-protagoniza-la-primera-comedia-romantica-navidena-boliviana\/\" \/>\n<meta property=\"og:site_name\" content=\"El Diario - Bolivia\" \/>\n<meta property=\"article:publisher\" content=\"https:\/\/www.facebook.com\/eldiario.bolivia\/\" \/>\n<meta property=\"article:published_time\" content=\"2025-07-12T11:55:38+00:00\" \/>\n<meta property=\"og:image\" content=\"https:\/\/www.eldiario.net\/portal\/wp-content\/uploads\/2025\/07\/1-PRINCIPAL-5.webp\" \/>\n\t<meta property=\"og:image:width\" content=\"2132\" \/>\n\t<meta property=\"og:image:height\" content=\"1749\" \/>\n\t<meta property=\"og:image:type\" content=\"image\/webp\" \/>\n<meta name=\"author\" content=\"Jeanette\" \/>\n<meta name=\"twitter:card\" content=\"summary_large_image\" \/>\n<meta name=\"twitter:creator\" content=\"@eldiario_net\" \/>\n<meta name=\"twitter:site\" content=\"@eldiario_net\" \/>\n<meta name=\"twitter:label1\" content=\"Escrito por\" \/>\n\t<meta name=\"twitter:data1\" content=\"Jeanette\" \/>\n\t<meta name=\"twitter:label2\" content=\"Tiempo de lectura\" \/>\n\t<meta name=\"twitter:data2\" content=\"2 minutos\" \/>\n<script type=\"application\/ld+json\" class=\"yoast-schema-graph\">{\"@context\":\"https:\\\/\\\/schema.org\",\"@graph\":[{\"@type\":\"Article\",\"@id\":\"https:\\\/\\\/www.eldiario.net\\\/portal\\\/2025\\\/07\\\/12\\\/carla-ortiz-protagoniza-la-primera-comedia-romantica-navidena-boliviana\\\/#article\",\"isPartOf\":{\"@id\":\"https:\\\/\\\/www.eldiario.net\\\/portal\\\/2025\\\/07\\\/12\\\/carla-ortiz-protagoniza-la-primera-comedia-romantica-navidena-boliviana\\\/\"},\"author\":{\"name\":\"Jeanette\",\"@id\":\"https:\\\/\\\/www.eldiario.net\\\/portal\\\/#\\\/schema\\\/person\\\/2c57cf2b7a7ae032e449e4c9b1019eac\"},\"headline\":\"Carla Ortiz protagoniza la primera comedia rom\u00e1ntica navide\u00f1a boliviana\",\"datePublished\":\"2025-07-12T11:55:38+00:00\",\"mainEntityOfPage\":{\"@id\":\"https:\\\/\\\/www.eldiario.net\\\/portal\\\/2025\\\/07\\\/12\\\/carla-ortiz-protagoniza-la-primera-comedia-romantica-navidena-boliviana\\\/\"},\"wordCount\":421,\"publisher\":{\"@id\":\"https:\\\/\\\/www.eldiario.net\\\/portal\\\/#organization\"},\"image\":{\"@id\":\"https:\\\/\\\/www.eldiario.net\\\/portal\\\/2025\\\/07\\\/12\\\/carla-ortiz-protagoniza-la-primera-comedia-romantica-navidena-boliviana\\\/#primaryimage\"},\"thumbnailUrl\":\"https:\\\/\\\/www.eldiario.net\\\/portal\\\/wp-content\\\/uploads\\\/2025\\\/07\\\/1-PRINCIPAL-5.webp\",\"articleSection\":[\"La Gu\u00eda\"],\"inLanguage\":\"es\"},{\"@type\":\"WebPage\",\"@id\":\"https:\\\/\\\/www.eldiario.net\\\/portal\\\/2025\\\/07\\\/12\\\/carla-ortiz-protagoniza-la-primera-comedia-romantica-navidena-boliviana\\\/\",\"url\":\"https:\\\/\\\/www.eldiario.net\\\/portal\\\/2025\\\/07\\\/12\\\/carla-ortiz-protagoniza-la-primera-comedia-romantica-navidena-boliviana\\\/\",\"name\":\"Carla Ortiz protagoniza la primera comedia rom\u00e1ntica navide\u00f1a boliviana - El Diario - Bolivia\",\"isPartOf\":{\"@id\":\"https:\\\/\\\/www.eldiario.net\\\/portal\\\/#website\"},\"primaryImageOfPage\":{\"@id\":\"https:\\\/\\\/www.eldiario.net\\\/portal\\\/2025\\\/07\\\/12\\\/carla-ortiz-protagoniza-la-primera-comedia-romantica-navidena-boliviana\\\/#primaryimage\"},\"image\":{\"@id\":\"https:\\\/\\\/www.eldiario.net\\\/portal\\\/2025\\\/07\\\/12\\\/carla-ortiz-protagoniza-la-primera-comedia-romantica-navidena-boliviana\\\/#primaryimage\"},\"thumbnailUrl\":\"https:\\\/\\\/www.eldiario.net\\\/portal\\\/wp-content\\\/uploads\\\/2025\\\/07\\\/1-PRINCIPAL-5.webp\",\"datePublished\":\"2025-07-12T11:55:38+00:00\",\"breadcrumb\":{\"@id\":\"https:\\\/\\\/www.eldiario.net\\\/portal\\\/2025\\\/07\\\/12\\\/carla-ortiz-protagoniza-la-primera-comedia-romantica-navidena-boliviana\\\/#breadcrumb\"},\"inLanguage\":\"es\",\"potentialAction\":[{\"@type\":\"ReadAction\",\"target\":[\"https:\\\/\\\/www.eldiario.net\\\/portal\\\/2025\\\/07\\\/12\\\/carla-ortiz-protagoniza-la-primera-comedia-romantica-navidena-boliviana\\\/\"]}]},{\"@type\":\"ImageObject\",\"inLanguage\":\"es\",\"@id\":\"https:\\\/\\\/www.eldiario.net\\\/portal\\\/2025\\\/07\\\/12\\\/carla-ortiz-protagoniza-la-primera-comedia-romantica-navidena-boliviana\\\/#primaryimage\",\"url\":\"https:\\\/\\\/www.eldiario.net\\\/portal\\\/wp-content\\\/uploads\\\/2025\\\/07\\\/1-PRINCIPAL-5.webp\",\"contentUrl\":\"https:\\\/\\\/www.eldiario.net\\\/portal\\\/wp-content\\\/uploads\\\/2025\\\/07\\\/1-PRINCIPAL-5.webp\",\"width\":2132,\"height\":1749},{\"@type\":\"BreadcrumbList\",\"@id\":\"https:\\\/\\\/www.eldiario.net\\\/portal\\\/2025\\\/07\\\/12\\\/carla-ortiz-protagoniza-la-primera-comedia-romantica-navidena-boliviana\\\/#breadcrumb\",\"itemListElement\":[{\"@type\":\"ListItem\",\"position\":1,\"name\":\"Portada\",\"item\":\"https:\\\/\\\/www.eldiario.net\\\/portal\\\/\"},{\"@type\":\"ListItem\",\"position\":2,\"name\":\"Carla Ortiz protagoniza la primera comedia rom\u00e1ntica navide\u00f1a boliviana\"}]},{\"@type\":\"WebSite\",\"@id\":\"https:\\\/\\\/www.eldiario.net\\\/portal\\\/#website\",\"url\":\"https:\\\/\\\/www.eldiario.net\\\/portal\\\/\",\"name\":\"El Diario - Decano de la prensa nacional\",\"description\":\"El Diario - Decano de la prensa nacional\",\"publisher\":{\"@id\":\"https:\\\/\\\/www.eldiario.net\\\/portal\\\/#organization\"},\"potentialAction\":[{\"@type\":\"SearchAction\",\"target\":{\"@type\":\"EntryPoint\",\"urlTemplate\":\"https:\\\/\\\/www.eldiario.net\\\/portal\\\/?s={search_term_string}\"},\"query-input\":{\"@type\":\"PropertyValueSpecification\",\"valueRequired\":true,\"valueName\":\"search_term_string\"}}],\"inLanguage\":\"es\"},{\"@type\":\"Organization\",\"@id\":\"https:\\\/\\\/www.eldiario.net\\\/portal\\\/#organization\",\"name\":\"El Diario - Decano de la prensa nacional\",\"url\":\"https:\\\/\\\/www.eldiario.net\\\/portal\\\/\",\"logo\":{\"@type\":\"ImageObject\",\"inLanguage\":\"es\",\"@id\":\"https:\\\/\\\/www.eldiario.net\\\/portal\\\/#\\\/schema\\\/logo\\\/image\\\/\",\"url\":\"https:\\\/\\\/www.eldiario.net\\\/portal\\\/wp-content\\\/uploads\\\/2023\\\/07\\\/logo_ED.jpg\",\"contentUrl\":\"https:\\\/\\\/www.eldiario.net\\\/portal\\\/wp-content\\\/uploads\\\/2023\\\/07\\\/logo_ED.jpg\",\"width\":272,\"height\":52,\"caption\":\"El Diario - Decano de la prensa nacional\"},\"image\":{\"@id\":\"https:\\\/\\\/www.eldiario.net\\\/portal\\\/#\\\/schema\\\/logo\\\/image\\\/\"},\"sameAs\":[\"https:\\\/\\\/www.facebook.com\\\/eldiario.bolivia\\\/\",\"https:\\\/\\\/x.com\\\/eldiario_net\"]},{\"@type\":\"Person\",\"@id\":\"https:\\\/\\\/www.eldiario.net\\\/portal\\\/#\\\/schema\\\/person\\\/2c57cf2b7a7ae032e449e4c9b1019eac\",\"name\":\"Jeanette\",\"image\":{\"@type\":\"ImageObject\",\"inLanguage\":\"es\",\"@id\":\"https:\\\/\\\/secure.gravatar.com\\\/avatar\\\/3ea2118a5f7dad2b7138b1187a6b7ee55f160b9968b66013c3a3ef39dd7e5798?s=96&d=mm&r=g\",\"url\":\"https:\\\/\\\/secure.gravatar.com\\\/avatar\\\/3ea2118a5f7dad2b7138b1187a6b7ee55f160b9968b66013c3a3ef39dd7e5798?s=96&d=mm&r=g\",\"contentUrl\":\"https:\\\/\\\/secure.gravatar.com\\\/avatar\\\/3ea2118a5f7dad2b7138b1187a6b7ee55f160b9968b66013c3a3ef39dd7e5798?s=96&d=mm&r=g\",\"caption\":\"Jeanette\"},\"sameAs\":[\"https:\\\/\\\/www.eldiario.net\\\/portal\"],\"url\":\"https:\\\/\\\/www.eldiario.net\\\/portal\\\/author\\\/jeanette\\\/\"}]}<\/script>\n<!-- \/ Yoast SEO plugin. -->","yoast_head_json":{"title":"Carla Ortiz protagoniza la primera comedia rom\u00e1ntica navide\u00f1a boliviana - El Diario - Bolivia","robots":{"index":"index","follow":"follow","max-snippet":"max-snippet:-1","max-image-preview":"max-image-preview:large","max-video-preview":"max-video-preview:-1"},"canonical":"https:\/\/www.eldiario.net\/portal\/2025\/07\/12\/carla-ortiz-protagoniza-la-primera-comedia-romantica-navidena-boliviana\/","og_locale":"es_ES","og_type":"article","og_title":"Carla Ortiz protagoniza la primera comedia rom\u00e1ntica navide\u00f1a boliviana - El Diario - Bolivia","og_description":"La reconocida actriz Carla Ortiz protagoniza y produce la primera comedia rom\u00e1ntica navide\u00f1a boliviana, acompa\u00f1ada por un elenco de lujo, integrado por actores de exitosas series de Netflix y Amazon Prime. Este ambicioso proyecto cuenta con un elenco internacional de primer nivel. La cinta re\u00fane a: Jes\u00fas Castro (Espa\u00f1a), gal\u00e1n de la exitosa serie Diario [&hellip;]","og_url":"https:\/\/www.eldiario.net\/portal\/2025\/07\/12\/carla-ortiz-protagoniza-la-primera-comedia-romantica-navidena-boliviana\/","og_site_name":"El Diario - Bolivia","article_publisher":"https:\/\/www.facebook.com\/eldiario.bolivia\/","article_published_time":"2025-07-12T11:55:38+00:00","og_image":[{"width":2132,"height":1749,"url":"https:\/\/www.eldiario.net\/portal\/wp-content\/uploads\/2025\/07\/1-PRINCIPAL-5.webp","type":"image\/webp"}],"author":"Jeanette","twitter_card":"summary_large_image","twitter_creator":"@eldiario_net","twitter_site":"@eldiario_net","twitter_misc":{"Escrito por":"Jeanette","Tiempo de lectura":"2 minutos"},"schema":{"@context":"https:\/\/schema.org","@graph":[{"@type":"Article","@id":"https:\/\/www.eldiario.net\/portal\/2025\/07\/12\/carla-ortiz-protagoniza-la-primera-comedia-romantica-navidena-boliviana\/#article","isPartOf":{"@id":"https:\/\/www.eldiario.net\/portal\/2025\/07\/12\/carla-ortiz-protagoniza-la-primera-comedia-romantica-navidena-boliviana\/"},"author":{"name":"Jeanette","@id":"https:\/\/www.eldiario.net\/portal\/#\/schema\/person\/2c57cf2b7a7ae032e449e4c9b1019eac"},"headline":"Carla Ortiz protagoniza la primera comedia rom\u00e1ntica navide\u00f1a boliviana","datePublished":"2025-07-12T11:55:38+00:00","mainEntityOfPage":{"@id":"https:\/\/www.eldiario.net\/portal\/2025\/07\/12\/carla-ortiz-protagoniza-la-primera-comedia-romantica-navidena-boliviana\/"},"wordCount":421,"publisher":{"@id":"https:\/\/www.eldiario.net\/portal\/#organization"},"image":{"@id":"https:\/\/www.eldiario.net\/portal\/2025\/07\/12\/carla-ortiz-protagoniza-la-primera-comedia-romantica-navidena-boliviana\/#primaryimage"},"thumbnailUrl":"https:\/\/www.eldiario.net\/portal\/wp-content\/uploads\/2025\/07\/1-PRINCIPAL-5.webp","articleSection":["La Gu\u00eda"],"inLanguage":"es"},{"@type":"WebPage","@id":"https:\/\/www.eldiario.net\/portal\/2025\/07\/12\/carla-ortiz-protagoniza-la-primera-comedia-romantica-navidena-boliviana\/","url":"https:\/\/www.eldiario.net\/portal\/2025\/07\/12\/carla-ortiz-protagoniza-la-primera-comedia-romantica-navidena-boliviana\/","name":"Carla Ortiz protagoniza la primera comedia rom\u00e1ntica navide\u00f1a boliviana - El Diario - Bolivia","isPartOf":{"@id":"https:\/\/www.eldiario.net\/portal\/#website"},"primaryImageOfPage":{"@id":"https:\/\/www.eldiario.net\/portal\/2025\/07\/12\/carla-ortiz-protagoniza-la-primera-comedia-romantica-navidena-boliviana\/#primaryimage"},"image":{"@id":"https:\/\/www.eldiario.net\/portal\/2025\/07\/12\/carla-ortiz-protagoniza-la-primera-comedia-romantica-navidena-boliviana\/#primaryimage"},"thumbnailUrl":"https:\/\/www.eldiario.net\/portal\/wp-content\/uploads\/2025\/07\/1-PRINCIPAL-5.webp","datePublished":"2025-07-12T11:55:38+00:00","breadcrumb":{"@id":"https:\/\/www.eldiario.net\/portal\/2025\/07\/12\/carla-ortiz-protagoniza-la-primera-comedia-romantica-navidena-boliviana\/#breadcrumb"},"inLanguage":"es","potentialAction":[{"@type":"ReadAction","target":["https:\/\/www.eldiario.net\/portal\/2025\/07\/12\/carla-ortiz-protagoniza-la-primera-comedia-romantica-navidena-boliviana\/"]}]},{"@type":"ImageObject","inLanguage":"es","@id":"https:\/\/www.eldiario.net\/portal\/2025\/07\/12\/carla-ortiz-protagoniza-la-primera-comedia-romantica-navidena-boliviana\/#primaryimage","url":"https:\/\/www.eldiario.net\/portal\/wp-content\/uploads\/2025\/07\/1-PRINCIPAL-5.webp","contentUrl":"https:\/\/www.eldiario.net\/portal\/wp-content\/uploads\/2025\/07\/1-PRINCIPAL-5.webp","width":2132,"height":1749},{"@type":"BreadcrumbList","@id":"https:\/\/www.eldiario.net\/portal\/2025\/07\/12\/carla-ortiz-protagoniza-la-primera-comedia-romantica-navidena-boliviana\/#breadcrumb","itemListElement":[{"@type":"ListItem","position":1,"name":"Portada","item":"https:\/\/www.eldiario.net\/portal\/"},{"@type":"ListItem","position":2,"name":"Carla Ortiz protagoniza la primera comedia rom\u00e1ntica navide\u00f1a boliviana"}]},{"@type":"WebSite","@id":"https:\/\/www.eldiario.net\/portal\/#website","url":"https:\/\/www.eldiario.net\/portal\/","name":"El Diario - Decano de la prensa nacional","description":"El Diario - Decano de la prensa nacional","publisher":{"@id":"https:\/\/www.eldiario.net\/portal\/#organization"},"potentialAction":[{"@type":"SearchAction","target":{"@type":"EntryPoint","urlTemplate":"https:\/\/www.eldiario.net\/portal\/?s={search_term_string}"},"query-input":{"@type":"PropertyValueSpecification","valueRequired":true,"valueName":"search_term_string"}}],"inLanguage":"es"},{"@type":"Organization","@id":"https:\/\/www.eldiario.net\/portal\/#organization","name":"El Diario - Decano de la prensa nacional","url":"https:\/\/www.eldiario.net\/portal\/","logo":{"@type":"ImageObject","inLanguage":"es","@id":"https:\/\/www.eldiario.net\/portal\/#\/schema\/logo\/image\/","url":"https:\/\/www.eldiario.net\/portal\/wp-content\/uploads\/2023\/07\/logo_ED.jpg","contentUrl":"https:\/\/www.eldiario.net\/portal\/wp-content\/uploads\/2023\/07\/logo_ED.jpg","width":272,"height":52,"caption":"El Diario - Decano de la prensa nacional"},"image":{"@id":"https:\/\/www.eldiario.net\/portal\/#\/schema\/logo\/image\/"},"sameAs":["https:\/\/www.facebook.com\/eldiario.bolivia\/","https:\/\/x.com\/eldiario_net"]},{"@type":"Person","@id":"https:\/\/www.eldiario.net\/portal\/#\/schema\/person\/2c57cf2b7a7ae032e449e4c9b1019eac","name":"Jeanette","image":{"@type":"ImageObject","inLanguage":"es","@id":"https:\/\/secure.gravatar.com\/avatar\/3ea2118a5f7dad2b7138b1187a6b7ee55f160b9968b66013c3a3ef39dd7e5798?s=96&d=mm&r=g","url":"https:\/\/secure.gravatar.com\/avatar\/3ea2118a5f7dad2b7138b1187a6b7ee55f160b9968b66013c3a3ef39dd7e5798?s=96&d=mm&r=g","contentUrl":"https:\/\/secure.gravatar.com\/avatar\/3ea2118a5f7dad2b7138b1187a6b7ee55f160b9968b66013c3a3ef39dd7e5798?s=96&d=mm&r=g","caption":"Jeanette"},"sameAs":["https:\/\/www.eldiario.net\/portal"],"url":"https:\/\/www.eldiario.net\/portal\/author\/jeanette\/"}]}},"_links":{"self":[{"href":"https:\/\/www.eldiario.net\/portal\/wp-json\/wp\/v2\/posts\/316276","targetHints":{"allow":["GET"]}}],"collection":[{"href":"https:\/\/www.eldiario.net\/portal\/wp-json\/wp\/v2\/posts"}],"about":[{"href":"https:\/\/www.eldiario.net\/portal\/wp-json\/wp\/v2\/types\/post"}],"author":[{"embeddable":true,"href":"https:\/\/www.eldiario.net\/portal\/wp-json\/wp\/v2\/users\/1"}],"replies":[{"embeddable":true,"href":"https:\/\/www.eldiario.net\/portal\/wp-json\/wp\/v2\/comments?post=316276"}],"version-history":[{"count":1,"href":"https:\/\/www.eldiario.net\/portal\/wp-json\/wp\/v2\/posts\/316276\/revisions"}],"predecessor-version":[{"id":316282,"href":"https:\/\/www.eldiario.net\/portal\/wp-json\/wp\/v2\/posts\/316276\/revisions\/316282"}],"wp:featuredmedia":[{"embeddable":true,"href":"https:\/\/www.eldiario.net\/portal\/wp-json\/wp\/v2\/media\/316277"}],"wp:attachment":[{"href":"https:\/\/www.eldiario.net\/portal\/wp-json\/wp\/v2\/media?parent=316276"}],"wp:term":[{"taxonomy":"category","embeddable":true,"href":"https:\/\/www.eldiario.net\/portal\/wp-json\/wp\/v2\/categories?post=316276"},{"taxonomy":"post_tag","embeddable":true,"href":"https:\/\/www.eldiario.net\/portal\/wp-json\/wp\/v2\/tags?post=316276"}],"curies":[{"name":"wp","href":"https:\/\/api.w.org\/{rel}","templated":true}]}}