{"id":316273,"date":"2025-07-12T07:54:03","date_gmt":"2025-07-12T11:54:03","guid":{"rendered":"https:\/\/www.eldiario.net\/portal\/?p=316273"},"modified":"2025-07-12T07:56:01","modified_gmt":"2025-07-12T11:56:01","slug":"ronaldo-rocha-con-el-plan-es-en-la-paz","status":"publish","type":"post","link":"https:\/\/www.eldiario.net\/portal\/2025\/07\/12\/ronaldo-rocha-con-el-plan-es-en-la-paz\/","title":{"rendered":"Ronaldo Rocha con  \u201cEl plan es\u201d en La Paz"},"content":{"rendered":"<p>El cantautor boliviano-brasile\u00f1o Ronaldo Rocha, radicado en Ciudad de M\u00e9xico, volvi\u00f3 a Bolivia para presentar el \u00e1lbum <em>Antisocial Club en el Ach\u00e1<\/em>, en el que comparte con varios artistas nacionales.<\/p>\n<p>Durante su primera gira como solista por Bolivia, el reconocido artista pondr\u00e1 a consideraci\u00f3n del p\u00fablico el sencillo \u201cEl Plan Es\u201d.<\/p>\n<p>\u201cEsta es casi una declaraci\u00f3n de principios para m\u00ed. Es una propuesta para salvarnos de la locura que vive el mundo hoy\u201d.- explica Rocha acerca de su m\u00e1s reciente lanzamiento.<\/p>\n<p>Tanto la canci\u00f3n como su videoclip fueron grabados \u201cen vivo\u201d en agosto de 2024 en el Teatro Ach\u00e1 de Cochabamba (Bolivia). La canci\u00f3n est\u00e1 enmarcada en el \u00e1lbum en vivo \u201cAntisocial Club en el Ach\u00e1\u201d, producido en audio y video por So Myung Jung.<\/p>\n<p>El espect\u00e1culo fue organizado en agosto de 2024 para recaudar fondos para el Movimiento Sonrisa de la ciudad de Cochabamba. En \u00e9l participan los seis integrantes del Antisocial Club: Ronaldo Rocha, Santiago Laserna, Karloz de la Torre, Chelo Navia (O\u00edl), Petrus Sil\u00f3n (Oz) y Diego Boulocq (Mammut).<\/p>\n<p>El \u00e1lbum ya est\u00e1 disponible en todas las plataformas de streaming y los videos en los canales oficiales de YouTube de cada artista.<\/p>\n<p>La gira por Bolivia de Ronaldo Rocha incluye shows en Santa Cruz de la Sierra, Cochabamba y La Paz, la sede de gobierno, donde se presentar\u00e1 el 17 de julio en El Bestiario Caf\u00e9 Teatro.<\/p>\n<p>Se debe recordar que desde el a\u00f1o 2005, el cantautor boliviano-brasile\u00f1o escribe, compone, produce y colabora con varios artistas, en especial con Animal de Ciudad, proyecto del cual es fundador y l\u00edder. Actualmente est\u00e1 dedicado a su carrera solista, aunque tambi\u00e9n contin\u00faa colaborando con los proyectos <em>Antisocial Club<\/em> y <em>En Familia<\/em><\/p>\n<p>M\u00e1s informaci\u00f3n en www.ronaldorochamusic.com.<\/p>\n","protected":false},"excerpt":{"rendered":"<p>El cantautor boliviano-brasile\u00f1o Ronaldo Rocha, radicado en Ciudad de M\u00e9xico, volvi\u00f3 a Bolivia para presentar el \u00e1lbum Antisocial Club en el Ach\u00e1, en el que comparte con varios artistas nacionales. Durante su primera gira como solista por Bolivia, el reconocido artista pondr\u00e1 a consideraci\u00f3n del p\u00fablico el sencillo \u201cEl Plan Es\u201d. \u201cEsta es casi una [&hellip;]<\/p>\n","protected":false},"author":1,"featured_media":316274,"comment_status":"closed","ping_status":"open","sticky":false,"template":"","format":"standard","meta":{"_acf_changed":false,"footnotes":""},"categories":[41],"tags":[],"class_list":["post-316273","post","type-post","status-publish","format-standard","has-post-thumbnail","category-la-guia"],"acf":{"antetitulo":""},"yoast_head":"<!-- This site is optimized with the Yoast SEO plugin v28.4 - https:\/\/yoast.com\/product\/yoast-seo-wordpress\/ -->\n<title>Ronaldo Rocha con \u201cEl plan es\u201d en La Paz - El Diario - Bolivia<\/title>\n<meta name=\"robots\" content=\"index, follow, max-snippet:-1, max-image-preview:large, max-video-preview:-1\" \/>\n<link rel=\"canonical\" href=\"https:\/\/www.eldiario.net\/portal\/2025\/07\/12\/ronaldo-rocha-con-el-plan-es-en-la-paz\/\" \/>\n<meta property=\"og:locale\" content=\"es_ES\" \/>\n<meta property=\"og:type\" content=\"article\" \/>\n<meta property=\"og:title\" content=\"Ronaldo Rocha con \u201cEl plan es\u201d en La Paz - El Diario - Bolivia\" \/>\n<meta property=\"og:description\" content=\"El cantautor boliviano-brasile\u00f1o Ronaldo Rocha, radicado en Ciudad de M\u00e9xico, volvi\u00f3 a Bolivia para presentar el \u00e1lbum Antisocial Club en el Ach\u00e1, en el que comparte con varios artistas nacionales. Durante su primera gira como solista por Bolivia, el reconocido artista pondr\u00e1 a consideraci\u00f3n del p\u00fablico el sencillo \u201cEl Plan Es\u201d. \u201cEsta es casi una [&hellip;]\" \/>\n<meta property=\"og:url\" content=\"https:\/\/www.eldiario.net\/portal\/2025\/07\/12\/ronaldo-rocha-con-el-plan-es-en-la-paz\/\" \/>\n<meta property=\"og:site_name\" content=\"El Diario - Bolivia\" \/>\n<meta property=\"article:publisher\" content=\"https:\/\/www.facebook.com\/eldiario.bolivia\/\" \/>\n<meta property=\"article:published_time\" content=\"2025-07-12T11:54:03+00:00\" \/>\n<meta property=\"article:modified_time\" content=\"2025-07-12T11:56:01+00:00\" \/>\n<meta property=\"og:image\" content=\"https:\/\/www.eldiario.net\/portal\/wp-content\/uploads\/2025\/07\/6.-ronaldo.webp\" \/>\n\t<meta property=\"og:image:width\" content=\"1024\" \/>\n\t<meta property=\"og:image:height\" content=\"1536\" \/>\n\t<meta property=\"og:image:type\" content=\"image\/webp\" \/>\n<meta name=\"author\" content=\"Jeanette\" \/>\n<meta name=\"twitter:card\" content=\"summary_large_image\" \/>\n<meta name=\"twitter:creator\" content=\"@eldiario_net\" \/>\n<meta name=\"twitter:site\" content=\"@eldiario_net\" \/>\n<meta name=\"twitter:label1\" content=\"Escrito por\" \/>\n\t<meta name=\"twitter:data1\" content=\"Jeanette\" \/>\n\t<meta name=\"twitter:label2\" content=\"Tiempo de lectura\" \/>\n\t<meta name=\"twitter:data2\" content=\"2 minutos\" \/>\n<script type=\"application\/ld+json\" class=\"yoast-schema-graph\">{\"@context\":\"https:\\\/\\\/schema.org\",\"@graph\":[{\"@type\":\"Article\",\"@id\":\"https:\\\/\\\/www.eldiario.net\\\/portal\\\/2025\\\/07\\\/12\\\/ronaldo-rocha-con-el-plan-es-en-la-paz\\\/#article\",\"isPartOf\":{\"@id\":\"https:\\\/\\\/www.eldiario.net\\\/portal\\\/2025\\\/07\\\/12\\\/ronaldo-rocha-con-el-plan-es-en-la-paz\\\/\"},\"author\":{\"name\":\"Jeanette\",\"@id\":\"https:\\\/\\\/www.eldiario.net\\\/portal\\\/#\\\/schema\\\/person\\\/2c57cf2b7a7ae032e449e4c9b1019eac\"},\"headline\":\"Ronaldo Rocha con \u201cEl plan es\u201d en La Paz\",\"datePublished\":\"2025-07-12T11:54:03+00:00\",\"dateModified\":\"2025-07-12T11:56:01+00:00\",\"mainEntityOfPage\":{\"@id\":\"https:\\\/\\\/www.eldiario.net\\\/portal\\\/2025\\\/07\\\/12\\\/ronaldo-rocha-con-el-plan-es-en-la-paz\\\/\"},\"wordCount\":311,\"publisher\":{\"@id\":\"https:\\\/\\\/www.eldiario.net\\\/portal\\\/#organization\"},\"image\":{\"@id\":\"https:\\\/\\\/www.eldiario.net\\\/portal\\\/2025\\\/07\\\/12\\\/ronaldo-rocha-con-el-plan-es-en-la-paz\\\/#primaryimage\"},\"thumbnailUrl\":\"https:\\\/\\\/www.eldiario.net\\\/portal\\\/wp-content\\\/uploads\\\/2025\\\/07\\\/6.-ronaldo.webp\",\"articleSection\":[\"La Gu\u00eda\"],\"inLanguage\":\"es\"},{\"@type\":\"WebPage\",\"@id\":\"https:\\\/\\\/www.eldiario.net\\\/portal\\\/2025\\\/07\\\/12\\\/ronaldo-rocha-con-el-plan-es-en-la-paz\\\/\",\"url\":\"https:\\\/\\\/www.eldiario.net\\\/portal\\\/2025\\\/07\\\/12\\\/ronaldo-rocha-con-el-plan-es-en-la-paz\\\/\",\"name\":\"Ronaldo Rocha con \u201cEl plan es\u201d en La Paz - El Diario - Bolivia\",\"isPartOf\":{\"@id\":\"https:\\\/\\\/www.eldiario.net\\\/portal\\\/#website\"},\"primaryImageOfPage\":{\"@id\":\"https:\\\/\\\/www.eldiario.net\\\/portal\\\/2025\\\/07\\\/12\\\/ronaldo-rocha-con-el-plan-es-en-la-paz\\\/#primaryimage\"},\"image\":{\"@id\":\"https:\\\/\\\/www.eldiario.net\\\/portal\\\/2025\\\/07\\\/12\\\/ronaldo-rocha-con-el-plan-es-en-la-paz\\\/#primaryimage\"},\"thumbnailUrl\":\"https:\\\/\\\/www.eldiario.net\\\/portal\\\/wp-content\\\/uploads\\\/2025\\\/07\\\/6.-ronaldo.webp\",\"datePublished\":\"2025-07-12T11:54:03+00:00\",\"dateModified\":\"2025-07-12T11:56:01+00:00\",\"breadcrumb\":{\"@id\":\"https:\\\/\\\/www.eldiario.net\\\/portal\\\/2025\\\/07\\\/12\\\/ronaldo-rocha-con-el-plan-es-en-la-paz\\\/#breadcrumb\"},\"inLanguage\":\"es\",\"potentialAction\":[{\"@type\":\"ReadAction\",\"target\":[\"https:\\\/\\\/www.eldiario.net\\\/portal\\\/2025\\\/07\\\/12\\\/ronaldo-rocha-con-el-plan-es-en-la-paz\\\/\"]}]},{\"@type\":\"ImageObject\",\"inLanguage\":\"es\",\"@id\":\"https:\\\/\\\/www.eldiario.net\\\/portal\\\/2025\\\/07\\\/12\\\/ronaldo-rocha-con-el-plan-es-en-la-paz\\\/#primaryimage\",\"url\":\"https:\\\/\\\/www.eldiario.net\\\/portal\\\/wp-content\\\/uploads\\\/2025\\\/07\\\/6.-ronaldo.webp\",\"contentUrl\":\"https:\\\/\\\/www.eldiario.net\\\/portal\\\/wp-content\\\/uploads\\\/2025\\\/07\\\/6.-ronaldo.webp\",\"width\":1024,\"height\":1536},{\"@type\":\"BreadcrumbList\",\"@id\":\"https:\\\/\\\/www.eldiario.net\\\/portal\\\/2025\\\/07\\\/12\\\/ronaldo-rocha-con-el-plan-es-en-la-paz\\\/#breadcrumb\",\"itemListElement\":[{\"@type\":\"ListItem\",\"position\":1,\"name\":\"Portada\",\"item\":\"https:\\\/\\\/www.eldiario.net\\\/portal\\\/\"},{\"@type\":\"ListItem\",\"position\":2,\"name\":\"Ronaldo Rocha con \u201cEl plan es\u201d en La Paz\"}]},{\"@type\":\"WebSite\",\"@id\":\"https:\\\/\\\/www.eldiario.net\\\/portal\\\/#website\",\"url\":\"https:\\\/\\\/www.eldiario.net\\\/portal\\\/\",\"name\":\"El Diario - Decano de la prensa nacional\",\"description\":\"El Diario - Decano de la prensa nacional\",\"publisher\":{\"@id\":\"https:\\\/\\\/www.eldiario.net\\\/portal\\\/#organization\"},\"potentialAction\":[{\"@type\":\"SearchAction\",\"target\":{\"@type\":\"EntryPoint\",\"urlTemplate\":\"https:\\\/\\\/www.eldiario.net\\\/portal\\\/?s={search_term_string}\"},\"query-input\":{\"@type\":\"PropertyValueSpecification\",\"valueRequired\":true,\"valueName\":\"search_term_string\"}}],\"inLanguage\":\"es\"},{\"@type\":\"Organization\",\"@id\":\"https:\\\/\\\/www.eldiario.net\\\/portal\\\/#organization\",\"name\":\"El Diario - Decano de la prensa nacional\",\"url\":\"https:\\\/\\\/www.eldiario.net\\\/portal\\\/\",\"logo\":{\"@type\":\"ImageObject\",\"inLanguage\":\"es\",\"@id\":\"https:\\\/\\\/www.eldiario.net\\\/portal\\\/#\\\/schema\\\/logo\\\/image\\\/\",\"url\":\"https:\\\/\\\/www.eldiario.net\\\/portal\\\/wp-content\\\/uploads\\\/2023\\\/07\\\/logo_ED.jpg\",\"contentUrl\":\"https:\\\/\\\/www.eldiario.net\\\/portal\\\/wp-content\\\/uploads\\\/2023\\\/07\\\/logo_ED.jpg\",\"width\":272,\"height\":52,\"caption\":\"El Diario - Decano de la prensa nacional\"},\"image\":{\"@id\":\"https:\\\/\\\/www.eldiario.net\\\/portal\\\/#\\\/schema\\\/logo\\\/image\\\/\"},\"sameAs\":[\"https:\\\/\\\/www.facebook.com\\\/eldiario.bolivia\\\/\",\"https:\\\/\\\/x.com\\\/eldiario_net\"]},{\"@type\":\"Person\",\"@id\":\"https:\\\/\\\/www.eldiario.net\\\/portal\\\/#\\\/schema\\\/person\\\/2c57cf2b7a7ae032e449e4c9b1019eac\",\"name\":\"Jeanette\",\"image\":{\"@type\":\"ImageObject\",\"inLanguage\":\"es\",\"@id\":\"https:\\\/\\\/secure.gravatar.com\\\/avatar\\\/3ea2118a5f7dad2b7138b1187a6b7ee55f160b9968b66013c3a3ef39dd7e5798?s=96&d=mm&r=g\",\"url\":\"https:\\\/\\\/secure.gravatar.com\\\/avatar\\\/3ea2118a5f7dad2b7138b1187a6b7ee55f160b9968b66013c3a3ef39dd7e5798?s=96&d=mm&r=g\",\"contentUrl\":\"https:\\\/\\\/secure.gravatar.com\\\/avatar\\\/3ea2118a5f7dad2b7138b1187a6b7ee55f160b9968b66013c3a3ef39dd7e5798?s=96&d=mm&r=g\",\"caption\":\"Jeanette\"},\"sameAs\":[\"https:\\\/\\\/www.eldiario.net\\\/portal\"],\"url\":\"https:\\\/\\\/www.eldiario.net\\\/portal\\\/author\\\/jeanette\\\/\"}]}<\/script>\n<!-- \/ Yoast SEO plugin. -->","yoast_head_json":{"title":"Ronaldo Rocha con \u201cEl plan es\u201d en La Paz - El Diario - Bolivia","robots":{"index":"index","follow":"follow","max-snippet":"max-snippet:-1","max-image-preview":"max-image-preview:large","max-video-preview":"max-video-preview:-1"},"canonical":"https:\/\/www.eldiario.net\/portal\/2025\/07\/12\/ronaldo-rocha-con-el-plan-es-en-la-paz\/","og_locale":"es_ES","og_type":"article","og_title":"Ronaldo Rocha con \u201cEl plan es\u201d en La Paz - El Diario - Bolivia","og_description":"El cantautor boliviano-brasile\u00f1o Ronaldo Rocha, radicado en Ciudad de M\u00e9xico, volvi\u00f3 a Bolivia para presentar el \u00e1lbum Antisocial Club en el Ach\u00e1, en el que comparte con varios artistas nacionales. Durante su primera gira como solista por Bolivia, el reconocido artista pondr\u00e1 a consideraci\u00f3n del p\u00fablico el sencillo \u201cEl Plan Es\u201d. \u201cEsta es casi una [&hellip;]","og_url":"https:\/\/www.eldiario.net\/portal\/2025\/07\/12\/ronaldo-rocha-con-el-plan-es-en-la-paz\/","og_site_name":"El Diario - Bolivia","article_publisher":"https:\/\/www.facebook.com\/eldiario.bolivia\/","article_published_time":"2025-07-12T11:54:03+00:00","article_modified_time":"2025-07-12T11:56:01+00:00","og_image":[{"width":1024,"height":1536,"url":"https:\/\/www.eldiario.net\/portal\/wp-content\/uploads\/2025\/07\/6.-ronaldo.webp","type":"image\/webp"}],"author":"Jeanette","twitter_card":"summary_large_image","twitter_creator":"@eldiario_net","twitter_site":"@eldiario_net","twitter_misc":{"Escrito por":"Jeanette","Tiempo de lectura":"2 minutos"},"schema":{"@context":"https:\/\/schema.org","@graph":[{"@type":"Article","@id":"https:\/\/www.eldiario.net\/portal\/2025\/07\/12\/ronaldo-rocha-con-el-plan-es-en-la-paz\/#article","isPartOf":{"@id":"https:\/\/www.eldiario.net\/portal\/2025\/07\/12\/ronaldo-rocha-con-el-plan-es-en-la-paz\/"},"author":{"name":"Jeanette","@id":"https:\/\/www.eldiario.net\/portal\/#\/schema\/person\/2c57cf2b7a7ae032e449e4c9b1019eac"},"headline":"Ronaldo Rocha con \u201cEl plan es\u201d en La Paz","datePublished":"2025-07-12T11:54:03+00:00","dateModified":"2025-07-12T11:56:01+00:00","mainEntityOfPage":{"@id":"https:\/\/www.eldiario.net\/portal\/2025\/07\/12\/ronaldo-rocha-con-el-plan-es-en-la-paz\/"},"wordCount":311,"publisher":{"@id":"https:\/\/www.eldiario.net\/portal\/#organization"},"image":{"@id":"https:\/\/www.eldiario.net\/portal\/2025\/07\/12\/ronaldo-rocha-con-el-plan-es-en-la-paz\/#primaryimage"},"thumbnailUrl":"https:\/\/www.eldiario.net\/portal\/wp-content\/uploads\/2025\/07\/6.-ronaldo.webp","articleSection":["La Gu\u00eda"],"inLanguage":"es"},{"@type":"WebPage","@id":"https:\/\/www.eldiario.net\/portal\/2025\/07\/12\/ronaldo-rocha-con-el-plan-es-en-la-paz\/","url":"https:\/\/www.eldiario.net\/portal\/2025\/07\/12\/ronaldo-rocha-con-el-plan-es-en-la-paz\/","name":"Ronaldo Rocha con \u201cEl plan es\u201d en La Paz - El Diario - Bolivia","isPartOf":{"@id":"https:\/\/www.eldiario.net\/portal\/#website"},"primaryImageOfPage":{"@id":"https:\/\/www.eldiario.net\/portal\/2025\/07\/12\/ronaldo-rocha-con-el-plan-es-en-la-paz\/#primaryimage"},"image":{"@id":"https:\/\/www.eldiario.net\/portal\/2025\/07\/12\/ronaldo-rocha-con-el-plan-es-en-la-paz\/#primaryimage"},"thumbnailUrl":"https:\/\/www.eldiario.net\/portal\/wp-content\/uploads\/2025\/07\/6.-ronaldo.webp","datePublished":"2025-07-12T11:54:03+00:00","dateModified":"2025-07-12T11:56:01+00:00","breadcrumb":{"@id":"https:\/\/www.eldiario.net\/portal\/2025\/07\/12\/ronaldo-rocha-con-el-plan-es-en-la-paz\/#breadcrumb"},"inLanguage":"es","potentialAction":[{"@type":"ReadAction","target":["https:\/\/www.eldiario.net\/portal\/2025\/07\/12\/ronaldo-rocha-con-el-plan-es-en-la-paz\/"]}]},{"@type":"ImageObject","inLanguage":"es","@id":"https:\/\/www.eldiario.net\/portal\/2025\/07\/12\/ronaldo-rocha-con-el-plan-es-en-la-paz\/#primaryimage","url":"https:\/\/www.eldiario.net\/portal\/wp-content\/uploads\/2025\/07\/6.-ronaldo.webp","contentUrl":"https:\/\/www.eldiario.net\/portal\/wp-content\/uploads\/2025\/07\/6.-ronaldo.webp","width":1024,"height":1536},{"@type":"BreadcrumbList","@id":"https:\/\/www.eldiario.net\/portal\/2025\/07\/12\/ronaldo-rocha-con-el-plan-es-en-la-paz\/#breadcrumb","itemListElement":[{"@type":"ListItem","position":1,"name":"Portada","item":"https:\/\/www.eldiario.net\/portal\/"},{"@type":"ListItem","position":2,"name":"Ronaldo Rocha con \u201cEl plan es\u201d en La Paz"}]},{"@type":"WebSite","@id":"https:\/\/www.eldiario.net\/portal\/#website","url":"https:\/\/www.eldiario.net\/portal\/","name":"El Diario - Decano de la prensa nacional","description":"El Diario - Decano de la prensa nacional","publisher":{"@id":"https:\/\/www.eldiario.net\/portal\/#organization"},"potentialAction":[{"@type":"SearchAction","target":{"@type":"EntryPoint","urlTemplate":"https:\/\/www.eldiario.net\/portal\/?s={search_term_string}"},"query-input":{"@type":"PropertyValueSpecification","valueRequired":true,"valueName":"search_term_string"}}],"inLanguage":"es"},{"@type":"Organization","@id":"https:\/\/www.eldiario.net\/portal\/#organization","name":"El Diario - Decano de la prensa nacional","url":"https:\/\/www.eldiario.net\/portal\/","logo":{"@type":"ImageObject","inLanguage":"es","@id":"https:\/\/www.eldiario.net\/portal\/#\/schema\/logo\/image\/","url":"https:\/\/www.eldiario.net\/portal\/wp-content\/uploads\/2023\/07\/logo_ED.jpg","contentUrl":"https:\/\/www.eldiario.net\/portal\/wp-content\/uploads\/2023\/07\/logo_ED.jpg","width":272,"height":52,"caption":"El Diario - Decano de la prensa nacional"},"image":{"@id":"https:\/\/www.eldiario.net\/portal\/#\/schema\/logo\/image\/"},"sameAs":["https:\/\/www.facebook.com\/eldiario.bolivia\/","https:\/\/x.com\/eldiario_net"]},{"@type":"Person","@id":"https:\/\/www.eldiario.net\/portal\/#\/schema\/person\/2c57cf2b7a7ae032e449e4c9b1019eac","name":"Jeanette","image":{"@type":"ImageObject","inLanguage":"es","@id":"https:\/\/secure.gravatar.com\/avatar\/3ea2118a5f7dad2b7138b1187a6b7ee55f160b9968b66013c3a3ef39dd7e5798?s=96&d=mm&r=g","url":"https:\/\/secure.gravatar.com\/avatar\/3ea2118a5f7dad2b7138b1187a6b7ee55f160b9968b66013c3a3ef39dd7e5798?s=96&d=mm&r=g","contentUrl":"https:\/\/secure.gravatar.com\/avatar\/3ea2118a5f7dad2b7138b1187a6b7ee55f160b9968b66013c3a3ef39dd7e5798?s=96&d=mm&r=g","caption":"Jeanette"},"sameAs":["https:\/\/www.eldiario.net\/portal"],"url":"https:\/\/www.eldiario.net\/portal\/author\/jeanette\/"}]}},"_links":{"self":[{"href":"https:\/\/www.eldiario.net\/portal\/wp-json\/wp\/v2\/posts\/316273","targetHints":{"allow":["GET"]}}],"collection":[{"href":"https:\/\/www.eldiario.net\/portal\/wp-json\/wp\/v2\/posts"}],"about":[{"href":"https:\/\/www.eldiario.net\/portal\/wp-json\/wp\/v2\/types\/post"}],"author":[{"embeddable":true,"href":"https:\/\/www.eldiario.net\/portal\/wp-json\/wp\/v2\/users\/1"}],"replies":[{"embeddable":true,"href":"https:\/\/www.eldiario.net\/portal\/wp-json\/wp\/v2\/comments?post=316273"}],"version-history":[{"count":1,"href":"https:\/\/www.eldiario.net\/portal\/wp-json\/wp\/v2\/posts\/316273\/revisions"}],"predecessor-version":[{"id":316275,"href":"https:\/\/www.eldiario.net\/portal\/wp-json\/wp\/v2\/posts\/316273\/revisions\/316275"}],"wp:featuredmedia":[{"embeddable":true,"href":"https:\/\/www.eldiario.net\/portal\/wp-json\/wp\/v2\/media\/316274"}],"wp:attachment":[{"href":"https:\/\/www.eldiario.net\/portal\/wp-json\/wp\/v2\/media?parent=316273"}],"wp:term":[{"taxonomy":"category","embeddable":true,"href":"https:\/\/www.eldiario.net\/portal\/wp-json\/wp\/v2\/categories?post=316273"},{"taxonomy":"post_tag","embeddable":true,"href":"https:\/\/www.eldiario.net\/portal\/wp-json\/wp\/v2\/tags?post=316273"}],"curies":[{"name":"wp","href":"https:\/\/api.w.org\/{rel}","templated":true}]}}