{"id":316271,"date":"2025-07-12T07:52:05","date_gmt":"2025-07-12T11:52:05","guid":{"rendered":"https:\/\/www.eldiario.net\/portal\/?p=316271"},"modified":"2025-07-12T07:52:05","modified_gmt":"2025-07-12T11:52:05","slug":"evaluaremos-en-su-momento-el-plan-de-andronico","status":"publish","type":"post","link":"https:\/\/www.eldiario.net\/portal\/2025\/07\/12\/evaluaremos-en-su-momento-el-plan-de-andronico\/","title":{"rendered":"\u201cEvaluaremos en su momento\u201d: el plan de Andr\u00f3nico"},"content":{"rendered":"<p>Estamos a un mes y un poco m\u00e1s del gran acontecimiento democr\u00e1tico que Bolivia deber\u00e1 aprovechar para echar a un modelo pol\u00edtico y econ\u00f3mico del que han salido muchos ricos y con el que se han empobrecido varias decenas de miles de bolivianos.<br \/>\nTodav\u00eda falta llegar al culmen del proceso. Por tanto, todav\u00eda no hemos escuchado de forma puntual las propuestas de todos los candidatos, y conforme vayan pasando los d\u00edas, las entrevistas, los debates, foros y toda naturaleza de contacto que los principales candidatos tengan con el electorado, habr\u00e1 mayores pautas sobre sus ofertas. Empero, existen cuatro f\u00f3rmulas principales en cuanto a la preferencia que, encuestas de por medio, se est\u00e1n posicionando en los primeros lugares. De ellos, solo tres tienen opci\u00f3n a terciar en una segunda vuelta que por primera vez \u2014es lo m\u00e1s seguro\u2014 en Bolivia se dar\u00e1.<br \/>\nTenemos vicepresidenciales que nunca debieron ser nominados para optar por la segunda magistratura. Otra, que ha ratificado su veneraci\u00f3n por Evo y un Andr\u00f3nico Rodr\u00edguez que no se puede liberar del arropo del desp\u00f3tico expresidente, quien hace tiempo ha decidido no apoyarlo m\u00e1s. El discurso del aspirante a presidente es, sin duda, el factor determinante que puede derivar en el \u00e9xito o el fracaso no solo de \u00e9l, sino de todos los que detr\u00e1s suyo, forman parte de las listas a asamble\u00edstas nacionales. Parece ocioso siquiera pensar en que, trat\u00e1ndose de la b\u00fasqueda de la administraci\u00f3n pol\u00edtica del pa\u00eds, todas las f\u00f3rmulas tienen un plan de gobierno, que, adem\u00e1s, debe formar parte de su inscripci\u00f3n ante el Tribunal Supremo Electoral.<br \/>\nPero esos son requisitos formales que todo candidato debe presentar como parte de una larga lista de documentos que habiliten su postulaci\u00f3n. Lo otro \u2014aparte del financiamiento, la publicidad, el aprovechamiento de las tecnolog\u00edas que las comunicaciones hoy nos ofrecen, la imagen, el estilo de campa\u00f1a u otras herramientas que conforman un todo y que es la campa\u00f1a\u2014 es el discurso de la cabeza de la f\u00f3rmula, que, en el caso de Andr\u00f3nico, en las pocas intervenciones que tuvo ante la prensa, parece no existir. Andr\u00f3nico parece no tener un programa de gobierno, pero lo m\u00e1s probable es que ignore el que su equipo dise\u00f1\u00f3.<br \/>\nEl joven sindicalista, que siempre reh\u00faye contestar con claridad, como si ante la posibilidad (afortunadamente remota) de investirse como presidente tuviera que hacer cumplir el mandamiento de aprehensi\u00f3n contra Evo Morales, que una periodista le pregunt\u00f3. El otro d\u00eda, en una entrevista, el disc\u00edpulo del pr\u00f3fugo de la justicia dio m\u00e1s vueltas que un trompo\u2026 para finalmente decir nada sobre ello. Lo claro es que responder afirmativamente, enterrar\u00eda cualquier posibilidad de apoyo que desesperadamente espera del tr\u00f3pico cochabambino. Y responder negativamente, atenuar\u00eda la enemistad ya existente del que, como antiguo maestro, sabe hasta d\u00f3nde puede llegar, pero lo har\u00eda m\u00e1s aborrecible para los millones de bolivianos que esperan la aprehensi\u00f3n del tirano.<br \/>\nPero en pol\u00edtica la oratoria va mucho m\u00e1s all\u00e1 del arte de hablar bien (que, en el caso de Andr\u00f3nico, tampoco existe), porque a trav\u00e9s de ella los pol\u00edticos pueden movilizar elecciones, fortalecer su mensaje y conectar con el electorado. Y es que, a trav\u00e9s de un discurso bien estructurado y pronunciado, un individuo puede causar un impacto profundo en los electores, pero para eso hay que tener argumentos razonables y coherentes.<br \/>\nContrariamente, Andr\u00f3nico Rodr\u00edguez, atrapado en sus limitaciones dial\u00e9cticas y formativas, con un s\u00edndrome de p\u00e1nico esc\u00e9nico en lo poco que todav\u00eda habl\u00f3 ante la gente a trav\u00e9s de los medios de comunicaci\u00f3n (y por presi\u00f3n de sus asesores), todo aspecto de relevancia que le fue consultado no merece m\u00e1s respuestas que \u201cSer\u00e1 evaluado en su momento\u201d, lo que ya de por s\u00ed denota un desconocimiento de lo que su alianza quiere para gobernar, o que no tiene la capacidad para conducir un pa\u00eds que necesita respuestas claras y contundentes. Por eso un aspirante a la presidencia debe ser un estadista. No es intenci\u00f3n m\u00eda descalificar en lo personal al candidato del MTS, cuyas virtudes pueden ser muchas, pero ninguna de ellas tiene que ver con la pol\u00edtica en el nivel al que \u00e9l entr\u00f3 solo por haber presidido el Senado muy trivial y mediocremente, por todo el periodo constitucional a\u00fan vigente.<br \/>\nSi Bolivia tuvo a Hilari\u00f3n Daza o Mariano Melgarejo como presidentes, nada debe extra\u00f1arnos.<\/p>\n<p>Augusto Vera Riveros es jurista y escritor.<\/p>\n","protected":false},"excerpt":{"rendered":"<p>Estamos a un mes y un poco m\u00e1s del gran acontecimiento democr\u00e1tico que Bolivia deber\u00e1 aprovechar para echar a un modelo pol\u00edtico y econ\u00f3mico del que han salido muchos ricos y con el que se han empobrecido varias decenas de miles de bolivianos. Todav\u00eda falta llegar al culmen del proceso. Por tanto, todav\u00eda no hemos [&hellip;]<\/p>\n","protected":false},"author":1,"featured_media":158120,"comment_status":"closed","ping_status":"open","sticky":false,"template":"","format":"standard","meta":{"_acf_changed":false,"footnotes":""},"categories":[9],"tags":[],"class_list":["post-316271","post","type-post","status-publish","format-standard","has-post-thumbnail","category-opinion"],"acf":{"antetitulo":"Contra viento y marea"},"yoast_head":"<!-- This site is optimized with the Yoast SEO plugin v28.4 - https:\/\/yoast.com\/product\/yoast-seo-wordpress\/ -->\n<title>\u201cEvaluaremos en su momento\u201d: el plan de Andr\u00f3nico - El Diario - Bolivia<\/title>\n<meta name=\"robots\" content=\"index, follow, max-snippet:-1, max-image-preview:large, max-video-preview:-1\" \/>\n<link rel=\"canonical\" href=\"https:\/\/www.eldiario.net\/portal\/2025\/07\/12\/evaluaremos-en-su-momento-el-plan-de-andronico\/\" \/>\n<meta property=\"og:locale\" content=\"es_ES\" \/>\n<meta property=\"og:type\" content=\"article\" \/>\n<meta property=\"og:title\" content=\"\u201cEvaluaremos en su momento\u201d: el plan de Andr\u00f3nico - El Diario - Bolivia\" \/>\n<meta property=\"og:description\" content=\"Estamos a un mes y un poco m\u00e1s del gran acontecimiento democr\u00e1tico que Bolivia deber\u00e1 aprovechar para echar a un modelo pol\u00edtico y econ\u00f3mico del que han salido muchos ricos y con el que se han empobrecido varias decenas de miles de bolivianos. Todav\u00eda falta llegar al culmen del proceso. Por tanto, todav\u00eda no hemos [&hellip;]\" \/>\n<meta property=\"og:url\" content=\"https:\/\/www.eldiario.net\/portal\/2025\/07\/12\/evaluaremos-en-su-momento-el-plan-de-andronico\/\" \/>\n<meta property=\"og:site_name\" content=\"El Diario - Bolivia\" \/>\n<meta property=\"article:publisher\" content=\"https:\/\/www.facebook.com\/eldiario.bolivia\/\" \/>\n<meta property=\"article:published_time\" content=\"2025-07-12T11:52:05+00:00\" \/>\n<meta property=\"og:image\" content=\"https:\/\/www.eldiario.net\/portal\/wp-content\/uploads\/2023\/06\/Augusto-Vera-Riveros.jpg\" \/>\n\t<meta property=\"og:image:width\" content=\"1200\" \/>\n\t<meta property=\"og:image:height\" content=\"628\" \/>\n\t<meta property=\"og:image:type\" content=\"image\/jpeg\" \/>\n<meta name=\"author\" content=\"Jeanette\" \/>\n<meta name=\"twitter:card\" content=\"summary_large_image\" \/>\n<meta name=\"twitter:creator\" content=\"@eldiario_net\" \/>\n<meta name=\"twitter:site\" content=\"@eldiario_net\" \/>\n<meta name=\"twitter:label1\" content=\"Escrito por\" \/>\n\t<meta name=\"twitter:data1\" content=\"Jeanette\" \/>\n\t<meta name=\"twitter:label2\" content=\"Tiempo de lectura\" \/>\n\t<meta name=\"twitter:data2\" content=\"4 minutos\" \/>\n<script type=\"application\/ld+json\" class=\"yoast-schema-graph\">{\"@context\":\"https:\\\/\\\/schema.org\",\"@graph\":[{\"@type\":\"Article\",\"@id\":\"https:\\\/\\\/www.eldiario.net\\\/portal\\\/2025\\\/07\\\/12\\\/evaluaremos-en-su-momento-el-plan-de-andronico\\\/#article\",\"isPartOf\":{\"@id\":\"https:\\\/\\\/www.eldiario.net\\\/portal\\\/2025\\\/07\\\/12\\\/evaluaremos-en-su-momento-el-plan-de-andronico\\\/\"},\"author\":{\"name\":\"Jeanette\",\"@id\":\"https:\\\/\\\/www.eldiario.net\\\/portal\\\/#\\\/schema\\\/person\\\/2c57cf2b7a7ae032e449e4c9b1019eac\"},\"headline\":\"\u201cEvaluaremos en su momento\u201d: el plan de Andr\u00f3nico\",\"datePublished\":\"2025-07-12T11:52:05+00:00\",\"mainEntityOfPage\":{\"@id\":\"https:\\\/\\\/www.eldiario.net\\\/portal\\\/2025\\\/07\\\/12\\\/evaluaremos-en-su-momento-el-plan-de-andronico\\\/\"},\"wordCount\":802,\"publisher\":{\"@id\":\"https:\\\/\\\/www.eldiario.net\\\/portal\\\/#organization\"},\"image\":{\"@id\":\"https:\\\/\\\/www.eldiario.net\\\/portal\\\/2025\\\/07\\\/12\\\/evaluaremos-en-su-momento-el-plan-de-andronico\\\/#primaryimage\"},\"thumbnailUrl\":\"https:\\\/\\\/www.eldiario.net\\\/portal\\\/wp-content\\\/uploads\\\/2023\\\/06\\\/Augusto-Vera-Riveros.jpg\",\"articleSection\":[\"Opini\u00f3n\"],\"inLanguage\":\"es\"},{\"@type\":\"WebPage\",\"@id\":\"https:\\\/\\\/www.eldiario.net\\\/portal\\\/2025\\\/07\\\/12\\\/evaluaremos-en-su-momento-el-plan-de-andronico\\\/\",\"url\":\"https:\\\/\\\/www.eldiario.net\\\/portal\\\/2025\\\/07\\\/12\\\/evaluaremos-en-su-momento-el-plan-de-andronico\\\/\",\"name\":\"\u201cEvaluaremos en su momento\u201d: el plan de Andr\u00f3nico - El Diario - Bolivia\",\"isPartOf\":{\"@id\":\"https:\\\/\\\/www.eldiario.net\\\/portal\\\/#website\"},\"primaryImageOfPage\":{\"@id\":\"https:\\\/\\\/www.eldiario.net\\\/portal\\\/2025\\\/07\\\/12\\\/evaluaremos-en-su-momento-el-plan-de-andronico\\\/#primaryimage\"},\"image\":{\"@id\":\"https:\\\/\\\/www.eldiario.net\\\/portal\\\/2025\\\/07\\\/12\\\/evaluaremos-en-su-momento-el-plan-de-andronico\\\/#primaryimage\"},\"thumbnailUrl\":\"https:\\\/\\\/www.eldiario.net\\\/portal\\\/wp-content\\\/uploads\\\/2023\\\/06\\\/Augusto-Vera-Riveros.jpg\",\"datePublished\":\"2025-07-12T11:52:05+00:00\",\"breadcrumb\":{\"@id\":\"https:\\\/\\\/www.eldiario.net\\\/portal\\\/2025\\\/07\\\/12\\\/evaluaremos-en-su-momento-el-plan-de-andronico\\\/#breadcrumb\"},\"inLanguage\":\"es\",\"potentialAction\":[{\"@type\":\"ReadAction\",\"target\":[\"https:\\\/\\\/www.eldiario.net\\\/portal\\\/2025\\\/07\\\/12\\\/evaluaremos-en-su-momento-el-plan-de-andronico\\\/\"]}]},{\"@type\":\"ImageObject\",\"inLanguage\":\"es\",\"@id\":\"https:\\\/\\\/www.eldiario.net\\\/portal\\\/2025\\\/07\\\/12\\\/evaluaremos-en-su-momento-el-plan-de-andronico\\\/#primaryimage\",\"url\":\"https:\\\/\\\/www.eldiario.net\\\/portal\\\/wp-content\\\/uploads\\\/2023\\\/06\\\/Augusto-Vera-Riveros.jpg\",\"contentUrl\":\"https:\\\/\\\/www.eldiario.net\\\/portal\\\/wp-content\\\/uploads\\\/2023\\\/06\\\/Augusto-Vera-Riveros.jpg\",\"width\":1200,\"height\":628},{\"@type\":\"BreadcrumbList\",\"@id\":\"https:\\\/\\\/www.eldiario.net\\\/portal\\\/2025\\\/07\\\/12\\\/evaluaremos-en-su-momento-el-plan-de-andronico\\\/#breadcrumb\",\"itemListElement\":[{\"@type\":\"ListItem\",\"position\":1,\"name\":\"Portada\",\"item\":\"https:\\\/\\\/www.eldiario.net\\\/portal\\\/\"},{\"@type\":\"ListItem\",\"position\":2,\"name\":\"\u201cEvaluaremos en su momento\u201d: el plan de Andr\u00f3nico\"}]},{\"@type\":\"WebSite\",\"@id\":\"https:\\\/\\\/www.eldiario.net\\\/portal\\\/#website\",\"url\":\"https:\\\/\\\/www.eldiario.net\\\/portal\\\/\",\"name\":\"El Diario - Decano de la prensa nacional\",\"description\":\"El Diario - Decano de la prensa nacional\",\"publisher\":{\"@id\":\"https:\\\/\\\/www.eldiario.net\\\/portal\\\/#organization\"},\"potentialAction\":[{\"@type\":\"SearchAction\",\"target\":{\"@type\":\"EntryPoint\",\"urlTemplate\":\"https:\\\/\\\/www.eldiario.net\\\/portal\\\/?s={search_term_string}\"},\"query-input\":{\"@type\":\"PropertyValueSpecification\",\"valueRequired\":true,\"valueName\":\"search_term_string\"}}],\"inLanguage\":\"es\"},{\"@type\":\"Organization\",\"@id\":\"https:\\\/\\\/www.eldiario.net\\\/portal\\\/#organization\",\"name\":\"El Diario - Decano de la prensa nacional\",\"url\":\"https:\\\/\\\/www.eldiario.net\\\/portal\\\/\",\"logo\":{\"@type\":\"ImageObject\",\"inLanguage\":\"es\",\"@id\":\"https:\\\/\\\/www.eldiario.net\\\/portal\\\/#\\\/schema\\\/logo\\\/image\\\/\",\"url\":\"https:\\\/\\\/www.eldiario.net\\\/portal\\\/wp-content\\\/uploads\\\/2023\\\/07\\\/logo_ED.jpg\",\"contentUrl\":\"https:\\\/\\\/www.eldiario.net\\\/portal\\\/wp-content\\\/uploads\\\/2023\\\/07\\\/logo_ED.jpg\",\"width\":272,\"height\":52,\"caption\":\"El Diario - Decano de la prensa nacional\"},\"image\":{\"@id\":\"https:\\\/\\\/www.eldiario.net\\\/portal\\\/#\\\/schema\\\/logo\\\/image\\\/\"},\"sameAs\":[\"https:\\\/\\\/www.facebook.com\\\/eldiario.bolivia\\\/\",\"https:\\\/\\\/x.com\\\/eldiario_net\"]},{\"@type\":\"Person\",\"@id\":\"https:\\\/\\\/www.eldiario.net\\\/portal\\\/#\\\/schema\\\/person\\\/2c57cf2b7a7ae032e449e4c9b1019eac\",\"name\":\"Jeanette\",\"image\":{\"@type\":\"ImageObject\",\"inLanguage\":\"es\",\"@id\":\"https:\\\/\\\/secure.gravatar.com\\\/avatar\\\/3ea2118a5f7dad2b7138b1187a6b7ee55f160b9968b66013c3a3ef39dd7e5798?s=96&d=mm&r=g\",\"url\":\"https:\\\/\\\/secure.gravatar.com\\\/avatar\\\/3ea2118a5f7dad2b7138b1187a6b7ee55f160b9968b66013c3a3ef39dd7e5798?s=96&d=mm&r=g\",\"contentUrl\":\"https:\\\/\\\/secure.gravatar.com\\\/avatar\\\/3ea2118a5f7dad2b7138b1187a6b7ee55f160b9968b66013c3a3ef39dd7e5798?s=96&d=mm&r=g\",\"caption\":\"Jeanette\"},\"sameAs\":[\"https:\\\/\\\/www.eldiario.net\\\/portal\"],\"url\":\"https:\\\/\\\/www.eldiario.net\\\/portal\\\/author\\\/jeanette\\\/\"}]}<\/script>\n<!-- \/ Yoast SEO plugin. -->","yoast_head_json":{"title":"\u201cEvaluaremos en su momento\u201d: el plan de Andr\u00f3nico - El Diario - Bolivia","robots":{"index":"index","follow":"follow","max-snippet":"max-snippet:-1","max-image-preview":"max-image-preview:large","max-video-preview":"max-video-preview:-1"},"canonical":"https:\/\/www.eldiario.net\/portal\/2025\/07\/12\/evaluaremos-en-su-momento-el-plan-de-andronico\/","og_locale":"es_ES","og_type":"article","og_title":"\u201cEvaluaremos en su momento\u201d: el plan de Andr\u00f3nico - El Diario - Bolivia","og_description":"Estamos a un mes y un poco m\u00e1s del gran acontecimiento democr\u00e1tico que Bolivia deber\u00e1 aprovechar para echar a un modelo pol\u00edtico y econ\u00f3mico del que han salido muchos ricos y con el que se han empobrecido varias decenas de miles de bolivianos. Todav\u00eda falta llegar al culmen del proceso. Por tanto, todav\u00eda no hemos [&hellip;]","og_url":"https:\/\/www.eldiario.net\/portal\/2025\/07\/12\/evaluaremos-en-su-momento-el-plan-de-andronico\/","og_site_name":"El Diario - Bolivia","article_publisher":"https:\/\/www.facebook.com\/eldiario.bolivia\/","article_published_time":"2025-07-12T11:52:05+00:00","og_image":[{"width":1200,"height":628,"url":"https:\/\/www.eldiario.net\/portal\/wp-content\/uploads\/2023\/06\/Augusto-Vera-Riveros.jpg","type":"image\/jpeg"}],"author":"Jeanette","twitter_card":"summary_large_image","twitter_creator":"@eldiario_net","twitter_site":"@eldiario_net","twitter_misc":{"Escrito por":"Jeanette","Tiempo de lectura":"4 minutos"},"schema":{"@context":"https:\/\/schema.org","@graph":[{"@type":"Article","@id":"https:\/\/www.eldiario.net\/portal\/2025\/07\/12\/evaluaremos-en-su-momento-el-plan-de-andronico\/#article","isPartOf":{"@id":"https:\/\/www.eldiario.net\/portal\/2025\/07\/12\/evaluaremos-en-su-momento-el-plan-de-andronico\/"},"author":{"name":"Jeanette","@id":"https:\/\/www.eldiario.net\/portal\/#\/schema\/person\/2c57cf2b7a7ae032e449e4c9b1019eac"},"headline":"\u201cEvaluaremos en su momento\u201d: el plan de Andr\u00f3nico","datePublished":"2025-07-12T11:52:05+00:00","mainEntityOfPage":{"@id":"https:\/\/www.eldiario.net\/portal\/2025\/07\/12\/evaluaremos-en-su-momento-el-plan-de-andronico\/"},"wordCount":802,"publisher":{"@id":"https:\/\/www.eldiario.net\/portal\/#organization"},"image":{"@id":"https:\/\/www.eldiario.net\/portal\/2025\/07\/12\/evaluaremos-en-su-momento-el-plan-de-andronico\/#primaryimage"},"thumbnailUrl":"https:\/\/www.eldiario.net\/portal\/wp-content\/uploads\/2023\/06\/Augusto-Vera-Riveros.jpg","articleSection":["Opini\u00f3n"],"inLanguage":"es"},{"@type":"WebPage","@id":"https:\/\/www.eldiario.net\/portal\/2025\/07\/12\/evaluaremos-en-su-momento-el-plan-de-andronico\/","url":"https:\/\/www.eldiario.net\/portal\/2025\/07\/12\/evaluaremos-en-su-momento-el-plan-de-andronico\/","name":"\u201cEvaluaremos en su momento\u201d: el plan de Andr\u00f3nico - El Diario - Bolivia","isPartOf":{"@id":"https:\/\/www.eldiario.net\/portal\/#website"},"primaryImageOfPage":{"@id":"https:\/\/www.eldiario.net\/portal\/2025\/07\/12\/evaluaremos-en-su-momento-el-plan-de-andronico\/#primaryimage"},"image":{"@id":"https:\/\/www.eldiario.net\/portal\/2025\/07\/12\/evaluaremos-en-su-momento-el-plan-de-andronico\/#primaryimage"},"thumbnailUrl":"https:\/\/www.eldiario.net\/portal\/wp-content\/uploads\/2023\/06\/Augusto-Vera-Riveros.jpg","datePublished":"2025-07-12T11:52:05+00:00","breadcrumb":{"@id":"https:\/\/www.eldiario.net\/portal\/2025\/07\/12\/evaluaremos-en-su-momento-el-plan-de-andronico\/#breadcrumb"},"inLanguage":"es","potentialAction":[{"@type":"ReadAction","target":["https:\/\/www.eldiario.net\/portal\/2025\/07\/12\/evaluaremos-en-su-momento-el-plan-de-andronico\/"]}]},{"@type":"ImageObject","inLanguage":"es","@id":"https:\/\/www.eldiario.net\/portal\/2025\/07\/12\/evaluaremos-en-su-momento-el-plan-de-andronico\/#primaryimage","url":"https:\/\/www.eldiario.net\/portal\/wp-content\/uploads\/2023\/06\/Augusto-Vera-Riveros.jpg","contentUrl":"https:\/\/www.eldiario.net\/portal\/wp-content\/uploads\/2023\/06\/Augusto-Vera-Riveros.jpg","width":1200,"height":628},{"@type":"BreadcrumbList","@id":"https:\/\/www.eldiario.net\/portal\/2025\/07\/12\/evaluaremos-en-su-momento-el-plan-de-andronico\/#breadcrumb","itemListElement":[{"@type":"ListItem","position":1,"name":"Portada","item":"https:\/\/www.eldiario.net\/portal\/"},{"@type":"ListItem","position":2,"name":"\u201cEvaluaremos en su momento\u201d: el plan de Andr\u00f3nico"}]},{"@type":"WebSite","@id":"https:\/\/www.eldiario.net\/portal\/#website","url":"https:\/\/www.eldiario.net\/portal\/","name":"El Diario - Decano de la prensa nacional","description":"El Diario - Decano de la prensa nacional","publisher":{"@id":"https:\/\/www.eldiario.net\/portal\/#organization"},"potentialAction":[{"@type":"SearchAction","target":{"@type":"EntryPoint","urlTemplate":"https:\/\/www.eldiario.net\/portal\/?s={search_term_string}"},"query-input":{"@type":"PropertyValueSpecification","valueRequired":true,"valueName":"search_term_string"}}],"inLanguage":"es"},{"@type":"Organization","@id":"https:\/\/www.eldiario.net\/portal\/#organization","name":"El Diario - Decano de la prensa nacional","url":"https:\/\/www.eldiario.net\/portal\/","logo":{"@type":"ImageObject","inLanguage":"es","@id":"https:\/\/www.eldiario.net\/portal\/#\/schema\/logo\/image\/","url":"https:\/\/www.eldiario.net\/portal\/wp-content\/uploads\/2023\/07\/logo_ED.jpg","contentUrl":"https:\/\/www.eldiario.net\/portal\/wp-content\/uploads\/2023\/07\/logo_ED.jpg","width":272,"height":52,"caption":"El Diario - Decano de la prensa nacional"},"image":{"@id":"https:\/\/www.eldiario.net\/portal\/#\/schema\/logo\/image\/"},"sameAs":["https:\/\/www.facebook.com\/eldiario.bolivia\/","https:\/\/x.com\/eldiario_net"]},{"@type":"Person","@id":"https:\/\/www.eldiario.net\/portal\/#\/schema\/person\/2c57cf2b7a7ae032e449e4c9b1019eac","name":"Jeanette","image":{"@type":"ImageObject","inLanguage":"es","@id":"https:\/\/secure.gravatar.com\/avatar\/3ea2118a5f7dad2b7138b1187a6b7ee55f160b9968b66013c3a3ef39dd7e5798?s=96&d=mm&r=g","url":"https:\/\/secure.gravatar.com\/avatar\/3ea2118a5f7dad2b7138b1187a6b7ee55f160b9968b66013c3a3ef39dd7e5798?s=96&d=mm&r=g","contentUrl":"https:\/\/secure.gravatar.com\/avatar\/3ea2118a5f7dad2b7138b1187a6b7ee55f160b9968b66013c3a3ef39dd7e5798?s=96&d=mm&r=g","caption":"Jeanette"},"sameAs":["https:\/\/www.eldiario.net\/portal"],"url":"https:\/\/www.eldiario.net\/portal\/author\/jeanette\/"}]}},"_links":{"self":[{"href":"https:\/\/www.eldiario.net\/portal\/wp-json\/wp\/v2\/posts\/316271","targetHints":{"allow":["GET"]}}],"collection":[{"href":"https:\/\/www.eldiario.net\/portal\/wp-json\/wp\/v2\/posts"}],"about":[{"href":"https:\/\/www.eldiario.net\/portal\/wp-json\/wp\/v2\/types\/post"}],"author":[{"embeddable":true,"href":"https:\/\/www.eldiario.net\/portal\/wp-json\/wp\/v2\/users\/1"}],"replies":[{"embeddable":true,"href":"https:\/\/www.eldiario.net\/portal\/wp-json\/wp\/v2\/comments?post=316271"}],"version-history":[{"count":1,"href":"https:\/\/www.eldiario.net\/portal\/wp-json\/wp\/v2\/posts\/316271\/revisions"}],"predecessor-version":[{"id":316272,"href":"https:\/\/www.eldiario.net\/portal\/wp-json\/wp\/v2\/posts\/316271\/revisions\/316272"}],"wp:featuredmedia":[{"embeddable":true,"href":"https:\/\/www.eldiario.net\/portal\/wp-json\/wp\/v2\/media\/158120"}],"wp:attachment":[{"href":"https:\/\/www.eldiario.net\/portal\/wp-json\/wp\/v2\/media?parent=316271"}],"wp:term":[{"taxonomy":"category","embeddable":true,"href":"https:\/\/www.eldiario.net\/portal\/wp-json\/wp\/v2\/categories?post=316271"},{"taxonomy":"post_tag","embeddable":true,"href":"https:\/\/www.eldiario.net\/portal\/wp-json\/wp\/v2\/tags?post=316271"}],"curies":[{"name":"wp","href":"https:\/\/api.w.org\/{rel}","templated":true}]}}