{"id":316143,"date":"2025-07-12T07:05:18","date_gmt":"2025-07-12T11:05:18","guid":{"rendered":"https:\/\/www.eldiario.net\/portal\/?p=316143"},"modified":"2025-07-12T07:05:19","modified_gmt":"2025-07-12T11:05:19","slug":"casos-de-sarampion-sobrepasan-los-100","status":"publish","type":"post","link":"https:\/\/www.eldiario.net\/portal\/2025\/07\/12\/casos-de-sarampion-sobrepasan-los-100\/","title":{"rendered":"Casos de sarampi\u00f3n sobrepasan los 100"},"content":{"rendered":"<p>La ministra de Salud, Mar\u00eda Ren\u00e9e Castro, report\u00f3 ayer que Bolivia tiene 105 casos confirmados de sarampi\u00f3n, la mayor parte de ellos en Santa Cruz y anunci\u00f3 que se gestionan m\u00e1s vacunas para proteger a la poblaci\u00f3n contra el virus.<br \/>\nSeg\u00fan el reporte, hasta la fecha, Bolivia reporta 105 casos confirmados de sarampi\u00f3n: 87 en Santa Cruz, 9 en La Paz, 4 en Potos\u00ed, 3 en Beni, 1 en Chuquisaca y 1 en Oruro.<br \/>\n\u201cLa mayor\u00eda ya se ha recuperado, y el resto se encuentra en fase de recuperaci\u00f3n bajo seguimiento correspondiente\u201d, se\u00f1al\u00f3 la autoridad.<br \/>\nEl dato fue compartido por el director del Sedes cruce\u00f1o, Jaime Bilbao, quien detall\u00f3 que, de los 93 casos en ese departamento, 57 est\u00e1n activos y el resto ya superaron la enfermedad; adem\u00e1s de los ocho sospechosos, uno pertenece el municipio de Robor\u00e9, mientras que en Pail\u00f3n existen tres positivos de ni\u00f1os de 6, 8 y 10 a\u00f1os, provenientes de una misma familia.<br \/>\nBilbao apunt\u00f3 que se han sobrepasado los 18 mil ni\u00f1os menores de 10 a\u00f1os vacunados contra el sarampi\u00f3n en este departamento, pero contabilizando las personas mayores de 10 a\u00f1os, ya son m\u00e1s de 37 mil inmunizados contra la enfermedad.<br \/>\nPor otro lado, desde el Sedes de La Paz, se inform\u00f3 que, en este departamento, pese al informe de la ministra Castro que indic\u00f3 nueve contagios en pace\u00f1os, solo tienen siete casos confirmados y corroborados por laboratorio.<\/p>\n","protected":false},"excerpt":{"rendered":"<p>La ministra de Salud, Mar\u00eda Ren\u00e9e Castro, report\u00f3 ayer que Bolivia tiene 105 casos confirmados de sarampi\u00f3n, la mayor parte de ellos en Santa Cruz y anunci\u00f3 que se gestionan m\u00e1s vacunas para proteger a la poblaci\u00f3n contra el virus. Seg\u00fan el reporte, hasta la fecha, Bolivia reporta 105 casos confirmados de sarampi\u00f3n: 87 en [&hellip;]<\/p>\n","protected":false},"author":1,"featured_media":316144,"comment_status":"closed","ping_status":"open","sticky":false,"template":"","format":"standard","meta":{"_acf_changed":false,"footnotes":""},"categories":[15],"tags":[],"class_list":["post-316143","post","type-post","status-publish","format-standard","has-post-thumbnail","category-portada"],"acf":{"antetitulo":"En territorio nacional"},"yoast_head":"<!-- This site is optimized with the Yoast SEO plugin v28.4 - https:\/\/yoast.com\/product\/yoast-seo-wordpress\/ -->\n<title>Casos de sarampi\u00f3n sobrepasan los 100 - El Diario - Bolivia<\/title>\n<meta name=\"robots\" content=\"index, follow, max-snippet:-1, max-image-preview:large, max-video-preview:-1\" \/>\n<link rel=\"canonical\" href=\"https:\/\/www.eldiario.net\/portal\/2025\/07\/12\/casos-de-sarampion-sobrepasan-los-100\/\" \/>\n<meta property=\"og:locale\" content=\"es_ES\" \/>\n<meta property=\"og:type\" content=\"article\" \/>\n<meta property=\"og:title\" content=\"Casos de sarampi\u00f3n sobrepasan los 100 - El Diario - Bolivia\" \/>\n<meta property=\"og:description\" content=\"La ministra de Salud, Mar\u00eda Ren\u00e9e Castro, report\u00f3 ayer que Bolivia tiene 105 casos confirmados de sarampi\u00f3n, la mayor parte de ellos en Santa Cruz y anunci\u00f3 que se gestionan m\u00e1s vacunas para proteger a la poblaci\u00f3n contra el virus. Seg\u00fan el reporte, hasta la fecha, Bolivia reporta 105 casos confirmados de sarampi\u00f3n: 87 en [&hellip;]\" \/>\n<meta property=\"og:url\" content=\"https:\/\/www.eldiario.net\/portal\/2025\/07\/12\/casos-de-sarampion-sobrepasan-los-100\/\" \/>\n<meta property=\"og:site_name\" content=\"El Diario - Bolivia\" \/>\n<meta property=\"article:publisher\" content=\"https:\/\/www.facebook.com\/eldiario.bolivia\/\" \/>\n<meta property=\"article:published_time\" content=\"2025-07-12T11:05:18+00:00\" \/>\n<meta property=\"article:modified_time\" content=\"2025-07-12T11:05:19+00:00\" \/>\n<meta property=\"og:image\" content=\"https:\/\/www.eldiario.net\/portal\/wp-content\/uploads\/2025\/07\/P-2-10-cm-x-8-copia.webp\" \/>\n\t<meta property=\"og:image:width\" content=\"640\" \/>\n\t<meta property=\"og:image:height\" content=\"427\" \/>\n\t<meta property=\"og:image:type\" content=\"image\/webp\" \/>\n<meta name=\"author\" content=\"Jeanette\" \/>\n<meta name=\"twitter:card\" content=\"summary_large_image\" \/>\n<meta name=\"twitter:creator\" content=\"@eldiario_net\" \/>\n<meta name=\"twitter:site\" content=\"@eldiario_net\" \/>\n<meta name=\"twitter:label1\" content=\"Escrito por\" \/>\n\t<meta name=\"twitter:data1\" content=\"Jeanette\" \/>\n\t<meta name=\"twitter:label2\" content=\"Tiempo de lectura\" \/>\n\t<meta name=\"twitter:data2\" content=\"2 minutos\" \/>\n<script type=\"application\/ld+json\" class=\"yoast-schema-graph\">{\"@context\":\"https:\\\/\\\/schema.org\",\"@graph\":[{\"@type\":\"Article\",\"@id\":\"https:\\\/\\\/www.eldiario.net\\\/portal\\\/2025\\\/07\\\/12\\\/casos-de-sarampion-sobrepasan-los-100\\\/#article\",\"isPartOf\":{\"@id\":\"https:\\\/\\\/www.eldiario.net\\\/portal\\\/2025\\\/07\\\/12\\\/casos-de-sarampion-sobrepasan-los-100\\\/\"},\"author\":{\"name\":\"Jeanette\",\"@id\":\"https:\\\/\\\/www.eldiario.net\\\/portal\\\/#\\\/schema\\\/person\\\/2c57cf2b7a7ae032e449e4c9b1019eac\"},\"headline\":\"Casos de sarampi\u00f3n sobrepasan los 100\",\"datePublished\":\"2025-07-12T11:05:18+00:00\",\"dateModified\":\"2025-07-12T11:05:19+00:00\",\"mainEntityOfPage\":{\"@id\":\"https:\\\/\\\/www.eldiario.net\\\/portal\\\/2025\\\/07\\\/12\\\/casos-de-sarampion-sobrepasan-los-100\\\/\"},\"wordCount\":245,\"publisher\":{\"@id\":\"https:\\\/\\\/www.eldiario.net\\\/portal\\\/#organization\"},\"image\":{\"@id\":\"https:\\\/\\\/www.eldiario.net\\\/portal\\\/2025\\\/07\\\/12\\\/casos-de-sarampion-sobrepasan-los-100\\\/#primaryimage\"},\"thumbnailUrl\":\"https:\\\/\\\/www.eldiario.net\\\/portal\\\/wp-content\\\/uploads\\\/2025\\\/07\\\/P-2-10-cm-x-8-copia.webp\",\"articleSection\":[\"Portada\"],\"inLanguage\":\"es\"},{\"@type\":\"WebPage\",\"@id\":\"https:\\\/\\\/www.eldiario.net\\\/portal\\\/2025\\\/07\\\/12\\\/casos-de-sarampion-sobrepasan-los-100\\\/\",\"url\":\"https:\\\/\\\/www.eldiario.net\\\/portal\\\/2025\\\/07\\\/12\\\/casos-de-sarampion-sobrepasan-los-100\\\/\",\"name\":\"Casos de sarampi\u00f3n sobrepasan los 100 - El Diario - Bolivia\",\"isPartOf\":{\"@id\":\"https:\\\/\\\/www.eldiario.net\\\/portal\\\/#website\"},\"primaryImageOfPage\":{\"@id\":\"https:\\\/\\\/www.eldiario.net\\\/portal\\\/2025\\\/07\\\/12\\\/casos-de-sarampion-sobrepasan-los-100\\\/#primaryimage\"},\"image\":{\"@id\":\"https:\\\/\\\/www.eldiario.net\\\/portal\\\/2025\\\/07\\\/12\\\/casos-de-sarampion-sobrepasan-los-100\\\/#primaryimage\"},\"thumbnailUrl\":\"https:\\\/\\\/www.eldiario.net\\\/portal\\\/wp-content\\\/uploads\\\/2025\\\/07\\\/P-2-10-cm-x-8-copia.webp\",\"datePublished\":\"2025-07-12T11:05:18+00:00\",\"dateModified\":\"2025-07-12T11:05:19+00:00\",\"breadcrumb\":{\"@id\":\"https:\\\/\\\/www.eldiario.net\\\/portal\\\/2025\\\/07\\\/12\\\/casos-de-sarampion-sobrepasan-los-100\\\/#breadcrumb\"},\"inLanguage\":\"es\",\"potentialAction\":[{\"@type\":\"ReadAction\",\"target\":[\"https:\\\/\\\/www.eldiario.net\\\/portal\\\/2025\\\/07\\\/12\\\/casos-de-sarampion-sobrepasan-los-100\\\/\"]}]},{\"@type\":\"ImageObject\",\"inLanguage\":\"es\",\"@id\":\"https:\\\/\\\/www.eldiario.net\\\/portal\\\/2025\\\/07\\\/12\\\/casos-de-sarampion-sobrepasan-los-100\\\/#primaryimage\",\"url\":\"https:\\\/\\\/www.eldiario.net\\\/portal\\\/wp-content\\\/uploads\\\/2025\\\/07\\\/P-2-10-cm-x-8-copia.webp\",\"contentUrl\":\"https:\\\/\\\/www.eldiario.net\\\/portal\\\/wp-content\\\/uploads\\\/2025\\\/07\\\/P-2-10-cm-x-8-copia.webp\",\"width\":640,\"height\":427,\"caption\":\"Contin\u00faa el ascenso de casos confIrmadoS de sarampi\u00f3n en el pa\u00eds.\"},{\"@type\":\"BreadcrumbList\",\"@id\":\"https:\\\/\\\/www.eldiario.net\\\/portal\\\/2025\\\/07\\\/12\\\/casos-de-sarampion-sobrepasan-los-100\\\/#breadcrumb\",\"itemListElement\":[{\"@type\":\"ListItem\",\"position\":1,\"name\":\"Portada\",\"item\":\"https:\\\/\\\/www.eldiario.net\\\/portal\\\/\"},{\"@type\":\"ListItem\",\"position\":2,\"name\":\"Casos de sarampi\u00f3n sobrepasan los 100\"}]},{\"@type\":\"WebSite\",\"@id\":\"https:\\\/\\\/www.eldiario.net\\\/portal\\\/#website\",\"url\":\"https:\\\/\\\/www.eldiario.net\\\/portal\\\/\",\"name\":\"El Diario - Decano de la prensa nacional\",\"description\":\"El Diario - Decano de la prensa nacional\",\"publisher\":{\"@id\":\"https:\\\/\\\/www.eldiario.net\\\/portal\\\/#organization\"},\"potentialAction\":[{\"@type\":\"SearchAction\",\"target\":{\"@type\":\"EntryPoint\",\"urlTemplate\":\"https:\\\/\\\/www.eldiario.net\\\/portal\\\/?s={search_term_string}\"},\"query-input\":{\"@type\":\"PropertyValueSpecification\",\"valueRequired\":true,\"valueName\":\"search_term_string\"}}],\"inLanguage\":\"es\"},{\"@type\":\"Organization\",\"@id\":\"https:\\\/\\\/www.eldiario.net\\\/portal\\\/#organization\",\"name\":\"El Diario - Decano de la prensa nacional\",\"url\":\"https:\\\/\\\/www.eldiario.net\\\/portal\\\/\",\"logo\":{\"@type\":\"ImageObject\",\"inLanguage\":\"es\",\"@id\":\"https:\\\/\\\/www.eldiario.net\\\/portal\\\/#\\\/schema\\\/logo\\\/image\\\/\",\"url\":\"https:\\\/\\\/www.eldiario.net\\\/portal\\\/wp-content\\\/uploads\\\/2023\\\/07\\\/logo_ED.jpg\",\"contentUrl\":\"https:\\\/\\\/www.eldiario.net\\\/portal\\\/wp-content\\\/uploads\\\/2023\\\/07\\\/logo_ED.jpg\",\"width\":272,\"height\":52,\"caption\":\"El Diario - Decano de la prensa nacional\"},\"image\":{\"@id\":\"https:\\\/\\\/www.eldiario.net\\\/portal\\\/#\\\/schema\\\/logo\\\/image\\\/\"},\"sameAs\":[\"https:\\\/\\\/www.facebook.com\\\/eldiario.bolivia\\\/\",\"https:\\\/\\\/x.com\\\/eldiario_net\"]},{\"@type\":\"Person\",\"@id\":\"https:\\\/\\\/www.eldiario.net\\\/portal\\\/#\\\/schema\\\/person\\\/2c57cf2b7a7ae032e449e4c9b1019eac\",\"name\":\"Jeanette\",\"image\":{\"@type\":\"ImageObject\",\"inLanguage\":\"es\",\"@id\":\"https:\\\/\\\/secure.gravatar.com\\\/avatar\\\/3ea2118a5f7dad2b7138b1187a6b7ee55f160b9968b66013c3a3ef39dd7e5798?s=96&d=mm&r=g\",\"url\":\"https:\\\/\\\/secure.gravatar.com\\\/avatar\\\/3ea2118a5f7dad2b7138b1187a6b7ee55f160b9968b66013c3a3ef39dd7e5798?s=96&d=mm&r=g\",\"contentUrl\":\"https:\\\/\\\/secure.gravatar.com\\\/avatar\\\/3ea2118a5f7dad2b7138b1187a6b7ee55f160b9968b66013c3a3ef39dd7e5798?s=96&d=mm&r=g\",\"caption\":\"Jeanette\"},\"sameAs\":[\"https:\\\/\\\/www.eldiario.net\\\/portal\"],\"url\":\"https:\\\/\\\/www.eldiario.net\\\/portal\\\/author\\\/jeanette\\\/\"}]}<\/script>\n<!-- \/ Yoast SEO plugin. -->","yoast_head_json":{"title":"Casos de sarampi\u00f3n sobrepasan los 100 - El Diario - Bolivia","robots":{"index":"index","follow":"follow","max-snippet":"max-snippet:-1","max-image-preview":"max-image-preview:large","max-video-preview":"max-video-preview:-1"},"canonical":"https:\/\/www.eldiario.net\/portal\/2025\/07\/12\/casos-de-sarampion-sobrepasan-los-100\/","og_locale":"es_ES","og_type":"article","og_title":"Casos de sarampi\u00f3n sobrepasan los 100 - El Diario - Bolivia","og_description":"La ministra de Salud, Mar\u00eda Ren\u00e9e Castro, report\u00f3 ayer que Bolivia tiene 105 casos confirmados de sarampi\u00f3n, la mayor parte de ellos en Santa Cruz y anunci\u00f3 que se gestionan m\u00e1s vacunas para proteger a la poblaci\u00f3n contra el virus. Seg\u00fan el reporte, hasta la fecha, Bolivia reporta 105 casos confirmados de sarampi\u00f3n: 87 en [&hellip;]","og_url":"https:\/\/www.eldiario.net\/portal\/2025\/07\/12\/casos-de-sarampion-sobrepasan-los-100\/","og_site_name":"El Diario - Bolivia","article_publisher":"https:\/\/www.facebook.com\/eldiario.bolivia\/","article_published_time":"2025-07-12T11:05:18+00:00","article_modified_time":"2025-07-12T11:05:19+00:00","og_image":[{"width":640,"height":427,"url":"https:\/\/www.eldiario.net\/portal\/wp-content\/uploads\/2025\/07\/P-2-10-cm-x-8-copia.webp","type":"image\/webp"}],"author":"Jeanette","twitter_card":"summary_large_image","twitter_creator":"@eldiario_net","twitter_site":"@eldiario_net","twitter_misc":{"Escrito por":"Jeanette","Tiempo de lectura":"2 minutos"},"schema":{"@context":"https:\/\/schema.org","@graph":[{"@type":"Article","@id":"https:\/\/www.eldiario.net\/portal\/2025\/07\/12\/casos-de-sarampion-sobrepasan-los-100\/#article","isPartOf":{"@id":"https:\/\/www.eldiario.net\/portal\/2025\/07\/12\/casos-de-sarampion-sobrepasan-los-100\/"},"author":{"name":"Jeanette","@id":"https:\/\/www.eldiario.net\/portal\/#\/schema\/person\/2c57cf2b7a7ae032e449e4c9b1019eac"},"headline":"Casos de sarampi\u00f3n sobrepasan los 100","datePublished":"2025-07-12T11:05:18+00:00","dateModified":"2025-07-12T11:05:19+00:00","mainEntityOfPage":{"@id":"https:\/\/www.eldiario.net\/portal\/2025\/07\/12\/casos-de-sarampion-sobrepasan-los-100\/"},"wordCount":245,"publisher":{"@id":"https:\/\/www.eldiario.net\/portal\/#organization"},"image":{"@id":"https:\/\/www.eldiario.net\/portal\/2025\/07\/12\/casos-de-sarampion-sobrepasan-los-100\/#primaryimage"},"thumbnailUrl":"https:\/\/www.eldiario.net\/portal\/wp-content\/uploads\/2025\/07\/P-2-10-cm-x-8-copia.webp","articleSection":["Portada"],"inLanguage":"es"},{"@type":"WebPage","@id":"https:\/\/www.eldiario.net\/portal\/2025\/07\/12\/casos-de-sarampion-sobrepasan-los-100\/","url":"https:\/\/www.eldiario.net\/portal\/2025\/07\/12\/casos-de-sarampion-sobrepasan-los-100\/","name":"Casos de sarampi\u00f3n sobrepasan los 100 - El Diario - Bolivia","isPartOf":{"@id":"https:\/\/www.eldiario.net\/portal\/#website"},"primaryImageOfPage":{"@id":"https:\/\/www.eldiario.net\/portal\/2025\/07\/12\/casos-de-sarampion-sobrepasan-los-100\/#primaryimage"},"image":{"@id":"https:\/\/www.eldiario.net\/portal\/2025\/07\/12\/casos-de-sarampion-sobrepasan-los-100\/#primaryimage"},"thumbnailUrl":"https:\/\/www.eldiario.net\/portal\/wp-content\/uploads\/2025\/07\/P-2-10-cm-x-8-copia.webp","datePublished":"2025-07-12T11:05:18+00:00","dateModified":"2025-07-12T11:05:19+00:00","breadcrumb":{"@id":"https:\/\/www.eldiario.net\/portal\/2025\/07\/12\/casos-de-sarampion-sobrepasan-los-100\/#breadcrumb"},"inLanguage":"es","potentialAction":[{"@type":"ReadAction","target":["https:\/\/www.eldiario.net\/portal\/2025\/07\/12\/casos-de-sarampion-sobrepasan-los-100\/"]}]},{"@type":"ImageObject","inLanguage":"es","@id":"https:\/\/www.eldiario.net\/portal\/2025\/07\/12\/casos-de-sarampion-sobrepasan-los-100\/#primaryimage","url":"https:\/\/www.eldiario.net\/portal\/wp-content\/uploads\/2025\/07\/P-2-10-cm-x-8-copia.webp","contentUrl":"https:\/\/www.eldiario.net\/portal\/wp-content\/uploads\/2025\/07\/P-2-10-cm-x-8-copia.webp","width":640,"height":427,"caption":"Contin\u00faa el ascenso de casos confIrmadoS de sarampi\u00f3n en el pa\u00eds."},{"@type":"BreadcrumbList","@id":"https:\/\/www.eldiario.net\/portal\/2025\/07\/12\/casos-de-sarampion-sobrepasan-los-100\/#breadcrumb","itemListElement":[{"@type":"ListItem","position":1,"name":"Portada","item":"https:\/\/www.eldiario.net\/portal\/"},{"@type":"ListItem","position":2,"name":"Casos de sarampi\u00f3n sobrepasan los 100"}]},{"@type":"WebSite","@id":"https:\/\/www.eldiario.net\/portal\/#website","url":"https:\/\/www.eldiario.net\/portal\/","name":"El Diario - Decano de la prensa nacional","description":"El Diario - Decano de la prensa nacional","publisher":{"@id":"https:\/\/www.eldiario.net\/portal\/#organization"},"potentialAction":[{"@type":"SearchAction","target":{"@type":"EntryPoint","urlTemplate":"https:\/\/www.eldiario.net\/portal\/?s={search_term_string}"},"query-input":{"@type":"PropertyValueSpecification","valueRequired":true,"valueName":"search_term_string"}}],"inLanguage":"es"},{"@type":"Organization","@id":"https:\/\/www.eldiario.net\/portal\/#organization","name":"El Diario - Decano de la prensa nacional","url":"https:\/\/www.eldiario.net\/portal\/","logo":{"@type":"ImageObject","inLanguage":"es","@id":"https:\/\/www.eldiario.net\/portal\/#\/schema\/logo\/image\/","url":"https:\/\/www.eldiario.net\/portal\/wp-content\/uploads\/2023\/07\/logo_ED.jpg","contentUrl":"https:\/\/www.eldiario.net\/portal\/wp-content\/uploads\/2023\/07\/logo_ED.jpg","width":272,"height":52,"caption":"El Diario - Decano de la prensa nacional"},"image":{"@id":"https:\/\/www.eldiario.net\/portal\/#\/schema\/logo\/image\/"},"sameAs":["https:\/\/www.facebook.com\/eldiario.bolivia\/","https:\/\/x.com\/eldiario_net"]},{"@type":"Person","@id":"https:\/\/www.eldiario.net\/portal\/#\/schema\/person\/2c57cf2b7a7ae032e449e4c9b1019eac","name":"Jeanette","image":{"@type":"ImageObject","inLanguage":"es","@id":"https:\/\/secure.gravatar.com\/avatar\/3ea2118a5f7dad2b7138b1187a6b7ee55f160b9968b66013c3a3ef39dd7e5798?s=96&d=mm&r=g","url":"https:\/\/secure.gravatar.com\/avatar\/3ea2118a5f7dad2b7138b1187a6b7ee55f160b9968b66013c3a3ef39dd7e5798?s=96&d=mm&r=g","contentUrl":"https:\/\/secure.gravatar.com\/avatar\/3ea2118a5f7dad2b7138b1187a6b7ee55f160b9968b66013c3a3ef39dd7e5798?s=96&d=mm&r=g","caption":"Jeanette"},"sameAs":["https:\/\/www.eldiario.net\/portal"],"url":"https:\/\/www.eldiario.net\/portal\/author\/jeanette\/"}]}},"_links":{"self":[{"href":"https:\/\/www.eldiario.net\/portal\/wp-json\/wp\/v2\/posts\/316143","targetHints":{"allow":["GET"]}}],"collection":[{"href":"https:\/\/www.eldiario.net\/portal\/wp-json\/wp\/v2\/posts"}],"about":[{"href":"https:\/\/www.eldiario.net\/portal\/wp-json\/wp\/v2\/types\/post"}],"author":[{"embeddable":true,"href":"https:\/\/www.eldiario.net\/portal\/wp-json\/wp\/v2\/users\/1"}],"replies":[{"embeddable":true,"href":"https:\/\/www.eldiario.net\/portal\/wp-json\/wp\/v2\/comments?post=316143"}],"version-history":[{"count":1,"href":"https:\/\/www.eldiario.net\/portal\/wp-json\/wp\/v2\/posts\/316143\/revisions"}],"predecessor-version":[{"id":316145,"href":"https:\/\/www.eldiario.net\/portal\/wp-json\/wp\/v2\/posts\/316143\/revisions\/316145"}],"wp:featuredmedia":[{"embeddable":true,"href":"https:\/\/www.eldiario.net\/portal\/wp-json\/wp\/v2\/media\/316144"}],"wp:attachment":[{"href":"https:\/\/www.eldiario.net\/portal\/wp-json\/wp\/v2\/media?parent=316143"}],"wp:term":[{"taxonomy":"category","embeddable":true,"href":"https:\/\/www.eldiario.net\/portal\/wp-json\/wp\/v2\/categories?post=316143"},{"taxonomy":"post_tag","embeddable":true,"href":"https:\/\/www.eldiario.net\/portal\/wp-json\/wp\/v2\/tags?post=316143"}],"curies":[{"name":"wp","href":"https:\/\/api.w.org\/{rel}","templated":true}]}}