{"id":316140,"date":"2025-07-12T07:04:31","date_gmt":"2025-07-12T11:04:31","guid":{"rendered":"https:\/\/www.eldiario.net\/portal\/?p=316140"},"modified":"2025-07-12T07:04:31","modified_gmt":"2025-07-12T11:04:31","slug":"avasallamientos-amenazan-la-vida-economia-y-produccion-alimentaria","status":"publish","type":"post","link":"https:\/\/www.eldiario.net\/portal\/2025\/07\/12\/avasallamientos-amenazan-la-vida-economia-y-produccion-alimentaria\/","title":{"rendered":"Avasallamientos amenazan la vida, econom\u00eda y producci\u00f3n alimentaria"},"content":{"rendered":"<p>La C\u00e1mara Agropecuaria del Oriente (CAO) denunci\u00f3 que los avasallamientos de tierras contin\u00faan escalando en violencia y representan una amenaza directa contra la vida, la econom\u00eda y la producci\u00f3n alimentaria del pa\u00eds.<br \/>\n\u201cEsperemos que se cumpla la ley, que agarren presos al que tengan que agarrar para que esto no contin\u00fae. Porque si contin\u00faan (los avasallamientos) y sube un escal\u00f3n m\u00e1s, van a haber bajas de vidas bolivianas. Y eso no lo queremos\u201d, manifest\u00f3 el presidente de la C\u00e1mara Agropecuaria del Oriente, Klaus Frerking.<br \/>\n\u201cRealmente para nosotros desde la instituci\u00f3n agropecuaria terminar la semana con un hecho de violencia, con un hecho de inseguridad, con una falta de respeto a la propiedad privada, estamos realmente muy preocupados. Estamos preocupados, el se\u00f1or Felipe Barbieri ha estado encerrado con 25 o 30 personas, a su encargado un tiro en el brazo, le han disparado a quemarropa. Realmente esto no puede continuar en el pa\u00eds y no es solo aqu\u00ed en Santa Cruz, tambi\u00e9n tenemos en Cochabamba, en Tarija, en el Beni, avasallamientos\u201d, se\u00f1al\u00f3 el presidente de la CAO.<br \/>\nSanta Cruz necesita progresar en libertad y no podemos estar con el Jes\u00fas de la boca por un clan de familiares o mafias organizadas, que no nos dejan producir\u201d, agreg\u00f3.<\/p>\n<p>&nbsp;<\/p>\n","protected":false},"excerpt":{"rendered":"<p>La C\u00e1mara Agropecuaria del Oriente (CAO) denunci\u00f3 que los avasallamientos de tierras contin\u00faan escalando en violencia y representan una amenaza directa contra la vida, la econom\u00eda y la producci\u00f3n alimentaria del pa\u00eds. \u201cEsperemos que se cumpla la ley, que agarren presos al que tengan que agarrar para que esto no contin\u00fae. Porque si contin\u00faan (los [&hellip;]<\/p>\n","protected":false},"author":1,"featured_media":316141,"comment_status":"closed","ping_status":"open","sticky":false,"template":"","format":"standard","meta":{"_acf_changed":false,"footnotes":""},"categories":[15],"tags":[],"class_list":["post-316140","post","type-post","status-publish","format-standard","has-post-thumbnail","category-portada"],"acf":{"antetitulo":"Seg\u00fan la CAO"},"yoast_head":"<!-- This site is optimized with the Yoast SEO plugin v28.4 - https:\/\/yoast.com\/product\/yoast-seo-wordpress\/ -->\n<title>Avasallamientos amenazan la vida, econom\u00eda y producci\u00f3n alimentaria - El Diario - Bolivia<\/title>\n<meta name=\"robots\" content=\"index, follow, max-snippet:-1, max-image-preview:large, max-video-preview:-1\" \/>\n<link rel=\"canonical\" href=\"https:\/\/www.eldiario.net\/portal\/2025\/07\/12\/avasallamientos-amenazan-la-vida-economia-y-produccion-alimentaria\/\" \/>\n<meta property=\"og:locale\" content=\"es_ES\" \/>\n<meta property=\"og:type\" content=\"article\" \/>\n<meta property=\"og:title\" content=\"Avasallamientos amenazan la vida, econom\u00eda y producci\u00f3n alimentaria - El Diario - Bolivia\" \/>\n<meta property=\"og:description\" content=\"La C\u00e1mara Agropecuaria del Oriente (CAO) denunci\u00f3 que los avasallamientos de tierras contin\u00faan escalando en violencia y representan una amenaza directa contra la vida, la econom\u00eda y la producci\u00f3n alimentaria del pa\u00eds. \u201cEsperemos que se cumpla la ley, que agarren presos al que tengan que agarrar para que esto no contin\u00fae. Porque si contin\u00faan (los [&hellip;]\" \/>\n<meta property=\"og:url\" content=\"https:\/\/www.eldiario.net\/portal\/2025\/07\/12\/avasallamientos-amenazan-la-vida-economia-y-produccion-alimentaria\/\" \/>\n<meta property=\"og:site_name\" content=\"El Diario - Bolivia\" \/>\n<meta property=\"article:publisher\" content=\"https:\/\/www.facebook.com\/eldiario.bolivia\/\" \/>\n<meta property=\"article:published_time\" content=\"2025-07-12T11:04:31+00:00\" \/>\n<meta property=\"og:image\" content=\"https:\/\/www.eldiario.net\/portal\/wp-content\/uploads\/2025\/07\/P-3-15-cm-x-8-copia.webp\" \/>\n\t<meta property=\"og:image:width\" content=\"1200\" \/>\n\t<meta property=\"og:image:height\" content=\"642\" \/>\n\t<meta property=\"og:image:type\" content=\"image\/webp\" \/>\n<meta name=\"author\" content=\"Jeanette\" \/>\n<meta name=\"twitter:card\" content=\"summary_large_image\" \/>\n<meta name=\"twitter:creator\" content=\"@eldiario_net\" \/>\n<meta name=\"twitter:site\" content=\"@eldiario_net\" \/>\n<meta name=\"twitter:label1\" content=\"Escrito por\" \/>\n\t<meta name=\"twitter:data1\" content=\"Jeanette\" \/>\n\t<meta name=\"twitter:label2\" content=\"Tiempo de lectura\" \/>\n\t<meta name=\"twitter:data2\" content=\"2 minutos\" \/>\n<script type=\"application\/ld+json\" class=\"yoast-schema-graph\">{\"@context\":\"https:\\\/\\\/schema.org\",\"@graph\":[{\"@type\":\"Article\",\"@id\":\"https:\\\/\\\/www.eldiario.net\\\/portal\\\/2025\\\/07\\\/12\\\/avasallamientos-amenazan-la-vida-economia-y-produccion-alimentaria\\\/#article\",\"isPartOf\":{\"@id\":\"https:\\\/\\\/www.eldiario.net\\\/portal\\\/2025\\\/07\\\/12\\\/avasallamientos-amenazan-la-vida-economia-y-produccion-alimentaria\\\/\"},\"author\":{\"name\":\"Jeanette\",\"@id\":\"https:\\\/\\\/www.eldiario.net\\\/portal\\\/#\\\/schema\\\/person\\\/2c57cf2b7a7ae032e449e4c9b1019eac\"},\"headline\":\"Avasallamientos amenazan la vida, econom\u00eda y producci\u00f3n alimentaria\",\"datePublished\":\"2025-07-12T11:04:31+00:00\",\"mainEntityOfPage\":{\"@id\":\"https:\\\/\\\/www.eldiario.net\\\/portal\\\/2025\\\/07\\\/12\\\/avasallamientos-amenazan-la-vida-economia-y-produccion-alimentaria\\\/\"},\"wordCount\":231,\"publisher\":{\"@id\":\"https:\\\/\\\/www.eldiario.net\\\/portal\\\/#organization\"},\"image\":{\"@id\":\"https:\\\/\\\/www.eldiario.net\\\/portal\\\/2025\\\/07\\\/12\\\/avasallamientos-amenazan-la-vida-economia-y-produccion-alimentaria\\\/#primaryimage\"},\"thumbnailUrl\":\"https:\\\/\\\/www.eldiario.net\\\/portal\\\/wp-content\\\/uploads\\\/2025\\\/07\\\/P-3-15-cm-x-8-copia.webp\",\"articleSection\":[\"Portada\"],\"inLanguage\":\"es\"},{\"@type\":\"WebPage\",\"@id\":\"https:\\\/\\\/www.eldiario.net\\\/portal\\\/2025\\\/07\\\/12\\\/avasallamientos-amenazan-la-vida-economia-y-produccion-alimentaria\\\/\",\"url\":\"https:\\\/\\\/www.eldiario.net\\\/portal\\\/2025\\\/07\\\/12\\\/avasallamientos-amenazan-la-vida-economia-y-produccion-alimentaria\\\/\",\"name\":\"Avasallamientos amenazan la vida, econom\u00eda y producci\u00f3n alimentaria - El Diario - Bolivia\",\"isPartOf\":{\"@id\":\"https:\\\/\\\/www.eldiario.net\\\/portal\\\/#website\"},\"primaryImageOfPage\":{\"@id\":\"https:\\\/\\\/www.eldiario.net\\\/portal\\\/2025\\\/07\\\/12\\\/avasallamientos-amenazan-la-vida-economia-y-produccion-alimentaria\\\/#primaryimage\"},\"image\":{\"@id\":\"https:\\\/\\\/www.eldiario.net\\\/portal\\\/2025\\\/07\\\/12\\\/avasallamientos-amenazan-la-vida-economia-y-produccion-alimentaria\\\/#primaryimage\"},\"thumbnailUrl\":\"https:\\\/\\\/www.eldiario.net\\\/portal\\\/wp-content\\\/uploads\\\/2025\\\/07\\\/P-3-15-cm-x-8-copia.webp\",\"datePublished\":\"2025-07-12T11:04:31+00:00\",\"breadcrumb\":{\"@id\":\"https:\\\/\\\/www.eldiario.net\\\/portal\\\/2025\\\/07\\\/12\\\/avasallamientos-amenazan-la-vida-economia-y-produccion-alimentaria\\\/#breadcrumb\"},\"inLanguage\":\"es\",\"potentialAction\":[{\"@type\":\"ReadAction\",\"target\":[\"https:\\\/\\\/www.eldiario.net\\\/portal\\\/2025\\\/07\\\/12\\\/avasallamientos-amenazan-la-vida-economia-y-produccion-alimentaria\\\/\"]}]},{\"@type\":\"ImageObject\",\"inLanguage\":\"es\",\"@id\":\"https:\\\/\\\/www.eldiario.net\\\/portal\\\/2025\\\/07\\\/12\\\/avasallamientos-amenazan-la-vida-economia-y-produccion-alimentaria\\\/#primaryimage\",\"url\":\"https:\\\/\\\/www.eldiario.net\\\/portal\\\/wp-content\\\/uploads\\\/2025\\\/07\\\/P-3-15-cm-x-8-copia.webp\",\"contentUrl\":\"https:\\\/\\\/www.eldiario.net\\\/portal\\\/wp-content\\\/uploads\\\/2025\\\/07\\\/P-3-15-cm-x-8-copia.webp\",\"width\":1200,\"height\":642,\"caption\":\"Klaus Frerking, presidente de la CAO.\"},{\"@type\":\"BreadcrumbList\",\"@id\":\"https:\\\/\\\/www.eldiario.net\\\/portal\\\/2025\\\/07\\\/12\\\/avasallamientos-amenazan-la-vida-economia-y-produccion-alimentaria\\\/#breadcrumb\",\"itemListElement\":[{\"@type\":\"ListItem\",\"position\":1,\"name\":\"Portada\",\"item\":\"https:\\\/\\\/www.eldiario.net\\\/portal\\\/\"},{\"@type\":\"ListItem\",\"position\":2,\"name\":\"Avasallamientos amenazan la vida, econom\u00eda y producci\u00f3n alimentaria\"}]},{\"@type\":\"WebSite\",\"@id\":\"https:\\\/\\\/www.eldiario.net\\\/portal\\\/#website\",\"url\":\"https:\\\/\\\/www.eldiario.net\\\/portal\\\/\",\"name\":\"El Diario - Decano de la prensa nacional\",\"description\":\"El Diario - Decano de la prensa nacional\",\"publisher\":{\"@id\":\"https:\\\/\\\/www.eldiario.net\\\/portal\\\/#organization\"},\"potentialAction\":[{\"@type\":\"SearchAction\",\"target\":{\"@type\":\"EntryPoint\",\"urlTemplate\":\"https:\\\/\\\/www.eldiario.net\\\/portal\\\/?s={search_term_string}\"},\"query-input\":{\"@type\":\"PropertyValueSpecification\",\"valueRequired\":true,\"valueName\":\"search_term_string\"}}],\"inLanguage\":\"es\"},{\"@type\":\"Organization\",\"@id\":\"https:\\\/\\\/www.eldiario.net\\\/portal\\\/#organization\",\"name\":\"El Diario - Decano de la prensa nacional\",\"url\":\"https:\\\/\\\/www.eldiario.net\\\/portal\\\/\",\"logo\":{\"@type\":\"ImageObject\",\"inLanguage\":\"es\",\"@id\":\"https:\\\/\\\/www.eldiario.net\\\/portal\\\/#\\\/schema\\\/logo\\\/image\\\/\",\"url\":\"https:\\\/\\\/www.eldiario.net\\\/portal\\\/wp-content\\\/uploads\\\/2023\\\/07\\\/logo_ED.jpg\",\"contentUrl\":\"https:\\\/\\\/www.eldiario.net\\\/portal\\\/wp-content\\\/uploads\\\/2023\\\/07\\\/logo_ED.jpg\",\"width\":272,\"height\":52,\"caption\":\"El Diario - Decano de la prensa nacional\"},\"image\":{\"@id\":\"https:\\\/\\\/www.eldiario.net\\\/portal\\\/#\\\/schema\\\/logo\\\/image\\\/\"},\"sameAs\":[\"https:\\\/\\\/www.facebook.com\\\/eldiario.bolivia\\\/\",\"https:\\\/\\\/x.com\\\/eldiario_net\"]},{\"@type\":\"Person\",\"@id\":\"https:\\\/\\\/www.eldiario.net\\\/portal\\\/#\\\/schema\\\/person\\\/2c57cf2b7a7ae032e449e4c9b1019eac\",\"name\":\"Jeanette\",\"image\":{\"@type\":\"ImageObject\",\"inLanguage\":\"es\",\"@id\":\"https:\\\/\\\/secure.gravatar.com\\\/avatar\\\/3ea2118a5f7dad2b7138b1187a6b7ee55f160b9968b66013c3a3ef39dd7e5798?s=96&d=mm&r=g\",\"url\":\"https:\\\/\\\/secure.gravatar.com\\\/avatar\\\/3ea2118a5f7dad2b7138b1187a6b7ee55f160b9968b66013c3a3ef39dd7e5798?s=96&d=mm&r=g\",\"contentUrl\":\"https:\\\/\\\/secure.gravatar.com\\\/avatar\\\/3ea2118a5f7dad2b7138b1187a6b7ee55f160b9968b66013c3a3ef39dd7e5798?s=96&d=mm&r=g\",\"caption\":\"Jeanette\"},\"sameAs\":[\"https:\\\/\\\/www.eldiario.net\\\/portal\"],\"url\":\"https:\\\/\\\/www.eldiario.net\\\/portal\\\/author\\\/jeanette\\\/\"}]}<\/script>\n<!-- \/ Yoast SEO plugin. -->","yoast_head_json":{"title":"Avasallamientos amenazan la vida, econom\u00eda y producci\u00f3n alimentaria - El Diario - Bolivia","robots":{"index":"index","follow":"follow","max-snippet":"max-snippet:-1","max-image-preview":"max-image-preview:large","max-video-preview":"max-video-preview:-1"},"canonical":"https:\/\/www.eldiario.net\/portal\/2025\/07\/12\/avasallamientos-amenazan-la-vida-economia-y-produccion-alimentaria\/","og_locale":"es_ES","og_type":"article","og_title":"Avasallamientos amenazan la vida, econom\u00eda y producci\u00f3n alimentaria - El Diario - Bolivia","og_description":"La C\u00e1mara Agropecuaria del Oriente (CAO) denunci\u00f3 que los avasallamientos de tierras contin\u00faan escalando en violencia y representan una amenaza directa contra la vida, la econom\u00eda y la producci\u00f3n alimentaria del pa\u00eds. \u201cEsperemos que se cumpla la ley, que agarren presos al que tengan que agarrar para que esto no contin\u00fae. Porque si contin\u00faan (los [&hellip;]","og_url":"https:\/\/www.eldiario.net\/portal\/2025\/07\/12\/avasallamientos-amenazan-la-vida-economia-y-produccion-alimentaria\/","og_site_name":"El Diario - Bolivia","article_publisher":"https:\/\/www.facebook.com\/eldiario.bolivia\/","article_published_time":"2025-07-12T11:04:31+00:00","og_image":[{"width":1200,"height":642,"url":"https:\/\/www.eldiario.net\/portal\/wp-content\/uploads\/2025\/07\/P-3-15-cm-x-8-copia.webp","type":"image\/webp"}],"author":"Jeanette","twitter_card":"summary_large_image","twitter_creator":"@eldiario_net","twitter_site":"@eldiario_net","twitter_misc":{"Escrito por":"Jeanette","Tiempo de lectura":"2 minutos"},"schema":{"@context":"https:\/\/schema.org","@graph":[{"@type":"Article","@id":"https:\/\/www.eldiario.net\/portal\/2025\/07\/12\/avasallamientos-amenazan-la-vida-economia-y-produccion-alimentaria\/#article","isPartOf":{"@id":"https:\/\/www.eldiario.net\/portal\/2025\/07\/12\/avasallamientos-amenazan-la-vida-economia-y-produccion-alimentaria\/"},"author":{"name":"Jeanette","@id":"https:\/\/www.eldiario.net\/portal\/#\/schema\/person\/2c57cf2b7a7ae032e449e4c9b1019eac"},"headline":"Avasallamientos amenazan la vida, econom\u00eda y producci\u00f3n alimentaria","datePublished":"2025-07-12T11:04:31+00:00","mainEntityOfPage":{"@id":"https:\/\/www.eldiario.net\/portal\/2025\/07\/12\/avasallamientos-amenazan-la-vida-economia-y-produccion-alimentaria\/"},"wordCount":231,"publisher":{"@id":"https:\/\/www.eldiario.net\/portal\/#organization"},"image":{"@id":"https:\/\/www.eldiario.net\/portal\/2025\/07\/12\/avasallamientos-amenazan-la-vida-economia-y-produccion-alimentaria\/#primaryimage"},"thumbnailUrl":"https:\/\/www.eldiario.net\/portal\/wp-content\/uploads\/2025\/07\/P-3-15-cm-x-8-copia.webp","articleSection":["Portada"],"inLanguage":"es"},{"@type":"WebPage","@id":"https:\/\/www.eldiario.net\/portal\/2025\/07\/12\/avasallamientos-amenazan-la-vida-economia-y-produccion-alimentaria\/","url":"https:\/\/www.eldiario.net\/portal\/2025\/07\/12\/avasallamientos-amenazan-la-vida-economia-y-produccion-alimentaria\/","name":"Avasallamientos amenazan la vida, econom\u00eda y producci\u00f3n alimentaria - El Diario - Bolivia","isPartOf":{"@id":"https:\/\/www.eldiario.net\/portal\/#website"},"primaryImageOfPage":{"@id":"https:\/\/www.eldiario.net\/portal\/2025\/07\/12\/avasallamientos-amenazan-la-vida-economia-y-produccion-alimentaria\/#primaryimage"},"image":{"@id":"https:\/\/www.eldiario.net\/portal\/2025\/07\/12\/avasallamientos-amenazan-la-vida-economia-y-produccion-alimentaria\/#primaryimage"},"thumbnailUrl":"https:\/\/www.eldiario.net\/portal\/wp-content\/uploads\/2025\/07\/P-3-15-cm-x-8-copia.webp","datePublished":"2025-07-12T11:04:31+00:00","breadcrumb":{"@id":"https:\/\/www.eldiario.net\/portal\/2025\/07\/12\/avasallamientos-amenazan-la-vida-economia-y-produccion-alimentaria\/#breadcrumb"},"inLanguage":"es","potentialAction":[{"@type":"ReadAction","target":["https:\/\/www.eldiario.net\/portal\/2025\/07\/12\/avasallamientos-amenazan-la-vida-economia-y-produccion-alimentaria\/"]}]},{"@type":"ImageObject","inLanguage":"es","@id":"https:\/\/www.eldiario.net\/portal\/2025\/07\/12\/avasallamientos-amenazan-la-vida-economia-y-produccion-alimentaria\/#primaryimage","url":"https:\/\/www.eldiario.net\/portal\/wp-content\/uploads\/2025\/07\/P-3-15-cm-x-8-copia.webp","contentUrl":"https:\/\/www.eldiario.net\/portal\/wp-content\/uploads\/2025\/07\/P-3-15-cm-x-8-copia.webp","width":1200,"height":642,"caption":"Klaus Frerking, presidente de la CAO."},{"@type":"BreadcrumbList","@id":"https:\/\/www.eldiario.net\/portal\/2025\/07\/12\/avasallamientos-amenazan-la-vida-economia-y-produccion-alimentaria\/#breadcrumb","itemListElement":[{"@type":"ListItem","position":1,"name":"Portada","item":"https:\/\/www.eldiario.net\/portal\/"},{"@type":"ListItem","position":2,"name":"Avasallamientos amenazan la vida, econom\u00eda y producci\u00f3n alimentaria"}]},{"@type":"WebSite","@id":"https:\/\/www.eldiario.net\/portal\/#website","url":"https:\/\/www.eldiario.net\/portal\/","name":"El Diario - Decano de la prensa nacional","description":"El Diario - Decano de la prensa nacional","publisher":{"@id":"https:\/\/www.eldiario.net\/portal\/#organization"},"potentialAction":[{"@type":"SearchAction","target":{"@type":"EntryPoint","urlTemplate":"https:\/\/www.eldiario.net\/portal\/?s={search_term_string}"},"query-input":{"@type":"PropertyValueSpecification","valueRequired":true,"valueName":"search_term_string"}}],"inLanguage":"es"},{"@type":"Organization","@id":"https:\/\/www.eldiario.net\/portal\/#organization","name":"El Diario - Decano de la prensa nacional","url":"https:\/\/www.eldiario.net\/portal\/","logo":{"@type":"ImageObject","inLanguage":"es","@id":"https:\/\/www.eldiario.net\/portal\/#\/schema\/logo\/image\/","url":"https:\/\/www.eldiario.net\/portal\/wp-content\/uploads\/2023\/07\/logo_ED.jpg","contentUrl":"https:\/\/www.eldiario.net\/portal\/wp-content\/uploads\/2023\/07\/logo_ED.jpg","width":272,"height":52,"caption":"El Diario - Decano de la prensa nacional"},"image":{"@id":"https:\/\/www.eldiario.net\/portal\/#\/schema\/logo\/image\/"},"sameAs":["https:\/\/www.facebook.com\/eldiario.bolivia\/","https:\/\/x.com\/eldiario_net"]},{"@type":"Person","@id":"https:\/\/www.eldiario.net\/portal\/#\/schema\/person\/2c57cf2b7a7ae032e449e4c9b1019eac","name":"Jeanette","image":{"@type":"ImageObject","inLanguage":"es","@id":"https:\/\/secure.gravatar.com\/avatar\/3ea2118a5f7dad2b7138b1187a6b7ee55f160b9968b66013c3a3ef39dd7e5798?s=96&d=mm&r=g","url":"https:\/\/secure.gravatar.com\/avatar\/3ea2118a5f7dad2b7138b1187a6b7ee55f160b9968b66013c3a3ef39dd7e5798?s=96&d=mm&r=g","contentUrl":"https:\/\/secure.gravatar.com\/avatar\/3ea2118a5f7dad2b7138b1187a6b7ee55f160b9968b66013c3a3ef39dd7e5798?s=96&d=mm&r=g","caption":"Jeanette"},"sameAs":["https:\/\/www.eldiario.net\/portal"],"url":"https:\/\/www.eldiario.net\/portal\/author\/jeanette\/"}]}},"_links":{"self":[{"href":"https:\/\/www.eldiario.net\/portal\/wp-json\/wp\/v2\/posts\/316140","targetHints":{"allow":["GET"]}}],"collection":[{"href":"https:\/\/www.eldiario.net\/portal\/wp-json\/wp\/v2\/posts"}],"about":[{"href":"https:\/\/www.eldiario.net\/portal\/wp-json\/wp\/v2\/types\/post"}],"author":[{"embeddable":true,"href":"https:\/\/www.eldiario.net\/portal\/wp-json\/wp\/v2\/users\/1"}],"replies":[{"embeddable":true,"href":"https:\/\/www.eldiario.net\/portal\/wp-json\/wp\/v2\/comments?post=316140"}],"version-history":[{"count":1,"href":"https:\/\/www.eldiario.net\/portal\/wp-json\/wp\/v2\/posts\/316140\/revisions"}],"predecessor-version":[{"id":316142,"href":"https:\/\/www.eldiario.net\/portal\/wp-json\/wp\/v2\/posts\/316140\/revisions\/316142"}],"wp:featuredmedia":[{"embeddable":true,"href":"https:\/\/www.eldiario.net\/portal\/wp-json\/wp\/v2\/media\/316141"}],"wp:attachment":[{"href":"https:\/\/www.eldiario.net\/portal\/wp-json\/wp\/v2\/media?parent=316140"}],"wp:term":[{"taxonomy":"category","embeddable":true,"href":"https:\/\/www.eldiario.net\/portal\/wp-json\/wp\/v2\/categories?post=316140"},{"taxonomy":"post_tag","embeddable":true,"href":"https:\/\/www.eldiario.net\/portal\/wp-json\/wp\/v2\/tags?post=316140"}],"curies":[{"name":"wp","href":"https:\/\/api.w.org\/{rel}","templated":true}]}}