{"id":316134,"date":"2025-07-12T07:02:52","date_gmt":"2025-07-12T11:02:52","guid":{"rendered":"https:\/\/www.eldiario.net\/portal\/?p=316134"},"modified":"2025-07-12T07:02:52","modified_gmt":"2025-07-12T11:02:52","slug":"choferes-bloquean-ruta-el-alto-y-viacha-por-falta-de-diesel","status":"publish","type":"post","link":"https:\/\/www.eldiario.net\/portal\/2025\/07\/12\/choferes-bloquean-ruta-el-alto-y-viacha-por-falta-de-diesel\/","title":{"rendered":"Choferes bloquean ruta El Alto y Viacha por falta de di\u00e9sel"},"content":{"rendered":"<p class=\"v1MsoNormal\"><span lang=\"ES-MX\">La escasez de combustible nuevamente est\u00e1 preocupando a los choferes del transporte pesado. Varios conductores decidieron bloquear la carretera El Alto \u2013 Viacha, como se\u00f1al de protesta ante la falta de di\u00e9sel en el surtidor que est\u00e1 en la ruta de alto tr\u00e1fico.<\/span><\/p>\n<p class=\"v1MsoNormal\"><span lang=\"ES-MX\">\u201cEsta medida de presi\u00f3n estamos llevando hoy (viernes) porque lamentablemente estamos esperando en la fila desde el martes, estamos tres noches y tres d\u00edas. Estamos durmiendo en la fila\u201d, declar\u00f3 un chofer a Unitel.<\/span><\/p>\n<p class=\"v1MsoNormal\"><span lang=\"ES-MX\">El conductor dijo que est\u00e1n varios d\u00edas parados con sus camiones y buses en las filas por combustible. El sector pide a las autoridades de Gobierno dar soluciones a la distribuci\u00f3n del carburante.<\/span><\/p>\n<p class=\"v1MsoNormal\"><span lang=\"ES-MX\">\u201cEstamos pasando fr\u00edo y hambre, es lamentable para nosotros, pedimos al Gobierno que d\u00e9 soluci\u00f3n. Este es un perjuicio para toda la poblaci\u00f3n\u201d, dijo otro conductor del transporte pesado.<\/span><\/p>\n<p class=\"v1MsoNormal\"><span lang=\"ES-MX\">Adem\u00e1s, los transportistas dicen que sus recursos para permanecer en la fila ya se acabaron y que no tienen recursos para su alimentaci\u00f3n.<\/span><\/p>\n<p class=\"v1MsoNormal\"><span lang=\"ES-MX\">\u201cNo tenemos para comer, no podemos como abastecer a la gente con los viajes\u201d, declar\u00f3.<\/span><\/p>\n<p class=\"v1MsoNormal\"><span lang=\"ES-MX\">Este viernes varios surtidores amanecieron con filas. El transporte de productos y de pasajeros de todo el pa\u00eds se encuentra afectado debido a la escasez de di\u00e9sel en los diferentes surtidores, situaci\u00f3n que se viene atravesando desde hace ya varios meses y que hasta la fecha no se ha regularizado. (Unitel)<\/span><\/p>\n","protected":false},"excerpt":{"rendered":"<p>La escasez de combustible nuevamente est\u00e1 preocupando a los choferes del transporte pesado. Varios conductores decidieron bloquear la carretera El Alto \u2013 Viacha, como se\u00f1al de protesta ante la falta de di\u00e9sel en el surtidor que est\u00e1 en la ruta de alto tr\u00e1fico. \u201cEsta medida de presi\u00f3n estamos llevando hoy (viernes) porque lamentablemente estamos esperando [&hellip;]<\/p>\n","protected":false},"author":1,"featured_media":316135,"comment_status":"closed","ping_status":"open","sticky":false,"template":"","format":"standard","meta":{"_acf_changed":false,"footnotes":""},"categories":[15],"tags":[],"class_list":["post-316134","post","type-post","status-publish","format-standard","has-post-thumbnail","category-portada"],"acf":{"antetitulo":"Contin\u00faan las filas "},"yoast_head":"<!-- This site is optimized with the Yoast SEO plugin v28.4 - https:\/\/yoast.com\/product\/yoast-seo-wordpress\/ -->\n<title>Choferes bloquean ruta El Alto y Viacha por falta de di\u00e9sel - El Diario - Bolivia<\/title>\n<meta name=\"robots\" content=\"index, follow, max-snippet:-1, max-image-preview:large, max-video-preview:-1\" \/>\n<link rel=\"canonical\" href=\"https:\/\/www.eldiario.net\/portal\/2025\/07\/12\/choferes-bloquean-ruta-el-alto-y-viacha-por-falta-de-diesel\/\" \/>\n<meta property=\"og:locale\" content=\"es_ES\" \/>\n<meta property=\"og:type\" content=\"article\" \/>\n<meta property=\"og:title\" content=\"Choferes bloquean ruta El Alto y Viacha por falta de di\u00e9sel - El Diario - Bolivia\" \/>\n<meta property=\"og:description\" content=\"La escasez de combustible nuevamente est\u00e1 preocupando a los choferes del transporte pesado. Varios conductores decidieron bloquear la carretera El Alto \u2013 Viacha, como se\u00f1al de protesta ante la falta de di\u00e9sel en el surtidor que est\u00e1 en la ruta de alto tr\u00e1fico. \u201cEsta medida de presi\u00f3n estamos llevando hoy (viernes) porque lamentablemente estamos esperando [&hellip;]\" \/>\n<meta property=\"og:url\" content=\"https:\/\/www.eldiario.net\/portal\/2025\/07\/12\/choferes-bloquean-ruta-el-alto-y-viacha-por-falta-de-diesel\/\" \/>\n<meta property=\"og:site_name\" content=\"El Diario - Bolivia\" \/>\n<meta property=\"article:publisher\" content=\"https:\/\/www.facebook.com\/eldiario.bolivia\/\" \/>\n<meta property=\"article:published_time\" content=\"2025-07-12T11:02:52+00:00\" \/>\n<meta property=\"og:image\" content=\"https:\/\/www.eldiario.net\/portal\/wp-content\/uploads\/2025\/07\/BLOQUEO-UNITEL.webp\" \/>\n\t<meta property=\"og:image:width\" content=\"1280\" \/>\n\t<meta property=\"og:image:height\" content=\"545\" \/>\n\t<meta property=\"og:image:type\" content=\"image\/webp\" \/>\n<meta name=\"author\" content=\"Jeanette\" \/>\n<meta name=\"twitter:card\" content=\"summary_large_image\" \/>\n<meta name=\"twitter:creator\" content=\"@eldiario_net\" \/>\n<meta name=\"twitter:site\" content=\"@eldiario_net\" \/>\n<meta name=\"twitter:label1\" content=\"Escrito por\" \/>\n\t<meta name=\"twitter:data1\" content=\"Jeanette\" \/>\n\t<meta name=\"twitter:label2\" content=\"Tiempo de lectura\" \/>\n\t<meta name=\"twitter:data2\" content=\"2 minutos\" \/>\n<script type=\"application\/ld+json\" class=\"yoast-schema-graph\">{\"@context\":\"https:\\\/\\\/schema.org\",\"@graph\":[{\"@type\":\"Article\",\"@id\":\"https:\\\/\\\/www.eldiario.net\\\/portal\\\/2025\\\/07\\\/12\\\/choferes-bloquean-ruta-el-alto-y-viacha-por-falta-de-diesel\\\/#article\",\"isPartOf\":{\"@id\":\"https:\\\/\\\/www.eldiario.net\\\/portal\\\/2025\\\/07\\\/12\\\/choferes-bloquean-ruta-el-alto-y-viacha-por-falta-de-diesel\\\/\"},\"author\":{\"name\":\"Jeanette\",\"@id\":\"https:\\\/\\\/www.eldiario.net\\\/portal\\\/#\\\/schema\\\/person\\\/2c57cf2b7a7ae032e449e4c9b1019eac\"},\"headline\":\"Choferes bloquean ruta El Alto y Viacha por falta de di\u00e9sel\",\"datePublished\":\"2025-07-12T11:02:52+00:00\",\"mainEntityOfPage\":{\"@id\":\"https:\\\/\\\/www.eldiario.net\\\/portal\\\/2025\\\/07\\\/12\\\/choferes-bloquean-ruta-el-alto-y-viacha-por-falta-de-diesel\\\/\"},\"wordCount\":255,\"publisher\":{\"@id\":\"https:\\\/\\\/www.eldiario.net\\\/portal\\\/#organization\"},\"image\":{\"@id\":\"https:\\\/\\\/www.eldiario.net\\\/portal\\\/2025\\\/07\\\/12\\\/choferes-bloquean-ruta-el-alto-y-viacha-por-falta-de-diesel\\\/#primaryimage\"},\"thumbnailUrl\":\"https:\\\/\\\/www.eldiario.net\\\/portal\\\/wp-content\\\/uploads\\\/2025\\\/07\\\/BLOQUEO-UNITEL.webp\",\"articleSection\":[\"Portada\"],\"inLanguage\":\"es\"},{\"@type\":\"WebPage\",\"@id\":\"https:\\\/\\\/www.eldiario.net\\\/portal\\\/2025\\\/07\\\/12\\\/choferes-bloquean-ruta-el-alto-y-viacha-por-falta-de-diesel\\\/\",\"url\":\"https:\\\/\\\/www.eldiario.net\\\/portal\\\/2025\\\/07\\\/12\\\/choferes-bloquean-ruta-el-alto-y-viacha-por-falta-de-diesel\\\/\",\"name\":\"Choferes bloquean ruta El Alto y Viacha por falta de di\u00e9sel - El Diario - Bolivia\",\"isPartOf\":{\"@id\":\"https:\\\/\\\/www.eldiario.net\\\/portal\\\/#website\"},\"primaryImageOfPage\":{\"@id\":\"https:\\\/\\\/www.eldiario.net\\\/portal\\\/2025\\\/07\\\/12\\\/choferes-bloquean-ruta-el-alto-y-viacha-por-falta-de-diesel\\\/#primaryimage\"},\"image\":{\"@id\":\"https:\\\/\\\/www.eldiario.net\\\/portal\\\/2025\\\/07\\\/12\\\/choferes-bloquean-ruta-el-alto-y-viacha-por-falta-de-diesel\\\/#primaryimage\"},\"thumbnailUrl\":\"https:\\\/\\\/www.eldiario.net\\\/portal\\\/wp-content\\\/uploads\\\/2025\\\/07\\\/BLOQUEO-UNITEL.webp\",\"datePublished\":\"2025-07-12T11:02:52+00:00\",\"breadcrumb\":{\"@id\":\"https:\\\/\\\/www.eldiario.net\\\/portal\\\/2025\\\/07\\\/12\\\/choferes-bloquean-ruta-el-alto-y-viacha-por-falta-de-diesel\\\/#breadcrumb\"},\"inLanguage\":\"es\",\"potentialAction\":[{\"@type\":\"ReadAction\",\"target\":[\"https:\\\/\\\/www.eldiario.net\\\/portal\\\/2025\\\/07\\\/12\\\/choferes-bloquean-ruta-el-alto-y-viacha-por-falta-de-diesel\\\/\"]}]},{\"@type\":\"ImageObject\",\"inLanguage\":\"es\",\"@id\":\"https:\\\/\\\/www.eldiario.net\\\/portal\\\/2025\\\/07\\\/12\\\/choferes-bloquean-ruta-el-alto-y-viacha-por-falta-de-diesel\\\/#primaryimage\",\"url\":\"https:\\\/\\\/www.eldiario.net\\\/portal\\\/wp-content\\\/uploads\\\/2025\\\/07\\\/BLOQUEO-UNITEL.webp\",\"contentUrl\":\"https:\\\/\\\/www.eldiario.net\\\/portal\\\/wp-content\\\/uploads\\\/2025\\\/07\\\/BLOQUEO-UNITEL.webp\",\"width\":1280,\"height\":545,\"caption\":\"Bloqueos en la ruta a Viacha. CR\u00c9DITO: Unitel\"},{\"@type\":\"BreadcrumbList\",\"@id\":\"https:\\\/\\\/www.eldiario.net\\\/portal\\\/2025\\\/07\\\/12\\\/choferes-bloquean-ruta-el-alto-y-viacha-por-falta-de-diesel\\\/#breadcrumb\",\"itemListElement\":[{\"@type\":\"ListItem\",\"position\":1,\"name\":\"Portada\",\"item\":\"https:\\\/\\\/www.eldiario.net\\\/portal\\\/\"},{\"@type\":\"ListItem\",\"position\":2,\"name\":\"Choferes bloquean ruta El Alto y Viacha por falta de di\u00e9sel\"}]},{\"@type\":\"WebSite\",\"@id\":\"https:\\\/\\\/www.eldiario.net\\\/portal\\\/#website\",\"url\":\"https:\\\/\\\/www.eldiario.net\\\/portal\\\/\",\"name\":\"El Diario - Decano de la prensa nacional\",\"description\":\"El Diario - Decano de la prensa nacional\",\"publisher\":{\"@id\":\"https:\\\/\\\/www.eldiario.net\\\/portal\\\/#organization\"},\"potentialAction\":[{\"@type\":\"SearchAction\",\"target\":{\"@type\":\"EntryPoint\",\"urlTemplate\":\"https:\\\/\\\/www.eldiario.net\\\/portal\\\/?s={search_term_string}\"},\"query-input\":{\"@type\":\"PropertyValueSpecification\",\"valueRequired\":true,\"valueName\":\"search_term_string\"}}],\"inLanguage\":\"es\"},{\"@type\":\"Organization\",\"@id\":\"https:\\\/\\\/www.eldiario.net\\\/portal\\\/#organization\",\"name\":\"El Diario - Decano de la prensa nacional\",\"url\":\"https:\\\/\\\/www.eldiario.net\\\/portal\\\/\",\"logo\":{\"@type\":\"ImageObject\",\"inLanguage\":\"es\",\"@id\":\"https:\\\/\\\/www.eldiario.net\\\/portal\\\/#\\\/schema\\\/logo\\\/image\\\/\",\"url\":\"https:\\\/\\\/www.eldiario.net\\\/portal\\\/wp-content\\\/uploads\\\/2023\\\/07\\\/logo_ED.jpg\",\"contentUrl\":\"https:\\\/\\\/www.eldiario.net\\\/portal\\\/wp-content\\\/uploads\\\/2023\\\/07\\\/logo_ED.jpg\",\"width\":272,\"height\":52,\"caption\":\"El Diario - Decano de la prensa nacional\"},\"image\":{\"@id\":\"https:\\\/\\\/www.eldiario.net\\\/portal\\\/#\\\/schema\\\/logo\\\/image\\\/\"},\"sameAs\":[\"https:\\\/\\\/www.facebook.com\\\/eldiario.bolivia\\\/\",\"https:\\\/\\\/x.com\\\/eldiario_net\"]},{\"@type\":\"Person\",\"@id\":\"https:\\\/\\\/www.eldiario.net\\\/portal\\\/#\\\/schema\\\/person\\\/2c57cf2b7a7ae032e449e4c9b1019eac\",\"name\":\"Jeanette\",\"image\":{\"@type\":\"ImageObject\",\"inLanguage\":\"es\",\"@id\":\"https:\\\/\\\/secure.gravatar.com\\\/avatar\\\/3ea2118a5f7dad2b7138b1187a6b7ee55f160b9968b66013c3a3ef39dd7e5798?s=96&d=mm&r=g\",\"url\":\"https:\\\/\\\/secure.gravatar.com\\\/avatar\\\/3ea2118a5f7dad2b7138b1187a6b7ee55f160b9968b66013c3a3ef39dd7e5798?s=96&d=mm&r=g\",\"contentUrl\":\"https:\\\/\\\/secure.gravatar.com\\\/avatar\\\/3ea2118a5f7dad2b7138b1187a6b7ee55f160b9968b66013c3a3ef39dd7e5798?s=96&d=mm&r=g\",\"caption\":\"Jeanette\"},\"sameAs\":[\"https:\\\/\\\/www.eldiario.net\\\/portal\"],\"url\":\"https:\\\/\\\/www.eldiario.net\\\/portal\\\/author\\\/jeanette\\\/\"}]}<\/script>\n<!-- \/ Yoast SEO plugin. -->","yoast_head_json":{"title":"Choferes bloquean ruta El Alto y Viacha por falta de di\u00e9sel - El Diario - Bolivia","robots":{"index":"index","follow":"follow","max-snippet":"max-snippet:-1","max-image-preview":"max-image-preview:large","max-video-preview":"max-video-preview:-1"},"canonical":"https:\/\/www.eldiario.net\/portal\/2025\/07\/12\/choferes-bloquean-ruta-el-alto-y-viacha-por-falta-de-diesel\/","og_locale":"es_ES","og_type":"article","og_title":"Choferes bloquean ruta El Alto y Viacha por falta de di\u00e9sel - El Diario - Bolivia","og_description":"La escasez de combustible nuevamente est\u00e1 preocupando a los choferes del transporte pesado. Varios conductores decidieron bloquear la carretera El Alto \u2013 Viacha, como se\u00f1al de protesta ante la falta de di\u00e9sel en el surtidor que est\u00e1 en la ruta de alto tr\u00e1fico. \u201cEsta medida de presi\u00f3n estamos llevando hoy (viernes) porque lamentablemente estamos esperando [&hellip;]","og_url":"https:\/\/www.eldiario.net\/portal\/2025\/07\/12\/choferes-bloquean-ruta-el-alto-y-viacha-por-falta-de-diesel\/","og_site_name":"El Diario - Bolivia","article_publisher":"https:\/\/www.facebook.com\/eldiario.bolivia\/","article_published_time":"2025-07-12T11:02:52+00:00","og_image":[{"width":1280,"height":545,"url":"https:\/\/www.eldiario.net\/portal\/wp-content\/uploads\/2025\/07\/BLOQUEO-UNITEL.webp","type":"image\/webp"}],"author":"Jeanette","twitter_card":"summary_large_image","twitter_creator":"@eldiario_net","twitter_site":"@eldiario_net","twitter_misc":{"Escrito por":"Jeanette","Tiempo de lectura":"2 minutos"},"schema":{"@context":"https:\/\/schema.org","@graph":[{"@type":"Article","@id":"https:\/\/www.eldiario.net\/portal\/2025\/07\/12\/choferes-bloquean-ruta-el-alto-y-viacha-por-falta-de-diesel\/#article","isPartOf":{"@id":"https:\/\/www.eldiario.net\/portal\/2025\/07\/12\/choferes-bloquean-ruta-el-alto-y-viacha-por-falta-de-diesel\/"},"author":{"name":"Jeanette","@id":"https:\/\/www.eldiario.net\/portal\/#\/schema\/person\/2c57cf2b7a7ae032e449e4c9b1019eac"},"headline":"Choferes bloquean ruta El Alto y Viacha por falta de di\u00e9sel","datePublished":"2025-07-12T11:02:52+00:00","mainEntityOfPage":{"@id":"https:\/\/www.eldiario.net\/portal\/2025\/07\/12\/choferes-bloquean-ruta-el-alto-y-viacha-por-falta-de-diesel\/"},"wordCount":255,"publisher":{"@id":"https:\/\/www.eldiario.net\/portal\/#organization"},"image":{"@id":"https:\/\/www.eldiario.net\/portal\/2025\/07\/12\/choferes-bloquean-ruta-el-alto-y-viacha-por-falta-de-diesel\/#primaryimage"},"thumbnailUrl":"https:\/\/www.eldiario.net\/portal\/wp-content\/uploads\/2025\/07\/BLOQUEO-UNITEL.webp","articleSection":["Portada"],"inLanguage":"es"},{"@type":"WebPage","@id":"https:\/\/www.eldiario.net\/portal\/2025\/07\/12\/choferes-bloquean-ruta-el-alto-y-viacha-por-falta-de-diesel\/","url":"https:\/\/www.eldiario.net\/portal\/2025\/07\/12\/choferes-bloquean-ruta-el-alto-y-viacha-por-falta-de-diesel\/","name":"Choferes bloquean ruta El Alto y Viacha por falta de di\u00e9sel - El Diario - Bolivia","isPartOf":{"@id":"https:\/\/www.eldiario.net\/portal\/#website"},"primaryImageOfPage":{"@id":"https:\/\/www.eldiario.net\/portal\/2025\/07\/12\/choferes-bloquean-ruta-el-alto-y-viacha-por-falta-de-diesel\/#primaryimage"},"image":{"@id":"https:\/\/www.eldiario.net\/portal\/2025\/07\/12\/choferes-bloquean-ruta-el-alto-y-viacha-por-falta-de-diesel\/#primaryimage"},"thumbnailUrl":"https:\/\/www.eldiario.net\/portal\/wp-content\/uploads\/2025\/07\/BLOQUEO-UNITEL.webp","datePublished":"2025-07-12T11:02:52+00:00","breadcrumb":{"@id":"https:\/\/www.eldiario.net\/portal\/2025\/07\/12\/choferes-bloquean-ruta-el-alto-y-viacha-por-falta-de-diesel\/#breadcrumb"},"inLanguage":"es","potentialAction":[{"@type":"ReadAction","target":["https:\/\/www.eldiario.net\/portal\/2025\/07\/12\/choferes-bloquean-ruta-el-alto-y-viacha-por-falta-de-diesel\/"]}]},{"@type":"ImageObject","inLanguage":"es","@id":"https:\/\/www.eldiario.net\/portal\/2025\/07\/12\/choferes-bloquean-ruta-el-alto-y-viacha-por-falta-de-diesel\/#primaryimage","url":"https:\/\/www.eldiario.net\/portal\/wp-content\/uploads\/2025\/07\/BLOQUEO-UNITEL.webp","contentUrl":"https:\/\/www.eldiario.net\/portal\/wp-content\/uploads\/2025\/07\/BLOQUEO-UNITEL.webp","width":1280,"height":545,"caption":"Bloqueos en la ruta a Viacha. CR\u00c9DITO: Unitel"},{"@type":"BreadcrumbList","@id":"https:\/\/www.eldiario.net\/portal\/2025\/07\/12\/choferes-bloquean-ruta-el-alto-y-viacha-por-falta-de-diesel\/#breadcrumb","itemListElement":[{"@type":"ListItem","position":1,"name":"Portada","item":"https:\/\/www.eldiario.net\/portal\/"},{"@type":"ListItem","position":2,"name":"Choferes bloquean ruta El Alto y Viacha por falta de di\u00e9sel"}]},{"@type":"WebSite","@id":"https:\/\/www.eldiario.net\/portal\/#website","url":"https:\/\/www.eldiario.net\/portal\/","name":"El Diario - Decano de la prensa nacional","description":"El Diario - Decano de la prensa nacional","publisher":{"@id":"https:\/\/www.eldiario.net\/portal\/#organization"},"potentialAction":[{"@type":"SearchAction","target":{"@type":"EntryPoint","urlTemplate":"https:\/\/www.eldiario.net\/portal\/?s={search_term_string}"},"query-input":{"@type":"PropertyValueSpecification","valueRequired":true,"valueName":"search_term_string"}}],"inLanguage":"es"},{"@type":"Organization","@id":"https:\/\/www.eldiario.net\/portal\/#organization","name":"El Diario - Decano de la prensa nacional","url":"https:\/\/www.eldiario.net\/portal\/","logo":{"@type":"ImageObject","inLanguage":"es","@id":"https:\/\/www.eldiario.net\/portal\/#\/schema\/logo\/image\/","url":"https:\/\/www.eldiario.net\/portal\/wp-content\/uploads\/2023\/07\/logo_ED.jpg","contentUrl":"https:\/\/www.eldiario.net\/portal\/wp-content\/uploads\/2023\/07\/logo_ED.jpg","width":272,"height":52,"caption":"El Diario - Decano de la prensa nacional"},"image":{"@id":"https:\/\/www.eldiario.net\/portal\/#\/schema\/logo\/image\/"},"sameAs":["https:\/\/www.facebook.com\/eldiario.bolivia\/","https:\/\/x.com\/eldiario_net"]},{"@type":"Person","@id":"https:\/\/www.eldiario.net\/portal\/#\/schema\/person\/2c57cf2b7a7ae032e449e4c9b1019eac","name":"Jeanette","image":{"@type":"ImageObject","inLanguage":"es","@id":"https:\/\/secure.gravatar.com\/avatar\/3ea2118a5f7dad2b7138b1187a6b7ee55f160b9968b66013c3a3ef39dd7e5798?s=96&d=mm&r=g","url":"https:\/\/secure.gravatar.com\/avatar\/3ea2118a5f7dad2b7138b1187a6b7ee55f160b9968b66013c3a3ef39dd7e5798?s=96&d=mm&r=g","contentUrl":"https:\/\/secure.gravatar.com\/avatar\/3ea2118a5f7dad2b7138b1187a6b7ee55f160b9968b66013c3a3ef39dd7e5798?s=96&d=mm&r=g","caption":"Jeanette"},"sameAs":["https:\/\/www.eldiario.net\/portal"],"url":"https:\/\/www.eldiario.net\/portal\/author\/jeanette\/"}]}},"_links":{"self":[{"href":"https:\/\/www.eldiario.net\/portal\/wp-json\/wp\/v2\/posts\/316134","targetHints":{"allow":["GET"]}}],"collection":[{"href":"https:\/\/www.eldiario.net\/portal\/wp-json\/wp\/v2\/posts"}],"about":[{"href":"https:\/\/www.eldiario.net\/portal\/wp-json\/wp\/v2\/types\/post"}],"author":[{"embeddable":true,"href":"https:\/\/www.eldiario.net\/portal\/wp-json\/wp\/v2\/users\/1"}],"replies":[{"embeddable":true,"href":"https:\/\/www.eldiario.net\/portal\/wp-json\/wp\/v2\/comments?post=316134"}],"version-history":[{"count":1,"href":"https:\/\/www.eldiario.net\/portal\/wp-json\/wp\/v2\/posts\/316134\/revisions"}],"predecessor-version":[{"id":316136,"href":"https:\/\/www.eldiario.net\/portal\/wp-json\/wp\/v2\/posts\/316134\/revisions\/316136"}],"wp:featuredmedia":[{"embeddable":true,"href":"https:\/\/www.eldiario.net\/portal\/wp-json\/wp\/v2\/media\/316135"}],"wp:attachment":[{"href":"https:\/\/www.eldiario.net\/portal\/wp-json\/wp\/v2\/media?parent=316134"}],"wp:term":[{"taxonomy":"category","embeddable":true,"href":"https:\/\/www.eldiario.net\/portal\/wp-json\/wp\/v2\/categories?post=316134"},{"taxonomy":"post_tag","embeddable":true,"href":"https:\/\/www.eldiario.net\/portal\/wp-json\/wp\/v2\/tags?post=316134"}],"curies":[{"name":"wp","href":"https:\/\/api.w.org\/{rel}","templated":true}]}}