{"id":316132,"date":"2025-07-12T07:02:00","date_gmt":"2025-07-12T11:02:00","guid":{"rendered":"https:\/\/www.eldiario.net\/portal\/?p=316132"},"modified":"2025-07-12T08:11:20","modified_gmt":"2025-07-12T12:11:20","slug":"responsabilizan-al-mas-por-por-crisis-institucional-de-alp","status":"publish","type":"post","link":"https:\/\/www.eldiario.net\/portal\/2025\/07\/12\/responsabilizan-al-mas-por-por-crisis-institucional-de-alp\/","title":{"rendered":"Responsabilizan al MAS por crisis institucional de ALP"},"content":{"rendered":"<p>Tras suspensi\u00f3n de la reinstalaci\u00f3n de la octava sesi\u00f3n plenaria de la Asamblea Legislativa Plurinacional (ALP) por falta quorum en la directiva, el jefe de bancada por Comunidad Ciudadana (CC) en Diputados, Enrique Urquidi, responsabiliz\u00f3 al gobierno de Luis Arce por la actual crisis institucional que afecta al Parlamento.<br \/>\nUrquidi sostuvo que este tipo de acciones son la comprobaci\u00f3n de que el \u201cmasismo\u201d, y sobre todo la actual administraci\u00f3n, son los responsables del estado al que ha llegado la Asamblea Legislativa, realidad que no solo obstaculiza el trabajo en esta instancia, sino pone en peligro la realizaci\u00f3n los pr\u00f3ximos comicios presidenciales.<\/p>\n","protected":false},"excerpt":{"rendered":"<p>Tras suspensi\u00f3n de la reinstalaci\u00f3n de la octava sesi\u00f3n plenaria de la Asamblea Legislativa Plurinacional (ALP) por falta quorum en la directiva, el jefe de bancada por Comunidad Ciudadana (CC) en Diputados, Enrique Urquidi, responsabiliz\u00f3 al gobierno de Luis Arce por la actual crisis institucional que afecta al Parlamento. Urquidi sostuvo que este tipo de [&hellip;]<\/p>\n","protected":false},"author":1,"featured_media":316299,"comment_status":"closed","ping_status":"open","sticky":false,"template":"","format":"standard","meta":{"_acf_changed":false,"footnotes":""},"categories":[15],"tags":[],"class_list":["post-316132","post","type-post","status-publish","format-standard","has-post-thumbnail","category-portada"],"acf":{"antetitulo":"Diputado Enrique Urquidi"},"yoast_head":"<!-- This site is optimized with the Yoast SEO plugin v28.4 - https:\/\/yoast.com\/product\/yoast-seo-wordpress\/ -->\n<title>Responsabilizan al MAS por crisis institucional de ALP - El Diario - Bolivia<\/title>\n<meta name=\"robots\" content=\"index, follow, max-snippet:-1, max-image-preview:large, max-video-preview:-1\" \/>\n<link rel=\"canonical\" href=\"https:\/\/www.eldiario.net\/portal\/2025\/07\/12\/responsabilizan-al-mas-por-por-crisis-institucional-de-alp\/\" \/>\n<meta property=\"og:locale\" content=\"es_ES\" \/>\n<meta property=\"og:type\" content=\"article\" \/>\n<meta property=\"og:title\" content=\"Responsabilizan al MAS por crisis institucional de ALP - El Diario - Bolivia\" \/>\n<meta property=\"og:description\" content=\"Tras suspensi\u00f3n de la reinstalaci\u00f3n de la octava sesi\u00f3n plenaria de la Asamblea Legislativa Plurinacional (ALP) por falta quorum en la directiva, el jefe de bancada por Comunidad Ciudadana (CC) en Diputados, Enrique Urquidi, responsabiliz\u00f3 al gobierno de Luis Arce por la actual crisis institucional que afecta al Parlamento. Urquidi sostuvo que este tipo de [&hellip;]\" \/>\n<meta property=\"og:url\" content=\"https:\/\/www.eldiario.net\/portal\/2025\/07\/12\/responsabilizan-al-mas-por-por-crisis-institucional-de-alp\/\" \/>\n<meta property=\"og:site_name\" content=\"El Diario - Bolivia\" \/>\n<meta property=\"article:publisher\" content=\"https:\/\/www.facebook.com\/eldiario.bolivia\/\" \/>\n<meta property=\"article:published_time\" content=\"2025-07-12T11:02:00+00:00\" \/>\n<meta property=\"article:modified_time\" content=\"2025-07-12T12:11:20+00:00\" \/>\n<meta property=\"og:image\" content=\"https:\/\/www.eldiario.net\/portal\/wp-content\/uploads\/2025\/07\/Urquidi-Erbol.webp\" \/>\n\t<meta property=\"og:image:width\" content=\"980\" \/>\n\t<meta property=\"og:image:height\" content=\"549\" \/>\n\t<meta property=\"og:image:type\" content=\"image\/webp\" \/>\n<meta name=\"author\" content=\"Jeanette\" \/>\n<meta name=\"twitter:card\" content=\"summary_large_image\" \/>\n<meta name=\"twitter:creator\" content=\"@eldiario_net\" \/>\n<meta name=\"twitter:site\" content=\"@eldiario_net\" \/>\n<meta name=\"twitter:label1\" content=\"Escrito por\" \/>\n\t<meta name=\"twitter:data1\" content=\"Jeanette\" \/>\n\t<meta name=\"twitter:label2\" content=\"Tiempo de lectura\" \/>\n\t<meta name=\"twitter:data2\" content=\"1 minuto\" \/>\n<script type=\"application\/ld+json\" class=\"yoast-schema-graph\">{\"@context\":\"https:\\\/\\\/schema.org\",\"@graph\":[{\"@type\":\"Article\",\"@id\":\"https:\\\/\\\/www.eldiario.net\\\/portal\\\/2025\\\/07\\\/12\\\/responsabilizan-al-mas-por-por-crisis-institucional-de-alp\\\/#article\",\"isPartOf\":{\"@id\":\"https:\\\/\\\/www.eldiario.net\\\/portal\\\/2025\\\/07\\\/12\\\/responsabilizan-al-mas-por-por-crisis-institucional-de-alp\\\/\"},\"author\":{\"name\":\"Jeanette\",\"@id\":\"https:\\\/\\\/www.eldiario.net\\\/portal\\\/#\\\/schema\\\/person\\\/2c57cf2b7a7ae032e449e4c9b1019eac\"},\"headline\":\"Responsabilizan al MAS por crisis institucional de ALP\",\"datePublished\":\"2025-07-12T11:02:00+00:00\",\"dateModified\":\"2025-07-12T12:11:20+00:00\",\"mainEntityOfPage\":{\"@id\":\"https:\\\/\\\/www.eldiario.net\\\/portal\\\/2025\\\/07\\\/12\\\/responsabilizan-al-mas-por-por-crisis-institucional-de-alp\\\/\"},\"wordCount\":116,\"publisher\":{\"@id\":\"https:\\\/\\\/www.eldiario.net\\\/portal\\\/#organization\"},\"image\":{\"@id\":\"https:\\\/\\\/www.eldiario.net\\\/portal\\\/2025\\\/07\\\/12\\\/responsabilizan-al-mas-por-por-crisis-institucional-de-alp\\\/#primaryimage\"},\"thumbnailUrl\":\"https:\\\/\\\/www.eldiario.net\\\/portal\\\/wp-content\\\/uploads\\\/2025\\\/07\\\/Urquidi-Erbol.webp\",\"articleSection\":[\"Portada\"],\"inLanguage\":\"es\"},{\"@type\":\"WebPage\",\"@id\":\"https:\\\/\\\/www.eldiario.net\\\/portal\\\/2025\\\/07\\\/12\\\/responsabilizan-al-mas-por-por-crisis-institucional-de-alp\\\/\",\"url\":\"https:\\\/\\\/www.eldiario.net\\\/portal\\\/2025\\\/07\\\/12\\\/responsabilizan-al-mas-por-por-crisis-institucional-de-alp\\\/\",\"name\":\"Responsabilizan al MAS por crisis institucional de ALP - El Diario - Bolivia\",\"isPartOf\":{\"@id\":\"https:\\\/\\\/www.eldiario.net\\\/portal\\\/#website\"},\"primaryImageOfPage\":{\"@id\":\"https:\\\/\\\/www.eldiario.net\\\/portal\\\/2025\\\/07\\\/12\\\/responsabilizan-al-mas-por-por-crisis-institucional-de-alp\\\/#primaryimage\"},\"image\":{\"@id\":\"https:\\\/\\\/www.eldiario.net\\\/portal\\\/2025\\\/07\\\/12\\\/responsabilizan-al-mas-por-por-crisis-institucional-de-alp\\\/#primaryimage\"},\"thumbnailUrl\":\"https:\\\/\\\/www.eldiario.net\\\/portal\\\/wp-content\\\/uploads\\\/2025\\\/07\\\/Urquidi-Erbol.webp\",\"datePublished\":\"2025-07-12T11:02:00+00:00\",\"dateModified\":\"2025-07-12T12:11:20+00:00\",\"breadcrumb\":{\"@id\":\"https:\\\/\\\/www.eldiario.net\\\/portal\\\/2025\\\/07\\\/12\\\/responsabilizan-al-mas-por-por-crisis-institucional-de-alp\\\/#breadcrumb\"},\"inLanguage\":\"es\",\"potentialAction\":[{\"@type\":\"ReadAction\",\"target\":[\"https:\\\/\\\/www.eldiario.net\\\/portal\\\/2025\\\/07\\\/12\\\/responsabilizan-al-mas-por-por-crisis-institucional-de-alp\\\/\"]}]},{\"@type\":\"ImageObject\",\"inLanguage\":\"es\",\"@id\":\"https:\\\/\\\/www.eldiario.net\\\/portal\\\/2025\\\/07\\\/12\\\/responsabilizan-al-mas-por-por-crisis-institucional-de-alp\\\/#primaryimage\",\"url\":\"https:\\\/\\\/www.eldiario.net\\\/portal\\\/wp-content\\\/uploads\\\/2025\\\/07\\\/Urquidi-Erbol.webp\",\"contentUrl\":\"https:\\\/\\\/www.eldiario.net\\\/portal\\\/wp-content\\\/uploads\\\/2025\\\/07\\\/Urquidi-Erbol.webp\",\"width\":980,\"height\":549},{\"@type\":\"BreadcrumbList\",\"@id\":\"https:\\\/\\\/www.eldiario.net\\\/portal\\\/2025\\\/07\\\/12\\\/responsabilizan-al-mas-por-por-crisis-institucional-de-alp\\\/#breadcrumb\",\"itemListElement\":[{\"@type\":\"ListItem\",\"position\":1,\"name\":\"Portada\",\"item\":\"https:\\\/\\\/www.eldiario.net\\\/portal\\\/\"},{\"@type\":\"ListItem\",\"position\":2,\"name\":\"Responsabilizan al MAS por crisis institucional de ALP\"}]},{\"@type\":\"WebSite\",\"@id\":\"https:\\\/\\\/www.eldiario.net\\\/portal\\\/#website\",\"url\":\"https:\\\/\\\/www.eldiario.net\\\/portal\\\/\",\"name\":\"El Diario - Decano de la prensa nacional\",\"description\":\"El Diario - Decano de la prensa nacional\",\"publisher\":{\"@id\":\"https:\\\/\\\/www.eldiario.net\\\/portal\\\/#organization\"},\"potentialAction\":[{\"@type\":\"SearchAction\",\"target\":{\"@type\":\"EntryPoint\",\"urlTemplate\":\"https:\\\/\\\/www.eldiario.net\\\/portal\\\/?s={search_term_string}\"},\"query-input\":{\"@type\":\"PropertyValueSpecification\",\"valueRequired\":true,\"valueName\":\"search_term_string\"}}],\"inLanguage\":\"es\"},{\"@type\":\"Organization\",\"@id\":\"https:\\\/\\\/www.eldiario.net\\\/portal\\\/#organization\",\"name\":\"El Diario - Decano de la prensa nacional\",\"url\":\"https:\\\/\\\/www.eldiario.net\\\/portal\\\/\",\"logo\":{\"@type\":\"ImageObject\",\"inLanguage\":\"es\",\"@id\":\"https:\\\/\\\/www.eldiario.net\\\/portal\\\/#\\\/schema\\\/logo\\\/image\\\/\",\"url\":\"https:\\\/\\\/www.eldiario.net\\\/portal\\\/wp-content\\\/uploads\\\/2023\\\/07\\\/logo_ED.jpg\",\"contentUrl\":\"https:\\\/\\\/www.eldiario.net\\\/portal\\\/wp-content\\\/uploads\\\/2023\\\/07\\\/logo_ED.jpg\",\"width\":272,\"height\":52,\"caption\":\"El Diario - Decano de la prensa nacional\"},\"image\":{\"@id\":\"https:\\\/\\\/www.eldiario.net\\\/portal\\\/#\\\/schema\\\/logo\\\/image\\\/\"},\"sameAs\":[\"https:\\\/\\\/www.facebook.com\\\/eldiario.bolivia\\\/\",\"https:\\\/\\\/x.com\\\/eldiario_net\"]},{\"@type\":\"Person\",\"@id\":\"https:\\\/\\\/www.eldiario.net\\\/portal\\\/#\\\/schema\\\/person\\\/2c57cf2b7a7ae032e449e4c9b1019eac\",\"name\":\"Jeanette\",\"image\":{\"@type\":\"ImageObject\",\"inLanguage\":\"es\",\"@id\":\"https:\\\/\\\/secure.gravatar.com\\\/avatar\\\/3ea2118a5f7dad2b7138b1187a6b7ee55f160b9968b66013c3a3ef39dd7e5798?s=96&d=mm&r=g\",\"url\":\"https:\\\/\\\/secure.gravatar.com\\\/avatar\\\/3ea2118a5f7dad2b7138b1187a6b7ee55f160b9968b66013c3a3ef39dd7e5798?s=96&d=mm&r=g\",\"contentUrl\":\"https:\\\/\\\/secure.gravatar.com\\\/avatar\\\/3ea2118a5f7dad2b7138b1187a6b7ee55f160b9968b66013c3a3ef39dd7e5798?s=96&d=mm&r=g\",\"caption\":\"Jeanette\"},\"sameAs\":[\"https:\\\/\\\/www.eldiario.net\\\/portal\"],\"url\":\"https:\\\/\\\/www.eldiario.net\\\/portal\\\/author\\\/jeanette\\\/\"}]}<\/script>\n<!-- \/ Yoast SEO plugin. -->","yoast_head_json":{"title":"Responsabilizan al MAS por crisis institucional de ALP - El Diario - Bolivia","robots":{"index":"index","follow":"follow","max-snippet":"max-snippet:-1","max-image-preview":"max-image-preview:large","max-video-preview":"max-video-preview:-1"},"canonical":"https:\/\/www.eldiario.net\/portal\/2025\/07\/12\/responsabilizan-al-mas-por-por-crisis-institucional-de-alp\/","og_locale":"es_ES","og_type":"article","og_title":"Responsabilizan al MAS por crisis institucional de ALP - El Diario - Bolivia","og_description":"Tras suspensi\u00f3n de la reinstalaci\u00f3n de la octava sesi\u00f3n plenaria de la Asamblea Legislativa Plurinacional (ALP) por falta quorum en la directiva, el jefe de bancada por Comunidad Ciudadana (CC) en Diputados, Enrique Urquidi, responsabiliz\u00f3 al gobierno de Luis Arce por la actual crisis institucional que afecta al Parlamento. Urquidi sostuvo que este tipo de [&hellip;]","og_url":"https:\/\/www.eldiario.net\/portal\/2025\/07\/12\/responsabilizan-al-mas-por-por-crisis-institucional-de-alp\/","og_site_name":"El Diario - Bolivia","article_publisher":"https:\/\/www.facebook.com\/eldiario.bolivia\/","article_published_time":"2025-07-12T11:02:00+00:00","article_modified_time":"2025-07-12T12:11:20+00:00","og_image":[{"width":980,"height":549,"url":"https:\/\/www.eldiario.net\/portal\/wp-content\/uploads\/2025\/07\/Urquidi-Erbol.webp","type":"image\/webp"}],"author":"Jeanette","twitter_card":"summary_large_image","twitter_creator":"@eldiario_net","twitter_site":"@eldiario_net","twitter_misc":{"Escrito por":"Jeanette","Tiempo de lectura":"1 minuto"},"schema":{"@context":"https:\/\/schema.org","@graph":[{"@type":"Article","@id":"https:\/\/www.eldiario.net\/portal\/2025\/07\/12\/responsabilizan-al-mas-por-por-crisis-institucional-de-alp\/#article","isPartOf":{"@id":"https:\/\/www.eldiario.net\/portal\/2025\/07\/12\/responsabilizan-al-mas-por-por-crisis-institucional-de-alp\/"},"author":{"name":"Jeanette","@id":"https:\/\/www.eldiario.net\/portal\/#\/schema\/person\/2c57cf2b7a7ae032e449e4c9b1019eac"},"headline":"Responsabilizan al MAS por crisis institucional de ALP","datePublished":"2025-07-12T11:02:00+00:00","dateModified":"2025-07-12T12:11:20+00:00","mainEntityOfPage":{"@id":"https:\/\/www.eldiario.net\/portal\/2025\/07\/12\/responsabilizan-al-mas-por-por-crisis-institucional-de-alp\/"},"wordCount":116,"publisher":{"@id":"https:\/\/www.eldiario.net\/portal\/#organization"},"image":{"@id":"https:\/\/www.eldiario.net\/portal\/2025\/07\/12\/responsabilizan-al-mas-por-por-crisis-institucional-de-alp\/#primaryimage"},"thumbnailUrl":"https:\/\/www.eldiario.net\/portal\/wp-content\/uploads\/2025\/07\/Urquidi-Erbol.webp","articleSection":["Portada"],"inLanguage":"es"},{"@type":"WebPage","@id":"https:\/\/www.eldiario.net\/portal\/2025\/07\/12\/responsabilizan-al-mas-por-por-crisis-institucional-de-alp\/","url":"https:\/\/www.eldiario.net\/portal\/2025\/07\/12\/responsabilizan-al-mas-por-por-crisis-institucional-de-alp\/","name":"Responsabilizan al MAS por crisis institucional de ALP - El Diario - Bolivia","isPartOf":{"@id":"https:\/\/www.eldiario.net\/portal\/#website"},"primaryImageOfPage":{"@id":"https:\/\/www.eldiario.net\/portal\/2025\/07\/12\/responsabilizan-al-mas-por-por-crisis-institucional-de-alp\/#primaryimage"},"image":{"@id":"https:\/\/www.eldiario.net\/portal\/2025\/07\/12\/responsabilizan-al-mas-por-por-crisis-institucional-de-alp\/#primaryimage"},"thumbnailUrl":"https:\/\/www.eldiario.net\/portal\/wp-content\/uploads\/2025\/07\/Urquidi-Erbol.webp","datePublished":"2025-07-12T11:02:00+00:00","dateModified":"2025-07-12T12:11:20+00:00","breadcrumb":{"@id":"https:\/\/www.eldiario.net\/portal\/2025\/07\/12\/responsabilizan-al-mas-por-por-crisis-institucional-de-alp\/#breadcrumb"},"inLanguage":"es","potentialAction":[{"@type":"ReadAction","target":["https:\/\/www.eldiario.net\/portal\/2025\/07\/12\/responsabilizan-al-mas-por-por-crisis-institucional-de-alp\/"]}]},{"@type":"ImageObject","inLanguage":"es","@id":"https:\/\/www.eldiario.net\/portal\/2025\/07\/12\/responsabilizan-al-mas-por-por-crisis-institucional-de-alp\/#primaryimage","url":"https:\/\/www.eldiario.net\/portal\/wp-content\/uploads\/2025\/07\/Urquidi-Erbol.webp","contentUrl":"https:\/\/www.eldiario.net\/portal\/wp-content\/uploads\/2025\/07\/Urquidi-Erbol.webp","width":980,"height":549},{"@type":"BreadcrumbList","@id":"https:\/\/www.eldiario.net\/portal\/2025\/07\/12\/responsabilizan-al-mas-por-por-crisis-institucional-de-alp\/#breadcrumb","itemListElement":[{"@type":"ListItem","position":1,"name":"Portada","item":"https:\/\/www.eldiario.net\/portal\/"},{"@type":"ListItem","position":2,"name":"Responsabilizan al MAS por crisis institucional de ALP"}]},{"@type":"WebSite","@id":"https:\/\/www.eldiario.net\/portal\/#website","url":"https:\/\/www.eldiario.net\/portal\/","name":"El Diario - Decano de la prensa nacional","description":"El Diario - Decano de la prensa nacional","publisher":{"@id":"https:\/\/www.eldiario.net\/portal\/#organization"},"potentialAction":[{"@type":"SearchAction","target":{"@type":"EntryPoint","urlTemplate":"https:\/\/www.eldiario.net\/portal\/?s={search_term_string}"},"query-input":{"@type":"PropertyValueSpecification","valueRequired":true,"valueName":"search_term_string"}}],"inLanguage":"es"},{"@type":"Organization","@id":"https:\/\/www.eldiario.net\/portal\/#organization","name":"El Diario - Decano de la prensa nacional","url":"https:\/\/www.eldiario.net\/portal\/","logo":{"@type":"ImageObject","inLanguage":"es","@id":"https:\/\/www.eldiario.net\/portal\/#\/schema\/logo\/image\/","url":"https:\/\/www.eldiario.net\/portal\/wp-content\/uploads\/2023\/07\/logo_ED.jpg","contentUrl":"https:\/\/www.eldiario.net\/portal\/wp-content\/uploads\/2023\/07\/logo_ED.jpg","width":272,"height":52,"caption":"El Diario - Decano de la prensa nacional"},"image":{"@id":"https:\/\/www.eldiario.net\/portal\/#\/schema\/logo\/image\/"},"sameAs":["https:\/\/www.facebook.com\/eldiario.bolivia\/","https:\/\/x.com\/eldiario_net"]},{"@type":"Person","@id":"https:\/\/www.eldiario.net\/portal\/#\/schema\/person\/2c57cf2b7a7ae032e449e4c9b1019eac","name":"Jeanette","image":{"@type":"ImageObject","inLanguage":"es","@id":"https:\/\/secure.gravatar.com\/avatar\/3ea2118a5f7dad2b7138b1187a6b7ee55f160b9968b66013c3a3ef39dd7e5798?s=96&d=mm&r=g","url":"https:\/\/secure.gravatar.com\/avatar\/3ea2118a5f7dad2b7138b1187a6b7ee55f160b9968b66013c3a3ef39dd7e5798?s=96&d=mm&r=g","contentUrl":"https:\/\/secure.gravatar.com\/avatar\/3ea2118a5f7dad2b7138b1187a6b7ee55f160b9968b66013c3a3ef39dd7e5798?s=96&d=mm&r=g","caption":"Jeanette"},"sameAs":["https:\/\/www.eldiario.net\/portal"],"url":"https:\/\/www.eldiario.net\/portal\/author\/jeanette\/"}]}},"_links":{"self":[{"href":"https:\/\/www.eldiario.net\/portal\/wp-json\/wp\/v2\/posts\/316132","targetHints":{"allow":["GET"]}}],"collection":[{"href":"https:\/\/www.eldiario.net\/portal\/wp-json\/wp\/v2\/posts"}],"about":[{"href":"https:\/\/www.eldiario.net\/portal\/wp-json\/wp\/v2\/types\/post"}],"author":[{"embeddable":true,"href":"https:\/\/www.eldiario.net\/portal\/wp-json\/wp\/v2\/users\/1"}],"replies":[{"embeddable":true,"href":"https:\/\/www.eldiario.net\/portal\/wp-json\/wp\/v2\/comments?post=316132"}],"version-history":[{"count":3,"href":"https:\/\/www.eldiario.net\/portal\/wp-json\/wp\/v2\/posts\/316132\/revisions"}],"predecessor-version":[{"id":316302,"href":"https:\/\/www.eldiario.net\/portal\/wp-json\/wp\/v2\/posts\/316132\/revisions\/316302"}],"wp:featuredmedia":[{"embeddable":true,"href":"https:\/\/www.eldiario.net\/portal\/wp-json\/wp\/v2\/media\/316299"}],"wp:attachment":[{"href":"https:\/\/www.eldiario.net\/portal\/wp-json\/wp\/v2\/media?parent=316132"}],"wp:term":[{"taxonomy":"category","embeddable":true,"href":"https:\/\/www.eldiario.net\/portal\/wp-json\/wp\/v2\/categories?post=316132"},{"taxonomy":"post_tag","embeddable":true,"href":"https:\/\/www.eldiario.net\/portal\/wp-json\/wp\/v2\/tags?post=316132"}],"curies":[{"name":"wp","href":"https:\/\/api.w.org\/{rel}","templated":true}]}}