{"id":315087,"date":"2025-07-07T12:25:30","date_gmt":"2025-07-07T16:25:30","guid":{"rendered":"https:\/\/www.eldiario.net\/portal\/?p=315087"},"modified":"2025-07-07T12:25:30","modified_gmt":"2025-07-07T16:25:30","slug":"es-posible-explorar-en-3d-mas-de-130-piezas-del-museo-de-etnografia-y-folklore","status":"publish","type":"post","link":"https:\/\/www.eldiario.net\/portal\/2025\/07\/07\/es-posible-explorar-en-3d-mas-de-130-piezas-del-museo-de-etnografia-y-folklore\/","title":{"rendered":"Es posible explorar en 3D m\u00e1s de 130 piezas del Museo de Etnograf\u00eda y Folklore"},"content":{"rendered":"<p>Con su innovador Programa de Colecciones 3D, el Museo Nacional de Etnograf\u00eda y Folklore se convierte en la primera instituci\u00f3n en Bolivia \u2014y una de las pocas en Sudam\u00e9rica\u2014 en abrir el acceso al patrimonio cultural en alta resoluci\u00f3n y en formato tridimensional. Un paso firme hacia la descolonizaci\u00f3n del conocimiento.<\/p>\n<p>La memoria de los pueblos tambi\u00e9n se teje, se talla, se borda y se carga en el cuerpo. Y ahora, desde Bolivia, esa memoria se puede explorar en 3D en alta resoluci\u00f3n y desde cualquier lugar del mundo. Esto es posible gracias al Programa de Colecciones 3D del Museo Nacional de Etnograf\u00eda y Folklore (MUSEF), una de las iniciativas m\u00e1s potentes de democratizaci\u00f3n del patrimonio en la regi\u00f3n.<\/p>\n<p>Desde su lanzamiento, en 2021, este programa ha logrado digitalizar 136 piezas patrimoniales y 16 trajes completos, que hoy est\u00e1n disponibles de forma libre y gratuita a trav\u00e9s del sitio web oficial del museo. Con tecnolog\u00eda de fotogrametr\u00eda y modelado digital, cada objeto ha sido reconstruido con un detalle extraordinario: se pueden ver los hilos, las texturas, las huellas de talla y hasta el interior de una m\u00e1scara festiva sin necesidad de tocarla.<\/p>\n<p>\u201cEsta colecci\u00f3n es una herramienta para la investigaci\u00f3n, la conservaci\u00f3n y, sobre todo, la difusi\u00f3n de nuestros saberes. Estamos usando tecnolog\u00eda para descolonizar el acceso al conocimiento\u201d, se\u00f1ala Jos\u00e9 Luis Paz, jefe de la unidad de museo &#8211; MUSEF.<\/p>\n<p>El impacto no es menor: hasta marzo de 2025, las piezas han sido visualizadas m\u00e1s de 22.000 veces por investigadores, estudiantes, artistas y personas interesadas en la cultura boliviana desde diferentes partes del pa\u00eds y del mundo. La experiencia es interactiva y educativa para quienes encuentran en estas piezas no solo objetos, sino testimonios de identidad y continuidad cultural.<\/p>\n<p>Tecnolog\u00eda con ra\u00edz: una apuesta innovadora desde Bolivia: La propuesta del MUSEF se construye desde una premisa clara: la cultura no debe ser un privilegio, y mucho menos en el contexto de un pa\u00eds profundamente diverso, donde las brechas de acceso a\u00fan son marcadas. Por ello, la colecci\u00f3n 3D se la ofrece de forma libre, sin barreras ni formularios, est\u00e1 disponible para cualquiera que quiera explorar.<\/p>\n<p>El proceso comienza con la toma de m\u00e1s de 200 fotograf\u00edas por pieza, desde m\u00faltiples \u00e1ngulos. Luego, un software especializado reconstruye el objeto en tres dimensiones, permitiendo una exploraci\u00f3n 3D, tanto en sentido horizontal como vertical. El usuario puede rotar, acercar, alejar o incluso \u201cingresar\u201d a ciertas piezas para ver sus estructuras internas o descubrir c\u00f3mo se ensamblan los componentes de un traje festivo.<\/p>\n<p>\u201cRecibimos preguntas de todo tipo. Una extranjera, por ejemplo, quer\u00eda saber c\u00f3mo se colocaba el \u2018torito\u2019 del traje de la morenada. Gracias a la animaci\u00f3n 3D del traje, pudo entenderlo visualmente. Eso demuestra el poder de esta herramienta no solo para mostrar, sino para explicar nuestras culturas\u201d, comenta Paz.<\/p>\n<p>La colecci\u00f3n incluye trajes originarios, vestimentas folcl\u00f3ricas, m\u00e1scaras, objetos ceremoniales, textiles, instrumentos musicales y juguetes populares. Piezas que en algunos casos no est\u00e1n expuestas en sala, pero que ahora tienen un espacio protag\u00f3nico en la vitrina digital del MUSEF.<\/p>\n<p>Adem\u00e1s de su valor pedag\u00f3gico y comunicacional, el Programa 3D tiene un fuerte impacto en la conservaci\u00f3n del patrimonio. Muchas de las piezas digitalizadas son fr\u00e1giles o dif\u00edciles de manipular, por lo que ofrecer una alternativa virtual no solo reduce el desgaste f\u00edsico, sino que facilita el trabajo de investigadores sin poner en riesgo el objeto original.<\/p>\n<p>Este es un modelo ampliamente adoptado por museos del mundo, y que en Bolivia comienza a abrir una nueva etapa: la del museo accesible, descentralizado y activo tambi\u00e9n en el plano digital. El MUSEF no solo ha seguido esa tendencia, sino que ha aportado una perspectiva propia, basada en el respeto por las comunidades de origen y la necesidad de contar historias desde las propias voces.<\/p>\n<p>El acceso a los bienes culturales ha sido hist\u00f3ricamente desigual. Mientras los museos del norte global exponen objetos de otras culturas bajo criterios coloniales, los pa\u00edses de origen enfrentan obst\u00e1culos para visibilizar sus propios acervos. En ese sentido, el MUSEF no solo preserva: tambi\u00e9n responde.<\/p>\n<p>Uno de los ejemplos m\u00e1s emblem\u00e1ticos del programa es la digitalizaci\u00f3n completa de un traje de morenada del Siglo XIX, con componentes originales realizados a base de hilo de oro. \u201cMientras en otros pa\u00edses se cuestiona el origen de nuestras danzas y vestimentas, nosotros presentamos evidencia con datos, im\u00e1genes y reconstrucci\u00f3n tridimensional. Reafirmamos que la cultura boliviana no necesita permiso para existir ni para brillar\u201d, sostiene Paz.<\/p>\n<p>Esta colecci\u00f3n se convierte as\u00ed en una herramienta de defensa cultural y soberan\u00eda digital, una muestra de que la tecnolog\u00eda tambi\u00e9n puede ser usada para fortalecer identidades y narrativas propias.<\/p>\n<p>Para explorar y disfrutar de este importante trabajo ingresa a http:\/\/musef.gob.bo\/musef-colecciones-3D<\/p>\n<div id='gallery-1' class='gallery galleryid-315087 gallery-columns-3 gallery-size-thumbnail'><figure class='gallery-item'>\n\t\t\t<div class='gallery-icon landscape'>\n\t\t\t\t<a href='https:\/\/www.eldiario.net\/portal\/2025\/07\/07\/es-posible-explorar-en-3d-mas-de-130-piezas-del-museo-de-etnografia-y-folklore\/7-95\/'><img loading=\"lazy\" decoding=\"async\" width=\"150\" height=\"150\" src=\"https:\/\/www.eldiario.net\/portal\/wp-content\/uploads\/2025\/07\/7-150x150.webp\" class=\"attachment-thumbnail size-thumbnail\" alt=\"\" \/><\/a>\n\t\t\t<\/div><\/figure><figure class='gallery-item'>\n\t\t\t<div class='gallery-icon landscape'>\n\t\t\t\t<a href='https:\/\/www.eldiario.net\/portal\/2025\/07\/07\/es-posible-explorar-en-3d-mas-de-130-piezas-del-museo-de-etnografia-y-folklore\/1-principal-181\/'><img loading=\"lazy\" decoding=\"async\" width=\"150\" height=\"150\" src=\"https:\/\/www.eldiario.net\/portal\/wp-content\/uploads\/2025\/07\/1-PRINCIPAL-2-150x150.webp\" class=\"attachment-thumbnail size-thumbnail\" alt=\"\" \/><\/a>\n\t\t\t<\/div><\/figure><figure class='gallery-item'>\n\t\t\t<div class='gallery-icon landscape'>\n\t\t\t\t<a href='https:\/\/www.eldiario.net\/portal\/2025\/07\/07\/es-posible-explorar-en-3d-mas-de-130-piezas-del-museo-de-etnografia-y-folklore\/2-310\/'><img loading=\"lazy\" decoding=\"async\" width=\"150\" height=\"150\" src=\"https:\/\/www.eldiario.net\/portal\/wp-content\/uploads\/2025\/07\/2-2-150x150.webp\" class=\"attachment-thumbnail size-thumbnail\" alt=\"\" \/><\/a>\n\t\t\t<\/div><\/figure><figure class='gallery-item'>\n\t\t\t<div class='gallery-icon landscape'>\n\t\t\t\t<a href='https:\/\/www.eldiario.net\/portal\/2025\/07\/07\/es-posible-explorar-en-3d-mas-de-130-piezas-del-museo-de-etnografia-y-folklore\/3-298\/'><img loading=\"lazy\" decoding=\"async\" width=\"150\" height=\"150\" src=\"https:\/\/www.eldiario.net\/portal\/wp-content\/uploads\/2025\/07\/3-2-150x150.webp\" class=\"attachment-thumbnail size-thumbnail\" alt=\"\" \/><\/a>\n\t\t\t<\/div><\/figure><figure class='gallery-item'>\n\t\t\t<div class='gallery-icon landscape'>\n\t\t\t\t<a href='https:\/\/www.eldiario.net\/portal\/2025\/07\/07\/es-posible-explorar-en-3d-mas-de-130-piezas-del-museo-de-etnografia-y-folklore\/4-261\/'><img loading=\"lazy\" decoding=\"async\" width=\"150\" height=\"150\" src=\"https:\/\/www.eldiario.net\/portal\/wp-content\/uploads\/2025\/07\/4-1-150x150.webp\" class=\"attachment-thumbnail size-thumbnail\" alt=\"\" \/><\/a>\n\t\t\t<\/div><\/figure><figure class='gallery-item'>\n\t\t\t<div class='gallery-icon landscape'>\n\t\t\t\t<a href='https:\/\/www.eldiario.net\/portal\/2025\/07\/07\/es-posible-explorar-en-3d-mas-de-130-piezas-del-museo-de-etnografia-y-folklore\/5-223\/'><img loading=\"lazy\" decoding=\"async\" width=\"150\" height=\"150\" src=\"https:\/\/www.eldiario.net\/portal\/wp-content\/uploads\/2025\/07\/5-2-150x150.webp\" class=\"attachment-thumbnail size-thumbnail\" alt=\"\" \/><\/a>\n\t\t\t<\/div><\/figure><figure class='gallery-item'>\n\t\t\t<div class='gallery-icon landscape'>\n\t\t\t\t<a href='https:\/\/www.eldiario.net\/portal\/2025\/07\/07\/es-posible-explorar-en-3d-mas-de-130-piezas-del-museo-de-etnografia-y-folklore\/6-160\/'><img loading=\"lazy\" decoding=\"async\" width=\"150\" height=\"150\" src=\"https:\/\/www.eldiario.net\/portal\/wp-content\/uploads\/2025\/07\/6-1-150x150.webp\" class=\"attachment-thumbnail size-thumbnail\" alt=\"\" \/><\/a>\n\t\t\t<\/div><\/figure>\n\t\t<\/div>\n\n","protected":false},"excerpt":{"rendered":"<p>Con su innovador Programa de Colecciones 3D, el Museo Nacional de Etnograf\u00eda y Folklore se convierte en la primera instituci\u00f3n en Bolivia \u2014y una de las pocas en Sudam\u00e9rica\u2014 en abrir el acceso al patrimonio cultural en alta resoluci\u00f3n y en formato tridimensional. Un paso firme hacia la descolonizaci\u00f3n del conocimiento. La memoria de los [&hellip;]<\/p>\n","protected":false},"author":2,"featured_media":315089,"comment_status":"closed","ping_status":"open","sticky":false,"template":"","format":"standard","meta":{"_acf_changed":false,"footnotes":""},"categories":[41],"tags":[],"class_list":["post-315087","post","type-post","status-publish","format-standard","has-post-thumbnail","category-la-guia"],"acf":{"antetitulo":""},"yoast_head":"<!-- This site is optimized with the Yoast SEO plugin v28.4 - https:\/\/yoast.com\/product\/yoast-seo-wordpress\/ -->\n<title>Es posible explorar en 3D m\u00e1s de 130 piezas del Museo de Etnograf\u00eda y Folklore - El Diario - Bolivia<\/title>\n<meta name=\"robots\" content=\"index, follow, max-snippet:-1, max-image-preview:large, max-video-preview:-1\" \/>\n<link rel=\"canonical\" href=\"https:\/\/www.eldiario.net\/portal\/2025\/07\/07\/es-posible-explorar-en-3d-mas-de-130-piezas-del-museo-de-etnografia-y-folklore\/\" \/>\n<meta property=\"og:locale\" content=\"es_ES\" \/>\n<meta property=\"og:type\" content=\"article\" \/>\n<meta property=\"og:title\" content=\"Es posible explorar en 3D m\u00e1s de 130 piezas del Museo de Etnograf\u00eda y Folklore - El Diario - Bolivia\" \/>\n<meta property=\"og:description\" content=\"Con su innovador Programa de Colecciones 3D, el Museo Nacional de Etnograf\u00eda y Folklore se convierte en la primera instituci\u00f3n en Bolivia \u2014y una de las pocas en Sudam\u00e9rica\u2014 en abrir el acceso al patrimonio cultural en alta resoluci\u00f3n y en formato tridimensional. Un paso firme hacia la descolonizaci\u00f3n del conocimiento. La memoria de los [&hellip;]\" \/>\n<meta property=\"og:url\" content=\"https:\/\/www.eldiario.net\/portal\/2025\/07\/07\/es-posible-explorar-en-3d-mas-de-130-piezas-del-museo-de-etnografia-y-folklore\/\" \/>\n<meta property=\"og:site_name\" content=\"El Diario - Bolivia\" \/>\n<meta property=\"article:publisher\" content=\"https:\/\/www.facebook.com\/eldiario.bolivia\/\" \/>\n<meta property=\"article:published_time\" content=\"2025-07-07T16:25:30+00:00\" \/>\n<meta property=\"og:image\" content=\"https:\/\/www.eldiario.net\/portal\/wp-content\/uploads\/2025\/07\/1-PRINCIPAL-2.webp\" \/>\n\t<meta property=\"og:image:width\" content=\"800\" \/>\n\t<meta property=\"og:image:height\" content=\"450\" \/>\n\t<meta property=\"og:image:type\" content=\"image\/webp\" \/>\n<meta name=\"author\" content=\"luis Camacho\" \/>\n<meta name=\"twitter:card\" content=\"summary_large_image\" \/>\n<meta name=\"twitter:creator\" content=\"@eldiario_net\" \/>\n<meta name=\"twitter:site\" content=\"@eldiario_net\" \/>\n<meta name=\"twitter:label1\" content=\"Escrito por\" \/>\n\t<meta name=\"twitter:data1\" content=\"luis Camacho\" \/>\n\t<meta name=\"twitter:label2\" content=\"Tiempo de lectura\" \/>\n\t<meta name=\"twitter:data2\" content=\"4 minutos\" \/>\n<script type=\"application\/ld+json\" class=\"yoast-schema-graph\">{\"@context\":\"https:\\\/\\\/schema.org\",\"@graph\":[{\"@type\":\"Article\",\"@id\":\"https:\\\/\\\/www.eldiario.net\\\/portal\\\/2025\\\/07\\\/07\\\/es-posible-explorar-en-3d-mas-de-130-piezas-del-museo-de-etnografia-y-folklore\\\/#article\",\"isPartOf\":{\"@id\":\"https:\\\/\\\/www.eldiario.net\\\/portal\\\/2025\\\/07\\\/07\\\/es-posible-explorar-en-3d-mas-de-130-piezas-del-museo-de-etnografia-y-folklore\\\/\"},\"author\":{\"name\":\"luis Camacho\",\"@id\":\"https:\\\/\\\/www.eldiario.net\\\/portal\\\/#\\\/schema\\\/person\\\/c1a5d38e458b10c8ebd62f4189b82bbc\"},\"headline\":\"Es posible explorar en 3D m\u00e1s de 130 piezas del Museo de Etnograf\u00eda y Folklore\",\"datePublished\":\"2025-07-07T16:25:30+00:00\",\"mainEntityOfPage\":{\"@id\":\"https:\\\/\\\/www.eldiario.net\\\/portal\\\/2025\\\/07\\\/07\\\/es-posible-explorar-en-3d-mas-de-130-piezas-del-museo-de-etnografia-y-folklore\\\/\"},\"wordCount\":864,\"publisher\":{\"@id\":\"https:\\\/\\\/www.eldiario.net\\\/portal\\\/#organization\"},\"image\":{\"@id\":\"https:\\\/\\\/www.eldiario.net\\\/portal\\\/2025\\\/07\\\/07\\\/es-posible-explorar-en-3d-mas-de-130-piezas-del-museo-de-etnografia-y-folklore\\\/#primaryimage\"},\"thumbnailUrl\":\"https:\\\/\\\/www.eldiario.net\\\/portal\\\/wp-content\\\/uploads\\\/2025\\\/07\\\/1-PRINCIPAL-2.webp\",\"articleSection\":[\"La Gu\u00eda\"],\"inLanguage\":\"es\"},{\"@type\":\"WebPage\",\"@id\":\"https:\\\/\\\/www.eldiario.net\\\/portal\\\/2025\\\/07\\\/07\\\/es-posible-explorar-en-3d-mas-de-130-piezas-del-museo-de-etnografia-y-folklore\\\/\",\"url\":\"https:\\\/\\\/www.eldiario.net\\\/portal\\\/2025\\\/07\\\/07\\\/es-posible-explorar-en-3d-mas-de-130-piezas-del-museo-de-etnografia-y-folklore\\\/\",\"name\":\"Es posible explorar en 3D m\u00e1s de 130 piezas del Museo de Etnograf\u00eda y Folklore - El Diario - Bolivia\",\"isPartOf\":{\"@id\":\"https:\\\/\\\/www.eldiario.net\\\/portal\\\/#website\"},\"primaryImageOfPage\":{\"@id\":\"https:\\\/\\\/www.eldiario.net\\\/portal\\\/2025\\\/07\\\/07\\\/es-posible-explorar-en-3d-mas-de-130-piezas-del-museo-de-etnografia-y-folklore\\\/#primaryimage\"},\"image\":{\"@id\":\"https:\\\/\\\/www.eldiario.net\\\/portal\\\/2025\\\/07\\\/07\\\/es-posible-explorar-en-3d-mas-de-130-piezas-del-museo-de-etnografia-y-folklore\\\/#primaryimage\"},\"thumbnailUrl\":\"https:\\\/\\\/www.eldiario.net\\\/portal\\\/wp-content\\\/uploads\\\/2025\\\/07\\\/1-PRINCIPAL-2.webp\",\"datePublished\":\"2025-07-07T16:25:30+00:00\",\"breadcrumb\":{\"@id\":\"https:\\\/\\\/www.eldiario.net\\\/portal\\\/2025\\\/07\\\/07\\\/es-posible-explorar-en-3d-mas-de-130-piezas-del-museo-de-etnografia-y-folklore\\\/#breadcrumb\"},\"inLanguage\":\"es\",\"potentialAction\":[{\"@type\":\"ReadAction\",\"target\":[\"https:\\\/\\\/www.eldiario.net\\\/portal\\\/2025\\\/07\\\/07\\\/es-posible-explorar-en-3d-mas-de-130-piezas-del-museo-de-etnografia-y-folklore\\\/\"]}]},{\"@type\":\"ImageObject\",\"inLanguage\":\"es\",\"@id\":\"https:\\\/\\\/www.eldiario.net\\\/portal\\\/2025\\\/07\\\/07\\\/es-posible-explorar-en-3d-mas-de-130-piezas-del-museo-de-etnografia-y-folklore\\\/#primaryimage\",\"url\":\"https:\\\/\\\/www.eldiario.net\\\/portal\\\/wp-content\\\/uploads\\\/2025\\\/07\\\/1-PRINCIPAL-2.webp\",\"contentUrl\":\"https:\\\/\\\/www.eldiario.net\\\/portal\\\/wp-content\\\/uploads\\\/2025\\\/07\\\/1-PRINCIPAL-2.webp\",\"width\":800,\"height\":450},{\"@type\":\"BreadcrumbList\",\"@id\":\"https:\\\/\\\/www.eldiario.net\\\/portal\\\/2025\\\/07\\\/07\\\/es-posible-explorar-en-3d-mas-de-130-piezas-del-museo-de-etnografia-y-folklore\\\/#breadcrumb\",\"itemListElement\":[{\"@type\":\"ListItem\",\"position\":1,\"name\":\"Portada\",\"item\":\"https:\\\/\\\/www.eldiario.net\\\/portal\\\/\"},{\"@type\":\"ListItem\",\"position\":2,\"name\":\"Es posible explorar en 3D m\u00e1s de 130 piezas del Museo de Etnograf\u00eda y Folklore\"}]},{\"@type\":\"WebSite\",\"@id\":\"https:\\\/\\\/www.eldiario.net\\\/portal\\\/#website\",\"url\":\"https:\\\/\\\/www.eldiario.net\\\/portal\\\/\",\"name\":\"El Diario - Decano de la prensa nacional\",\"description\":\"El Diario - Decano de la prensa nacional\",\"publisher\":{\"@id\":\"https:\\\/\\\/www.eldiario.net\\\/portal\\\/#organization\"},\"potentialAction\":[{\"@type\":\"SearchAction\",\"target\":{\"@type\":\"EntryPoint\",\"urlTemplate\":\"https:\\\/\\\/www.eldiario.net\\\/portal\\\/?s={search_term_string}\"},\"query-input\":{\"@type\":\"PropertyValueSpecification\",\"valueRequired\":true,\"valueName\":\"search_term_string\"}}],\"inLanguage\":\"es\"},{\"@type\":\"Organization\",\"@id\":\"https:\\\/\\\/www.eldiario.net\\\/portal\\\/#organization\",\"name\":\"El Diario - Decano de la prensa nacional\",\"url\":\"https:\\\/\\\/www.eldiario.net\\\/portal\\\/\",\"logo\":{\"@type\":\"ImageObject\",\"inLanguage\":\"es\",\"@id\":\"https:\\\/\\\/www.eldiario.net\\\/portal\\\/#\\\/schema\\\/logo\\\/image\\\/\",\"url\":\"https:\\\/\\\/www.eldiario.net\\\/portal\\\/wp-content\\\/uploads\\\/2023\\\/07\\\/logo_ED.jpg\",\"contentUrl\":\"https:\\\/\\\/www.eldiario.net\\\/portal\\\/wp-content\\\/uploads\\\/2023\\\/07\\\/logo_ED.jpg\",\"width\":272,\"height\":52,\"caption\":\"El Diario - Decano de la prensa nacional\"},\"image\":{\"@id\":\"https:\\\/\\\/www.eldiario.net\\\/portal\\\/#\\\/schema\\\/logo\\\/image\\\/\"},\"sameAs\":[\"https:\\\/\\\/www.facebook.com\\\/eldiario.bolivia\\\/\",\"https:\\\/\\\/x.com\\\/eldiario_net\"]},{\"@type\":\"Person\",\"@id\":\"https:\\\/\\\/www.eldiario.net\\\/portal\\\/#\\\/schema\\\/person\\\/c1a5d38e458b10c8ebd62f4189b82bbc\",\"name\":\"luis Camacho\",\"image\":{\"@type\":\"ImageObject\",\"inLanguage\":\"es\",\"@id\":\"https:\\\/\\\/secure.gravatar.com\\\/avatar\\\/69ecb836b3826d5a2501bf06ab2a2f2c8ab211cc846758f395df21684cb38313?s=96&d=mm&r=g\",\"url\":\"https:\\\/\\\/secure.gravatar.com\\\/avatar\\\/69ecb836b3826d5a2501bf06ab2a2f2c8ab211cc846758f395df21684cb38313?s=96&d=mm&r=g\",\"contentUrl\":\"https:\\\/\\\/secure.gravatar.com\\\/avatar\\\/69ecb836b3826d5a2501bf06ab2a2f2c8ab211cc846758f395df21684cb38313?s=96&d=mm&r=g\",\"caption\":\"luis Camacho\"},\"url\":\"https:\\\/\\\/www.eldiario.net\\\/portal\\\/author\\\/luis\\\/\"}]}<\/script>\n<!-- \/ Yoast SEO plugin. -->","yoast_head_json":{"title":"Es posible explorar en 3D m\u00e1s de 130 piezas del Museo de Etnograf\u00eda y Folklore - El Diario - Bolivia","robots":{"index":"index","follow":"follow","max-snippet":"max-snippet:-1","max-image-preview":"max-image-preview:large","max-video-preview":"max-video-preview:-1"},"canonical":"https:\/\/www.eldiario.net\/portal\/2025\/07\/07\/es-posible-explorar-en-3d-mas-de-130-piezas-del-museo-de-etnografia-y-folklore\/","og_locale":"es_ES","og_type":"article","og_title":"Es posible explorar en 3D m\u00e1s de 130 piezas del Museo de Etnograf\u00eda y Folklore - El Diario - Bolivia","og_description":"Con su innovador Programa de Colecciones 3D, el Museo Nacional de Etnograf\u00eda y Folklore se convierte en la primera instituci\u00f3n en Bolivia \u2014y una de las pocas en Sudam\u00e9rica\u2014 en abrir el acceso al patrimonio cultural en alta resoluci\u00f3n y en formato tridimensional. Un paso firme hacia la descolonizaci\u00f3n del conocimiento. La memoria de los [&hellip;]","og_url":"https:\/\/www.eldiario.net\/portal\/2025\/07\/07\/es-posible-explorar-en-3d-mas-de-130-piezas-del-museo-de-etnografia-y-folklore\/","og_site_name":"El Diario - Bolivia","article_publisher":"https:\/\/www.facebook.com\/eldiario.bolivia\/","article_published_time":"2025-07-07T16:25:30+00:00","og_image":[{"width":800,"height":450,"url":"https:\/\/www.eldiario.net\/portal\/wp-content\/uploads\/2025\/07\/1-PRINCIPAL-2.webp","type":"image\/webp"}],"author":"luis Camacho","twitter_card":"summary_large_image","twitter_creator":"@eldiario_net","twitter_site":"@eldiario_net","twitter_misc":{"Escrito por":"luis Camacho","Tiempo de lectura":"4 minutos"},"schema":{"@context":"https:\/\/schema.org","@graph":[{"@type":"Article","@id":"https:\/\/www.eldiario.net\/portal\/2025\/07\/07\/es-posible-explorar-en-3d-mas-de-130-piezas-del-museo-de-etnografia-y-folklore\/#article","isPartOf":{"@id":"https:\/\/www.eldiario.net\/portal\/2025\/07\/07\/es-posible-explorar-en-3d-mas-de-130-piezas-del-museo-de-etnografia-y-folklore\/"},"author":{"name":"luis Camacho","@id":"https:\/\/www.eldiario.net\/portal\/#\/schema\/person\/c1a5d38e458b10c8ebd62f4189b82bbc"},"headline":"Es posible explorar en 3D m\u00e1s de 130 piezas del Museo de Etnograf\u00eda y Folklore","datePublished":"2025-07-07T16:25:30+00:00","mainEntityOfPage":{"@id":"https:\/\/www.eldiario.net\/portal\/2025\/07\/07\/es-posible-explorar-en-3d-mas-de-130-piezas-del-museo-de-etnografia-y-folklore\/"},"wordCount":864,"publisher":{"@id":"https:\/\/www.eldiario.net\/portal\/#organization"},"image":{"@id":"https:\/\/www.eldiario.net\/portal\/2025\/07\/07\/es-posible-explorar-en-3d-mas-de-130-piezas-del-museo-de-etnografia-y-folklore\/#primaryimage"},"thumbnailUrl":"https:\/\/www.eldiario.net\/portal\/wp-content\/uploads\/2025\/07\/1-PRINCIPAL-2.webp","articleSection":["La Gu\u00eda"],"inLanguage":"es"},{"@type":"WebPage","@id":"https:\/\/www.eldiario.net\/portal\/2025\/07\/07\/es-posible-explorar-en-3d-mas-de-130-piezas-del-museo-de-etnografia-y-folklore\/","url":"https:\/\/www.eldiario.net\/portal\/2025\/07\/07\/es-posible-explorar-en-3d-mas-de-130-piezas-del-museo-de-etnografia-y-folklore\/","name":"Es posible explorar en 3D m\u00e1s de 130 piezas del Museo de Etnograf\u00eda y Folklore - El Diario - Bolivia","isPartOf":{"@id":"https:\/\/www.eldiario.net\/portal\/#website"},"primaryImageOfPage":{"@id":"https:\/\/www.eldiario.net\/portal\/2025\/07\/07\/es-posible-explorar-en-3d-mas-de-130-piezas-del-museo-de-etnografia-y-folklore\/#primaryimage"},"image":{"@id":"https:\/\/www.eldiario.net\/portal\/2025\/07\/07\/es-posible-explorar-en-3d-mas-de-130-piezas-del-museo-de-etnografia-y-folklore\/#primaryimage"},"thumbnailUrl":"https:\/\/www.eldiario.net\/portal\/wp-content\/uploads\/2025\/07\/1-PRINCIPAL-2.webp","datePublished":"2025-07-07T16:25:30+00:00","breadcrumb":{"@id":"https:\/\/www.eldiario.net\/portal\/2025\/07\/07\/es-posible-explorar-en-3d-mas-de-130-piezas-del-museo-de-etnografia-y-folklore\/#breadcrumb"},"inLanguage":"es","potentialAction":[{"@type":"ReadAction","target":["https:\/\/www.eldiario.net\/portal\/2025\/07\/07\/es-posible-explorar-en-3d-mas-de-130-piezas-del-museo-de-etnografia-y-folklore\/"]}]},{"@type":"ImageObject","inLanguage":"es","@id":"https:\/\/www.eldiario.net\/portal\/2025\/07\/07\/es-posible-explorar-en-3d-mas-de-130-piezas-del-museo-de-etnografia-y-folklore\/#primaryimage","url":"https:\/\/www.eldiario.net\/portal\/wp-content\/uploads\/2025\/07\/1-PRINCIPAL-2.webp","contentUrl":"https:\/\/www.eldiario.net\/portal\/wp-content\/uploads\/2025\/07\/1-PRINCIPAL-2.webp","width":800,"height":450},{"@type":"BreadcrumbList","@id":"https:\/\/www.eldiario.net\/portal\/2025\/07\/07\/es-posible-explorar-en-3d-mas-de-130-piezas-del-museo-de-etnografia-y-folklore\/#breadcrumb","itemListElement":[{"@type":"ListItem","position":1,"name":"Portada","item":"https:\/\/www.eldiario.net\/portal\/"},{"@type":"ListItem","position":2,"name":"Es posible explorar en 3D m\u00e1s de 130 piezas del Museo de Etnograf\u00eda y Folklore"}]},{"@type":"WebSite","@id":"https:\/\/www.eldiario.net\/portal\/#website","url":"https:\/\/www.eldiario.net\/portal\/","name":"El Diario - Decano de la prensa nacional","description":"El Diario - Decano de la prensa nacional","publisher":{"@id":"https:\/\/www.eldiario.net\/portal\/#organization"},"potentialAction":[{"@type":"SearchAction","target":{"@type":"EntryPoint","urlTemplate":"https:\/\/www.eldiario.net\/portal\/?s={search_term_string}"},"query-input":{"@type":"PropertyValueSpecification","valueRequired":true,"valueName":"search_term_string"}}],"inLanguage":"es"},{"@type":"Organization","@id":"https:\/\/www.eldiario.net\/portal\/#organization","name":"El Diario - Decano de la prensa nacional","url":"https:\/\/www.eldiario.net\/portal\/","logo":{"@type":"ImageObject","inLanguage":"es","@id":"https:\/\/www.eldiario.net\/portal\/#\/schema\/logo\/image\/","url":"https:\/\/www.eldiario.net\/portal\/wp-content\/uploads\/2023\/07\/logo_ED.jpg","contentUrl":"https:\/\/www.eldiario.net\/portal\/wp-content\/uploads\/2023\/07\/logo_ED.jpg","width":272,"height":52,"caption":"El Diario - Decano de la prensa nacional"},"image":{"@id":"https:\/\/www.eldiario.net\/portal\/#\/schema\/logo\/image\/"},"sameAs":["https:\/\/www.facebook.com\/eldiario.bolivia\/","https:\/\/x.com\/eldiario_net"]},{"@type":"Person","@id":"https:\/\/www.eldiario.net\/portal\/#\/schema\/person\/c1a5d38e458b10c8ebd62f4189b82bbc","name":"luis Camacho","image":{"@type":"ImageObject","inLanguage":"es","@id":"https:\/\/secure.gravatar.com\/avatar\/69ecb836b3826d5a2501bf06ab2a2f2c8ab211cc846758f395df21684cb38313?s=96&d=mm&r=g","url":"https:\/\/secure.gravatar.com\/avatar\/69ecb836b3826d5a2501bf06ab2a2f2c8ab211cc846758f395df21684cb38313?s=96&d=mm&r=g","contentUrl":"https:\/\/secure.gravatar.com\/avatar\/69ecb836b3826d5a2501bf06ab2a2f2c8ab211cc846758f395df21684cb38313?s=96&d=mm&r=g","caption":"luis Camacho"},"url":"https:\/\/www.eldiario.net\/portal\/author\/luis\/"}]}},"_links":{"self":[{"href":"https:\/\/www.eldiario.net\/portal\/wp-json\/wp\/v2\/posts\/315087","targetHints":{"allow":["GET"]}}],"collection":[{"href":"https:\/\/www.eldiario.net\/portal\/wp-json\/wp\/v2\/posts"}],"about":[{"href":"https:\/\/www.eldiario.net\/portal\/wp-json\/wp\/v2\/types\/post"}],"author":[{"embeddable":true,"href":"https:\/\/www.eldiario.net\/portal\/wp-json\/wp\/v2\/users\/2"}],"replies":[{"embeddable":true,"href":"https:\/\/www.eldiario.net\/portal\/wp-json\/wp\/v2\/comments?post=315087"}],"version-history":[{"count":1,"href":"https:\/\/www.eldiario.net\/portal\/wp-json\/wp\/v2\/posts\/315087\/revisions"}],"predecessor-version":[{"id":315095,"href":"https:\/\/www.eldiario.net\/portal\/wp-json\/wp\/v2\/posts\/315087\/revisions\/315095"}],"wp:featuredmedia":[{"embeddable":true,"href":"https:\/\/www.eldiario.net\/portal\/wp-json\/wp\/v2\/media\/315089"}],"wp:attachment":[{"href":"https:\/\/www.eldiario.net\/portal\/wp-json\/wp\/v2\/media?parent=315087"}],"wp:term":[{"taxonomy":"category","embeddable":true,"href":"https:\/\/www.eldiario.net\/portal\/wp-json\/wp\/v2\/categories?post=315087"},{"taxonomy":"post_tag","embeddable":true,"href":"https:\/\/www.eldiario.net\/portal\/wp-json\/wp\/v2\/tags?post=315087"}],"curies":[{"name":"wp","href":"https:\/\/api.w.org\/{rel}","templated":true}]}}