{"id":314535,"date":"2025-07-05T08:25:15","date_gmt":"2025-07-05T12:25:15","guid":{"rendered":"https:\/\/www.eldiario.net\/portal\/?p=314535"},"modified":"2025-07-05T08:25:15","modified_gmt":"2025-07-05T12:25:15","slug":"restauran-4-obras-de-holguin-regalo-de-ee-uu-a-bolivia","status":"publish","type":"post","link":"https:\/\/www.eldiario.net\/portal\/2025\/07\/05\/restauran-4-obras-de-holguin-regalo-de-ee-uu-a-bolivia\/","title":{"rendered":"Restauran 4 obras de Holgu\u00edn: Regalo de EE.UU. a Bolivia"},"content":{"rendered":"<p>Cuatro pinturas del c\u00e9lebre pintor colonial Melchor P\u00e9rez de Holgu\u00edn: \u201cEl Sue\u00f1o de San Pedro Nolasco\u201d, \u201cLa Siembra Divina\u201d, \u201cLos Divinos Gajos de San Joaqu\u00edn y Santa Ana\u201d y \u201cLa Anunciaci\u00f3n\u201d fueron restauradas gracias al Fondo para la Preservaci\u00f3n Cultural (AFCP) del gobierno de Estados Unidos de Am\u00e9rica, con una inversi\u00f3n de $40.690 d\u00f3lares. Dos de estas obras ya han sido completamente restauradas y fueron entregadas oficialmente el pasado 30 de junio en Sucre por la jefa de Misi\u00f3n, Debra Hevia, en el marco de las celebraciones por el Bicentenario de Bolivia. Las otras dos pinturas se encuentran actualmente en proceso de restauraci\u00f3n. Estas obras son el regalo estadounidense al pueblo boliviano.<br \/>\nLas pinturas restauradas fueron encargadas originalmente por la Orden Mercedaria en el siglo XVIII; forman parte del patrimonio de la iglesia de La Merced en Sucre; y ser\u00e1n expuestas en el Museo de la Catedral, como testimonio de una profunda colaboraci\u00f3n entre ambos pa\u00edses y de un compromiso compartido con la protecci\u00f3n del patrimonio cultural. La restauraci\u00f3n, que se inici\u00f3 en noviembre del 2024, cumpli\u00f3 est\u00e1ndares internacionales de conservaci\u00f3n. Fue realizada por el maestro restaurador boliviano Ricardo L\u00f3pez y su equipo.<br \/>\n\u201cEste proyecto es m\u00e1s que una restauraci\u00f3n; es un homenaje a la rica herencia cultural de Bolivia y una reafirmaci\u00f3n de nuestra amistad duradera. Estados Unidos se honra en acompa\u00f1ar a Bolivia en la conmemoraci\u00f3n de su Bicentenario con este aporte cultural, que representa una muestra de respeto por su historia, arte y espiritualidad\u201d, destac\u00f3 la jefa de Misi\u00f3n, Debra Hevia, en ocasi\u00f3n de la entrega de las obras.<br \/>\nLa ceremonia de entrega oficial tambi\u00e9n marc\u00f3 el cierre de la \u201cSemana USA en Sucre\u201d, una visita de todos los programas que ofrece la embajada a la ciudad blanca. \u201cMi equipo y yo hemos estado en Sucre para celebrar el bicentenario boliviano y nuestro aniversario nacional. Ha sido una visita inolvidable y agradecemos profundamente al pueblo sucrense por su hospitalidad\u201d, afirm\u00f3 la Jefa de Misi\u00f3n.<br \/>\nMelchor P\u00e9rez Holgu\u00edn (1660-1732), nacido en Cochabamba y considerado uno de los artistas m\u00e1s importantes del periodo colonial en Sudam\u00e9rica, vivi\u00f3 y trabaj\u00f3 en la ciudad de Potos\u00ed, entonces conocida como el \u201cPar\u00eds del Nuevo Mundo\u201d. Sus obras son parte esencial del legado cultural boliviano y su imagen figura en el billete de 50 bolivianos.<\/p>\n\r\n                <style type=\"text\/css\">\r\n                    \r\n                    #tdi_1  .td-doubleSlider-2 .td-item1 {\r\n                        background: url(https:\/\/www.eldiario.net\/portal\/wp-content\/uploads\/2025\/07\/R1-80x60.webp) 0 0 no-repeat;\r\n                    }\r\n                    #tdi_1  .td-doubleSlider-2 .td-item2 {\r\n                        background: url(https:\/\/www.eldiario.net\/portal\/wp-content\/uploads\/2025\/07\/R2-80x60.webp) 0 0 no-repeat;\r\n                    }\r\n                    #tdi_1  .td-doubleSlider-2 .td-item3 {\r\n                        background: url(https:\/\/www.eldiario.net\/portal\/wp-content\/uploads\/2025\/07\/R6-80x60.webp) 0 0 no-repeat;\r\n                    }\r\n                    #tdi_1  .td-doubleSlider-2 .td-item4 {\r\n                        background: url(https:\/\/www.eldiario.net\/portal\/wp-content\/uploads\/2025\/07\/R9-80x60.webp) 0 0 no-repeat;\r\n                    }\r\n                    #tdi_1  .td-doubleSlider-2 .td-item5 {\r\n                        background: url(https:\/\/www.eldiario.net\/portal\/wp-content\/uploads\/2025\/07\/R10-80x60.webp) 0 0 no-repeat;\r\n                    }\r\n                <\/style>\r\n\r\n                <div id=\"tdi_1\" class=\"td-gallery td-slide-on-2-columns\">\r\n                    <div class=\"post_td_gallery\">\r\n                        <div class=\"td-gallery-slide-top\">\r\n                           <div class=\"td-gallery-title\"><\/div>\r\n\r\n                            <div class=\"td-gallery-controls-wrapper\">\r\n                                <div class=\"td-gallery-slide-count\"><span class=\"td-gallery-slide-item-focus\">1<\/span> de 5<\/div>\r\n                                <div class=\"td-gallery-slide-prev-next-but\">\r\n                                    <i class = \"td-icon-left doubleSliderPrevButton\"><\/i>\r\n                                    <i class = \"td-icon-right doubleSliderNextButton\"><\/i>\r\n                                <\/div>\r\n                            <\/div>\r\n                        <\/div>\r\n\r\n                        <div class = \"td-doubleSlider-1 \">\r\n                            <div class = \"td-slider\">\r\n                                \r\n                    <div class = \"td-slide-item td-item1\">\r\n                        <figure class=\"td-slide-galery-figure td-slide-popup-gallery\">\r\n                            <a class=\"slide-gallery-image-link\" href=\"https:\/\/www.eldiario.net\/portal\/wp-content\/uploads\/2025\/07\/R1.webp\" title=\"R1\"  data-caption=\"UNA EXPLICACI\u00d3N SOBRE EL CUADRO QUE MUESTRA AL \u00c1NGEL GABRIEL DESCENDIENDO DEL CIELO EN UN REMOLINO DE ROPAJES Y NUBES, MIENTRAS LA VIRGEN MAR\u00cdA SE ENCUENTRA SERENA EN ORACI\u00d3N. UN EJEMPLO DEL BARROCO DE CHARCAS.\"  data-description=\"\">\r\n                                <img decoding=\"async\" src=\"https:\/\/www.eldiario.net\/portal\/wp-content\/uploads\/2025\/07\/R1-747x420.webp\" srcset=\"https:\/\/www.eldiario.net\/portal\/wp-content\/uploads\/2025\/07\/R1-747x420.webp 747w, https:\/\/www.eldiario.net\/portal\/wp-content\/uploads\/2025\/07\/R1-300x169.webp 300w, https:\/\/www.eldiario.net\/portal\/wp-content\/uploads\/2025\/07\/R1-1024x576.webp 1024w, https:\/\/www.eldiario.net\/portal\/wp-content\/uploads\/2025\/07\/R1-768x432.webp 768w, https:\/\/www.eldiario.net\/portal\/wp-content\/uploads\/2025\/07\/R1-696x392.webp 696w, https:\/\/www.eldiario.net\/portal\/wp-content\/uploads\/2025\/07\/R1-1068x601.webp 1068w, https:\/\/www.eldiario.net\/portal\/wp-content\/uploads\/2025\/07\/R1.webp 1200w\" sizes=\"(max-width: 747px) 100vw, 747px\" alt=\"\">\r\n                            <\/a>\r\n                            <figcaption class = \"td-slide-caption td-gallery-slide-content\"><div class = \"td-gallery-slide-copywrite\">UNA EXPLICACI\u00d3N SOBRE EL CUADRO QUE MUESTRA AL \u00c1NGEL GABRIEL DESCENDIENDO DEL CIELO EN UN REMOLINO DE ROPAJES Y NUBES, MIENTRAS LA VIRGEN MAR\u00cdA SE ENCUENTRA SERENA EN ORACI\u00d3N. UN EJEMPLO DEL BARROCO DE CHARCAS.<\/div><\/figcaption>\r\n                        <\/figure>\r\n                    <\/div>\r\n                    <div class = \"td-slide-item td-item2\">\r\n                        <figure class=\"td-slide-galery-figure td-slide-popup-gallery\">\r\n                            <a class=\"slide-gallery-image-link\" href=\"https:\/\/www.eldiario.net\/portal\/wp-content\/uploads\/2025\/07\/R2.webp\" title=\"R2\"  data-caption=\"LA VIRGEN MAR\u00cdA SEMBRANDO SEMILLAS DE TRIGO, JES\u00daS REG\u00c1NDOLAS CON SU SANGRE Y DIOS PADRE DANDO EL CRECIMIENTO. REPRESENTA LA CREACI\u00d3N DE LA ORDEN DE LA MERCED, CON LA VIRGEN MAR\u00cdA COMO FUNDADORA.\"  data-description=\"\">\r\n                                <img decoding=\"async\" src=\"https:\/\/www.eldiario.net\/portal\/wp-content\/uploads\/2025\/07\/R2-796x420.webp\" srcset=\"https:\/\/www.eldiario.net\/portal\/wp-content\/uploads\/2025\/07\/R2-796x420.webp 796w, https:\/\/www.eldiario.net\/portal\/wp-content\/uploads\/2025\/07\/R2-300x158.webp 300w, https:\/\/www.eldiario.net\/portal\/wp-content\/uploads\/2025\/07\/R2-1024x540.webp 1024w, https:\/\/www.eldiario.net\/portal\/wp-content\/uploads\/2025\/07\/R2-768x405.webp 768w, https:\/\/www.eldiario.net\/portal\/wp-content\/uploads\/2025\/07\/R2-696x367.webp 696w, https:\/\/www.eldiario.net\/portal\/wp-content\/uploads\/2025\/07\/R2-1068x563.webp 1068w, https:\/\/www.eldiario.net\/portal\/wp-content\/uploads\/2025\/07\/R2.webp 1536w\" sizes=\"(max-width: 796px) 100vw, 796px\" alt=\"\">\r\n                            <\/a>\r\n                            <figcaption class = \"td-slide-caption td-gallery-slide-content\"><div class = \"td-gallery-slide-copywrite\">LA VIRGEN MAR\u00cdA SEMBRANDO SEMILLAS DE TRIGO, JES\u00daS REG\u00c1NDOLAS CON SU SANGRE Y DIOS PADRE DANDO EL CRECIMIENTO. REPRESENTA LA CREACI\u00d3N DE LA ORDEN DE LA MERCED, CON LA VIRGEN MAR\u00cdA COMO FUNDADORA.<\/div><\/figcaption>\r\n                        <\/figure>\r\n                    <\/div>\r\n                    <div class = \"td-slide-item td-item3\">\r\n                        <figure class=\"td-slide-galery-figure td-slide-popup-gallery\">\r\n                            <a class=\"slide-gallery-image-link\" href=\"https:\/\/www.eldiario.net\/portal\/wp-content\/uploads\/2025\/07\/R6.webp\" title=\"R6\"  data-caption=\"LOS DIVINOS GAJOS DE SAN JOAQU\u00cdN Y SANTA ANA O LA INMACULADA CONCEPCI\u00d3N DE MAR\u00cdA.\"  data-description=\"\">\r\n                                <img decoding=\"async\" src=\"https:\/\/www.eldiario.net\/portal\/wp-content\/uploads\/2025\/07\/R6.webp\" alt=\"\">\r\n                            <\/a>\r\n                            <figcaption class = \"td-slide-caption td-gallery-slide-content\"><div class = \"td-gallery-slide-copywrite\">LOS DIVINOS GAJOS DE SAN JOAQU\u00cdN Y SANTA ANA O LA INMACULADA CONCEPCI\u00d3N DE MAR\u00cdA.<\/div><\/figcaption>\r\n                        <\/figure>\r\n                    <\/div>\r\n                    <div class = \"td-slide-item td-item4\">\r\n                        <figure class=\"td-slide-galery-figure td-slide-popup-gallery\">\r\n                            <a class=\"slide-gallery-image-link\" href=\"https:\/\/www.eldiario.net\/portal\/wp-content\/uploads\/2025\/07\/R9.webp\" title=\"R9\"  data-caption=\"\"  data-description=\"\">\r\n                                <img decoding=\"async\" src=\"https:\/\/www.eldiario.net\/portal\/wp-content\/uploads\/2025\/07\/R9-796x420.webp\" srcset=\"https:\/\/www.eldiario.net\/portal\/wp-content\/uploads\/2025\/07\/R9-796x420.webp 796w, https:\/\/www.eldiario.net\/portal\/wp-content\/uploads\/2025\/07\/R9-300x158.webp 300w, https:\/\/www.eldiario.net\/portal\/wp-content\/uploads\/2025\/07\/R9-1024x540.webp 1024w, https:\/\/www.eldiario.net\/portal\/wp-content\/uploads\/2025\/07\/R9-768x405.webp 768w, https:\/\/www.eldiario.net\/portal\/wp-content\/uploads\/2025\/07\/R9-696x367.webp 696w, https:\/\/www.eldiario.net\/portal\/wp-content\/uploads\/2025\/07\/R9-1068x563.webp 1068w, https:\/\/www.eldiario.net\/portal\/wp-content\/uploads\/2025\/07\/R9.webp 1536w\" sizes=\"(max-width: 796px) 100vw, 796px\" alt=\"\">\r\n                            <\/a>\r\n                            \r\n                        <\/figure>\r\n                    <\/div>\r\n                    <div class = \"td-slide-item td-item5\">\r\n                        <figure class=\"td-slide-galery-figure td-slide-popup-gallery\">\r\n                            <a class=\"slide-gallery-image-link\" href=\"https:\/\/www.eldiario.net\/portal\/wp-content\/uploads\/2025\/07\/R10.webp\" title=\"R10\"  data-caption=\"LA JEFA DE MISI\u00d3N DE LA EMBAJADA DE ESTADOS UNIDOS, DEBRA HEVIA.\"  data-description=\"\">\r\n                                <img decoding=\"async\" src=\"https:\/\/www.eldiario.net\/portal\/wp-content\/uploads\/2025\/07\/R10-796x420.webp\" srcset=\"https:\/\/www.eldiario.net\/portal\/wp-content\/uploads\/2025\/07\/R10-796x420.webp 796w, https:\/\/www.eldiario.net\/portal\/wp-content\/uploads\/2025\/07\/R10-300x158.webp 300w, https:\/\/www.eldiario.net\/portal\/wp-content\/uploads\/2025\/07\/R10-1024x540.webp 1024w, https:\/\/www.eldiario.net\/portal\/wp-content\/uploads\/2025\/07\/R10-768x405.webp 768w, https:\/\/www.eldiario.net\/portal\/wp-content\/uploads\/2025\/07\/R10-696x367.webp 696w, https:\/\/www.eldiario.net\/portal\/wp-content\/uploads\/2025\/07\/R10-1068x563.webp 1068w, https:\/\/www.eldiario.net\/portal\/wp-content\/uploads\/2025\/07\/R10.webp 1536w\" sizes=\"(max-width: 796px) 100vw, 796px\" alt=\"\">\r\n                            <\/a>\r\n                            <figcaption class = \"td-slide-caption td-gallery-slide-content\"><div class = \"td-gallery-slide-copywrite\">LA JEFA DE MISI\u00d3N DE LA EMBAJADA DE ESTADOS UNIDOS, DEBRA HEVIA.<\/div><\/figcaption>\r\n                        <\/figure>\r\n                    <\/div>\r\n                            <\/div>\r\n                        <\/div>\r\n\r\n                        <div class = \"td-doubleSlider-2\">\r\n                            <div class = \"td-slider\">\r\n                                \r\n                    <div class = \"td-button td-item1\">\r\n                        <div class = \"td-border\"><\/div>\r\n                    <\/div>\r\n                    <div class = \"td-button td-item2\">\r\n                        <div class = \"td-border\"><\/div>\r\n                    <\/div>\r\n                    <div class = \"td-button td-item3\">\r\n                        <div class = \"td-border\"><\/div>\r\n                    <\/div>\r\n                    <div class = \"td-button td-item4\">\r\n                        <div class = \"td-border\"><\/div>\r\n                    <\/div>\r\n                    <div class = \"td-button td-item5\">\r\n                        <div class = \"td-border\"><\/div>\r\n                    <\/div>\r\n                            <\/div>\r\n                        <\/div>\r\n\r\n                    <\/div>\r\n\r\n                <\/div>\r\n                \n","protected":false},"excerpt":{"rendered":"<p>Cuatro pinturas del c\u00e9lebre pintor colonial Melchor P\u00e9rez de Holgu\u00edn: \u201cEl Sue\u00f1o de San Pedro Nolasco\u201d, \u201cLa Siembra Divina\u201d, \u201cLos Divinos Gajos de San Joaqu\u00edn y Santa Ana\u201d y \u201cLa Anunciaci\u00f3n\u201d fueron restauradas gracias al Fondo para la Preservaci\u00f3n Cultural (AFCP) del gobierno de Estados Unidos de Am\u00e9rica, con una inversi\u00f3n de $40.690 d\u00f3lares. Dos [&hellip;]<\/p>\n","protected":false},"author":1,"featured_media":314536,"comment_status":"closed","ping_status":"open","sticky":false,"template":"","format":"standard","meta":{"_acf_changed":false,"footnotes":""},"categories":[40],"tags":[],"class_list":["post-314535","post","type-post","status-publish","format-standard","has-post-thumbnail","category-sociales"],"acf":{"antetitulo":""},"yoast_head":"<!-- This site is optimized with the Yoast SEO plugin v28.4 - https:\/\/yoast.com\/product\/yoast-seo-wordpress\/ -->\n<title>Restauran 4 obras de Holgu\u00edn: Regalo de EE.UU. a Bolivia - El Diario - Bolivia<\/title>\n<meta name=\"robots\" content=\"index, follow, max-snippet:-1, max-image-preview:large, max-video-preview:-1\" \/>\n<link rel=\"canonical\" href=\"https:\/\/www.eldiario.net\/portal\/2025\/07\/05\/restauran-4-obras-de-holguin-regalo-de-ee-uu-a-bolivia\/\" \/>\n<meta property=\"og:locale\" content=\"es_ES\" \/>\n<meta property=\"og:type\" content=\"article\" \/>\n<meta property=\"og:title\" content=\"Restauran 4 obras de Holgu\u00edn: Regalo de EE.UU. a Bolivia - El Diario - Bolivia\" \/>\n<meta property=\"og:description\" content=\"Cuatro pinturas del c\u00e9lebre pintor colonial Melchor P\u00e9rez de Holgu\u00edn: \u201cEl Sue\u00f1o de San Pedro Nolasco\u201d, \u201cLa Siembra Divina\u201d, \u201cLos Divinos Gajos de San Joaqu\u00edn y Santa Ana\u201d y \u201cLa Anunciaci\u00f3n\u201d fueron restauradas gracias al Fondo para la Preservaci\u00f3n Cultural (AFCP) del gobierno de Estados Unidos de Am\u00e9rica, con una inversi\u00f3n de $40.690 d\u00f3lares. Dos [&hellip;]\" \/>\n<meta property=\"og:url\" content=\"https:\/\/www.eldiario.net\/portal\/2025\/07\/05\/restauran-4-obras-de-holguin-regalo-de-ee-uu-a-bolivia\/\" \/>\n<meta property=\"og:site_name\" content=\"El Diario - Bolivia\" \/>\n<meta property=\"article:publisher\" content=\"https:\/\/www.facebook.com\/eldiario.bolivia\/\" \/>\n<meta property=\"article:published_time\" content=\"2025-07-05T12:25:15+00:00\" \/>\n<meta property=\"og:image\" content=\"https:\/\/www.eldiario.net\/portal\/wp-content\/uploads\/2025\/07\/R1.webp\" \/>\n\t<meta property=\"og:image:width\" content=\"1200\" \/>\n\t<meta property=\"og:image:height\" content=\"675\" \/>\n\t<meta property=\"og:image:type\" content=\"image\/webp\" \/>\n<meta name=\"author\" content=\"Jeanette\" \/>\n<meta name=\"twitter:card\" content=\"summary_large_image\" \/>\n<meta name=\"twitter:creator\" content=\"@eldiario_net\" \/>\n<meta name=\"twitter:site\" content=\"@eldiario_net\" \/>\n<meta name=\"twitter:label1\" content=\"Escrito por\" \/>\n\t<meta name=\"twitter:data1\" content=\"Jeanette\" \/>\n\t<meta name=\"twitter:label2\" content=\"Tiempo de lectura\" \/>\n\t<meta name=\"twitter:data2\" content=\"2 minutos\" \/>\n<script type=\"application\/ld+json\" class=\"yoast-schema-graph\">{\"@context\":\"https:\\\/\\\/schema.org\",\"@graph\":[{\"@type\":\"Article\",\"@id\":\"https:\\\/\\\/www.eldiario.net\\\/portal\\\/2025\\\/07\\\/05\\\/restauran-4-obras-de-holguin-regalo-de-ee-uu-a-bolivia\\\/#article\",\"isPartOf\":{\"@id\":\"https:\\\/\\\/www.eldiario.net\\\/portal\\\/2025\\\/07\\\/05\\\/restauran-4-obras-de-holguin-regalo-de-ee-uu-a-bolivia\\\/\"},\"author\":{\"name\":\"Jeanette\",\"@id\":\"https:\\\/\\\/www.eldiario.net\\\/portal\\\/#\\\/schema\\\/person\\\/2c57cf2b7a7ae032e449e4c9b1019eac\"},\"headline\":\"Restauran 4 obras de Holgu\u00edn: Regalo de EE.UU. a Bolivia\",\"datePublished\":\"2025-07-05T12:25:15+00:00\",\"mainEntityOfPage\":{\"@id\":\"https:\\\/\\\/www.eldiario.net\\\/portal\\\/2025\\\/07\\\/05\\\/restauran-4-obras-de-holguin-regalo-de-ee-uu-a-bolivia\\\/\"},\"wordCount\":432,\"publisher\":{\"@id\":\"https:\\\/\\\/www.eldiario.net\\\/portal\\\/#organization\"},\"image\":{\"@id\":\"https:\\\/\\\/www.eldiario.net\\\/portal\\\/2025\\\/07\\\/05\\\/restauran-4-obras-de-holguin-regalo-de-ee-uu-a-bolivia\\\/#primaryimage\"},\"thumbnailUrl\":\"https:\\\/\\\/www.eldiario.net\\\/portal\\\/wp-content\\\/uploads\\\/2025\\\/07\\\/R1.webp\",\"articleSection\":[\"Sociales\"],\"inLanguage\":\"es\"},{\"@type\":\"WebPage\",\"@id\":\"https:\\\/\\\/www.eldiario.net\\\/portal\\\/2025\\\/07\\\/05\\\/restauran-4-obras-de-holguin-regalo-de-ee-uu-a-bolivia\\\/\",\"url\":\"https:\\\/\\\/www.eldiario.net\\\/portal\\\/2025\\\/07\\\/05\\\/restauran-4-obras-de-holguin-regalo-de-ee-uu-a-bolivia\\\/\",\"name\":\"Restauran 4 obras de Holgu\u00edn: Regalo de EE.UU. a Bolivia - El Diario - Bolivia\",\"isPartOf\":{\"@id\":\"https:\\\/\\\/www.eldiario.net\\\/portal\\\/#website\"},\"primaryImageOfPage\":{\"@id\":\"https:\\\/\\\/www.eldiario.net\\\/portal\\\/2025\\\/07\\\/05\\\/restauran-4-obras-de-holguin-regalo-de-ee-uu-a-bolivia\\\/#primaryimage\"},\"image\":{\"@id\":\"https:\\\/\\\/www.eldiario.net\\\/portal\\\/2025\\\/07\\\/05\\\/restauran-4-obras-de-holguin-regalo-de-ee-uu-a-bolivia\\\/#primaryimage\"},\"thumbnailUrl\":\"https:\\\/\\\/www.eldiario.net\\\/portal\\\/wp-content\\\/uploads\\\/2025\\\/07\\\/R1.webp\",\"datePublished\":\"2025-07-05T12:25:15+00:00\",\"breadcrumb\":{\"@id\":\"https:\\\/\\\/www.eldiario.net\\\/portal\\\/2025\\\/07\\\/05\\\/restauran-4-obras-de-holguin-regalo-de-ee-uu-a-bolivia\\\/#breadcrumb\"},\"inLanguage\":\"es\",\"potentialAction\":[{\"@type\":\"ReadAction\",\"target\":[\"https:\\\/\\\/www.eldiario.net\\\/portal\\\/2025\\\/07\\\/05\\\/restauran-4-obras-de-holguin-regalo-de-ee-uu-a-bolivia\\\/\"]}]},{\"@type\":\"ImageObject\",\"inLanguage\":\"es\",\"@id\":\"https:\\\/\\\/www.eldiario.net\\\/portal\\\/2025\\\/07\\\/05\\\/restauran-4-obras-de-holguin-regalo-de-ee-uu-a-bolivia\\\/#primaryimage\",\"url\":\"https:\\\/\\\/www.eldiario.net\\\/portal\\\/wp-content\\\/uploads\\\/2025\\\/07\\\/R1.webp\",\"contentUrl\":\"https:\\\/\\\/www.eldiario.net\\\/portal\\\/wp-content\\\/uploads\\\/2025\\\/07\\\/R1.webp\",\"width\":1200,\"height\":675,\"caption\":\"UNA EXPLICACI\u00d3N SOBRE EL CUADRO QUE MUESTRA AL \u00c1NGEL GABRIEL DESCENDIENDO DEL CIELO EN UN REMOLINO DE ROPAJES Y NUBES, MIENTRAS LA VIRGEN MAR\u00cdA SE ENCUENTRA SERENA EN ORACI\u00d3N. UN EJEMPLO DEL BARROCO DE CHARCAS.\"},{\"@type\":\"BreadcrumbList\",\"@id\":\"https:\\\/\\\/www.eldiario.net\\\/portal\\\/2025\\\/07\\\/05\\\/restauran-4-obras-de-holguin-regalo-de-ee-uu-a-bolivia\\\/#breadcrumb\",\"itemListElement\":[{\"@type\":\"ListItem\",\"position\":1,\"name\":\"Portada\",\"item\":\"https:\\\/\\\/www.eldiario.net\\\/portal\\\/\"},{\"@type\":\"ListItem\",\"position\":2,\"name\":\"Restauran 4 obras de Holgu\u00edn: Regalo de EE.UU. a Bolivia\"}]},{\"@type\":\"WebSite\",\"@id\":\"https:\\\/\\\/www.eldiario.net\\\/portal\\\/#website\",\"url\":\"https:\\\/\\\/www.eldiario.net\\\/portal\\\/\",\"name\":\"El Diario - Decano de la prensa nacional\",\"description\":\"El Diario - Decano de la prensa nacional\",\"publisher\":{\"@id\":\"https:\\\/\\\/www.eldiario.net\\\/portal\\\/#organization\"},\"potentialAction\":[{\"@type\":\"SearchAction\",\"target\":{\"@type\":\"EntryPoint\",\"urlTemplate\":\"https:\\\/\\\/www.eldiario.net\\\/portal\\\/?s={search_term_string}\"},\"query-input\":{\"@type\":\"PropertyValueSpecification\",\"valueRequired\":true,\"valueName\":\"search_term_string\"}}],\"inLanguage\":\"es\"},{\"@type\":\"Organization\",\"@id\":\"https:\\\/\\\/www.eldiario.net\\\/portal\\\/#organization\",\"name\":\"El Diario - Decano de la prensa nacional\",\"url\":\"https:\\\/\\\/www.eldiario.net\\\/portal\\\/\",\"logo\":{\"@type\":\"ImageObject\",\"inLanguage\":\"es\",\"@id\":\"https:\\\/\\\/www.eldiario.net\\\/portal\\\/#\\\/schema\\\/logo\\\/image\\\/\",\"url\":\"https:\\\/\\\/www.eldiario.net\\\/portal\\\/wp-content\\\/uploads\\\/2023\\\/07\\\/logo_ED.jpg\",\"contentUrl\":\"https:\\\/\\\/www.eldiario.net\\\/portal\\\/wp-content\\\/uploads\\\/2023\\\/07\\\/logo_ED.jpg\",\"width\":272,\"height\":52,\"caption\":\"El Diario - Decano de la prensa nacional\"},\"image\":{\"@id\":\"https:\\\/\\\/www.eldiario.net\\\/portal\\\/#\\\/schema\\\/logo\\\/image\\\/\"},\"sameAs\":[\"https:\\\/\\\/www.facebook.com\\\/eldiario.bolivia\\\/\",\"https:\\\/\\\/x.com\\\/eldiario_net\"]},{\"@type\":\"Person\",\"@id\":\"https:\\\/\\\/www.eldiario.net\\\/portal\\\/#\\\/schema\\\/person\\\/2c57cf2b7a7ae032e449e4c9b1019eac\",\"name\":\"Jeanette\",\"image\":{\"@type\":\"ImageObject\",\"inLanguage\":\"es\",\"@id\":\"https:\\\/\\\/secure.gravatar.com\\\/avatar\\\/3ea2118a5f7dad2b7138b1187a6b7ee55f160b9968b66013c3a3ef39dd7e5798?s=96&d=mm&r=g\",\"url\":\"https:\\\/\\\/secure.gravatar.com\\\/avatar\\\/3ea2118a5f7dad2b7138b1187a6b7ee55f160b9968b66013c3a3ef39dd7e5798?s=96&d=mm&r=g\",\"contentUrl\":\"https:\\\/\\\/secure.gravatar.com\\\/avatar\\\/3ea2118a5f7dad2b7138b1187a6b7ee55f160b9968b66013c3a3ef39dd7e5798?s=96&d=mm&r=g\",\"caption\":\"Jeanette\"},\"sameAs\":[\"https:\\\/\\\/www.eldiario.net\\\/portal\"],\"url\":\"https:\\\/\\\/www.eldiario.net\\\/portal\\\/author\\\/jeanette\\\/\"}]}<\/script>\n<!-- \/ Yoast SEO plugin. -->","yoast_head_json":{"title":"Restauran 4 obras de Holgu\u00edn: Regalo de EE.UU. a Bolivia - El Diario - Bolivia","robots":{"index":"index","follow":"follow","max-snippet":"max-snippet:-1","max-image-preview":"max-image-preview:large","max-video-preview":"max-video-preview:-1"},"canonical":"https:\/\/www.eldiario.net\/portal\/2025\/07\/05\/restauran-4-obras-de-holguin-regalo-de-ee-uu-a-bolivia\/","og_locale":"es_ES","og_type":"article","og_title":"Restauran 4 obras de Holgu\u00edn: Regalo de EE.UU. a Bolivia - El Diario - Bolivia","og_description":"Cuatro pinturas del c\u00e9lebre pintor colonial Melchor P\u00e9rez de Holgu\u00edn: \u201cEl Sue\u00f1o de San Pedro Nolasco\u201d, \u201cLa Siembra Divina\u201d, \u201cLos Divinos Gajos de San Joaqu\u00edn y Santa Ana\u201d y \u201cLa Anunciaci\u00f3n\u201d fueron restauradas gracias al Fondo para la Preservaci\u00f3n Cultural (AFCP) del gobierno de Estados Unidos de Am\u00e9rica, con una inversi\u00f3n de $40.690 d\u00f3lares. Dos [&hellip;]","og_url":"https:\/\/www.eldiario.net\/portal\/2025\/07\/05\/restauran-4-obras-de-holguin-regalo-de-ee-uu-a-bolivia\/","og_site_name":"El Diario - Bolivia","article_publisher":"https:\/\/www.facebook.com\/eldiario.bolivia\/","article_published_time":"2025-07-05T12:25:15+00:00","og_image":[{"width":1200,"height":675,"url":"https:\/\/www.eldiario.net\/portal\/wp-content\/uploads\/2025\/07\/R1.webp","type":"image\/webp"}],"author":"Jeanette","twitter_card":"summary_large_image","twitter_creator":"@eldiario_net","twitter_site":"@eldiario_net","twitter_misc":{"Escrito por":"Jeanette","Tiempo de lectura":"2 minutos"},"schema":{"@context":"https:\/\/schema.org","@graph":[{"@type":"Article","@id":"https:\/\/www.eldiario.net\/portal\/2025\/07\/05\/restauran-4-obras-de-holguin-regalo-de-ee-uu-a-bolivia\/#article","isPartOf":{"@id":"https:\/\/www.eldiario.net\/portal\/2025\/07\/05\/restauran-4-obras-de-holguin-regalo-de-ee-uu-a-bolivia\/"},"author":{"name":"Jeanette","@id":"https:\/\/www.eldiario.net\/portal\/#\/schema\/person\/2c57cf2b7a7ae032e449e4c9b1019eac"},"headline":"Restauran 4 obras de Holgu\u00edn: Regalo de EE.UU. a Bolivia","datePublished":"2025-07-05T12:25:15+00:00","mainEntityOfPage":{"@id":"https:\/\/www.eldiario.net\/portal\/2025\/07\/05\/restauran-4-obras-de-holguin-regalo-de-ee-uu-a-bolivia\/"},"wordCount":432,"publisher":{"@id":"https:\/\/www.eldiario.net\/portal\/#organization"},"image":{"@id":"https:\/\/www.eldiario.net\/portal\/2025\/07\/05\/restauran-4-obras-de-holguin-regalo-de-ee-uu-a-bolivia\/#primaryimage"},"thumbnailUrl":"https:\/\/www.eldiario.net\/portal\/wp-content\/uploads\/2025\/07\/R1.webp","articleSection":["Sociales"],"inLanguage":"es"},{"@type":"WebPage","@id":"https:\/\/www.eldiario.net\/portal\/2025\/07\/05\/restauran-4-obras-de-holguin-regalo-de-ee-uu-a-bolivia\/","url":"https:\/\/www.eldiario.net\/portal\/2025\/07\/05\/restauran-4-obras-de-holguin-regalo-de-ee-uu-a-bolivia\/","name":"Restauran 4 obras de Holgu\u00edn: Regalo de EE.UU. a Bolivia - El Diario - Bolivia","isPartOf":{"@id":"https:\/\/www.eldiario.net\/portal\/#website"},"primaryImageOfPage":{"@id":"https:\/\/www.eldiario.net\/portal\/2025\/07\/05\/restauran-4-obras-de-holguin-regalo-de-ee-uu-a-bolivia\/#primaryimage"},"image":{"@id":"https:\/\/www.eldiario.net\/portal\/2025\/07\/05\/restauran-4-obras-de-holguin-regalo-de-ee-uu-a-bolivia\/#primaryimage"},"thumbnailUrl":"https:\/\/www.eldiario.net\/portal\/wp-content\/uploads\/2025\/07\/R1.webp","datePublished":"2025-07-05T12:25:15+00:00","breadcrumb":{"@id":"https:\/\/www.eldiario.net\/portal\/2025\/07\/05\/restauran-4-obras-de-holguin-regalo-de-ee-uu-a-bolivia\/#breadcrumb"},"inLanguage":"es","potentialAction":[{"@type":"ReadAction","target":["https:\/\/www.eldiario.net\/portal\/2025\/07\/05\/restauran-4-obras-de-holguin-regalo-de-ee-uu-a-bolivia\/"]}]},{"@type":"ImageObject","inLanguage":"es","@id":"https:\/\/www.eldiario.net\/portal\/2025\/07\/05\/restauran-4-obras-de-holguin-regalo-de-ee-uu-a-bolivia\/#primaryimage","url":"https:\/\/www.eldiario.net\/portal\/wp-content\/uploads\/2025\/07\/R1.webp","contentUrl":"https:\/\/www.eldiario.net\/portal\/wp-content\/uploads\/2025\/07\/R1.webp","width":1200,"height":675,"caption":"UNA EXPLICACI\u00d3N SOBRE EL CUADRO QUE MUESTRA AL \u00c1NGEL GABRIEL DESCENDIENDO DEL CIELO EN UN REMOLINO DE ROPAJES Y NUBES, MIENTRAS LA VIRGEN MAR\u00cdA SE ENCUENTRA SERENA EN ORACI\u00d3N. UN EJEMPLO DEL BARROCO DE CHARCAS."},{"@type":"BreadcrumbList","@id":"https:\/\/www.eldiario.net\/portal\/2025\/07\/05\/restauran-4-obras-de-holguin-regalo-de-ee-uu-a-bolivia\/#breadcrumb","itemListElement":[{"@type":"ListItem","position":1,"name":"Portada","item":"https:\/\/www.eldiario.net\/portal\/"},{"@type":"ListItem","position":2,"name":"Restauran 4 obras de Holgu\u00edn: Regalo de EE.UU. a Bolivia"}]},{"@type":"WebSite","@id":"https:\/\/www.eldiario.net\/portal\/#website","url":"https:\/\/www.eldiario.net\/portal\/","name":"El Diario - Decano de la prensa nacional","description":"El Diario - Decano de la prensa nacional","publisher":{"@id":"https:\/\/www.eldiario.net\/portal\/#organization"},"potentialAction":[{"@type":"SearchAction","target":{"@type":"EntryPoint","urlTemplate":"https:\/\/www.eldiario.net\/portal\/?s={search_term_string}"},"query-input":{"@type":"PropertyValueSpecification","valueRequired":true,"valueName":"search_term_string"}}],"inLanguage":"es"},{"@type":"Organization","@id":"https:\/\/www.eldiario.net\/portal\/#organization","name":"El Diario - Decano de la prensa nacional","url":"https:\/\/www.eldiario.net\/portal\/","logo":{"@type":"ImageObject","inLanguage":"es","@id":"https:\/\/www.eldiario.net\/portal\/#\/schema\/logo\/image\/","url":"https:\/\/www.eldiario.net\/portal\/wp-content\/uploads\/2023\/07\/logo_ED.jpg","contentUrl":"https:\/\/www.eldiario.net\/portal\/wp-content\/uploads\/2023\/07\/logo_ED.jpg","width":272,"height":52,"caption":"El Diario - Decano de la prensa nacional"},"image":{"@id":"https:\/\/www.eldiario.net\/portal\/#\/schema\/logo\/image\/"},"sameAs":["https:\/\/www.facebook.com\/eldiario.bolivia\/","https:\/\/x.com\/eldiario_net"]},{"@type":"Person","@id":"https:\/\/www.eldiario.net\/portal\/#\/schema\/person\/2c57cf2b7a7ae032e449e4c9b1019eac","name":"Jeanette","image":{"@type":"ImageObject","inLanguage":"es","@id":"https:\/\/secure.gravatar.com\/avatar\/3ea2118a5f7dad2b7138b1187a6b7ee55f160b9968b66013c3a3ef39dd7e5798?s=96&d=mm&r=g","url":"https:\/\/secure.gravatar.com\/avatar\/3ea2118a5f7dad2b7138b1187a6b7ee55f160b9968b66013c3a3ef39dd7e5798?s=96&d=mm&r=g","contentUrl":"https:\/\/secure.gravatar.com\/avatar\/3ea2118a5f7dad2b7138b1187a6b7ee55f160b9968b66013c3a3ef39dd7e5798?s=96&d=mm&r=g","caption":"Jeanette"},"sameAs":["https:\/\/www.eldiario.net\/portal"],"url":"https:\/\/www.eldiario.net\/portal\/author\/jeanette\/"}]}},"_links":{"self":[{"href":"https:\/\/www.eldiario.net\/portal\/wp-json\/wp\/v2\/posts\/314535","targetHints":{"allow":["GET"]}}],"collection":[{"href":"https:\/\/www.eldiario.net\/portal\/wp-json\/wp\/v2\/posts"}],"about":[{"href":"https:\/\/www.eldiario.net\/portal\/wp-json\/wp\/v2\/types\/post"}],"author":[{"embeddable":true,"href":"https:\/\/www.eldiario.net\/portal\/wp-json\/wp\/v2\/users\/1"}],"replies":[{"embeddable":true,"href":"https:\/\/www.eldiario.net\/portal\/wp-json\/wp\/v2\/comments?post=314535"}],"version-history":[{"count":1,"href":"https:\/\/www.eldiario.net\/portal\/wp-json\/wp\/v2\/posts\/314535\/revisions"}],"predecessor-version":[{"id":314541,"href":"https:\/\/www.eldiario.net\/portal\/wp-json\/wp\/v2\/posts\/314535\/revisions\/314541"}],"wp:featuredmedia":[{"embeddable":true,"href":"https:\/\/www.eldiario.net\/portal\/wp-json\/wp\/v2\/media\/314536"}],"wp:attachment":[{"href":"https:\/\/www.eldiario.net\/portal\/wp-json\/wp\/v2\/media?parent=314535"}],"wp:term":[{"taxonomy":"category","embeddable":true,"href":"https:\/\/www.eldiario.net\/portal\/wp-json\/wp\/v2\/categories?post=314535"},{"taxonomy":"post_tag","embeddable":true,"href":"https:\/\/www.eldiario.net\/portal\/wp-json\/wp\/v2\/tags?post=314535"}],"curies":[{"name":"wp","href":"https:\/\/api.w.org\/{rel}","templated":true}]}}