{"id":314525,"date":"2025-07-05T08:19:46","date_gmt":"2025-07-05T12:19:46","guid":{"rendered":"https:\/\/www.eldiario.net\/portal\/?p=314525"},"modified":"2025-07-05T08:19:46","modified_gmt":"2025-07-05T12:19:46","slug":"marvel-y-dc-se-enfrentan-en-un-epico-concierto-sinfonico","status":"publish","type":"post","link":"https:\/\/www.eldiario.net\/portal\/2025\/07\/05\/marvel-y-dc-se-enfrentan-en-un-epico-concierto-sinfonico\/","title":{"rendered":"Marvel y DC se enfrentan en  un \u00e9pico concierto sinf\u00f3nico"},"content":{"rendered":"<p>La Sinf\u00f3nica Chuquiago volver\u00e1 a sorprender al p\u00fablico pace\u00f1o con un espect\u00e1culo \u00fanico que unir\u00e1 la fuerza musical de los dos universos cinematogr\u00e1ficos m\u00e1s grandes de nuestro tiempo: DC y Marvel.<\/p>\n<p>Bajo el t\u00edtulo \u201cSinf\u00f3nica Chuquiago de Pel\u00edcula \u2013 DC vs Marvel\u201d, este concierto de pel\u00edcula se efectuar\u00e1 el s\u00e1bado 12 de julio, a horas 19:30, en el Campo Ferial Chuquiago Marka.<\/p>\n<p>M\u00e1s de 80 artistas en escena, efectos especiales, iluminaci\u00f3n teatral y pantallas gigantes dar\u00e1n vida a los temas m\u00e1s ic\u00f3nicos del cine de superh\u00e9roes, en un enfrentamiento sonoro que promete emocionar tanto a fan\u00e1ticos del c\u00f3mic como a amantes de la m\u00fasica sinf\u00f3nica.<\/p>\n<p>Batman, Superman, Wonder Woman y The Flash medir\u00e1n fuerzas musicales con Iron Man, Spiderman, Capit\u00e1n Am\u00e9rica, Thor, Doctor Strange, entre muchos otros legendarios personajes. Cada tema transportar\u00e1 al p\u00fablico a las memorables escenas del universo cinematogr\u00e1fico de DC y Marvel, en un viaje lleno de acci\u00f3n, nostalgia y poder orquestal.<\/p>\n<p>\u201cEste Versus no solo enfrenta a superh\u00e9roes. M\u00e1s all\u00e1 de la batalla \u00e9pica por el bien y la justicia, tambi\u00e9n se enfrentan los m\u00e1s grandes compositores de pel\u00edculas. Por el lado de DC est\u00e1n los legendarios John Williams vs Hans Zimmer que crean los m\u00e1s ic\u00f3nicos temas de luz y oscuridad de Batman y Superman, la Mujer Maravilla y Gatubela. Por el lado de Marvel, los Avengers de Silvestri vs G\u00f6ransson con su Pantera Negra o el multiverso de los hombres ara\u00f1a enfrentan a los colosos de la composici\u00f3n Giacchino vs Elfman vs Horner\u201d, menciona la nota de prensa de la Sinf\u00f3nica Chuquiago.<\/p>\n<p>El concierto contar\u00e1 con una cuidada producci\u00f3n esc\u00e9nica, vestuario tem\u00e1tico y sorpresas para toda la familia. Ser\u00e1, sin duda, una experiencia imperdible para grandes y chicos.<\/p>\n<p>Las entradas ya est\u00e1n disponibles a trav\u00e9s de la plataforma de Ticketsline, con precios accesibles, para que nadie se pierda esta batalla musical sin precedentes.<\/p>\n<p>M\u00e1s informaci\u00f3n en:<\/p>\n<p>www.facebook.com\/SinfonicaChuquiago<\/p>\n<p>www.sinfonicachuquiago.camus.arte.bo<\/p>\n<p>www.instagram.com\/sinfonica_chuquiago<\/p>\n<p>www.tiktok.com\/@sinfonicachuquiago<\/p>\n<p>VENTA DE ENTRADAS<\/p>\n<p>ticketsline.arte.bo<\/p>\n<p>Whatsapp: 6809049<\/p>\n<p><strong>SINF\u00d3NICA CHUQUIAGO<\/strong><\/p>\n<p>La Orquesta Sinf\u00f3nica Chuquiago Marka es una respuesta a la necesidad cada vez mayor de contar con un elenco representativo de la ciudad de La Paz, que aglutine a \u00a0los mejores profesionales en m\u00fasica y viabilice proyectos cada vez m\u00e1s ambiciosos.<\/p>\n<p>Desde su fundaci\u00f3n, en octubre de 2017, la entidad ha desarrollado programas de difusi\u00f3n del repertorio orquestal en los barrios pace\u00f1os, present\u00e1ndose en los macrodistritos de la ciudad, resaltando una colaboraci\u00f3n con el dramaturgo Pedro Grossman, en intervenciones en los CARES, con un programa did\u00e1ctico que se desarroll\u00f3 a lo largo de 2018 y que incluy\u00f3 la visita a la Perif\u00e9rica, Max Paredes y San Antonio.<\/p>\n<p>La orquesta propone proyectos con repertorios diversos, que van desde obras cl\u00e1sicas, tradicionales, pasando por proyectos que adaptan m\u00fasica popular y folcl\u00f3rica, musicales y pel\u00edculas. Entre los proyectos destacados, se encuentra la colaboraci\u00f3n con el pianista mexicano Emilio Lluis, la soprano boliviana Diana Azero y el guitarrista boliviano H\u00e9ctor Osaky, as\u00ed tambi\u00e9n la puesta en escena de Disney Sinf\u00f3nico con proyecci\u00f3n de video bajo la direcci\u00f3n art\u00edstica de Randolph Rios.<\/p>\n<p><strong>DIRECCI\u00d3N\u00a0 <\/strong><\/p>\n<p>Christian Asturizaga es el director titular de la Orquesta Sinf\u00f3nica Chuquiago Marka y Concertino de la Orquesta Sinf\u00f3nica Nacional de Bolivia, instituci\u00f3n de la que fue director de 2015 a 2017. Su experiencia art\u00edstica lo llev\u00f3 a presentarse en los principales escenarios nacionales e inicia su trayectoria internacional desde temprana edad, integrando en representaci\u00f3n de Bolivia varios proyectos orquestales.<\/p>\n<p>Asturizaga estudi\u00f3 en el Conservatorio Nacional de M\u00fasica (Bolivia), Conservatorio de Morges (Suiza) y en el Conservatorio Regional de Metz (Francia) con Denis Clavier. Fue becado a Interlochen Arts Camp (EEUU), donde experiment\u00f3 las principales \u00e1reas en las que se desenvuelve profesionalmente. Complement\u00f3 su perfil art\u00edstico con estudios de direcci\u00f3n, composici\u00f3n y arreglos en la Universidad Loyola y la Universidad P\u00fablica de El Alto, donde obtuvo su maestr\u00eda en Direcci\u00f3n Orquestal, y en la Escuela de Direcci\u00f3n de Orquesta y Banda \u201cFrancisco Navarro Lara\u201d. Su formaci\u00f3n art\u00edstica se complementa con estudios de econom\u00eda y la pasi\u00f3n por la investigaci\u00f3n, habiendo realizado trabajos sobre la econom\u00eda cultural, mercado laboral de artistas y competitividad en instituciones art\u00edsticas. En el \u00e1rea pedag\u00f3gica obtuvo diplomas de especializaci\u00f3n de la Universidad Mayor de San Andr\u00e9s y de la Universidad Cordillera.\u00a0 Por su contribuci\u00f3n a la cultura boliviana, fue distinguido con la medalla \u201cHonor al m\u00e9rito cultural\u201d, \u201cPersonalidad meritoria del Estado Plurinacional de Bolivia\u201d, \u201cChukuta de Oro\u201d y otros galardones de la Asamblea Legislativa.<\/p>\n<p><strong>SINF\u00d3NICA CHUQUIAGO DE PEL\u00cdCULA <\/strong><\/p>\n<p>EQUIPO T\u00c9CNICO<\/p>\n<p>Luis Guti\u00e9rrez y Christian Asturizaga &#8211; Dise\u00f1o y Conceptualizaci\u00f3n Art\u00edstica<\/p>\n<p>Gabriel S\u00e1nchez &#8211; Log\u00edstica y Spot<\/p>\n<p>Mauricio C\u00e9spedes &#8211; Dise\u00f1o Gr\u00e1fico y RRPP<\/p>\n<p>Danitza Salas &#8211; Gesti\u00f3n Administrativa<\/p>\n<p>Mauricio C\u00e9spedes &#8211; Edici\u00f3n Videos<\/p>\n<p>Pablo Toledo &#8211; Vj mezcla video en Vivo.<\/p>\n<p>V\u00edctor Mamani &#8211; Escenograf\u00eda<\/p>\n<p>Stephane Fern\u00e1ndez &#8211; Dise\u00f1o de Luces<\/p>\n\r\n                <style type=\"text\/css\">\r\n                    \r\n                    #tdi_1  .td-doubleSlider-2 .td-item1 {\r\n                        background: url(https:\/\/www.eldiario.net\/portal\/wp-content\/uploads\/2025\/07\/1-marvel-PRINCIPAL-80x60.webp) 0 0 no-repeat;\r\n                    }\r\n                    #tdi_1  .td-doubleSlider-2 .td-item2 {\r\n                        background: url(https:\/\/www.eldiario.net\/portal\/wp-content\/uploads\/2025\/07\/2-1-80x60.webp) 0 0 no-repeat;\r\n                    }\r\n                    #tdi_1  .td-doubleSlider-2 .td-item3 {\r\n                        background: url(https:\/\/www.eldiario.net\/portal\/wp-content\/uploads\/2025\/07\/3-1-80x60.webp) 0 0 no-repeat;\r\n                    }\r\n                    #tdi_1  .td-doubleSlider-2 .td-item4 {\r\n                        background: url(https:\/\/www.eldiario.net\/portal\/wp-content\/uploads\/2025\/07\/4-marvel-80x60.webp) 0 0 no-repeat;\r\n                    }\r\n                <\/style>\r\n\r\n                <div id=\"tdi_1\" class=\"td-gallery td-slide-on-2-columns\">\r\n                    <div class=\"post_td_gallery\">\r\n                        <div class=\"td-gallery-slide-top\">\r\n                           <div class=\"td-gallery-title\"><\/div>\r\n\r\n                            <div class=\"td-gallery-controls-wrapper\">\r\n                                <div class=\"td-gallery-slide-count\"><span class=\"td-gallery-slide-item-focus\">1<\/span> de 4<\/div>\r\n                                <div class=\"td-gallery-slide-prev-next-but\">\r\n                                    <i class = \"td-icon-left doubleSliderPrevButton\"><\/i>\r\n                                    <i class = \"td-icon-right doubleSliderNextButton\"><\/i>\r\n                                <\/div>\r\n                            <\/div>\r\n                        <\/div>\r\n\r\n                        <div class = \"td-doubleSlider-1 \">\r\n                            <div class = \"td-slider\">\r\n                                \r\n                    <div class = \"td-slide-item td-item1\">\r\n                        <figure class=\"td-slide-galery-figure td-slide-popup-gallery\">\r\n                            <a class=\"slide-gallery-image-link\" href=\"https:\/\/www.eldiario.net\/portal\/wp-content\/uploads\/2025\/07\/1-marvel-PRINCIPAL.webp\" title=\"1-marvel---PRINCIPAL\"  data-caption=\"\"  data-description=\"\">\r\n                                <img decoding=\"async\" src=\"https:\/\/www.eldiario.net\/portal\/wp-content\/uploads\/2025\/07\/1-marvel-PRINCIPAL-315x420.webp\" srcset=\"https:\/\/www.eldiario.net\/portal\/wp-content\/uploads\/2025\/07\/1-marvel-PRINCIPAL-315x420.webp 315w, https:\/\/www.eldiario.net\/portal\/wp-content\/uploads\/2025\/07\/1-marvel-PRINCIPAL-225x300.webp 225w, https:\/\/www.eldiario.net\/portal\/wp-content\/uploads\/2025\/07\/1-marvel-PRINCIPAL-768x1024.webp 768w, https:\/\/www.eldiario.net\/portal\/wp-content\/uploads\/2025\/07\/1-marvel-PRINCIPAL-1152x1536.webp 1152w, https:\/\/www.eldiario.net\/portal\/wp-content\/uploads\/2025\/07\/1-marvel-PRINCIPAL-696x928.webp 696w, https:\/\/www.eldiario.net\/portal\/wp-content\/uploads\/2025\/07\/1-marvel-PRINCIPAL-1068x1424.webp 1068w, https:\/\/www.eldiario.net\/portal\/wp-content\/uploads\/2025\/07\/1-marvel-PRINCIPAL.webp 1200w\" sizes=\"(max-width: 315px) 100vw, 315px\" alt=\"\">\r\n                            <\/a>\r\n                            \r\n                        <\/figure>\r\n                    <\/div>\r\n                    <div class = \"td-slide-item td-item2\">\r\n                        <figure class=\"td-slide-galery-figure td-slide-popup-gallery\">\r\n                            <a class=\"slide-gallery-image-link\" href=\"https:\/\/www.eldiario.net\/portal\/wp-content\/uploads\/2025\/07\/2-1.webp\" title=\"2\"  data-caption=\"\"  data-description=\"\">\r\n                                <img decoding=\"async\" src=\"https:\/\/www.eldiario.net\/portal\/wp-content\/uploads\/2025\/07\/2-1-630x420.webp\" srcset=\"https:\/\/www.eldiario.net\/portal\/wp-content\/uploads\/2025\/07\/2-1-630x420.webp 630w, https:\/\/www.eldiario.net\/portal\/wp-content\/uploads\/2025\/07\/2-1-300x200.webp 300w, https:\/\/www.eldiario.net\/portal\/wp-content\/uploads\/2025\/07\/2-1-1024x683.webp 1024w, https:\/\/www.eldiario.net\/portal\/wp-content\/uploads\/2025\/07\/2-1-768x512.webp 768w, https:\/\/www.eldiario.net\/portal\/wp-content\/uploads\/2025\/07\/2-1-696x464.webp 696w, https:\/\/www.eldiario.net\/portal\/wp-content\/uploads\/2025\/07\/2-1-1068x712.webp 1068w, https:\/\/www.eldiario.net\/portal\/wp-content\/uploads\/2025\/07\/2-1.webp 1200w\" sizes=\"(max-width: 630px) 100vw, 630px\" alt=\"\">\r\n                            <\/a>\r\n                            \r\n                        <\/figure>\r\n                    <\/div>\r\n                    <div class = \"td-slide-item td-item3\">\r\n                        <figure class=\"td-slide-galery-figure td-slide-popup-gallery\">\r\n                            <a class=\"slide-gallery-image-link\" href=\"https:\/\/www.eldiario.net\/portal\/wp-content\/uploads\/2025\/07\/3-1.webp\" title=\"3\"  data-caption=\"\"  data-description=\"\">\r\n                                <img decoding=\"async\" src=\"https:\/\/www.eldiario.net\/portal\/wp-content\/uploads\/2025\/07\/3-1-630x420.webp\" srcset=\"https:\/\/www.eldiario.net\/portal\/wp-content\/uploads\/2025\/07\/3-1-630x420.webp 630w, https:\/\/www.eldiario.net\/portal\/wp-content\/uploads\/2025\/07\/3-1-300x200.webp 300w, https:\/\/www.eldiario.net\/portal\/wp-content\/uploads\/2025\/07\/3-1-1024x683.webp 1024w, https:\/\/www.eldiario.net\/portal\/wp-content\/uploads\/2025\/07\/3-1-768x512.webp 768w, https:\/\/www.eldiario.net\/portal\/wp-content\/uploads\/2025\/07\/3-1-696x464.webp 696w, https:\/\/www.eldiario.net\/portal\/wp-content\/uploads\/2025\/07\/3-1-1068x712.webp 1068w, https:\/\/www.eldiario.net\/portal\/wp-content\/uploads\/2025\/07\/3-1.webp 1200w\" sizes=\"(max-width: 630px) 100vw, 630px\" alt=\"\">\r\n                            <\/a>\r\n                            \r\n                        <\/figure>\r\n                    <\/div>\r\n                    <div class = \"td-slide-item td-item4\">\r\n                        <figure class=\"td-slide-galery-figure td-slide-popup-gallery\">\r\n                            <a class=\"slide-gallery-image-link\" href=\"https:\/\/www.eldiario.net\/portal\/wp-content\/uploads\/2025\/07\/4-marvel.webp\" title=\"4-marvel\"  data-caption=\"\"  data-description=\"\">\r\n                                <img decoding=\"async\" src=\"https:\/\/www.eldiario.net\/portal\/wp-content\/uploads\/2025\/07\/4-marvel-630x420.webp\" srcset=\"https:\/\/www.eldiario.net\/portal\/wp-content\/uploads\/2025\/07\/4-marvel-630x420.webp 630w, https:\/\/www.eldiario.net\/portal\/wp-content\/uploads\/2025\/07\/4-marvel-300x200.webp 300w, https:\/\/www.eldiario.net\/portal\/wp-content\/uploads\/2025\/07\/4-marvel-1024x683.webp 1024w, https:\/\/www.eldiario.net\/portal\/wp-content\/uploads\/2025\/07\/4-marvel-768x512.webp 768w, https:\/\/www.eldiario.net\/portal\/wp-content\/uploads\/2025\/07\/4-marvel-696x464.webp 696w, https:\/\/www.eldiario.net\/portal\/wp-content\/uploads\/2025\/07\/4-marvel-1068x712.webp 1068w, https:\/\/www.eldiario.net\/portal\/wp-content\/uploads\/2025\/07\/4-marvel.webp 1200w\" sizes=\"(max-width: 630px) 100vw, 630px\" alt=\"\">\r\n                            <\/a>\r\n                            \r\n                        <\/figure>\r\n                    <\/div>\r\n                            <\/div>\r\n                        <\/div>\r\n\r\n                        <div class = \"td-doubleSlider-2\">\r\n                            <div class = \"td-slider\">\r\n                                \r\n                    <div class = \"td-button td-item1\">\r\n                        <div class = \"td-border\"><\/div>\r\n                    <\/div>\r\n                    <div class = \"td-button td-item2\">\r\n                        <div class = \"td-border\"><\/div>\r\n                    <\/div>\r\n                    <div class = \"td-button td-item3\">\r\n                        <div class = \"td-border\"><\/div>\r\n                    <\/div>\r\n                    <div class = \"td-button td-item4\">\r\n                        <div class = \"td-border\"><\/div>\r\n                    <\/div>\r\n                            <\/div>\r\n                        <\/div>\r\n\r\n                    <\/div>\r\n\r\n                <\/div>\r\n                \n","protected":false},"excerpt":{"rendered":"<p>La Sinf\u00f3nica Chuquiago volver\u00e1 a sorprender al p\u00fablico pace\u00f1o con un espect\u00e1culo \u00fanico que unir\u00e1 la fuerza musical de los dos universos cinematogr\u00e1ficos m\u00e1s grandes de nuestro tiempo: DC y Marvel. Bajo el t\u00edtulo \u201cSinf\u00f3nica Chuquiago de Pel\u00edcula \u2013 DC vs Marvel\u201d, este concierto de pel\u00edcula se efectuar\u00e1 el s\u00e1bado 12 de julio, a horas [&hellip;]<\/p>\n","protected":false},"author":1,"featured_media":314526,"comment_status":"closed","ping_status":"open","sticky":false,"template":"","format":"standard","meta":{"_acf_changed":false,"footnotes":""},"categories":[41],"tags":[],"class_list":["post-314525","post","type-post","status-publish","format-standard","has-post-thumbnail","category-la-guia"],"acf":{"antetitulo":""},"yoast_head":"<!-- This site is optimized with the Yoast SEO plugin v28.4 - https:\/\/yoast.com\/product\/yoast-seo-wordpress\/ -->\n<title>Marvel y DC se enfrentan en un \u00e9pico concierto sinf\u00f3nico - El Diario - Bolivia<\/title>\n<meta name=\"robots\" content=\"index, follow, max-snippet:-1, max-image-preview:large, max-video-preview:-1\" \/>\n<link rel=\"canonical\" href=\"https:\/\/www.eldiario.net\/portal\/2025\/07\/05\/marvel-y-dc-se-enfrentan-en-un-epico-concierto-sinfonico\/\" \/>\n<meta property=\"og:locale\" content=\"es_ES\" \/>\n<meta property=\"og:type\" content=\"article\" \/>\n<meta property=\"og:title\" content=\"Marvel y DC se enfrentan en un \u00e9pico concierto sinf\u00f3nico - El Diario - Bolivia\" \/>\n<meta property=\"og:description\" content=\"La Sinf\u00f3nica Chuquiago volver\u00e1 a sorprender al p\u00fablico pace\u00f1o con un espect\u00e1culo \u00fanico que unir\u00e1 la fuerza musical de los dos universos cinematogr\u00e1ficos m\u00e1s grandes de nuestro tiempo: DC y Marvel. Bajo el t\u00edtulo \u201cSinf\u00f3nica Chuquiago de Pel\u00edcula \u2013 DC vs Marvel\u201d, este concierto de pel\u00edcula se efectuar\u00e1 el s\u00e1bado 12 de julio, a horas [&hellip;]\" \/>\n<meta property=\"og:url\" content=\"https:\/\/www.eldiario.net\/portal\/2025\/07\/05\/marvel-y-dc-se-enfrentan-en-un-epico-concierto-sinfonico\/\" \/>\n<meta property=\"og:site_name\" content=\"El Diario - Bolivia\" \/>\n<meta property=\"article:publisher\" content=\"https:\/\/www.facebook.com\/eldiario.bolivia\/\" \/>\n<meta property=\"article:published_time\" content=\"2025-07-05T12:19:46+00:00\" \/>\n<meta property=\"og:image\" content=\"https:\/\/www.eldiario.net\/portal\/wp-content\/uploads\/2025\/07\/1-marvel-PRINCIPAL.webp\" \/>\n\t<meta property=\"og:image:width\" content=\"1200\" \/>\n\t<meta property=\"og:image:height\" content=\"1600\" \/>\n\t<meta property=\"og:image:type\" content=\"image\/webp\" \/>\n<meta name=\"author\" content=\"Jeanette\" \/>\n<meta name=\"twitter:card\" content=\"summary_large_image\" \/>\n<meta name=\"twitter:creator\" content=\"@eldiario_net\" \/>\n<meta name=\"twitter:site\" content=\"@eldiario_net\" \/>\n<meta name=\"twitter:label1\" content=\"Escrito por\" \/>\n\t<meta name=\"twitter:data1\" content=\"Jeanette\" \/>\n\t<meta name=\"twitter:label2\" content=\"Tiempo de lectura\" \/>\n\t<meta name=\"twitter:data2\" content=\"4 minutos\" \/>\n<script type=\"application\/ld+json\" class=\"yoast-schema-graph\">{\"@context\":\"https:\\\/\\\/schema.org\",\"@graph\":[{\"@type\":\"Article\",\"@id\":\"https:\\\/\\\/www.eldiario.net\\\/portal\\\/2025\\\/07\\\/05\\\/marvel-y-dc-se-enfrentan-en-un-epico-concierto-sinfonico\\\/#article\",\"isPartOf\":{\"@id\":\"https:\\\/\\\/www.eldiario.net\\\/portal\\\/2025\\\/07\\\/05\\\/marvel-y-dc-se-enfrentan-en-un-epico-concierto-sinfonico\\\/\"},\"author\":{\"name\":\"Jeanette\",\"@id\":\"https:\\\/\\\/www.eldiario.net\\\/portal\\\/#\\\/schema\\\/person\\\/2c57cf2b7a7ae032e449e4c9b1019eac\"},\"headline\":\"Marvel y DC se enfrentan en un \u00e9pico concierto sinf\u00f3nico\",\"datePublished\":\"2025-07-05T12:19:46+00:00\",\"mainEntityOfPage\":{\"@id\":\"https:\\\/\\\/www.eldiario.net\\\/portal\\\/2025\\\/07\\\/05\\\/marvel-y-dc-se-enfrentan-en-un-epico-concierto-sinfonico\\\/\"},\"wordCount\":926,\"publisher\":{\"@id\":\"https:\\\/\\\/www.eldiario.net\\\/portal\\\/#organization\"},\"image\":{\"@id\":\"https:\\\/\\\/www.eldiario.net\\\/portal\\\/2025\\\/07\\\/05\\\/marvel-y-dc-se-enfrentan-en-un-epico-concierto-sinfonico\\\/#primaryimage\"},\"thumbnailUrl\":\"https:\\\/\\\/www.eldiario.net\\\/portal\\\/wp-content\\\/uploads\\\/2025\\\/07\\\/1-marvel-PRINCIPAL.webp\",\"articleSection\":[\"La Gu\u00eda\"],\"inLanguage\":\"es\"},{\"@type\":\"WebPage\",\"@id\":\"https:\\\/\\\/www.eldiario.net\\\/portal\\\/2025\\\/07\\\/05\\\/marvel-y-dc-se-enfrentan-en-un-epico-concierto-sinfonico\\\/\",\"url\":\"https:\\\/\\\/www.eldiario.net\\\/portal\\\/2025\\\/07\\\/05\\\/marvel-y-dc-se-enfrentan-en-un-epico-concierto-sinfonico\\\/\",\"name\":\"Marvel y DC se enfrentan en un \u00e9pico concierto sinf\u00f3nico - El Diario - Bolivia\",\"isPartOf\":{\"@id\":\"https:\\\/\\\/www.eldiario.net\\\/portal\\\/#website\"},\"primaryImageOfPage\":{\"@id\":\"https:\\\/\\\/www.eldiario.net\\\/portal\\\/2025\\\/07\\\/05\\\/marvel-y-dc-se-enfrentan-en-un-epico-concierto-sinfonico\\\/#primaryimage\"},\"image\":{\"@id\":\"https:\\\/\\\/www.eldiario.net\\\/portal\\\/2025\\\/07\\\/05\\\/marvel-y-dc-se-enfrentan-en-un-epico-concierto-sinfonico\\\/#primaryimage\"},\"thumbnailUrl\":\"https:\\\/\\\/www.eldiario.net\\\/portal\\\/wp-content\\\/uploads\\\/2025\\\/07\\\/1-marvel-PRINCIPAL.webp\",\"datePublished\":\"2025-07-05T12:19:46+00:00\",\"breadcrumb\":{\"@id\":\"https:\\\/\\\/www.eldiario.net\\\/portal\\\/2025\\\/07\\\/05\\\/marvel-y-dc-se-enfrentan-en-un-epico-concierto-sinfonico\\\/#breadcrumb\"},\"inLanguage\":\"es\",\"potentialAction\":[{\"@type\":\"ReadAction\",\"target\":[\"https:\\\/\\\/www.eldiario.net\\\/portal\\\/2025\\\/07\\\/05\\\/marvel-y-dc-se-enfrentan-en-un-epico-concierto-sinfonico\\\/\"]}]},{\"@type\":\"ImageObject\",\"inLanguage\":\"es\",\"@id\":\"https:\\\/\\\/www.eldiario.net\\\/portal\\\/2025\\\/07\\\/05\\\/marvel-y-dc-se-enfrentan-en-un-epico-concierto-sinfonico\\\/#primaryimage\",\"url\":\"https:\\\/\\\/www.eldiario.net\\\/portal\\\/wp-content\\\/uploads\\\/2025\\\/07\\\/1-marvel-PRINCIPAL.webp\",\"contentUrl\":\"https:\\\/\\\/www.eldiario.net\\\/portal\\\/wp-content\\\/uploads\\\/2025\\\/07\\\/1-marvel-PRINCIPAL.webp\",\"width\":1200,\"height\":1600},{\"@type\":\"BreadcrumbList\",\"@id\":\"https:\\\/\\\/www.eldiario.net\\\/portal\\\/2025\\\/07\\\/05\\\/marvel-y-dc-se-enfrentan-en-un-epico-concierto-sinfonico\\\/#breadcrumb\",\"itemListElement\":[{\"@type\":\"ListItem\",\"position\":1,\"name\":\"Portada\",\"item\":\"https:\\\/\\\/www.eldiario.net\\\/portal\\\/\"},{\"@type\":\"ListItem\",\"position\":2,\"name\":\"Marvel y DC se enfrentan en un \u00e9pico concierto sinf\u00f3nico\"}]},{\"@type\":\"WebSite\",\"@id\":\"https:\\\/\\\/www.eldiario.net\\\/portal\\\/#website\",\"url\":\"https:\\\/\\\/www.eldiario.net\\\/portal\\\/\",\"name\":\"El Diario - Decano de la prensa nacional\",\"description\":\"El Diario - Decano de la prensa nacional\",\"publisher\":{\"@id\":\"https:\\\/\\\/www.eldiario.net\\\/portal\\\/#organization\"},\"potentialAction\":[{\"@type\":\"SearchAction\",\"target\":{\"@type\":\"EntryPoint\",\"urlTemplate\":\"https:\\\/\\\/www.eldiario.net\\\/portal\\\/?s={search_term_string}\"},\"query-input\":{\"@type\":\"PropertyValueSpecification\",\"valueRequired\":true,\"valueName\":\"search_term_string\"}}],\"inLanguage\":\"es\"},{\"@type\":\"Organization\",\"@id\":\"https:\\\/\\\/www.eldiario.net\\\/portal\\\/#organization\",\"name\":\"El Diario - Decano de la prensa nacional\",\"url\":\"https:\\\/\\\/www.eldiario.net\\\/portal\\\/\",\"logo\":{\"@type\":\"ImageObject\",\"inLanguage\":\"es\",\"@id\":\"https:\\\/\\\/www.eldiario.net\\\/portal\\\/#\\\/schema\\\/logo\\\/image\\\/\",\"url\":\"https:\\\/\\\/www.eldiario.net\\\/portal\\\/wp-content\\\/uploads\\\/2023\\\/07\\\/logo_ED.jpg\",\"contentUrl\":\"https:\\\/\\\/www.eldiario.net\\\/portal\\\/wp-content\\\/uploads\\\/2023\\\/07\\\/logo_ED.jpg\",\"width\":272,\"height\":52,\"caption\":\"El Diario - Decano de la prensa nacional\"},\"image\":{\"@id\":\"https:\\\/\\\/www.eldiario.net\\\/portal\\\/#\\\/schema\\\/logo\\\/image\\\/\"},\"sameAs\":[\"https:\\\/\\\/www.facebook.com\\\/eldiario.bolivia\\\/\",\"https:\\\/\\\/x.com\\\/eldiario_net\"]},{\"@type\":\"Person\",\"@id\":\"https:\\\/\\\/www.eldiario.net\\\/portal\\\/#\\\/schema\\\/person\\\/2c57cf2b7a7ae032e449e4c9b1019eac\",\"name\":\"Jeanette\",\"image\":{\"@type\":\"ImageObject\",\"inLanguage\":\"es\",\"@id\":\"https:\\\/\\\/secure.gravatar.com\\\/avatar\\\/3ea2118a5f7dad2b7138b1187a6b7ee55f160b9968b66013c3a3ef39dd7e5798?s=96&d=mm&r=g\",\"url\":\"https:\\\/\\\/secure.gravatar.com\\\/avatar\\\/3ea2118a5f7dad2b7138b1187a6b7ee55f160b9968b66013c3a3ef39dd7e5798?s=96&d=mm&r=g\",\"contentUrl\":\"https:\\\/\\\/secure.gravatar.com\\\/avatar\\\/3ea2118a5f7dad2b7138b1187a6b7ee55f160b9968b66013c3a3ef39dd7e5798?s=96&d=mm&r=g\",\"caption\":\"Jeanette\"},\"sameAs\":[\"https:\\\/\\\/www.eldiario.net\\\/portal\"],\"url\":\"https:\\\/\\\/www.eldiario.net\\\/portal\\\/author\\\/jeanette\\\/\"}]}<\/script>\n<!-- \/ Yoast SEO plugin. -->","yoast_head_json":{"title":"Marvel y DC se enfrentan en un \u00e9pico concierto sinf\u00f3nico - El Diario - Bolivia","robots":{"index":"index","follow":"follow","max-snippet":"max-snippet:-1","max-image-preview":"max-image-preview:large","max-video-preview":"max-video-preview:-1"},"canonical":"https:\/\/www.eldiario.net\/portal\/2025\/07\/05\/marvel-y-dc-se-enfrentan-en-un-epico-concierto-sinfonico\/","og_locale":"es_ES","og_type":"article","og_title":"Marvel y DC se enfrentan en un \u00e9pico concierto sinf\u00f3nico - El Diario - Bolivia","og_description":"La Sinf\u00f3nica Chuquiago volver\u00e1 a sorprender al p\u00fablico pace\u00f1o con un espect\u00e1culo \u00fanico que unir\u00e1 la fuerza musical de los dos universos cinematogr\u00e1ficos m\u00e1s grandes de nuestro tiempo: DC y Marvel. Bajo el t\u00edtulo \u201cSinf\u00f3nica Chuquiago de Pel\u00edcula \u2013 DC vs Marvel\u201d, este concierto de pel\u00edcula se efectuar\u00e1 el s\u00e1bado 12 de julio, a horas [&hellip;]","og_url":"https:\/\/www.eldiario.net\/portal\/2025\/07\/05\/marvel-y-dc-se-enfrentan-en-un-epico-concierto-sinfonico\/","og_site_name":"El Diario - Bolivia","article_publisher":"https:\/\/www.facebook.com\/eldiario.bolivia\/","article_published_time":"2025-07-05T12:19:46+00:00","og_image":[{"width":1200,"height":1600,"url":"https:\/\/www.eldiario.net\/portal\/wp-content\/uploads\/2025\/07\/1-marvel-PRINCIPAL.webp","type":"image\/webp"}],"author":"Jeanette","twitter_card":"summary_large_image","twitter_creator":"@eldiario_net","twitter_site":"@eldiario_net","twitter_misc":{"Escrito por":"Jeanette","Tiempo de lectura":"4 minutos"},"schema":{"@context":"https:\/\/schema.org","@graph":[{"@type":"Article","@id":"https:\/\/www.eldiario.net\/portal\/2025\/07\/05\/marvel-y-dc-se-enfrentan-en-un-epico-concierto-sinfonico\/#article","isPartOf":{"@id":"https:\/\/www.eldiario.net\/portal\/2025\/07\/05\/marvel-y-dc-se-enfrentan-en-un-epico-concierto-sinfonico\/"},"author":{"name":"Jeanette","@id":"https:\/\/www.eldiario.net\/portal\/#\/schema\/person\/2c57cf2b7a7ae032e449e4c9b1019eac"},"headline":"Marvel y DC se enfrentan en un \u00e9pico concierto sinf\u00f3nico","datePublished":"2025-07-05T12:19:46+00:00","mainEntityOfPage":{"@id":"https:\/\/www.eldiario.net\/portal\/2025\/07\/05\/marvel-y-dc-se-enfrentan-en-un-epico-concierto-sinfonico\/"},"wordCount":926,"publisher":{"@id":"https:\/\/www.eldiario.net\/portal\/#organization"},"image":{"@id":"https:\/\/www.eldiario.net\/portal\/2025\/07\/05\/marvel-y-dc-se-enfrentan-en-un-epico-concierto-sinfonico\/#primaryimage"},"thumbnailUrl":"https:\/\/www.eldiario.net\/portal\/wp-content\/uploads\/2025\/07\/1-marvel-PRINCIPAL.webp","articleSection":["La Gu\u00eda"],"inLanguage":"es"},{"@type":"WebPage","@id":"https:\/\/www.eldiario.net\/portal\/2025\/07\/05\/marvel-y-dc-se-enfrentan-en-un-epico-concierto-sinfonico\/","url":"https:\/\/www.eldiario.net\/portal\/2025\/07\/05\/marvel-y-dc-se-enfrentan-en-un-epico-concierto-sinfonico\/","name":"Marvel y DC se enfrentan en un \u00e9pico concierto sinf\u00f3nico - El Diario - Bolivia","isPartOf":{"@id":"https:\/\/www.eldiario.net\/portal\/#website"},"primaryImageOfPage":{"@id":"https:\/\/www.eldiario.net\/portal\/2025\/07\/05\/marvel-y-dc-se-enfrentan-en-un-epico-concierto-sinfonico\/#primaryimage"},"image":{"@id":"https:\/\/www.eldiario.net\/portal\/2025\/07\/05\/marvel-y-dc-se-enfrentan-en-un-epico-concierto-sinfonico\/#primaryimage"},"thumbnailUrl":"https:\/\/www.eldiario.net\/portal\/wp-content\/uploads\/2025\/07\/1-marvel-PRINCIPAL.webp","datePublished":"2025-07-05T12:19:46+00:00","breadcrumb":{"@id":"https:\/\/www.eldiario.net\/portal\/2025\/07\/05\/marvel-y-dc-se-enfrentan-en-un-epico-concierto-sinfonico\/#breadcrumb"},"inLanguage":"es","potentialAction":[{"@type":"ReadAction","target":["https:\/\/www.eldiario.net\/portal\/2025\/07\/05\/marvel-y-dc-se-enfrentan-en-un-epico-concierto-sinfonico\/"]}]},{"@type":"ImageObject","inLanguage":"es","@id":"https:\/\/www.eldiario.net\/portal\/2025\/07\/05\/marvel-y-dc-se-enfrentan-en-un-epico-concierto-sinfonico\/#primaryimage","url":"https:\/\/www.eldiario.net\/portal\/wp-content\/uploads\/2025\/07\/1-marvel-PRINCIPAL.webp","contentUrl":"https:\/\/www.eldiario.net\/portal\/wp-content\/uploads\/2025\/07\/1-marvel-PRINCIPAL.webp","width":1200,"height":1600},{"@type":"BreadcrumbList","@id":"https:\/\/www.eldiario.net\/portal\/2025\/07\/05\/marvel-y-dc-se-enfrentan-en-un-epico-concierto-sinfonico\/#breadcrumb","itemListElement":[{"@type":"ListItem","position":1,"name":"Portada","item":"https:\/\/www.eldiario.net\/portal\/"},{"@type":"ListItem","position":2,"name":"Marvel y DC se enfrentan en un \u00e9pico concierto sinf\u00f3nico"}]},{"@type":"WebSite","@id":"https:\/\/www.eldiario.net\/portal\/#website","url":"https:\/\/www.eldiario.net\/portal\/","name":"El Diario - Decano de la prensa nacional","description":"El Diario - Decano de la prensa nacional","publisher":{"@id":"https:\/\/www.eldiario.net\/portal\/#organization"},"potentialAction":[{"@type":"SearchAction","target":{"@type":"EntryPoint","urlTemplate":"https:\/\/www.eldiario.net\/portal\/?s={search_term_string}"},"query-input":{"@type":"PropertyValueSpecification","valueRequired":true,"valueName":"search_term_string"}}],"inLanguage":"es"},{"@type":"Organization","@id":"https:\/\/www.eldiario.net\/portal\/#organization","name":"El Diario - Decano de la prensa nacional","url":"https:\/\/www.eldiario.net\/portal\/","logo":{"@type":"ImageObject","inLanguage":"es","@id":"https:\/\/www.eldiario.net\/portal\/#\/schema\/logo\/image\/","url":"https:\/\/www.eldiario.net\/portal\/wp-content\/uploads\/2023\/07\/logo_ED.jpg","contentUrl":"https:\/\/www.eldiario.net\/portal\/wp-content\/uploads\/2023\/07\/logo_ED.jpg","width":272,"height":52,"caption":"El Diario - Decano de la prensa nacional"},"image":{"@id":"https:\/\/www.eldiario.net\/portal\/#\/schema\/logo\/image\/"},"sameAs":["https:\/\/www.facebook.com\/eldiario.bolivia\/","https:\/\/x.com\/eldiario_net"]},{"@type":"Person","@id":"https:\/\/www.eldiario.net\/portal\/#\/schema\/person\/2c57cf2b7a7ae032e449e4c9b1019eac","name":"Jeanette","image":{"@type":"ImageObject","inLanguage":"es","@id":"https:\/\/secure.gravatar.com\/avatar\/3ea2118a5f7dad2b7138b1187a6b7ee55f160b9968b66013c3a3ef39dd7e5798?s=96&d=mm&r=g","url":"https:\/\/secure.gravatar.com\/avatar\/3ea2118a5f7dad2b7138b1187a6b7ee55f160b9968b66013c3a3ef39dd7e5798?s=96&d=mm&r=g","contentUrl":"https:\/\/secure.gravatar.com\/avatar\/3ea2118a5f7dad2b7138b1187a6b7ee55f160b9968b66013c3a3ef39dd7e5798?s=96&d=mm&r=g","caption":"Jeanette"},"sameAs":["https:\/\/www.eldiario.net\/portal"],"url":"https:\/\/www.eldiario.net\/portal\/author\/jeanette\/"}]}},"_links":{"self":[{"href":"https:\/\/www.eldiario.net\/portal\/wp-json\/wp\/v2\/posts\/314525","targetHints":{"allow":["GET"]}}],"collection":[{"href":"https:\/\/www.eldiario.net\/portal\/wp-json\/wp\/v2\/posts"}],"about":[{"href":"https:\/\/www.eldiario.net\/portal\/wp-json\/wp\/v2\/types\/post"}],"author":[{"embeddable":true,"href":"https:\/\/www.eldiario.net\/portal\/wp-json\/wp\/v2\/users\/1"}],"replies":[{"embeddable":true,"href":"https:\/\/www.eldiario.net\/portal\/wp-json\/wp\/v2\/comments?post=314525"}],"version-history":[{"count":1,"href":"https:\/\/www.eldiario.net\/portal\/wp-json\/wp\/v2\/posts\/314525\/revisions"}],"predecessor-version":[{"id":314530,"href":"https:\/\/www.eldiario.net\/portal\/wp-json\/wp\/v2\/posts\/314525\/revisions\/314530"}],"wp:featuredmedia":[{"embeddable":true,"href":"https:\/\/www.eldiario.net\/portal\/wp-json\/wp\/v2\/media\/314526"}],"wp:attachment":[{"href":"https:\/\/www.eldiario.net\/portal\/wp-json\/wp\/v2\/media?parent=314525"}],"wp:term":[{"taxonomy":"category","embeddable":true,"href":"https:\/\/www.eldiario.net\/portal\/wp-json\/wp\/v2\/categories?post=314525"},{"taxonomy":"post_tag","embeddable":true,"href":"https:\/\/www.eldiario.net\/portal\/wp-json\/wp\/v2\/tags?post=314525"}],"curies":[{"name":"wp","href":"https:\/\/api.w.org\/{rel}","templated":true}]}}