{"id":314516,"date":"2025-07-05T08:14:44","date_gmt":"2025-07-05T12:14:44","guid":{"rendered":"https:\/\/www.eldiario.net\/portal\/?p=314516"},"modified":"2025-07-05T08:14:44","modified_gmt":"2025-07-05T12:14:44","slug":"wilstermann-esta-de-picada","status":"publish","type":"post","link":"https:\/\/www.eldiario.net\/portal\/2025\/07\/05\/wilstermann-esta-de-picada\/","title":{"rendered":"Wilstermann est\u00e1 &#8216;de picada&#8217;"},"content":{"rendered":"<p>COCHABAMBA.- Nacional Potos\u00ed someti\u00f3 por 3-1 a Wilstermann, anoche en el estadio F\u00e9lix Capriles, en cotejo disputado por la fecha 4 de la Copa Bolivia.<br \/>\nLos goles para el visitante fueron anotados por Hugo Rojas (38&#8242;) y Willan \u00c1lvarez (43 y&#8217;62). Descont\u00f3 para &#8216;Wilstermann, Maquerlo Tellez (47&#8217; penal).<br \/>\nUna vez m\u00e1s, el \u00abaviador\u00bb mostr\u00f3 una magra producci\u00f3n ante un rival exigente. Pese al intento de los delanteros locales, el plantel \u00abRancho Guitarra\u00bb mostr\u00f3 una s\u00f3lida defensa y excelentes reacciones de su portero Pedro Galindo, que incluso tap\u00f3 un penal en el primer tiempo.<br \/>\nRescatable la actuaci\u00f3n de Duban Palacio, que en dupla con Willian \u00c1lvarez , lograron romper una debilitada defensa roja. El mediocampo que estuvo comandado por Pedro Azogue logr\u00f3 un buen discurso t\u00e1ctico y en la defensa se distingui\u00f3 Demiquel, que rompi\u00f3 las llegadas vehementes del cuadro muy juvenil que present\u00f3 Wilstermann.<br \/>\nEl local tuvo un primer tiempo regular, cuando extrem\u00f3 sus escasos recursos, pero no pudo llegar al gol. Cuando perd\u00eda por 2-0, debi\u00f3 reducir la diferencia, pero marr\u00f3 un tiro libre penal. Ya en el segundo tiempo, el plantel pareci\u00f3 resignarse y se agrand\u00f3 la visita que domin\u00f3 en la tenencia del bal\u00f3n y marc\u00f3 un gol m\u00e1s, para sellar la cifra definitiva.<br \/>\nCon este resultado queda demostrado que el club Wilstermann est\u00e1 pasando por un momento complicado en los dos torneos caseros. Es pen\u00faltimo en la Liga Boliviana y en la Copa se estanc\u00f3 con 6 puntos en la tabla de posiciones del Grupo \u00abA\u00bb.Nacional Potos\u00ed alcanz\u00f3 las 6 unidades, igual que Blooming y queda en el \u00faltimo lugar Bol\u00edvar, con solo 3.<\/p>\n","protected":false},"excerpt":{"rendered":"<p>COCHABAMBA.- Nacional Potos\u00ed someti\u00f3 por 3-1 a Wilstermann, anoche en el estadio F\u00e9lix Capriles, en cotejo disputado por la fecha 4 de la Copa Bolivia. Los goles para el visitante fueron anotados por Hugo Rojas (38&#8242;) y Willan \u00c1lvarez (43 y&#8217;62). Descont\u00f3 para &#8216;Wilstermann, Maquerlo Tellez (47&#8217; penal). Una vez m\u00e1s, el \u00abaviador\u00bb mostr\u00f3 una [&hellip;]<\/p>\n","protected":false},"author":1,"featured_media":314517,"comment_status":"closed","ping_status":"open","sticky":false,"template":"","format":"standard","meta":{"_acf_changed":false,"footnotes":""},"categories":[6],"tags":[],"class_list":["post-314516","post","type-post","status-publish","format-standard","has-post-thumbnail","category-deportes"],"acf":{"antetitulo":"COPA BOLIVIA"},"yoast_head":"<!-- This site is optimized with the Yoast SEO plugin v28.4 - https:\/\/yoast.com\/product\/yoast-seo-wordpress\/ -->\n<title>Wilstermann est\u00e1 &#039;de picada&#039; - El Diario - Bolivia<\/title>\n<meta name=\"robots\" content=\"index, follow, max-snippet:-1, max-image-preview:large, max-video-preview:-1\" \/>\n<link rel=\"canonical\" href=\"https:\/\/www.eldiario.net\/portal\/2025\/07\/05\/wilstermann-esta-de-picada\/\" \/>\n<meta property=\"og:locale\" content=\"es_ES\" \/>\n<meta property=\"og:type\" content=\"article\" \/>\n<meta property=\"og:title\" content=\"Wilstermann est\u00e1 &#039;de picada&#039; - El Diario - Bolivia\" \/>\n<meta property=\"og:description\" content=\"COCHABAMBA.- Nacional Potos\u00ed someti\u00f3 por 3-1 a Wilstermann, anoche en el estadio F\u00e9lix Capriles, en cotejo disputado por la fecha 4 de la Copa Bolivia. Los goles para el visitante fueron anotados por Hugo Rojas (38&#8242;) y Willan \u00c1lvarez (43 y&#8217;62). Descont\u00f3 para &#8216;Wilstermann, Maquerlo Tellez (47&#8217; penal). Una vez m\u00e1s, el \u00abaviador\u00bb mostr\u00f3 una [&hellip;]\" \/>\n<meta property=\"og:url\" content=\"https:\/\/www.eldiario.net\/portal\/2025\/07\/05\/wilstermann-esta-de-picada\/\" \/>\n<meta property=\"og:site_name\" content=\"El Diario - Bolivia\" \/>\n<meta property=\"article:publisher\" content=\"https:\/\/www.facebook.com\/eldiario.bolivia\/\" \/>\n<meta property=\"article:published_time\" content=\"2025-07-05T12:14:44+00:00\" \/>\n<meta property=\"og:image\" content=\"https:\/\/www.eldiario.net\/portal\/wp-content\/uploads\/2025\/07\/FOTO-3.webp\" \/>\n\t<meta property=\"og:image:width\" content=\"720\" \/>\n\t<meta property=\"og:image:height\" content=\"721\" \/>\n\t<meta property=\"og:image:type\" content=\"image\/webp\" \/>\n<meta name=\"author\" content=\"Jeanette\" \/>\n<meta name=\"twitter:card\" content=\"summary_large_image\" \/>\n<meta name=\"twitter:creator\" content=\"@eldiario_net\" \/>\n<meta name=\"twitter:site\" content=\"@eldiario_net\" \/>\n<meta name=\"twitter:label1\" content=\"Escrito por\" \/>\n\t<meta name=\"twitter:data1\" content=\"Jeanette\" \/>\n\t<meta name=\"twitter:label2\" content=\"Tiempo de lectura\" \/>\n\t<meta name=\"twitter:data2\" content=\"2 minutos\" \/>\n<script type=\"application\/ld+json\" class=\"yoast-schema-graph\">{\"@context\":\"https:\\\/\\\/schema.org\",\"@graph\":[{\"@type\":\"Article\",\"@id\":\"https:\\\/\\\/www.eldiario.net\\\/portal\\\/2025\\\/07\\\/05\\\/wilstermann-esta-de-picada\\\/#article\",\"isPartOf\":{\"@id\":\"https:\\\/\\\/www.eldiario.net\\\/portal\\\/2025\\\/07\\\/05\\\/wilstermann-esta-de-picada\\\/\"},\"author\":{\"name\":\"Jeanette\",\"@id\":\"https:\\\/\\\/www.eldiario.net\\\/portal\\\/#\\\/schema\\\/person\\\/2c57cf2b7a7ae032e449e4c9b1019eac\"},\"headline\":\"Wilstermann est\u00e1 &#8216;de picada&#8217;\",\"datePublished\":\"2025-07-05T12:14:44+00:00\",\"mainEntityOfPage\":{\"@id\":\"https:\\\/\\\/www.eldiario.net\\\/portal\\\/2025\\\/07\\\/05\\\/wilstermann-esta-de-picada\\\/\"},\"wordCount\":277,\"publisher\":{\"@id\":\"https:\\\/\\\/www.eldiario.net\\\/portal\\\/#organization\"},\"image\":{\"@id\":\"https:\\\/\\\/www.eldiario.net\\\/portal\\\/2025\\\/07\\\/05\\\/wilstermann-esta-de-picada\\\/#primaryimage\"},\"thumbnailUrl\":\"https:\\\/\\\/www.eldiario.net\\\/portal\\\/wp-content\\\/uploads\\\/2025\\\/07\\\/FOTO-3.webp\",\"articleSection\":[\"Deportes\"],\"inLanguage\":\"es\"},{\"@type\":\"WebPage\",\"@id\":\"https:\\\/\\\/www.eldiario.net\\\/portal\\\/2025\\\/07\\\/05\\\/wilstermann-esta-de-picada\\\/\",\"url\":\"https:\\\/\\\/www.eldiario.net\\\/portal\\\/2025\\\/07\\\/05\\\/wilstermann-esta-de-picada\\\/\",\"name\":\"Wilstermann est\u00e1 'de picada' - El Diario - Bolivia\",\"isPartOf\":{\"@id\":\"https:\\\/\\\/www.eldiario.net\\\/portal\\\/#website\"},\"primaryImageOfPage\":{\"@id\":\"https:\\\/\\\/www.eldiario.net\\\/portal\\\/2025\\\/07\\\/05\\\/wilstermann-esta-de-picada\\\/#primaryimage\"},\"image\":{\"@id\":\"https:\\\/\\\/www.eldiario.net\\\/portal\\\/2025\\\/07\\\/05\\\/wilstermann-esta-de-picada\\\/#primaryimage\"},\"thumbnailUrl\":\"https:\\\/\\\/www.eldiario.net\\\/portal\\\/wp-content\\\/uploads\\\/2025\\\/07\\\/FOTO-3.webp\",\"datePublished\":\"2025-07-05T12:14:44+00:00\",\"breadcrumb\":{\"@id\":\"https:\\\/\\\/www.eldiario.net\\\/portal\\\/2025\\\/07\\\/05\\\/wilstermann-esta-de-picada\\\/#breadcrumb\"},\"inLanguage\":\"es\",\"potentialAction\":[{\"@type\":\"ReadAction\",\"target\":[\"https:\\\/\\\/www.eldiario.net\\\/portal\\\/2025\\\/07\\\/05\\\/wilstermann-esta-de-picada\\\/\"]}]},{\"@type\":\"ImageObject\",\"inLanguage\":\"es\",\"@id\":\"https:\\\/\\\/www.eldiario.net\\\/portal\\\/2025\\\/07\\\/05\\\/wilstermann-esta-de-picada\\\/#primaryimage\",\"url\":\"https:\\\/\\\/www.eldiario.net\\\/portal\\\/wp-content\\\/uploads\\\/2025\\\/07\\\/FOTO-3.webp\",\"contentUrl\":\"https:\\\/\\\/www.eldiario.net\\\/portal\\\/wp-content\\\/uploads\\\/2025\\\/07\\\/FOTO-3.webp\",\"width\":720,\"height\":721},{\"@type\":\"BreadcrumbList\",\"@id\":\"https:\\\/\\\/www.eldiario.net\\\/portal\\\/2025\\\/07\\\/05\\\/wilstermann-esta-de-picada\\\/#breadcrumb\",\"itemListElement\":[{\"@type\":\"ListItem\",\"position\":1,\"name\":\"Portada\",\"item\":\"https:\\\/\\\/www.eldiario.net\\\/portal\\\/\"},{\"@type\":\"ListItem\",\"position\":2,\"name\":\"Wilstermann est\u00e1 &#8216;de picada&#8217;\"}]},{\"@type\":\"WebSite\",\"@id\":\"https:\\\/\\\/www.eldiario.net\\\/portal\\\/#website\",\"url\":\"https:\\\/\\\/www.eldiario.net\\\/portal\\\/\",\"name\":\"El Diario - Decano de la prensa nacional\",\"description\":\"El Diario - Decano de la prensa nacional\",\"publisher\":{\"@id\":\"https:\\\/\\\/www.eldiario.net\\\/portal\\\/#organization\"},\"potentialAction\":[{\"@type\":\"SearchAction\",\"target\":{\"@type\":\"EntryPoint\",\"urlTemplate\":\"https:\\\/\\\/www.eldiario.net\\\/portal\\\/?s={search_term_string}\"},\"query-input\":{\"@type\":\"PropertyValueSpecification\",\"valueRequired\":true,\"valueName\":\"search_term_string\"}}],\"inLanguage\":\"es\"},{\"@type\":\"Organization\",\"@id\":\"https:\\\/\\\/www.eldiario.net\\\/portal\\\/#organization\",\"name\":\"El Diario - Decano de la prensa nacional\",\"url\":\"https:\\\/\\\/www.eldiario.net\\\/portal\\\/\",\"logo\":{\"@type\":\"ImageObject\",\"inLanguage\":\"es\",\"@id\":\"https:\\\/\\\/www.eldiario.net\\\/portal\\\/#\\\/schema\\\/logo\\\/image\\\/\",\"url\":\"https:\\\/\\\/www.eldiario.net\\\/portal\\\/wp-content\\\/uploads\\\/2023\\\/07\\\/logo_ED.jpg\",\"contentUrl\":\"https:\\\/\\\/www.eldiario.net\\\/portal\\\/wp-content\\\/uploads\\\/2023\\\/07\\\/logo_ED.jpg\",\"width\":272,\"height\":52,\"caption\":\"El Diario - Decano de la prensa nacional\"},\"image\":{\"@id\":\"https:\\\/\\\/www.eldiario.net\\\/portal\\\/#\\\/schema\\\/logo\\\/image\\\/\"},\"sameAs\":[\"https:\\\/\\\/www.facebook.com\\\/eldiario.bolivia\\\/\",\"https:\\\/\\\/x.com\\\/eldiario_net\"]},{\"@type\":\"Person\",\"@id\":\"https:\\\/\\\/www.eldiario.net\\\/portal\\\/#\\\/schema\\\/person\\\/2c57cf2b7a7ae032e449e4c9b1019eac\",\"name\":\"Jeanette\",\"image\":{\"@type\":\"ImageObject\",\"inLanguage\":\"es\",\"@id\":\"https:\\\/\\\/secure.gravatar.com\\\/avatar\\\/3ea2118a5f7dad2b7138b1187a6b7ee55f160b9968b66013c3a3ef39dd7e5798?s=96&d=mm&r=g\",\"url\":\"https:\\\/\\\/secure.gravatar.com\\\/avatar\\\/3ea2118a5f7dad2b7138b1187a6b7ee55f160b9968b66013c3a3ef39dd7e5798?s=96&d=mm&r=g\",\"contentUrl\":\"https:\\\/\\\/secure.gravatar.com\\\/avatar\\\/3ea2118a5f7dad2b7138b1187a6b7ee55f160b9968b66013c3a3ef39dd7e5798?s=96&d=mm&r=g\",\"caption\":\"Jeanette\"},\"sameAs\":[\"https:\\\/\\\/www.eldiario.net\\\/portal\"],\"url\":\"https:\\\/\\\/www.eldiario.net\\\/portal\\\/author\\\/jeanette\\\/\"}]}<\/script>\n<!-- \/ Yoast SEO plugin. -->","yoast_head_json":{"title":"Wilstermann est\u00e1 'de picada' - El Diario - Bolivia","robots":{"index":"index","follow":"follow","max-snippet":"max-snippet:-1","max-image-preview":"max-image-preview:large","max-video-preview":"max-video-preview:-1"},"canonical":"https:\/\/www.eldiario.net\/portal\/2025\/07\/05\/wilstermann-esta-de-picada\/","og_locale":"es_ES","og_type":"article","og_title":"Wilstermann est\u00e1 'de picada' - El Diario - Bolivia","og_description":"COCHABAMBA.- Nacional Potos\u00ed someti\u00f3 por 3-1 a Wilstermann, anoche en el estadio F\u00e9lix Capriles, en cotejo disputado por la fecha 4 de la Copa Bolivia. Los goles para el visitante fueron anotados por Hugo Rojas (38&#8242;) y Willan \u00c1lvarez (43 y&#8217;62). Descont\u00f3 para &#8216;Wilstermann, Maquerlo Tellez (47&#8217; penal). Una vez m\u00e1s, el \u00abaviador\u00bb mostr\u00f3 una [&hellip;]","og_url":"https:\/\/www.eldiario.net\/portal\/2025\/07\/05\/wilstermann-esta-de-picada\/","og_site_name":"El Diario - Bolivia","article_publisher":"https:\/\/www.facebook.com\/eldiario.bolivia\/","article_published_time":"2025-07-05T12:14:44+00:00","og_image":[{"width":720,"height":721,"url":"https:\/\/www.eldiario.net\/portal\/wp-content\/uploads\/2025\/07\/FOTO-3.webp","type":"image\/webp"}],"author":"Jeanette","twitter_card":"summary_large_image","twitter_creator":"@eldiario_net","twitter_site":"@eldiario_net","twitter_misc":{"Escrito por":"Jeanette","Tiempo de lectura":"2 minutos"},"schema":{"@context":"https:\/\/schema.org","@graph":[{"@type":"Article","@id":"https:\/\/www.eldiario.net\/portal\/2025\/07\/05\/wilstermann-esta-de-picada\/#article","isPartOf":{"@id":"https:\/\/www.eldiario.net\/portal\/2025\/07\/05\/wilstermann-esta-de-picada\/"},"author":{"name":"Jeanette","@id":"https:\/\/www.eldiario.net\/portal\/#\/schema\/person\/2c57cf2b7a7ae032e449e4c9b1019eac"},"headline":"Wilstermann est\u00e1 &#8216;de picada&#8217;","datePublished":"2025-07-05T12:14:44+00:00","mainEntityOfPage":{"@id":"https:\/\/www.eldiario.net\/portal\/2025\/07\/05\/wilstermann-esta-de-picada\/"},"wordCount":277,"publisher":{"@id":"https:\/\/www.eldiario.net\/portal\/#organization"},"image":{"@id":"https:\/\/www.eldiario.net\/portal\/2025\/07\/05\/wilstermann-esta-de-picada\/#primaryimage"},"thumbnailUrl":"https:\/\/www.eldiario.net\/portal\/wp-content\/uploads\/2025\/07\/FOTO-3.webp","articleSection":["Deportes"],"inLanguage":"es"},{"@type":"WebPage","@id":"https:\/\/www.eldiario.net\/portal\/2025\/07\/05\/wilstermann-esta-de-picada\/","url":"https:\/\/www.eldiario.net\/portal\/2025\/07\/05\/wilstermann-esta-de-picada\/","name":"Wilstermann est\u00e1 'de picada' - El Diario - Bolivia","isPartOf":{"@id":"https:\/\/www.eldiario.net\/portal\/#website"},"primaryImageOfPage":{"@id":"https:\/\/www.eldiario.net\/portal\/2025\/07\/05\/wilstermann-esta-de-picada\/#primaryimage"},"image":{"@id":"https:\/\/www.eldiario.net\/portal\/2025\/07\/05\/wilstermann-esta-de-picada\/#primaryimage"},"thumbnailUrl":"https:\/\/www.eldiario.net\/portal\/wp-content\/uploads\/2025\/07\/FOTO-3.webp","datePublished":"2025-07-05T12:14:44+00:00","breadcrumb":{"@id":"https:\/\/www.eldiario.net\/portal\/2025\/07\/05\/wilstermann-esta-de-picada\/#breadcrumb"},"inLanguage":"es","potentialAction":[{"@type":"ReadAction","target":["https:\/\/www.eldiario.net\/portal\/2025\/07\/05\/wilstermann-esta-de-picada\/"]}]},{"@type":"ImageObject","inLanguage":"es","@id":"https:\/\/www.eldiario.net\/portal\/2025\/07\/05\/wilstermann-esta-de-picada\/#primaryimage","url":"https:\/\/www.eldiario.net\/portal\/wp-content\/uploads\/2025\/07\/FOTO-3.webp","contentUrl":"https:\/\/www.eldiario.net\/portal\/wp-content\/uploads\/2025\/07\/FOTO-3.webp","width":720,"height":721},{"@type":"BreadcrumbList","@id":"https:\/\/www.eldiario.net\/portal\/2025\/07\/05\/wilstermann-esta-de-picada\/#breadcrumb","itemListElement":[{"@type":"ListItem","position":1,"name":"Portada","item":"https:\/\/www.eldiario.net\/portal\/"},{"@type":"ListItem","position":2,"name":"Wilstermann est\u00e1 &#8216;de picada&#8217;"}]},{"@type":"WebSite","@id":"https:\/\/www.eldiario.net\/portal\/#website","url":"https:\/\/www.eldiario.net\/portal\/","name":"El Diario - Decano de la prensa nacional","description":"El Diario - Decano de la prensa nacional","publisher":{"@id":"https:\/\/www.eldiario.net\/portal\/#organization"},"potentialAction":[{"@type":"SearchAction","target":{"@type":"EntryPoint","urlTemplate":"https:\/\/www.eldiario.net\/portal\/?s={search_term_string}"},"query-input":{"@type":"PropertyValueSpecification","valueRequired":true,"valueName":"search_term_string"}}],"inLanguage":"es"},{"@type":"Organization","@id":"https:\/\/www.eldiario.net\/portal\/#organization","name":"El Diario - Decano de la prensa nacional","url":"https:\/\/www.eldiario.net\/portal\/","logo":{"@type":"ImageObject","inLanguage":"es","@id":"https:\/\/www.eldiario.net\/portal\/#\/schema\/logo\/image\/","url":"https:\/\/www.eldiario.net\/portal\/wp-content\/uploads\/2023\/07\/logo_ED.jpg","contentUrl":"https:\/\/www.eldiario.net\/portal\/wp-content\/uploads\/2023\/07\/logo_ED.jpg","width":272,"height":52,"caption":"El Diario - Decano de la prensa nacional"},"image":{"@id":"https:\/\/www.eldiario.net\/portal\/#\/schema\/logo\/image\/"},"sameAs":["https:\/\/www.facebook.com\/eldiario.bolivia\/","https:\/\/x.com\/eldiario_net"]},{"@type":"Person","@id":"https:\/\/www.eldiario.net\/portal\/#\/schema\/person\/2c57cf2b7a7ae032e449e4c9b1019eac","name":"Jeanette","image":{"@type":"ImageObject","inLanguage":"es","@id":"https:\/\/secure.gravatar.com\/avatar\/3ea2118a5f7dad2b7138b1187a6b7ee55f160b9968b66013c3a3ef39dd7e5798?s=96&d=mm&r=g","url":"https:\/\/secure.gravatar.com\/avatar\/3ea2118a5f7dad2b7138b1187a6b7ee55f160b9968b66013c3a3ef39dd7e5798?s=96&d=mm&r=g","contentUrl":"https:\/\/secure.gravatar.com\/avatar\/3ea2118a5f7dad2b7138b1187a6b7ee55f160b9968b66013c3a3ef39dd7e5798?s=96&d=mm&r=g","caption":"Jeanette"},"sameAs":["https:\/\/www.eldiario.net\/portal"],"url":"https:\/\/www.eldiario.net\/portal\/author\/jeanette\/"}]}},"_links":{"self":[{"href":"https:\/\/www.eldiario.net\/portal\/wp-json\/wp\/v2\/posts\/314516","targetHints":{"allow":["GET"]}}],"collection":[{"href":"https:\/\/www.eldiario.net\/portal\/wp-json\/wp\/v2\/posts"}],"about":[{"href":"https:\/\/www.eldiario.net\/portal\/wp-json\/wp\/v2\/types\/post"}],"author":[{"embeddable":true,"href":"https:\/\/www.eldiario.net\/portal\/wp-json\/wp\/v2\/users\/1"}],"replies":[{"embeddable":true,"href":"https:\/\/www.eldiario.net\/portal\/wp-json\/wp\/v2\/comments?post=314516"}],"version-history":[{"count":1,"href":"https:\/\/www.eldiario.net\/portal\/wp-json\/wp\/v2\/posts\/314516\/revisions"}],"predecessor-version":[{"id":314518,"href":"https:\/\/www.eldiario.net\/portal\/wp-json\/wp\/v2\/posts\/314516\/revisions\/314518"}],"wp:featuredmedia":[{"embeddable":true,"href":"https:\/\/www.eldiario.net\/portal\/wp-json\/wp\/v2\/media\/314517"}],"wp:attachment":[{"href":"https:\/\/www.eldiario.net\/portal\/wp-json\/wp\/v2\/media?parent=314516"}],"wp:term":[{"taxonomy":"category","embeddable":true,"href":"https:\/\/www.eldiario.net\/portal\/wp-json\/wp\/v2\/categories?post=314516"},{"taxonomy":"post_tag","embeddable":true,"href":"https:\/\/www.eldiario.net\/portal\/wp-json\/wp\/v2\/tags?post=314516"}],"curies":[{"name":"wp","href":"https:\/\/api.w.org\/{rel}","templated":true}]}}