{"id":314510,"date":"2025-07-05T08:12:42","date_gmt":"2025-07-05T12:12:42","guid":{"rendered":"https:\/\/www.eldiario.net\/portal\/?p=314510"},"modified":"2025-07-05T08:12:42","modified_gmt":"2025-07-05T12:12:42","slug":"fue-autoatentado-lo-ocurrido-con-real-oruro","status":"publish","type":"post","link":"https:\/\/www.eldiario.net\/portal\/2025\/07\/05\/fue-autoatentado-lo-ocurrido-con-real-oruro\/","title":{"rendered":"\u00bfFue autoatentado lo ocurrido con Real Oruro?"},"content":{"rendered":"<p>El dirigente de The Strongest, Adri\u00e1n Monje, mencion\u00f3 que en ning\u00fan momento el operativo de seguridad fue vulnerado en el partido que jugaron frente a Totora Real Oruro (0-1), la noche del jueves, y que el incidente de un supuesto gas lacrim\u00f3geno en los vestuarios fue provocado por la propia delegaci\u00f3n visitante.<br \/>\n\u201cSi esto ha sido un autoatentado , que es lo que m\u00e1s parece, por algunas versiones de especialistas que han estado anoche, en vez que sea sancionado The Strongest, por falta de seguridad, podamos volcar la figura, porque este tipo de hechos no se pueden permitir a un club profesional, es as\u00ed que vamos a iniciar una demanda por tratar de perjudica a la instituci\u00f3n\u201d, declar\u00f3 Monje, un d\u00eda despu\u00e9s del hecho.<br \/>\nEl directivo recapitul\u00f3 el incidente del gas lacrim\u00f3geno en el vestuario visitante durante el intermedio, cuando los jugadores regresaron al camar\u00edn. Indic\u00f3 que Totora Real Oruro no permiti\u00f3 que los aurinegros ingresen al ambiente para comprobar la denuncia. No percibi\u00f3 ning\u00fan gas, pero s\u00ed escuch\u00f3 risas de parte de los jugadores en ese momento.<br \/>\n\u201cAl final del partido ingresaron efectivos policiales, en el informe preliminar y verbal no encontraron las bombas, si hubiera algo dentro del vestuario hubieran mostrado esta prueba. No existe ning\u00fan elemento que pueda advertirse como gas lacrim\u00f3geno\u201d, agreg\u00f3 Monje, quien, a trav\u00e9s del club, envi\u00f3 al Comando de Polic\u00eda una copia del informe escrito y de las pruebas recolectadas, \u201cpara desvirtual todas las versiones de Real Oruro, cuyo \u00fanico af\u00e1n es perjudicar a nuestra instituci\u00f3n\u201d, dijo.<br \/>\nDe acuerdo con Monje, el \u00fanico que indic\u00f3 que hab\u00eda humo en el vestuario fue el Jefe de Seguridad de la Federaci\u00f3n Boliviana de F\u00fatbol (FBF), perjudicando un poco la respiraci\u00f3n de algunos jugadores. Por este motivo, hubo una demora de 45 minutos en la reanudaci\u00f3n del segundo tiempo. (APG)<\/p>\n","protected":false},"excerpt":{"rendered":"<p>El dirigente de The Strongest, Adri\u00e1n Monje, mencion\u00f3 que en ning\u00fan momento el operativo de seguridad fue vulnerado en el partido que jugaron frente a Totora Real Oruro (0-1), la noche del jueves, y que el incidente de un supuesto gas lacrim\u00f3geno en los vestuarios fue provocado por la propia delegaci\u00f3n visitante. \u201cSi esto ha [&hellip;]<\/p>\n","protected":false},"author":1,"featured_media":314511,"comment_status":"closed","ping_status":"open","sticky":false,"template":"","format":"standard","meta":{"_acf_changed":false,"footnotes":""},"categories":[6],"tags":[],"class_list":["post-314510","post","type-post","status-publish","format-standard","has-post-thumbnail","category-deportes"],"acf":{"antetitulo":""},"yoast_head":"<!-- This site is optimized with the Yoast SEO plugin v28.4 - https:\/\/yoast.com\/product\/yoast-seo-wordpress\/ -->\n<title>\u00bfFue autoatentado lo ocurrido con Real Oruro? - El Diario - Bolivia<\/title>\n<meta name=\"robots\" content=\"index, follow, max-snippet:-1, max-image-preview:large, max-video-preview:-1\" \/>\n<link rel=\"canonical\" href=\"https:\/\/www.eldiario.net\/portal\/2025\/07\/05\/fue-autoatentado-lo-ocurrido-con-real-oruro\/\" \/>\n<meta property=\"og:locale\" content=\"es_ES\" \/>\n<meta property=\"og:type\" content=\"article\" \/>\n<meta property=\"og:title\" content=\"\u00bfFue autoatentado lo ocurrido con Real Oruro? - El Diario - Bolivia\" \/>\n<meta property=\"og:description\" content=\"El dirigente de The Strongest, Adri\u00e1n Monje, mencion\u00f3 que en ning\u00fan momento el operativo de seguridad fue vulnerado en el partido que jugaron frente a Totora Real Oruro (0-1), la noche del jueves, y que el incidente de un supuesto gas lacrim\u00f3geno en los vestuarios fue provocado por la propia delegaci\u00f3n visitante. \u201cSi esto ha [&hellip;]\" \/>\n<meta property=\"og:url\" content=\"https:\/\/www.eldiario.net\/portal\/2025\/07\/05\/fue-autoatentado-lo-ocurrido-con-real-oruro\/\" \/>\n<meta property=\"og:site_name\" content=\"El Diario - Bolivia\" \/>\n<meta property=\"article:publisher\" content=\"https:\/\/www.facebook.com\/eldiario.bolivia\/\" \/>\n<meta property=\"article:published_time\" content=\"2025-07-05T12:12:42+00:00\" \/>\n<meta property=\"og:image\" content=\"https:\/\/www.eldiario.net\/portal\/wp-content\/uploads\/2025\/07\/FOTO-5.webp\" \/>\n\t<meta property=\"og:image:width\" content=\"492\" \/>\n\t<meta property=\"og:image:height\" content=\"476\" \/>\n\t<meta property=\"og:image:type\" content=\"image\/webp\" \/>\n<meta name=\"author\" content=\"Jeanette\" \/>\n<meta name=\"twitter:card\" content=\"summary_large_image\" \/>\n<meta name=\"twitter:creator\" content=\"@eldiario_net\" \/>\n<meta name=\"twitter:site\" content=\"@eldiario_net\" \/>\n<meta name=\"twitter:label1\" content=\"Escrito por\" \/>\n\t<meta name=\"twitter:data1\" content=\"Jeanette\" \/>\n\t<meta name=\"twitter:label2\" content=\"Tiempo de lectura\" \/>\n\t<meta name=\"twitter:data2\" content=\"2 minutos\" \/>\n<script type=\"application\/ld+json\" class=\"yoast-schema-graph\">{\"@context\":\"https:\\\/\\\/schema.org\",\"@graph\":[{\"@type\":\"Article\",\"@id\":\"https:\\\/\\\/www.eldiario.net\\\/portal\\\/2025\\\/07\\\/05\\\/fue-autoatentado-lo-ocurrido-con-real-oruro\\\/#article\",\"isPartOf\":{\"@id\":\"https:\\\/\\\/www.eldiario.net\\\/portal\\\/2025\\\/07\\\/05\\\/fue-autoatentado-lo-ocurrido-con-real-oruro\\\/\"},\"author\":{\"name\":\"Jeanette\",\"@id\":\"https:\\\/\\\/www.eldiario.net\\\/portal\\\/#\\\/schema\\\/person\\\/2c57cf2b7a7ae032e449e4c9b1019eac\"},\"headline\":\"\u00bfFue autoatentado lo ocurrido con Real Oruro?\",\"datePublished\":\"2025-07-05T12:12:42+00:00\",\"mainEntityOfPage\":{\"@id\":\"https:\\\/\\\/www.eldiario.net\\\/portal\\\/2025\\\/07\\\/05\\\/fue-autoatentado-lo-ocurrido-con-real-oruro\\\/\"},\"wordCount\":331,\"publisher\":{\"@id\":\"https:\\\/\\\/www.eldiario.net\\\/portal\\\/#organization\"},\"image\":{\"@id\":\"https:\\\/\\\/www.eldiario.net\\\/portal\\\/2025\\\/07\\\/05\\\/fue-autoatentado-lo-ocurrido-con-real-oruro\\\/#primaryimage\"},\"thumbnailUrl\":\"https:\\\/\\\/www.eldiario.net\\\/portal\\\/wp-content\\\/uploads\\\/2025\\\/07\\\/FOTO-5.webp\",\"articleSection\":[\"Deportes\"],\"inLanguage\":\"es\"},{\"@type\":\"WebPage\",\"@id\":\"https:\\\/\\\/www.eldiario.net\\\/portal\\\/2025\\\/07\\\/05\\\/fue-autoatentado-lo-ocurrido-con-real-oruro\\\/\",\"url\":\"https:\\\/\\\/www.eldiario.net\\\/portal\\\/2025\\\/07\\\/05\\\/fue-autoatentado-lo-ocurrido-con-real-oruro\\\/\",\"name\":\"\u00bfFue autoatentado lo ocurrido con Real Oruro? - El Diario - Bolivia\",\"isPartOf\":{\"@id\":\"https:\\\/\\\/www.eldiario.net\\\/portal\\\/#website\"},\"primaryImageOfPage\":{\"@id\":\"https:\\\/\\\/www.eldiario.net\\\/portal\\\/2025\\\/07\\\/05\\\/fue-autoatentado-lo-ocurrido-con-real-oruro\\\/#primaryimage\"},\"image\":{\"@id\":\"https:\\\/\\\/www.eldiario.net\\\/portal\\\/2025\\\/07\\\/05\\\/fue-autoatentado-lo-ocurrido-con-real-oruro\\\/#primaryimage\"},\"thumbnailUrl\":\"https:\\\/\\\/www.eldiario.net\\\/portal\\\/wp-content\\\/uploads\\\/2025\\\/07\\\/FOTO-5.webp\",\"datePublished\":\"2025-07-05T12:12:42+00:00\",\"breadcrumb\":{\"@id\":\"https:\\\/\\\/www.eldiario.net\\\/portal\\\/2025\\\/07\\\/05\\\/fue-autoatentado-lo-ocurrido-con-real-oruro\\\/#breadcrumb\"},\"inLanguage\":\"es\",\"potentialAction\":[{\"@type\":\"ReadAction\",\"target\":[\"https:\\\/\\\/www.eldiario.net\\\/portal\\\/2025\\\/07\\\/05\\\/fue-autoatentado-lo-ocurrido-con-real-oruro\\\/\"]}]},{\"@type\":\"ImageObject\",\"inLanguage\":\"es\",\"@id\":\"https:\\\/\\\/www.eldiario.net\\\/portal\\\/2025\\\/07\\\/05\\\/fue-autoatentado-lo-ocurrido-con-real-oruro\\\/#primaryimage\",\"url\":\"https:\\\/\\\/www.eldiario.net\\\/portal\\\/wp-content\\\/uploads\\\/2025\\\/07\\\/FOTO-5.webp\",\"contentUrl\":\"https:\\\/\\\/www.eldiario.net\\\/portal\\\/wp-content\\\/uploads\\\/2025\\\/07\\\/FOTO-5.webp\",\"width\":492,\"height\":476},{\"@type\":\"BreadcrumbList\",\"@id\":\"https:\\\/\\\/www.eldiario.net\\\/portal\\\/2025\\\/07\\\/05\\\/fue-autoatentado-lo-ocurrido-con-real-oruro\\\/#breadcrumb\",\"itemListElement\":[{\"@type\":\"ListItem\",\"position\":1,\"name\":\"Portada\",\"item\":\"https:\\\/\\\/www.eldiario.net\\\/portal\\\/\"},{\"@type\":\"ListItem\",\"position\":2,\"name\":\"\u00bfFue autoatentado lo ocurrido con Real Oruro?\"}]},{\"@type\":\"WebSite\",\"@id\":\"https:\\\/\\\/www.eldiario.net\\\/portal\\\/#website\",\"url\":\"https:\\\/\\\/www.eldiario.net\\\/portal\\\/\",\"name\":\"El Diario - Decano de la prensa nacional\",\"description\":\"El Diario - Decano de la prensa nacional\",\"publisher\":{\"@id\":\"https:\\\/\\\/www.eldiario.net\\\/portal\\\/#organization\"},\"potentialAction\":[{\"@type\":\"SearchAction\",\"target\":{\"@type\":\"EntryPoint\",\"urlTemplate\":\"https:\\\/\\\/www.eldiario.net\\\/portal\\\/?s={search_term_string}\"},\"query-input\":{\"@type\":\"PropertyValueSpecification\",\"valueRequired\":true,\"valueName\":\"search_term_string\"}}],\"inLanguage\":\"es\"},{\"@type\":\"Organization\",\"@id\":\"https:\\\/\\\/www.eldiario.net\\\/portal\\\/#organization\",\"name\":\"El Diario - Decano de la prensa nacional\",\"url\":\"https:\\\/\\\/www.eldiario.net\\\/portal\\\/\",\"logo\":{\"@type\":\"ImageObject\",\"inLanguage\":\"es\",\"@id\":\"https:\\\/\\\/www.eldiario.net\\\/portal\\\/#\\\/schema\\\/logo\\\/image\\\/\",\"url\":\"https:\\\/\\\/www.eldiario.net\\\/portal\\\/wp-content\\\/uploads\\\/2023\\\/07\\\/logo_ED.jpg\",\"contentUrl\":\"https:\\\/\\\/www.eldiario.net\\\/portal\\\/wp-content\\\/uploads\\\/2023\\\/07\\\/logo_ED.jpg\",\"width\":272,\"height\":52,\"caption\":\"El Diario - Decano de la prensa nacional\"},\"image\":{\"@id\":\"https:\\\/\\\/www.eldiario.net\\\/portal\\\/#\\\/schema\\\/logo\\\/image\\\/\"},\"sameAs\":[\"https:\\\/\\\/www.facebook.com\\\/eldiario.bolivia\\\/\",\"https:\\\/\\\/x.com\\\/eldiario_net\"]},{\"@type\":\"Person\",\"@id\":\"https:\\\/\\\/www.eldiario.net\\\/portal\\\/#\\\/schema\\\/person\\\/2c57cf2b7a7ae032e449e4c9b1019eac\",\"name\":\"Jeanette\",\"image\":{\"@type\":\"ImageObject\",\"inLanguage\":\"es\",\"@id\":\"https:\\\/\\\/secure.gravatar.com\\\/avatar\\\/3ea2118a5f7dad2b7138b1187a6b7ee55f160b9968b66013c3a3ef39dd7e5798?s=96&d=mm&r=g\",\"url\":\"https:\\\/\\\/secure.gravatar.com\\\/avatar\\\/3ea2118a5f7dad2b7138b1187a6b7ee55f160b9968b66013c3a3ef39dd7e5798?s=96&d=mm&r=g\",\"contentUrl\":\"https:\\\/\\\/secure.gravatar.com\\\/avatar\\\/3ea2118a5f7dad2b7138b1187a6b7ee55f160b9968b66013c3a3ef39dd7e5798?s=96&d=mm&r=g\",\"caption\":\"Jeanette\"},\"sameAs\":[\"https:\\\/\\\/www.eldiario.net\\\/portal\"],\"url\":\"https:\\\/\\\/www.eldiario.net\\\/portal\\\/author\\\/jeanette\\\/\"}]}<\/script>\n<!-- \/ Yoast SEO plugin. -->","yoast_head_json":{"title":"\u00bfFue autoatentado lo ocurrido con Real Oruro? - El Diario - Bolivia","robots":{"index":"index","follow":"follow","max-snippet":"max-snippet:-1","max-image-preview":"max-image-preview:large","max-video-preview":"max-video-preview:-1"},"canonical":"https:\/\/www.eldiario.net\/portal\/2025\/07\/05\/fue-autoatentado-lo-ocurrido-con-real-oruro\/","og_locale":"es_ES","og_type":"article","og_title":"\u00bfFue autoatentado lo ocurrido con Real Oruro? - El Diario - Bolivia","og_description":"El dirigente de The Strongest, Adri\u00e1n Monje, mencion\u00f3 que en ning\u00fan momento el operativo de seguridad fue vulnerado en el partido que jugaron frente a Totora Real Oruro (0-1), la noche del jueves, y que el incidente de un supuesto gas lacrim\u00f3geno en los vestuarios fue provocado por la propia delegaci\u00f3n visitante. \u201cSi esto ha [&hellip;]","og_url":"https:\/\/www.eldiario.net\/portal\/2025\/07\/05\/fue-autoatentado-lo-ocurrido-con-real-oruro\/","og_site_name":"El Diario - Bolivia","article_publisher":"https:\/\/www.facebook.com\/eldiario.bolivia\/","article_published_time":"2025-07-05T12:12:42+00:00","og_image":[{"width":492,"height":476,"url":"https:\/\/www.eldiario.net\/portal\/wp-content\/uploads\/2025\/07\/FOTO-5.webp","type":"image\/webp"}],"author":"Jeanette","twitter_card":"summary_large_image","twitter_creator":"@eldiario_net","twitter_site":"@eldiario_net","twitter_misc":{"Escrito por":"Jeanette","Tiempo de lectura":"2 minutos"},"schema":{"@context":"https:\/\/schema.org","@graph":[{"@type":"Article","@id":"https:\/\/www.eldiario.net\/portal\/2025\/07\/05\/fue-autoatentado-lo-ocurrido-con-real-oruro\/#article","isPartOf":{"@id":"https:\/\/www.eldiario.net\/portal\/2025\/07\/05\/fue-autoatentado-lo-ocurrido-con-real-oruro\/"},"author":{"name":"Jeanette","@id":"https:\/\/www.eldiario.net\/portal\/#\/schema\/person\/2c57cf2b7a7ae032e449e4c9b1019eac"},"headline":"\u00bfFue autoatentado lo ocurrido con Real Oruro?","datePublished":"2025-07-05T12:12:42+00:00","mainEntityOfPage":{"@id":"https:\/\/www.eldiario.net\/portal\/2025\/07\/05\/fue-autoatentado-lo-ocurrido-con-real-oruro\/"},"wordCount":331,"publisher":{"@id":"https:\/\/www.eldiario.net\/portal\/#organization"},"image":{"@id":"https:\/\/www.eldiario.net\/portal\/2025\/07\/05\/fue-autoatentado-lo-ocurrido-con-real-oruro\/#primaryimage"},"thumbnailUrl":"https:\/\/www.eldiario.net\/portal\/wp-content\/uploads\/2025\/07\/FOTO-5.webp","articleSection":["Deportes"],"inLanguage":"es"},{"@type":"WebPage","@id":"https:\/\/www.eldiario.net\/portal\/2025\/07\/05\/fue-autoatentado-lo-ocurrido-con-real-oruro\/","url":"https:\/\/www.eldiario.net\/portal\/2025\/07\/05\/fue-autoatentado-lo-ocurrido-con-real-oruro\/","name":"\u00bfFue autoatentado lo ocurrido con Real Oruro? - El Diario - Bolivia","isPartOf":{"@id":"https:\/\/www.eldiario.net\/portal\/#website"},"primaryImageOfPage":{"@id":"https:\/\/www.eldiario.net\/portal\/2025\/07\/05\/fue-autoatentado-lo-ocurrido-con-real-oruro\/#primaryimage"},"image":{"@id":"https:\/\/www.eldiario.net\/portal\/2025\/07\/05\/fue-autoatentado-lo-ocurrido-con-real-oruro\/#primaryimage"},"thumbnailUrl":"https:\/\/www.eldiario.net\/portal\/wp-content\/uploads\/2025\/07\/FOTO-5.webp","datePublished":"2025-07-05T12:12:42+00:00","breadcrumb":{"@id":"https:\/\/www.eldiario.net\/portal\/2025\/07\/05\/fue-autoatentado-lo-ocurrido-con-real-oruro\/#breadcrumb"},"inLanguage":"es","potentialAction":[{"@type":"ReadAction","target":["https:\/\/www.eldiario.net\/portal\/2025\/07\/05\/fue-autoatentado-lo-ocurrido-con-real-oruro\/"]}]},{"@type":"ImageObject","inLanguage":"es","@id":"https:\/\/www.eldiario.net\/portal\/2025\/07\/05\/fue-autoatentado-lo-ocurrido-con-real-oruro\/#primaryimage","url":"https:\/\/www.eldiario.net\/portal\/wp-content\/uploads\/2025\/07\/FOTO-5.webp","contentUrl":"https:\/\/www.eldiario.net\/portal\/wp-content\/uploads\/2025\/07\/FOTO-5.webp","width":492,"height":476},{"@type":"BreadcrumbList","@id":"https:\/\/www.eldiario.net\/portal\/2025\/07\/05\/fue-autoatentado-lo-ocurrido-con-real-oruro\/#breadcrumb","itemListElement":[{"@type":"ListItem","position":1,"name":"Portada","item":"https:\/\/www.eldiario.net\/portal\/"},{"@type":"ListItem","position":2,"name":"\u00bfFue autoatentado lo ocurrido con Real Oruro?"}]},{"@type":"WebSite","@id":"https:\/\/www.eldiario.net\/portal\/#website","url":"https:\/\/www.eldiario.net\/portal\/","name":"El Diario - Decano de la prensa nacional","description":"El Diario - Decano de la prensa nacional","publisher":{"@id":"https:\/\/www.eldiario.net\/portal\/#organization"},"potentialAction":[{"@type":"SearchAction","target":{"@type":"EntryPoint","urlTemplate":"https:\/\/www.eldiario.net\/portal\/?s={search_term_string}"},"query-input":{"@type":"PropertyValueSpecification","valueRequired":true,"valueName":"search_term_string"}}],"inLanguage":"es"},{"@type":"Organization","@id":"https:\/\/www.eldiario.net\/portal\/#organization","name":"El Diario - Decano de la prensa nacional","url":"https:\/\/www.eldiario.net\/portal\/","logo":{"@type":"ImageObject","inLanguage":"es","@id":"https:\/\/www.eldiario.net\/portal\/#\/schema\/logo\/image\/","url":"https:\/\/www.eldiario.net\/portal\/wp-content\/uploads\/2023\/07\/logo_ED.jpg","contentUrl":"https:\/\/www.eldiario.net\/portal\/wp-content\/uploads\/2023\/07\/logo_ED.jpg","width":272,"height":52,"caption":"El Diario - Decano de la prensa nacional"},"image":{"@id":"https:\/\/www.eldiario.net\/portal\/#\/schema\/logo\/image\/"},"sameAs":["https:\/\/www.facebook.com\/eldiario.bolivia\/","https:\/\/x.com\/eldiario_net"]},{"@type":"Person","@id":"https:\/\/www.eldiario.net\/portal\/#\/schema\/person\/2c57cf2b7a7ae032e449e4c9b1019eac","name":"Jeanette","image":{"@type":"ImageObject","inLanguage":"es","@id":"https:\/\/secure.gravatar.com\/avatar\/3ea2118a5f7dad2b7138b1187a6b7ee55f160b9968b66013c3a3ef39dd7e5798?s=96&d=mm&r=g","url":"https:\/\/secure.gravatar.com\/avatar\/3ea2118a5f7dad2b7138b1187a6b7ee55f160b9968b66013c3a3ef39dd7e5798?s=96&d=mm&r=g","contentUrl":"https:\/\/secure.gravatar.com\/avatar\/3ea2118a5f7dad2b7138b1187a6b7ee55f160b9968b66013c3a3ef39dd7e5798?s=96&d=mm&r=g","caption":"Jeanette"},"sameAs":["https:\/\/www.eldiario.net\/portal"],"url":"https:\/\/www.eldiario.net\/portal\/author\/jeanette\/"}]}},"_links":{"self":[{"href":"https:\/\/www.eldiario.net\/portal\/wp-json\/wp\/v2\/posts\/314510","targetHints":{"allow":["GET"]}}],"collection":[{"href":"https:\/\/www.eldiario.net\/portal\/wp-json\/wp\/v2\/posts"}],"about":[{"href":"https:\/\/www.eldiario.net\/portal\/wp-json\/wp\/v2\/types\/post"}],"author":[{"embeddable":true,"href":"https:\/\/www.eldiario.net\/portal\/wp-json\/wp\/v2\/users\/1"}],"replies":[{"embeddable":true,"href":"https:\/\/www.eldiario.net\/portal\/wp-json\/wp\/v2\/comments?post=314510"}],"version-history":[{"count":1,"href":"https:\/\/www.eldiario.net\/portal\/wp-json\/wp\/v2\/posts\/314510\/revisions"}],"predecessor-version":[{"id":314512,"href":"https:\/\/www.eldiario.net\/portal\/wp-json\/wp\/v2\/posts\/314510\/revisions\/314512"}],"wp:featuredmedia":[{"embeddable":true,"href":"https:\/\/www.eldiario.net\/portal\/wp-json\/wp\/v2\/media\/314511"}],"wp:attachment":[{"href":"https:\/\/www.eldiario.net\/portal\/wp-json\/wp\/v2\/media?parent=314510"}],"wp:term":[{"taxonomy":"category","embeddable":true,"href":"https:\/\/www.eldiario.net\/portal\/wp-json\/wp\/v2\/categories?post=314510"},{"taxonomy":"post_tag","embeddable":true,"href":"https:\/\/www.eldiario.net\/portal\/wp-json\/wp\/v2\/tags?post=314510"}],"curies":[{"name":"wp","href":"https:\/\/api.w.org\/{rel}","templated":true}]}}