{"id":314500,"date":"2025-07-05T08:05:55","date_gmt":"2025-07-05T12:05:55","guid":{"rendered":"https:\/\/www.eldiario.net\/portal\/?p=314500"},"modified":"2025-07-05T08:06:33","modified_gmt":"2025-07-05T12:06:33","slug":"festejo-extremo-por-los-216-anos-de-la-paz","status":"publish","type":"post","link":"https:\/\/www.eldiario.net\/portal\/2025\/07\/05\/festejo-extremo-por-los-216-anos-de-la-paz\/","title":{"rendered":"Festejo &#8216;extremo&#8217; por  los 216 a\u00f1os de LA PAZ"},"content":{"rendered":"<p>Carmen Pozo, Directora de Deportes del Gobierno Municipal de La Paz, inform\u00f3 a DEPORTES EL DIARIO que en homenaje a los 216 a\u00f1os de la efem\u00e9ride de La Paz a conmemorarse el 16 de julio pr\u00f3ximo, este domingo 6 se llevar\u00e1 adelante el \u201cLa Paz Challenge Downhill 4000- V3.0\u201d, una experiencia considerada en el marco de los deportes extremos.<br \/>\nEsta prueba que se hace sentir como el inicio de las fiestas julias es \u201cuna modalidad extrema del ciclismo de descenso que lleva la adrenalina de la monta\u00f1a al coraz\u00f3n de cemento de las ciudades\u201d, remarc\u00f3 la autoridad.<br \/>\nLa competencia consiste en que los ciclistas desciendan a altas velocidades por circuitos urbanos estrechos, enfrentando escaleras vertiginosas, saltos espectaculares y obst\u00e1culos urbanos.<br \/>\nLa prueba se efectuar\u00e1 bajo un formato similar al de la Copa del Mundo de Descenso UCI (Mercedes-Benz), donde cada ciclista desciende de manera individual y contra reloj. El tiempo m\u00e1s corto definir\u00e1 al ganador.<br \/>\n\u201cPor lo general, los participantes disponen de un breve periodo de reconocimiento y pr\u00e1ctica en el circuito, seguido de una ronda de clasificaci\u00f3n y la carrera final que determina al campe\u00f3n\u201d, indica la convocatoria.<br \/>\nEn este contexto, llega la 3\u00b0 versi\u00f3n del \u201cDescenso Urbano La Paz Challenge Downhill 4000\u201d que recorrer\u00e1 m\u00e1s de 3,8 kil\u00f3metros (tiempo estimado de 4 a 5 minutos), desde los 4.069 hasta los 3.480. El escenario ser\u00e1 el macrodistrito Cotahuma.<br \/>\nSeg\u00fan Pozo, la competencia busca consolidarse en el hilo de los festejos del mes de julio y la convocatoria se extiende a ciclistas de toda Bolivia y tambi\u00e9n de pa\u00edses extranjeros. Hasta el momento, han asegurado su presencia valores de Per\u00fa y Chile.<br \/>\nLa partida estar\u00e1 ubicada a la altura de la parada del Telef\u00e9rico Plateado y Antenas de TV, a 4.060 msnm, atravesar\u00e1 los barrios Tupac Amaru, Huarikunka Pasankeri, Kenanipata La Hoyada, Pasankeri Sector Norte, Central Cotahuma Alto, Ernesto Torrez, Bajo Cotahuma, Las Nieves, Tembladerani Central, Jucumari, Mar\u00eda Auxiliadora, 8 de Diciembre, Jinchupalla, Adela Zamudio, 27 de Julio y la meta es el Parque de las<br \/>\nCebras, ubicado a 3.480 msnm.<br \/>\n\u201cPor la caracter\u00edstica extrema de la modalidad, cada participante debe prever su seguridad a trav\u00e9s del cumplimiento de los requerimientos b\u00e1sicos como el uso de casco de seguridad integral (full face), guantes adecuados para la actividad, gafas de protecci\u00f3n (googles) adem\u00e1s de portar elementos de protecci\u00f3n corporal como pechera, rodilleras, coderas, canilleras, entre otros\u201d, advirti\u00f3 la Directora Municipal de Deportes. Para la inscripci\u00f3n se est\u00e1 exigiendo un Seguro contra Accidentes a los deportistas.<br \/>\nEste challenger es amigable con el medio ambiente, limpieza urbana y tambi\u00e9n con el cuidado de los canes, por lo que se cuenta con el apoyo de varias entidades que precautelar\u00e1n estos aspectos, cuidando el escenario, la seguridad de los participantes, p\u00fablico aficionado y tambi\u00e9n de perritos que podr\u00edan estar transitando por el circuito.<\/p>\n<p><em>GHILKA SANABRIA<\/em><\/p>\n\r\n                <style type=\"text\/css\">\r\n                    \r\n                    #tdi_1  .td-doubleSlider-2 .td-item1 {\r\n                        background: url(https:\/\/www.eldiario.net\/portal\/wp-content\/uploads\/2025\/07\/FOTO-20A-80x60.webp) 0 0 no-repeat;\r\n                    }\r\n                    #tdi_1  .td-doubleSlider-2 .td-item2 {\r\n                        background: url(https:\/\/www.eldiario.net\/portal\/wp-content\/uploads\/2025\/07\/FOTO-20B-80x60.webp) 0 0 no-repeat;\r\n                    }\r\n                <\/style>\r\n\r\n                <div id=\"tdi_1\" class=\"td-gallery td-slide-on-2-columns\">\r\n                    <div class=\"post_td_gallery\">\r\n                        <div class=\"td-gallery-slide-top\">\r\n                           <div class=\"td-gallery-title\"><\/div>\r\n\r\n                            <div class=\"td-gallery-controls-wrapper\">\r\n                                <div class=\"td-gallery-slide-count\"><span class=\"td-gallery-slide-item-focus\">1<\/span> de 2<\/div>\r\n                                <div class=\"td-gallery-slide-prev-next-but\">\r\n                                    <i class = \"td-icon-left doubleSliderPrevButton\"><\/i>\r\n                                    <i class = \"td-icon-right doubleSliderNextButton\"><\/i>\r\n                                <\/div>\r\n                            <\/div>\r\n                        <\/div>\r\n\r\n                        <div class = \"td-doubleSlider-1 \">\r\n                            <div class = \"td-slider\">\r\n                                \r\n                    <div class = \"td-slide-item td-item1\">\r\n                        <figure class=\"td-slide-galery-figure td-slide-popup-gallery\">\r\n                            <a class=\"slide-gallery-image-link\" href=\"https:\/\/www.eldiario.net\/portal\/wp-content\/uploads\/2025\/07\/FOTO-20A.webp\" title=\"FOTO-20A\"  data-caption=\"\"  data-description=\"\">\r\n                                <img decoding=\"async\" src=\"https:\/\/www.eldiario.net\/portal\/wp-content\/uploads\/2025\/07\/FOTO-20A-336x420.webp\" srcset=\"https:\/\/www.eldiario.net\/portal\/wp-content\/uploads\/2025\/07\/FOTO-20A-336x420.webp 336w, https:\/\/www.eldiario.net\/portal\/wp-content\/uploads\/2025\/07\/FOTO-20A-240x300.webp 240w, https:\/\/www.eldiario.net\/portal\/wp-content\/uploads\/2025\/07\/FOTO-20A.webp 374w\" sizes=\"(max-width: 336px) 100vw, 336px\" alt=\"\">\r\n                            <\/a>\r\n                            \r\n                        <\/figure>\r\n                    <\/div>\r\n                    <div class = \"td-slide-item td-item2\">\r\n                        <figure class=\"td-slide-galery-figure td-slide-popup-gallery\">\r\n                            <a class=\"slide-gallery-image-link\" href=\"https:\/\/www.eldiario.net\/portal\/wp-content\/uploads\/2025\/07\/FOTO-20B.webp\" title=\"FOTO-20B\"  data-caption=\"\"  data-description=\"\">\r\n                                <img decoding=\"async\" src=\"https:\/\/www.eldiario.net\/portal\/wp-content\/uploads\/2025\/07\/FOTO-20B.webp\" srcset=\"https:\/\/www.eldiario.net\/portal\/wp-content\/uploads\/2025\/07\/FOTO-20B.webp 539w, https:\/\/www.eldiario.net\/portal\/wp-content\/uploads\/2025\/07\/FOTO-20B-300x200.webp 300w\" sizes=\"(max-width: 539px) 100vw, 539px\" alt=\"\">\r\n                            <\/a>\r\n                            \r\n                        <\/figure>\r\n                    <\/div>\r\n                            <\/div>\r\n                        <\/div>\r\n\r\n                        <div class = \"td-doubleSlider-2\">\r\n                            <div class = \"td-slider\">\r\n                                \r\n                    <div class = \"td-button td-item1\">\r\n                        <div class = \"td-border\"><\/div>\r\n                    <\/div>\r\n                    <div class = \"td-button td-item2\">\r\n                        <div class = \"td-border\"><\/div>\r\n                    <\/div>\r\n                            <\/div>\r\n                        <\/div>\r\n\r\n                    <\/div>\r\n\r\n                <\/div>\r\n                \n","protected":false},"excerpt":{"rendered":"<p>Carmen Pozo, Directora de Deportes del Gobierno Municipal de La Paz, inform\u00f3 a DEPORTES EL DIARIO que en homenaje a los 216 a\u00f1os de la efem\u00e9ride de La Paz a conmemorarse el 16 de julio pr\u00f3ximo, este domingo 6 se llevar\u00e1 adelante el \u201cLa Paz Challenge Downhill 4000- V3.0\u201d, una experiencia considerada en el marco [&hellip;]<\/p>\n","protected":false},"author":1,"featured_media":314501,"comment_status":"closed","ping_status":"open","sticky":false,"template":"","format":"standard","meta":{"_acf_changed":false,"footnotes":""},"categories":[6],"tags":[],"class_list":["post-314500","post","type-post","status-publish","format-standard","has-post-thumbnail","category-deportes"],"acf":{"antetitulo":"CHALLENGE DOWNHILL 4000 - V3.0"},"yoast_head":"<!-- This site is optimized with the Yoast SEO plugin v28.4 - https:\/\/yoast.com\/product\/yoast-seo-wordpress\/ -->\n<title>Festejo &#039;extremo&#039; por los 216 a\u00f1os de LA PAZ - El Diario - Bolivia<\/title>\n<meta name=\"robots\" content=\"index, follow, max-snippet:-1, max-image-preview:large, max-video-preview:-1\" \/>\n<link rel=\"canonical\" href=\"https:\/\/www.eldiario.net\/portal\/2025\/07\/05\/festejo-extremo-por-los-216-anos-de-la-paz\/\" \/>\n<meta property=\"og:locale\" content=\"es_ES\" \/>\n<meta property=\"og:type\" content=\"article\" \/>\n<meta property=\"og:title\" content=\"Festejo &#039;extremo&#039; por los 216 a\u00f1os de LA PAZ - El Diario - Bolivia\" \/>\n<meta property=\"og:description\" content=\"Carmen Pozo, Directora de Deportes del Gobierno Municipal de La Paz, inform\u00f3 a DEPORTES EL DIARIO que en homenaje a los 216 a\u00f1os de la efem\u00e9ride de La Paz a conmemorarse el 16 de julio pr\u00f3ximo, este domingo 6 se llevar\u00e1 adelante el \u201cLa Paz Challenge Downhill 4000- V3.0\u201d, una experiencia considerada en el marco [&hellip;]\" \/>\n<meta property=\"og:url\" content=\"https:\/\/www.eldiario.net\/portal\/2025\/07\/05\/festejo-extremo-por-los-216-anos-de-la-paz\/\" \/>\n<meta property=\"og:site_name\" content=\"El Diario - Bolivia\" \/>\n<meta property=\"article:publisher\" content=\"https:\/\/www.facebook.com\/eldiario.bolivia\/\" \/>\n<meta property=\"article:published_time\" content=\"2025-07-05T12:05:55+00:00\" \/>\n<meta property=\"article:modified_time\" content=\"2025-07-05T12:06:33+00:00\" \/>\n<meta property=\"og:image\" content=\"https:\/\/www.eldiario.net\/portal\/wp-content\/uploads\/2025\/07\/FOTO-20A.webp\" \/>\n\t<meta property=\"og:image:width\" content=\"374\" \/>\n\t<meta property=\"og:image:height\" content=\"468\" \/>\n\t<meta property=\"og:image:type\" content=\"image\/webp\" \/>\n<meta name=\"author\" content=\"Jeanette\" \/>\n<meta name=\"twitter:card\" content=\"summary_large_image\" \/>\n<meta name=\"twitter:creator\" content=\"@eldiario_net\" \/>\n<meta name=\"twitter:site\" content=\"@eldiario_net\" \/>\n<meta name=\"twitter:label1\" content=\"Escrito por\" \/>\n\t<meta name=\"twitter:data1\" content=\"Jeanette\" \/>\n\t<meta name=\"twitter:label2\" content=\"Tiempo de lectura\" \/>\n\t<meta name=\"twitter:data2\" content=\"3 minutos\" \/>\n<script type=\"application\/ld+json\" class=\"yoast-schema-graph\">{\"@context\":\"https:\\\/\\\/schema.org\",\"@graph\":[{\"@type\":\"Article\",\"@id\":\"https:\\\/\\\/www.eldiario.net\\\/portal\\\/2025\\\/07\\\/05\\\/festejo-extremo-por-los-216-anos-de-la-paz\\\/#article\",\"isPartOf\":{\"@id\":\"https:\\\/\\\/www.eldiario.net\\\/portal\\\/2025\\\/07\\\/05\\\/festejo-extremo-por-los-216-anos-de-la-paz\\\/\"},\"author\":{\"name\":\"Jeanette\",\"@id\":\"https:\\\/\\\/www.eldiario.net\\\/portal\\\/#\\\/schema\\\/person\\\/2c57cf2b7a7ae032e449e4c9b1019eac\"},\"headline\":\"Festejo &#8216;extremo&#8217; por los 216 a\u00f1os de LA PAZ\",\"datePublished\":\"2025-07-05T12:05:55+00:00\",\"dateModified\":\"2025-07-05T12:06:33+00:00\",\"mainEntityOfPage\":{\"@id\":\"https:\\\/\\\/www.eldiario.net\\\/portal\\\/2025\\\/07\\\/05\\\/festejo-extremo-por-los-216-anos-de-la-paz\\\/\"},\"wordCount\":504,\"publisher\":{\"@id\":\"https:\\\/\\\/www.eldiario.net\\\/portal\\\/#organization\"},\"image\":{\"@id\":\"https:\\\/\\\/www.eldiario.net\\\/portal\\\/2025\\\/07\\\/05\\\/festejo-extremo-por-los-216-anos-de-la-paz\\\/#primaryimage\"},\"thumbnailUrl\":\"https:\\\/\\\/www.eldiario.net\\\/portal\\\/wp-content\\\/uploads\\\/2025\\\/07\\\/FOTO-20A.webp\",\"articleSection\":[\"Deportes\"],\"inLanguage\":\"es\"},{\"@type\":\"WebPage\",\"@id\":\"https:\\\/\\\/www.eldiario.net\\\/portal\\\/2025\\\/07\\\/05\\\/festejo-extremo-por-los-216-anos-de-la-paz\\\/\",\"url\":\"https:\\\/\\\/www.eldiario.net\\\/portal\\\/2025\\\/07\\\/05\\\/festejo-extremo-por-los-216-anos-de-la-paz\\\/\",\"name\":\"Festejo 'extremo' por los 216 a\u00f1os de LA PAZ - El Diario - Bolivia\",\"isPartOf\":{\"@id\":\"https:\\\/\\\/www.eldiario.net\\\/portal\\\/#website\"},\"primaryImageOfPage\":{\"@id\":\"https:\\\/\\\/www.eldiario.net\\\/portal\\\/2025\\\/07\\\/05\\\/festejo-extremo-por-los-216-anos-de-la-paz\\\/#primaryimage\"},\"image\":{\"@id\":\"https:\\\/\\\/www.eldiario.net\\\/portal\\\/2025\\\/07\\\/05\\\/festejo-extremo-por-los-216-anos-de-la-paz\\\/#primaryimage\"},\"thumbnailUrl\":\"https:\\\/\\\/www.eldiario.net\\\/portal\\\/wp-content\\\/uploads\\\/2025\\\/07\\\/FOTO-20A.webp\",\"datePublished\":\"2025-07-05T12:05:55+00:00\",\"dateModified\":\"2025-07-05T12:06:33+00:00\",\"breadcrumb\":{\"@id\":\"https:\\\/\\\/www.eldiario.net\\\/portal\\\/2025\\\/07\\\/05\\\/festejo-extremo-por-los-216-anos-de-la-paz\\\/#breadcrumb\"},\"inLanguage\":\"es\",\"potentialAction\":[{\"@type\":\"ReadAction\",\"target\":[\"https:\\\/\\\/www.eldiario.net\\\/portal\\\/2025\\\/07\\\/05\\\/festejo-extremo-por-los-216-anos-de-la-paz\\\/\"]}]},{\"@type\":\"ImageObject\",\"inLanguage\":\"es\",\"@id\":\"https:\\\/\\\/www.eldiario.net\\\/portal\\\/2025\\\/07\\\/05\\\/festejo-extremo-por-los-216-anos-de-la-paz\\\/#primaryimage\",\"url\":\"https:\\\/\\\/www.eldiario.net\\\/portal\\\/wp-content\\\/uploads\\\/2025\\\/07\\\/FOTO-20A.webp\",\"contentUrl\":\"https:\\\/\\\/www.eldiario.net\\\/portal\\\/wp-content\\\/uploads\\\/2025\\\/07\\\/FOTO-20A.webp\",\"width\":374,\"height\":468},{\"@type\":\"BreadcrumbList\",\"@id\":\"https:\\\/\\\/www.eldiario.net\\\/portal\\\/2025\\\/07\\\/05\\\/festejo-extremo-por-los-216-anos-de-la-paz\\\/#breadcrumb\",\"itemListElement\":[{\"@type\":\"ListItem\",\"position\":1,\"name\":\"Portada\",\"item\":\"https:\\\/\\\/www.eldiario.net\\\/portal\\\/\"},{\"@type\":\"ListItem\",\"position\":2,\"name\":\"Festejo &#8216;extremo&#8217; por los 216 a\u00f1os de LA PAZ\"}]},{\"@type\":\"WebSite\",\"@id\":\"https:\\\/\\\/www.eldiario.net\\\/portal\\\/#website\",\"url\":\"https:\\\/\\\/www.eldiario.net\\\/portal\\\/\",\"name\":\"El Diario - Decano de la prensa nacional\",\"description\":\"El Diario - Decano de la prensa nacional\",\"publisher\":{\"@id\":\"https:\\\/\\\/www.eldiario.net\\\/portal\\\/#organization\"},\"potentialAction\":[{\"@type\":\"SearchAction\",\"target\":{\"@type\":\"EntryPoint\",\"urlTemplate\":\"https:\\\/\\\/www.eldiario.net\\\/portal\\\/?s={search_term_string}\"},\"query-input\":{\"@type\":\"PropertyValueSpecification\",\"valueRequired\":true,\"valueName\":\"search_term_string\"}}],\"inLanguage\":\"es\"},{\"@type\":\"Organization\",\"@id\":\"https:\\\/\\\/www.eldiario.net\\\/portal\\\/#organization\",\"name\":\"El Diario - Decano de la prensa nacional\",\"url\":\"https:\\\/\\\/www.eldiario.net\\\/portal\\\/\",\"logo\":{\"@type\":\"ImageObject\",\"inLanguage\":\"es\",\"@id\":\"https:\\\/\\\/www.eldiario.net\\\/portal\\\/#\\\/schema\\\/logo\\\/image\\\/\",\"url\":\"https:\\\/\\\/www.eldiario.net\\\/portal\\\/wp-content\\\/uploads\\\/2023\\\/07\\\/logo_ED.jpg\",\"contentUrl\":\"https:\\\/\\\/www.eldiario.net\\\/portal\\\/wp-content\\\/uploads\\\/2023\\\/07\\\/logo_ED.jpg\",\"width\":272,\"height\":52,\"caption\":\"El Diario - Decano de la prensa nacional\"},\"image\":{\"@id\":\"https:\\\/\\\/www.eldiario.net\\\/portal\\\/#\\\/schema\\\/logo\\\/image\\\/\"},\"sameAs\":[\"https:\\\/\\\/www.facebook.com\\\/eldiario.bolivia\\\/\",\"https:\\\/\\\/x.com\\\/eldiario_net\"]},{\"@type\":\"Person\",\"@id\":\"https:\\\/\\\/www.eldiario.net\\\/portal\\\/#\\\/schema\\\/person\\\/2c57cf2b7a7ae032e449e4c9b1019eac\",\"name\":\"Jeanette\",\"image\":{\"@type\":\"ImageObject\",\"inLanguage\":\"es\",\"@id\":\"https:\\\/\\\/secure.gravatar.com\\\/avatar\\\/3ea2118a5f7dad2b7138b1187a6b7ee55f160b9968b66013c3a3ef39dd7e5798?s=96&d=mm&r=g\",\"url\":\"https:\\\/\\\/secure.gravatar.com\\\/avatar\\\/3ea2118a5f7dad2b7138b1187a6b7ee55f160b9968b66013c3a3ef39dd7e5798?s=96&d=mm&r=g\",\"contentUrl\":\"https:\\\/\\\/secure.gravatar.com\\\/avatar\\\/3ea2118a5f7dad2b7138b1187a6b7ee55f160b9968b66013c3a3ef39dd7e5798?s=96&d=mm&r=g\",\"caption\":\"Jeanette\"},\"sameAs\":[\"https:\\\/\\\/www.eldiario.net\\\/portal\"],\"url\":\"https:\\\/\\\/www.eldiario.net\\\/portal\\\/author\\\/jeanette\\\/\"}]}<\/script>\n<!-- \/ Yoast SEO plugin. -->","yoast_head_json":{"title":"Festejo 'extremo' por los 216 a\u00f1os de LA PAZ - El Diario - Bolivia","robots":{"index":"index","follow":"follow","max-snippet":"max-snippet:-1","max-image-preview":"max-image-preview:large","max-video-preview":"max-video-preview:-1"},"canonical":"https:\/\/www.eldiario.net\/portal\/2025\/07\/05\/festejo-extremo-por-los-216-anos-de-la-paz\/","og_locale":"es_ES","og_type":"article","og_title":"Festejo 'extremo' por los 216 a\u00f1os de LA PAZ - El Diario - Bolivia","og_description":"Carmen Pozo, Directora de Deportes del Gobierno Municipal de La Paz, inform\u00f3 a DEPORTES EL DIARIO que en homenaje a los 216 a\u00f1os de la efem\u00e9ride de La Paz a conmemorarse el 16 de julio pr\u00f3ximo, este domingo 6 se llevar\u00e1 adelante el \u201cLa Paz Challenge Downhill 4000- V3.0\u201d, una experiencia considerada en el marco [&hellip;]","og_url":"https:\/\/www.eldiario.net\/portal\/2025\/07\/05\/festejo-extremo-por-los-216-anos-de-la-paz\/","og_site_name":"El Diario - Bolivia","article_publisher":"https:\/\/www.facebook.com\/eldiario.bolivia\/","article_published_time":"2025-07-05T12:05:55+00:00","article_modified_time":"2025-07-05T12:06:33+00:00","og_image":[{"width":374,"height":468,"url":"https:\/\/www.eldiario.net\/portal\/wp-content\/uploads\/2025\/07\/FOTO-20A.webp","type":"image\/webp"}],"author":"Jeanette","twitter_card":"summary_large_image","twitter_creator":"@eldiario_net","twitter_site":"@eldiario_net","twitter_misc":{"Escrito por":"Jeanette","Tiempo de lectura":"3 minutos"},"schema":{"@context":"https:\/\/schema.org","@graph":[{"@type":"Article","@id":"https:\/\/www.eldiario.net\/portal\/2025\/07\/05\/festejo-extremo-por-los-216-anos-de-la-paz\/#article","isPartOf":{"@id":"https:\/\/www.eldiario.net\/portal\/2025\/07\/05\/festejo-extremo-por-los-216-anos-de-la-paz\/"},"author":{"name":"Jeanette","@id":"https:\/\/www.eldiario.net\/portal\/#\/schema\/person\/2c57cf2b7a7ae032e449e4c9b1019eac"},"headline":"Festejo &#8216;extremo&#8217; por los 216 a\u00f1os de LA PAZ","datePublished":"2025-07-05T12:05:55+00:00","dateModified":"2025-07-05T12:06:33+00:00","mainEntityOfPage":{"@id":"https:\/\/www.eldiario.net\/portal\/2025\/07\/05\/festejo-extremo-por-los-216-anos-de-la-paz\/"},"wordCount":504,"publisher":{"@id":"https:\/\/www.eldiario.net\/portal\/#organization"},"image":{"@id":"https:\/\/www.eldiario.net\/portal\/2025\/07\/05\/festejo-extremo-por-los-216-anos-de-la-paz\/#primaryimage"},"thumbnailUrl":"https:\/\/www.eldiario.net\/portal\/wp-content\/uploads\/2025\/07\/FOTO-20A.webp","articleSection":["Deportes"],"inLanguage":"es"},{"@type":"WebPage","@id":"https:\/\/www.eldiario.net\/portal\/2025\/07\/05\/festejo-extremo-por-los-216-anos-de-la-paz\/","url":"https:\/\/www.eldiario.net\/portal\/2025\/07\/05\/festejo-extremo-por-los-216-anos-de-la-paz\/","name":"Festejo 'extremo' por los 216 a\u00f1os de LA PAZ - El Diario - Bolivia","isPartOf":{"@id":"https:\/\/www.eldiario.net\/portal\/#website"},"primaryImageOfPage":{"@id":"https:\/\/www.eldiario.net\/portal\/2025\/07\/05\/festejo-extremo-por-los-216-anos-de-la-paz\/#primaryimage"},"image":{"@id":"https:\/\/www.eldiario.net\/portal\/2025\/07\/05\/festejo-extremo-por-los-216-anos-de-la-paz\/#primaryimage"},"thumbnailUrl":"https:\/\/www.eldiario.net\/portal\/wp-content\/uploads\/2025\/07\/FOTO-20A.webp","datePublished":"2025-07-05T12:05:55+00:00","dateModified":"2025-07-05T12:06:33+00:00","breadcrumb":{"@id":"https:\/\/www.eldiario.net\/portal\/2025\/07\/05\/festejo-extremo-por-los-216-anos-de-la-paz\/#breadcrumb"},"inLanguage":"es","potentialAction":[{"@type":"ReadAction","target":["https:\/\/www.eldiario.net\/portal\/2025\/07\/05\/festejo-extremo-por-los-216-anos-de-la-paz\/"]}]},{"@type":"ImageObject","inLanguage":"es","@id":"https:\/\/www.eldiario.net\/portal\/2025\/07\/05\/festejo-extremo-por-los-216-anos-de-la-paz\/#primaryimage","url":"https:\/\/www.eldiario.net\/portal\/wp-content\/uploads\/2025\/07\/FOTO-20A.webp","contentUrl":"https:\/\/www.eldiario.net\/portal\/wp-content\/uploads\/2025\/07\/FOTO-20A.webp","width":374,"height":468},{"@type":"BreadcrumbList","@id":"https:\/\/www.eldiario.net\/portal\/2025\/07\/05\/festejo-extremo-por-los-216-anos-de-la-paz\/#breadcrumb","itemListElement":[{"@type":"ListItem","position":1,"name":"Portada","item":"https:\/\/www.eldiario.net\/portal\/"},{"@type":"ListItem","position":2,"name":"Festejo &#8216;extremo&#8217; por los 216 a\u00f1os de LA PAZ"}]},{"@type":"WebSite","@id":"https:\/\/www.eldiario.net\/portal\/#website","url":"https:\/\/www.eldiario.net\/portal\/","name":"El Diario - Decano de la prensa nacional","description":"El Diario - Decano de la prensa nacional","publisher":{"@id":"https:\/\/www.eldiario.net\/portal\/#organization"},"potentialAction":[{"@type":"SearchAction","target":{"@type":"EntryPoint","urlTemplate":"https:\/\/www.eldiario.net\/portal\/?s={search_term_string}"},"query-input":{"@type":"PropertyValueSpecification","valueRequired":true,"valueName":"search_term_string"}}],"inLanguage":"es"},{"@type":"Organization","@id":"https:\/\/www.eldiario.net\/portal\/#organization","name":"El Diario - Decano de la prensa nacional","url":"https:\/\/www.eldiario.net\/portal\/","logo":{"@type":"ImageObject","inLanguage":"es","@id":"https:\/\/www.eldiario.net\/portal\/#\/schema\/logo\/image\/","url":"https:\/\/www.eldiario.net\/portal\/wp-content\/uploads\/2023\/07\/logo_ED.jpg","contentUrl":"https:\/\/www.eldiario.net\/portal\/wp-content\/uploads\/2023\/07\/logo_ED.jpg","width":272,"height":52,"caption":"El Diario - Decano de la prensa nacional"},"image":{"@id":"https:\/\/www.eldiario.net\/portal\/#\/schema\/logo\/image\/"},"sameAs":["https:\/\/www.facebook.com\/eldiario.bolivia\/","https:\/\/x.com\/eldiario_net"]},{"@type":"Person","@id":"https:\/\/www.eldiario.net\/portal\/#\/schema\/person\/2c57cf2b7a7ae032e449e4c9b1019eac","name":"Jeanette","image":{"@type":"ImageObject","inLanguage":"es","@id":"https:\/\/secure.gravatar.com\/avatar\/3ea2118a5f7dad2b7138b1187a6b7ee55f160b9968b66013c3a3ef39dd7e5798?s=96&d=mm&r=g","url":"https:\/\/secure.gravatar.com\/avatar\/3ea2118a5f7dad2b7138b1187a6b7ee55f160b9968b66013c3a3ef39dd7e5798?s=96&d=mm&r=g","contentUrl":"https:\/\/secure.gravatar.com\/avatar\/3ea2118a5f7dad2b7138b1187a6b7ee55f160b9968b66013c3a3ef39dd7e5798?s=96&d=mm&r=g","caption":"Jeanette"},"sameAs":["https:\/\/www.eldiario.net\/portal"],"url":"https:\/\/www.eldiario.net\/portal\/author\/jeanette\/"}]}},"_links":{"self":[{"href":"https:\/\/www.eldiario.net\/portal\/wp-json\/wp\/v2\/posts\/314500","targetHints":{"allow":["GET"]}}],"collection":[{"href":"https:\/\/www.eldiario.net\/portal\/wp-json\/wp\/v2\/posts"}],"about":[{"href":"https:\/\/www.eldiario.net\/portal\/wp-json\/wp\/v2\/types\/post"}],"author":[{"embeddable":true,"href":"https:\/\/www.eldiario.net\/portal\/wp-json\/wp\/v2\/users\/1"}],"replies":[{"embeddable":true,"href":"https:\/\/www.eldiario.net\/portal\/wp-json\/wp\/v2\/comments?post=314500"}],"version-history":[{"count":2,"href":"https:\/\/www.eldiario.net\/portal\/wp-json\/wp\/v2\/posts\/314500\/revisions"}],"predecessor-version":[{"id":314504,"href":"https:\/\/www.eldiario.net\/portal\/wp-json\/wp\/v2\/posts\/314500\/revisions\/314504"}],"wp:featuredmedia":[{"embeddable":true,"href":"https:\/\/www.eldiario.net\/portal\/wp-json\/wp\/v2\/media\/314501"}],"wp:attachment":[{"href":"https:\/\/www.eldiario.net\/portal\/wp-json\/wp\/v2\/media?parent=314500"}],"wp:term":[{"taxonomy":"category","embeddable":true,"href":"https:\/\/www.eldiario.net\/portal\/wp-json\/wp\/v2\/categories?post=314500"},{"taxonomy":"post_tag","embeddable":true,"href":"https:\/\/www.eldiario.net\/portal\/wp-json\/wp\/v2\/tags?post=314500"}],"curies":[{"name":"wp","href":"https:\/\/api.w.org\/{rel}","templated":true}]}}