{"id":314481,"date":"2025-07-05T07:59:33","date_gmt":"2025-07-05T11:59:33","guid":{"rendered":"https:\/\/www.eldiario.net\/portal\/?p=314481"},"modified":"2025-07-05T07:59:33","modified_gmt":"2025-07-05T11:59:33","slug":"errores-de-la-derecha-en-la-campana","status":"publish","type":"post","link":"https:\/\/www.eldiario.net\/portal\/2025\/07\/05\/errores-de-la-derecha-en-la-campana\/","title":{"rendered":"Errores de la derecha en la campa\u00f1a"},"content":{"rendered":"<p>A estas alturas, la fragmentaci\u00f3n del voto es el rasgo innegable para la pr\u00f3xima justa electoral, pero mayor certeza todav\u00eda encontramos en algo que es in\u00e9dito por lo menos en los \u00faltimos veinte a\u00f1os: esa dispersi\u00f3n del voto se da tambi\u00e9n en el oficialismo. El excesivo n\u00famero de agrupaciones pol\u00edticas \u201cliberales\u201d y de derecha, una de lo nacional-popular con alguna posibilidad de \u00e9xito, otras cinco de diversas tendencias que no tienen ni la m\u00e1s m\u00ednima chance de, por lo menos, conseguir dos diputaciones, al menos dos eternos candidatos y un electorado mayoritariamente sin convicci\u00f3n respecto a una opci\u00f3n como soluci\u00f3n a la crisis, configuran un escenario novedoso en este siglo.<br \/>\nEn medio de ese panorama, como lo expres\u00e9 el mismo d\u00eda de la presentaci\u00f3n del candidato a la Vicepresidencia por la Alianza Libre en mis redes sociales, la elecci\u00f3n de Tuto Quiroga la percib\u00ed como un craso error, pues el perfil del joven experto en tecnolog\u00eda digital no encajaba en el papel principalmente pol\u00edtico que corresponde a la segunda autoridad del Estado, cuyo marco natural es el hemiciclo, donde el pleno de la Asamblea Legislativa toma las decisiones pol\u00edticas m\u00e1s trascendentales y se entablan pactos, acuerdos y consensos, que son inherentes a un pol\u00edtico, tal como hizo el impostor Garc\u00eda Linera, que, m\u00e1s all\u00e1 de su tenebrosa gesti\u00f3n, no hay duda de que sab\u00eda del oficio.<br \/>\nY las semanas que le siguieron al d\u00eda en que Tuto pretendi\u00f3 patear el tablero con tan ins\u00f3lita nominaci\u00f3n de su acompa\u00f1ante de f\u00f3rmula me dieron la raz\u00f3n, como se la dieron a varios analistas, periodistas y ciudadanos de a pie. Cuando en pol\u00edtica, especialmente en la que se practica en Bolivia, se reclama renovaci\u00f3n y juventud, se busca que esas caracter\u00edsticas sean complemento y nunca sustancia de postulantes id\u00f3neos para el cargo que se quiere ganar. No basta ser joven y sin antecedentes negativos para pensar que, por solo ese hecho, se est\u00e9 rompiendo con lo establecido. Naturalmente, el candidato de Libre, razonando, como todos los que tienen aspiraciones de triunfo, al pensar en un vice y mirar hacia el oriente, lo hizo por la aceptaci\u00f3n que seguramente Juan Pablo Velasco tiene en Santa Cruz, y especialmente entre la gente joven; pero el perfil del nobel pol\u00edtico dista sideralmente de lo que un vicepresidente requiere. No alcanza ser un top executive de la tecnolog\u00eda. Y tener como parte de un programa gubernamental la digitalizaci\u00f3n del Estado no necesita de un segundo mandatario experto en esa \u00e1rea.<br \/>\nCuando \u201cJota Pe\u201d Velasco debe atender los requerimientos de la prensa seria a la que le interesa saber manejo parlamentario y proyectos legislativos u orientaci\u00f3n ideol\u00f3gica, est\u00e1 m\u00e1s perdido que Ad\u00e1n en el d\u00eda del amigo. El pa\u00eds no necesita un experto en computaci\u00f3n para el cargo de vicepresidente. Si Tuto ganara las elecciones, lo cual est\u00e1 dentro de las probabilidades, y pretende digitalizar el Estado, no requerir\u00e1 m\u00e1s que un director nacional o un viceministro con el perfil del de su dupla.<br \/>\nTanto fue el detrimento para la f\u00f3rmula de la alianza Libre que ocasion\u00f3 la nominaci\u00f3n de J.P., que, si se imponen en las elecciones de agosto, lo har\u00e1 con mucho menos de lo que pudo haberlo hecho con otro candidato a vicepresidente. Por lo pronto, Tuto ni siquiera goza de la preferencia ciudadana en Santa Cruz\u2026<br \/>\nY como sobre mojado, llovido, su portavoz, Tom\u00e1s Monasterios, quiso d\u00e1rselas de muy listo para, con fingido aspaviento, hacer una temeraria acusaci\u00f3n a Samuel Doria Medina de estar financiando su campa\u00f1a con dineros del narcotr\u00e1fico. \u00a1Qu\u00e9 bajeza!<br \/>\nMi desacuerdo con el socialismo es palmario, pero no tengo ninguna inclinaci\u00f3n por Doria Medina ni Quiroga de manera especial, y mi percepci\u00f3n sobre la seguidilla de errores en que la alianza Libre viene incurriendo puede tener un alto costo en la hora del escrutinio de votos. El expresidente de derecha habla mucho, pero dice poco, y en eso tambi\u00e9n le est\u00e1 yendo tan mal como al primero interpretando rap\u2026<br \/>\nDicen que los problemas son como los pl\u00e1tanos: todos vienen juntos. De la lista a parlamentarios por la alianza que lidera Tuto Quiroga, inhabilitaron probablemente a una de sus mejores fichas, como es la diputada Luciana Campero, sobre lo que no cabe ninguna protesta: negligencia en su inscripci\u00f3n. Punto.<\/p>\n<p>Augusto Vera Riveros es jurista y escritor.<\/p>\n","protected":false},"excerpt":{"rendered":"<p>A estas alturas, la fragmentaci\u00f3n del voto es el rasgo innegable para la pr\u00f3xima justa electoral, pero mayor certeza todav\u00eda encontramos en algo que es in\u00e9dito por lo menos en los \u00faltimos veinte a\u00f1os: esa dispersi\u00f3n del voto se da tambi\u00e9n en el oficialismo. El excesivo n\u00famero de agrupaciones pol\u00edticas \u201cliberales\u201d y de derecha, una [&hellip;]<\/p>\n","protected":false},"author":1,"featured_media":158120,"comment_status":"closed","ping_status":"open","sticky":false,"template":"","format":"standard","meta":{"_acf_changed":false,"footnotes":""},"categories":[9],"tags":[],"class_list":["post-314481","post","type-post","status-publish","format-standard","has-post-thumbnail","category-opinion"],"acf":{"antetitulo":"Contra viento y marea"},"yoast_head":"<!-- This site is optimized with the Yoast SEO plugin v28.4 - https:\/\/yoast.com\/product\/yoast-seo-wordpress\/ -->\n<title>Errores de la derecha en la campa\u00f1a - El Diario - Bolivia<\/title>\n<meta name=\"robots\" content=\"index, follow, max-snippet:-1, max-image-preview:large, max-video-preview:-1\" \/>\n<link rel=\"canonical\" href=\"https:\/\/www.eldiario.net\/portal\/2025\/07\/05\/errores-de-la-derecha-en-la-campana\/\" \/>\n<meta property=\"og:locale\" content=\"es_ES\" \/>\n<meta property=\"og:type\" content=\"article\" \/>\n<meta property=\"og:title\" content=\"Errores de la derecha en la campa\u00f1a - El Diario - Bolivia\" \/>\n<meta property=\"og:description\" content=\"A estas alturas, la fragmentaci\u00f3n del voto es el rasgo innegable para la pr\u00f3xima justa electoral, pero mayor certeza todav\u00eda encontramos en algo que es in\u00e9dito por lo menos en los \u00faltimos veinte a\u00f1os: esa dispersi\u00f3n del voto se da tambi\u00e9n en el oficialismo. El excesivo n\u00famero de agrupaciones pol\u00edticas \u201cliberales\u201d y de derecha, una [&hellip;]\" \/>\n<meta property=\"og:url\" content=\"https:\/\/www.eldiario.net\/portal\/2025\/07\/05\/errores-de-la-derecha-en-la-campana\/\" \/>\n<meta property=\"og:site_name\" content=\"El Diario - Bolivia\" \/>\n<meta property=\"article:publisher\" content=\"https:\/\/www.facebook.com\/eldiario.bolivia\/\" \/>\n<meta property=\"article:published_time\" content=\"2025-07-05T11:59:33+00:00\" \/>\n<meta property=\"og:image\" content=\"https:\/\/www.eldiario.net\/portal\/wp-content\/uploads\/2023\/06\/Augusto-Vera-Riveros.jpg\" \/>\n\t<meta property=\"og:image:width\" content=\"1200\" \/>\n\t<meta property=\"og:image:height\" content=\"628\" \/>\n\t<meta property=\"og:image:type\" content=\"image\/jpeg\" \/>\n<meta name=\"author\" content=\"Jeanette\" \/>\n<meta name=\"twitter:card\" content=\"summary_large_image\" \/>\n<meta name=\"twitter:creator\" content=\"@eldiario_net\" \/>\n<meta name=\"twitter:site\" content=\"@eldiario_net\" \/>\n<meta name=\"twitter:label1\" content=\"Escrito por\" \/>\n\t<meta name=\"twitter:data1\" content=\"Jeanette\" \/>\n\t<meta name=\"twitter:label2\" content=\"Tiempo de lectura\" \/>\n\t<meta name=\"twitter:data2\" content=\"4 minutos\" \/>\n<script type=\"application\/ld+json\" class=\"yoast-schema-graph\">{\"@context\":\"https:\\\/\\\/schema.org\",\"@graph\":[{\"@type\":\"Article\",\"@id\":\"https:\\\/\\\/www.eldiario.net\\\/portal\\\/2025\\\/07\\\/05\\\/errores-de-la-derecha-en-la-campana\\\/#article\",\"isPartOf\":{\"@id\":\"https:\\\/\\\/www.eldiario.net\\\/portal\\\/2025\\\/07\\\/05\\\/errores-de-la-derecha-en-la-campana\\\/\"},\"author\":{\"name\":\"Jeanette\",\"@id\":\"https:\\\/\\\/www.eldiario.net\\\/portal\\\/#\\\/schema\\\/person\\\/2c57cf2b7a7ae032e449e4c9b1019eac\"},\"headline\":\"Errores de la derecha en la campa\u00f1a\",\"datePublished\":\"2025-07-05T11:59:33+00:00\",\"mainEntityOfPage\":{\"@id\":\"https:\\\/\\\/www.eldiario.net\\\/portal\\\/2025\\\/07\\\/05\\\/errores-de-la-derecha-en-la-campana\\\/\"},\"wordCount\":784,\"publisher\":{\"@id\":\"https:\\\/\\\/www.eldiario.net\\\/portal\\\/#organization\"},\"image\":{\"@id\":\"https:\\\/\\\/www.eldiario.net\\\/portal\\\/2025\\\/07\\\/05\\\/errores-de-la-derecha-en-la-campana\\\/#primaryimage\"},\"thumbnailUrl\":\"https:\\\/\\\/www.eldiario.net\\\/portal\\\/wp-content\\\/uploads\\\/2023\\\/06\\\/Augusto-Vera-Riveros.jpg\",\"articleSection\":[\"Opini\u00f3n\"],\"inLanguage\":\"es\"},{\"@type\":\"WebPage\",\"@id\":\"https:\\\/\\\/www.eldiario.net\\\/portal\\\/2025\\\/07\\\/05\\\/errores-de-la-derecha-en-la-campana\\\/\",\"url\":\"https:\\\/\\\/www.eldiario.net\\\/portal\\\/2025\\\/07\\\/05\\\/errores-de-la-derecha-en-la-campana\\\/\",\"name\":\"Errores de la derecha en la campa\u00f1a - El Diario - Bolivia\",\"isPartOf\":{\"@id\":\"https:\\\/\\\/www.eldiario.net\\\/portal\\\/#website\"},\"primaryImageOfPage\":{\"@id\":\"https:\\\/\\\/www.eldiario.net\\\/portal\\\/2025\\\/07\\\/05\\\/errores-de-la-derecha-en-la-campana\\\/#primaryimage\"},\"image\":{\"@id\":\"https:\\\/\\\/www.eldiario.net\\\/portal\\\/2025\\\/07\\\/05\\\/errores-de-la-derecha-en-la-campana\\\/#primaryimage\"},\"thumbnailUrl\":\"https:\\\/\\\/www.eldiario.net\\\/portal\\\/wp-content\\\/uploads\\\/2023\\\/06\\\/Augusto-Vera-Riveros.jpg\",\"datePublished\":\"2025-07-05T11:59:33+00:00\",\"breadcrumb\":{\"@id\":\"https:\\\/\\\/www.eldiario.net\\\/portal\\\/2025\\\/07\\\/05\\\/errores-de-la-derecha-en-la-campana\\\/#breadcrumb\"},\"inLanguage\":\"es\",\"potentialAction\":[{\"@type\":\"ReadAction\",\"target\":[\"https:\\\/\\\/www.eldiario.net\\\/portal\\\/2025\\\/07\\\/05\\\/errores-de-la-derecha-en-la-campana\\\/\"]}]},{\"@type\":\"ImageObject\",\"inLanguage\":\"es\",\"@id\":\"https:\\\/\\\/www.eldiario.net\\\/portal\\\/2025\\\/07\\\/05\\\/errores-de-la-derecha-en-la-campana\\\/#primaryimage\",\"url\":\"https:\\\/\\\/www.eldiario.net\\\/portal\\\/wp-content\\\/uploads\\\/2023\\\/06\\\/Augusto-Vera-Riveros.jpg\",\"contentUrl\":\"https:\\\/\\\/www.eldiario.net\\\/portal\\\/wp-content\\\/uploads\\\/2023\\\/06\\\/Augusto-Vera-Riveros.jpg\",\"width\":1200,\"height\":628},{\"@type\":\"BreadcrumbList\",\"@id\":\"https:\\\/\\\/www.eldiario.net\\\/portal\\\/2025\\\/07\\\/05\\\/errores-de-la-derecha-en-la-campana\\\/#breadcrumb\",\"itemListElement\":[{\"@type\":\"ListItem\",\"position\":1,\"name\":\"Portada\",\"item\":\"https:\\\/\\\/www.eldiario.net\\\/portal\\\/\"},{\"@type\":\"ListItem\",\"position\":2,\"name\":\"Errores de la derecha en la campa\u00f1a\"}]},{\"@type\":\"WebSite\",\"@id\":\"https:\\\/\\\/www.eldiario.net\\\/portal\\\/#website\",\"url\":\"https:\\\/\\\/www.eldiario.net\\\/portal\\\/\",\"name\":\"El Diario - Decano de la prensa nacional\",\"description\":\"El Diario - Decano de la prensa nacional\",\"publisher\":{\"@id\":\"https:\\\/\\\/www.eldiario.net\\\/portal\\\/#organization\"},\"potentialAction\":[{\"@type\":\"SearchAction\",\"target\":{\"@type\":\"EntryPoint\",\"urlTemplate\":\"https:\\\/\\\/www.eldiario.net\\\/portal\\\/?s={search_term_string}\"},\"query-input\":{\"@type\":\"PropertyValueSpecification\",\"valueRequired\":true,\"valueName\":\"search_term_string\"}}],\"inLanguage\":\"es\"},{\"@type\":\"Organization\",\"@id\":\"https:\\\/\\\/www.eldiario.net\\\/portal\\\/#organization\",\"name\":\"El Diario - Decano de la prensa nacional\",\"url\":\"https:\\\/\\\/www.eldiario.net\\\/portal\\\/\",\"logo\":{\"@type\":\"ImageObject\",\"inLanguage\":\"es\",\"@id\":\"https:\\\/\\\/www.eldiario.net\\\/portal\\\/#\\\/schema\\\/logo\\\/image\\\/\",\"url\":\"https:\\\/\\\/www.eldiario.net\\\/portal\\\/wp-content\\\/uploads\\\/2023\\\/07\\\/logo_ED.jpg\",\"contentUrl\":\"https:\\\/\\\/www.eldiario.net\\\/portal\\\/wp-content\\\/uploads\\\/2023\\\/07\\\/logo_ED.jpg\",\"width\":272,\"height\":52,\"caption\":\"El Diario - Decano de la prensa nacional\"},\"image\":{\"@id\":\"https:\\\/\\\/www.eldiario.net\\\/portal\\\/#\\\/schema\\\/logo\\\/image\\\/\"},\"sameAs\":[\"https:\\\/\\\/www.facebook.com\\\/eldiario.bolivia\\\/\",\"https:\\\/\\\/x.com\\\/eldiario_net\"]},{\"@type\":\"Person\",\"@id\":\"https:\\\/\\\/www.eldiario.net\\\/portal\\\/#\\\/schema\\\/person\\\/2c57cf2b7a7ae032e449e4c9b1019eac\",\"name\":\"Jeanette\",\"image\":{\"@type\":\"ImageObject\",\"inLanguage\":\"es\",\"@id\":\"https:\\\/\\\/secure.gravatar.com\\\/avatar\\\/3ea2118a5f7dad2b7138b1187a6b7ee55f160b9968b66013c3a3ef39dd7e5798?s=96&d=mm&r=g\",\"url\":\"https:\\\/\\\/secure.gravatar.com\\\/avatar\\\/3ea2118a5f7dad2b7138b1187a6b7ee55f160b9968b66013c3a3ef39dd7e5798?s=96&d=mm&r=g\",\"contentUrl\":\"https:\\\/\\\/secure.gravatar.com\\\/avatar\\\/3ea2118a5f7dad2b7138b1187a6b7ee55f160b9968b66013c3a3ef39dd7e5798?s=96&d=mm&r=g\",\"caption\":\"Jeanette\"},\"sameAs\":[\"https:\\\/\\\/www.eldiario.net\\\/portal\"],\"url\":\"https:\\\/\\\/www.eldiario.net\\\/portal\\\/author\\\/jeanette\\\/\"}]}<\/script>\n<!-- \/ Yoast SEO plugin. -->","yoast_head_json":{"title":"Errores de la derecha en la campa\u00f1a - El Diario - Bolivia","robots":{"index":"index","follow":"follow","max-snippet":"max-snippet:-1","max-image-preview":"max-image-preview:large","max-video-preview":"max-video-preview:-1"},"canonical":"https:\/\/www.eldiario.net\/portal\/2025\/07\/05\/errores-de-la-derecha-en-la-campana\/","og_locale":"es_ES","og_type":"article","og_title":"Errores de la derecha en la campa\u00f1a - El Diario - Bolivia","og_description":"A estas alturas, la fragmentaci\u00f3n del voto es el rasgo innegable para la pr\u00f3xima justa electoral, pero mayor certeza todav\u00eda encontramos en algo que es in\u00e9dito por lo menos en los \u00faltimos veinte a\u00f1os: esa dispersi\u00f3n del voto se da tambi\u00e9n en el oficialismo. El excesivo n\u00famero de agrupaciones pol\u00edticas \u201cliberales\u201d y de derecha, una [&hellip;]","og_url":"https:\/\/www.eldiario.net\/portal\/2025\/07\/05\/errores-de-la-derecha-en-la-campana\/","og_site_name":"El Diario - Bolivia","article_publisher":"https:\/\/www.facebook.com\/eldiario.bolivia\/","article_published_time":"2025-07-05T11:59:33+00:00","og_image":[{"width":1200,"height":628,"url":"https:\/\/www.eldiario.net\/portal\/wp-content\/uploads\/2023\/06\/Augusto-Vera-Riveros.jpg","type":"image\/jpeg"}],"author":"Jeanette","twitter_card":"summary_large_image","twitter_creator":"@eldiario_net","twitter_site":"@eldiario_net","twitter_misc":{"Escrito por":"Jeanette","Tiempo de lectura":"4 minutos"},"schema":{"@context":"https:\/\/schema.org","@graph":[{"@type":"Article","@id":"https:\/\/www.eldiario.net\/portal\/2025\/07\/05\/errores-de-la-derecha-en-la-campana\/#article","isPartOf":{"@id":"https:\/\/www.eldiario.net\/portal\/2025\/07\/05\/errores-de-la-derecha-en-la-campana\/"},"author":{"name":"Jeanette","@id":"https:\/\/www.eldiario.net\/portal\/#\/schema\/person\/2c57cf2b7a7ae032e449e4c9b1019eac"},"headline":"Errores de la derecha en la campa\u00f1a","datePublished":"2025-07-05T11:59:33+00:00","mainEntityOfPage":{"@id":"https:\/\/www.eldiario.net\/portal\/2025\/07\/05\/errores-de-la-derecha-en-la-campana\/"},"wordCount":784,"publisher":{"@id":"https:\/\/www.eldiario.net\/portal\/#organization"},"image":{"@id":"https:\/\/www.eldiario.net\/portal\/2025\/07\/05\/errores-de-la-derecha-en-la-campana\/#primaryimage"},"thumbnailUrl":"https:\/\/www.eldiario.net\/portal\/wp-content\/uploads\/2023\/06\/Augusto-Vera-Riveros.jpg","articleSection":["Opini\u00f3n"],"inLanguage":"es"},{"@type":"WebPage","@id":"https:\/\/www.eldiario.net\/portal\/2025\/07\/05\/errores-de-la-derecha-en-la-campana\/","url":"https:\/\/www.eldiario.net\/portal\/2025\/07\/05\/errores-de-la-derecha-en-la-campana\/","name":"Errores de la derecha en la campa\u00f1a - El Diario - Bolivia","isPartOf":{"@id":"https:\/\/www.eldiario.net\/portal\/#website"},"primaryImageOfPage":{"@id":"https:\/\/www.eldiario.net\/portal\/2025\/07\/05\/errores-de-la-derecha-en-la-campana\/#primaryimage"},"image":{"@id":"https:\/\/www.eldiario.net\/portal\/2025\/07\/05\/errores-de-la-derecha-en-la-campana\/#primaryimage"},"thumbnailUrl":"https:\/\/www.eldiario.net\/portal\/wp-content\/uploads\/2023\/06\/Augusto-Vera-Riveros.jpg","datePublished":"2025-07-05T11:59:33+00:00","breadcrumb":{"@id":"https:\/\/www.eldiario.net\/portal\/2025\/07\/05\/errores-de-la-derecha-en-la-campana\/#breadcrumb"},"inLanguage":"es","potentialAction":[{"@type":"ReadAction","target":["https:\/\/www.eldiario.net\/portal\/2025\/07\/05\/errores-de-la-derecha-en-la-campana\/"]}]},{"@type":"ImageObject","inLanguage":"es","@id":"https:\/\/www.eldiario.net\/portal\/2025\/07\/05\/errores-de-la-derecha-en-la-campana\/#primaryimage","url":"https:\/\/www.eldiario.net\/portal\/wp-content\/uploads\/2023\/06\/Augusto-Vera-Riveros.jpg","contentUrl":"https:\/\/www.eldiario.net\/portal\/wp-content\/uploads\/2023\/06\/Augusto-Vera-Riveros.jpg","width":1200,"height":628},{"@type":"BreadcrumbList","@id":"https:\/\/www.eldiario.net\/portal\/2025\/07\/05\/errores-de-la-derecha-en-la-campana\/#breadcrumb","itemListElement":[{"@type":"ListItem","position":1,"name":"Portada","item":"https:\/\/www.eldiario.net\/portal\/"},{"@type":"ListItem","position":2,"name":"Errores de la derecha en la campa\u00f1a"}]},{"@type":"WebSite","@id":"https:\/\/www.eldiario.net\/portal\/#website","url":"https:\/\/www.eldiario.net\/portal\/","name":"El Diario - Decano de la prensa nacional","description":"El Diario - Decano de la prensa nacional","publisher":{"@id":"https:\/\/www.eldiario.net\/portal\/#organization"},"potentialAction":[{"@type":"SearchAction","target":{"@type":"EntryPoint","urlTemplate":"https:\/\/www.eldiario.net\/portal\/?s={search_term_string}"},"query-input":{"@type":"PropertyValueSpecification","valueRequired":true,"valueName":"search_term_string"}}],"inLanguage":"es"},{"@type":"Organization","@id":"https:\/\/www.eldiario.net\/portal\/#organization","name":"El Diario - Decano de la prensa nacional","url":"https:\/\/www.eldiario.net\/portal\/","logo":{"@type":"ImageObject","inLanguage":"es","@id":"https:\/\/www.eldiario.net\/portal\/#\/schema\/logo\/image\/","url":"https:\/\/www.eldiario.net\/portal\/wp-content\/uploads\/2023\/07\/logo_ED.jpg","contentUrl":"https:\/\/www.eldiario.net\/portal\/wp-content\/uploads\/2023\/07\/logo_ED.jpg","width":272,"height":52,"caption":"El Diario - Decano de la prensa nacional"},"image":{"@id":"https:\/\/www.eldiario.net\/portal\/#\/schema\/logo\/image\/"},"sameAs":["https:\/\/www.facebook.com\/eldiario.bolivia\/","https:\/\/x.com\/eldiario_net"]},{"@type":"Person","@id":"https:\/\/www.eldiario.net\/portal\/#\/schema\/person\/2c57cf2b7a7ae032e449e4c9b1019eac","name":"Jeanette","image":{"@type":"ImageObject","inLanguage":"es","@id":"https:\/\/secure.gravatar.com\/avatar\/3ea2118a5f7dad2b7138b1187a6b7ee55f160b9968b66013c3a3ef39dd7e5798?s=96&d=mm&r=g","url":"https:\/\/secure.gravatar.com\/avatar\/3ea2118a5f7dad2b7138b1187a6b7ee55f160b9968b66013c3a3ef39dd7e5798?s=96&d=mm&r=g","contentUrl":"https:\/\/secure.gravatar.com\/avatar\/3ea2118a5f7dad2b7138b1187a6b7ee55f160b9968b66013c3a3ef39dd7e5798?s=96&d=mm&r=g","caption":"Jeanette"},"sameAs":["https:\/\/www.eldiario.net\/portal"],"url":"https:\/\/www.eldiario.net\/portal\/author\/jeanette\/"}]}},"_links":{"self":[{"href":"https:\/\/www.eldiario.net\/portal\/wp-json\/wp\/v2\/posts\/314481","targetHints":{"allow":["GET"]}}],"collection":[{"href":"https:\/\/www.eldiario.net\/portal\/wp-json\/wp\/v2\/posts"}],"about":[{"href":"https:\/\/www.eldiario.net\/portal\/wp-json\/wp\/v2\/types\/post"}],"author":[{"embeddable":true,"href":"https:\/\/www.eldiario.net\/portal\/wp-json\/wp\/v2\/users\/1"}],"replies":[{"embeddable":true,"href":"https:\/\/www.eldiario.net\/portal\/wp-json\/wp\/v2\/comments?post=314481"}],"version-history":[{"count":1,"href":"https:\/\/www.eldiario.net\/portal\/wp-json\/wp\/v2\/posts\/314481\/revisions"}],"predecessor-version":[{"id":314482,"href":"https:\/\/www.eldiario.net\/portal\/wp-json\/wp\/v2\/posts\/314481\/revisions\/314482"}],"wp:featuredmedia":[{"embeddable":true,"href":"https:\/\/www.eldiario.net\/portal\/wp-json\/wp\/v2\/media\/158120"}],"wp:attachment":[{"href":"https:\/\/www.eldiario.net\/portal\/wp-json\/wp\/v2\/media?parent=314481"}],"wp:term":[{"taxonomy":"category","embeddable":true,"href":"https:\/\/www.eldiario.net\/portal\/wp-json\/wp\/v2\/categories?post=314481"},{"taxonomy":"post_tag","embeddable":true,"href":"https:\/\/www.eldiario.net\/portal\/wp-json\/wp\/v2\/tags?post=314481"}],"curies":[{"name":"wp","href":"https:\/\/api.w.org\/{rel}","templated":true}]}}