{"id":314479,"date":"2025-07-05T07:58:45","date_gmt":"2025-07-05T11:58:45","guid":{"rendered":"https:\/\/www.eldiario.net\/portal\/?p=314479"},"modified":"2025-07-05T07:58:45","modified_gmt":"2025-07-05T11:58:45","slug":"la-lloyd-el-centenario-olvidado","status":"publish","type":"post","link":"https:\/\/www.eldiario.net\/portal\/2025\/07\/05\/la-lloyd-el-centenario-olvidado\/","title":{"rendered":"La Lloyd, el centenario olvidado"},"content":{"rendered":"<p>En mi primer vuelo a Buenos Aires, el refrigerio era huminta con caf\u00e9. Fui inmensamente feliz. Las aeromozas eran elegantes y amables. Era una escena a a\u00f1os luz del catering chatarra que se adjudic\u00f3 el consorcio Garc\u00eda Linera. En la pi\u00f1ata de los veinte a\u00f1os de gobierno del Movimiento al Socialismo (MAS) al vicepresidente le toc\u00f3 el \u00e1rea del transporte. Ordenaba estrangular a los empresarios; si eran negocios propios, viva el capitalismo.<br \/>\nEn 1975 llegaban al aeropuerto de El Alto vuelos de Lufthansa, Aerol\u00edneas Argentinas, AeroPer\u00fa, Lan Chile, Panagra, Braniff. Cuando llov\u00eda, Varig cubr\u00eda a los pasajeros con unos coquetos paraguas que s\u00f3lo se ve\u00eda en las pel\u00edculas con Catherine Deneuve. El viajero pod\u00eda escoger y escog\u00eda viajar en el Lloyd A\u00e9reo Boliviano (LAB). Los bolivianos ten\u00edan tanto orgullo de su l\u00ednea bandera que lo consideraban patrimonio de su principal centro operativo, Cochabamba, y cari\u00f1osamente lo apodaban la Lloyd.<br \/>\nEl LAB despertaba un sentimiento de pertenencia, de ser parte de la familia, de la patria compartida. Es verdad que otras marcas lograban ese amor colectivo, como la leche PIL, que mantuvo su nombre (inteligentemente) despu\u00e9s de ser privatizada porque ning\u00fan otro sello la ganar\u00e1 en fervor hogare\u00f1o. Tambi\u00e9n suced\u00eda con Yacimientos Petrol\u00edferos Fiscales Bolivianos (YPFB), seguramente porque en la memoria m\u00e1s at\u00e1vica estaba relacionado con h\u00e9roes y benem\u00e9ritos (hasta que llegaron ellos&#8230;).<br \/>\nLa jactancia con la que los bolivianos se refer\u00edan al LAB ten\u00eda una historia de luces, cuyos fulgores tapaban los accidentes. El LAB resum\u00eda la relaci\u00f3n del Estado con los inversores privados; el aporte de los trabajadores bolivianos con la excelencia de los inventores extranjeros; el desarrollo local con las habilidades de los inmigrantes europeos llegados a inicios de siglo; la valent\u00eda de los primeros aviadores bolivianos como el orure\u00f1o Juan Mendoza con el progreso.<br \/>\nEl LAB fue la segunda l\u00ednea a\u00e9rea en el subcontinente, despu\u00e9s de la colombiana Avianca. Hubo un pr\u00f3logo con iniciativas personales, inclusive de la potosina Amalia Villa de la Tapia, y de grupos para poder contar con aviadores y con aviones comerciales y militares.<br \/>\nSin embargo, fue el gesto de Wilhelm Killmann, tronco de una estirpe de cinco generaciones que tanto progreso da al pa\u00eds, el que marc\u00f3 la fundaci\u00f3n oficial del Lloyd. Kilmann y otros miembros de la colonia alemana en Bolivia recaudaron fondos para comprar el primer avi\u00f3n de pasajeros y regalarlo a Bolivia con motivo del Centenario. El monomotor Junkers F 13 fue adquirido en Dessau, desmontado y vuelto a montar en Cochabamba. Kilmann fue el primer presidente del LAB. En 1958, a sus 88 a\u00f1os, presidi\u00f3 el primer vuelo entre La Paz y Buenos Aires en un DC 4 bautizado como Guillermo Killmann en su honor.<br \/>\nOtros socios del LAB fueron tambi\u00e9n alemanes radicados en La Paz y otras ciudades. El primer avi\u00f3n bautizado \u201cEl Oriente\u201d vol\u00f3 entre Cochabamba y Santa Cruz. Valientes mujeres se animaron a ser pasajeras. Fotos de la \u00e9poca nos muestran esa fase inicial de la LAB. Fundado el 15 de septiembre de 1915; el primer vuelo oficial fue el 23 de septiembre, aunque hubo otros ensayos en v\u00edsperas del 6 de agosto, fecha patria.<br \/>\nFue muy importante la presencia de instructores de Lufthansa que fortalecieron las capacidades de los pilotos bolivianos. Uno de los pioneros fue Jorge Wilstermann Camacho. Aviones del LAB ayudaron en la Guerra del Chaco. En 1941 fue nacionalizado y pas\u00f3 diferentes etapas en su organizaci\u00f3n societaria. Sin embargo, no perdi\u00f3 esa relaci\u00f3n primaria con Alemania.<br \/>\nEn sus mejores \u00e9pocas, el LAB ampli\u00f3 su flota con los Jets. Sus rutas aterrizaron en pa\u00edses vecinos, Panam\u00e1, Estados Unidos hasta animarse a cruzar a Europa. Al mismo tiempo, llegaba a lugares alejados: de Trinidad o Tarija y poblaciones m\u00e1s peque\u00f1as desde Cobija a Villamontes, de San Borja a Puerto Su\u00e1rez. Lleg\u00f3 a acumular 64 destinos. En 1956 se dio el secuestro de un vuelo que llevaba presos pol\u00edticos, desviado a Salta, Argentina.<br \/>\nLa l\u00ednea a\u00e9rea boliviana confront\u00f3 crisis desde los a\u00f1os 80. La capitalizaci\u00f3n en 1994 fue una estafa. La posterior compra de Ra\u00fal Garafulic Guti\u00e9rrez y Ernesto Asb\u00fan fue otro desastre.<br \/>\nEntre 2007 a 2010, el gobierno del Movimiento al Socialismo (MAS) con el impulso estrangulador de Garc\u00eda Linera hundi\u00f3 las posibilidades de salvataje. Los aviones quedaron como fierros esparcidos en viejos hangares o descampados. Aunque la nueva l\u00ednea Boliviana de Aviaci\u00f3n aprovech\u00f3 la experiencia de antiguas tripulaciones y personal t\u00e9cnico, no hubo la capacidad de relacionar a ambas empresas. Notables pilotos bolivianos fueron captados por aerol\u00edneas de pa\u00edses \u00e1rabes.<br \/>\nBoA tiene muchas sombras, pero queda todav\u00eda esa impronta centenaria y la calidez de los empleados que comenzaron con el LAB. El pr\u00f3ximo gobierno puede reorganizarla si hay voluntad y se supera la ignorancia de los ministros tiktokeros.<\/p>\n","protected":false},"excerpt":{"rendered":"<p>En mi primer vuelo a Buenos Aires, el refrigerio era huminta con caf\u00e9. Fui inmensamente feliz. Las aeromozas eran elegantes y amables. Era una escena a a\u00f1os luz del catering chatarra que se adjudic\u00f3 el consorcio Garc\u00eda Linera. En la pi\u00f1ata de los veinte a\u00f1os de gobierno del Movimiento al Socialismo (MAS) al vicepresidente le [&hellip;]<\/p>\n","protected":false},"author":1,"featured_media":157862,"comment_status":"closed","ping_status":"open","sticky":false,"template":"","format":"standard","meta":{"_acf_changed":false,"footnotes":""},"categories":[9],"tags":[],"class_list":["post-314479","post","type-post","status-publish","format-standard","has-post-thumbnail","category-opinion"],"acf":{"antetitulo":"Desde la tierra"},"yoast_head":"<!-- This site is optimized with the Yoast SEO plugin v28.4 - https:\/\/yoast.com\/product\/yoast-seo-wordpress\/ -->\n<title>La Lloyd, el centenario olvidado - El Diario - Bolivia<\/title>\n<meta name=\"robots\" content=\"index, follow, max-snippet:-1, max-image-preview:large, max-video-preview:-1\" \/>\n<link rel=\"canonical\" href=\"https:\/\/www.eldiario.net\/portal\/2025\/07\/05\/la-lloyd-el-centenario-olvidado\/\" \/>\n<meta property=\"og:locale\" content=\"es_ES\" \/>\n<meta property=\"og:type\" content=\"article\" \/>\n<meta property=\"og:title\" content=\"La Lloyd, el centenario olvidado - El Diario - Bolivia\" \/>\n<meta property=\"og:description\" content=\"En mi primer vuelo a Buenos Aires, el refrigerio era huminta con caf\u00e9. Fui inmensamente feliz. Las aeromozas eran elegantes y amables. Era una escena a a\u00f1os luz del catering chatarra que se adjudic\u00f3 el consorcio Garc\u00eda Linera. En la pi\u00f1ata de los veinte a\u00f1os de gobierno del Movimiento al Socialismo (MAS) al vicepresidente le [&hellip;]\" \/>\n<meta property=\"og:url\" content=\"https:\/\/www.eldiario.net\/portal\/2025\/07\/05\/la-lloyd-el-centenario-olvidado\/\" \/>\n<meta property=\"og:site_name\" content=\"El Diario - Bolivia\" \/>\n<meta property=\"article:publisher\" content=\"https:\/\/www.facebook.com\/eldiario.bolivia\/\" \/>\n<meta property=\"article:published_time\" content=\"2025-07-05T11:58:45+00:00\" \/>\n<meta property=\"og:image\" content=\"https:\/\/www.eldiario.net\/portal\/wp-content\/uploads\/2023\/06\/Lupe-Cajias.jpg\" \/>\n\t<meta property=\"og:image:width\" content=\"1200\" \/>\n\t<meta property=\"og:image:height\" content=\"628\" \/>\n\t<meta property=\"og:image:type\" content=\"image\/jpeg\" \/>\n<meta name=\"author\" content=\"Jeanette\" \/>\n<meta name=\"twitter:card\" content=\"summary_large_image\" \/>\n<meta name=\"twitter:creator\" content=\"@eldiario_net\" \/>\n<meta name=\"twitter:site\" content=\"@eldiario_net\" \/>\n<meta name=\"twitter:label1\" content=\"Escrito por\" \/>\n\t<meta name=\"twitter:data1\" content=\"Jeanette\" \/>\n\t<meta name=\"twitter:label2\" content=\"Tiempo de lectura\" \/>\n\t<meta name=\"twitter:data2\" content=\"4 minutos\" \/>\n<script type=\"application\/ld+json\" class=\"yoast-schema-graph\">{\"@context\":\"https:\\\/\\\/schema.org\",\"@graph\":[{\"@type\":\"Article\",\"@id\":\"https:\\\/\\\/www.eldiario.net\\\/portal\\\/2025\\\/07\\\/05\\\/la-lloyd-el-centenario-olvidado\\\/#article\",\"isPartOf\":{\"@id\":\"https:\\\/\\\/www.eldiario.net\\\/portal\\\/2025\\\/07\\\/05\\\/la-lloyd-el-centenario-olvidado\\\/\"},\"author\":{\"name\":\"Jeanette\",\"@id\":\"https:\\\/\\\/www.eldiario.net\\\/portal\\\/#\\\/schema\\\/person\\\/2c57cf2b7a7ae032e449e4c9b1019eac\"},\"headline\":\"La Lloyd, el centenario olvidado\",\"datePublished\":\"2025-07-05T11:58:45+00:00\",\"mainEntityOfPage\":{\"@id\":\"https:\\\/\\\/www.eldiario.net\\\/portal\\\/2025\\\/07\\\/05\\\/la-lloyd-el-centenario-olvidado\\\/\"},\"wordCount\":840,\"publisher\":{\"@id\":\"https:\\\/\\\/www.eldiario.net\\\/portal\\\/#organization\"},\"image\":{\"@id\":\"https:\\\/\\\/www.eldiario.net\\\/portal\\\/2025\\\/07\\\/05\\\/la-lloyd-el-centenario-olvidado\\\/#primaryimage\"},\"thumbnailUrl\":\"https:\\\/\\\/www.eldiario.net\\\/portal\\\/wp-content\\\/uploads\\\/2023\\\/06\\\/Lupe-Cajias.jpg\",\"articleSection\":[\"Opini\u00f3n\"],\"inLanguage\":\"es\"},{\"@type\":\"WebPage\",\"@id\":\"https:\\\/\\\/www.eldiario.net\\\/portal\\\/2025\\\/07\\\/05\\\/la-lloyd-el-centenario-olvidado\\\/\",\"url\":\"https:\\\/\\\/www.eldiario.net\\\/portal\\\/2025\\\/07\\\/05\\\/la-lloyd-el-centenario-olvidado\\\/\",\"name\":\"La Lloyd, el centenario olvidado - El Diario - Bolivia\",\"isPartOf\":{\"@id\":\"https:\\\/\\\/www.eldiario.net\\\/portal\\\/#website\"},\"primaryImageOfPage\":{\"@id\":\"https:\\\/\\\/www.eldiario.net\\\/portal\\\/2025\\\/07\\\/05\\\/la-lloyd-el-centenario-olvidado\\\/#primaryimage\"},\"image\":{\"@id\":\"https:\\\/\\\/www.eldiario.net\\\/portal\\\/2025\\\/07\\\/05\\\/la-lloyd-el-centenario-olvidado\\\/#primaryimage\"},\"thumbnailUrl\":\"https:\\\/\\\/www.eldiario.net\\\/portal\\\/wp-content\\\/uploads\\\/2023\\\/06\\\/Lupe-Cajias.jpg\",\"datePublished\":\"2025-07-05T11:58:45+00:00\",\"breadcrumb\":{\"@id\":\"https:\\\/\\\/www.eldiario.net\\\/portal\\\/2025\\\/07\\\/05\\\/la-lloyd-el-centenario-olvidado\\\/#breadcrumb\"},\"inLanguage\":\"es\",\"potentialAction\":[{\"@type\":\"ReadAction\",\"target\":[\"https:\\\/\\\/www.eldiario.net\\\/portal\\\/2025\\\/07\\\/05\\\/la-lloyd-el-centenario-olvidado\\\/\"]}]},{\"@type\":\"ImageObject\",\"inLanguage\":\"es\",\"@id\":\"https:\\\/\\\/www.eldiario.net\\\/portal\\\/2025\\\/07\\\/05\\\/la-lloyd-el-centenario-olvidado\\\/#primaryimage\",\"url\":\"https:\\\/\\\/www.eldiario.net\\\/portal\\\/wp-content\\\/uploads\\\/2023\\\/06\\\/Lupe-Cajias.jpg\",\"contentUrl\":\"https:\\\/\\\/www.eldiario.net\\\/portal\\\/wp-content\\\/uploads\\\/2023\\\/06\\\/Lupe-Cajias.jpg\",\"width\":1200,\"height\":628,\"caption\":\"Lupe Caj\u00edas\"},{\"@type\":\"BreadcrumbList\",\"@id\":\"https:\\\/\\\/www.eldiario.net\\\/portal\\\/2025\\\/07\\\/05\\\/la-lloyd-el-centenario-olvidado\\\/#breadcrumb\",\"itemListElement\":[{\"@type\":\"ListItem\",\"position\":1,\"name\":\"Portada\",\"item\":\"https:\\\/\\\/www.eldiario.net\\\/portal\\\/\"},{\"@type\":\"ListItem\",\"position\":2,\"name\":\"La Lloyd, el centenario olvidado\"}]},{\"@type\":\"WebSite\",\"@id\":\"https:\\\/\\\/www.eldiario.net\\\/portal\\\/#website\",\"url\":\"https:\\\/\\\/www.eldiario.net\\\/portal\\\/\",\"name\":\"El Diario - Decano de la prensa nacional\",\"description\":\"El Diario - Decano de la prensa nacional\",\"publisher\":{\"@id\":\"https:\\\/\\\/www.eldiario.net\\\/portal\\\/#organization\"},\"potentialAction\":[{\"@type\":\"SearchAction\",\"target\":{\"@type\":\"EntryPoint\",\"urlTemplate\":\"https:\\\/\\\/www.eldiario.net\\\/portal\\\/?s={search_term_string}\"},\"query-input\":{\"@type\":\"PropertyValueSpecification\",\"valueRequired\":true,\"valueName\":\"search_term_string\"}}],\"inLanguage\":\"es\"},{\"@type\":\"Organization\",\"@id\":\"https:\\\/\\\/www.eldiario.net\\\/portal\\\/#organization\",\"name\":\"El Diario - Decano de la prensa nacional\",\"url\":\"https:\\\/\\\/www.eldiario.net\\\/portal\\\/\",\"logo\":{\"@type\":\"ImageObject\",\"inLanguage\":\"es\",\"@id\":\"https:\\\/\\\/www.eldiario.net\\\/portal\\\/#\\\/schema\\\/logo\\\/image\\\/\",\"url\":\"https:\\\/\\\/www.eldiario.net\\\/portal\\\/wp-content\\\/uploads\\\/2023\\\/07\\\/logo_ED.jpg\",\"contentUrl\":\"https:\\\/\\\/www.eldiario.net\\\/portal\\\/wp-content\\\/uploads\\\/2023\\\/07\\\/logo_ED.jpg\",\"width\":272,\"height\":52,\"caption\":\"El Diario - Decano de la prensa nacional\"},\"image\":{\"@id\":\"https:\\\/\\\/www.eldiario.net\\\/portal\\\/#\\\/schema\\\/logo\\\/image\\\/\"},\"sameAs\":[\"https:\\\/\\\/www.facebook.com\\\/eldiario.bolivia\\\/\",\"https:\\\/\\\/x.com\\\/eldiario_net\"]},{\"@type\":\"Person\",\"@id\":\"https:\\\/\\\/www.eldiario.net\\\/portal\\\/#\\\/schema\\\/person\\\/2c57cf2b7a7ae032e449e4c9b1019eac\",\"name\":\"Jeanette\",\"image\":{\"@type\":\"ImageObject\",\"inLanguage\":\"es\",\"@id\":\"https:\\\/\\\/secure.gravatar.com\\\/avatar\\\/3ea2118a5f7dad2b7138b1187a6b7ee55f160b9968b66013c3a3ef39dd7e5798?s=96&d=mm&r=g\",\"url\":\"https:\\\/\\\/secure.gravatar.com\\\/avatar\\\/3ea2118a5f7dad2b7138b1187a6b7ee55f160b9968b66013c3a3ef39dd7e5798?s=96&d=mm&r=g\",\"contentUrl\":\"https:\\\/\\\/secure.gravatar.com\\\/avatar\\\/3ea2118a5f7dad2b7138b1187a6b7ee55f160b9968b66013c3a3ef39dd7e5798?s=96&d=mm&r=g\",\"caption\":\"Jeanette\"},\"sameAs\":[\"https:\\\/\\\/www.eldiario.net\\\/portal\"],\"url\":\"https:\\\/\\\/www.eldiario.net\\\/portal\\\/author\\\/jeanette\\\/\"}]}<\/script>\n<!-- \/ Yoast SEO plugin. -->","yoast_head_json":{"title":"La Lloyd, el centenario olvidado - El Diario - Bolivia","robots":{"index":"index","follow":"follow","max-snippet":"max-snippet:-1","max-image-preview":"max-image-preview:large","max-video-preview":"max-video-preview:-1"},"canonical":"https:\/\/www.eldiario.net\/portal\/2025\/07\/05\/la-lloyd-el-centenario-olvidado\/","og_locale":"es_ES","og_type":"article","og_title":"La Lloyd, el centenario olvidado - El Diario - Bolivia","og_description":"En mi primer vuelo a Buenos Aires, el refrigerio era huminta con caf\u00e9. Fui inmensamente feliz. Las aeromozas eran elegantes y amables. Era una escena a a\u00f1os luz del catering chatarra que se adjudic\u00f3 el consorcio Garc\u00eda Linera. En la pi\u00f1ata de los veinte a\u00f1os de gobierno del Movimiento al Socialismo (MAS) al vicepresidente le [&hellip;]","og_url":"https:\/\/www.eldiario.net\/portal\/2025\/07\/05\/la-lloyd-el-centenario-olvidado\/","og_site_name":"El Diario - Bolivia","article_publisher":"https:\/\/www.facebook.com\/eldiario.bolivia\/","article_published_time":"2025-07-05T11:58:45+00:00","og_image":[{"width":1200,"height":628,"url":"https:\/\/www.eldiario.net\/portal\/wp-content\/uploads\/2023\/06\/Lupe-Cajias.jpg","type":"image\/jpeg"}],"author":"Jeanette","twitter_card":"summary_large_image","twitter_creator":"@eldiario_net","twitter_site":"@eldiario_net","twitter_misc":{"Escrito por":"Jeanette","Tiempo de lectura":"4 minutos"},"schema":{"@context":"https:\/\/schema.org","@graph":[{"@type":"Article","@id":"https:\/\/www.eldiario.net\/portal\/2025\/07\/05\/la-lloyd-el-centenario-olvidado\/#article","isPartOf":{"@id":"https:\/\/www.eldiario.net\/portal\/2025\/07\/05\/la-lloyd-el-centenario-olvidado\/"},"author":{"name":"Jeanette","@id":"https:\/\/www.eldiario.net\/portal\/#\/schema\/person\/2c57cf2b7a7ae032e449e4c9b1019eac"},"headline":"La Lloyd, el centenario olvidado","datePublished":"2025-07-05T11:58:45+00:00","mainEntityOfPage":{"@id":"https:\/\/www.eldiario.net\/portal\/2025\/07\/05\/la-lloyd-el-centenario-olvidado\/"},"wordCount":840,"publisher":{"@id":"https:\/\/www.eldiario.net\/portal\/#organization"},"image":{"@id":"https:\/\/www.eldiario.net\/portal\/2025\/07\/05\/la-lloyd-el-centenario-olvidado\/#primaryimage"},"thumbnailUrl":"https:\/\/www.eldiario.net\/portal\/wp-content\/uploads\/2023\/06\/Lupe-Cajias.jpg","articleSection":["Opini\u00f3n"],"inLanguage":"es"},{"@type":"WebPage","@id":"https:\/\/www.eldiario.net\/portal\/2025\/07\/05\/la-lloyd-el-centenario-olvidado\/","url":"https:\/\/www.eldiario.net\/portal\/2025\/07\/05\/la-lloyd-el-centenario-olvidado\/","name":"La Lloyd, el centenario olvidado - El Diario - Bolivia","isPartOf":{"@id":"https:\/\/www.eldiario.net\/portal\/#website"},"primaryImageOfPage":{"@id":"https:\/\/www.eldiario.net\/portal\/2025\/07\/05\/la-lloyd-el-centenario-olvidado\/#primaryimage"},"image":{"@id":"https:\/\/www.eldiario.net\/portal\/2025\/07\/05\/la-lloyd-el-centenario-olvidado\/#primaryimage"},"thumbnailUrl":"https:\/\/www.eldiario.net\/portal\/wp-content\/uploads\/2023\/06\/Lupe-Cajias.jpg","datePublished":"2025-07-05T11:58:45+00:00","breadcrumb":{"@id":"https:\/\/www.eldiario.net\/portal\/2025\/07\/05\/la-lloyd-el-centenario-olvidado\/#breadcrumb"},"inLanguage":"es","potentialAction":[{"@type":"ReadAction","target":["https:\/\/www.eldiario.net\/portal\/2025\/07\/05\/la-lloyd-el-centenario-olvidado\/"]}]},{"@type":"ImageObject","inLanguage":"es","@id":"https:\/\/www.eldiario.net\/portal\/2025\/07\/05\/la-lloyd-el-centenario-olvidado\/#primaryimage","url":"https:\/\/www.eldiario.net\/portal\/wp-content\/uploads\/2023\/06\/Lupe-Cajias.jpg","contentUrl":"https:\/\/www.eldiario.net\/portal\/wp-content\/uploads\/2023\/06\/Lupe-Cajias.jpg","width":1200,"height":628,"caption":"Lupe Caj\u00edas"},{"@type":"BreadcrumbList","@id":"https:\/\/www.eldiario.net\/portal\/2025\/07\/05\/la-lloyd-el-centenario-olvidado\/#breadcrumb","itemListElement":[{"@type":"ListItem","position":1,"name":"Portada","item":"https:\/\/www.eldiario.net\/portal\/"},{"@type":"ListItem","position":2,"name":"La Lloyd, el centenario olvidado"}]},{"@type":"WebSite","@id":"https:\/\/www.eldiario.net\/portal\/#website","url":"https:\/\/www.eldiario.net\/portal\/","name":"El Diario - Decano de la prensa nacional","description":"El Diario - Decano de la prensa nacional","publisher":{"@id":"https:\/\/www.eldiario.net\/portal\/#organization"},"potentialAction":[{"@type":"SearchAction","target":{"@type":"EntryPoint","urlTemplate":"https:\/\/www.eldiario.net\/portal\/?s={search_term_string}"},"query-input":{"@type":"PropertyValueSpecification","valueRequired":true,"valueName":"search_term_string"}}],"inLanguage":"es"},{"@type":"Organization","@id":"https:\/\/www.eldiario.net\/portal\/#organization","name":"El Diario - Decano de la prensa nacional","url":"https:\/\/www.eldiario.net\/portal\/","logo":{"@type":"ImageObject","inLanguage":"es","@id":"https:\/\/www.eldiario.net\/portal\/#\/schema\/logo\/image\/","url":"https:\/\/www.eldiario.net\/portal\/wp-content\/uploads\/2023\/07\/logo_ED.jpg","contentUrl":"https:\/\/www.eldiario.net\/portal\/wp-content\/uploads\/2023\/07\/logo_ED.jpg","width":272,"height":52,"caption":"El Diario - Decano de la prensa nacional"},"image":{"@id":"https:\/\/www.eldiario.net\/portal\/#\/schema\/logo\/image\/"},"sameAs":["https:\/\/www.facebook.com\/eldiario.bolivia\/","https:\/\/x.com\/eldiario_net"]},{"@type":"Person","@id":"https:\/\/www.eldiario.net\/portal\/#\/schema\/person\/2c57cf2b7a7ae032e449e4c9b1019eac","name":"Jeanette","image":{"@type":"ImageObject","inLanguage":"es","@id":"https:\/\/secure.gravatar.com\/avatar\/3ea2118a5f7dad2b7138b1187a6b7ee55f160b9968b66013c3a3ef39dd7e5798?s=96&d=mm&r=g","url":"https:\/\/secure.gravatar.com\/avatar\/3ea2118a5f7dad2b7138b1187a6b7ee55f160b9968b66013c3a3ef39dd7e5798?s=96&d=mm&r=g","contentUrl":"https:\/\/secure.gravatar.com\/avatar\/3ea2118a5f7dad2b7138b1187a6b7ee55f160b9968b66013c3a3ef39dd7e5798?s=96&d=mm&r=g","caption":"Jeanette"},"sameAs":["https:\/\/www.eldiario.net\/portal"],"url":"https:\/\/www.eldiario.net\/portal\/author\/jeanette\/"}]}},"_links":{"self":[{"href":"https:\/\/www.eldiario.net\/portal\/wp-json\/wp\/v2\/posts\/314479","targetHints":{"allow":["GET"]}}],"collection":[{"href":"https:\/\/www.eldiario.net\/portal\/wp-json\/wp\/v2\/posts"}],"about":[{"href":"https:\/\/www.eldiario.net\/portal\/wp-json\/wp\/v2\/types\/post"}],"author":[{"embeddable":true,"href":"https:\/\/www.eldiario.net\/portal\/wp-json\/wp\/v2\/users\/1"}],"replies":[{"embeddable":true,"href":"https:\/\/www.eldiario.net\/portal\/wp-json\/wp\/v2\/comments?post=314479"}],"version-history":[{"count":1,"href":"https:\/\/www.eldiario.net\/portal\/wp-json\/wp\/v2\/posts\/314479\/revisions"}],"predecessor-version":[{"id":314480,"href":"https:\/\/www.eldiario.net\/portal\/wp-json\/wp\/v2\/posts\/314479\/revisions\/314480"}],"wp:featuredmedia":[{"embeddable":true,"href":"https:\/\/www.eldiario.net\/portal\/wp-json\/wp\/v2\/media\/157862"}],"wp:attachment":[{"href":"https:\/\/www.eldiario.net\/portal\/wp-json\/wp\/v2\/media?parent=314479"}],"wp:term":[{"taxonomy":"category","embeddable":true,"href":"https:\/\/www.eldiario.net\/portal\/wp-json\/wp\/v2\/categories?post=314479"},{"taxonomy":"post_tag","embeddable":true,"href":"https:\/\/www.eldiario.net\/portal\/wp-json\/wp\/v2\/tags?post=314479"}],"curies":[{"name":"wp","href":"https:\/\/api.w.org\/{rel}","templated":true}]}}