{"id":314089,"date":"2025-07-04T00:44:14","date_gmt":"2025-07-04T04:44:14","guid":{"rendered":"https:\/\/www.eldiario.net\/portal\/?p=314089"},"modified":"2025-07-03T21:45:29","modified_gmt":"2025-07-04T01:45:29","slug":"feria-del-libro-de-la-paz-crecera-en-su-edicion-del-bicentenario","status":"publish","type":"post","link":"https:\/\/www.eldiario.net\/portal\/2025\/07\/04\/feria-del-libro-de-la-paz-crecera-en-su-edicion-del-bicentenario\/","title":{"rendered":"Feria del Libro de La Paz crecer\u00e1  en su Edici\u00f3n del Bicentenario"},"content":{"rendered":"<p>La Feria Internacional del Libro de La Paz llega con su Edici\u00f3n Bicentenario para tomar los tres bloques (Rojo, Amarillo y Verde) del Campo Ferial Chuquiago Marka, ubicado en Seg\u00fcencoma, zona sur de la sede gobierno. As\u00ed, el importante encuentro cultural y literario crecer\u00e1 en su 29 edici\u00f3n.<\/p>\n<p>Del 30 de julio al 10 de agosto, la FIL La Paz abrir\u00e1 sus puertas con una programaci\u00f3n diversa y espacios para todo p\u00fablico, incluido un sector dedicado especialmente a la ni\u00f1ez.<\/p>\n<p>El precio de la entrada general se mantendr\u00e1 en Bs 15, mientras que los menores de 12 a\u00f1os y los adultos mayores de 65 podr\u00e1n ingresar gratuitamente. Pronto se dar\u00e1 a conocer informaci\u00f3n sobre entradas especiales dirigidas a estudiantes universitarios y visitantes frecuentes.<\/p>\n<p>Recientemente se revel\u00f3 la imagen de la FIL La Paz, cuyo autor es el dise\u00f1ador gr\u00e1fico e ilustrador cochabambino Dorian L\u00f3pez.<\/p>\n<p>\u201cEsta versi\u00f3n es especial por dos motivos. El primero por ser la Edici\u00f3n del Bicentenario, que conmemora los 200 a\u00f1os de historia y aporte que ha tenido Bolivia, pero tambi\u00e9n es el momento id\u00f3neo para reflexionar sobre el pa\u00eds que se ir\u00e1 construyendo en los siguientes 100 a\u00f1os\u201d, resalt\u00f3 el presidente de la C\u00e1mara Departamental del Libro de La Paz (CDLLP), Fernando Barrientos.<\/p>\n<p>Asimismo, \u201cla segunda raz\u00f3n est\u00e1 vinculada a los 80 a\u00f1os de nuestra instituci\u00f3n, que inici\u00f3 sus actividades en septiembre de 1945, en procura de agremiar y defender los derechos de las editoriales, librer\u00edas y otras empresas encargadas de producir y ofertar libros y materiales editoriales originales en Bolivia\u201d, agreg\u00f3.<\/p>\n<p>Se dio a conocer que a los 200 autores bolivianos \u2014que tendr\u00e1n un especial protagonismo\u2014, se sumar\u00e1n los invitados internacionales: Philippe Claudel, Olivier Deloye, Clara Arnaud, Fran\u00e7oise Martinez, Ala\u00efs Le Villain (Francia), Karina Pacheco (Per\u00fa), Karin Harrasser (Alemania), Elisa Shua Dusapin, Kevin Crelerot, Agathe Borin (Suiza), Oscar Vela (Ecuador), Amaury Colmenares, Mario Boj\u00f3rquez (M\u00e9xico), Mary Luz Henao (Colombia), Romina Funes (Argentina), Efe Rosario (Puerto Rico), Frances Sim\u00e1n y Rolando Kattan (Honduras).<\/p>\n<p>Barrientos detall\u00f3 que el Programa Cultural contar\u00e1 con 380 actividades, entre conferencias, debates, talleres, exposiciones, espect\u00e1culos y presentaciones de libros.<\/p>\n<p>Adicionalmente el Espacio Interactivo e Infantil ofrecer\u00e1 una programaci\u00f3n con 196 actividades, entre talleres, experiencias l\u00fadicas, teatro, t\u00edteres y cuentacuentos.<\/p>\n<p>En esta versi\u00f3n se presentar\u00e1n 200 nuevos libros de narrativa, poes\u00eda, ensayo, c\u00f3mic, infantil, libros t\u00e9cnicos y acad\u00e9micos.<\/p>\n<p>Francia, Pa\u00eds Invitado de Honor, presentar\u00e1 un programa con m\u00e1s de 30 actividades, entre conferencias y charlas con los autores invitados, adem\u00e1s de talleres, pel\u00edculas, debates y encuentros literarios.<\/p>\n<p>\u201cPara nosotros es muy importante el Bicentenario de Bolivia. Vamos a celebrar 194 a\u00f1os de relaciones diplom\u00e1ticas. Francia es un pa\u00eds hist\u00f3ricamente de letras, de pensamiento, de cr\u00edtica y de imaginaci\u00f3n, creaci\u00f3n. Esta feria ser\u00e1 la ocasi\u00f3n ideal para compartir ese legado con el p\u00fablico boliviano\u201d, dijo el Consejero de Cooperaci\u00f3n de la Embajada de Francia, Christian Tison.<\/p>\n<p>Mientras que la Instituci\u00f3n Invitada de la FIL presentar\u00e1 diversas actividades entre las que resaltan los di\u00e1logos sobre Desarrollo Sostenible y exposiciones fotogr\u00e1ficas. \u201cEs una edici\u00f3n especialmente significativa que conmemora el Bicentenario de Bolivia y los 80 a\u00f1os de la ONU y de la C\u00e1mara del Libro de La Paz\u201d, sostuvo M\u00f3nica Mendoza, en representaci\u00f3n de la Coordinadora Residente de la ONU Bolivia, sobre la oportunidad para reflexionar sobre el aporte de esta organizaci\u00f3n al pa\u00eds.<\/p>\n<p>Con el fin de albergar el amplio programa de esta edici\u00f3n y dar comodidad a los asistentes, se contar\u00e1 con cuatro salas (que estar\u00e1n numeradas y ubicadas en la planta alta del Bloque Rojo), junto a tres espacios de exposiciones y un escenario principal.<\/p>\n<p>El nuevo espacio Interactivo e Infantil estar\u00e1 en el Bloque Verde. \u00c9ste ser\u00e1 l\u00fadico y did\u00e1ctico para incentivar a ni\u00f1as y ni\u00f1os a descubrir el mundo de la lectura y escritura a trav\u00e9s de cuentacuentos, talleres creativos, juegos y actividades din\u00e1micas. Contar\u00e1 con zonas de exploraci\u00f3n, \u00e1reas de juego tem\u00e1ticas y un escenario para presentaciones art\u00edsticas.<\/p>\n<p>Otra novedad de la feria son las seis secciones: Bicentenario de Bolivia, Literatura Boliviana, FIL Ni\u00f1os, FIL C\u00f3mic, FIL Poes\u00eda y FIL Escena. Adem\u00e1s de eventos especiales y una p\u00e1gina web donde los interesados podr\u00e1n encontrar todo el Programa Cultural.<\/p>\n<p>La FIL La Paz cuenta con el auspicio de Banco Bisa y el patrocinio de La Cascada, Bag\u00f3, RTP y el Gobierno Aut\u00f3nomo Municipal de La Paz. Apoyan este importante evento, el Centro Cultural de Espa\u00f1a en La Paz, la Uni\u00f3n Europea, el Goethe Institut, Pro Helvetia, la Embajada de Per\u00fa, la Embajada de Argentina, el Consulado General de Chile y el Campo Ferial Chuquiago Marka.<\/p>\n<p>Desde 1996, la FIL La Paz es un espacio literario, cultural y art\u00edstico de trascendencia nacional e internacional. En 2003 recibi\u00f3 el reconocimiento de \u201cPatrimonio Cultural de la Ciudad de La Paz\u201d por el impulso a la lectura y escritura, y promover el acceso al libro legal y el apoyo a la diversidad cultural boliviana.<\/p>\n<p>La Feria Internacional del Libro de La Paz atrae a m\u00e1s de 100 mil visitantes cada a\u00f1o, que junto a m\u00e1s de 150 expositores \u2014entre editoriales, librer\u00edas y distribuidores asociados a la CDLLP, as\u00ed como entidades p\u00fablicas y privadas representativas de la ciudad de La Paz y de Bolivia, adem\u00e1s de escritores y autores independientes\u2014, promueven y fomentan el acceso al libro. Asimismo, ofrece un amplio y variado Programa Cultural con actividades literarias, as\u00ed como presentaciones culturales y art\u00edsticas.<\/p>\n<p>La FIL La Paz es organizada por la CDLLP, instituci\u00f3n sin fines de lucro que agrupa a todas las personas naturales y jur\u00eddicas involucradas con la p\u00e1gina impresa (editoriales, librer\u00edas, distribuidores, iniciativas de venta de libros a plazos y algunas ONG). Actualmente cuenta con 58 socios activos, siendo la instancia del sector que m\u00e1s editoriales y librer\u00edas agrupa a nivel nacional.<\/p>\n\r\n                <style type=\"text\/css\">\r\n                    \r\n                    #tdi_1  .td-doubleSlider-2 .td-item1 {\r\n                        background: url(https:\/\/www.eldiario.net\/portal\/wp-content\/uploads\/2025\/07\/1-PRINCIPAL-1-80x60.webp) 0 0 no-repeat;\r\n                    }\r\n                    #tdi_1  .td-doubleSlider-2 .td-item2 {\r\n                        background: url(https:\/\/www.eldiario.net\/portal\/wp-content\/uploads\/2025\/07\/2--80x60.webp) 0 0 no-repeat;\r\n                    }\r\n                    #tdi_1  .td-doubleSlider-2 .td-item3 {\r\n                        background: url(https:\/\/www.eldiario.net\/portal\/wp-content\/uploads\/2025\/07\/3--80x60.webp) 0 0 no-repeat;\r\n                    }\r\n                    #tdi_1  .td-doubleSlider-2 .td-item4 {\r\n                        background: url(https:\/\/www.eldiario.net\/portal\/wp-content\/uploads\/2025\/07\/4--80x60.webp) 0 0 no-repeat;\r\n                    }\r\n                    #tdi_1  .td-doubleSlider-2 .td-item5 {\r\n                        background: url(https:\/\/www.eldiario.net\/portal\/wp-content\/uploads\/2025\/07\/5--80x60.webp) 0 0 no-repeat;\r\n                    }\r\n                <\/style>\r\n\r\n                <div id=\"tdi_1\" class=\"td-gallery td-slide-on-2-columns\">\r\n                    <div class=\"post_td_gallery\">\r\n                        <div class=\"td-gallery-slide-top\">\r\n                           <div class=\"td-gallery-title\"><\/div>\r\n\r\n                            <div class=\"td-gallery-controls-wrapper\">\r\n                                <div class=\"td-gallery-slide-count\"><span class=\"td-gallery-slide-item-focus\">1<\/span> de 5<\/div>\r\n                                <div class=\"td-gallery-slide-prev-next-but\">\r\n                                    <i class = \"td-icon-left doubleSliderPrevButton\"><\/i>\r\n                                    <i class = \"td-icon-right doubleSliderNextButton\"><\/i>\r\n                                <\/div>\r\n                            <\/div>\r\n                        <\/div>\r\n\r\n                        <div class = \"td-doubleSlider-1 \">\r\n                            <div class = \"td-slider\">\r\n                                \r\n                    <div class = \"td-slide-item td-item1\">\r\n                        <figure class=\"td-slide-galery-figure td-slide-popup-gallery\">\r\n                            <a class=\"slide-gallery-image-link\" href=\"https:\/\/www.eldiario.net\/portal\/wp-content\/uploads\/2025\/07\/1-PRINCIPAL-1.webp\" title=\"1-PRINCIPAL\"  data-caption=\"\"  data-description=\"\">\r\n                                <img decoding=\"async\" src=\"https:\/\/www.eldiario.net\/portal\/wp-content\/uploads\/2025\/07\/1-PRINCIPAL-1-630x420.webp\" srcset=\"https:\/\/www.eldiario.net\/portal\/wp-content\/uploads\/2025\/07\/1-PRINCIPAL-1-630x420.webp 630w, https:\/\/www.eldiario.net\/portal\/wp-content\/uploads\/2025\/07\/1-PRINCIPAL-1-300x200.webp 300w, https:\/\/www.eldiario.net\/portal\/wp-content\/uploads\/2025\/07\/1-PRINCIPAL-1-1024x683.webp 1024w, https:\/\/www.eldiario.net\/portal\/wp-content\/uploads\/2025\/07\/1-PRINCIPAL-1-768x512.webp 768w, https:\/\/www.eldiario.net\/portal\/wp-content\/uploads\/2025\/07\/1-PRINCIPAL-1-696x464.webp 696w, https:\/\/www.eldiario.net\/portal\/wp-content\/uploads\/2025\/07\/1-PRINCIPAL-1-1068x712.webp 1068w, https:\/\/www.eldiario.net\/portal\/wp-content\/uploads\/2025\/07\/1-PRINCIPAL-1.webp 1488w\" sizes=\"(max-width: 630px) 100vw, 630px\" alt=\"\">\r\n                            <\/a>\r\n                            \r\n                        <\/figure>\r\n                    <\/div>\r\n                    <div class = \"td-slide-item td-item2\">\r\n                        <figure class=\"td-slide-galery-figure td-slide-popup-gallery\">\r\n                            <a class=\"slide-gallery-image-link\" href=\"https:\/\/www.eldiario.net\/portal\/wp-content\/uploads\/2025\/07\/2-.webp\" title=\"2-\"  data-caption=\"\"  data-description=\"\">\r\n                                <img decoding=\"async\" src=\"https:\/\/www.eldiario.net\/portal\/wp-content\/uploads\/2025\/07\/2--327x420.webp\" srcset=\"https:\/\/www.eldiario.net\/portal\/wp-content\/uploads\/2025\/07\/2--327x420.webp 327w, https:\/\/www.eldiario.net\/portal\/wp-content\/uploads\/2025\/07\/2--234x300.webp 234w, https:\/\/www.eldiario.net\/portal\/wp-content\/uploads\/2025\/07\/2--797x1024.webp 797w, https:\/\/www.eldiario.net\/portal\/wp-content\/uploads\/2025\/07\/2--768x986.webp 768w, https:\/\/www.eldiario.net\/portal\/wp-content\/uploads\/2025\/07\/2--696x894.webp 696w, https:\/\/www.eldiario.net\/portal\/wp-content\/uploads\/2025\/07\/2-.webp 1044w\" sizes=\"(max-width: 327px) 100vw, 327px\" alt=\"\">\r\n                            <\/a>\r\n                            \r\n                        <\/figure>\r\n                    <\/div>\r\n                    <div class = \"td-slide-item td-item3\">\r\n                        <figure class=\"td-slide-galery-figure td-slide-popup-gallery\">\r\n                            <a class=\"slide-gallery-image-link\" href=\"https:\/\/www.eldiario.net\/portal\/wp-content\/uploads\/2025\/07\/3-.webp\" title=\"3-\"  data-caption=\"\"  data-description=\"\">\r\n                                <img decoding=\"async\" src=\"https:\/\/www.eldiario.net\/portal\/wp-content\/uploads\/2025\/07\/3--560x420.webp\" srcset=\"https:\/\/www.eldiario.net\/portal\/wp-content\/uploads\/2025\/07\/3--560x420.webp 560w, https:\/\/www.eldiario.net\/portal\/wp-content\/uploads\/2025\/07\/3--300x225.webp 300w, https:\/\/www.eldiario.net\/portal\/wp-content\/uploads\/2025\/07\/3--1024x768.webp 1024w, https:\/\/www.eldiario.net\/portal\/wp-content\/uploads\/2025\/07\/3--768x576.webp 768w, https:\/\/www.eldiario.net\/portal\/wp-content\/uploads\/2025\/07\/3--80x60.webp 80w, https:\/\/www.eldiario.net\/portal\/wp-content\/uploads\/2025\/07\/3--696x522.webp 696w, https:\/\/www.eldiario.net\/portal\/wp-content\/uploads\/2025\/07\/3--1068x801.webp 1068w, https:\/\/www.eldiario.net\/portal\/wp-content\/uploads\/2025\/07\/3-.webp 1280w\" sizes=\"(max-width: 560px) 100vw, 560px\" alt=\"\">\r\n                            <\/a>\r\n                            \r\n                        <\/figure>\r\n                    <\/div>\r\n                    <div class = \"td-slide-item td-item4\">\r\n                        <figure class=\"td-slide-galery-figure td-slide-popup-gallery\">\r\n                            <a class=\"slide-gallery-image-link\" href=\"https:\/\/www.eldiario.net\/portal\/wp-content\/uploads\/2025\/07\/4-.webp\" title=\"4-\"  data-caption=\"\"  data-description=\"\">\r\n                                <img decoding=\"async\" src=\"https:\/\/www.eldiario.net\/portal\/wp-content\/uploads\/2025\/07\/4--630x420.webp\" srcset=\"https:\/\/www.eldiario.net\/portal\/wp-content\/uploads\/2025\/07\/4--630x420.webp 630w, https:\/\/www.eldiario.net\/portal\/wp-content\/uploads\/2025\/07\/4--300x200.webp 300w, https:\/\/www.eldiario.net\/portal\/wp-content\/uploads\/2025\/07\/4--1024x683.webp 1024w, https:\/\/www.eldiario.net\/portal\/wp-content\/uploads\/2025\/07\/4--768x512.webp 768w, https:\/\/www.eldiario.net\/portal\/wp-content\/uploads\/2025\/07\/4--696x464.webp 696w, https:\/\/www.eldiario.net\/portal\/wp-content\/uploads\/2025\/07\/4--1068x712.webp 1068w, https:\/\/www.eldiario.net\/portal\/wp-content\/uploads\/2025\/07\/4-.webp 1488w\" sizes=\"(max-width: 630px) 100vw, 630px\" alt=\"\">\r\n                            <\/a>\r\n                            \r\n                        <\/figure>\r\n                    <\/div>\r\n                    <div class = \"td-slide-item td-item5\">\r\n                        <figure class=\"td-slide-galery-figure td-slide-popup-gallery\">\r\n                            <a class=\"slide-gallery-image-link\" href=\"https:\/\/www.eldiario.net\/portal\/wp-content\/uploads\/2025\/07\/5-.webp\" title=\"5-\"  data-caption=\"\"  data-description=\"\">\r\n                                <img decoding=\"async\" src=\"https:\/\/www.eldiario.net\/portal\/wp-content\/uploads\/2025\/07\/5--630x420.webp\" srcset=\"https:\/\/www.eldiario.net\/portal\/wp-content\/uploads\/2025\/07\/5--630x420.webp 630w, https:\/\/www.eldiario.net\/portal\/wp-content\/uploads\/2025\/07\/5--300x200.webp 300w, https:\/\/www.eldiario.net\/portal\/wp-content\/uploads\/2025\/07\/5--1024x683.webp 1024w, https:\/\/www.eldiario.net\/portal\/wp-content\/uploads\/2025\/07\/5--768x512.webp 768w, https:\/\/www.eldiario.net\/portal\/wp-content\/uploads\/2025\/07\/5--696x464.webp 696w, https:\/\/www.eldiario.net\/portal\/wp-content\/uploads\/2025\/07\/5--1068x712.webp 1068w, https:\/\/www.eldiario.net\/portal\/wp-content\/uploads\/2025\/07\/5-.webp 1488w\" sizes=\"(max-width: 630px) 100vw, 630px\" alt=\"\">\r\n                            <\/a>\r\n                            \r\n                        <\/figure>\r\n                    <\/div>\r\n                            <\/div>\r\n                        <\/div>\r\n\r\n                        <div class = \"td-doubleSlider-2\">\r\n                            <div class = \"td-slider\">\r\n                                \r\n                    <div class = \"td-button td-item1\">\r\n                        <div class = \"td-border\"><\/div>\r\n                    <\/div>\r\n                    <div class = \"td-button td-item2\">\r\n                        <div class = \"td-border\"><\/div>\r\n                    <\/div>\r\n                    <div class = \"td-button td-item3\">\r\n                        <div class = \"td-border\"><\/div>\r\n                    <\/div>\r\n                    <div class = \"td-button td-item4\">\r\n                        <div class = \"td-border\"><\/div>\r\n                    <\/div>\r\n                    <div class = \"td-button td-item5\">\r\n                        <div class = \"td-border\"><\/div>\r\n                    <\/div>\r\n                            <\/div>\r\n                        <\/div>\r\n\r\n                    <\/div>\r\n\r\n                <\/div>\r\n                \n","protected":false},"excerpt":{"rendered":"<p>La Feria Internacional del Libro de La Paz llega con su Edici\u00f3n Bicentenario para tomar los tres bloques (Rojo, Amarillo y Verde) del Campo Ferial Chuquiago Marka, ubicado en Seg\u00fcencoma, zona sur de la sede gobierno. As\u00ed, el importante encuentro cultural y literario crecer\u00e1 en su 29 edici\u00f3n. Del 30 de julio al 10 de [&hellip;]<\/p>\n","protected":false},"author":1,"featured_media":314090,"comment_status":"closed","ping_status":"open","sticky":false,"template":"","format":"standard","meta":{"_acf_changed":false,"footnotes":""},"categories":[41],"tags":[],"class_list":["post-314089","post","type-post","status-publish","format-standard","has-post-thumbnail","category-la-guia"],"acf":{"antetitulo":""},"yoast_head":"<!-- This site is optimized with the Yoast SEO plugin v28.4 - https:\/\/yoast.com\/product\/yoast-seo-wordpress\/ -->\n<title>Feria del Libro de La Paz crecer\u00e1 en su Edici\u00f3n del Bicentenario - El Diario - Bolivia<\/title>\n<meta name=\"robots\" content=\"index, follow, max-snippet:-1, max-image-preview:large, max-video-preview:-1\" \/>\n<link rel=\"canonical\" href=\"https:\/\/www.eldiario.net\/portal\/2025\/07\/04\/feria-del-libro-de-la-paz-crecera-en-su-edicion-del-bicentenario\/\" \/>\n<meta property=\"og:locale\" content=\"es_ES\" \/>\n<meta property=\"og:type\" content=\"article\" \/>\n<meta property=\"og:title\" content=\"Feria del Libro de La Paz crecer\u00e1 en su Edici\u00f3n del Bicentenario - El Diario - Bolivia\" \/>\n<meta property=\"og:description\" content=\"La Feria Internacional del Libro de La Paz llega con su Edici\u00f3n Bicentenario para tomar los tres bloques (Rojo, Amarillo y Verde) del Campo Ferial Chuquiago Marka, ubicado en Seg\u00fcencoma, zona sur de la sede gobierno. As\u00ed, el importante encuentro cultural y literario crecer\u00e1 en su 29 edici\u00f3n. Del 30 de julio al 10 de [&hellip;]\" \/>\n<meta property=\"og:url\" content=\"https:\/\/www.eldiario.net\/portal\/2025\/07\/04\/feria-del-libro-de-la-paz-crecera-en-su-edicion-del-bicentenario\/\" \/>\n<meta property=\"og:site_name\" content=\"El Diario - Bolivia\" \/>\n<meta property=\"article:publisher\" content=\"https:\/\/www.facebook.com\/eldiario.bolivia\/\" \/>\n<meta property=\"article:published_time\" content=\"2025-07-04T04:44:14+00:00\" \/>\n<meta property=\"og:image\" content=\"https:\/\/www.eldiario.net\/portal\/wp-content\/uploads\/2025\/07\/1-PRINCIPAL-1.webp\" \/>\n\t<meta property=\"og:image:width\" content=\"1488\" \/>\n\t<meta property=\"og:image:height\" content=\"992\" \/>\n\t<meta property=\"og:image:type\" content=\"image\/webp\" \/>\n<meta name=\"author\" content=\"Jeanette\" \/>\n<meta name=\"twitter:card\" content=\"summary_large_image\" \/>\n<meta name=\"twitter:creator\" content=\"@eldiario_net\" \/>\n<meta name=\"twitter:site\" content=\"@eldiario_net\" \/>\n<meta name=\"twitter:label1\" content=\"Escrito por\" \/>\n\t<meta name=\"twitter:data1\" content=\"Jeanette\" \/>\n\t<meta name=\"twitter:label2\" content=\"Tiempo de lectura\" \/>\n\t<meta name=\"twitter:data2\" content=\"5 minutos\" \/>\n<script type=\"application\/ld+json\" class=\"yoast-schema-graph\">{\"@context\":\"https:\\\/\\\/schema.org\",\"@graph\":[{\"@type\":\"Article\",\"@id\":\"https:\\\/\\\/www.eldiario.net\\\/portal\\\/2025\\\/07\\\/04\\\/feria-del-libro-de-la-paz-crecera-en-su-edicion-del-bicentenario\\\/#article\",\"isPartOf\":{\"@id\":\"https:\\\/\\\/www.eldiario.net\\\/portal\\\/2025\\\/07\\\/04\\\/feria-del-libro-de-la-paz-crecera-en-su-edicion-del-bicentenario\\\/\"},\"author\":{\"name\":\"Jeanette\",\"@id\":\"https:\\\/\\\/www.eldiario.net\\\/portal\\\/#\\\/schema\\\/person\\\/2c57cf2b7a7ae032e449e4c9b1019eac\"},\"headline\":\"Feria del Libro de La Paz crecer\u00e1 en su Edici\u00f3n del Bicentenario\",\"datePublished\":\"2025-07-04T04:44:14+00:00\",\"mainEntityOfPage\":{\"@id\":\"https:\\\/\\\/www.eldiario.net\\\/portal\\\/2025\\\/07\\\/04\\\/feria-del-libro-de-la-paz-crecera-en-su-edicion-del-bicentenario\\\/\"},\"wordCount\":1048,\"publisher\":{\"@id\":\"https:\\\/\\\/www.eldiario.net\\\/portal\\\/#organization\"},\"image\":{\"@id\":\"https:\\\/\\\/www.eldiario.net\\\/portal\\\/2025\\\/07\\\/04\\\/feria-del-libro-de-la-paz-crecera-en-su-edicion-del-bicentenario\\\/#primaryimage\"},\"thumbnailUrl\":\"https:\\\/\\\/www.eldiario.net\\\/portal\\\/wp-content\\\/uploads\\\/2025\\\/07\\\/1-PRINCIPAL-1.webp\",\"articleSection\":[\"La Gu\u00eda\"],\"inLanguage\":\"es\"},{\"@type\":\"WebPage\",\"@id\":\"https:\\\/\\\/www.eldiario.net\\\/portal\\\/2025\\\/07\\\/04\\\/feria-del-libro-de-la-paz-crecera-en-su-edicion-del-bicentenario\\\/\",\"url\":\"https:\\\/\\\/www.eldiario.net\\\/portal\\\/2025\\\/07\\\/04\\\/feria-del-libro-de-la-paz-crecera-en-su-edicion-del-bicentenario\\\/\",\"name\":\"Feria del Libro de La Paz crecer\u00e1 en su Edici\u00f3n del Bicentenario - El Diario - Bolivia\",\"isPartOf\":{\"@id\":\"https:\\\/\\\/www.eldiario.net\\\/portal\\\/#website\"},\"primaryImageOfPage\":{\"@id\":\"https:\\\/\\\/www.eldiario.net\\\/portal\\\/2025\\\/07\\\/04\\\/feria-del-libro-de-la-paz-crecera-en-su-edicion-del-bicentenario\\\/#primaryimage\"},\"image\":{\"@id\":\"https:\\\/\\\/www.eldiario.net\\\/portal\\\/2025\\\/07\\\/04\\\/feria-del-libro-de-la-paz-crecera-en-su-edicion-del-bicentenario\\\/#primaryimage\"},\"thumbnailUrl\":\"https:\\\/\\\/www.eldiario.net\\\/portal\\\/wp-content\\\/uploads\\\/2025\\\/07\\\/1-PRINCIPAL-1.webp\",\"datePublished\":\"2025-07-04T04:44:14+00:00\",\"breadcrumb\":{\"@id\":\"https:\\\/\\\/www.eldiario.net\\\/portal\\\/2025\\\/07\\\/04\\\/feria-del-libro-de-la-paz-crecera-en-su-edicion-del-bicentenario\\\/#breadcrumb\"},\"inLanguage\":\"es\",\"potentialAction\":[{\"@type\":\"ReadAction\",\"target\":[\"https:\\\/\\\/www.eldiario.net\\\/portal\\\/2025\\\/07\\\/04\\\/feria-del-libro-de-la-paz-crecera-en-su-edicion-del-bicentenario\\\/\"]}]},{\"@type\":\"ImageObject\",\"inLanguage\":\"es\",\"@id\":\"https:\\\/\\\/www.eldiario.net\\\/portal\\\/2025\\\/07\\\/04\\\/feria-del-libro-de-la-paz-crecera-en-su-edicion-del-bicentenario\\\/#primaryimage\",\"url\":\"https:\\\/\\\/www.eldiario.net\\\/portal\\\/wp-content\\\/uploads\\\/2025\\\/07\\\/1-PRINCIPAL-1.webp\",\"contentUrl\":\"https:\\\/\\\/www.eldiario.net\\\/portal\\\/wp-content\\\/uploads\\\/2025\\\/07\\\/1-PRINCIPAL-1.webp\",\"width\":1488,\"height\":992},{\"@type\":\"BreadcrumbList\",\"@id\":\"https:\\\/\\\/www.eldiario.net\\\/portal\\\/2025\\\/07\\\/04\\\/feria-del-libro-de-la-paz-crecera-en-su-edicion-del-bicentenario\\\/#breadcrumb\",\"itemListElement\":[{\"@type\":\"ListItem\",\"position\":1,\"name\":\"Portada\",\"item\":\"https:\\\/\\\/www.eldiario.net\\\/portal\\\/\"},{\"@type\":\"ListItem\",\"position\":2,\"name\":\"Feria del Libro de La Paz crecer\u00e1 en su Edici\u00f3n del Bicentenario\"}]},{\"@type\":\"WebSite\",\"@id\":\"https:\\\/\\\/www.eldiario.net\\\/portal\\\/#website\",\"url\":\"https:\\\/\\\/www.eldiario.net\\\/portal\\\/\",\"name\":\"El Diario - Decano de la prensa nacional\",\"description\":\"El Diario - Decano de la prensa nacional\",\"publisher\":{\"@id\":\"https:\\\/\\\/www.eldiario.net\\\/portal\\\/#organization\"},\"potentialAction\":[{\"@type\":\"SearchAction\",\"target\":{\"@type\":\"EntryPoint\",\"urlTemplate\":\"https:\\\/\\\/www.eldiario.net\\\/portal\\\/?s={search_term_string}\"},\"query-input\":{\"@type\":\"PropertyValueSpecification\",\"valueRequired\":true,\"valueName\":\"search_term_string\"}}],\"inLanguage\":\"es\"},{\"@type\":\"Organization\",\"@id\":\"https:\\\/\\\/www.eldiario.net\\\/portal\\\/#organization\",\"name\":\"El Diario - Decano de la prensa nacional\",\"url\":\"https:\\\/\\\/www.eldiario.net\\\/portal\\\/\",\"logo\":{\"@type\":\"ImageObject\",\"inLanguage\":\"es\",\"@id\":\"https:\\\/\\\/www.eldiario.net\\\/portal\\\/#\\\/schema\\\/logo\\\/image\\\/\",\"url\":\"https:\\\/\\\/www.eldiario.net\\\/portal\\\/wp-content\\\/uploads\\\/2023\\\/07\\\/logo_ED.jpg\",\"contentUrl\":\"https:\\\/\\\/www.eldiario.net\\\/portal\\\/wp-content\\\/uploads\\\/2023\\\/07\\\/logo_ED.jpg\",\"width\":272,\"height\":52,\"caption\":\"El Diario - Decano de la prensa nacional\"},\"image\":{\"@id\":\"https:\\\/\\\/www.eldiario.net\\\/portal\\\/#\\\/schema\\\/logo\\\/image\\\/\"},\"sameAs\":[\"https:\\\/\\\/www.facebook.com\\\/eldiario.bolivia\\\/\",\"https:\\\/\\\/x.com\\\/eldiario_net\"]},{\"@type\":\"Person\",\"@id\":\"https:\\\/\\\/www.eldiario.net\\\/portal\\\/#\\\/schema\\\/person\\\/2c57cf2b7a7ae032e449e4c9b1019eac\",\"name\":\"Jeanette\",\"image\":{\"@type\":\"ImageObject\",\"inLanguage\":\"es\",\"@id\":\"https:\\\/\\\/secure.gravatar.com\\\/avatar\\\/3ea2118a5f7dad2b7138b1187a6b7ee55f160b9968b66013c3a3ef39dd7e5798?s=96&d=mm&r=g\",\"url\":\"https:\\\/\\\/secure.gravatar.com\\\/avatar\\\/3ea2118a5f7dad2b7138b1187a6b7ee55f160b9968b66013c3a3ef39dd7e5798?s=96&d=mm&r=g\",\"contentUrl\":\"https:\\\/\\\/secure.gravatar.com\\\/avatar\\\/3ea2118a5f7dad2b7138b1187a6b7ee55f160b9968b66013c3a3ef39dd7e5798?s=96&d=mm&r=g\",\"caption\":\"Jeanette\"},\"sameAs\":[\"https:\\\/\\\/www.eldiario.net\\\/portal\"],\"url\":\"https:\\\/\\\/www.eldiario.net\\\/portal\\\/author\\\/jeanette\\\/\"}]}<\/script>\n<!-- \/ Yoast SEO plugin. -->","yoast_head_json":{"title":"Feria del Libro de La Paz crecer\u00e1 en su Edici\u00f3n del Bicentenario - El Diario - Bolivia","robots":{"index":"index","follow":"follow","max-snippet":"max-snippet:-1","max-image-preview":"max-image-preview:large","max-video-preview":"max-video-preview:-1"},"canonical":"https:\/\/www.eldiario.net\/portal\/2025\/07\/04\/feria-del-libro-de-la-paz-crecera-en-su-edicion-del-bicentenario\/","og_locale":"es_ES","og_type":"article","og_title":"Feria del Libro de La Paz crecer\u00e1 en su Edici\u00f3n del Bicentenario - El Diario - Bolivia","og_description":"La Feria Internacional del Libro de La Paz llega con su Edici\u00f3n Bicentenario para tomar los tres bloques (Rojo, Amarillo y Verde) del Campo Ferial Chuquiago Marka, ubicado en Seg\u00fcencoma, zona sur de la sede gobierno. As\u00ed, el importante encuentro cultural y literario crecer\u00e1 en su 29 edici\u00f3n. Del 30 de julio al 10 de [&hellip;]","og_url":"https:\/\/www.eldiario.net\/portal\/2025\/07\/04\/feria-del-libro-de-la-paz-crecera-en-su-edicion-del-bicentenario\/","og_site_name":"El Diario - Bolivia","article_publisher":"https:\/\/www.facebook.com\/eldiario.bolivia\/","article_published_time":"2025-07-04T04:44:14+00:00","og_image":[{"width":1488,"height":992,"url":"https:\/\/www.eldiario.net\/portal\/wp-content\/uploads\/2025\/07\/1-PRINCIPAL-1.webp","type":"image\/webp"}],"author":"Jeanette","twitter_card":"summary_large_image","twitter_creator":"@eldiario_net","twitter_site":"@eldiario_net","twitter_misc":{"Escrito por":"Jeanette","Tiempo de lectura":"5 minutos"},"schema":{"@context":"https:\/\/schema.org","@graph":[{"@type":"Article","@id":"https:\/\/www.eldiario.net\/portal\/2025\/07\/04\/feria-del-libro-de-la-paz-crecera-en-su-edicion-del-bicentenario\/#article","isPartOf":{"@id":"https:\/\/www.eldiario.net\/portal\/2025\/07\/04\/feria-del-libro-de-la-paz-crecera-en-su-edicion-del-bicentenario\/"},"author":{"name":"Jeanette","@id":"https:\/\/www.eldiario.net\/portal\/#\/schema\/person\/2c57cf2b7a7ae032e449e4c9b1019eac"},"headline":"Feria del Libro de La Paz crecer\u00e1 en su Edici\u00f3n del Bicentenario","datePublished":"2025-07-04T04:44:14+00:00","mainEntityOfPage":{"@id":"https:\/\/www.eldiario.net\/portal\/2025\/07\/04\/feria-del-libro-de-la-paz-crecera-en-su-edicion-del-bicentenario\/"},"wordCount":1048,"publisher":{"@id":"https:\/\/www.eldiario.net\/portal\/#organization"},"image":{"@id":"https:\/\/www.eldiario.net\/portal\/2025\/07\/04\/feria-del-libro-de-la-paz-crecera-en-su-edicion-del-bicentenario\/#primaryimage"},"thumbnailUrl":"https:\/\/www.eldiario.net\/portal\/wp-content\/uploads\/2025\/07\/1-PRINCIPAL-1.webp","articleSection":["La Gu\u00eda"],"inLanguage":"es"},{"@type":"WebPage","@id":"https:\/\/www.eldiario.net\/portal\/2025\/07\/04\/feria-del-libro-de-la-paz-crecera-en-su-edicion-del-bicentenario\/","url":"https:\/\/www.eldiario.net\/portal\/2025\/07\/04\/feria-del-libro-de-la-paz-crecera-en-su-edicion-del-bicentenario\/","name":"Feria del Libro de La Paz crecer\u00e1 en su Edici\u00f3n del Bicentenario - El Diario - Bolivia","isPartOf":{"@id":"https:\/\/www.eldiario.net\/portal\/#website"},"primaryImageOfPage":{"@id":"https:\/\/www.eldiario.net\/portal\/2025\/07\/04\/feria-del-libro-de-la-paz-crecera-en-su-edicion-del-bicentenario\/#primaryimage"},"image":{"@id":"https:\/\/www.eldiario.net\/portal\/2025\/07\/04\/feria-del-libro-de-la-paz-crecera-en-su-edicion-del-bicentenario\/#primaryimage"},"thumbnailUrl":"https:\/\/www.eldiario.net\/portal\/wp-content\/uploads\/2025\/07\/1-PRINCIPAL-1.webp","datePublished":"2025-07-04T04:44:14+00:00","breadcrumb":{"@id":"https:\/\/www.eldiario.net\/portal\/2025\/07\/04\/feria-del-libro-de-la-paz-crecera-en-su-edicion-del-bicentenario\/#breadcrumb"},"inLanguage":"es","potentialAction":[{"@type":"ReadAction","target":["https:\/\/www.eldiario.net\/portal\/2025\/07\/04\/feria-del-libro-de-la-paz-crecera-en-su-edicion-del-bicentenario\/"]}]},{"@type":"ImageObject","inLanguage":"es","@id":"https:\/\/www.eldiario.net\/portal\/2025\/07\/04\/feria-del-libro-de-la-paz-crecera-en-su-edicion-del-bicentenario\/#primaryimage","url":"https:\/\/www.eldiario.net\/portal\/wp-content\/uploads\/2025\/07\/1-PRINCIPAL-1.webp","contentUrl":"https:\/\/www.eldiario.net\/portal\/wp-content\/uploads\/2025\/07\/1-PRINCIPAL-1.webp","width":1488,"height":992},{"@type":"BreadcrumbList","@id":"https:\/\/www.eldiario.net\/portal\/2025\/07\/04\/feria-del-libro-de-la-paz-crecera-en-su-edicion-del-bicentenario\/#breadcrumb","itemListElement":[{"@type":"ListItem","position":1,"name":"Portada","item":"https:\/\/www.eldiario.net\/portal\/"},{"@type":"ListItem","position":2,"name":"Feria del Libro de La Paz crecer\u00e1 en su Edici\u00f3n del Bicentenario"}]},{"@type":"WebSite","@id":"https:\/\/www.eldiario.net\/portal\/#website","url":"https:\/\/www.eldiario.net\/portal\/","name":"El Diario - Decano de la prensa nacional","description":"El Diario - Decano de la prensa nacional","publisher":{"@id":"https:\/\/www.eldiario.net\/portal\/#organization"},"potentialAction":[{"@type":"SearchAction","target":{"@type":"EntryPoint","urlTemplate":"https:\/\/www.eldiario.net\/portal\/?s={search_term_string}"},"query-input":{"@type":"PropertyValueSpecification","valueRequired":true,"valueName":"search_term_string"}}],"inLanguage":"es"},{"@type":"Organization","@id":"https:\/\/www.eldiario.net\/portal\/#organization","name":"El Diario - Decano de la prensa nacional","url":"https:\/\/www.eldiario.net\/portal\/","logo":{"@type":"ImageObject","inLanguage":"es","@id":"https:\/\/www.eldiario.net\/portal\/#\/schema\/logo\/image\/","url":"https:\/\/www.eldiario.net\/portal\/wp-content\/uploads\/2023\/07\/logo_ED.jpg","contentUrl":"https:\/\/www.eldiario.net\/portal\/wp-content\/uploads\/2023\/07\/logo_ED.jpg","width":272,"height":52,"caption":"El Diario - Decano de la prensa nacional"},"image":{"@id":"https:\/\/www.eldiario.net\/portal\/#\/schema\/logo\/image\/"},"sameAs":["https:\/\/www.facebook.com\/eldiario.bolivia\/","https:\/\/x.com\/eldiario_net"]},{"@type":"Person","@id":"https:\/\/www.eldiario.net\/portal\/#\/schema\/person\/2c57cf2b7a7ae032e449e4c9b1019eac","name":"Jeanette","image":{"@type":"ImageObject","inLanguage":"es","@id":"https:\/\/secure.gravatar.com\/avatar\/3ea2118a5f7dad2b7138b1187a6b7ee55f160b9968b66013c3a3ef39dd7e5798?s=96&d=mm&r=g","url":"https:\/\/secure.gravatar.com\/avatar\/3ea2118a5f7dad2b7138b1187a6b7ee55f160b9968b66013c3a3ef39dd7e5798?s=96&d=mm&r=g","contentUrl":"https:\/\/secure.gravatar.com\/avatar\/3ea2118a5f7dad2b7138b1187a6b7ee55f160b9968b66013c3a3ef39dd7e5798?s=96&d=mm&r=g","caption":"Jeanette"},"sameAs":["https:\/\/www.eldiario.net\/portal"],"url":"https:\/\/www.eldiario.net\/portal\/author\/jeanette\/"}]}},"_links":{"self":[{"href":"https:\/\/www.eldiario.net\/portal\/wp-json\/wp\/v2\/posts\/314089","targetHints":{"allow":["GET"]}}],"collection":[{"href":"https:\/\/www.eldiario.net\/portal\/wp-json\/wp\/v2\/posts"}],"about":[{"href":"https:\/\/www.eldiario.net\/portal\/wp-json\/wp\/v2\/types\/post"}],"author":[{"embeddable":true,"href":"https:\/\/www.eldiario.net\/portal\/wp-json\/wp\/v2\/users\/1"}],"replies":[{"embeddable":true,"href":"https:\/\/www.eldiario.net\/portal\/wp-json\/wp\/v2\/comments?post=314089"}],"version-history":[{"count":1,"href":"https:\/\/www.eldiario.net\/portal\/wp-json\/wp\/v2\/posts\/314089\/revisions"}],"predecessor-version":[{"id":314095,"href":"https:\/\/www.eldiario.net\/portal\/wp-json\/wp\/v2\/posts\/314089\/revisions\/314095"}],"wp:featuredmedia":[{"embeddable":true,"href":"https:\/\/www.eldiario.net\/portal\/wp-json\/wp\/v2\/media\/314090"}],"wp:attachment":[{"href":"https:\/\/www.eldiario.net\/portal\/wp-json\/wp\/v2\/media?parent=314089"}],"wp:term":[{"taxonomy":"category","embeddable":true,"href":"https:\/\/www.eldiario.net\/portal\/wp-json\/wp\/v2\/categories?post=314089"},{"taxonomy":"post_tag","embeddable":true,"href":"https:\/\/www.eldiario.net\/portal\/wp-json\/wp\/v2\/tags?post=314089"}],"curies":[{"name":"wp","href":"https:\/\/api.w.org\/{rel}","templated":true}]}}