{"id":313799,"date":"2025-07-02T06:49:34","date_gmt":"2025-07-02T10:49:34","guid":{"rendered":"https:\/\/www.eldiario.net\/portal\/?p=313799"},"modified":"2025-07-02T06:49:34","modified_gmt":"2025-07-02T10:49:34","slug":"sedes-de-potosi-reporta-dos-nuevos-casos-de-sarampion","status":"publish","type":"post","link":"https:\/\/www.eldiario.net\/portal\/2025\/07\/02\/sedes-de-potosi-reporta-dos-nuevos-casos-de-sarampion\/","title":{"rendered":"Sedes de Potos\u00ed reporta dos  nuevos casos de sarampi\u00f3n"},"content":{"rendered":"<p>El Servicio Departamental de Salud (Sedes) de Potos\u00ed report\u00f3 ayer dos nuevos casos de sarampi\u00f3n confirmados, con los cuales ya suman tres contagiados.<br \/>\nEl director del Sedes, Claudio Escalante, indic\u00f3 que los dos casos positivos fueron confirmados por el laboratorio del Instituto Nacional de Laboratorios de Salud (Inlasa) y son del municipio de Atocha.<br \/>\nEscalante detall\u00f3 que los pacientes tienen 28 y 31 a\u00f1os de edad, un var\u00f3n y una mujer.<br \/>\nCon esto, en el departamento se registraron 20 casos sospechosos y los positivos ya suman tres, uno ya est\u00e1 recuperado.<br \/>\nLa autoridad explic\u00f3 que los personeros de salud asumen medidas en el municipio de Atocha para ejecutar la contenci\u00f3n del virus.<br \/>\nSANTA CRUZ<br \/>\nAnte el aumento de los casos de sarampi\u00f3n en el departamento, el Servicio Departamental de Salud (Sedes) de la Gobernaci\u00f3n de Santa Cruz instal\u00f3 un nuevo punto de vacunaci\u00f3n permanente para ni\u00f1os hasta nueve a\u00f1os y de control de la enfermedad en el aeropuerto internacional de Viru Viru; este se suma al instalado el pasado viernes en la Terminal Bimodal de la capital.<br \/>\nAdem\u00e1s de las dosis de sarampi\u00f3n (SRP), tambi\u00e9n hay de influenza y covid-19 en dicha terminal aeroportuaria. \u201cPara todo ni\u00f1o menor de 10 a\u00f1os que llegue al aeropuerto o salga, est\u00e1 la vacuna ofertada de manera permanente, los 7 d\u00edas de la semana en el aeropuerto (Viru Viru)\u201d, se\u00f1al\u00f3 Dorian Jim\u00e9nez. (Potos\u00ed\/Santa Cruz, agencias)<\/p>\n","protected":false},"excerpt":{"rendered":"<p>El Servicio Departamental de Salud (Sedes) de Potos\u00ed report\u00f3 ayer dos nuevos casos de sarampi\u00f3n confirmados, con los cuales ya suman tres contagiados. El director del Sedes, Claudio Escalante, indic\u00f3 que los dos casos positivos fueron confirmados por el laboratorio del Instituto Nacional de Laboratorios de Salud (Inlasa) y son del municipio de Atocha. Escalante [&hellip;]<\/p>\n","protected":false},"author":1,"featured_media":313800,"comment_status":"closed","ping_status":"open","sticky":false,"template":"","format":"standard","meta":{"_acf_changed":false,"footnotes":""},"categories":[12],"tags":[],"class_list":["post-313799","post","type-post","status-publish","format-standard","has-post-thumbnail","category-nacional"],"acf":{"antetitulo":""},"yoast_head":"<!-- This site is optimized with the Yoast SEO plugin v28.3 - https:\/\/yoast.com\/product\/yoast-seo-wordpress\/ -->\n<title>Sedes de Potos\u00ed reporta dos nuevos casos de sarampi\u00f3n - El Diario - Bolivia<\/title>\n<meta name=\"robots\" content=\"index, follow, max-snippet:-1, max-image-preview:large, max-video-preview:-1\" \/>\n<link rel=\"canonical\" href=\"https:\/\/www.eldiario.net\/portal\/2025\/07\/02\/sedes-de-potosi-reporta-dos-nuevos-casos-de-sarampion\/\" \/>\n<meta property=\"og:locale\" content=\"es_ES\" \/>\n<meta property=\"og:type\" content=\"article\" \/>\n<meta property=\"og:title\" content=\"Sedes de Potos\u00ed reporta dos nuevos casos de sarampi\u00f3n - El Diario - Bolivia\" \/>\n<meta property=\"og:description\" content=\"El Servicio Departamental de Salud (Sedes) de Potos\u00ed report\u00f3 ayer dos nuevos casos de sarampi\u00f3n confirmados, con los cuales ya suman tres contagiados. El director del Sedes, Claudio Escalante, indic\u00f3 que los dos casos positivos fueron confirmados por el laboratorio del Instituto Nacional de Laboratorios de Salud (Inlasa) y son del municipio de Atocha. Escalante [&hellip;]\" \/>\n<meta property=\"og:url\" content=\"https:\/\/www.eldiario.net\/portal\/2025\/07\/02\/sedes-de-potosi-reporta-dos-nuevos-casos-de-sarampion\/\" \/>\n<meta property=\"og:site_name\" content=\"El Diario - Bolivia\" \/>\n<meta property=\"article:publisher\" content=\"https:\/\/www.facebook.com\/eldiario.bolivia\/\" \/>\n<meta property=\"article:published_time\" content=\"2025-07-02T10:49:34+00:00\" \/>\n<meta property=\"og:image\" content=\"https:\/\/www.eldiario.net\/portal\/wp-content\/uploads\/2025\/07\/10-NAL-COLOR.webp\" \/>\n\t<meta property=\"og:image:width\" content=\"1200\" \/>\n\t<meta property=\"og:image:height\" content=\"676\" \/>\n\t<meta property=\"og:image:type\" content=\"image\/webp\" \/>\n<meta name=\"author\" content=\"Jeanette\" \/>\n<meta name=\"twitter:card\" content=\"summary_large_image\" \/>\n<meta name=\"twitter:creator\" content=\"@eldiario_net\" \/>\n<meta name=\"twitter:site\" content=\"@eldiario_net\" \/>\n<meta name=\"twitter:label1\" content=\"Escrito por\" \/>\n\t<meta name=\"twitter:data1\" content=\"Jeanette\" \/>\n\t<meta name=\"twitter:label2\" content=\"Tiempo de lectura\" \/>\n\t<meta name=\"twitter:data2\" content=\"2 minutos\" \/>\n<script type=\"application\/ld+json\" class=\"yoast-schema-graph\">{\"@context\":\"https:\\\/\\\/schema.org\",\"@graph\":[{\"@type\":\"Article\",\"@id\":\"https:\\\/\\\/www.eldiario.net\\\/portal\\\/2025\\\/07\\\/02\\\/sedes-de-potosi-reporta-dos-nuevos-casos-de-sarampion\\\/#article\",\"isPartOf\":{\"@id\":\"https:\\\/\\\/www.eldiario.net\\\/portal\\\/2025\\\/07\\\/02\\\/sedes-de-potosi-reporta-dos-nuevos-casos-de-sarampion\\\/\"},\"author\":{\"name\":\"Jeanette\",\"@id\":\"https:\\\/\\\/www.eldiario.net\\\/portal\\\/#\\\/schema\\\/person\\\/f46445640444750d7d753ccd04ae01b7\"},\"headline\":\"Sedes de Potos\u00ed reporta dos nuevos casos de sarampi\u00f3n\",\"datePublished\":\"2025-07-02T10:49:34+00:00\",\"mainEntityOfPage\":{\"@id\":\"https:\\\/\\\/www.eldiario.net\\\/portal\\\/2025\\\/07\\\/02\\\/sedes-de-potosi-reporta-dos-nuevos-casos-de-sarampion\\\/\"},\"wordCount\":254,\"publisher\":{\"@id\":\"https:\\\/\\\/www.eldiario.net\\\/portal\\\/#organization\"},\"image\":{\"@id\":\"https:\\\/\\\/www.eldiario.net\\\/portal\\\/2025\\\/07\\\/02\\\/sedes-de-potosi-reporta-dos-nuevos-casos-de-sarampion\\\/#primaryimage\"},\"thumbnailUrl\":\"https:\\\/\\\/www.eldiario.net\\\/portal\\\/wp-content\\\/uploads\\\/2025\\\/07\\\/10-NAL-COLOR.webp\",\"articleSection\":[\"Nacional\"],\"inLanguage\":\"es\"},{\"@type\":\"WebPage\",\"@id\":\"https:\\\/\\\/www.eldiario.net\\\/portal\\\/2025\\\/07\\\/02\\\/sedes-de-potosi-reporta-dos-nuevos-casos-de-sarampion\\\/\",\"url\":\"https:\\\/\\\/www.eldiario.net\\\/portal\\\/2025\\\/07\\\/02\\\/sedes-de-potosi-reporta-dos-nuevos-casos-de-sarampion\\\/\",\"name\":\"Sedes de Potos\u00ed reporta dos nuevos casos de sarampi\u00f3n - El Diario - Bolivia\",\"isPartOf\":{\"@id\":\"https:\\\/\\\/www.eldiario.net\\\/portal\\\/#website\"},\"primaryImageOfPage\":{\"@id\":\"https:\\\/\\\/www.eldiario.net\\\/portal\\\/2025\\\/07\\\/02\\\/sedes-de-potosi-reporta-dos-nuevos-casos-de-sarampion\\\/#primaryimage\"},\"image\":{\"@id\":\"https:\\\/\\\/www.eldiario.net\\\/portal\\\/2025\\\/07\\\/02\\\/sedes-de-potosi-reporta-dos-nuevos-casos-de-sarampion\\\/#primaryimage\"},\"thumbnailUrl\":\"https:\\\/\\\/www.eldiario.net\\\/portal\\\/wp-content\\\/uploads\\\/2025\\\/07\\\/10-NAL-COLOR.webp\",\"datePublished\":\"2025-07-02T10:49:34+00:00\",\"breadcrumb\":{\"@id\":\"https:\\\/\\\/www.eldiario.net\\\/portal\\\/2025\\\/07\\\/02\\\/sedes-de-potosi-reporta-dos-nuevos-casos-de-sarampion\\\/#breadcrumb\"},\"inLanguage\":\"es\",\"potentialAction\":[{\"@type\":\"ReadAction\",\"target\":[\"https:\\\/\\\/www.eldiario.net\\\/portal\\\/2025\\\/07\\\/02\\\/sedes-de-potosi-reporta-dos-nuevos-casos-de-sarampion\\\/\"]}]},{\"@type\":\"ImageObject\",\"inLanguage\":\"es\",\"@id\":\"https:\\\/\\\/www.eldiario.net\\\/portal\\\/2025\\\/07\\\/02\\\/sedes-de-potosi-reporta-dos-nuevos-casos-de-sarampion\\\/#primaryimage\",\"url\":\"https:\\\/\\\/www.eldiario.net\\\/portal\\\/wp-content\\\/uploads\\\/2025\\\/07\\\/10-NAL-COLOR.webp\",\"contentUrl\":\"https:\\\/\\\/www.eldiario.net\\\/portal\\\/wp-content\\\/uploads\\\/2025\\\/07\\\/10-NAL-COLOR.webp\",\"width\":1200,\"height\":676,\"caption\":\"PUNTO DE VACUNACI\u00d3N EN EL AEROPUERTO DE VIRU VIRU.\"},{\"@type\":\"BreadcrumbList\",\"@id\":\"https:\\\/\\\/www.eldiario.net\\\/portal\\\/2025\\\/07\\\/02\\\/sedes-de-potosi-reporta-dos-nuevos-casos-de-sarampion\\\/#breadcrumb\",\"itemListElement\":[{\"@type\":\"ListItem\",\"position\":1,\"name\":\"Portada\",\"item\":\"https:\\\/\\\/www.eldiario.net\\\/portal\\\/\"},{\"@type\":\"ListItem\",\"position\":2,\"name\":\"Sedes de Potos\u00ed reporta dos nuevos casos de sarampi\u00f3n\"}]},{\"@type\":\"WebSite\",\"@id\":\"https:\\\/\\\/www.eldiario.net\\\/portal\\\/#website\",\"url\":\"https:\\\/\\\/www.eldiario.net\\\/portal\\\/\",\"name\":\"El Diario - Decano de la prensa nacional\",\"description\":\"El Diario - Decano de la prensa nacional\",\"publisher\":{\"@id\":\"https:\\\/\\\/www.eldiario.net\\\/portal\\\/#organization\"},\"potentialAction\":[{\"@type\":\"SearchAction\",\"target\":{\"@type\":\"EntryPoint\",\"urlTemplate\":\"https:\\\/\\\/www.eldiario.net\\\/portal\\\/?s={search_term_string}\"},\"query-input\":{\"@type\":\"PropertyValueSpecification\",\"valueRequired\":true,\"valueName\":\"search_term_string\"}}],\"inLanguage\":\"es\"},{\"@type\":\"Organization\",\"@id\":\"https:\\\/\\\/www.eldiario.net\\\/portal\\\/#organization\",\"name\":\"El Diario - Decano de la prensa nacional\",\"url\":\"https:\\\/\\\/www.eldiario.net\\\/portal\\\/\",\"logo\":{\"@type\":\"ImageObject\",\"inLanguage\":\"es\",\"@id\":\"https:\\\/\\\/www.eldiario.net\\\/portal\\\/#\\\/schema\\\/logo\\\/image\\\/\",\"url\":\"https:\\\/\\\/www.eldiario.net\\\/portal\\\/wp-content\\\/uploads\\\/2023\\\/07\\\/logo_ED.jpg\",\"contentUrl\":\"https:\\\/\\\/www.eldiario.net\\\/portal\\\/wp-content\\\/uploads\\\/2023\\\/07\\\/logo_ED.jpg\",\"width\":272,\"height\":52,\"caption\":\"El Diario - Decano de la prensa nacional\"},\"image\":{\"@id\":\"https:\\\/\\\/www.eldiario.net\\\/portal\\\/#\\\/schema\\\/logo\\\/image\\\/\"},\"sameAs\":[\"https:\\\/\\\/www.facebook.com\\\/eldiario.bolivia\\\/\",\"https:\\\/\\\/x.com\\\/eldiario_net\"]},{\"@type\":\"Person\",\"@id\":\"https:\\\/\\\/www.eldiario.net\\\/portal\\\/#\\\/schema\\\/person\\\/f46445640444750d7d753ccd04ae01b7\",\"name\":\"Jeanette\",\"image\":{\"@type\":\"ImageObject\",\"inLanguage\":\"es\",\"@id\":\"https:\\\/\\\/secure.gravatar.com\\\/avatar\\\/3ea2118a5f7dad2b7138b1187a6b7ee55f160b9968b66013c3a3ef39dd7e5798?s=96&d=mm&r=g\",\"url\":\"https:\\\/\\\/secure.gravatar.com\\\/avatar\\\/3ea2118a5f7dad2b7138b1187a6b7ee55f160b9968b66013c3a3ef39dd7e5798?s=96&d=mm&r=g\",\"contentUrl\":\"https:\\\/\\\/secure.gravatar.com\\\/avatar\\\/3ea2118a5f7dad2b7138b1187a6b7ee55f160b9968b66013c3a3ef39dd7e5798?s=96&d=mm&r=g\",\"caption\":\"Jeanette\"},\"sameAs\":[\"https:\\\/\\\/www.eldiario.net\\\/portal\"],\"url\":\"https:\\\/\\\/www.eldiario.net\\\/portal\\\/author\\\/jeanette\\\/\"}]}<\/script>\n<!-- \/ Yoast SEO plugin. -->","yoast_head_json":{"title":"Sedes de Potos\u00ed reporta dos nuevos casos de sarampi\u00f3n - El Diario - Bolivia","robots":{"index":"index","follow":"follow","max-snippet":"max-snippet:-1","max-image-preview":"max-image-preview:large","max-video-preview":"max-video-preview:-1"},"canonical":"https:\/\/www.eldiario.net\/portal\/2025\/07\/02\/sedes-de-potosi-reporta-dos-nuevos-casos-de-sarampion\/","og_locale":"es_ES","og_type":"article","og_title":"Sedes de Potos\u00ed reporta dos nuevos casos de sarampi\u00f3n - El Diario - Bolivia","og_description":"El Servicio Departamental de Salud (Sedes) de Potos\u00ed report\u00f3 ayer dos nuevos casos de sarampi\u00f3n confirmados, con los cuales ya suman tres contagiados. El director del Sedes, Claudio Escalante, indic\u00f3 que los dos casos positivos fueron confirmados por el laboratorio del Instituto Nacional de Laboratorios de Salud (Inlasa) y son del municipio de Atocha. Escalante [&hellip;]","og_url":"https:\/\/www.eldiario.net\/portal\/2025\/07\/02\/sedes-de-potosi-reporta-dos-nuevos-casos-de-sarampion\/","og_site_name":"El Diario - Bolivia","article_publisher":"https:\/\/www.facebook.com\/eldiario.bolivia\/","article_published_time":"2025-07-02T10:49:34+00:00","og_image":[{"width":1200,"height":676,"url":"https:\/\/www.eldiario.net\/portal\/wp-content\/uploads\/2025\/07\/10-NAL-COLOR.webp","type":"image\/webp"}],"author":"Jeanette","twitter_card":"summary_large_image","twitter_creator":"@eldiario_net","twitter_site":"@eldiario_net","twitter_misc":{"Escrito por":"Jeanette","Tiempo de lectura":"2 minutos"},"schema":{"@context":"https:\/\/schema.org","@graph":[{"@type":"Article","@id":"https:\/\/www.eldiario.net\/portal\/2025\/07\/02\/sedes-de-potosi-reporta-dos-nuevos-casos-de-sarampion\/#article","isPartOf":{"@id":"https:\/\/www.eldiario.net\/portal\/2025\/07\/02\/sedes-de-potosi-reporta-dos-nuevos-casos-de-sarampion\/"},"author":{"name":"Jeanette","@id":"https:\/\/www.eldiario.net\/portal\/#\/schema\/person\/f46445640444750d7d753ccd04ae01b7"},"headline":"Sedes de Potos\u00ed reporta dos nuevos casos de sarampi\u00f3n","datePublished":"2025-07-02T10:49:34+00:00","mainEntityOfPage":{"@id":"https:\/\/www.eldiario.net\/portal\/2025\/07\/02\/sedes-de-potosi-reporta-dos-nuevos-casos-de-sarampion\/"},"wordCount":254,"publisher":{"@id":"https:\/\/www.eldiario.net\/portal\/#organization"},"image":{"@id":"https:\/\/www.eldiario.net\/portal\/2025\/07\/02\/sedes-de-potosi-reporta-dos-nuevos-casos-de-sarampion\/#primaryimage"},"thumbnailUrl":"https:\/\/www.eldiario.net\/portal\/wp-content\/uploads\/2025\/07\/10-NAL-COLOR.webp","articleSection":["Nacional"],"inLanguage":"es"},{"@type":"WebPage","@id":"https:\/\/www.eldiario.net\/portal\/2025\/07\/02\/sedes-de-potosi-reporta-dos-nuevos-casos-de-sarampion\/","url":"https:\/\/www.eldiario.net\/portal\/2025\/07\/02\/sedes-de-potosi-reporta-dos-nuevos-casos-de-sarampion\/","name":"Sedes de Potos\u00ed reporta dos nuevos casos de sarampi\u00f3n - El Diario - Bolivia","isPartOf":{"@id":"https:\/\/www.eldiario.net\/portal\/#website"},"primaryImageOfPage":{"@id":"https:\/\/www.eldiario.net\/portal\/2025\/07\/02\/sedes-de-potosi-reporta-dos-nuevos-casos-de-sarampion\/#primaryimage"},"image":{"@id":"https:\/\/www.eldiario.net\/portal\/2025\/07\/02\/sedes-de-potosi-reporta-dos-nuevos-casos-de-sarampion\/#primaryimage"},"thumbnailUrl":"https:\/\/www.eldiario.net\/portal\/wp-content\/uploads\/2025\/07\/10-NAL-COLOR.webp","datePublished":"2025-07-02T10:49:34+00:00","breadcrumb":{"@id":"https:\/\/www.eldiario.net\/portal\/2025\/07\/02\/sedes-de-potosi-reporta-dos-nuevos-casos-de-sarampion\/#breadcrumb"},"inLanguage":"es","potentialAction":[{"@type":"ReadAction","target":["https:\/\/www.eldiario.net\/portal\/2025\/07\/02\/sedes-de-potosi-reporta-dos-nuevos-casos-de-sarampion\/"]}]},{"@type":"ImageObject","inLanguage":"es","@id":"https:\/\/www.eldiario.net\/portal\/2025\/07\/02\/sedes-de-potosi-reporta-dos-nuevos-casos-de-sarampion\/#primaryimage","url":"https:\/\/www.eldiario.net\/portal\/wp-content\/uploads\/2025\/07\/10-NAL-COLOR.webp","contentUrl":"https:\/\/www.eldiario.net\/portal\/wp-content\/uploads\/2025\/07\/10-NAL-COLOR.webp","width":1200,"height":676,"caption":"PUNTO DE VACUNACI\u00d3N EN EL AEROPUERTO DE VIRU VIRU."},{"@type":"BreadcrumbList","@id":"https:\/\/www.eldiario.net\/portal\/2025\/07\/02\/sedes-de-potosi-reporta-dos-nuevos-casos-de-sarampion\/#breadcrumb","itemListElement":[{"@type":"ListItem","position":1,"name":"Portada","item":"https:\/\/www.eldiario.net\/portal\/"},{"@type":"ListItem","position":2,"name":"Sedes de Potos\u00ed reporta dos nuevos casos de sarampi\u00f3n"}]},{"@type":"WebSite","@id":"https:\/\/www.eldiario.net\/portal\/#website","url":"https:\/\/www.eldiario.net\/portal\/","name":"El Diario - Decano de la prensa nacional","description":"El Diario - Decano de la prensa nacional","publisher":{"@id":"https:\/\/www.eldiario.net\/portal\/#organization"},"potentialAction":[{"@type":"SearchAction","target":{"@type":"EntryPoint","urlTemplate":"https:\/\/www.eldiario.net\/portal\/?s={search_term_string}"},"query-input":{"@type":"PropertyValueSpecification","valueRequired":true,"valueName":"search_term_string"}}],"inLanguage":"es"},{"@type":"Organization","@id":"https:\/\/www.eldiario.net\/portal\/#organization","name":"El Diario - Decano de la prensa nacional","url":"https:\/\/www.eldiario.net\/portal\/","logo":{"@type":"ImageObject","inLanguage":"es","@id":"https:\/\/www.eldiario.net\/portal\/#\/schema\/logo\/image\/","url":"https:\/\/www.eldiario.net\/portal\/wp-content\/uploads\/2023\/07\/logo_ED.jpg","contentUrl":"https:\/\/www.eldiario.net\/portal\/wp-content\/uploads\/2023\/07\/logo_ED.jpg","width":272,"height":52,"caption":"El Diario - Decano de la prensa nacional"},"image":{"@id":"https:\/\/www.eldiario.net\/portal\/#\/schema\/logo\/image\/"},"sameAs":["https:\/\/www.facebook.com\/eldiario.bolivia\/","https:\/\/x.com\/eldiario_net"]},{"@type":"Person","@id":"https:\/\/www.eldiario.net\/portal\/#\/schema\/person\/f46445640444750d7d753ccd04ae01b7","name":"Jeanette","image":{"@type":"ImageObject","inLanguage":"es","@id":"https:\/\/secure.gravatar.com\/avatar\/3ea2118a5f7dad2b7138b1187a6b7ee55f160b9968b66013c3a3ef39dd7e5798?s=96&d=mm&r=g","url":"https:\/\/secure.gravatar.com\/avatar\/3ea2118a5f7dad2b7138b1187a6b7ee55f160b9968b66013c3a3ef39dd7e5798?s=96&d=mm&r=g","contentUrl":"https:\/\/secure.gravatar.com\/avatar\/3ea2118a5f7dad2b7138b1187a6b7ee55f160b9968b66013c3a3ef39dd7e5798?s=96&d=mm&r=g","caption":"Jeanette"},"sameAs":["https:\/\/www.eldiario.net\/portal"],"url":"https:\/\/www.eldiario.net\/portal\/author\/jeanette\/"}]}},"_links":{"self":[{"href":"https:\/\/www.eldiario.net\/portal\/wp-json\/wp\/v2\/posts\/313799","targetHints":{"allow":["GET"]}}],"collection":[{"href":"https:\/\/www.eldiario.net\/portal\/wp-json\/wp\/v2\/posts"}],"about":[{"href":"https:\/\/www.eldiario.net\/portal\/wp-json\/wp\/v2\/types\/post"}],"author":[{"embeddable":true,"href":"https:\/\/www.eldiario.net\/portal\/wp-json\/wp\/v2\/users\/1"}],"replies":[{"embeddable":true,"href":"https:\/\/www.eldiario.net\/portal\/wp-json\/wp\/v2\/comments?post=313799"}],"version-history":[{"count":1,"href":"https:\/\/www.eldiario.net\/portal\/wp-json\/wp\/v2\/posts\/313799\/revisions"}],"predecessor-version":[{"id":313801,"href":"https:\/\/www.eldiario.net\/portal\/wp-json\/wp\/v2\/posts\/313799\/revisions\/313801"}],"wp:featuredmedia":[{"embeddable":true,"href":"https:\/\/www.eldiario.net\/portal\/wp-json\/wp\/v2\/media\/313800"}],"wp:attachment":[{"href":"https:\/\/www.eldiario.net\/portal\/wp-json\/wp\/v2\/media?parent=313799"}],"wp:term":[{"taxonomy":"category","embeddable":true,"href":"https:\/\/www.eldiario.net\/portal\/wp-json\/wp\/v2\/categories?post=313799"},{"taxonomy":"post_tag","embeddable":true,"href":"https:\/\/www.eldiario.net\/portal\/wp-json\/wp\/v2\/tags?post=313799"}],"curies":[{"name":"wp","href":"https:\/\/api.w.org\/{rel}","templated":true}]}}