{"id":313648,"date":"2025-07-02T01:34:55","date_gmt":"2025-07-02T05:34:55","guid":{"rendered":"https:\/\/www.eldiario.net\/portal\/?p=313648"},"modified":"2025-07-01T22:37:03","modified_gmt":"2025-07-02T02:37:03","slug":"andalucia-lleva-a-escena-aladdin","status":"publish","type":"post","link":"https:\/\/www.eldiario.net\/portal\/2025\/07\/02\/andalucia-lleva-a-escena-aladdin\/","title":{"rendered":"Andaluc\u00eda lleva a escena Aladdin"},"content":{"rendered":"<p>Andaluc\u00eda anuncia el estreno de <em>Aladdin<\/em> este s\u00e1bado 5 y domingo 6 julio, en funciones de tanda (horas 18:30), en el Teatro Municipal \u201cAlberto Saavedra P\u00e9rez\u201d.<\/p>\n<p>Esta m\u00e1gica producci\u00f3n ser\u00e1 puesta en escena bajo la direcci\u00f3n general de la maestra Ingrid Guti\u00e9rrez y la direcci\u00f3n art\u00edstica del maestro Gabriel Espinoza, con el respaldo de la Embajada de la Rep\u00fablica \u00c1rabe de Egipto, el embajador Amb Hatem El Nashar y el Gobierno Municipal de La Paz.<\/p>\n<p><em>Aladdin<\/em> es la historia de un ingenioso joven que vive en extrema pobreza y sue\u00f1a con casarse con la hija del sult\u00e1n, la princesa Jasmine. El destino interviene cuando Jaffar, el visir, recluta al joven para que le ayude a recuperar una l\u00e1mpara m\u00e1gica de las profundidades de la cueva de las maravillas.<\/p>\n<p>La obra tendr\u00e1 la participaci\u00f3n estelar de Brenda Gonz\u00e1lez, primera bailarina de Andaluc\u00eda Dance Academy, con formaci\u00f3n en Buenos Aires, Argentina.<\/p>\n<p>El Elenco Oficial est\u00e1 conformado por Mabel Espejo, Jessica Rivas, Silvana M\u00e9ndez, Isis Ib\u00e1\u00f1ez, Jessica Valdivia, Elizabeth Guzm\u00e1n, Nancy Balboa, L\u00eda Mollinedo, Evelin Bulucua, Claudia Navia, Eileen Arratia y Yasmin Alquizalet. En tanto que el Elenco de Apoyo lo conforman Stephanie Villarroel, Valeria Lenz, Paola Gandarillas, M\u00f3nica Huanca, Gema \u00c1lvarez, Gabriela Yugar, Claudia R\u00edos, Ma. Ren\u00e9, Cinthia Ampuero, Carla Rojas, Kamila Aguilar, Wara Lisarazu y Nidia Moscoso.<\/p>\n<p>\u201cPara este evento se est\u00e1n preparando arduamente m\u00e1s de 50 bailarines, entre solistas y cuerpo de baile. (Habr\u00e1) un importante despliegue de escenograf\u00eda, lujoso vestuario y hermosas danzas. Quedan cordialmente invitados a disfrutar de una historia dram\u00e1tica de principio a fin\u201d, menciona la nota de prensa de Andaluc\u00eda.<\/p>\n<p><strong>LOS PERSONAJES<\/strong><\/p>\n<p>GABRIEL ESPINOZA (ALADDIN)<\/p>\n<p>Gabriel Espinoza se form\u00f3 en varias instituciones art\u00edsticas y fue parte de los elencos estables de la Escuela del Ballet Oficial, el Ballet Cl\u00e1sico-Contempor\u00e1neo de la UMSA, el Estudio de Danza \u00abMariela Gonzales\u00bb y la Escuela Cubana Boliviana, entre otros. En todos estos espacios, se destac\u00f3 como solista y protagonista.<\/p>\n<p>Trabaja como bailar\u00edn, docente y core\u00f3grafo en la Escuela de Danzas \u00c1rabes Andaluc\u00eda y en el Colectivo de Danza Contempor\u00e1nea EK Elemento Kultural. Su l\u00ednea de investigaci\u00f3n del movimiento atraviesa los an\u00e1lisis de la eficiencia t\u00e9cnica, la gesti\u00f3n de la econom\u00eda de energ\u00eda (esfuerzo) y el fortalecimiento integral del cuerpo. Su enfoque est\u00e1 en cuidar el cuerpo desde la pr\u00e1ctica, explorando formas m\u00e1s conscientes e intuitivas de moverse.<\/p>\n<p>BRENDA\u00a0 GONZALEZ (JASMINE)<\/p>\n<p>De nacionalidad M\u00e9xico-boliviana, a los 4 a\u00f1os incursion\u00f3 en el campo de la danza, en Andaluc\u00eda Dance Academy, donde se gradu\u00f3 como Bailarina en Danzas \u00c1rabes, y en el\u00a0 \u201cEstudio Dance Mariela Gonzales\u201d, donde se gradu\u00f3 como bailarina en Danza Cl\u00e1sica. Sus maestros fueron: Ingrid Guti\u00e9rrez, Mariela Gonzales, Vera Zuazo (Bolivia); Jonathan Palermo, Yamil Anum, Saida, Antonella Rodr\u00edguez, Zulehika y Lucila Denisse (Argentina). Protagoniz\u00f3 las obras \u201cRomeo y Julieta\u201d, \u201cTres Leyendas Egipcias\u201d, \u201cMata Hari\u201d, \u201cLas Mil y una Noches\u201d y \u201cEl Fantasma de la \u00d3pera\u201d. Tambi\u00e9n particip\u00f3 en obras de Ballet, como \u201cEl Lago de los Cisnes\u201d, \u201cLa bella durmiente\u201d y \u201cDon Quijote\u201d.<\/p>\n<p>Tom\u00f3 talleres de danza con los maestros: Kamal Albayati (Irak), Darina Konstantinova, Dariya Mitskevichs (Ucrania), Amir Thaleb, Julieta Dichiara, Safia, Luana Aldave, Oscar Flores, Gabriela Perkins, Walter Aon (Argentina), Hadassah (Chile), Randa Kamel (Egipto), Constantin Urolsky (Rusia) y Thomas Snee (EE.UU). Actualmente es docente en Andaluc\u00eda Dance Academy e integrante del ballet Internacional EIDAC (Encuentro Internacional de Danzas \u00c1rabes Cancun).<\/p>\n<p>MIGUEL ANGEL QUEVEDO (ABU)<\/p>\n<p>Empez\u00f3 sus estudios en el ballet cl\u00e1sico de la Universidad San Francisco Xavier bajo la direcci\u00f3n de la maestra Odalis Vidal Columba y tuvo una Audici\u00f3n aceptada en el Ballet Oficial de Bolivia con la maestra Norem Guzm\u00e1n Rojas,<\/p>\n<p>Hizo talleres de formaci\u00f3n con el maestro Hugo Z\u00e1rate (Chile), Andrea Castelli, Andrea Escobar, Yanina Toneato (Argentina), Naty Sanpinho, Fabio Gosalvez Dos Santos (Brasil), Hertor Bohamia (Alemania) y Luis Aguilar (Cuba). Trabaj\u00f3 como primer bailar\u00edn bajo la direcci\u00f3n de Mariela Gonzales, del ex primer bailar\u00edn del Teatro Col\u00f3n Guido de Benedetti y actualmente con Jaime M\u00e9ndez en Idance Academy.<\/p>\n<p><strong>Reparto:<\/strong><\/p>\n<p>Alfombra M\u00e1gica: Ingrid C\u00e1rdenas<\/p>\n<p>Genio: Fernando Bollati, Edward Lenz<\/p>\n<p>Dunia: Yelin Aramayo<\/p>\n<p>Dalia: Isis Ib\u00e1\u00f1ez<\/p>\n<p>Mayores informes mediante el n\u00famero de celular 70192604.<\/p>\n<p><strong>SOBRE ANDALUC\u00cdA<\/strong><\/p>\n<p>Andalucia Dance Academy es una instituci\u00f3n fundada por la maestra Ingrid Guti\u00e9rrez, cuya misi\u00f3n es cultivar el talento de los artistas bailarines. Lleva 18 a\u00f1os dedicados a la danza, tiempo en el que puso en escena obras de gran producci\u00f3n, como \u201cEl Clon\u201d, \u201cTres Leyendas Egipcias\u201d, \u201cLas Mil y una Noches\u201d, \u201cRomeo y Julieta\u201d, \u201cEl Fantasma de la Opera\u201d , \u201cMata Hari\u201d, Cleopatra y \u201cSheherezade\u201d, entre otras.<\/p>\n<p>Andaluc\u00eda cuenta con un programa de formaci\u00f3n profesional con duraci\u00f3n de 5 a\u00f1os para los estudiantes que quieren profundizar su conocimiento en danzas \u00e1rabes, como historia, ritmos, estilos, etc. Y para aquellas alumnas que solo desean realizar ejercicio f\u00edsico y pasar un momento agradable, la danza \u00e1rabe es una terapia con muchos beneficios para la salud tanto a nivel emocional como org\u00e1nico. Tiene cursos abiertos para ni\u00f1as desde los 4 a\u00f1os y sin l\u00edmite de edad. Hoy sus clases se han convertido en una alternativa para liberarse del estr\u00e9s, bajar de peso, formar el cuerpo, corregir la postura, fortalecer la personalidad y car\u00e1cter de ni\u00f1as, j\u00f3venes y adultas. En efecto, la pr\u00e1ctica de la danza \u00e1rabe conlleva un sinf\u00edn de beneficios tanto f\u00edsicos, org\u00e1nicos y en el \u00e1mbito emocional (\u2026).<\/p>\n<p>Actualmente, Andaluc\u00eda cuenta con un staff de profesoras experimentadas y con estudios en el extranjero, como Yelin Aramayo, Brenda Gonz\u00e1lez, Isis Iba\u00f1ez y Kassandra Zelada.<\/p>\n<p><strong>LA DIRECTORA GENERAL<\/strong><\/p>\n<p>Ingrid Guti\u00e9rrez es la directora de la Escuela de Danza \u201cAndalucia\u201d y Arabian Dance Company \u201cAmira\u00a0 Isai\u201d.<\/p>\n<p>Inici\u00f3 sus estudios en danza a los 5 a\u00f1os. Se titul\u00f3 con honores como Maestra y Profesora Superior en Danzas \u00c1rabes con el aval de la Confederaci\u00f3n Interamericana de Profesionales de la Danza, Argentina. Recibi\u00f3 el Galard\u00f3n Internacional a la Excelencia los a\u00f1os 2005, 2006, 2007, 2019 y 2020 y El Galard\u00f3n Iberoamericano en 2021. Obtuvo el 1er. lugar en el Certamen Internacional de Danza en Salta, Argentina, el a\u00f1o 2013. Primer lugar en el F\u00f3rum Mundial de Danza en Cochabamba en 2014 y Primer Lugar en el Concurso \u201cAlas de Esperanza\u201d 2014 en la Casa de la Cultura \u201cModesta Sanjin\u00e9s\u201d. Realiz\u00f3 cursos de especializaci\u00f3n con grandes maestros, como Amir Thaleb, Yousef Constantino, Gisel Salom\u00e9, Fernando Segovia, Oscar Flores, N\u00e9stor Espada, Alicia Fiuri, Yanina Mart\u00ednez, Sibila (Argentina), Rafael Amargo, Marcos Jim\u00e9nez (Espa\u00f1a), Gisela Antonelli (M\u00e9xico), Kamal Albayati (Irak), Alla Kushnier, (Ucrania), Mohamed Kazafy (Egipto), Zom Zom (Marruecos) y Hoda Ibrahim (Egipto).<\/p>\n\r\n                <style type=\"text\/css\">\r\n                    \r\n                    #tdi_1  .td-doubleSlider-2 .td-item1 {\r\n                        background: url(https:\/\/www.eldiario.net\/portal\/wp-content\/uploads\/2025\/07\/5-80x60.webp) 0 0 no-repeat;\r\n                    }\r\n                    #tdi_1  .td-doubleSlider-2 .td-item2 {\r\n                        background: url(https:\/\/www.eldiario.net\/portal\/wp-content\/uploads\/2025\/07\/1-PRINCIPAL-80x60.webp) 0 0 no-repeat;\r\n                    }\r\n                    #tdi_1  .td-doubleSlider-2 .td-item3 {\r\n                        background: url(https:\/\/www.eldiario.net\/portal\/wp-content\/uploads\/2025\/07\/2-80x60.webp) 0 0 no-repeat;\r\n                    }\r\n                    #tdi_1  .td-doubleSlider-2 .td-item4 {\r\n                        background: url(https:\/\/www.eldiario.net\/portal\/wp-content\/uploads\/2025\/07\/3-80x60.webp) 0 0 no-repeat;\r\n                    }\r\n                    #tdi_1  .td-doubleSlider-2 .td-item5 {\r\n                        background: url(https:\/\/www.eldiario.net\/portal\/wp-content\/uploads\/2025\/07\/4-80x60.webp) 0 0 no-repeat;\r\n                    }\r\n                <\/style>\r\n\r\n                <div id=\"tdi_1\" class=\"td-gallery td-slide-on-2-columns\">\r\n                    <div class=\"post_td_gallery\">\r\n                        <div class=\"td-gallery-slide-top\">\r\n                           <div class=\"td-gallery-title\"><\/div>\r\n\r\n                            <div class=\"td-gallery-controls-wrapper\">\r\n                                <div class=\"td-gallery-slide-count\"><span class=\"td-gallery-slide-item-focus\">1<\/span> de 5<\/div>\r\n                                <div class=\"td-gallery-slide-prev-next-but\">\r\n                                    <i class = \"td-icon-left doubleSliderPrevButton\"><\/i>\r\n                                    <i class = \"td-icon-right doubleSliderNextButton\"><\/i>\r\n                                <\/div>\r\n                            <\/div>\r\n                        <\/div>\r\n\r\n                        <div class = \"td-doubleSlider-1 \">\r\n                            <div class = \"td-slider\">\r\n                                \r\n                    <div class = \"td-slide-item td-item1\">\r\n                        <figure class=\"td-slide-galery-figure td-slide-popup-gallery\">\r\n                            <a class=\"slide-gallery-image-link\" href=\"https:\/\/www.eldiario.net\/portal\/wp-content\/uploads\/2025\/07\/5.webp\" title=\"5\"  data-caption=\"\"  data-description=\"\">\r\n                                <img decoding=\"async\" src=\"https:\/\/www.eldiario.net\/portal\/wp-content\/uploads\/2025\/07\/5-630x420.webp\" srcset=\"https:\/\/www.eldiario.net\/portal\/wp-content\/uploads\/2025\/07\/5-630x420.webp 630w, https:\/\/www.eldiario.net\/portal\/wp-content\/uploads\/2025\/07\/5-300x200.webp 300w, https:\/\/www.eldiario.net\/portal\/wp-content\/uploads\/2025\/07\/5-1024x683.webp 1024w, https:\/\/www.eldiario.net\/portal\/wp-content\/uploads\/2025\/07\/5-768x512.webp 768w, https:\/\/www.eldiario.net\/portal\/wp-content\/uploads\/2025\/07\/5-696x464.webp 696w, https:\/\/www.eldiario.net\/portal\/wp-content\/uploads\/2025\/07\/5-1068x712.webp 1068w, https:\/\/www.eldiario.net\/portal\/wp-content\/uploads\/2025\/07\/5.webp 1200w\" sizes=\"(max-width: 630px) 100vw, 630px\" alt=\"\">\r\n                            <\/a>\r\n                            \r\n                        <\/figure>\r\n                    <\/div>\r\n                    <div class = \"td-slide-item td-item2\">\r\n                        <figure class=\"td-slide-galery-figure td-slide-popup-gallery\">\r\n                            <a class=\"slide-gallery-image-link\" href=\"https:\/\/www.eldiario.net\/portal\/wp-content\/uploads\/2025\/07\/1-PRINCIPAL.webp\" title=\"1-PRINCIPAL\"  data-caption=\"\"  data-description=\"\">\r\n                                <img decoding=\"async\" src=\"https:\/\/www.eldiario.net\/portal\/wp-content\/uploads\/2025\/07\/1-PRINCIPAL-562x420.webp\" srcset=\"https:\/\/www.eldiario.net\/portal\/wp-content\/uploads\/2025\/07\/1-PRINCIPAL-562x420.webp 562w, https:\/\/www.eldiario.net\/portal\/wp-content\/uploads\/2025\/07\/1-PRINCIPAL-300x224.webp 300w, https:\/\/www.eldiario.net\/portal\/wp-content\/uploads\/2025\/07\/1-PRINCIPAL-1024x765.webp 1024w, https:\/\/www.eldiario.net\/portal\/wp-content\/uploads\/2025\/07\/1-PRINCIPAL-768x574.webp 768w, https:\/\/www.eldiario.net\/portal\/wp-content\/uploads\/2025\/07\/1-PRINCIPAL-80x60.webp 80w, https:\/\/www.eldiario.net\/portal\/wp-content\/uploads\/2025\/07\/1-PRINCIPAL-696x520.webp 696w, https:\/\/www.eldiario.net\/portal\/wp-content\/uploads\/2025\/07\/1-PRINCIPAL-1068x798.webp 1068w, https:\/\/www.eldiario.net\/portal\/wp-content\/uploads\/2025\/07\/1-PRINCIPAL.webp 1200w\" sizes=\"(max-width: 562px) 100vw, 562px\" alt=\"\">\r\n                            <\/a>\r\n                            \r\n                        <\/figure>\r\n                    <\/div>\r\n                    <div class = \"td-slide-item td-item3\">\r\n                        <figure class=\"td-slide-galery-figure td-slide-popup-gallery\">\r\n                            <a class=\"slide-gallery-image-link\" href=\"https:\/\/www.eldiario.net\/portal\/wp-content\/uploads\/2025\/07\/2.webp\" title=\"2\"  data-caption=\"\"  data-description=\"\">\r\n                                <img decoding=\"async\" src=\"https:\/\/www.eldiario.net\/portal\/wp-content\/uploads\/2025\/07\/2-244x420.webp\" srcset=\"https:\/\/www.eldiario.net\/portal\/wp-content\/uploads\/2025\/07\/2-244x420.webp 244w, https:\/\/www.eldiario.net\/portal\/wp-content\/uploads\/2025\/07\/2-174x300.webp 174w, https:\/\/www.eldiario.net\/portal\/wp-content\/uploads\/2025\/07\/2-594x1024.webp 594w, https:\/\/www.eldiario.net\/portal\/wp-content\/uploads\/2025\/07\/2-768x1324.webp 768w, https:\/\/www.eldiario.net\/portal\/wp-content\/uploads\/2025\/07\/2-891x1536.webp 891w, https:\/\/www.eldiario.net\/portal\/wp-content\/uploads\/2025\/07\/2-1188x2048.webp 1188w, https:\/\/www.eldiario.net\/portal\/wp-content\/uploads\/2025\/07\/2-696x1199.webp 696w, https:\/\/www.eldiario.net\/portal\/wp-content\/uploads\/2025\/07\/2-1068x1841.webp 1068w, https:\/\/www.eldiario.net\/portal\/wp-content\/uploads\/2025\/07\/2.webp 1200w\" sizes=\"(max-width: 244px) 100vw, 244px\" alt=\"\">\r\n                            <\/a>\r\n                            \r\n                        <\/figure>\r\n                    <\/div>\r\n                    <div class = \"td-slide-item td-item4\">\r\n                        <figure class=\"td-slide-galery-figure td-slide-popup-gallery\">\r\n                            <a class=\"slide-gallery-image-link\" href=\"https:\/\/www.eldiario.net\/portal\/wp-content\/uploads\/2025\/07\/3.webp\" title=\"3\"  data-caption=\"\"  data-description=\"\">\r\n                                <img decoding=\"async\" src=\"https:\/\/www.eldiario.net\/portal\/wp-content\/uploads\/2025\/07\/3-280x420.webp\" srcset=\"https:\/\/www.eldiario.net\/portal\/wp-content\/uploads\/2025\/07\/3-280x420.webp 280w, https:\/\/www.eldiario.net\/portal\/wp-content\/uploads\/2025\/07\/3-200x300.webp 200w, https:\/\/www.eldiario.net\/portal\/wp-content\/uploads\/2025\/07\/3-683x1024.webp 683w, https:\/\/www.eldiario.net\/portal\/wp-content\/uploads\/2025\/07\/3-768x1152.webp 768w, https:\/\/www.eldiario.net\/portal\/wp-content\/uploads\/2025\/07\/3-1024x1536.webp 1024w, https:\/\/www.eldiario.net\/portal\/wp-content\/uploads\/2025\/07\/3-696x1044.webp 696w, https:\/\/www.eldiario.net\/portal\/wp-content\/uploads\/2025\/07\/3-1068x1602.webp 1068w, https:\/\/www.eldiario.net\/portal\/wp-content\/uploads\/2025\/07\/3.webp 1200w\" sizes=\"(max-width: 280px) 100vw, 280px\" alt=\"\">\r\n                            <\/a>\r\n                            \r\n                        <\/figure>\r\n                    <\/div>\r\n                    <div class = \"td-slide-item td-item5\">\r\n                        <figure class=\"td-slide-galery-figure td-slide-popup-gallery\">\r\n                            <a class=\"slide-gallery-image-link\" href=\"https:\/\/www.eldiario.net\/portal\/wp-content\/uploads\/2025\/07\/4.webp\" title=\"4\"  data-caption=\"\"  data-description=\"\">\r\n                                <img decoding=\"async\" src=\"https:\/\/www.eldiario.net\/portal\/wp-content\/uploads\/2025\/07\/4-630x420.webp\" srcset=\"https:\/\/www.eldiario.net\/portal\/wp-content\/uploads\/2025\/07\/4-630x420.webp 630w, https:\/\/www.eldiario.net\/portal\/wp-content\/uploads\/2025\/07\/4-300x200.webp 300w, https:\/\/www.eldiario.net\/portal\/wp-content\/uploads\/2025\/07\/4-1024x683.webp 1024w, https:\/\/www.eldiario.net\/portal\/wp-content\/uploads\/2025\/07\/4-768x512.webp 768w, https:\/\/www.eldiario.net\/portal\/wp-content\/uploads\/2025\/07\/4-696x464.webp 696w, https:\/\/www.eldiario.net\/portal\/wp-content\/uploads\/2025\/07\/4-1068x712.webp 1068w, https:\/\/www.eldiario.net\/portal\/wp-content\/uploads\/2025\/07\/4.webp 1200w\" sizes=\"(max-width: 630px) 100vw, 630px\" alt=\"\">\r\n                            <\/a>\r\n                            \r\n                        <\/figure>\r\n                    <\/div>\r\n                            <\/div>\r\n                        <\/div>\r\n\r\n                        <div class = \"td-doubleSlider-2\">\r\n                            <div class = \"td-slider\">\r\n                                \r\n                    <div class = \"td-button td-item1\">\r\n                        <div class = \"td-border\"><\/div>\r\n                    <\/div>\r\n                    <div class = \"td-button td-item2\">\r\n                        <div class = \"td-border\"><\/div>\r\n                    <\/div>\r\n                    <div class = \"td-button td-item3\">\r\n                        <div class = \"td-border\"><\/div>\r\n                    <\/div>\r\n                    <div class = \"td-button td-item4\">\r\n                        <div class = \"td-border\"><\/div>\r\n                    <\/div>\r\n                    <div class = \"td-button td-item5\">\r\n                        <div class = \"td-border\"><\/div>\r\n                    <\/div>\r\n                            <\/div>\r\n                        <\/div>\r\n\r\n                    <\/div>\r\n\r\n                <\/div>\r\n                \n","protected":false},"excerpt":{"rendered":"<p>Andaluc\u00eda anuncia el estreno de Aladdin este s\u00e1bado 5 y domingo 6 julio, en funciones de tanda (horas 18:30), en el Teatro Municipal \u201cAlberto Saavedra P\u00e9rez\u201d. Esta m\u00e1gica producci\u00f3n ser\u00e1 puesta en escena bajo la direcci\u00f3n general de la maestra Ingrid Guti\u00e9rrez y la direcci\u00f3n art\u00edstica del maestro Gabriel Espinoza, con el respaldo de la [&hellip;]<\/p>\n","protected":false},"author":1,"featured_media":313650,"comment_status":"closed","ping_status":"open","sticky":false,"template":"","format":"standard","meta":{"_acf_changed":false,"footnotes":""},"categories":[41],"tags":[],"class_list":["post-313648","post","type-post","status-publish","format-standard","has-post-thumbnail","category-la-guia"],"acf":{"antetitulo":""},"yoast_head":"<!-- This site is optimized with the Yoast SEO plugin v28.4 - https:\/\/yoast.com\/product\/yoast-seo-wordpress\/ -->\n<title>Andaluc\u00eda lleva a escena Aladdin - El Diario - Bolivia<\/title>\n<meta name=\"robots\" content=\"index, follow, max-snippet:-1, max-image-preview:large, max-video-preview:-1\" \/>\n<link rel=\"canonical\" href=\"https:\/\/www.eldiario.net\/portal\/2025\/07\/02\/andalucia-lleva-a-escena-aladdin\/\" \/>\n<meta property=\"og:locale\" content=\"es_ES\" \/>\n<meta property=\"og:type\" content=\"article\" \/>\n<meta property=\"og:title\" content=\"Andaluc\u00eda lleva a escena Aladdin - El Diario - Bolivia\" \/>\n<meta property=\"og:description\" content=\"Andaluc\u00eda anuncia el estreno de Aladdin este s\u00e1bado 5 y domingo 6 julio, en funciones de tanda (horas 18:30), en el Teatro Municipal \u201cAlberto Saavedra P\u00e9rez\u201d. Esta m\u00e1gica producci\u00f3n ser\u00e1 puesta en escena bajo la direcci\u00f3n general de la maestra Ingrid Guti\u00e9rrez y la direcci\u00f3n art\u00edstica del maestro Gabriel Espinoza, con el respaldo de la [&hellip;]\" \/>\n<meta property=\"og:url\" content=\"https:\/\/www.eldiario.net\/portal\/2025\/07\/02\/andalucia-lleva-a-escena-aladdin\/\" \/>\n<meta property=\"og:site_name\" content=\"El Diario - Bolivia\" \/>\n<meta property=\"article:publisher\" content=\"https:\/\/www.facebook.com\/eldiario.bolivia\/\" \/>\n<meta property=\"article:published_time\" content=\"2025-07-02T05:34:55+00:00\" \/>\n<meta property=\"og:image\" content=\"https:\/\/www.eldiario.net\/portal\/wp-content\/uploads\/2025\/07\/1-PRINCIPAL.webp\" \/>\n\t<meta property=\"og:image:width\" content=\"1200\" \/>\n\t<meta property=\"og:image:height\" content=\"897\" \/>\n\t<meta property=\"og:image:type\" content=\"image\/webp\" \/>\n<meta name=\"author\" content=\"Jeanette\" \/>\n<meta name=\"twitter:card\" content=\"summary_large_image\" \/>\n<meta name=\"twitter:creator\" content=\"@eldiario_net\" \/>\n<meta name=\"twitter:site\" content=\"@eldiario_net\" \/>\n<meta name=\"twitter:label1\" content=\"Escrito por\" \/>\n\t<meta name=\"twitter:data1\" content=\"Jeanette\" \/>\n\t<meta name=\"twitter:label2\" content=\"Tiempo de lectura\" \/>\n\t<meta name=\"twitter:data2\" content=\"6 minutos\" \/>\n<script type=\"application\/ld+json\" class=\"yoast-schema-graph\">{\"@context\":\"https:\\\/\\\/schema.org\",\"@graph\":[{\"@type\":\"Article\",\"@id\":\"https:\\\/\\\/www.eldiario.net\\\/portal\\\/2025\\\/07\\\/02\\\/andalucia-lleva-a-escena-aladdin\\\/#article\",\"isPartOf\":{\"@id\":\"https:\\\/\\\/www.eldiario.net\\\/portal\\\/2025\\\/07\\\/02\\\/andalucia-lleva-a-escena-aladdin\\\/\"},\"author\":{\"name\":\"Jeanette\",\"@id\":\"https:\\\/\\\/www.eldiario.net\\\/portal\\\/#\\\/schema\\\/person\\\/2c57cf2b7a7ae032e449e4c9b1019eac\"},\"headline\":\"Andaluc\u00eda lleva a escena Aladdin\",\"datePublished\":\"2025-07-02T05:34:55+00:00\",\"mainEntityOfPage\":{\"@id\":\"https:\\\/\\\/www.eldiario.net\\\/portal\\\/2025\\\/07\\\/02\\\/andalucia-lleva-a-escena-aladdin\\\/\"},\"wordCount\":1178,\"publisher\":{\"@id\":\"https:\\\/\\\/www.eldiario.net\\\/portal\\\/#organization\"},\"image\":{\"@id\":\"https:\\\/\\\/www.eldiario.net\\\/portal\\\/2025\\\/07\\\/02\\\/andalucia-lleva-a-escena-aladdin\\\/#primaryimage\"},\"thumbnailUrl\":\"https:\\\/\\\/www.eldiario.net\\\/portal\\\/wp-content\\\/uploads\\\/2025\\\/07\\\/1-PRINCIPAL.webp\",\"articleSection\":[\"La Gu\u00eda\"],\"inLanguage\":\"es\"},{\"@type\":\"WebPage\",\"@id\":\"https:\\\/\\\/www.eldiario.net\\\/portal\\\/2025\\\/07\\\/02\\\/andalucia-lleva-a-escena-aladdin\\\/\",\"url\":\"https:\\\/\\\/www.eldiario.net\\\/portal\\\/2025\\\/07\\\/02\\\/andalucia-lleva-a-escena-aladdin\\\/\",\"name\":\"Andaluc\u00eda lleva a escena Aladdin - El Diario - Bolivia\",\"isPartOf\":{\"@id\":\"https:\\\/\\\/www.eldiario.net\\\/portal\\\/#website\"},\"primaryImageOfPage\":{\"@id\":\"https:\\\/\\\/www.eldiario.net\\\/portal\\\/2025\\\/07\\\/02\\\/andalucia-lleva-a-escena-aladdin\\\/#primaryimage\"},\"image\":{\"@id\":\"https:\\\/\\\/www.eldiario.net\\\/portal\\\/2025\\\/07\\\/02\\\/andalucia-lleva-a-escena-aladdin\\\/#primaryimage\"},\"thumbnailUrl\":\"https:\\\/\\\/www.eldiario.net\\\/portal\\\/wp-content\\\/uploads\\\/2025\\\/07\\\/1-PRINCIPAL.webp\",\"datePublished\":\"2025-07-02T05:34:55+00:00\",\"breadcrumb\":{\"@id\":\"https:\\\/\\\/www.eldiario.net\\\/portal\\\/2025\\\/07\\\/02\\\/andalucia-lleva-a-escena-aladdin\\\/#breadcrumb\"},\"inLanguage\":\"es\",\"potentialAction\":[{\"@type\":\"ReadAction\",\"target\":[\"https:\\\/\\\/www.eldiario.net\\\/portal\\\/2025\\\/07\\\/02\\\/andalucia-lleva-a-escena-aladdin\\\/\"]}]},{\"@type\":\"ImageObject\",\"inLanguage\":\"es\",\"@id\":\"https:\\\/\\\/www.eldiario.net\\\/portal\\\/2025\\\/07\\\/02\\\/andalucia-lleva-a-escena-aladdin\\\/#primaryimage\",\"url\":\"https:\\\/\\\/www.eldiario.net\\\/portal\\\/wp-content\\\/uploads\\\/2025\\\/07\\\/1-PRINCIPAL.webp\",\"contentUrl\":\"https:\\\/\\\/www.eldiario.net\\\/portal\\\/wp-content\\\/uploads\\\/2025\\\/07\\\/1-PRINCIPAL.webp\",\"width\":1200,\"height\":897},{\"@type\":\"BreadcrumbList\",\"@id\":\"https:\\\/\\\/www.eldiario.net\\\/portal\\\/2025\\\/07\\\/02\\\/andalucia-lleva-a-escena-aladdin\\\/#breadcrumb\",\"itemListElement\":[{\"@type\":\"ListItem\",\"position\":1,\"name\":\"Portada\",\"item\":\"https:\\\/\\\/www.eldiario.net\\\/portal\\\/\"},{\"@type\":\"ListItem\",\"position\":2,\"name\":\"Andaluc\u00eda lleva a escena Aladdin\"}]},{\"@type\":\"WebSite\",\"@id\":\"https:\\\/\\\/www.eldiario.net\\\/portal\\\/#website\",\"url\":\"https:\\\/\\\/www.eldiario.net\\\/portal\\\/\",\"name\":\"El Diario - Decano de la prensa nacional\",\"description\":\"El Diario - Decano de la prensa nacional\",\"publisher\":{\"@id\":\"https:\\\/\\\/www.eldiario.net\\\/portal\\\/#organization\"},\"potentialAction\":[{\"@type\":\"SearchAction\",\"target\":{\"@type\":\"EntryPoint\",\"urlTemplate\":\"https:\\\/\\\/www.eldiario.net\\\/portal\\\/?s={search_term_string}\"},\"query-input\":{\"@type\":\"PropertyValueSpecification\",\"valueRequired\":true,\"valueName\":\"search_term_string\"}}],\"inLanguage\":\"es\"},{\"@type\":\"Organization\",\"@id\":\"https:\\\/\\\/www.eldiario.net\\\/portal\\\/#organization\",\"name\":\"El Diario - Decano de la prensa nacional\",\"url\":\"https:\\\/\\\/www.eldiario.net\\\/portal\\\/\",\"logo\":{\"@type\":\"ImageObject\",\"inLanguage\":\"es\",\"@id\":\"https:\\\/\\\/www.eldiario.net\\\/portal\\\/#\\\/schema\\\/logo\\\/image\\\/\",\"url\":\"https:\\\/\\\/www.eldiario.net\\\/portal\\\/wp-content\\\/uploads\\\/2023\\\/07\\\/logo_ED.jpg\",\"contentUrl\":\"https:\\\/\\\/www.eldiario.net\\\/portal\\\/wp-content\\\/uploads\\\/2023\\\/07\\\/logo_ED.jpg\",\"width\":272,\"height\":52,\"caption\":\"El Diario - Decano de la prensa nacional\"},\"image\":{\"@id\":\"https:\\\/\\\/www.eldiario.net\\\/portal\\\/#\\\/schema\\\/logo\\\/image\\\/\"},\"sameAs\":[\"https:\\\/\\\/www.facebook.com\\\/eldiario.bolivia\\\/\",\"https:\\\/\\\/x.com\\\/eldiario_net\"]},{\"@type\":\"Person\",\"@id\":\"https:\\\/\\\/www.eldiario.net\\\/portal\\\/#\\\/schema\\\/person\\\/2c57cf2b7a7ae032e449e4c9b1019eac\",\"name\":\"Jeanette\",\"image\":{\"@type\":\"ImageObject\",\"inLanguage\":\"es\",\"@id\":\"https:\\\/\\\/secure.gravatar.com\\\/avatar\\\/3ea2118a5f7dad2b7138b1187a6b7ee55f160b9968b66013c3a3ef39dd7e5798?s=96&d=mm&r=g\",\"url\":\"https:\\\/\\\/secure.gravatar.com\\\/avatar\\\/3ea2118a5f7dad2b7138b1187a6b7ee55f160b9968b66013c3a3ef39dd7e5798?s=96&d=mm&r=g\",\"contentUrl\":\"https:\\\/\\\/secure.gravatar.com\\\/avatar\\\/3ea2118a5f7dad2b7138b1187a6b7ee55f160b9968b66013c3a3ef39dd7e5798?s=96&d=mm&r=g\",\"caption\":\"Jeanette\"},\"sameAs\":[\"https:\\\/\\\/www.eldiario.net\\\/portal\"],\"url\":\"https:\\\/\\\/www.eldiario.net\\\/portal\\\/author\\\/jeanette\\\/\"}]}<\/script>\n<!-- \/ Yoast SEO plugin. -->","yoast_head_json":{"title":"Andaluc\u00eda lleva a escena Aladdin - El Diario - Bolivia","robots":{"index":"index","follow":"follow","max-snippet":"max-snippet:-1","max-image-preview":"max-image-preview:large","max-video-preview":"max-video-preview:-1"},"canonical":"https:\/\/www.eldiario.net\/portal\/2025\/07\/02\/andalucia-lleva-a-escena-aladdin\/","og_locale":"es_ES","og_type":"article","og_title":"Andaluc\u00eda lleva a escena Aladdin - El Diario - Bolivia","og_description":"Andaluc\u00eda anuncia el estreno de Aladdin este s\u00e1bado 5 y domingo 6 julio, en funciones de tanda (horas 18:30), en el Teatro Municipal \u201cAlberto Saavedra P\u00e9rez\u201d. Esta m\u00e1gica producci\u00f3n ser\u00e1 puesta en escena bajo la direcci\u00f3n general de la maestra Ingrid Guti\u00e9rrez y la direcci\u00f3n art\u00edstica del maestro Gabriel Espinoza, con el respaldo de la [&hellip;]","og_url":"https:\/\/www.eldiario.net\/portal\/2025\/07\/02\/andalucia-lleva-a-escena-aladdin\/","og_site_name":"El Diario - Bolivia","article_publisher":"https:\/\/www.facebook.com\/eldiario.bolivia\/","article_published_time":"2025-07-02T05:34:55+00:00","og_image":[{"width":1200,"height":897,"url":"https:\/\/www.eldiario.net\/portal\/wp-content\/uploads\/2025\/07\/1-PRINCIPAL.webp","type":"image\/webp"}],"author":"Jeanette","twitter_card":"summary_large_image","twitter_creator":"@eldiario_net","twitter_site":"@eldiario_net","twitter_misc":{"Escrito por":"Jeanette","Tiempo de lectura":"6 minutos"},"schema":{"@context":"https:\/\/schema.org","@graph":[{"@type":"Article","@id":"https:\/\/www.eldiario.net\/portal\/2025\/07\/02\/andalucia-lleva-a-escena-aladdin\/#article","isPartOf":{"@id":"https:\/\/www.eldiario.net\/portal\/2025\/07\/02\/andalucia-lleva-a-escena-aladdin\/"},"author":{"name":"Jeanette","@id":"https:\/\/www.eldiario.net\/portal\/#\/schema\/person\/2c57cf2b7a7ae032e449e4c9b1019eac"},"headline":"Andaluc\u00eda lleva a escena Aladdin","datePublished":"2025-07-02T05:34:55+00:00","mainEntityOfPage":{"@id":"https:\/\/www.eldiario.net\/portal\/2025\/07\/02\/andalucia-lleva-a-escena-aladdin\/"},"wordCount":1178,"publisher":{"@id":"https:\/\/www.eldiario.net\/portal\/#organization"},"image":{"@id":"https:\/\/www.eldiario.net\/portal\/2025\/07\/02\/andalucia-lleva-a-escena-aladdin\/#primaryimage"},"thumbnailUrl":"https:\/\/www.eldiario.net\/portal\/wp-content\/uploads\/2025\/07\/1-PRINCIPAL.webp","articleSection":["La Gu\u00eda"],"inLanguage":"es"},{"@type":"WebPage","@id":"https:\/\/www.eldiario.net\/portal\/2025\/07\/02\/andalucia-lleva-a-escena-aladdin\/","url":"https:\/\/www.eldiario.net\/portal\/2025\/07\/02\/andalucia-lleva-a-escena-aladdin\/","name":"Andaluc\u00eda lleva a escena Aladdin - El Diario - Bolivia","isPartOf":{"@id":"https:\/\/www.eldiario.net\/portal\/#website"},"primaryImageOfPage":{"@id":"https:\/\/www.eldiario.net\/portal\/2025\/07\/02\/andalucia-lleva-a-escena-aladdin\/#primaryimage"},"image":{"@id":"https:\/\/www.eldiario.net\/portal\/2025\/07\/02\/andalucia-lleva-a-escena-aladdin\/#primaryimage"},"thumbnailUrl":"https:\/\/www.eldiario.net\/portal\/wp-content\/uploads\/2025\/07\/1-PRINCIPAL.webp","datePublished":"2025-07-02T05:34:55+00:00","breadcrumb":{"@id":"https:\/\/www.eldiario.net\/portal\/2025\/07\/02\/andalucia-lleva-a-escena-aladdin\/#breadcrumb"},"inLanguage":"es","potentialAction":[{"@type":"ReadAction","target":["https:\/\/www.eldiario.net\/portal\/2025\/07\/02\/andalucia-lleva-a-escena-aladdin\/"]}]},{"@type":"ImageObject","inLanguage":"es","@id":"https:\/\/www.eldiario.net\/portal\/2025\/07\/02\/andalucia-lleva-a-escena-aladdin\/#primaryimage","url":"https:\/\/www.eldiario.net\/portal\/wp-content\/uploads\/2025\/07\/1-PRINCIPAL.webp","contentUrl":"https:\/\/www.eldiario.net\/portal\/wp-content\/uploads\/2025\/07\/1-PRINCIPAL.webp","width":1200,"height":897},{"@type":"BreadcrumbList","@id":"https:\/\/www.eldiario.net\/portal\/2025\/07\/02\/andalucia-lleva-a-escena-aladdin\/#breadcrumb","itemListElement":[{"@type":"ListItem","position":1,"name":"Portada","item":"https:\/\/www.eldiario.net\/portal\/"},{"@type":"ListItem","position":2,"name":"Andaluc\u00eda lleva a escena Aladdin"}]},{"@type":"WebSite","@id":"https:\/\/www.eldiario.net\/portal\/#website","url":"https:\/\/www.eldiario.net\/portal\/","name":"El Diario - Decano de la prensa nacional","description":"El Diario - Decano de la prensa nacional","publisher":{"@id":"https:\/\/www.eldiario.net\/portal\/#organization"},"potentialAction":[{"@type":"SearchAction","target":{"@type":"EntryPoint","urlTemplate":"https:\/\/www.eldiario.net\/portal\/?s={search_term_string}"},"query-input":{"@type":"PropertyValueSpecification","valueRequired":true,"valueName":"search_term_string"}}],"inLanguage":"es"},{"@type":"Organization","@id":"https:\/\/www.eldiario.net\/portal\/#organization","name":"El Diario - Decano de la prensa nacional","url":"https:\/\/www.eldiario.net\/portal\/","logo":{"@type":"ImageObject","inLanguage":"es","@id":"https:\/\/www.eldiario.net\/portal\/#\/schema\/logo\/image\/","url":"https:\/\/www.eldiario.net\/portal\/wp-content\/uploads\/2023\/07\/logo_ED.jpg","contentUrl":"https:\/\/www.eldiario.net\/portal\/wp-content\/uploads\/2023\/07\/logo_ED.jpg","width":272,"height":52,"caption":"El Diario - Decano de la prensa nacional"},"image":{"@id":"https:\/\/www.eldiario.net\/portal\/#\/schema\/logo\/image\/"},"sameAs":["https:\/\/www.facebook.com\/eldiario.bolivia\/","https:\/\/x.com\/eldiario_net"]},{"@type":"Person","@id":"https:\/\/www.eldiario.net\/portal\/#\/schema\/person\/2c57cf2b7a7ae032e449e4c9b1019eac","name":"Jeanette","image":{"@type":"ImageObject","inLanguage":"es","@id":"https:\/\/secure.gravatar.com\/avatar\/3ea2118a5f7dad2b7138b1187a6b7ee55f160b9968b66013c3a3ef39dd7e5798?s=96&d=mm&r=g","url":"https:\/\/secure.gravatar.com\/avatar\/3ea2118a5f7dad2b7138b1187a6b7ee55f160b9968b66013c3a3ef39dd7e5798?s=96&d=mm&r=g","contentUrl":"https:\/\/secure.gravatar.com\/avatar\/3ea2118a5f7dad2b7138b1187a6b7ee55f160b9968b66013c3a3ef39dd7e5798?s=96&d=mm&r=g","caption":"Jeanette"},"sameAs":["https:\/\/www.eldiario.net\/portal"],"url":"https:\/\/www.eldiario.net\/portal\/author\/jeanette\/"}]}},"_links":{"self":[{"href":"https:\/\/www.eldiario.net\/portal\/wp-json\/wp\/v2\/posts\/313648","targetHints":{"allow":["GET"]}}],"collection":[{"href":"https:\/\/www.eldiario.net\/portal\/wp-json\/wp\/v2\/posts"}],"about":[{"href":"https:\/\/www.eldiario.net\/portal\/wp-json\/wp\/v2\/types\/post"}],"author":[{"embeddable":true,"href":"https:\/\/www.eldiario.net\/portal\/wp-json\/wp\/v2\/users\/1"}],"replies":[{"embeddable":true,"href":"https:\/\/www.eldiario.net\/portal\/wp-json\/wp\/v2\/comments?post=313648"}],"version-history":[{"count":1,"href":"https:\/\/www.eldiario.net\/portal\/wp-json\/wp\/v2\/posts\/313648\/revisions"}],"predecessor-version":[{"id":313654,"href":"https:\/\/www.eldiario.net\/portal\/wp-json\/wp\/v2\/posts\/313648\/revisions\/313654"}],"wp:featuredmedia":[{"embeddable":true,"href":"https:\/\/www.eldiario.net\/portal\/wp-json\/wp\/v2\/media\/313650"}],"wp:attachment":[{"href":"https:\/\/www.eldiario.net\/portal\/wp-json\/wp\/v2\/media?parent=313648"}],"wp:term":[{"taxonomy":"category","embeddable":true,"href":"https:\/\/www.eldiario.net\/portal\/wp-json\/wp\/v2\/categories?post=313648"},{"taxonomy":"post_tag","embeddable":true,"href":"https:\/\/www.eldiario.net\/portal\/wp-json\/wp\/v2\/tags?post=313648"}],"curies":[{"name":"wp","href":"https:\/\/api.w.org\/{rel}","templated":true}]}}