{"id":313627,"date":"2025-07-02T01:21:21","date_gmt":"2025-07-02T05:21:21","guid":{"rendered":"https:\/\/www.eldiario.net\/portal\/?p=313627"},"modified":"2025-07-01T22:22:04","modified_gmt":"2025-07-02T02:22:04","slug":"idas-y-venidas-senalan-el-camino-celeste","status":"publish","type":"post","link":"https:\/\/www.eldiario.net\/portal\/2025\/07\/02\/idas-y-venidas-senalan-el-camino-celeste\/","title":{"rendered":"Idas y venidas se\u00f1alan el camino celeste"},"content":{"rendered":"<p>El mes de julio 2025 comenz\u00f3 con la llegada del mediocampista colombiano Daniel Cata\u00f1o quien arrib\u00f3 a La Paz para convertirse en el primer refuerzo de Bol\u00edvar para la segunda parte de los cert\u00e1menes del f\u00fatbol casero.<br \/>\nNo brind\u00f3 declaraciones a su llegada, hasta que firme su contrato y sea presentado oficialmente por la instituci\u00f3n.<br \/>\nCata\u00f1o llega procedente del club Millonarios de Bogot\u00e1, tiene 33 a\u00f1os de edad (17-01-1992 marca su fecha de nacimiento). En este 2025 particip\u00f3 en 20 juegos en la Liga de su pa\u00eds, anot\u00f3 un gol y gener\u00f3 dos asistencias . Adem\u00e1s dej\u00f3 la acumulaci\u00f3n de cinco tarjetas amarillas.<br \/>\nPortales del vecino pa\u00eds indican que Cata\u00f1o \u00abno tuvo gran participaci\u00f3n en los \u00faltimos meses por diversas lesiones que arrastraba desde semestres pasados y por acumulaci\u00f3n de tarjetas amarillas\u00bb (SIC. RED).<br \/>\nSin embargo, en el 2023 se consagr\u00f3 como uno de los pilares fundamentales de su equipo , luego del t\u00edtulo de la Liga Bet Play. Fue campe\u00f3n en tres ocasiones con Millonarios (S\u00faperliga, Copa y Liga de Colombia).<br \/>\nLA MERMA DE FUTBOLISTAS<br \/>\nEl campe\u00f3n nacional sufre una considerable ca\u00edda en su producci\u00f3n futbol\u00edstica durante las \u00faltimas seis fechas. Aunque est\u00e1 ubicado en un puesto expectante en la Liga Boliviana (torneo todos contra todos), en la Copa Bolivia (torneo seriado) est\u00e1 \u00faltimo en su grupo y el pr\u00f3ximo 16 de este mes, debe enfrentar un dif\u00edcil lance internacional frente a Palestino de Chile para optar por un puesto en la competencia de Copa Sudamericana, en condici\u00f3n de clasificado en repechaje. Adem\u00e1s este compromiso tendr\u00e1 un juego de vuelta, el 23 de julio, donde los celestes deber\u00e1n ser visitantes.<br \/>\nLa complejidad para conseguir victorias en el equipo dirigido por Flavio Robatto se debe a la merma de futbolistas que sufre desde finales del 2024. Comenz\u00f3 con la salida del brasile\u00f1o Francisco Da Costa y continu\u00f3 con las lesiones de casi un 50% de su plantilla titular.<br \/>\nEn las \u00faltimas semanas se confirm\u00f3 la salida de importantes piezas como Bruno S\u00e1vio, Fabio Gomes, Henrry Vaca y el arquero Rub\u00e9n Cordano. A cambio, el arquero Carlos Lampe volvi\u00f3 a custodiar el p\u00f3rtico, despu\u00e9s de casi nueve meses de ausencia.<br \/>\nEn las \u00faltimas horas, en la redes sociales tambi\u00e9n se rumorea una posible salida de uno de sus refuerzos estrella, Dorny Romero.<br \/>\nA Bol\u00edvar tambi\u00e9n le afecta la situaci\u00f3n econ\u00f3mica del pa\u00eds por la falta de d\u00f3lares americanos, lo que le estar\u00eda dificultando las negociaciones con nuevos refuerzos- que al igual que Cata\u00f1o- vengan a refrescar el primer plantel.<br \/>\nA entender del director t\u00e9cnico Flavio Robatto, \u00abBol\u00edvar debe enfrentar la situaci\u00f3n con valent\u00eda\u00bb y asegur\u00f3 que \u00abeste mal momento pasar\u00e1 pronto, porque se cuenta con buenos jugadores, adem\u00e1s que es el club m\u00e1s grande de Bolivia\u00bb.<\/p>\n<p><em>GHILKA SANABRIA<\/em><\/p>\n\r\n                <style type=\"text\/css\">\r\n                    \r\n                    #tdi_1  .td-doubleSlider-2 .td-item1 {\r\n                        background: url(https:\/\/www.eldiario.net\/portal\/wp-content\/uploads\/2025\/07\/FOTO-70-A-80x60.webp) 0 0 no-repeat;\r\n                    }\r\n                    #tdi_1  .td-doubleSlider-2 .td-item2 {\r\n                        background: url(https:\/\/www.eldiario.net\/portal\/wp-content\/uploads\/2025\/07\/FOTO-70-B-80x60.webp) 0 0 no-repeat;\r\n                    }\r\n                <\/style>\r\n\r\n                <div id=\"tdi_1\" class=\"td-gallery td-slide-on-2-columns\">\r\n                    <div class=\"post_td_gallery\">\r\n                        <div class=\"td-gallery-slide-top\">\r\n                           <div class=\"td-gallery-title\"><\/div>\r\n\r\n                            <div class=\"td-gallery-controls-wrapper\">\r\n                                <div class=\"td-gallery-slide-count\"><span class=\"td-gallery-slide-item-focus\">1<\/span> de 2<\/div>\r\n                                <div class=\"td-gallery-slide-prev-next-but\">\r\n                                    <i class = \"td-icon-left doubleSliderPrevButton\"><\/i>\r\n                                    <i class = \"td-icon-right doubleSliderNextButton\"><\/i>\r\n                                <\/div>\r\n                            <\/div>\r\n                        <\/div>\r\n\r\n                        <div class = \"td-doubleSlider-1 \">\r\n                            <div class = \"td-slider\">\r\n                                \r\n                    <div class = \"td-slide-item td-item1\">\r\n                        <figure class=\"td-slide-galery-figure td-slide-popup-gallery\">\r\n                            <a class=\"slide-gallery-image-link\" href=\"https:\/\/www.eldiario.net\/portal\/wp-content\/uploads\/2025\/07\/FOTO-70-A.webp\" title=\"FOTO-70-A\"  data-caption=\"\"  data-description=\"\">\r\n                                <img decoding=\"async\" src=\"https:\/\/www.eldiario.net\/portal\/wp-content\/uploads\/2025\/07\/FOTO-70-A-370x420.webp\" srcset=\"https:\/\/www.eldiario.net\/portal\/wp-content\/uploads\/2025\/07\/FOTO-70-A-370x420.webp 370w, https:\/\/www.eldiario.net\/portal\/wp-content\/uploads\/2025\/07\/FOTO-70-A-264x300.webp 264w, https:\/\/www.eldiario.net\/portal\/wp-content\/uploads\/2025\/07\/FOTO-70-A.webp 554w\" sizes=\"(max-width: 370px) 100vw, 370px\" alt=\"\">\r\n                            <\/a>\r\n                            \r\n                        <\/figure>\r\n                    <\/div>\r\n                    <div class = \"td-slide-item td-item2\">\r\n                        <figure class=\"td-slide-galery-figure td-slide-popup-gallery\">\r\n                            <a class=\"slide-gallery-image-link\" href=\"https:\/\/www.eldiario.net\/portal\/wp-content\/uploads\/2025\/07\/FOTO-70-B.webp\" title=\"FOTO-70-B\"  data-caption=\"\"  data-description=\"\">\r\n                                <img decoding=\"async\" src=\"https:\/\/www.eldiario.net\/portal\/wp-content\/uploads\/2025\/07\/FOTO-70-B-305x420.webp\" srcset=\"https:\/\/www.eldiario.net\/portal\/wp-content\/uploads\/2025\/07\/FOTO-70-B-305x420.webp 305w, https:\/\/www.eldiario.net\/portal\/wp-content\/uploads\/2025\/07\/FOTO-70-B-218x300.webp 218w, https:\/\/www.eldiario.net\/portal\/wp-content\/uploads\/2025\/07\/FOTO-70-B.webp 634w\" sizes=\"(max-width: 305px) 100vw, 305px\" alt=\"\">\r\n                            <\/a>\r\n                            \r\n                        <\/figure>\r\n                    <\/div>\r\n                            <\/div>\r\n                        <\/div>\r\n\r\n                        <div class = \"td-doubleSlider-2\">\r\n                            <div class = \"td-slider\">\r\n                                \r\n                    <div class = \"td-button td-item1\">\r\n                        <div class = \"td-border\"><\/div>\r\n                    <\/div>\r\n                    <div class = \"td-button td-item2\">\r\n                        <div class = \"td-border\"><\/div>\r\n                    <\/div>\r\n                            <\/div>\r\n                        <\/div>\r\n\r\n                    <\/div>\r\n\r\n                <\/div>\r\n                \n","protected":false},"excerpt":{"rendered":"<p>El mes de julio 2025 comenz\u00f3 con la llegada del mediocampista colombiano Daniel Cata\u00f1o quien arrib\u00f3 a La Paz para convertirse en el primer refuerzo de Bol\u00edvar para la segunda parte de los cert\u00e1menes del f\u00fatbol casero. No brind\u00f3 declaraciones a su llegada, hasta que firme su contrato y sea presentado oficialmente por la instituci\u00f3n. [&hellip;]<\/p>\n","protected":false},"author":1,"featured_media":313629,"comment_status":"closed","ping_status":"open","sticky":false,"template":"","format":"standard","meta":{"_acf_changed":false,"footnotes":""},"categories":[6],"tags":[],"class_list":["post-313627","post","type-post","status-publish","format-standard","has-post-thumbnail","category-deportes"],"acf":{"antetitulo":""},"yoast_head":"<!-- This site is optimized with the Yoast SEO plugin v28.4 - https:\/\/yoast.com\/product\/yoast-seo-wordpress\/ -->\n<title>Idas y venidas se\u00f1alan el camino celeste - El Diario - Bolivia<\/title>\n<meta name=\"robots\" content=\"index, follow, max-snippet:-1, max-image-preview:large, max-video-preview:-1\" \/>\n<link rel=\"canonical\" href=\"https:\/\/www.eldiario.net\/portal\/2025\/07\/02\/idas-y-venidas-senalan-el-camino-celeste\/\" \/>\n<meta property=\"og:locale\" content=\"es_ES\" \/>\n<meta property=\"og:type\" content=\"article\" \/>\n<meta property=\"og:title\" content=\"Idas y venidas se\u00f1alan el camino celeste - El Diario - Bolivia\" \/>\n<meta property=\"og:description\" content=\"El mes de julio 2025 comenz\u00f3 con la llegada del mediocampista colombiano Daniel Cata\u00f1o quien arrib\u00f3 a La Paz para convertirse en el primer refuerzo de Bol\u00edvar para la segunda parte de los cert\u00e1menes del f\u00fatbol casero. No brind\u00f3 declaraciones a su llegada, hasta que firme su contrato y sea presentado oficialmente por la instituci\u00f3n. [&hellip;]\" \/>\n<meta property=\"og:url\" content=\"https:\/\/www.eldiario.net\/portal\/2025\/07\/02\/idas-y-venidas-senalan-el-camino-celeste\/\" \/>\n<meta property=\"og:site_name\" content=\"El Diario - Bolivia\" \/>\n<meta property=\"article:publisher\" content=\"https:\/\/www.facebook.com\/eldiario.bolivia\/\" \/>\n<meta property=\"article:published_time\" content=\"2025-07-02T05:21:21+00:00\" \/>\n<meta property=\"og:image\" content=\"https:\/\/www.eldiario.net\/portal\/wp-content\/uploads\/2025\/07\/FOTO-70-B.webp\" \/>\n\t<meta property=\"og:image:width\" content=\"634\" \/>\n\t<meta property=\"og:image:height\" content=\"872\" \/>\n\t<meta property=\"og:image:type\" content=\"image\/webp\" \/>\n<meta name=\"author\" content=\"Jeanette\" \/>\n<meta name=\"twitter:card\" content=\"summary_large_image\" \/>\n<meta name=\"twitter:creator\" content=\"@eldiario_net\" \/>\n<meta name=\"twitter:site\" content=\"@eldiario_net\" \/>\n<meta name=\"twitter:label1\" content=\"Escrito por\" \/>\n\t<meta name=\"twitter:data1\" content=\"Jeanette\" \/>\n\t<meta name=\"twitter:label2\" content=\"Tiempo de lectura\" \/>\n\t<meta name=\"twitter:data2\" content=\"3 minutos\" \/>\n<script type=\"application\/ld+json\" class=\"yoast-schema-graph\">{\"@context\":\"https:\\\/\\\/schema.org\",\"@graph\":[{\"@type\":\"Article\",\"@id\":\"https:\\\/\\\/www.eldiario.net\\\/portal\\\/2025\\\/07\\\/02\\\/idas-y-venidas-senalan-el-camino-celeste\\\/#article\",\"isPartOf\":{\"@id\":\"https:\\\/\\\/www.eldiario.net\\\/portal\\\/2025\\\/07\\\/02\\\/idas-y-venidas-senalan-el-camino-celeste\\\/\"},\"author\":{\"name\":\"Jeanette\",\"@id\":\"https:\\\/\\\/www.eldiario.net\\\/portal\\\/#\\\/schema\\\/person\\\/2c57cf2b7a7ae032e449e4c9b1019eac\"},\"headline\":\"Idas y venidas se\u00f1alan el camino celeste\",\"datePublished\":\"2025-07-02T05:21:21+00:00\",\"mainEntityOfPage\":{\"@id\":\"https:\\\/\\\/www.eldiario.net\\\/portal\\\/2025\\\/07\\\/02\\\/idas-y-venidas-senalan-el-camino-celeste\\\/\"},\"wordCount\":510,\"publisher\":{\"@id\":\"https:\\\/\\\/www.eldiario.net\\\/portal\\\/#organization\"},\"image\":{\"@id\":\"https:\\\/\\\/www.eldiario.net\\\/portal\\\/2025\\\/07\\\/02\\\/idas-y-venidas-senalan-el-camino-celeste\\\/#primaryimage\"},\"thumbnailUrl\":\"https:\\\/\\\/www.eldiario.net\\\/portal\\\/wp-content\\\/uploads\\\/2025\\\/07\\\/FOTO-70-B.webp\",\"articleSection\":[\"Deportes\"],\"inLanguage\":\"es\"},{\"@type\":\"WebPage\",\"@id\":\"https:\\\/\\\/www.eldiario.net\\\/portal\\\/2025\\\/07\\\/02\\\/idas-y-venidas-senalan-el-camino-celeste\\\/\",\"url\":\"https:\\\/\\\/www.eldiario.net\\\/portal\\\/2025\\\/07\\\/02\\\/idas-y-venidas-senalan-el-camino-celeste\\\/\",\"name\":\"Idas y venidas se\u00f1alan el camino celeste - El Diario - Bolivia\",\"isPartOf\":{\"@id\":\"https:\\\/\\\/www.eldiario.net\\\/portal\\\/#website\"},\"primaryImageOfPage\":{\"@id\":\"https:\\\/\\\/www.eldiario.net\\\/portal\\\/2025\\\/07\\\/02\\\/idas-y-venidas-senalan-el-camino-celeste\\\/#primaryimage\"},\"image\":{\"@id\":\"https:\\\/\\\/www.eldiario.net\\\/portal\\\/2025\\\/07\\\/02\\\/idas-y-venidas-senalan-el-camino-celeste\\\/#primaryimage\"},\"thumbnailUrl\":\"https:\\\/\\\/www.eldiario.net\\\/portal\\\/wp-content\\\/uploads\\\/2025\\\/07\\\/FOTO-70-B.webp\",\"datePublished\":\"2025-07-02T05:21:21+00:00\",\"breadcrumb\":{\"@id\":\"https:\\\/\\\/www.eldiario.net\\\/portal\\\/2025\\\/07\\\/02\\\/idas-y-venidas-senalan-el-camino-celeste\\\/#breadcrumb\"},\"inLanguage\":\"es\",\"potentialAction\":[{\"@type\":\"ReadAction\",\"target\":[\"https:\\\/\\\/www.eldiario.net\\\/portal\\\/2025\\\/07\\\/02\\\/idas-y-venidas-senalan-el-camino-celeste\\\/\"]}]},{\"@type\":\"ImageObject\",\"inLanguage\":\"es\",\"@id\":\"https:\\\/\\\/www.eldiario.net\\\/portal\\\/2025\\\/07\\\/02\\\/idas-y-venidas-senalan-el-camino-celeste\\\/#primaryimage\",\"url\":\"https:\\\/\\\/www.eldiario.net\\\/portal\\\/wp-content\\\/uploads\\\/2025\\\/07\\\/FOTO-70-B.webp\",\"contentUrl\":\"https:\\\/\\\/www.eldiario.net\\\/portal\\\/wp-content\\\/uploads\\\/2025\\\/07\\\/FOTO-70-B.webp\",\"width\":634,\"height\":872},{\"@type\":\"BreadcrumbList\",\"@id\":\"https:\\\/\\\/www.eldiario.net\\\/portal\\\/2025\\\/07\\\/02\\\/idas-y-venidas-senalan-el-camino-celeste\\\/#breadcrumb\",\"itemListElement\":[{\"@type\":\"ListItem\",\"position\":1,\"name\":\"Portada\",\"item\":\"https:\\\/\\\/www.eldiario.net\\\/portal\\\/\"},{\"@type\":\"ListItem\",\"position\":2,\"name\":\"Idas y venidas se\u00f1alan el camino celeste\"}]},{\"@type\":\"WebSite\",\"@id\":\"https:\\\/\\\/www.eldiario.net\\\/portal\\\/#website\",\"url\":\"https:\\\/\\\/www.eldiario.net\\\/portal\\\/\",\"name\":\"El Diario - Decano de la prensa nacional\",\"description\":\"El Diario - Decano de la prensa nacional\",\"publisher\":{\"@id\":\"https:\\\/\\\/www.eldiario.net\\\/portal\\\/#organization\"},\"potentialAction\":[{\"@type\":\"SearchAction\",\"target\":{\"@type\":\"EntryPoint\",\"urlTemplate\":\"https:\\\/\\\/www.eldiario.net\\\/portal\\\/?s={search_term_string}\"},\"query-input\":{\"@type\":\"PropertyValueSpecification\",\"valueRequired\":true,\"valueName\":\"search_term_string\"}}],\"inLanguage\":\"es\"},{\"@type\":\"Organization\",\"@id\":\"https:\\\/\\\/www.eldiario.net\\\/portal\\\/#organization\",\"name\":\"El Diario - Decano de la prensa nacional\",\"url\":\"https:\\\/\\\/www.eldiario.net\\\/portal\\\/\",\"logo\":{\"@type\":\"ImageObject\",\"inLanguage\":\"es\",\"@id\":\"https:\\\/\\\/www.eldiario.net\\\/portal\\\/#\\\/schema\\\/logo\\\/image\\\/\",\"url\":\"https:\\\/\\\/www.eldiario.net\\\/portal\\\/wp-content\\\/uploads\\\/2023\\\/07\\\/logo_ED.jpg\",\"contentUrl\":\"https:\\\/\\\/www.eldiario.net\\\/portal\\\/wp-content\\\/uploads\\\/2023\\\/07\\\/logo_ED.jpg\",\"width\":272,\"height\":52,\"caption\":\"El Diario - Decano de la prensa nacional\"},\"image\":{\"@id\":\"https:\\\/\\\/www.eldiario.net\\\/portal\\\/#\\\/schema\\\/logo\\\/image\\\/\"},\"sameAs\":[\"https:\\\/\\\/www.facebook.com\\\/eldiario.bolivia\\\/\",\"https:\\\/\\\/x.com\\\/eldiario_net\"]},{\"@type\":\"Person\",\"@id\":\"https:\\\/\\\/www.eldiario.net\\\/portal\\\/#\\\/schema\\\/person\\\/2c57cf2b7a7ae032e449e4c9b1019eac\",\"name\":\"Jeanette\",\"image\":{\"@type\":\"ImageObject\",\"inLanguage\":\"es\",\"@id\":\"https:\\\/\\\/secure.gravatar.com\\\/avatar\\\/3ea2118a5f7dad2b7138b1187a6b7ee55f160b9968b66013c3a3ef39dd7e5798?s=96&d=mm&r=g\",\"url\":\"https:\\\/\\\/secure.gravatar.com\\\/avatar\\\/3ea2118a5f7dad2b7138b1187a6b7ee55f160b9968b66013c3a3ef39dd7e5798?s=96&d=mm&r=g\",\"contentUrl\":\"https:\\\/\\\/secure.gravatar.com\\\/avatar\\\/3ea2118a5f7dad2b7138b1187a6b7ee55f160b9968b66013c3a3ef39dd7e5798?s=96&d=mm&r=g\",\"caption\":\"Jeanette\"},\"sameAs\":[\"https:\\\/\\\/www.eldiario.net\\\/portal\"],\"url\":\"https:\\\/\\\/www.eldiario.net\\\/portal\\\/author\\\/jeanette\\\/\"}]}<\/script>\n<!-- \/ Yoast SEO plugin. -->","yoast_head_json":{"title":"Idas y venidas se\u00f1alan el camino celeste - El Diario - Bolivia","robots":{"index":"index","follow":"follow","max-snippet":"max-snippet:-1","max-image-preview":"max-image-preview:large","max-video-preview":"max-video-preview:-1"},"canonical":"https:\/\/www.eldiario.net\/portal\/2025\/07\/02\/idas-y-venidas-senalan-el-camino-celeste\/","og_locale":"es_ES","og_type":"article","og_title":"Idas y venidas se\u00f1alan el camino celeste - El Diario - Bolivia","og_description":"El mes de julio 2025 comenz\u00f3 con la llegada del mediocampista colombiano Daniel Cata\u00f1o quien arrib\u00f3 a La Paz para convertirse en el primer refuerzo de Bol\u00edvar para la segunda parte de los cert\u00e1menes del f\u00fatbol casero. No brind\u00f3 declaraciones a su llegada, hasta que firme su contrato y sea presentado oficialmente por la instituci\u00f3n. [&hellip;]","og_url":"https:\/\/www.eldiario.net\/portal\/2025\/07\/02\/idas-y-venidas-senalan-el-camino-celeste\/","og_site_name":"El Diario - Bolivia","article_publisher":"https:\/\/www.facebook.com\/eldiario.bolivia\/","article_published_time":"2025-07-02T05:21:21+00:00","og_image":[{"width":634,"height":872,"url":"https:\/\/www.eldiario.net\/portal\/wp-content\/uploads\/2025\/07\/FOTO-70-B.webp","type":"image\/webp"}],"author":"Jeanette","twitter_card":"summary_large_image","twitter_creator":"@eldiario_net","twitter_site":"@eldiario_net","twitter_misc":{"Escrito por":"Jeanette","Tiempo de lectura":"3 minutos"},"schema":{"@context":"https:\/\/schema.org","@graph":[{"@type":"Article","@id":"https:\/\/www.eldiario.net\/portal\/2025\/07\/02\/idas-y-venidas-senalan-el-camino-celeste\/#article","isPartOf":{"@id":"https:\/\/www.eldiario.net\/portal\/2025\/07\/02\/idas-y-venidas-senalan-el-camino-celeste\/"},"author":{"name":"Jeanette","@id":"https:\/\/www.eldiario.net\/portal\/#\/schema\/person\/2c57cf2b7a7ae032e449e4c9b1019eac"},"headline":"Idas y venidas se\u00f1alan el camino celeste","datePublished":"2025-07-02T05:21:21+00:00","mainEntityOfPage":{"@id":"https:\/\/www.eldiario.net\/portal\/2025\/07\/02\/idas-y-venidas-senalan-el-camino-celeste\/"},"wordCount":510,"publisher":{"@id":"https:\/\/www.eldiario.net\/portal\/#organization"},"image":{"@id":"https:\/\/www.eldiario.net\/portal\/2025\/07\/02\/idas-y-venidas-senalan-el-camino-celeste\/#primaryimage"},"thumbnailUrl":"https:\/\/www.eldiario.net\/portal\/wp-content\/uploads\/2025\/07\/FOTO-70-B.webp","articleSection":["Deportes"],"inLanguage":"es"},{"@type":"WebPage","@id":"https:\/\/www.eldiario.net\/portal\/2025\/07\/02\/idas-y-venidas-senalan-el-camino-celeste\/","url":"https:\/\/www.eldiario.net\/portal\/2025\/07\/02\/idas-y-venidas-senalan-el-camino-celeste\/","name":"Idas y venidas se\u00f1alan el camino celeste - El Diario - Bolivia","isPartOf":{"@id":"https:\/\/www.eldiario.net\/portal\/#website"},"primaryImageOfPage":{"@id":"https:\/\/www.eldiario.net\/portal\/2025\/07\/02\/idas-y-venidas-senalan-el-camino-celeste\/#primaryimage"},"image":{"@id":"https:\/\/www.eldiario.net\/portal\/2025\/07\/02\/idas-y-venidas-senalan-el-camino-celeste\/#primaryimage"},"thumbnailUrl":"https:\/\/www.eldiario.net\/portal\/wp-content\/uploads\/2025\/07\/FOTO-70-B.webp","datePublished":"2025-07-02T05:21:21+00:00","breadcrumb":{"@id":"https:\/\/www.eldiario.net\/portal\/2025\/07\/02\/idas-y-venidas-senalan-el-camino-celeste\/#breadcrumb"},"inLanguage":"es","potentialAction":[{"@type":"ReadAction","target":["https:\/\/www.eldiario.net\/portal\/2025\/07\/02\/idas-y-venidas-senalan-el-camino-celeste\/"]}]},{"@type":"ImageObject","inLanguage":"es","@id":"https:\/\/www.eldiario.net\/portal\/2025\/07\/02\/idas-y-venidas-senalan-el-camino-celeste\/#primaryimage","url":"https:\/\/www.eldiario.net\/portal\/wp-content\/uploads\/2025\/07\/FOTO-70-B.webp","contentUrl":"https:\/\/www.eldiario.net\/portal\/wp-content\/uploads\/2025\/07\/FOTO-70-B.webp","width":634,"height":872},{"@type":"BreadcrumbList","@id":"https:\/\/www.eldiario.net\/portal\/2025\/07\/02\/idas-y-venidas-senalan-el-camino-celeste\/#breadcrumb","itemListElement":[{"@type":"ListItem","position":1,"name":"Portada","item":"https:\/\/www.eldiario.net\/portal\/"},{"@type":"ListItem","position":2,"name":"Idas y venidas se\u00f1alan el camino celeste"}]},{"@type":"WebSite","@id":"https:\/\/www.eldiario.net\/portal\/#website","url":"https:\/\/www.eldiario.net\/portal\/","name":"El Diario - Decano de la prensa nacional","description":"El Diario - Decano de la prensa nacional","publisher":{"@id":"https:\/\/www.eldiario.net\/portal\/#organization"},"potentialAction":[{"@type":"SearchAction","target":{"@type":"EntryPoint","urlTemplate":"https:\/\/www.eldiario.net\/portal\/?s={search_term_string}"},"query-input":{"@type":"PropertyValueSpecification","valueRequired":true,"valueName":"search_term_string"}}],"inLanguage":"es"},{"@type":"Organization","@id":"https:\/\/www.eldiario.net\/portal\/#organization","name":"El Diario - Decano de la prensa nacional","url":"https:\/\/www.eldiario.net\/portal\/","logo":{"@type":"ImageObject","inLanguage":"es","@id":"https:\/\/www.eldiario.net\/portal\/#\/schema\/logo\/image\/","url":"https:\/\/www.eldiario.net\/portal\/wp-content\/uploads\/2023\/07\/logo_ED.jpg","contentUrl":"https:\/\/www.eldiario.net\/portal\/wp-content\/uploads\/2023\/07\/logo_ED.jpg","width":272,"height":52,"caption":"El Diario - Decano de la prensa nacional"},"image":{"@id":"https:\/\/www.eldiario.net\/portal\/#\/schema\/logo\/image\/"},"sameAs":["https:\/\/www.facebook.com\/eldiario.bolivia\/","https:\/\/x.com\/eldiario_net"]},{"@type":"Person","@id":"https:\/\/www.eldiario.net\/portal\/#\/schema\/person\/2c57cf2b7a7ae032e449e4c9b1019eac","name":"Jeanette","image":{"@type":"ImageObject","inLanguage":"es","@id":"https:\/\/secure.gravatar.com\/avatar\/3ea2118a5f7dad2b7138b1187a6b7ee55f160b9968b66013c3a3ef39dd7e5798?s=96&d=mm&r=g","url":"https:\/\/secure.gravatar.com\/avatar\/3ea2118a5f7dad2b7138b1187a6b7ee55f160b9968b66013c3a3ef39dd7e5798?s=96&d=mm&r=g","contentUrl":"https:\/\/secure.gravatar.com\/avatar\/3ea2118a5f7dad2b7138b1187a6b7ee55f160b9968b66013c3a3ef39dd7e5798?s=96&d=mm&r=g","caption":"Jeanette"},"sameAs":["https:\/\/www.eldiario.net\/portal"],"url":"https:\/\/www.eldiario.net\/portal\/author\/jeanette\/"}]}},"_links":{"self":[{"href":"https:\/\/www.eldiario.net\/portal\/wp-json\/wp\/v2\/posts\/313627","targetHints":{"allow":["GET"]}}],"collection":[{"href":"https:\/\/www.eldiario.net\/portal\/wp-json\/wp\/v2\/posts"}],"about":[{"href":"https:\/\/www.eldiario.net\/portal\/wp-json\/wp\/v2\/types\/post"}],"author":[{"embeddable":true,"href":"https:\/\/www.eldiario.net\/portal\/wp-json\/wp\/v2\/users\/1"}],"replies":[{"embeddable":true,"href":"https:\/\/www.eldiario.net\/portal\/wp-json\/wp\/v2\/comments?post=313627"}],"version-history":[{"count":1,"href":"https:\/\/www.eldiario.net\/portal\/wp-json\/wp\/v2\/posts\/313627\/revisions"}],"predecessor-version":[{"id":313630,"href":"https:\/\/www.eldiario.net\/portal\/wp-json\/wp\/v2\/posts\/313627\/revisions\/313630"}],"wp:featuredmedia":[{"embeddable":true,"href":"https:\/\/www.eldiario.net\/portal\/wp-json\/wp\/v2\/media\/313629"}],"wp:attachment":[{"href":"https:\/\/www.eldiario.net\/portal\/wp-json\/wp\/v2\/media?parent=313627"}],"wp:term":[{"taxonomy":"category","embeddable":true,"href":"https:\/\/www.eldiario.net\/portal\/wp-json\/wp\/v2\/categories?post=313627"},{"taxonomy":"post_tag","embeddable":true,"href":"https:\/\/www.eldiario.net\/portal\/wp-json\/wp\/v2\/tags?post=313627"}],"curies":[{"name":"wp","href":"https:\/\/api.w.org\/{rel}","templated":true}]}}