{"id":313269,"date":"2025-06-30T06:18:19","date_gmt":"2025-06-30T10:18:19","guid":{"rendered":"https:\/\/www.eldiario.net\/portal\/?p=313269"},"modified":"2025-06-30T06:18:28","modified_gmt":"2025-06-30T10:18:28","slug":"diputada-luciana-campero-queda-inhabilitada-como-candidata-al-senado","status":"publish","type":"post","link":"https:\/\/www.eldiario.net\/portal\/2025\/06\/30\/diputada-luciana-campero-queda-inhabilitada-como-candidata-al-senado\/","title":{"rendered":"Diputada Luciana Campero queda inhabilitada como candidata al Senado"},"content":{"rendered":"<p>El Tribunal Supremo Electoral (TSE), a trav\u00e9s de su Secretar\u00eda de C\u00e1mara, inform\u00f3 que la inhabilitaci\u00f3n de Luciana Campero Ch\u00e1vez como candidata a senadora por el departamento de Tarija se debe al incumplimiento del art\u00edculo 238 de la Constituci\u00f3n Pol\u00edtica del Estado (CPE), espec\u00edficamente por no presentar la declaraci\u00f3n jurada notarial que acredita no estar comprendida en causales de inelegibilidad.<\/p>\n<p>El TSE explic\u00f3 que la declaraci\u00f3n jurada notariada es un requisito obligatorio para todos los postulantes a cargos electivos, ya que permite verificar que no se encuentran incursos en ninguna de las causales de incompatibilidad o prohibici\u00f3n establecidas en la Constituci\u00f3n.<\/p>\n<p>La autoridad electoral record\u00f3 que estos procedimientos forman parte del cumplimiento de los principios constitucionales que rigen la administraci\u00f3n del proceso electoral y la defensa de los derechos pol\u00edticos, tanto de los candidatos como del electorado. (Con informaci\u00f3n de Br\u00fajula Digital)<\/p>\n","protected":false},"excerpt":{"rendered":"<p>El Tribunal Supremo Electoral (TSE), a trav\u00e9s de su Secretar\u00eda de C\u00e1mara, inform\u00f3 que la inhabilitaci\u00f3n de Luciana Campero Ch\u00e1vez como candidata a senadora por el departamento de Tarija se debe al incumplimiento del art\u00edculo 238 de la Constituci\u00f3n Pol\u00edtica del Estado (CPE), espec\u00edficamente por no presentar la declaraci\u00f3n jurada notarial que acredita no estar [&hellip;]<\/p>\n","protected":false},"author":1,"featured_media":313270,"comment_status":"closed","ping_status":"open","sticky":false,"template":"","format":"standard","meta":{"_acf_changed":false,"footnotes":""},"categories":[14],"tags":[],"class_list":["post-313269","post","type-post","status-publish","format-standard","has-post-thumbnail","category-politica"],"acf":{"antetitulo":"No present\u00f3 declaraci\u00f3n jurada notarial"},"yoast_head":"<!-- This site is optimized with the Yoast SEO plugin v28.3 - https:\/\/yoast.com\/product\/yoast-seo-wordpress\/ -->\n<title>Diputada Luciana Campero queda inhabilitada como candidata al Senado - El Diario - Bolivia<\/title>\n<meta name=\"robots\" content=\"index, follow, max-snippet:-1, max-image-preview:large, max-video-preview:-1\" \/>\n<link rel=\"canonical\" href=\"https:\/\/www.eldiario.net\/portal\/2025\/06\/30\/diputada-luciana-campero-queda-inhabilitada-como-candidata-al-senado\/\" \/>\n<meta property=\"og:locale\" content=\"es_ES\" \/>\n<meta property=\"og:type\" content=\"article\" \/>\n<meta property=\"og:title\" content=\"Diputada Luciana Campero queda inhabilitada como candidata al Senado - El Diario - Bolivia\" \/>\n<meta property=\"og:description\" content=\"El Tribunal Supremo Electoral (TSE), a trav\u00e9s de su Secretar\u00eda de C\u00e1mara, inform\u00f3 que la inhabilitaci\u00f3n de Luciana Campero Ch\u00e1vez como candidata a senadora por el departamento de Tarija se debe al incumplimiento del art\u00edculo 238 de la Constituci\u00f3n Pol\u00edtica del Estado (CPE), espec\u00edficamente por no presentar la declaraci\u00f3n jurada notarial que acredita no estar [&hellip;]\" \/>\n<meta property=\"og:url\" content=\"https:\/\/www.eldiario.net\/portal\/2025\/06\/30\/diputada-luciana-campero-queda-inhabilitada-como-candidata-al-senado\/\" \/>\n<meta property=\"og:site_name\" content=\"El Diario - Bolivia\" \/>\n<meta property=\"article:publisher\" content=\"https:\/\/www.facebook.com\/eldiario.bolivia\/\" \/>\n<meta property=\"article:published_time\" content=\"2025-06-30T10:18:19+00:00\" \/>\n<meta property=\"article:modified_time\" content=\"2025-06-30T10:18:28+00:00\" \/>\n<meta property=\"og:image\" content=\"https:\/\/www.eldiario.net\/portal\/wp-content\/uploads\/2025\/06\/30-LUC.webp\" \/>\n\t<meta property=\"og:image:width\" content=\"720\" \/>\n\t<meta property=\"og:image:height\" content=\"399\" \/>\n\t<meta property=\"og:image:type\" content=\"image\/webp\" \/>\n<meta name=\"author\" content=\"Jeanette\" \/>\n<meta name=\"twitter:card\" content=\"summary_large_image\" \/>\n<meta name=\"twitter:creator\" content=\"@eldiario_net\" \/>\n<meta name=\"twitter:site\" content=\"@eldiario_net\" \/>\n<meta name=\"twitter:label1\" content=\"Escrito por\" \/>\n\t<meta name=\"twitter:data1\" content=\"Jeanette\" \/>\n\t<meta name=\"twitter:label2\" content=\"Tiempo de lectura\" \/>\n\t<meta name=\"twitter:data2\" content=\"1 minuto\" \/>\n<script type=\"application\/ld+json\" class=\"yoast-schema-graph\">{\"@context\":\"https:\\\/\\\/schema.org\",\"@graph\":[{\"@type\":\"Article\",\"@id\":\"https:\\\/\\\/www.eldiario.net\\\/portal\\\/2025\\\/06\\\/30\\\/diputada-luciana-campero-queda-inhabilitada-como-candidata-al-senado\\\/#article\",\"isPartOf\":{\"@id\":\"https:\\\/\\\/www.eldiario.net\\\/portal\\\/2025\\\/06\\\/30\\\/diputada-luciana-campero-queda-inhabilitada-como-candidata-al-senado\\\/\"},\"author\":{\"name\":\"Jeanette\",\"@id\":\"https:\\\/\\\/www.eldiario.net\\\/portal\\\/#\\\/schema\\\/person\\\/f46445640444750d7d753ccd04ae01b7\"},\"headline\":\"Diputada Luciana Campero queda inhabilitada como candidata al Senado\",\"datePublished\":\"2025-06-30T10:18:19+00:00\",\"dateModified\":\"2025-06-30T10:18:28+00:00\",\"mainEntityOfPage\":{\"@id\":\"https:\\\/\\\/www.eldiario.net\\\/portal\\\/2025\\\/06\\\/30\\\/diputada-luciana-campero-queda-inhabilitada-como-candidata-al-senado\\\/\"},\"wordCount\":167,\"publisher\":{\"@id\":\"https:\\\/\\\/www.eldiario.net\\\/portal\\\/#organization\"},\"image\":{\"@id\":\"https:\\\/\\\/www.eldiario.net\\\/portal\\\/2025\\\/06\\\/30\\\/diputada-luciana-campero-queda-inhabilitada-como-candidata-al-senado\\\/#primaryimage\"},\"thumbnailUrl\":\"https:\\\/\\\/www.eldiario.net\\\/portal\\\/wp-content\\\/uploads\\\/2025\\\/06\\\/30-LUC.webp\",\"articleSection\":[\"Pol\u00edtica\"],\"inLanguage\":\"es\"},{\"@type\":\"WebPage\",\"@id\":\"https:\\\/\\\/www.eldiario.net\\\/portal\\\/2025\\\/06\\\/30\\\/diputada-luciana-campero-queda-inhabilitada-como-candidata-al-senado\\\/\",\"url\":\"https:\\\/\\\/www.eldiario.net\\\/portal\\\/2025\\\/06\\\/30\\\/diputada-luciana-campero-queda-inhabilitada-como-candidata-al-senado\\\/\",\"name\":\"Diputada Luciana Campero queda inhabilitada como candidata al Senado - El Diario - Bolivia\",\"isPartOf\":{\"@id\":\"https:\\\/\\\/www.eldiario.net\\\/portal\\\/#website\"},\"primaryImageOfPage\":{\"@id\":\"https:\\\/\\\/www.eldiario.net\\\/portal\\\/2025\\\/06\\\/30\\\/diputada-luciana-campero-queda-inhabilitada-como-candidata-al-senado\\\/#primaryimage\"},\"image\":{\"@id\":\"https:\\\/\\\/www.eldiario.net\\\/portal\\\/2025\\\/06\\\/30\\\/diputada-luciana-campero-queda-inhabilitada-como-candidata-al-senado\\\/#primaryimage\"},\"thumbnailUrl\":\"https:\\\/\\\/www.eldiario.net\\\/portal\\\/wp-content\\\/uploads\\\/2025\\\/06\\\/30-LUC.webp\",\"datePublished\":\"2025-06-30T10:18:19+00:00\",\"dateModified\":\"2025-06-30T10:18:28+00:00\",\"breadcrumb\":{\"@id\":\"https:\\\/\\\/www.eldiario.net\\\/portal\\\/2025\\\/06\\\/30\\\/diputada-luciana-campero-queda-inhabilitada-como-candidata-al-senado\\\/#breadcrumb\"},\"inLanguage\":\"es\",\"potentialAction\":[{\"@type\":\"ReadAction\",\"target\":[\"https:\\\/\\\/www.eldiario.net\\\/portal\\\/2025\\\/06\\\/30\\\/diputada-luciana-campero-queda-inhabilitada-como-candidata-al-senado\\\/\"]}]},{\"@type\":\"ImageObject\",\"inLanguage\":\"es\",\"@id\":\"https:\\\/\\\/www.eldiario.net\\\/portal\\\/2025\\\/06\\\/30\\\/diputada-luciana-campero-queda-inhabilitada-como-candidata-al-senado\\\/#primaryimage\",\"url\":\"https:\\\/\\\/www.eldiario.net\\\/portal\\\/wp-content\\\/uploads\\\/2025\\\/06\\\/30-LUC.webp\",\"contentUrl\":\"https:\\\/\\\/www.eldiario.net\\\/portal\\\/wp-content\\\/uploads\\\/2025\\\/06\\\/30-LUC.webp\",\"width\":720,\"height\":399},{\"@type\":\"BreadcrumbList\",\"@id\":\"https:\\\/\\\/www.eldiario.net\\\/portal\\\/2025\\\/06\\\/30\\\/diputada-luciana-campero-queda-inhabilitada-como-candidata-al-senado\\\/#breadcrumb\",\"itemListElement\":[{\"@type\":\"ListItem\",\"position\":1,\"name\":\"Portada\",\"item\":\"https:\\\/\\\/www.eldiario.net\\\/portal\\\/\"},{\"@type\":\"ListItem\",\"position\":2,\"name\":\"Diputada Luciana Campero queda inhabilitada como candidata al Senado\"}]},{\"@type\":\"WebSite\",\"@id\":\"https:\\\/\\\/www.eldiario.net\\\/portal\\\/#website\",\"url\":\"https:\\\/\\\/www.eldiario.net\\\/portal\\\/\",\"name\":\"El Diario - Decano de la prensa nacional\",\"description\":\"El Diario - Decano de la prensa nacional\",\"publisher\":{\"@id\":\"https:\\\/\\\/www.eldiario.net\\\/portal\\\/#organization\"},\"potentialAction\":[{\"@type\":\"SearchAction\",\"target\":{\"@type\":\"EntryPoint\",\"urlTemplate\":\"https:\\\/\\\/www.eldiario.net\\\/portal\\\/?s={search_term_string}\"},\"query-input\":{\"@type\":\"PropertyValueSpecification\",\"valueRequired\":true,\"valueName\":\"search_term_string\"}}],\"inLanguage\":\"es\"},{\"@type\":\"Organization\",\"@id\":\"https:\\\/\\\/www.eldiario.net\\\/portal\\\/#organization\",\"name\":\"El Diario - Decano de la prensa nacional\",\"url\":\"https:\\\/\\\/www.eldiario.net\\\/portal\\\/\",\"logo\":{\"@type\":\"ImageObject\",\"inLanguage\":\"es\",\"@id\":\"https:\\\/\\\/www.eldiario.net\\\/portal\\\/#\\\/schema\\\/logo\\\/image\\\/\",\"url\":\"https:\\\/\\\/www.eldiario.net\\\/portal\\\/wp-content\\\/uploads\\\/2023\\\/07\\\/logo_ED.jpg\",\"contentUrl\":\"https:\\\/\\\/www.eldiario.net\\\/portal\\\/wp-content\\\/uploads\\\/2023\\\/07\\\/logo_ED.jpg\",\"width\":272,\"height\":52,\"caption\":\"El Diario - Decano de la prensa nacional\"},\"image\":{\"@id\":\"https:\\\/\\\/www.eldiario.net\\\/portal\\\/#\\\/schema\\\/logo\\\/image\\\/\"},\"sameAs\":[\"https:\\\/\\\/www.facebook.com\\\/eldiario.bolivia\\\/\",\"https:\\\/\\\/x.com\\\/eldiario_net\"]},{\"@type\":\"Person\",\"@id\":\"https:\\\/\\\/www.eldiario.net\\\/portal\\\/#\\\/schema\\\/person\\\/f46445640444750d7d753ccd04ae01b7\",\"name\":\"Jeanette\",\"image\":{\"@type\":\"ImageObject\",\"inLanguage\":\"es\",\"@id\":\"https:\\\/\\\/secure.gravatar.com\\\/avatar\\\/3ea2118a5f7dad2b7138b1187a6b7ee55f160b9968b66013c3a3ef39dd7e5798?s=96&d=mm&r=g\",\"url\":\"https:\\\/\\\/secure.gravatar.com\\\/avatar\\\/3ea2118a5f7dad2b7138b1187a6b7ee55f160b9968b66013c3a3ef39dd7e5798?s=96&d=mm&r=g\",\"contentUrl\":\"https:\\\/\\\/secure.gravatar.com\\\/avatar\\\/3ea2118a5f7dad2b7138b1187a6b7ee55f160b9968b66013c3a3ef39dd7e5798?s=96&d=mm&r=g\",\"caption\":\"Jeanette\"},\"sameAs\":[\"https:\\\/\\\/www.eldiario.net\\\/portal\"],\"url\":\"https:\\\/\\\/www.eldiario.net\\\/portal\\\/author\\\/jeanette\\\/\"}]}<\/script>\n<!-- \/ Yoast SEO plugin. -->","yoast_head_json":{"title":"Diputada Luciana Campero queda inhabilitada como candidata al Senado - El Diario - Bolivia","robots":{"index":"index","follow":"follow","max-snippet":"max-snippet:-1","max-image-preview":"max-image-preview:large","max-video-preview":"max-video-preview:-1"},"canonical":"https:\/\/www.eldiario.net\/portal\/2025\/06\/30\/diputada-luciana-campero-queda-inhabilitada-como-candidata-al-senado\/","og_locale":"es_ES","og_type":"article","og_title":"Diputada Luciana Campero queda inhabilitada como candidata al Senado - El Diario - Bolivia","og_description":"El Tribunal Supremo Electoral (TSE), a trav\u00e9s de su Secretar\u00eda de C\u00e1mara, inform\u00f3 que la inhabilitaci\u00f3n de Luciana Campero Ch\u00e1vez como candidata a senadora por el departamento de Tarija se debe al incumplimiento del art\u00edculo 238 de la Constituci\u00f3n Pol\u00edtica del Estado (CPE), espec\u00edficamente por no presentar la declaraci\u00f3n jurada notarial que acredita no estar [&hellip;]","og_url":"https:\/\/www.eldiario.net\/portal\/2025\/06\/30\/diputada-luciana-campero-queda-inhabilitada-como-candidata-al-senado\/","og_site_name":"El Diario - Bolivia","article_publisher":"https:\/\/www.facebook.com\/eldiario.bolivia\/","article_published_time":"2025-06-30T10:18:19+00:00","article_modified_time":"2025-06-30T10:18:28+00:00","og_image":[{"width":720,"height":399,"url":"https:\/\/www.eldiario.net\/portal\/wp-content\/uploads\/2025\/06\/30-LUC.webp","type":"image\/webp"}],"author":"Jeanette","twitter_card":"summary_large_image","twitter_creator":"@eldiario_net","twitter_site":"@eldiario_net","twitter_misc":{"Escrito por":"Jeanette","Tiempo de lectura":"1 minuto"},"schema":{"@context":"https:\/\/schema.org","@graph":[{"@type":"Article","@id":"https:\/\/www.eldiario.net\/portal\/2025\/06\/30\/diputada-luciana-campero-queda-inhabilitada-como-candidata-al-senado\/#article","isPartOf":{"@id":"https:\/\/www.eldiario.net\/portal\/2025\/06\/30\/diputada-luciana-campero-queda-inhabilitada-como-candidata-al-senado\/"},"author":{"name":"Jeanette","@id":"https:\/\/www.eldiario.net\/portal\/#\/schema\/person\/f46445640444750d7d753ccd04ae01b7"},"headline":"Diputada Luciana Campero queda inhabilitada como candidata al Senado","datePublished":"2025-06-30T10:18:19+00:00","dateModified":"2025-06-30T10:18:28+00:00","mainEntityOfPage":{"@id":"https:\/\/www.eldiario.net\/portal\/2025\/06\/30\/diputada-luciana-campero-queda-inhabilitada-como-candidata-al-senado\/"},"wordCount":167,"publisher":{"@id":"https:\/\/www.eldiario.net\/portal\/#organization"},"image":{"@id":"https:\/\/www.eldiario.net\/portal\/2025\/06\/30\/diputada-luciana-campero-queda-inhabilitada-como-candidata-al-senado\/#primaryimage"},"thumbnailUrl":"https:\/\/www.eldiario.net\/portal\/wp-content\/uploads\/2025\/06\/30-LUC.webp","articleSection":["Pol\u00edtica"],"inLanguage":"es"},{"@type":"WebPage","@id":"https:\/\/www.eldiario.net\/portal\/2025\/06\/30\/diputada-luciana-campero-queda-inhabilitada-como-candidata-al-senado\/","url":"https:\/\/www.eldiario.net\/portal\/2025\/06\/30\/diputada-luciana-campero-queda-inhabilitada-como-candidata-al-senado\/","name":"Diputada Luciana Campero queda inhabilitada como candidata al Senado - El Diario - Bolivia","isPartOf":{"@id":"https:\/\/www.eldiario.net\/portal\/#website"},"primaryImageOfPage":{"@id":"https:\/\/www.eldiario.net\/portal\/2025\/06\/30\/diputada-luciana-campero-queda-inhabilitada-como-candidata-al-senado\/#primaryimage"},"image":{"@id":"https:\/\/www.eldiario.net\/portal\/2025\/06\/30\/diputada-luciana-campero-queda-inhabilitada-como-candidata-al-senado\/#primaryimage"},"thumbnailUrl":"https:\/\/www.eldiario.net\/portal\/wp-content\/uploads\/2025\/06\/30-LUC.webp","datePublished":"2025-06-30T10:18:19+00:00","dateModified":"2025-06-30T10:18:28+00:00","breadcrumb":{"@id":"https:\/\/www.eldiario.net\/portal\/2025\/06\/30\/diputada-luciana-campero-queda-inhabilitada-como-candidata-al-senado\/#breadcrumb"},"inLanguage":"es","potentialAction":[{"@type":"ReadAction","target":["https:\/\/www.eldiario.net\/portal\/2025\/06\/30\/diputada-luciana-campero-queda-inhabilitada-como-candidata-al-senado\/"]}]},{"@type":"ImageObject","inLanguage":"es","@id":"https:\/\/www.eldiario.net\/portal\/2025\/06\/30\/diputada-luciana-campero-queda-inhabilitada-como-candidata-al-senado\/#primaryimage","url":"https:\/\/www.eldiario.net\/portal\/wp-content\/uploads\/2025\/06\/30-LUC.webp","contentUrl":"https:\/\/www.eldiario.net\/portal\/wp-content\/uploads\/2025\/06\/30-LUC.webp","width":720,"height":399},{"@type":"BreadcrumbList","@id":"https:\/\/www.eldiario.net\/portal\/2025\/06\/30\/diputada-luciana-campero-queda-inhabilitada-como-candidata-al-senado\/#breadcrumb","itemListElement":[{"@type":"ListItem","position":1,"name":"Portada","item":"https:\/\/www.eldiario.net\/portal\/"},{"@type":"ListItem","position":2,"name":"Diputada Luciana Campero queda inhabilitada como candidata al Senado"}]},{"@type":"WebSite","@id":"https:\/\/www.eldiario.net\/portal\/#website","url":"https:\/\/www.eldiario.net\/portal\/","name":"El Diario - Decano de la prensa nacional","description":"El Diario - Decano de la prensa nacional","publisher":{"@id":"https:\/\/www.eldiario.net\/portal\/#organization"},"potentialAction":[{"@type":"SearchAction","target":{"@type":"EntryPoint","urlTemplate":"https:\/\/www.eldiario.net\/portal\/?s={search_term_string}"},"query-input":{"@type":"PropertyValueSpecification","valueRequired":true,"valueName":"search_term_string"}}],"inLanguage":"es"},{"@type":"Organization","@id":"https:\/\/www.eldiario.net\/portal\/#organization","name":"El Diario - Decano de la prensa nacional","url":"https:\/\/www.eldiario.net\/portal\/","logo":{"@type":"ImageObject","inLanguage":"es","@id":"https:\/\/www.eldiario.net\/portal\/#\/schema\/logo\/image\/","url":"https:\/\/www.eldiario.net\/portal\/wp-content\/uploads\/2023\/07\/logo_ED.jpg","contentUrl":"https:\/\/www.eldiario.net\/portal\/wp-content\/uploads\/2023\/07\/logo_ED.jpg","width":272,"height":52,"caption":"El Diario - Decano de la prensa nacional"},"image":{"@id":"https:\/\/www.eldiario.net\/portal\/#\/schema\/logo\/image\/"},"sameAs":["https:\/\/www.facebook.com\/eldiario.bolivia\/","https:\/\/x.com\/eldiario_net"]},{"@type":"Person","@id":"https:\/\/www.eldiario.net\/portal\/#\/schema\/person\/f46445640444750d7d753ccd04ae01b7","name":"Jeanette","image":{"@type":"ImageObject","inLanguage":"es","@id":"https:\/\/secure.gravatar.com\/avatar\/3ea2118a5f7dad2b7138b1187a6b7ee55f160b9968b66013c3a3ef39dd7e5798?s=96&d=mm&r=g","url":"https:\/\/secure.gravatar.com\/avatar\/3ea2118a5f7dad2b7138b1187a6b7ee55f160b9968b66013c3a3ef39dd7e5798?s=96&d=mm&r=g","contentUrl":"https:\/\/secure.gravatar.com\/avatar\/3ea2118a5f7dad2b7138b1187a6b7ee55f160b9968b66013c3a3ef39dd7e5798?s=96&d=mm&r=g","caption":"Jeanette"},"sameAs":["https:\/\/www.eldiario.net\/portal"],"url":"https:\/\/www.eldiario.net\/portal\/author\/jeanette\/"}]}},"_links":{"self":[{"href":"https:\/\/www.eldiario.net\/portal\/wp-json\/wp\/v2\/posts\/313269","targetHints":{"allow":["GET"]}}],"collection":[{"href":"https:\/\/www.eldiario.net\/portal\/wp-json\/wp\/v2\/posts"}],"about":[{"href":"https:\/\/www.eldiario.net\/portal\/wp-json\/wp\/v2\/types\/post"}],"author":[{"embeddable":true,"href":"https:\/\/www.eldiario.net\/portal\/wp-json\/wp\/v2\/users\/1"}],"replies":[{"embeddable":true,"href":"https:\/\/www.eldiario.net\/portal\/wp-json\/wp\/v2\/comments?post=313269"}],"version-history":[{"count":2,"href":"https:\/\/www.eldiario.net\/portal\/wp-json\/wp\/v2\/posts\/313269\/revisions"}],"predecessor-version":[{"id":313272,"href":"https:\/\/www.eldiario.net\/portal\/wp-json\/wp\/v2\/posts\/313269\/revisions\/313272"}],"wp:featuredmedia":[{"embeddable":true,"href":"https:\/\/www.eldiario.net\/portal\/wp-json\/wp\/v2\/media\/313270"}],"wp:attachment":[{"href":"https:\/\/www.eldiario.net\/portal\/wp-json\/wp\/v2\/media?parent=313269"}],"wp:term":[{"taxonomy":"category","embeddable":true,"href":"https:\/\/www.eldiario.net\/portal\/wp-json\/wp\/v2\/categories?post=313269"},{"taxonomy":"post_tag","embeddable":true,"href":"https:\/\/www.eldiario.net\/portal\/wp-json\/wp\/v2\/tags?post=313269"}],"curies":[{"name":"wp","href":"https:\/\/api.w.org\/{rel}","templated":true}]}}