{"id":313266,"date":"2025-06-30T06:17:54","date_gmt":"2025-06-30T10:17:54","guid":{"rendered":"https:\/\/www.eldiario.net\/portal\/?p=313266"},"modified":"2025-06-30T06:17:54","modified_gmt":"2025-06-30T10:17:54","slug":"bicentenario-debe-ser-oportunidad-para-vivir-con-justicia-y-humanidad","status":"publish","type":"post","link":"https:\/\/www.eldiario.net\/portal\/2025\/06\/30\/bicentenario-debe-ser-oportunidad-para-vivir-con-justicia-y-humanidad\/","title":{"rendered":"Bicentenario debe ser oportunidad para vivir con justicia y humanidad"},"content":{"rendered":"<p>En el D\u00eda del Papa de la Iglesia Cat\u00f3lica, el nuncio apost\u00f3lico de Bolivia, Ferm\u00edn Sosa Rodr\u00edguez, invit\u00f3 al pueblo boliviano a que el Bicentenario de la independencia sea una oportunidad para vivir con justicia, solidaridad y humanidad, para no repetir una historia pasada marcada por la violencia y la confrontaci\u00f3n entre hermanos.<\/p>\n<p>\u201cEste a\u00f1o, en el que se celebra el Bicentenario de la independencia, debe ser un motivo de reflexi\u00f3n y de an\u00e1lisis de la historia para no repetir los mismos errores, sino que aprendiendo de ellos se pueda construir una naci\u00f3n m\u00e1s fuerte, que vele por el bien com\u00fan y que tenga como base la justicia, la solidaridad, la fraternidad y sobre todo la humanidad\u201d, se\u00f1al\u00f3 Sosa ayer en la Bas\u00edlica Menor de San Francisco.<\/p>\n<p>En su homil\u00eda, el emisario del Vaticano record\u00f3 que la premisa cristiana de \u201chacer puentes entre Dios y los hombres\u201d no solamente fue promovida por los ap\u00f3stoles Pedro y Pablo, sino tambi\u00e9n por el fallecido Sumo Pont\u00edfice, el Papa Francisco, quien invitaba a \u201cconstruir puentes en vez de muros\u201d, un legado continuado por el actual m\u00e1ximo l\u00edder de la comunidad cat\u00f3lica, Le\u00f3n XVI.<\/p>\n<p>En presencia del cardenal boliviano, Toribio Porco Ticona, y siete de los principales obispos del departamento de La Paz, reflexion\u00f3 sobre la importancia de actuar en consecuencia con los valores cristianos en cada espacio de la vida cotidiana y afirm\u00f3 que la diferencia de ideolog\u00edas no puede justificar la violencia y la muerte.<\/p>\n<p>\u201cLos invito a que, unidos como hermanos en el amor de Cristo, seamos fermento de concordia en nuestras familias, en nuestras fuentes de trabajo y en nuestras comunidades. Que las diferencias de pensamiento y de ideales no sean justificaci\u00f3n para tomar las armas y enfrentarnos los unos a los otros\u201d, pronunci\u00f3 Sosa a los fieles cat\u00f3licos.<\/p>\n","protected":false},"excerpt":{"rendered":"<p>En el D\u00eda del Papa de la Iglesia Cat\u00f3lica, el nuncio apost\u00f3lico de Bolivia, Ferm\u00edn Sosa Rodr\u00edguez, invit\u00f3 al pueblo boliviano a que el Bicentenario de la independencia sea una oportunidad para vivir con justicia, solidaridad y humanidad, para no repetir una historia pasada marcada por la violencia y la confrontaci\u00f3n entre hermanos. \u201cEste a\u00f1o, [&hellip;]<\/p>\n","protected":false},"author":1,"featured_media":313267,"comment_status":"closed","ping_status":"open","sticky":false,"template":"","format":"standard","meta":{"_acf_changed":false,"footnotes":""},"categories":[14],"tags":[],"class_list":["post-313266","post","type-post","status-publish","format-standard","has-post-thumbnail","category-politica"],"acf":{"antetitulo":"Mensaje del Nuncio Apost\u00f3lico de Bolivia"},"yoast_head":"<!-- This site is optimized with the Yoast SEO plugin v28.3 - https:\/\/yoast.com\/product\/yoast-seo-wordpress\/ -->\n<title>Bicentenario debe ser oportunidad para vivir con justicia y humanidad - El Diario - Bolivia<\/title>\n<meta name=\"robots\" content=\"index, follow, max-snippet:-1, max-image-preview:large, max-video-preview:-1\" \/>\n<link rel=\"canonical\" href=\"https:\/\/www.eldiario.net\/portal\/2025\/06\/30\/bicentenario-debe-ser-oportunidad-para-vivir-con-justicia-y-humanidad\/\" \/>\n<meta property=\"og:locale\" content=\"es_ES\" \/>\n<meta property=\"og:type\" content=\"article\" \/>\n<meta property=\"og:title\" content=\"Bicentenario debe ser oportunidad para vivir con justicia y humanidad - El Diario - Bolivia\" \/>\n<meta property=\"og:description\" content=\"En el D\u00eda del Papa de la Iglesia Cat\u00f3lica, el nuncio apost\u00f3lico de Bolivia, Ferm\u00edn Sosa Rodr\u00edguez, invit\u00f3 al pueblo boliviano a que el Bicentenario de la independencia sea una oportunidad para vivir con justicia, solidaridad y humanidad, para no repetir una historia pasada marcada por la violencia y la confrontaci\u00f3n entre hermanos. \u201cEste a\u00f1o, [&hellip;]\" \/>\n<meta property=\"og:url\" content=\"https:\/\/www.eldiario.net\/portal\/2025\/06\/30\/bicentenario-debe-ser-oportunidad-para-vivir-con-justicia-y-humanidad\/\" \/>\n<meta property=\"og:site_name\" content=\"El Diario - Bolivia\" \/>\n<meta property=\"article:publisher\" content=\"https:\/\/www.facebook.com\/eldiario.bolivia\/\" \/>\n<meta property=\"article:published_time\" content=\"2025-06-30T10:17:54+00:00\" \/>\n<meta property=\"og:image\" content=\"https:\/\/www.eldiario.net\/portal\/wp-content\/uploads\/2025\/06\/30-IGS.webp\" \/>\n\t<meta property=\"og:image:width\" content=\"1360\" \/>\n\t<meta property=\"og:image:height\" content=\"768\" \/>\n\t<meta property=\"og:image:type\" content=\"image\/webp\" \/>\n<meta name=\"author\" content=\"Jeanette\" \/>\n<meta name=\"twitter:card\" content=\"summary_large_image\" \/>\n<meta name=\"twitter:creator\" content=\"@eldiario_net\" \/>\n<meta name=\"twitter:site\" content=\"@eldiario_net\" \/>\n<meta name=\"twitter:label1\" content=\"Escrito por\" \/>\n\t<meta name=\"twitter:data1\" content=\"Jeanette\" \/>\n\t<meta name=\"twitter:label2\" content=\"Tiempo de lectura\" \/>\n\t<meta name=\"twitter:data2\" content=\"2 minutos\" \/>\n<script type=\"application\/ld+json\" class=\"yoast-schema-graph\">{\"@context\":\"https:\\\/\\\/schema.org\",\"@graph\":[{\"@type\":\"Article\",\"@id\":\"https:\\\/\\\/www.eldiario.net\\\/portal\\\/2025\\\/06\\\/30\\\/bicentenario-debe-ser-oportunidad-para-vivir-con-justicia-y-humanidad\\\/#article\",\"isPartOf\":{\"@id\":\"https:\\\/\\\/www.eldiario.net\\\/portal\\\/2025\\\/06\\\/30\\\/bicentenario-debe-ser-oportunidad-para-vivir-con-justicia-y-humanidad\\\/\"},\"author\":{\"name\":\"Jeanette\",\"@id\":\"https:\\\/\\\/www.eldiario.net\\\/portal\\\/#\\\/schema\\\/person\\\/f46445640444750d7d753ccd04ae01b7\"},\"headline\":\"Bicentenario debe ser oportunidad para vivir con justicia y humanidad\",\"datePublished\":\"2025-06-30T10:17:54+00:00\",\"mainEntityOfPage\":{\"@id\":\"https:\\\/\\\/www.eldiario.net\\\/portal\\\/2025\\\/06\\\/30\\\/bicentenario-debe-ser-oportunidad-para-vivir-con-justicia-y-humanidad\\\/\"},\"wordCount\":334,\"publisher\":{\"@id\":\"https:\\\/\\\/www.eldiario.net\\\/portal\\\/#organization\"},\"image\":{\"@id\":\"https:\\\/\\\/www.eldiario.net\\\/portal\\\/2025\\\/06\\\/30\\\/bicentenario-debe-ser-oportunidad-para-vivir-con-justicia-y-humanidad\\\/#primaryimage\"},\"thumbnailUrl\":\"https:\\\/\\\/www.eldiario.net\\\/portal\\\/wp-content\\\/uploads\\\/2025\\\/06\\\/30-IGS.webp\",\"articleSection\":[\"Pol\u00edtica\"],\"inLanguage\":\"es\"},{\"@type\":\"WebPage\",\"@id\":\"https:\\\/\\\/www.eldiario.net\\\/portal\\\/2025\\\/06\\\/30\\\/bicentenario-debe-ser-oportunidad-para-vivir-con-justicia-y-humanidad\\\/\",\"url\":\"https:\\\/\\\/www.eldiario.net\\\/portal\\\/2025\\\/06\\\/30\\\/bicentenario-debe-ser-oportunidad-para-vivir-con-justicia-y-humanidad\\\/\",\"name\":\"Bicentenario debe ser oportunidad para vivir con justicia y humanidad - El Diario - Bolivia\",\"isPartOf\":{\"@id\":\"https:\\\/\\\/www.eldiario.net\\\/portal\\\/#website\"},\"primaryImageOfPage\":{\"@id\":\"https:\\\/\\\/www.eldiario.net\\\/portal\\\/2025\\\/06\\\/30\\\/bicentenario-debe-ser-oportunidad-para-vivir-con-justicia-y-humanidad\\\/#primaryimage\"},\"image\":{\"@id\":\"https:\\\/\\\/www.eldiario.net\\\/portal\\\/2025\\\/06\\\/30\\\/bicentenario-debe-ser-oportunidad-para-vivir-con-justicia-y-humanidad\\\/#primaryimage\"},\"thumbnailUrl\":\"https:\\\/\\\/www.eldiario.net\\\/portal\\\/wp-content\\\/uploads\\\/2025\\\/06\\\/30-IGS.webp\",\"datePublished\":\"2025-06-30T10:17:54+00:00\",\"breadcrumb\":{\"@id\":\"https:\\\/\\\/www.eldiario.net\\\/portal\\\/2025\\\/06\\\/30\\\/bicentenario-debe-ser-oportunidad-para-vivir-con-justicia-y-humanidad\\\/#breadcrumb\"},\"inLanguage\":\"es\",\"potentialAction\":[{\"@type\":\"ReadAction\",\"target\":[\"https:\\\/\\\/www.eldiario.net\\\/portal\\\/2025\\\/06\\\/30\\\/bicentenario-debe-ser-oportunidad-para-vivir-con-justicia-y-humanidad\\\/\"]}]},{\"@type\":\"ImageObject\",\"inLanguage\":\"es\",\"@id\":\"https:\\\/\\\/www.eldiario.net\\\/portal\\\/2025\\\/06\\\/30\\\/bicentenario-debe-ser-oportunidad-para-vivir-con-justicia-y-humanidad\\\/#primaryimage\",\"url\":\"https:\\\/\\\/www.eldiario.net\\\/portal\\\/wp-content\\\/uploads\\\/2025\\\/06\\\/30-IGS.webp\",\"contentUrl\":\"https:\\\/\\\/www.eldiario.net\\\/portal\\\/wp-content\\\/uploads\\\/2025\\\/06\\\/30-IGS.webp\",\"width\":1360,\"height\":768,\"caption\":\"Nuncio apost\u00f3lico en Bolivia, Ferm\u00edn Sosa. Foto: Captura CEB\"},{\"@type\":\"BreadcrumbList\",\"@id\":\"https:\\\/\\\/www.eldiario.net\\\/portal\\\/2025\\\/06\\\/30\\\/bicentenario-debe-ser-oportunidad-para-vivir-con-justicia-y-humanidad\\\/#breadcrumb\",\"itemListElement\":[{\"@type\":\"ListItem\",\"position\":1,\"name\":\"Portada\",\"item\":\"https:\\\/\\\/www.eldiario.net\\\/portal\\\/\"},{\"@type\":\"ListItem\",\"position\":2,\"name\":\"Bicentenario debe ser oportunidad para vivir con justicia y humanidad\"}]},{\"@type\":\"WebSite\",\"@id\":\"https:\\\/\\\/www.eldiario.net\\\/portal\\\/#website\",\"url\":\"https:\\\/\\\/www.eldiario.net\\\/portal\\\/\",\"name\":\"El Diario - Decano de la prensa nacional\",\"description\":\"El Diario - Decano de la prensa nacional\",\"publisher\":{\"@id\":\"https:\\\/\\\/www.eldiario.net\\\/portal\\\/#organization\"},\"potentialAction\":[{\"@type\":\"SearchAction\",\"target\":{\"@type\":\"EntryPoint\",\"urlTemplate\":\"https:\\\/\\\/www.eldiario.net\\\/portal\\\/?s={search_term_string}\"},\"query-input\":{\"@type\":\"PropertyValueSpecification\",\"valueRequired\":true,\"valueName\":\"search_term_string\"}}],\"inLanguage\":\"es\"},{\"@type\":\"Organization\",\"@id\":\"https:\\\/\\\/www.eldiario.net\\\/portal\\\/#organization\",\"name\":\"El Diario - Decano de la prensa nacional\",\"url\":\"https:\\\/\\\/www.eldiario.net\\\/portal\\\/\",\"logo\":{\"@type\":\"ImageObject\",\"inLanguage\":\"es\",\"@id\":\"https:\\\/\\\/www.eldiario.net\\\/portal\\\/#\\\/schema\\\/logo\\\/image\\\/\",\"url\":\"https:\\\/\\\/www.eldiario.net\\\/portal\\\/wp-content\\\/uploads\\\/2023\\\/07\\\/logo_ED.jpg\",\"contentUrl\":\"https:\\\/\\\/www.eldiario.net\\\/portal\\\/wp-content\\\/uploads\\\/2023\\\/07\\\/logo_ED.jpg\",\"width\":272,\"height\":52,\"caption\":\"El Diario - Decano de la prensa nacional\"},\"image\":{\"@id\":\"https:\\\/\\\/www.eldiario.net\\\/portal\\\/#\\\/schema\\\/logo\\\/image\\\/\"},\"sameAs\":[\"https:\\\/\\\/www.facebook.com\\\/eldiario.bolivia\\\/\",\"https:\\\/\\\/x.com\\\/eldiario_net\"]},{\"@type\":\"Person\",\"@id\":\"https:\\\/\\\/www.eldiario.net\\\/portal\\\/#\\\/schema\\\/person\\\/f46445640444750d7d753ccd04ae01b7\",\"name\":\"Jeanette\",\"image\":{\"@type\":\"ImageObject\",\"inLanguage\":\"es\",\"@id\":\"https:\\\/\\\/secure.gravatar.com\\\/avatar\\\/3ea2118a5f7dad2b7138b1187a6b7ee55f160b9968b66013c3a3ef39dd7e5798?s=96&d=mm&r=g\",\"url\":\"https:\\\/\\\/secure.gravatar.com\\\/avatar\\\/3ea2118a5f7dad2b7138b1187a6b7ee55f160b9968b66013c3a3ef39dd7e5798?s=96&d=mm&r=g\",\"contentUrl\":\"https:\\\/\\\/secure.gravatar.com\\\/avatar\\\/3ea2118a5f7dad2b7138b1187a6b7ee55f160b9968b66013c3a3ef39dd7e5798?s=96&d=mm&r=g\",\"caption\":\"Jeanette\"},\"sameAs\":[\"https:\\\/\\\/www.eldiario.net\\\/portal\"],\"url\":\"https:\\\/\\\/www.eldiario.net\\\/portal\\\/author\\\/jeanette\\\/\"}]}<\/script>\n<!-- \/ Yoast SEO plugin. -->","yoast_head_json":{"title":"Bicentenario debe ser oportunidad para vivir con justicia y humanidad - El Diario - Bolivia","robots":{"index":"index","follow":"follow","max-snippet":"max-snippet:-1","max-image-preview":"max-image-preview:large","max-video-preview":"max-video-preview:-1"},"canonical":"https:\/\/www.eldiario.net\/portal\/2025\/06\/30\/bicentenario-debe-ser-oportunidad-para-vivir-con-justicia-y-humanidad\/","og_locale":"es_ES","og_type":"article","og_title":"Bicentenario debe ser oportunidad para vivir con justicia y humanidad - El Diario - Bolivia","og_description":"En el D\u00eda del Papa de la Iglesia Cat\u00f3lica, el nuncio apost\u00f3lico de Bolivia, Ferm\u00edn Sosa Rodr\u00edguez, invit\u00f3 al pueblo boliviano a que el Bicentenario de la independencia sea una oportunidad para vivir con justicia, solidaridad y humanidad, para no repetir una historia pasada marcada por la violencia y la confrontaci\u00f3n entre hermanos. \u201cEste a\u00f1o, [&hellip;]","og_url":"https:\/\/www.eldiario.net\/portal\/2025\/06\/30\/bicentenario-debe-ser-oportunidad-para-vivir-con-justicia-y-humanidad\/","og_site_name":"El Diario - Bolivia","article_publisher":"https:\/\/www.facebook.com\/eldiario.bolivia\/","article_published_time":"2025-06-30T10:17:54+00:00","og_image":[{"width":1360,"height":768,"url":"https:\/\/www.eldiario.net\/portal\/wp-content\/uploads\/2025\/06\/30-IGS.webp","type":"image\/webp"}],"author":"Jeanette","twitter_card":"summary_large_image","twitter_creator":"@eldiario_net","twitter_site":"@eldiario_net","twitter_misc":{"Escrito por":"Jeanette","Tiempo de lectura":"2 minutos"},"schema":{"@context":"https:\/\/schema.org","@graph":[{"@type":"Article","@id":"https:\/\/www.eldiario.net\/portal\/2025\/06\/30\/bicentenario-debe-ser-oportunidad-para-vivir-con-justicia-y-humanidad\/#article","isPartOf":{"@id":"https:\/\/www.eldiario.net\/portal\/2025\/06\/30\/bicentenario-debe-ser-oportunidad-para-vivir-con-justicia-y-humanidad\/"},"author":{"name":"Jeanette","@id":"https:\/\/www.eldiario.net\/portal\/#\/schema\/person\/f46445640444750d7d753ccd04ae01b7"},"headline":"Bicentenario debe ser oportunidad para vivir con justicia y humanidad","datePublished":"2025-06-30T10:17:54+00:00","mainEntityOfPage":{"@id":"https:\/\/www.eldiario.net\/portal\/2025\/06\/30\/bicentenario-debe-ser-oportunidad-para-vivir-con-justicia-y-humanidad\/"},"wordCount":334,"publisher":{"@id":"https:\/\/www.eldiario.net\/portal\/#organization"},"image":{"@id":"https:\/\/www.eldiario.net\/portal\/2025\/06\/30\/bicentenario-debe-ser-oportunidad-para-vivir-con-justicia-y-humanidad\/#primaryimage"},"thumbnailUrl":"https:\/\/www.eldiario.net\/portal\/wp-content\/uploads\/2025\/06\/30-IGS.webp","articleSection":["Pol\u00edtica"],"inLanguage":"es"},{"@type":"WebPage","@id":"https:\/\/www.eldiario.net\/portal\/2025\/06\/30\/bicentenario-debe-ser-oportunidad-para-vivir-con-justicia-y-humanidad\/","url":"https:\/\/www.eldiario.net\/portal\/2025\/06\/30\/bicentenario-debe-ser-oportunidad-para-vivir-con-justicia-y-humanidad\/","name":"Bicentenario debe ser oportunidad para vivir con justicia y humanidad - El Diario - Bolivia","isPartOf":{"@id":"https:\/\/www.eldiario.net\/portal\/#website"},"primaryImageOfPage":{"@id":"https:\/\/www.eldiario.net\/portal\/2025\/06\/30\/bicentenario-debe-ser-oportunidad-para-vivir-con-justicia-y-humanidad\/#primaryimage"},"image":{"@id":"https:\/\/www.eldiario.net\/portal\/2025\/06\/30\/bicentenario-debe-ser-oportunidad-para-vivir-con-justicia-y-humanidad\/#primaryimage"},"thumbnailUrl":"https:\/\/www.eldiario.net\/portal\/wp-content\/uploads\/2025\/06\/30-IGS.webp","datePublished":"2025-06-30T10:17:54+00:00","breadcrumb":{"@id":"https:\/\/www.eldiario.net\/portal\/2025\/06\/30\/bicentenario-debe-ser-oportunidad-para-vivir-con-justicia-y-humanidad\/#breadcrumb"},"inLanguage":"es","potentialAction":[{"@type":"ReadAction","target":["https:\/\/www.eldiario.net\/portal\/2025\/06\/30\/bicentenario-debe-ser-oportunidad-para-vivir-con-justicia-y-humanidad\/"]}]},{"@type":"ImageObject","inLanguage":"es","@id":"https:\/\/www.eldiario.net\/portal\/2025\/06\/30\/bicentenario-debe-ser-oportunidad-para-vivir-con-justicia-y-humanidad\/#primaryimage","url":"https:\/\/www.eldiario.net\/portal\/wp-content\/uploads\/2025\/06\/30-IGS.webp","contentUrl":"https:\/\/www.eldiario.net\/portal\/wp-content\/uploads\/2025\/06\/30-IGS.webp","width":1360,"height":768,"caption":"Nuncio apost\u00f3lico en Bolivia, Ferm\u00edn Sosa. Foto: Captura CEB"},{"@type":"BreadcrumbList","@id":"https:\/\/www.eldiario.net\/portal\/2025\/06\/30\/bicentenario-debe-ser-oportunidad-para-vivir-con-justicia-y-humanidad\/#breadcrumb","itemListElement":[{"@type":"ListItem","position":1,"name":"Portada","item":"https:\/\/www.eldiario.net\/portal\/"},{"@type":"ListItem","position":2,"name":"Bicentenario debe ser oportunidad para vivir con justicia y humanidad"}]},{"@type":"WebSite","@id":"https:\/\/www.eldiario.net\/portal\/#website","url":"https:\/\/www.eldiario.net\/portal\/","name":"El Diario - Decano de la prensa nacional","description":"El Diario - Decano de la prensa nacional","publisher":{"@id":"https:\/\/www.eldiario.net\/portal\/#organization"},"potentialAction":[{"@type":"SearchAction","target":{"@type":"EntryPoint","urlTemplate":"https:\/\/www.eldiario.net\/portal\/?s={search_term_string}"},"query-input":{"@type":"PropertyValueSpecification","valueRequired":true,"valueName":"search_term_string"}}],"inLanguage":"es"},{"@type":"Organization","@id":"https:\/\/www.eldiario.net\/portal\/#organization","name":"El Diario - Decano de la prensa nacional","url":"https:\/\/www.eldiario.net\/portal\/","logo":{"@type":"ImageObject","inLanguage":"es","@id":"https:\/\/www.eldiario.net\/portal\/#\/schema\/logo\/image\/","url":"https:\/\/www.eldiario.net\/portal\/wp-content\/uploads\/2023\/07\/logo_ED.jpg","contentUrl":"https:\/\/www.eldiario.net\/portal\/wp-content\/uploads\/2023\/07\/logo_ED.jpg","width":272,"height":52,"caption":"El Diario - Decano de la prensa nacional"},"image":{"@id":"https:\/\/www.eldiario.net\/portal\/#\/schema\/logo\/image\/"},"sameAs":["https:\/\/www.facebook.com\/eldiario.bolivia\/","https:\/\/x.com\/eldiario_net"]},{"@type":"Person","@id":"https:\/\/www.eldiario.net\/portal\/#\/schema\/person\/f46445640444750d7d753ccd04ae01b7","name":"Jeanette","image":{"@type":"ImageObject","inLanguage":"es","@id":"https:\/\/secure.gravatar.com\/avatar\/3ea2118a5f7dad2b7138b1187a6b7ee55f160b9968b66013c3a3ef39dd7e5798?s=96&d=mm&r=g","url":"https:\/\/secure.gravatar.com\/avatar\/3ea2118a5f7dad2b7138b1187a6b7ee55f160b9968b66013c3a3ef39dd7e5798?s=96&d=mm&r=g","contentUrl":"https:\/\/secure.gravatar.com\/avatar\/3ea2118a5f7dad2b7138b1187a6b7ee55f160b9968b66013c3a3ef39dd7e5798?s=96&d=mm&r=g","caption":"Jeanette"},"sameAs":["https:\/\/www.eldiario.net\/portal"],"url":"https:\/\/www.eldiario.net\/portal\/author\/jeanette\/"}]}},"_links":{"self":[{"href":"https:\/\/www.eldiario.net\/portal\/wp-json\/wp\/v2\/posts\/313266","targetHints":{"allow":["GET"]}}],"collection":[{"href":"https:\/\/www.eldiario.net\/portal\/wp-json\/wp\/v2\/posts"}],"about":[{"href":"https:\/\/www.eldiario.net\/portal\/wp-json\/wp\/v2\/types\/post"}],"author":[{"embeddable":true,"href":"https:\/\/www.eldiario.net\/portal\/wp-json\/wp\/v2\/users\/1"}],"replies":[{"embeddable":true,"href":"https:\/\/www.eldiario.net\/portal\/wp-json\/wp\/v2\/comments?post=313266"}],"version-history":[{"count":1,"href":"https:\/\/www.eldiario.net\/portal\/wp-json\/wp\/v2\/posts\/313266\/revisions"}],"predecessor-version":[{"id":313268,"href":"https:\/\/www.eldiario.net\/portal\/wp-json\/wp\/v2\/posts\/313266\/revisions\/313268"}],"wp:featuredmedia":[{"embeddable":true,"href":"https:\/\/www.eldiario.net\/portal\/wp-json\/wp\/v2\/media\/313267"}],"wp:attachment":[{"href":"https:\/\/www.eldiario.net\/portal\/wp-json\/wp\/v2\/media?parent=313266"}],"wp:term":[{"taxonomy":"category","embeddable":true,"href":"https:\/\/www.eldiario.net\/portal\/wp-json\/wp\/v2\/categories?post=313266"},{"taxonomy":"post_tag","embeddable":true,"href":"https:\/\/www.eldiario.net\/portal\/wp-json\/wp\/v2\/tags?post=313266"}],"curies":[{"name":"wp","href":"https:\/\/api.w.org\/{rel}","templated":true}]}}