{"id":313124,"date":"2025-06-30T00:56:16","date_gmt":"2025-06-30T04:56:16","guid":{"rendered":"https:\/\/www.eldiario.net\/portal\/?p=313124"},"modified":"2025-06-29T23:17:35","modified_gmt":"2025-06-30T03:17:35","slug":"autonomia-de-5-000-km-para-vehiculos-electricos","status":"publish","type":"post","link":"https:\/\/www.eldiario.net\/portal\/2025\/06\/30\/autonomia-de-5-000-km-para-vehiculos-electricos\/","title":{"rendered":"Autonom\u00eda de 5.000 km para veh\u00edculos el\u00e9ctricos"},"content":{"rendered":"<p>Desde hace varios a\u00f1os, un grupo de cient\u00edficos surcoreanos trabaja en una tecnolog\u00eda revolucionaria que promete multiplicar por diez la autonom\u00eda de las bater\u00edas de ion-litio, alcanzando distancias de hasta 5.000 km o m\u00e1s con una sola carga.<\/p>\n<p>La carrera por mejorar la tecnolog\u00eda de almacenamiento energ\u00e9tico en veh\u00edculos el\u00e9ctricos no se detiene. Aunque muchas empresas del sector apuestan por las bater\u00edas de estado s\u00f3lido como el futuro de la movilidad el\u00e9ctrica, otros fabricantes, como GM o Ford, contin\u00faan perfeccionando las tecnolog\u00edas actuales. En este contexto, investigadores de Corea del Sur est\u00e1n abriendo una v\u00eda alternativa con un enfoque que podr\u00eda transformar por completo el panorama actual.<\/p>\n<p>La profesora Soojin Park, de la Universidad de Ciencia y Tecnolog\u00eda de Pohang (POSTECH), en colaboraci\u00f3n con la Universidad de Sogang en Se\u00fal, lidera un proyecto que podr\u00eda aumentar la autonom\u00eda de los veh\u00edculos el\u00e9ctricos al menos diez veces respecto a los niveles actuales. Esto ser\u00eda posible gracias a una combinaci\u00f3n innovadora de \u00e1nodos de silicio y compuestos polim\u00e9ricos estabilizadores que mejoran la eficiencia del almacenamiento y la reacci\u00f3n qu\u00edmica interna de la bater\u00eda.<\/p>\n<p><strong>La promesa de los 5.000 km: \u00bfen qu\u00e9 consiste esta tecnolog\u00eda?<\/strong><\/p>\n<p>Actualmente, una bater\u00eda con una capacidad elevada, cercana a los 90 kW, puede alcanzar en condiciones reales unos 500 km de autonom\u00eda. Con esta nueva tecnolog\u00eda, se plantea la posibilidad de superar los 5.000 km con una sola carga, una cifra que situar\u00eda al coche el\u00e9ctrico en una posici\u00f3n inigualable frente a veh\u00edculos de combusti\u00f3n interna.<\/p>\n<p>El estudio, cuya primera publicaci\u00f3n data de 2023, ha seguido avanzando en los \u00faltimos meses, como indican nuevos informes. Y aunque los detalles t\u00e9cnicos son complejos, la clave radica en reemplazar los tradicionales \u00e1nodos de grafito \u2014material estable pero con una densidad energ\u00e9tica limitada\u2014 por \u00e1nodos de silicio, capaces de almacenar mucha m\u00e1s energ\u00eda.<\/p>\n<p>El Lucid Air Gravity, considerado actualmente el veh\u00edculo el\u00e9ctrico con mayor autonom\u00eda comercial, logr\u00f3 832 km en una prueba de conducci\u00f3n en condiciones reales. Sin embargo, si esta tecnolog\u00eda surcoreana logra convertirse en realidad comercial, esa cifra quedar\u00e1 en el pasado.<\/p>\n<p>Uno de los principales desaf\u00edos de los \u00e1nodos de silicio es su reacci\u00f3n con el litio, que provoca una fuerte expansi\u00f3n del material, comprometiendo la estabilidad y el rendimiento de la bater\u00eda. Para solventarlo, los investigadores han introducido un compuesto polim\u00e9rico que estabiliza esta reacci\u00f3n, garantizando una mayor durabilidad y seguridad operativa.<\/p>\n<p><strong>\u00bfCu\u00e1ndo llegar\u00e1 esta tecnolog\u00eda al mercado?<\/strong><\/p>\n<p>Aunque el desarrollo avanza a buen ritmo, todav\u00eda no hay una estimaci\u00f3n clara sobre cu\u00e1ndo podr\u00eda empezar a aplicarse en la producci\u00f3n en masa de bater\u00edas para veh\u00edculos el\u00e9ctricos. Antes de ello, ser\u00e1 necesario demostrar su fiabilidad total y viabilidad econ\u00f3mica a gran escala.<\/p>\n<p>Aun as\u00ed, la perspectiva de coches el\u00e9ctricos con autonom\u00edas superiores a 5.000 km representa una aut\u00e9ntica revoluci\u00f3n que, de concretarse, podr\u00eda marcar el declive definitivo del motor de combusti\u00f3n, incluso en sus versiones h\u00edbridas, enchufables o con extensor de autonom\u00eda (EREV).<\/p>\n","protected":false},"excerpt":{"rendered":"<p>Desde hace varios a\u00f1os, un grupo de cient\u00edficos surcoreanos trabaja en una tecnolog\u00eda revolucionaria que promete multiplicar por diez la autonom\u00eda de las bater\u00edas de ion-litio, alcanzando distancias de hasta 5.000 km o m\u00e1s con una sola carga. La carrera por mejorar la tecnolog\u00eda de almacenamiento energ\u00e9tico en veh\u00edculos el\u00e9ctricos no se detiene. Aunque muchas [&hellip;]<\/p>\n","protected":false},"author":1,"featured_media":313125,"comment_status":"closed","ping_status":"open","sticky":false,"template":"","format":"standard","meta":{"_acf_changed":false,"footnotes":""},"categories":[46],"tags":[],"class_list":["post-313124","post","type-post","status-publish","format-standard","has-post-thumbnail","category-ciencia-computacion"],"acf":{"antetitulo":""},"yoast_head":"<!-- This site is optimized with the Yoast SEO plugin v28.3 - https:\/\/yoast.com\/product\/yoast-seo-wordpress\/ -->\n<title>Autonom\u00eda de 5.000 km para veh\u00edculos el\u00e9ctricos - El Diario - Bolivia<\/title>\n<meta name=\"robots\" content=\"index, follow, max-snippet:-1, max-image-preview:large, max-video-preview:-1\" \/>\n<link rel=\"canonical\" href=\"https:\/\/www.eldiario.net\/portal\/2025\/06\/30\/autonomia-de-5-000-km-para-vehiculos-electricos\/\" \/>\n<meta property=\"og:locale\" content=\"es_ES\" \/>\n<meta property=\"og:type\" content=\"article\" \/>\n<meta property=\"og:title\" content=\"Autonom\u00eda de 5.000 km para veh\u00edculos el\u00e9ctricos - El Diario - Bolivia\" \/>\n<meta property=\"og:description\" content=\"Desde hace varios a\u00f1os, un grupo de cient\u00edficos surcoreanos trabaja en una tecnolog\u00eda revolucionaria que promete multiplicar por diez la autonom\u00eda de las bater\u00edas de ion-litio, alcanzando distancias de hasta 5.000 km o m\u00e1s con una sola carga. La carrera por mejorar la tecnolog\u00eda de almacenamiento energ\u00e9tico en veh\u00edculos el\u00e9ctricos no se detiene. Aunque muchas [&hellip;]\" \/>\n<meta property=\"og:url\" content=\"https:\/\/www.eldiario.net\/portal\/2025\/06\/30\/autonomia-de-5-000-km-para-vehiculos-electricos\/\" \/>\n<meta property=\"og:site_name\" content=\"El Diario - Bolivia\" \/>\n<meta property=\"article:publisher\" content=\"https:\/\/www.facebook.com\/eldiario.bolivia\/\" \/>\n<meta property=\"article:published_time\" content=\"2025-06-30T04:56:16+00:00\" \/>\n<meta property=\"og:image\" content=\"https:\/\/www.eldiario.net\/portal\/wp-content\/uploads\/2025\/06\/2-A-3.webp\" \/>\n\t<meta property=\"og:image:width\" content=\"1500\" \/>\n\t<meta property=\"og:image:height\" content=\"900\" \/>\n\t<meta property=\"og:image:type\" content=\"image\/webp\" \/>\n<meta name=\"author\" content=\"Jeanette\" \/>\n<meta name=\"twitter:card\" content=\"summary_large_image\" \/>\n<meta name=\"twitter:creator\" content=\"@eldiario_net\" \/>\n<meta name=\"twitter:site\" content=\"@eldiario_net\" \/>\n<meta name=\"twitter:label1\" content=\"Escrito por\" \/>\n\t<meta name=\"twitter:data1\" content=\"Jeanette\" \/>\n\t<meta name=\"twitter:label2\" content=\"Tiempo de lectura\" \/>\n\t<meta name=\"twitter:data2\" content=\"3 minutos\" \/>\n<script type=\"application\/ld+json\" class=\"yoast-schema-graph\">{\"@context\":\"https:\\\/\\\/schema.org\",\"@graph\":[{\"@type\":\"Article\",\"@id\":\"https:\\\/\\\/www.eldiario.net\\\/portal\\\/2025\\\/06\\\/30\\\/autonomia-de-5-000-km-para-vehiculos-electricos\\\/#article\",\"isPartOf\":{\"@id\":\"https:\\\/\\\/www.eldiario.net\\\/portal\\\/2025\\\/06\\\/30\\\/autonomia-de-5-000-km-para-vehiculos-electricos\\\/\"},\"author\":{\"name\":\"Jeanette\",\"@id\":\"https:\\\/\\\/www.eldiario.net\\\/portal\\\/#\\\/schema\\\/person\\\/f46445640444750d7d753ccd04ae01b7\"},\"headline\":\"Autonom\u00eda de 5.000 km para veh\u00edculos el\u00e9ctricos\",\"datePublished\":\"2025-06-30T04:56:16+00:00\",\"mainEntityOfPage\":{\"@id\":\"https:\\\/\\\/www.eldiario.net\\\/portal\\\/2025\\\/06\\\/30\\\/autonomia-de-5-000-km-para-vehiculos-electricos\\\/\"},\"wordCount\":562,\"publisher\":{\"@id\":\"https:\\\/\\\/www.eldiario.net\\\/portal\\\/#organization\"},\"image\":{\"@id\":\"https:\\\/\\\/www.eldiario.net\\\/portal\\\/2025\\\/06\\\/30\\\/autonomia-de-5-000-km-para-vehiculos-electricos\\\/#primaryimage\"},\"thumbnailUrl\":\"https:\\\/\\\/www.eldiario.net\\\/portal\\\/wp-content\\\/uploads\\\/2025\\\/06\\\/2-A-3.webp\",\"articleSection\":[\"Ciencia y Computaci\u00f3n\"],\"inLanguage\":\"es\"},{\"@type\":\"WebPage\",\"@id\":\"https:\\\/\\\/www.eldiario.net\\\/portal\\\/2025\\\/06\\\/30\\\/autonomia-de-5-000-km-para-vehiculos-electricos\\\/\",\"url\":\"https:\\\/\\\/www.eldiario.net\\\/portal\\\/2025\\\/06\\\/30\\\/autonomia-de-5-000-km-para-vehiculos-electricos\\\/\",\"name\":\"Autonom\u00eda de 5.000 km para veh\u00edculos el\u00e9ctricos - El Diario - Bolivia\",\"isPartOf\":{\"@id\":\"https:\\\/\\\/www.eldiario.net\\\/portal\\\/#website\"},\"primaryImageOfPage\":{\"@id\":\"https:\\\/\\\/www.eldiario.net\\\/portal\\\/2025\\\/06\\\/30\\\/autonomia-de-5-000-km-para-vehiculos-electricos\\\/#primaryimage\"},\"image\":{\"@id\":\"https:\\\/\\\/www.eldiario.net\\\/portal\\\/2025\\\/06\\\/30\\\/autonomia-de-5-000-km-para-vehiculos-electricos\\\/#primaryimage\"},\"thumbnailUrl\":\"https:\\\/\\\/www.eldiario.net\\\/portal\\\/wp-content\\\/uploads\\\/2025\\\/06\\\/2-A-3.webp\",\"datePublished\":\"2025-06-30T04:56:16+00:00\",\"breadcrumb\":{\"@id\":\"https:\\\/\\\/www.eldiario.net\\\/portal\\\/2025\\\/06\\\/30\\\/autonomia-de-5-000-km-para-vehiculos-electricos\\\/#breadcrumb\"},\"inLanguage\":\"es\",\"potentialAction\":[{\"@type\":\"ReadAction\",\"target\":[\"https:\\\/\\\/www.eldiario.net\\\/portal\\\/2025\\\/06\\\/30\\\/autonomia-de-5-000-km-para-vehiculos-electricos\\\/\"]}]},{\"@type\":\"ImageObject\",\"inLanguage\":\"es\",\"@id\":\"https:\\\/\\\/www.eldiario.net\\\/portal\\\/2025\\\/06\\\/30\\\/autonomia-de-5-000-km-para-vehiculos-electricos\\\/#primaryimage\",\"url\":\"https:\\\/\\\/www.eldiario.net\\\/portal\\\/wp-content\\\/uploads\\\/2025\\\/06\\\/2-A-3.webp\",\"contentUrl\":\"https:\\\/\\\/www.eldiario.net\\\/portal\\\/wp-content\\\/uploads\\\/2025\\\/06\\\/2-A-3.webp\",\"width\":1500,\"height\":900},{\"@type\":\"BreadcrumbList\",\"@id\":\"https:\\\/\\\/www.eldiario.net\\\/portal\\\/2025\\\/06\\\/30\\\/autonomia-de-5-000-km-para-vehiculos-electricos\\\/#breadcrumb\",\"itemListElement\":[{\"@type\":\"ListItem\",\"position\":1,\"name\":\"Portada\",\"item\":\"https:\\\/\\\/www.eldiario.net\\\/portal\\\/\"},{\"@type\":\"ListItem\",\"position\":2,\"name\":\"Autonom\u00eda de 5.000 km para veh\u00edculos el\u00e9ctricos\"}]},{\"@type\":\"WebSite\",\"@id\":\"https:\\\/\\\/www.eldiario.net\\\/portal\\\/#website\",\"url\":\"https:\\\/\\\/www.eldiario.net\\\/portal\\\/\",\"name\":\"El Diario - Decano de la prensa nacional\",\"description\":\"El Diario - Decano de la prensa nacional\",\"publisher\":{\"@id\":\"https:\\\/\\\/www.eldiario.net\\\/portal\\\/#organization\"},\"potentialAction\":[{\"@type\":\"SearchAction\",\"target\":{\"@type\":\"EntryPoint\",\"urlTemplate\":\"https:\\\/\\\/www.eldiario.net\\\/portal\\\/?s={search_term_string}\"},\"query-input\":{\"@type\":\"PropertyValueSpecification\",\"valueRequired\":true,\"valueName\":\"search_term_string\"}}],\"inLanguage\":\"es\"},{\"@type\":\"Organization\",\"@id\":\"https:\\\/\\\/www.eldiario.net\\\/portal\\\/#organization\",\"name\":\"El Diario - Decano de la prensa nacional\",\"url\":\"https:\\\/\\\/www.eldiario.net\\\/portal\\\/\",\"logo\":{\"@type\":\"ImageObject\",\"inLanguage\":\"es\",\"@id\":\"https:\\\/\\\/www.eldiario.net\\\/portal\\\/#\\\/schema\\\/logo\\\/image\\\/\",\"url\":\"https:\\\/\\\/www.eldiario.net\\\/portal\\\/wp-content\\\/uploads\\\/2023\\\/07\\\/logo_ED.jpg\",\"contentUrl\":\"https:\\\/\\\/www.eldiario.net\\\/portal\\\/wp-content\\\/uploads\\\/2023\\\/07\\\/logo_ED.jpg\",\"width\":272,\"height\":52,\"caption\":\"El Diario - Decano de la prensa nacional\"},\"image\":{\"@id\":\"https:\\\/\\\/www.eldiario.net\\\/portal\\\/#\\\/schema\\\/logo\\\/image\\\/\"},\"sameAs\":[\"https:\\\/\\\/www.facebook.com\\\/eldiario.bolivia\\\/\",\"https:\\\/\\\/x.com\\\/eldiario_net\"]},{\"@type\":\"Person\",\"@id\":\"https:\\\/\\\/www.eldiario.net\\\/portal\\\/#\\\/schema\\\/person\\\/f46445640444750d7d753ccd04ae01b7\",\"name\":\"Jeanette\",\"image\":{\"@type\":\"ImageObject\",\"inLanguage\":\"es\",\"@id\":\"https:\\\/\\\/secure.gravatar.com\\\/avatar\\\/3ea2118a5f7dad2b7138b1187a6b7ee55f160b9968b66013c3a3ef39dd7e5798?s=96&d=mm&r=g\",\"url\":\"https:\\\/\\\/secure.gravatar.com\\\/avatar\\\/3ea2118a5f7dad2b7138b1187a6b7ee55f160b9968b66013c3a3ef39dd7e5798?s=96&d=mm&r=g\",\"contentUrl\":\"https:\\\/\\\/secure.gravatar.com\\\/avatar\\\/3ea2118a5f7dad2b7138b1187a6b7ee55f160b9968b66013c3a3ef39dd7e5798?s=96&d=mm&r=g\",\"caption\":\"Jeanette\"},\"sameAs\":[\"https:\\\/\\\/www.eldiario.net\\\/portal\"],\"url\":\"https:\\\/\\\/www.eldiario.net\\\/portal\\\/author\\\/jeanette\\\/\"}]}<\/script>\n<!-- \/ Yoast SEO plugin. -->","yoast_head_json":{"title":"Autonom\u00eda de 5.000 km para veh\u00edculos el\u00e9ctricos - El Diario - Bolivia","robots":{"index":"index","follow":"follow","max-snippet":"max-snippet:-1","max-image-preview":"max-image-preview:large","max-video-preview":"max-video-preview:-1"},"canonical":"https:\/\/www.eldiario.net\/portal\/2025\/06\/30\/autonomia-de-5-000-km-para-vehiculos-electricos\/","og_locale":"es_ES","og_type":"article","og_title":"Autonom\u00eda de 5.000 km para veh\u00edculos el\u00e9ctricos - El Diario - Bolivia","og_description":"Desde hace varios a\u00f1os, un grupo de cient\u00edficos surcoreanos trabaja en una tecnolog\u00eda revolucionaria que promete multiplicar por diez la autonom\u00eda de las bater\u00edas de ion-litio, alcanzando distancias de hasta 5.000 km o m\u00e1s con una sola carga. La carrera por mejorar la tecnolog\u00eda de almacenamiento energ\u00e9tico en veh\u00edculos el\u00e9ctricos no se detiene. Aunque muchas [&hellip;]","og_url":"https:\/\/www.eldiario.net\/portal\/2025\/06\/30\/autonomia-de-5-000-km-para-vehiculos-electricos\/","og_site_name":"El Diario - Bolivia","article_publisher":"https:\/\/www.facebook.com\/eldiario.bolivia\/","article_published_time":"2025-06-30T04:56:16+00:00","og_image":[{"width":1500,"height":900,"url":"https:\/\/www.eldiario.net\/portal\/wp-content\/uploads\/2025\/06\/2-A-3.webp","type":"image\/webp"}],"author":"Jeanette","twitter_card":"summary_large_image","twitter_creator":"@eldiario_net","twitter_site":"@eldiario_net","twitter_misc":{"Escrito por":"Jeanette","Tiempo de lectura":"3 minutos"},"schema":{"@context":"https:\/\/schema.org","@graph":[{"@type":"Article","@id":"https:\/\/www.eldiario.net\/portal\/2025\/06\/30\/autonomia-de-5-000-km-para-vehiculos-electricos\/#article","isPartOf":{"@id":"https:\/\/www.eldiario.net\/portal\/2025\/06\/30\/autonomia-de-5-000-km-para-vehiculos-electricos\/"},"author":{"name":"Jeanette","@id":"https:\/\/www.eldiario.net\/portal\/#\/schema\/person\/f46445640444750d7d753ccd04ae01b7"},"headline":"Autonom\u00eda de 5.000 km para veh\u00edculos el\u00e9ctricos","datePublished":"2025-06-30T04:56:16+00:00","mainEntityOfPage":{"@id":"https:\/\/www.eldiario.net\/portal\/2025\/06\/30\/autonomia-de-5-000-km-para-vehiculos-electricos\/"},"wordCount":562,"publisher":{"@id":"https:\/\/www.eldiario.net\/portal\/#organization"},"image":{"@id":"https:\/\/www.eldiario.net\/portal\/2025\/06\/30\/autonomia-de-5-000-km-para-vehiculos-electricos\/#primaryimage"},"thumbnailUrl":"https:\/\/www.eldiario.net\/portal\/wp-content\/uploads\/2025\/06\/2-A-3.webp","articleSection":["Ciencia y Computaci\u00f3n"],"inLanguage":"es"},{"@type":"WebPage","@id":"https:\/\/www.eldiario.net\/portal\/2025\/06\/30\/autonomia-de-5-000-km-para-vehiculos-electricos\/","url":"https:\/\/www.eldiario.net\/portal\/2025\/06\/30\/autonomia-de-5-000-km-para-vehiculos-electricos\/","name":"Autonom\u00eda de 5.000 km para veh\u00edculos el\u00e9ctricos - El Diario - Bolivia","isPartOf":{"@id":"https:\/\/www.eldiario.net\/portal\/#website"},"primaryImageOfPage":{"@id":"https:\/\/www.eldiario.net\/portal\/2025\/06\/30\/autonomia-de-5-000-km-para-vehiculos-electricos\/#primaryimage"},"image":{"@id":"https:\/\/www.eldiario.net\/portal\/2025\/06\/30\/autonomia-de-5-000-km-para-vehiculos-electricos\/#primaryimage"},"thumbnailUrl":"https:\/\/www.eldiario.net\/portal\/wp-content\/uploads\/2025\/06\/2-A-3.webp","datePublished":"2025-06-30T04:56:16+00:00","breadcrumb":{"@id":"https:\/\/www.eldiario.net\/portal\/2025\/06\/30\/autonomia-de-5-000-km-para-vehiculos-electricos\/#breadcrumb"},"inLanguage":"es","potentialAction":[{"@type":"ReadAction","target":["https:\/\/www.eldiario.net\/portal\/2025\/06\/30\/autonomia-de-5-000-km-para-vehiculos-electricos\/"]}]},{"@type":"ImageObject","inLanguage":"es","@id":"https:\/\/www.eldiario.net\/portal\/2025\/06\/30\/autonomia-de-5-000-km-para-vehiculos-electricos\/#primaryimage","url":"https:\/\/www.eldiario.net\/portal\/wp-content\/uploads\/2025\/06\/2-A-3.webp","contentUrl":"https:\/\/www.eldiario.net\/portal\/wp-content\/uploads\/2025\/06\/2-A-3.webp","width":1500,"height":900},{"@type":"BreadcrumbList","@id":"https:\/\/www.eldiario.net\/portal\/2025\/06\/30\/autonomia-de-5-000-km-para-vehiculos-electricos\/#breadcrumb","itemListElement":[{"@type":"ListItem","position":1,"name":"Portada","item":"https:\/\/www.eldiario.net\/portal\/"},{"@type":"ListItem","position":2,"name":"Autonom\u00eda de 5.000 km para veh\u00edculos el\u00e9ctricos"}]},{"@type":"WebSite","@id":"https:\/\/www.eldiario.net\/portal\/#website","url":"https:\/\/www.eldiario.net\/portal\/","name":"El Diario - Decano de la prensa nacional","description":"El Diario - Decano de la prensa nacional","publisher":{"@id":"https:\/\/www.eldiario.net\/portal\/#organization"},"potentialAction":[{"@type":"SearchAction","target":{"@type":"EntryPoint","urlTemplate":"https:\/\/www.eldiario.net\/portal\/?s={search_term_string}"},"query-input":{"@type":"PropertyValueSpecification","valueRequired":true,"valueName":"search_term_string"}}],"inLanguage":"es"},{"@type":"Organization","@id":"https:\/\/www.eldiario.net\/portal\/#organization","name":"El Diario - Decano de la prensa nacional","url":"https:\/\/www.eldiario.net\/portal\/","logo":{"@type":"ImageObject","inLanguage":"es","@id":"https:\/\/www.eldiario.net\/portal\/#\/schema\/logo\/image\/","url":"https:\/\/www.eldiario.net\/portal\/wp-content\/uploads\/2023\/07\/logo_ED.jpg","contentUrl":"https:\/\/www.eldiario.net\/portal\/wp-content\/uploads\/2023\/07\/logo_ED.jpg","width":272,"height":52,"caption":"El Diario - Decano de la prensa nacional"},"image":{"@id":"https:\/\/www.eldiario.net\/portal\/#\/schema\/logo\/image\/"},"sameAs":["https:\/\/www.facebook.com\/eldiario.bolivia\/","https:\/\/x.com\/eldiario_net"]},{"@type":"Person","@id":"https:\/\/www.eldiario.net\/portal\/#\/schema\/person\/f46445640444750d7d753ccd04ae01b7","name":"Jeanette","image":{"@type":"ImageObject","inLanguage":"es","@id":"https:\/\/secure.gravatar.com\/avatar\/3ea2118a5f7dad2b7138b1187a6b7ee55f160b9968b66013c3a3ef39dd7e5798?s=96&d=mm&r=g","url":"https:\/\/secure.gravatar.com\/avatar\/3ea2118a5f7dad2b7138b1187a6b7ee55f160b9968b66013c3a3ef39dd7e5798?s=96&d=mm&r=g","contentUrl":"https:\/\/secure.gravatar.com\/avatar\/3ea2118a5f7dad2b7138b1187a6b7ee55f160b9968b66013c3a3ef39dd7e5798?s=96&d=mm&r=g","caption":"Jeanette"},"sameAs":["https:\/\/www.eldiario.net\/portal"],"url":"https:\/\/www.eldiario.net\/portal\/author\/jeanette\/"}]}},"_links":{"self":[{"href":"https:\/\/www.eldiario.net\/portal\/wp-json\/wp\/v2\/posts\/313124","targetHints":{"allow":["GET"]}}],"collection":[{"href":"https:\/\/www.eldiario.net\/portal\/wp-json\/wp\/v2\/posts"}],"about":[{"href":"https:\/\/www.eldiario.net\/portal\/wp-json\/wp\/v2\/types\/post"}],"author":[{"embeddable":true,"href":"https:\/\/www.eldiario.net\/portal\/wp-json\/wp\/v2\/users\/1"}],"replies":[{"embeddable":true,"href":"https:\/\/www.eldiario.net\/portal\/wp-json\/wp\/v2\/comments?post=313124"}],"version-history":[{"count":1,"href":"https:\/\/www.eldiario.net\/portal\/wp-json\/wp\/v2\/posts\/313124\/revisions"}],"predecessor-version":[{"id":313126,"href":"https:\/\/www.eldiario.net\/portal\/wp-json\/wp\/v2\/posts\/313124\/revisions\/313126"}],"wp:featuredmedia":[{"embeddable":true,"href":"https:\/\/www.eldiario.net\/portal\/wp-json\/wp\/v2\/media\/313125"}],"wp:attachment":[{"href":"https:\/\/www.eldiario.net\/portal\/wp-json\/wp\/v2\/media?parent=313124"}],"wp:term":[{"taxonomy":"category","embeddable":true,"href":"https:\/\/www.eldiario.net\/portal\/wp-json\/wp\/v2\/categories?post=313124"},{"taxonomy":"post_tag","embeddable":true,"href":"https:\/\/www.eldiario.net\/portal\/wp-json\/wp\/v2\/tags?post=313124"}],"curies":[{"name":"wp","href":"https:\/\/api.w.org\/{rel}","templated":true}]}}