{"id":313121,"date":"2025-06-30T00:55:22","date_gmt":"2025-06-30T04:55:22","guid":{"rendered":"https:\/\/www.eldiario.net\/portal\/?p=313121"},"modified":"2025-06-29T22:56:03","modified_gmt":"2025-06-30T02:56:03","slug":"lenovo-acaba-de-presentar-oficialmente-su-nuevo-chromebook-plus","status":"publish","type":"post","link":"https:\/\/www.eldiario.net\/portal\/2025\/06\/30\/lenovo-acaba-de-presentar-oficialmente-su-nuevo-chromebook-plus\/","title":{"rendered":"Lenovo acaba de presentar oficialmente su nuevo Chromebook Plus"},"content":{"rendered":"<p><strong>\u00a0Se trata de un <\/strong>port\u00e1til que marca un hito al ser el primer Chromebook del mundo en incorporar el procesador <strong>MediaTek Kompanio Ultra<\/strong>, dise\u00f1ado para ofrecer un rendimiento equilibrado y ejecutar funciones de inteligencia artificial directamente desde el dispositivo. Con una bater\u00eda que promete hasta <strong>17 horas de autonom\u00eda<\/strong>\u00a0y una pantalla OLED de 14 pulgadas, este equipo apunta alto dentro de su categor\u00eda.<br \/>\n<strong>Una plataforma pensada para la IA local<\/strong><\/p>\n<p>Este nuevo chip de MediaTek, respaldado por la NPU 890 y la GPU Arm Immortalis, abre paso a experiencias de usuario m\u00e1s inteligentes y sin conexi\u00f3n. El Chromebook Plus puede realizar tareas como edici\u00f3n de im\u00e1genes local, reconocimiento de texto en documentos escaneados y organizaci\u00f3n autom\u00e1tica de ventanas y aplicaciones por temas.<\/p>\n<p>Entre sus funciones m\u00e1s llamativas destaca la posibilidad de seleccionar cualquier contenido en pantalla para buscar informaci\u00f3n al instante, sin tener que copiar ni cambiar de pesta\u00f1a. Tambi\u00e9n incluye herramientas de simplificaci\u00f3n de textos densos y generaci\u00f3n de preguntas de seguimiento, \u00fatiles para estudiantes y profesionales. Como era de esperar, Google Gemini se integra de forma nativa en el sistema, ofreciendo sugerencias contextuales desde la barra de herramientas.<\/p>\n<p><strong>Un Chromebook con pantalla OLED 2K<\/strong><\/p>\n<p>La pantalla OLED de 14 pulgadas con resoluci\u00f3n 2K y cobertura del 100 % del espectro DCI-P3 no es com\u00fan en dispositivos ChromeOS, lo que convierte a este modelo en una propuesta premium. La experiencia se potencia con <strong>cuatro altavoces compatibles con Dolby Atmos<\/strong>, incluyendo dos woofers dirigidos hacia abajo para un sonido envolvente.<br \/>\n<strong>Dise\u00f1o, autonom\u00eda y conectividad<\/strong><\/p>\n<p>El Lenovo Chromebook Plus presenta un chasis de aluminio liviano (menos de 1,2 kg), dise\u00f1o delgado, c\u00e1mara web de 5 MP con obturador f\u00edsico, teclado retroiluminado y lector de huellas opcional. Tambi\u00e9n destaca su compatibilidad con <strong>Wi-Fi 7<\/strong>\u00a0y su funcionamiento sin ventilador, lo que lo hace completamente silencioso.<\/p>\n<p>Las configuraciones pueden incluir hasta <strong>16 GB de RAM y 256 GB de almacenamiento<\/strong>, y estar\u00e1 disponible tanto para usuarios particulares como para empresas y centros educativos.<\/p>\n<p>Adem\u00e1s, Lenovo ofrecer\u00e1 versiones adaptadas a entornos profesionales y educativos, con soporte para las actualizaciones <strong>Chrome Enterprise Upgrade<\/strong>\u00a0y <strong>Chrome Education Upgrade<\/strong>, lo que facilita una gesti\u00f3n centralizada desde la consola de administraci\u00f3n de Google.<\/p>\n","protected":false},"excerpt":{"rendered":"<p>\u00a0Se trata de un port\u00e1til que marca un hito al ser el primer Chromebook del mundo en incorporar el procesador MediaTek Kompanio Ultra, dise\u00f1ado para ofrecer un rendimiento equilibrado y ejecutar funciones de inteligencia artificial directamente desde el dispositivo. Con una bater\u00eda que promete hasta 17 horas de autonom\u00eda\u00a0y una pantalla OLED de 14 pulgadas, [&hellip;]<\/p>\n","protected":false},"author":1,"featured_media":313122,"comment_status":"closed","ping_status":"open","sticky":false,"template":"","format":"standard","meta":{"_acf_changed":false,"footnotes":""},"categories":[46],"tags":[],"class_list":["post-313121","post","type-post","status-publish","format-standard","has-post-thumbnail","category-ciencia-computacion"],"acf":{"antetitulo":""},"yoast_head":"<!-- This site is optimized with the Yoast SEO plugin v28.3 - https:\/\/yoast.com\/product\/yoast-seo-wordpress\/ -->\n<title>Lenovo acaba de presentar oficialmente su nuevo Chromebook Plus - El Diario - Bolivia<\/title>\n<meta name=\"robots\" content=\"index, follow, max-snippet:-1, max-image-preview:large, max-video-preview:-1\" \/>\n<link rel=\"canonical\" href=\"https:\/\/www.eldiario.net\/portal\/2025\/06\/30\/lenovo-acaba-de-presentar-oficialmente-su-nuevo-chromebook-plus\/\" \/>\n<meta property=\"og:locale\" content=\"es_ES\" \/>\n<meta property=\"og:type\" content=\"article\" \/>\n<meta property=\"og:title\" content=\"Lenovo acaba de presentar oficialmente su nuevo Chromebook Plus - El Diario - Bolivia\" \/>\n<meta property=\"og:description\" content=\"\u00a0Se trata de un port\u00e1til que marca un hito al ser el primer Chromebook del mundo en incorporar el procesador MediaTek Kompanio Ultra, dise\u00f1ado para ofrecer un rendimiento equilibrado y ejecutar funciones de inteligencia artificial directamente desde el dispositivo. Con una bater\u00eda que promete hasta 17 horas de autonom\u00eda\u00a0y una pantalla OLED de 14 pulgadas, [&hellip;]\" \/>\n<meta property=\"og:url\" content=\"https:\/\/www.eldiario.net\/portal\/2025\/06\/30\/lenovo-acaba-de-presentar-oficialmente-su-nuevo-chromebook-plus\/\" \/>\n<meta property=\"og:site_name\" content=\"El Diario - Bolivia\" \/>\n<meta property=\"article:publisher\" content=\"https:\/\/www.facebook.com\/eldiario.bolivia\/\" \/>\n<meta property=\"article:published_time\" content=\"2025-06-30T04:55:22+00:00\" \/>\n<meta property=\"og:image\" content=\"https:\/\/www.eldiario.net\/portal\/wp-content\/uploads\/2025\/06\/2-B-2.webp\" \/>\n\t<meta property=\"og:image:width\" content=\"653\" \/>\n\t<meta property=\"og:image:height\" content=\"413\" \/>\n\t<meta property=\"og:image:type\" content=\"image\/webp\" \/>\n<meta name=\"author\" content=\"Jeanette\" \/>\n<meta name=\"twitter:card\" content=\"summary_large_image\" \/>\n<meta name=\"twitter:creator\" content=\"@eldiario_net\" \/>\n<meta name=\"twitter:site\" content=\"@eldiario_net\" \/>\n<meta name=\"twitter:label1\" content=\"Escrito por\" \/>\n\t<meta name=\"twitter:data1\" content=\"Jeanette\" \/>\n\t<meta name=\"twitter:label2\" content=\"Tiempo de lectura\" \/>\n\t<meta name=\"twitter:data2\" content=\"2 minutos\" \/>\n<script type=\"application\/ld+json\" class=\"yoast-schema-graph\">{\"@context\":\"https:\\\/\\\/schema.org\",\"@graph\":[{\"@type\":\"Article\",\"@id\":\"https:\\\/\\\/www.eldiario.net\\\/portal\\\/2025\\\/06\\\/30\\\/lenovo-acaba-de-presentar-oficialmente-su-nuevo-chromebook-plus\\\/#article\",\"isPartOf\":{\"@id\":\"https:\\\/\\\/www.eldiario.net\\\/portal\\\/2025\\\/06\\\/30\\\/lenovo-acaba-de-presentar-oficialmente-su-nuevo-chromebook-plus\\\/\"},\"author\":{\"name\":\"Jeanette\",\"@id\":\"https:\\\/\\\/www.eldiario.net\\\/portal\\\/#\\\/schema\\\/person\\\/f46445640444750d7d753ccd04ae01b7\"},\"headline\":\"Lenovo acaba de presentar oficialmente su nuevo Chromebook Plus\",\"datePublished\":\"2025-06-30T04:55:22+00:00\",\"mainEntityOfPage\":{\"@id\":\"https:\\\/\\\/www.eldiario.net\\\/portal\\\/2025\\\/06\\\/30\\\/lenovo-acaba-de-presentar-oficialmente-su-nuevo-chromebook-plus\\\/\"},\"wordCount\":392,\"publisher\":{\"@id\":\"https:\\\/\\\/www.eldiario.net\\\/portal\\\/#organization\"},\"image\":{\"@id\":\"https:\\\/\\\/www.eldiario.net\\\/portal\\\/2025\\\/06\\\/30\\\/lenovo-acaba-de-presentar-oficialmente-su-nuevo-chromebook-plus\\\/#primaryimage\"},\"thumbnailUrl\":\"https:\\\/\\\/www.eldiario.net\\\/portal\\\/wp-content\\\/uploads\\\/2025\\\/06\\\/2-B-2.webp\",\"articleSection\":[\"Ciencia y Computaci\u00f3n\"],\"inLanguage\":\"es\"},{\"@type\":\"WebPage\",\"@id\":\"https:\\\/\\\/www.eldiario.net\\\/portal\\\/2025\\\/06\\\/30\\\/lenovo-acaba-de-presentar-oficialmente-su-nuevo-chromebook-plus\\\/\",\"url\":\"https:\\\/\\\/www.eldiario.net\\\/portal\\\/2025\\\/06\\\/30\\\/lenovo-acaba-de-presentar-oficialmente-su-nuevo-chromebook-plus\\\/\",\"name\":\"Lenovo acaba de presentar oficialmente su nuevo Chromebook Plus - El Diario - Bolivia\",\"isPartOf\":{\"@id\":\"https:\\\/\\\/www.eldiario.net\\\/portal\\\/#website\"},\"primaryImageOfPage\":{\"@id\":\"https:\\\/\\\/www.eldiario.net\\\/portal\\\/2025\\\/06\\\/30\\\/lenovo-acaba-de-presentar-oficialmente-su-nuevo-chromebook-plus\\\/#primaryimage\"},\"image\":{\"@id\":\"https:\\\/\\\/www.eldiario.net\\\/portal\\\/2025\\\/06\\\/30\\\/lenovo-acaba-de-presentar-oficialmente-su-nuevo-chromebook-plus\\\/#primaryimage\"},\"thumbnailUrl\":\"https:\\\/\\\/www.eldiario.net\\\/portal\\\/wp-content\\\/uploads\\\/2025\\\/06\\\/2-B-2.webp\",\"datePublished\":\"2025-06-30T04:55:22+00:00\",\"breadcrumb\":{\"@id\":\"https:\\\/\\\/www.eldiario.net\\\/portal\\\/2025\\\/06\\\/30\\\/lenovo-acaba-de-presentar-oficialmente-su-nuevo-chromebook-plus\\\/#breadcrumb\"},\"inLanguage\":\"es\",\"potentialAction\":[{\"@type\":\"ReadAction\",\"target\":[\"https:\\\/\\\/www.eldiario.net\\\/portal\\\/2025\\\/06\\\/30\\\/lenovo-acaba-de-presentar-oficialmente-su-nuevo-chromebook-plus\\\/\"]}]},{\"@type\":\"ImageObject\",\"inLanguage\":\"es\",\"@id\":\"https:\\\/\\\/www.eldiario.net\\\/portal\\\/2025\\\/06\\\/30\\\/lenovo-acaba-de-presentar-oficialmente-su-nuevo-chromebook-plus\\\/#primaryimage\",\"url\":\"https:\\\/\\\/www.eldiario.net\\\/portal\\\/wp-content\\\/uploads\\\/2025\\\/06\\\/2-B-2.webp\",\"contentUrl\":\"https:\\\/\\\/www.eldiario.net\\\/portal\\\/wp-content\\\/uploads\\\/2025\\\/06\\\/2-B-2.webp\",\"width\":653,\"height\":413},{\"@type\":\"BreadcrumbList\",\"@id\":\"https:\\\/\\\/www.eldiario.net\\\/portal\\\/2025\\\/06\\\/30\\\/lenovo-acaba-de-presentar-oficialmente-su-nuevo-chromebook-plus\\\/#breadcrumb\",\"itemListElement\":[{\"@type\":\"ListItem\",\"position\":1,\"name\":\"Portada\",\"item\":\"https:\\\/\\\/www.eldiario.net\\\/portal\\\/\"},{\"@type\":\"ListItem\",\"position\":2,\"name\":\"Lenovo acaba de presentar oficialmente su nuevo Chromebook Plus\"}]},{\"@type\":\"WebSite\",\"@id\":\"https:\\\/\\\/www.eldiario.net\\\/portal\\\/#website\",\"url\":\"https:\\\/\\\/www.eldiario.net\\\/portal\\\/\",\"name\":\"El Diario - Decano de la prensa nacional\",\"description\":\"El Diario - Decano de la prensa nacional\",\"publisher\":{\"@id\":\"https:\\\/\\\/www.eldiario.net\\\/portal\\\/#organization\"},\"potentialAction\":[{\"@type\":\"SearchAction\",\"target\":{\"@type\":\"EntryPoint\",\"urlTemplate\":\"https:\\\/\\\/www.eldiario.net\\\/portal\\\/?s={search_term_string}\"},\"query-input\":{\"@type\":\"PropertyValueSpecification\",\"valueRequired\":true,\"valueName\":\"search_term_string\"}}],\"inLanguage\":\"es\"},{\"@type\":\"Organization\",\"@id\":\"https:\\\/\\\/www.eldiario.net\\\/portal\\\/#organization\",\"name\":\"El Diario - Decano de la prensa nacional\",\"url\":\"https:\\\/\\\/www.eldiario.net\\\/portal\\\/\",\"logo\":{\"@type\":\"ImageObject\",\"inLanguage\":\"es\",\"@id\":\"https:\\\/\\\/www.eldiario.net\\\/portal\\\/#\\\/schema\\\/logo\\\/image\\\/\",\"url\":\"https:\\\/\\\/www.eldiario.net\\\/portal\\\/wp-content\\\/uploads\\\/2023\\\/07\\\/logo_ED.jpg\",\"contentUrl\":\"https:\\\/\\\/www.eldiario.net\\\/portal\\\/wp-content\\\/uploads\\\/2023\\\/07\\\/logo_ED.jpg\",\"width\":272,\"height\":52,\"caption\":\"El Diario - Decano de la prensa nacional\"},\"image\":{\"@id\":\"https:\\\/\\\/www.eldiario.net\\\/portal\\\/#\\\/schema\\\/logo\\\/image\\\/\"},\"sameAs\":[\"https:\\\/\\\/www.facebook.com\\\/eldiario.bolivia\\\/\",\"https:\\\/\\\/x.com\\\/eldiario_net\"]},{\"@type\":\"Person\",\"@id\":\"https:\\\/\\\/www.eldiario.net\\\/portal\\\/#\\\/schema\\\/person\\\/f46445640444750d7d753ccd04ae01b7\",\"name\":\"Jeanette\",\"image\":{\"@type\":\"ImageObject\",\"inLanguage\":\"es\",\"@id\":\"https:\\\/\\\/secure.gravatar.com\\\/avatar\\\/3ea2118a5f7dad2b7138b1187a6b7ee55f160b9968b66013c3a3ef39dd7e5798?s=96&d=mm&r=g\",\"url\":\"https:\\\/\\\/secure.gravatar.com\\\/avatar\\\/3ea2118a5f7dad2b7138b1187a6b7ee55f160b9968b66013c3a3ef39dd7e5798?s=96&d=mm&r=g\",\"contentUrl\":\"https:\\\/\\\/secure.gravatar.com\\\/avatar\\\/3ea2118a5f7dad2b7138b1187a6b7ee55f160b9968b66013c3a3ef39dd7e5798?s=96&d=mm&r=g\",\"caption\":\"Jeanette\"},\"sameAs\":[\"https:\\\/\\\/www.eldiario.net\\\/portal\"],\"url\":\"https:\\\/\\\/www.eldiario.net\\\/portal\\\/author\\\/jeanette\\\/\"}]}<\/script>\n<!-- \/ Yoast SEO plugin. -->","yoast_head_json":{"title":"Lenovo acaba de presentar oficialmente su nuevo Chromebook Plus - El Diario - Bolivia","robots":{"index":"index","follow":"follow","max-snippet":"max-snippet:-1","max-image-preview":"max-image-preview:large","max-video-preview":"max-video-preview:-1"},"canonical":"https:\/\/www.eldiario.net\/portal\/2025\/06\/30\/lenovo-acaba-de-presentar-oficialmente-su-nuevo-chromebook-plus\/","og_locale":"es_ES","og_type":"article","og_title":"Lenovo acaba de presentar oficialmente su nuevo Chromebook Plus - El Diario - Bolivia","og_description":"\u00a0Se trata de un port\u00e1til que marca un hito al ser el primer Chromebook del mundo en incorporar el procesador MediaTek Kompanio Ultra, dise\u00f1ado para ofrecer un rendimiento equilibrado y ejecutar funciones de inteligencia artificial directamente desde el dispositivo. Con una bater\u00eda que promete hasta 17 horas de autonom\u00eda\u00a0y una pantalla OLED de 14 pulgadas, [&hellip;]","og_url":"https:\/\/www.eldiario.net\/portal\/2025\/06\/30\/lenovo-acaba-de-presentar-oficialmente-su-nuevo-chromebook-plus\/","og_site_name":"El Diario - Bolivia","article_publisher":"https:\/\/www.facebook.com\/eldiario.bolivia\/","article_published_time":"2025-06-30T04:55:22+00:00","og_image":[{"width":653,"height":413,"url":"https:\/\/www.eldiario.net\/portal\/wp-content\/uploads\/2025\/06\/2-B-2.webp","type":"image\/webp"}],"author":"Jeanette","twitter_card":"summary_large_image","twitter_creator":"@eldiario_net","twitter_site":"@eldiario_net","twitter_misc":{"Escrito por":"Jeanette","Tiempo de lectura":"2 minutos"},"schema":{"@context":"https:\/\/schema.org","@graph":[{"@type":"Article","@id":"https:\/\/www.eldiario.net\/portal\/2025\/06\/30\/lenovo-acaba-de-presentar-oficialmente-su-nuevo-chromebook-plus\/#article","isPartOf":{"@id":"https:\/\/www.eldiario.net\/portal\/2025\/06\/30\/lenovo-acaba-de-presentar-oficialmente-su-nuevo-chromebook-plus\/"},"author":{"name":"Jeanette","@id":"https:\/\/www.eldiario.net\/portal\/#\/schema\/person\/f46445640444750d7d753ccd04ae01b7"},"headline":"Lenovo acaba de presentar oficialmente su nuevo Chromebook Plus","datePublished":"2025-06-30T04:55:22+00:00","mainEntityOfPage":{"@id":"https:\/\/www.eldiario.net\/portal\/2025\/06\/30\/lenovo-acaba-de-presentar-oficialmente-su-nuevo-chromebook-plus\/"},"wordCount":392,"publisher":{"@id":"https:\/\/www.eldiario.net\/portal\/#organization"},"image":{"@id":"https:\/\/www.eldiario.net\/portal\/2025\/06\/30\/lenovo-acaba-de-presentar-oficialmente-su-nuevo-chromebook-plus\/#primaryimage"},"thumbnailUrl":"https:\/\/www.eldiario.net\/portal\/wp-content\/uploads\/2025\/06\/2-B-2.webp","articleSection":["Ciencia y Computaci\u00f3n"],"inLanguage":"es"},{"@type":"WebPage","@id":"https:\/\/www.eldiario.net\/portal\/2025\/06\/30\/lenovo-acaba-de-presentar-oficialmente-su-nuevo-chromebook-plus\/","url":"https:\/\/www.eldiario.net\/portal\/2025\/06\/30\/lenovo-acaba-de-presentar-oficialmente-su-nuevo-chromebook-plus\/","name":"Lenovo acaba de presentar oficialmente su nuevo Chromebook Plus - El Diario - Bolivia","isPartOf":{"@id":"https:\/\/www.eldiario.net\/portal\/#website"},"primaryImageOfPage":{"@id":"https:\/\/www.eldiario.net\/portal\/2025\/06\/30\/lenovo-acaba-de-presentar-oficialmente-su-nuevo-chromebook-plus\/#primaryimage"},"image":{"@id":"https:\/\/www.eldiario.net\/portal\/2025\/06\/30\/lenovo-acaba-de-presentar-oficialmente-su-nuevo-chromebook-plus\/#primaryimage"},"thumbnailUrl":"https:\/\/www.eldiario.net\/portal\/wp-content\/uploads\/2025\/06\/2-B-2.webp","datePublished":"2025-06-30T04:55:22+00:00","breadcrumb":{"@id":"https:\/\/www.eldiario.net\/portal\/2025\/06\/30\/lenovo-acaba-de-presentar-oficialmente-su-nuevo-chromebook-plus\/#breadcrumb"},"inLanguage":"es","potentialAction":[{"@type":"ReadAction","target":["https:\/\/www.eldiario.net\/portal\/2025\/06\/30\/lenovo-acaba-de-presentar-oficialmente-su-nuevo-chromebook-plus\/"]}]},{"@type":"ImageObject","inLanguage":"es","@id":"https:\/\/www.eldiario.net\/portal\/2025\/06\/30\/lenovo-acaba-de-presentar-oficialmente-su-nuevo-chromebook-plus\/#primaryimage","url":"https:\/\/www.eldiario.net\/portal\/wp-content\/uploads\/2025\/06\/2-B-2.webp","contentUrl":"https:\/\/www.eldiario.net\/portal\/wp-content\/uploads\/2025\/06\/2-B-2.webp","width":653,"height":413},{"@type":"BreadcrumbList","@id":"https:\/\/www.eldiario.net\/portal\/2025\/06\/30\/lenovo-acaba-de-presentar-oficialmente-su-nuevo-chromebook-plus\/#breadcrumb","itemListElement":[{"@type":"ListItem","position":1,"name":"Portada","item":"https:\/\/www.eldiario.net\/portal\/"},{"@type":"ListItem","position":2,"name":"Lenovo acaba de presentar oficialmente su nuevo Chromebook Plus"}]},{"@type":"WebSite","@id":"https:\/\/www.eldiario.net\/portal\/#website","url":"https:\/\/www.eldiario.net\/portal\/","name":"El Diario - Decano de la prensa nacional","description":"El Diario - Decano de la prensa nacional","publisher":{"@id":"https:\/\/www.eldiario.net\/portal\/#organization"},"potentialAction":[{"@type":"SearchAction","target":{"@type":"EntryPoint","urlTemplate":"https:\/\/www.eldiario.net\/portal\/?s={search_term_string}"},"query-input":{"@type":"PropertyValueSpecification","valueRequired":true,"valueName":"search_term_string"}}],"inLanguage":"es"},{"@type":"Organization","@id":"https:\/\/www.eldiario.net\/portal\/#organization","name":"El Diario - Decano de la prensa nacional","url":"https:\/\/www.eldiario.net\/portal\/","logo":{"@type":"ImageObject","inLanguage":"es","@id":"https:\/\/www.eldiario.net\/portal\/#\/schema\/logo\/image\/","url":"https:\/\/www.eldiario.net\/portal\/wp-content\/uploads\/2023\/07\/logo_ED.jpg","contentUrl":"https:\/\/www.eldiario.net\/portal\/wp-content\/uploads\/2023\/07\/logo_ED.jpg","width":272,"height":52,"caption":"El Diario - Decano de la prensa nacional"},"image":{"@id":"https:\/\/www.eldiario.net\/portal\/#\/schema\/logo\/image\/"},"sameAs":["https:\/\/www.facebook.com\/eldiario.bolivia\/","https:\/\/x.com\/eldiario_net"]},{"@type":"Person","@id":"https:\/\/www.eldiario.net\/portal\/#\/schema\/person\/f46445640444750d7d753ccd04ae01b7","name":"Jeanette","image":{"@type":"ImageObject","inLanguage":"es","@id":"https:\/\/secure.gravatar.com\/avatar\/3ea2118a5f7dad2b7138b1187a6b7ee55f160b9968b66013c3a3ef39dd7e5798?s=96&d=mm&r=g","url":"https:\/\/secure.gravatar.com\/avatar\/3ea2118a5f7dad2b7138b1187a6b7ee55f160b9968b66013c3a3ef39dd7e5798?s=96&d=mm&r=g","contentUrl":"https:\/\/secure.gravatar.com\/avatar\/3ea2118a5f7dad2b7138b1187a6b7ee55f160b9968b66013c3a3ef39dd7e5798?s=96&d=mm&r=g","caption":"Jeanette"},"sameAs":["https:\/\/www.eldiario.net\/portal"],"url":"https:\/\/www.eldiario.net\/portal\/author\/jeanette\/"}]}},"_links":{"self":[{"href":"https:\/\/www.eldiario.net\/portal\/wp-json\/wp\/v2\/posts\/313121","targetHints":{"allow":["GET"]}}],"collection":[{"href":"https:\/\/www.eldiario.net\/portal\/wp-json\/wp\/v2\/posts"}],"about":[{"href":"https:\/\/www.eldiario.net\/portal\/wp-json\/wp\/v2\/types\/post"}],"author":[{"embeddable":true,"href":"https:\/\/www.eldiario.net\/portal\/wp-json\/wp\/v2\/users\/1"}],"replies":[{"embeddable":true,"href":"https:\/\/www.eldiario.net\/portal\/wp-json\/wp\/v2\/comments?post=313121"}],"version-history":[{"count":1,"href":"https:\/\/www.eldiario.net\/portal\/wp-json\/wp\/v2\/posts\/313121\/revisions"}],"predecessor-version":[{"id":313123,"href":"https:\/\/www.eldiario.net\/portal\/wp-json\/wp\/v2\/posts\/313121\/revisions\/313123"}],"wp:featuredmedia":[{"embeddable":true,"href":"https:\/\/www.eldiario.net\/portal\/wp-json\/wp\/v2\/media\/313122"}],"wp:attachment":[{"href":"https:\/\/www.eldiario.net\/portal\/wp-json\/wp\/v2\/media?parent=313121"}],"wp:term":[{"taxonomy":"category","embeddable":true,"href":"https:\/\/www.eldiario.net\/portal\/wp-json\/wp\/v2\/categories?post=313121"},{"taxonomy":"post_tag","embeddable":true,"href":"https:\/\/www.eldiario.net\/portal\/wp-json\/wp\/v2\/tags?post=313121"}],"curies":[{"name":"wp","href":"https:\/\/api.w.org\/{rel}","templated":true}]}}