{"id":313118,"date":"2025-06-30T00:54:32","date_gmt":"2025-06-30T04:54:32","guid":{"rendered":"https:\/\/www.eldiario.net\/portal\/?p=313118"},"modified":"2025-06-29T22:55:08","modified_gmt":"2025-06-30T02:55:08","slug":"xiaomi-ha-oficializado-su-nueva-generacion-de-dispositivos-wearables","status":"publish","type":"post","link":"https:\/\/www.eldiario.net\/portal\/2025\/06\/30\/xiaomi-ha-oficializado-su-nueva-generacion-de-dispositivos-wearables\/","title":{"rendered":"Xiaomi ha oficializado su nueva generaci\u00f3n de dispositivos wearables"},"content":{"rendered":"<p>Destaca la esperada <strong>Smart Band 10<\/strong>, junto con nuevos modelos de relojes inteligentes y auriculares, todos presentados durante su evento \u00abHuman x Car x Home\u00bb. En esta cita, la marca tambi\u00e9n revel\u00f3 productos como el Xiaomi Mix Flip 2 y renovaciones en sus l\u00edneas de smartphones y tablets Redmi.<\/p>\n<p>El mercado de los wearables ha sido clave para Xiaomi, sobre todo gracias al \u00e9xito continuo de su Smart Band, una de las pulseras de actividad m\u00e1s vendidas a nivel mundial. La Smart Band 10 representa la evoluci\u00f3n m\u00e1s completa de esta serie, aunque su dise\u00f1o y funciones mantienen una l\u00ednea continuista. Esta nueva versi\u00f3n incorpora una pantalla AMOLED de 1,72 pulgadas, con un brillo de hasta 1500 nits y una tasa de refresco de 60 Hz, prometiendo mayor eficiencia energ\u00e9tica y una excelente visibilidad.<\/p>\n<p>El dise\u00f1o tambi\u00e9n ha recibido una actualizaci\u00f3n elegante: el cuerpo de la pulsera se ofrecer\u00e1 en materiales cer\u00e1micos de alta gama con acabados en gris platino, blanco y rosa, adem\u00e1s de versiones met\u00e1licas tradicionales y un nuevo tono verde. Los accesorios ganan protagonismo con una amplia variedad de correas, incluyendo una nueva opci\u00f3n de seda pensada para brindar un tacto lujoso y transpirable. Tambi\u00e9n es posible llevarla como colgante o accesorio de bolso. El precio inicial ser\u00e1 de 269 yuanes (alrededor de 30 euros), con variantes que incluyen conectividad NFC. A\u00fan se espera confirmaci\u00f3n sobre su disponibilidad y precio en Europa.<\/p>\n<p>En cuanto a los relojes inteligentes, Xiaomi ampl\u00eda la familia del Watch S4 con una versi\u00f3n de <strong>41 mm<\/strong>, que acompa\u00f1a al modelo original de 46 mm lanzado a comienzos de a\u00f1o. Esta nueva edici\u00f3n m\u00e1s compacta resulta ideal para quienes prefieren formatos m\u00e1s peque\u00f1os, sin renunciar a una pantalla AMOLED de 1,32 pulgadas, tambi\u00e9n con 1500 nits y 60 Hz.<\/p>\n<p>La gama se completa con los nuevos <strong>auriculares inal\u00e1mbricos Xiaomi OpenWear Pro<\/strong>, que apuestan por una est\u00e9tica \u00abpremium\u00bb tanto en el estuche como en los propios aud\u00edfonos. Con un dise\u00f1o de tipo abierto, evitan el uso de almohadillas intraauriculares, brindando mayor comodidad en sesiones prolongadas. De hecho, han obtenido la certificaci\u00f3n T\u00dcV gracias a su capacidad para aliviar la presi\u00f3n en seis puntos clave del o\u00eddo. A pesar de su dise\u00f1o abierto, Xiaomi asegura una calidad de sonido profesional mediante la incorporaci\u00f3n de drivers din\u00e1micos de 13 mm que equilibran confort y rendimiento sonoro.<\/p>\n","protected":false},"excerpt":{"rendered":"<p>Destaca la esperada Smart Band 10, junto con nuevos modelos de relojes inteligentes y auriculares, todos presentados durante su evento \u00abHuman x Car x Home\u00bb. En esta cita, la marca tambi\u00e9n revel\u00f3 productos como el Xiaomi Mix Flip 2 y renovaciones en sus l\u00edneas de smartphones y tablets Redmi. El mercado de los wearables ha [&hellip;]<\/p>\n","protected":false},"author":1,"featured_media":313119,"comment_status":"closed","ping_status":"open","sticky":false,"template":"","format":"standard","meta":{"_acf_changed":false,"footnotes":""},"categories":[46],"tags":[],"class_list":["post-313118","post","type-post","status-publish","format-standard","has-post-thumbnail","category-ciencia-computacion"],"acf":{"antetitulo":""},"yoast_head":"<!-- This site is optimized with the Yoast SEO plugin v28.4 - https:\/\/yoast.com\/product\/yoast-seo-wordpress\/ -->\n<title>Xiaomi ha oficializado su nueva generaci\u00f3n de dispositivos wearables - El Diario - Bolivia<\/title>\n<meta name=\"robots\" content=\"index, follow, max-snippet:-1, max-image-preview:large, max-video-preview:-1\" \/>\n<link rel=\"canonical\" href=\"https:\/\/www.eldiario.net\/portal\/2025\/06\/30\/xiaomi-ha-oficializado-su-nueva-generacion-de-dispositivos-wearables\/\" \/>\n<meta property=\"og:locale\" content=\"es_ES\" \/>\n<meta property=\"og:type\" content=\"article\" \/>\n<meta property=\"og:title\" content=\"Xiaomi ha oficializado su nueva generaci\u00f3n de dispositivos wearables - El Diario - Bolivia\" \/>\n<meta property=\"og:description\" content=\"Destaca la esperada Smart Band 10, junto con nuevos modelos de relojes inteligentes y auriculares, todos presentados durante su evento \u00abHuman x Car x Home\u00bb. En esta cita, la marca tambi\u00e9n revel\u00f3 productos como el Xiaomi Mix Flip 2 y renovaciones en sus l\u00edneas de smartphones y tablets Redmi. El mercado de los wearables ha [&hellip;]\" \/>\n<meta property=\"og:url\" content=\"https:\/\/www.eldiario.net\/portal\/2025\/06\/30\/xiaomi-ha-oficializado-su-nueva-generacion-de-dispositivos-wearables\/\" \/>\n<meta property=\"og:site_name\" content=\"El Diario - Bolivia\" \/>\n<meta property=\"article:publisher\" content=\"https:\/\/www.facebook.com\/eldiario.bolivia\/\" \/>\n<meta property=\"article:published_time\" content=\"2025-06-30T04:54:32+00:00\" \/>\n<meta property=\"og:image\" content=\"https:\/\/www.eldiario.net\/portal\/wp-content\/uploads\/2025\/06\/2-C-3.webp\" \/>\n\t<meta property=\"og:image:width\" content=\"848\" \/>\n\t<meta property=\"og:image:height\" content=\"562\" \/>\n\t<meta property=\"og:image:type\" content=\"image\/webp\" \/>\n<meta name=\"author\" content=\"Jeanette\" \/>\n<meta name=\"twitter:card\" content=\"summary_large_image\" \/>\n<meta name=\"twitter:creator\" content=\"@eldiario_net\" \/>\n<meta name=\"twitter:site\" content=\"@eldiario_net\" \/>\n<meta name=\"twitter:label1\" content=\"Escrito por\" \/>\n\t<meta name=\"twitter:data1\" content=\"Jeanette\" \/>\n\t<meta name=\"twitter:label2\" content=\"Tiempo de lectura\" \/>\n\t<meta name=\"twitter:data2\" content=\"2 minutos\" \/>\n<script type=\"application\/ld+json\" class=\"yoast-schema-graph\">{\"@context\":\"https:\\\/\\\/schema.org\",\"@graph\":[{\"@type\":\"Article\",\"@id\":\"https:\\\/\\\/www.eldiario.net\\\/portal\\\/2025\\\/06\\\/30\\\/xiaomi-ha-oficializado-su-nueva-generacion-de-dispositivos-wearables\\\/#article\",\"isPartOf\":{\"@id\":\"https:\\\/\\\/www.eldiario.net\\\/portal\\\/2025\\\/06\\\/30\\\/xiaomi-ha-oficializado-su-nueva-generacion-de-dispositivos-wearables\\\/\"},\"author\":{\"name\":\"Jeanette\",\"@id\":\"https:\\\/\\\/www.eldiario.net\\\/portal\\\/#\\\/schema\\\/person\\\/f46445640444750d7d753ccd04ae01b7\"},\"headline\":\"Xiaomi ha oficializado su nueva generaci\u00f3n de dispositivos wearables\",\"datePublished\":\"2025-06-30T04:54:32+00:00\",\"mainEntityOfPage\":{\"@id\":\"https:\\\/\\\/www.eldiario.net\\\/portal\\\/2025\\\/06\\\/30\\\/xiaomi-ha-oficializado-su-nueva-generacion-de-dispositivos-wearables\\\/\"},\"wordCount\":425,\"publisher\":{\"@id\":\"https:\\\/\\\/www.eldiario.net\\\/portal\\\/#organization\"},\"image\":{\"@id\":\"https:\\\/\\\/www.eldiario.net\\\/portal\\\/2025\\\/06\\\/30\\\/xiaomi-ha-oficializado-su-nueva-generacion-de-dispositivos-wearables\\\/#primaryimage\"},\"thumbnailUrl\":\"https:\\\/\\\/www.eldiario.net\\\/portal\\\/wp-content\\\/uploads\\\/2025\\\/06\\\/2-C-3.webp\",\"articleSection\":[\"Ciencia y Computaci\u00f3n\"],\"inLanguage\":\"es\"},{\"@type\":\"WebPage\",\"@id\":\"https:\\\/\\\/www.eldiario.net\\\/portal\\\/2025\\\/06\\\/30\\\/xiaomi-ha-oficializado-su-nueva-generacion-de-dispositivos-wearables\\\/\",\"url\":\"https:\\\/\\\/www.eldiario.net\\\/portal\\\/2025\\\/06\\\/30\\\/xiaomi-ha-oficializado-su-nueva-generacion-de-dispositivos-wearables\\\/\",\"name\":\"Xiaomi ha oficializado su nueva generaci\u00f3n de dispositivos wearables - El Diario - Bolivia\",\"isPartOf\":{\"@id\":\"https:\\\/\\\/www.eldiario.net\\\/portal\\\/#website\"},\"primaryImageOfPage\":{\"@id\":\"https:\\\/\\\/www.eldiario.net\\\/portal\\\/2025\\\/06\\\/30\\\/xiaomi-ha-oficializado-su-nueva-generacion-de-dispositivos-wearables\\\/#primaryimage\"},\"image\":{\"@id\":\"https:\\\/\\\/www.eldiario.net\\\/portal\\\/2025\\\/06\\\/30\\\/xiaomi-ha-oficializado-su-nueva-generacion-de-dispositivos-wearables\\\/#primaryimage\"},\"thumbnailUrl\":\"https:\\\/\\\/www.eldiario.net\\\/portal\\\/wp-content\\\/uploads\\\/2025\\\/06\\\/2-C-3.webp\",\"datePublished\":\"2025-06-30T04:54:32+00:00\",\"breadcrumb\":{\"@id\":\"https:\\\/\\\/www.eldiario.net\\\/portal\\\/2025\\\/06\\\/30\\\/xiaomi-ha-oficializado-su-nueva-generacion-de-dispositivos-wearables\\\/#breadcrumb\"},\"inLanguage\":\"es\",\"potentialAction\":[{\"@type\":\"ReadAction\",\"target\":[\"https:\\\/\\\/www.eldiario.net\\\/portal\\\/2025\\\/06\\\/30\\\/xiaomi-ha-oficializado-su-nueva-generacion-de-dispositivos-wearables\\\/\"]}]},{\"@type\":\"ImageObject\",\"inLanguage\":\"es\",\"@id\":\"https:\\\/\\\/www.eldiario.net\\\/portal\\\/2025\\\/06\\\/30\\\/xiaomi-ha-oficializado-su-nueva-generacion-de-dispositivos-wearables\\\/#primaryimage\",\"url\":\"https:\\\/\\\/www.eldiario.net\\\/portal\\\/wp-content\\\/uploads\\\/2025\\\/06\\\/2-C-3.webp\",\"contentUrl\":\"https:\\\/\\\/www.eldiario.net\\\/portal\\\/wp-content\\\/uploads\\\/2025\\\/06\\\/2-C-3.webp\",\"width\":848,\"height\":562},{\"@type\":\"BreadcrumbList\",\"@id\":\"https:\\\/\\\/www.eldiario.net\\\/portal\\\/2025\\\/06\\\/30\\\/xiaomi-ha-oficializado-su-nueva-generacion-de-dispositivos-wearables\\\/#breadcrumb\",\"itemListElement\":[{\"@type\":\"ListItem\",\"position\":1,\"name\":\"Portada\",\"item\":\"https:\\\/\\\/www.eldiario.net\\\/portal\\\/\"},{\"@type\":\"ListItem\",\"position\":2,\"name\":\"Xiaomi ha oficializado su nueva generaci\u00f3n de dispositivos wearables\"}]},{\"@type\":\"WebSite\",\"@id\":\"https:\\\/\\\/www.eldiario.net\\\/portal\\\/#website\",\"url\":\"https:\\\/\\\/www.eldiario.net\\\/portal\\\/\",\"name\":\"El Diario - Decano de la prensa nacional\",\"description\":\"El Diario - Decano de la prensa nacional\",\"publisher\":{\"@id\":\"https:\\\/\\\/www.eldiario.net\\\/portal\\\/#organization\"},\"potentialAction\":[{\"@type\":\"SearchAction\",\"target\":{\"@type\":\"EntryPoint\",\"urlTemplate\":\"https:\\\/\\\/www.eldiario.net\\\/portal\\\/?s={search_term_string}\"},\"query-input\":{\"@type\":\"PropertyValueSpecification\",\"valueRequired\":true,\"valueName\":\"search_term_string\"}}],\"inLanguage\":\"es\"},{\"@type\":\"Organization\",\"@id\":\"https:\\\/\\\/www.eldiario.net\\\/portal\\\/#organization\",\"name\":\"El Diario - Decano de la prensa nacional\",\"url\":\"https:\\\/\\\/www.eldiario.net\\\/portal\\\/\",\"logo\":{\"@type\":\"ImageObject\",\"inLanguage\":\"es\",\"@id\":\"https:\\\/\\\/www.eldiario.net\\\/portal\\\/#\\\/schema\\\/logo\\\/image\\\/\",\"url\":\"https:\\\/\\\/www.eldiario.net\\\/portal\\\/wp-content\\\/uploads\\\/2023\\\/07\\\/logo_ED.jpg\",\"contentUrl\":\"https:\\\/\\\/www.eldiario.net\\\/portal\\\/wp-content\\\/uploads\\\/2023\\\/07\\\/logo_ED.jpg\",\"width\":272,\"height\":52,\"caption\":\"El Diario - Decano de la prensa nacional\"},\"image\":{\"@id\":\"https:\\\/\\\/www.eldiario.net\\\/portal\\\/#\\\/schema\\\/logo\\\/image\\\/\"},\"sameAs\":[\"https:\\\/\\\/www.facebook.com\\\/eldiario.bolivia\\\/\",\"https:\\\/\\\/x.com\\\/eldiario_net\"]},{\"@type\":\"Person\",\"@id\":\"https:\\\/\\\/www.eldiario.net\\\/portal\\\/#\\\/schema\\\/person\\\/f46445640444750d7d753ccd04ae01b7\",\"name\":\"Jeanette\",\"image\":{\"@type\":\"ImageObject\",\"inLanguage\":\"es\",\"@id\":\"https:\\\/\\\/secure.gravatar.com\\\/avatar\\\/3ea2118a5f7dad2b7138b1187a6b7ee55f160b9968b66013c3a3ef39dd7e5798?s=96&d=mm&r=g\",\"url\":\"https:\\\/\\\/secure.gravatar.com\\\/avatar\\\/3ea2118a5f7dad2b7138b1187a6b7ee55f160b9968b66013c3a3ef39dd7e5798?s=96&d=mm&r=g\",\"contentUrl\":\"https:\\\/\\\/secure.gravatar.com\\\/avatar\\\/3ea2118a5f7dad2b7138b1187a6b7ee55f160b9968b66013c3a3ef39dd7e5798?s=96&d=mm&r=g\",\"caption\":\"Jeanette\"},\"sameAs\":[\"https:\\\/\\\/www.eldiario.net\\\/portal\"],\"url\":\"https:\\\/\\\/www.eldiario.net\\\/portal\\\/author\\\/jeanette\\\/\"}]}<\/script>\n<!-- \/ Yoast SEO plugin. -->","yoast_head_json":{"title":"Xiaomi ha oficializado su nueva generaci\u00f3n de dispositivos wearables - El Diario - Bolivia","robots":{"index":"index","follow":"follow","max-snippet":"max-snippet:-1","max-image-preview":"max-image-preview:large","max-video-preview":"max-video-preview:-1"},"canonical":"https:\/\/www.eldiario.net\/portal\/2025\/06\/30\/xiaomi-ha-oficializado-su-nueva-generacion-de-dispositivos-wearables\/","og_locale":"es_ES","og_type":"article","og_title":"Xiaomi ha oficializado su nueva generaci\u00f3n de dispositivos wearables - El Diario - Bolivia","og_description":"Destaca la esperada Smart Band 10, junto con nuevos modelos de relojes inteligentes y auriculares, todos presentados durante su evento \u00abHuman x Car x Home\u00bb. En esta cita, la marca tambi\u00e9n revel\u00f3 productos como el Xiaomi Mix Flip 2 y renovaciones en sus l\u00edneas de smartphones y tablets Redmi. El mercado de los wearables ha [&hellip;]","og_url":"https:\/\/www.eldiario.net\/portal\/2025\/06\/30\/xiaomi-ha-oficializado-su-nueva-generacion-de-dispositivos-wearables\/","og_site_name":"El Diario - Bolivia","article_publisher":"https:\/\/www.facebook.com\/eldiario.bolivia\/","article_published_time":"2025-06-30T04:54:32+00:00","og_image":[{"width":848,"height":562,"url":"https:\/\/www.eldiario.net\/portal\/wp-content\/uploads\/2025\/06\/2-C-3.webp","type":"image\/webp"}],"author":"Jeanette","twitter_card":"summary_large_image","twitter_creator":"@eldiario_net","twitter_site":"@eldiario_net","twitter_misc":{"Escrito por":"Jeanette","Tiempo de lectura":"2 minutos"},"schema":{"@context":"https:\/\/schema.org","@graph":[{"@type":"Article","@id":"https:\/\/www.eldiario.net\/portal\/2025\/06\/30\/xiaomi-ha-oficializado-su-nueva-generacion-de-dispositivos-wearables\/#article","isPartOf":{"@id":"https:\/\/www.eldiario.net\/portal\/2025\/06\/30\/xiaomi-ha-oficializado-su-nueva-generacion-de-dispositivos-wearables\/"},"author":{"name":"Jeanette","@id":"https:\/\/www.eldiario.net\/portal\/#\/schema\/person\/f46445640444750d7d753ccd04ae01b7"},"headline":"Xiaomi ha oficializado su nueva generaci\u00f3n de dispositivos wearables","datePublished":"2025-06-30T04:54:32+00:00","mainEntityOfPage":{"@id":"https:\/\/www.eldiario.net\/portal\/2025\/06\/30\/xiaomi-ha-oficializado-su-nueva-generacion-de-dispositivos-wearables\/"},"wordCount":425,"publisher":{"@id":"https:\/\/www.eldiario.net\/portal\/#organization"},"image":{"@id":"https:\/\/www.eldiario.net\/portal\/2025\/06\/30\/xiaomi-ha-oficializado-su-nueva-generacion-de-dispositivos-wearables\/#primaryimage"},"thumbnailUrl":"https:\/\/www.eldiario.net\/portal\/wp-content\/uploads\/2025\/06\/2-C-3.webp","articleSection":["Ciencia y Computaci\u00f3n"],"inLanguage":"es"},{"@type":"WebPage","@id":"https:\/\/www.eldiario.net\/portal\/2025\/06\/30\/xiaomi-ha-oficializado-su-nueva-generacion-de-dispositivos-wearables\/","url":"https:\/\/www.eldiario.net\/portal\/2025\/06\/30\/xiaomi-ha-oficializado-su-nueva-generacion-de-dispositivos-wearables\/","name":"Xiaomi ha oficializado su nueva generaci\u00f3n de dispositivos wearables - El Diario - Bolivia","isPartOf":{"@id":"https:\/\/www.eldiario.net\/portal\/#website"},"primaryImageOfPage":{"@id":"https:\/\/www.eldiario.net\/portal\/2025\/06\/30\/xiaomi-ha-oficializado-su-nueva-generacion-de-dispositivos-wearables\/#primaryimage"},"image":{"@id":"https:\/\/www.eldiario.net\/portal\/2025\/06\/30\/xiaomi-ha-oficializado-su-nueva-generacion-de-dispositivos-wearables\/#primaryimage"},"thumbnailUrl":"https:\/\/www.eldiario.net\/portal\/wp-content\/uploads\/2025\/06\/2-C-3.webp","datePublished":"2025-06-30T04:54:32+00:00","breadcrumb":{"@id":"https:\/\/www.eldiario.net\/portal\/2025\/06\/30\/xiaomi-ha-oficializado-su-nueva-generacion-de-dispositivos-wearables\/#breadcrumb"},"inLanguage":"es","potentialAction":[{"@type":"ReadAction","target":["https:\/\/www.eldiario.net\/portal\/2025\/06\/30\/xiaomi-ha-oficializado-su-nueva-generacion-de-dispositivos-wearables\/"]}]},{"@type":"ImageObject","inLanguage":"es","@id":"https:\/\/www.eldiario.net\/portal\/2025\/06\/30\/xiaomi-ha-oficializado-su-nueva-generacion-de-dispositivos-wearables\/#primaryimage","url":"https:\/\/www.eldiario.net\/portal\/wp-content\/uploads\/2025\/06\/2-C-3.webp","contentUrl":"https:\/\/www.eldiario.net\/portal\/wp-content\/uploads\/2025\/06\/2-C-3.webp","width":848,"height":562},{"@type":"BreadcrumbList","@id":"https:\/\/www.eldiario.net\/portal\/2025\/06\/30\/xiaomi-ha-oficializado-su-nueva-generacion-de-dispositivos-wearables\/#breadcrumb","itemListElement":[{"@type":"ListItem","position":1,"name":"Portada","item":"https:\/\/www.eldiario.net\/portal\/"},{"@type":"ListItem","position":2,"name":"Xiaomi ha oficializado su nueva generaci\u00f3n de dispositivos wearables"}]},{"@type":"WebSite","@id":"https:\/\/www.eldiario.net\/portal\/#website","url":"https:\/\/www.eldiario.net\/portal\/","name":"El Diario - Decano de la prensa nacional","description":"El Diario - Decano de la prensa nacional","publisher":{"@id":"https:\/\/www.eldiario.net\/portal\/#organization"},"potentialAction":[{"@type":"SearchAction","target":{"@type":"EntryPoint","urlTemplate":"https:\/\/www.eldiario.net\/portal\/?s={search_term_string}"},"query-input":{"@type":"PropertyValueSpecification","valueRequired":true,"valueName":"search_term_string"}}],"inLanguage":"es"},{"@type":"Organization","@id":"https:\/\/www.eldiario.net\/portal\/#organization","name":"El Diario - Decano de la prensa nacional","url":"https:\/\/www.eldiario.net\/portal\/","logo":{"@type":"ImageObject","inLanguage":"es","@id":"https:\/\/www.eldiario.net\/portal\/#\/schema\/logo\/image\/","url":"https:\/\/www.eldiario.net\/portal\/wp-content\/uploads\/2023\/07\/logo_ED.jpg","contentUrl":"https:\/\/www.eldiario.net\/portal\/wp-content\/uploads\/2023\/07\/logo_ED.jpg","width":272,"height":52,"caption":"El Diario - Decano de la prensa nacional"},"image":{"@id":"https:\/\/www.eldiario.net\/portal\/#\/schema\/logo\/image\/"},"sameAs":["https:\/\/www.facebook.com\/eldiario.bolivia\/","https:\/\/x.com\/eldiario_net"]},{"@type":"Person","@id":"https:\/\/www.eldiario.net\/portal\/#\/schema\/person\/f46445640444750d7d753ccd04ae01b7","name":"Jeanette","image":{"@type":"ImageObject","inLanguage":"es","@id":"https:\/\/secure.gravatar.com\/avatar\/3ea2118a5f7dad2b7138b1187a6b7ee55f160b9968b66013c3a3ef39dd7e5798?s=96&d=mm&r=g","url":"https:\/\/secure.gravatar.com\/avatar\/3ea2118a5f7dad2b7138b1187a6b7ee55f160b9968b66013c3a3ef39dd7e5798?s=96&d=mm&r=g","contentUrl":"https:\/\/secure.gravatar.com\/avatar\/3ea2118a5f7dad2b7138b1187a6b7ee55f160b9968b66013c3a3ef39dd7e5798?s=96&d=mm&r=g","caption":"Jeanette"},"sameAs":["https:\/\/www.eldiario.net\/portal"],"url":"https:\/\/www.eldiario.net\/portal\/author\/jeanette\/"}]}},"_links":{"self":[{"href":"https:\/\/www.eldiario.net\/portal\/wp-json\/wp\/v2\/posts\/313118","targetHints":{"allow":["GET"]}}],"collection":[{"href":"https:\/\/www.eldiario.net\/portal\/wp-json\/wp\/v2\/posts"}],"about":[{"href":"https:\/\/www.eldiario.net\/portal\/wp-json\/wp\/v2\/types\/post"}],"author":[{"embeddable":true,"href":"https:\/\/www.eldiario.net\/portal\/wp-json\/wp\/v2\/users\/1"}],"replies":[{"embeddable":true,"href":"https:\/\/www.eldiario.net\/portal\/wp-json\/wp\/v2\/comments?post=313118"}],"version-history":[{"count":1,"href":"https:\/\/www.eldiario.net\/portal\/wp-json\/wp\/v2\/posts\/313118\/revisions"}],"predecessor-version":[{"id":313120,"href":"https:\/\/www.eldiario.net\/portal\/wp-json\/wp\/v2\/posts\/313118\/revisions\/313120"}],"wp:featuredmedia":[{"embeddable":true,"href":"https:\/\/www.eldiario.net\/portal\/wp-json\/wp\/v2\/media\/313119"}],"wp:attachment":[{"href":"https:\/\/www.eldiario.net\/portal\/wp-json\/wp\/v2\/media?parent=313118"}],"wp:term":[{"taxonomy":"category","embeddable":true,"href":"https:\/\/www.eldiario.net\/portal\/wp-json\/wp\/v2\/categories?post=313118"},{"taxonomy":"post_tag","embeddable":true,"href":"https:\/\/www.eldiario.net\/portal\/wp-json\/wp\/v2\/tags?post=313118"}],"curies":[{"name":"wp","href":"https:\/\/api.w.org\/{rel}","templated":true}]}}