{"id":313002,"date":"2025-06-29T08:01:18","date_gmt":"2025-06-29T12:01:18","guid":{"rendered":"https:\/\/www.eldiario.net\/portal\/?p=313002"},"modified":"2025-06-29T08:01:18","modified_gmt":"2025-06-29T12:01:18","slug":"sugieren-8-practicas-para-proteger-identidad-en-el-mundo-digital","status":"publish","type":"post","link":"https:\/\/www.eldiario.net\/portal\/2025\/06\/29\/sugieren-8-practicas-para-proteger-identidad-en-el-mundo-digital\/","title":{"rendered":"Sugieren 8 pr\u00e1cticas para proteger  identidad en el mundo digital"},"content":{"rendered":"<p>En el marco del D\u00eda Mundial de las Redes Sociales que se celebrar\u00e1 ma\u00f1ana 30 de junio, ESET destaca la importancia de adoptar buenas pr\u00e1cticas de seguridad digital para protegerse en un entorno donde los riesgos crecen al ritmo de la conectividad, por ello plantea 8 claves para evitar el robo de identidad.<br \/>\nExplica que las redes sociales se han convertido en una extensi\u00f3n de la vida cotidiana, son el lugar donde se comparten momentos, opiniones, intereses y hasta datos personales.<br \/>\nSin embargo, esa exposici\u00f3n tambi\u00e9n abre la puerta a m\u00faltiples amenazas. Desde campa\u00f1as de phishing que suplantan marcas reconocidas, hasta el robo de cuentas de influencers para distribuir malware, los cibercriminales han perfeccionado sus m\u00e9todos para enga\u00f1ar y vulnerar a los usuarios, complementa.<br \/>\nEn ese contexto, los menores de edad, los adultos mayores y los creadores de contenido se encuentran entre los grupos m\u00e1s vulnerables. Ya sea por compartir informaci\u00f3n personal sin medir consecuencias, confiar en aplicaciones y enlaces que pueden comprometer su seguridad o por estar menos familiarizados con las din\u00e1micas digitales y los riesgos asociados, los convierte en blancos frecuentes de cibercriminales que se aprovechan de estas condiciones.<br \/>\nAnte ese panorama tan adverso que se presenta hoy en d\u00eda, ESET comparte 8 buenas pr\u00e1cticas para disfrutar de las redes sociales de forma segura: configurar la privacidad de los perfiles, activar la autentificaci\u00f3n, desconfiar de enlaces y mensajes sospechosos, evitar compartir informaci\u00f3n sensible, utilizar contrase\u00f1as robustas y \u00fanicas, tener cuidado con las aplicaciones de terceros, educar a los ni\u00f1os y adolescentes y reportar contenido inapropiado.<br \/>\nLa empresa explica que limitar qui\u00e9n puede ver las publicaciones, enviar mensajes o etiquetar, es un primer paso, ya que un perfil m\u00e1s cerrado reduce la exposici\u00f3n a amenazas externas.<br \/>\nEn el caso de la autentificaci\u00f3n, este mecanismo a\u00f1ade una capa extra de seguridad que puede evitar accesos no autorizados incluso si la contrase\u00f1a ha sido comprometida.<br \/>\nAsimismo, muchos ataques comienzan con un simple clic. Verificar siempre la fuente antes de abrir enlaces, aunque sean de contactos conocidos.<br \/>\nTambi\u00e9n los datos como direcciones, ubicaci\u00f3n en tiempo real o rutinas diarias, pueden ser utilizadas para suplantar o rastrear a alguien y no se debe repetir contrase\u00f1as entre plataformas. Un gestor de contrase\u00f1as puede ayudar a mantenerlas seguras y organizadas, sostiene la empresa.<br \/>\nRecomienda que algunas apps que prometen filtros, estad\u00edsticas o seguidores, pueden acceder a informaci\u00f3n personal o incluso tomar control de la cuenta; alerta que los adolescentes son especialmente vulnerables a los riesgos en l\u00ednea. Es fundamental hablar con ellos sobre seguridad digital y establecer l\u00edmites claros.<br \/>\nLas plataformas ofrecen herramientas para denunciar publicaciones, perfiles o mensajes que infrinjan las normas o representen un riesgo.<br \/>\n\u201cAs\u00ed como los cibercriminales perfeccionan constantemente sus m\u00e9todos, es fundamental que los usuarios desarrollen una mayor conciencia sobre la protecci\u00f3n de sus cuentas. En ellas se almacena y comparte informaci\u00f3n personal, profesional y emocional que, si cae en manos malintencionadas, puede ser utilizada para manipular, extorsionar o da\u00f1ar nuestra reputaci\u00f3n\u201d, se\u00f1ala la empresa ESET.<\/p>\n","protected":false},"excerpt":{"rendered":"<p>En el marco del D\u00eda Mundial de las Redes Sociales que se celebrar\u00e1 ma\u00f1ana 30 de junio, ESET destaca la importancia de adoptar buenas pr\u00e1cticas de seguridad digital para protegerse en un entorno donde los riesgos crecen al ritmo de la conectividad, por ello plantea 8 claves para evitar el robo de identidad. Explica que [&hellip;]<\/p>\n","protected":false},"author":1,"featured_media":313003,"comment_status":"closed","ping_status":"open","sticky":false,"template":"","format":"standard","meta":{"_acf_changed":false,"footnotes":""},"categories":[7],"tags":[],"class_list":["post-313002","post","type-post","status-publish","format-standard","has-post-thumbnail","category-economia"],"acf":{"antetitulo":""},"yoast_head":"<!-- This site is optimized with the Yoast SEO plugin v28.3 - https:\/\/yoast.com\/product\/yoast-seo-wordpress\/ -->\n<title>Sugieren 8 pr\u00e1cticas para proteger identidad en el mundo digital - El Diario - Bolivia<\/title>\n<meta name=\"robots\" content=\"index, follow, max-snippet:-1, max-image-preview:large, max-video-preview:-1\" \/>\n<link rel=\"canonical\" href=\"https:\/\/www.eldiario.net\/portal\/2025\/06\/29\/sugieren-8-practicas-para-proteger-identidad-en-el-mundo-digital\/\" \/>\n<meta property=\"og:locale\" content=\"es_ES\" \/>\n<meta property=\"og:type\" content=\"article\" \/>\n<meta property=\"og:title\" content=\"Sugieren 8 pr\u00e1cticas para proteger identidad en el mundo digital - El Diario - Bolivia\" \/>\n<meta property=\"og:description\" content=\"En el marco del D\u00eda Mundial de las Redes Sociales que se celebrar\u00e1 ma\u00f1ana 30 de junio, ESET destaca la importancia de adoptar buenas pr\u00e1cticas de seguridad digital para protegerse en un entorno donde los riesgos crecen al ritmo de la conectividad, por ello plantea 8 claves para evitar el robo de identidad. Explica que [&hellip;]\" \/>\n<meta property=\"og:url\" content=\"https:\/\/www.eldiario.net\/portal\/2025\/06\/29\/sugieren-8-practicas-para-proteger-identidad-en-el-mundo-digital\/\" \/>\n<meta property=\"og:site_name\" content=\"El Diario - Bolivia\" \/>\n<meta property=\"article:publisher\" content=\"https:\/\/www.facebook.com\/eldiario.bolivia\/\" \/>\n<meta property=\"article:published_time\" content=\"2025-06-29T12:01:18+00:00\" \/>\n<meta property=\"og:image\" content=\"https:\/\/www.eldiario.net\/portal\/wp-content\/uploads\/2025\/06\/redes-1.webp\" \/>\n\t<meta property=\"og:image:width\" content=\"225\" \/>\n\t<meta property=\"og:image:height\" content=\"126\" \/>\n\t<meta property=\"og:image:type\" content=\"image\/webp\" \/>\n<meta name=\"author\" content=\"Jeanette\" \/>\n<meta name=\"twitter:card\" content=\"summary_large_image\" \/>\n<meta name=\"twitter:creator\" content=\"@eldiario_net\" \/>\n<meta name=\"twitter:site\" content=\"@eldiario_net\" \/>\n<meta name=\"twitter:label1\" content=\"Escrito por\" \/>\n\t<meta name=\"twitter:data1\" content=\"Jeanette\" \/>\n\t<meta name=\"twitter:label2\" content=\"Tiempo de lectura\" \/>\n\t<meta name=\"twitter:data2\" content=\"3 minutos\" \/>\n<script type=\"application\/ld+json\" class=\"yoast-schema-graph\">{\"@context\":\"https:\\\/\\\/schema.org\",\"@graph\":[{\"@type\":\"Article\",\"@id\":\"https:\\\/\\\/www.eldiario.net\\\/portal\\\/2025\\\/06\\\/29\\\/sugieren-8-practicas-para-proteger-identidad-en-el-mundo-digital\\\/#article\",\"isPartOf\":{\"@id\":\"https:\\\/\\\/www.eldiario.net\\\/portal\\\/2025\\\/06\\\/29\\\/sugieren-8-practicas-para-proteger-identidad-en-el-mundo-digital\\\/\"},\"author\":{\"name\":\"Jeanette\",\"@id\":\"https:\\\/\\\/www.eldiario.net\\\/portal\\\/#\\\/schema\\\/person\\\/f46445640444750d7d753ccd04ae01b7\"},\"headline\":\"Sugieren 8 pr\u00e1cticas para proteger identidad en el mundo digital\",\"datePublished\":\"2025-06-29T12:01:18+00:00\",\"mainEntityOfPage\":{\"@id\":\"https:\\\/\\\/www.eldiario.net\\\/portal\\\/2025\\\/06\\\/29\\\/sugieren-8-practicas-para-proteger-identidad-en-el-mundo-digital\\\/\"},\"wordCount\":542,\"publisher\":{\"@id\":\"https:\\\/\\\/www.eldiario.net\\\/portal\\\/#organization\"},\"image\":{\"@id\":\"https:\\\/\\\/www.eldiario.net\\\/portal\\\/2025\\\/06\\\/29\\\/sugieren-8-practicas-para-proteger-identidad-en-el-mundo-digital\\\/#primaryimage\"},\"thumbnailUrl\":\"https:\\\/\\\/www.eldiario.net\\\/portal\\\/wp-content\\\/uploads\\\/2025\\\/06\\\/redes-1.webp\",\"articleSection\":[\"Econom\u00eda\"],\"inLanguage\":\"es\"},{\"@type\":\"WebPage\",\"@id\":\"https:\\\/\\\/www.eldiario.net\\\/portal\\\/2025\\\/06\\\/29\\\/sugieren-8-practicas-para-proteger-identidad-en-el-mundo-digital\\\/\",\"url\":\"https:\\\/\\\/www.eldiario.net\\\/portal\\\/2025\\\/06\\\/29\\\/sugieren-8-practicas-para-proteger-identidad-en-el-mundo-digital\\\/\",\"name\":\"Sugieren 8 pr\u00e1cticas para proteger identidad en el mundo digital - El Diario - Bolivia\",\"isPartOf\":{\"@id\":\"https:\\\/\\\/www.eldiario.net\\\/portal\\\/#website\"},\"primaryImageOfPage\":{\"@id\":\"https:\\\/\\\/www.eldiario.net\\\/portal\\\/2025\\\/06\\\/29\\\/sugieren-8-practicas-para-proteger-identidad-en-el-mundo-digital\\\/#primaryimage\"},\"image\":{\"@id\":\"https:\\\/\\\/www.eldiario.net\\\/portal\\\/2025\\\/06\\\/29\\\/sugieren-8-practicas-para-proteger-identidad-en-el-mundo-digital\\\/#primaryimage\"},\"thumbnailUrl\":\"https:\\\/\\\/www.eldiario.net\\\/portal\\\/wp-content\\\/uploads\\\/2025\\\/06\\\/redes-1.webp\",\"datePublished\":\"2025-06-29T12:01:18+00:00\",\"breadcrumb\":{\"@id\":\"https:\\\/\\\/www.eldiario.net\\\/portal\\\/2025\\\/06\\\/29\\\/sugieren-8-practicas-para-proteger-identidad-en-el-mundo-digital\\\/#breadcrumb\"},\"inLanguage\":\"es\",\"potentialAction\":[{\"@type\":\"ReadAction\",\"target\":[\"https:\\\/\\\/www.eldiario.net\\\/portal\\\/2025\\\/06\\\/29\\\/sugieren-8-practicas-para-proteger-identidad-en-el-mundo-digital\\\/\"]}]},{\"@type\":\"ImageObject\",\"inLanguage\":\"es\",\"@id\":\"https:\\\/\\\/www.eldiario.net\\\/portal\\\/2025\\\/06\\\/29\\\/sugieren-8-practicas-para-proteger-identidad-en-el-mundo-digital\\\/#primaryimage\",\"url\":\"https:\\\/\\\/www.eldiario.net\\\/portal\\\/wp-content\\\/uploads\\\/2025\\\/06\\\/redes-1.webp\",\"contentUrl\":\"https:\\\/\\\/www.eldiario.net\\\/portal\\\/wp-content\\\/uploads\\\/2025\\\/06\\\/redes-1.webp\",\"width\":225,\"height\":126},{\"@type\":\"BreadcrumbList\",\"@id\":\"https:\\\/\\\/www.eldiario.net\\\/portal\\\/2025\\\/06\\\/29\\\/sugieren-8-practicas-para-proteger-identidad-en-el-mundo-digital\\\/#breadcrumb\",\"itemListElement\":[{\"@type\":\"ListItem\",\"position\":1,\"name\":\"Portada\",\"item\":\"https:\\\/\\\/www.eldiario.net\\\/portal\\\/\"},{\"@type\":\"ListItem\",\"position\":2,\"name\":\"Sugieren 8 pr\u00e1cticas para proteger identidad en el mundo digital\"}]},{\"@type\":\"WebSite\",\"@id\":\"https:\\\/\\\/www.eldiario.net\\\/portal\\\/#website\",\"url\":\"https:\\\/\\\/www.eldiario.net\\\/portal\\\/\",\"name\":\"El Diario - Decano de la prensa nacional\",\"description\":\"El Diario - Decano de la prensa nacional\",\"publisher\":{\"@id\":\"https:\\\/\\\/www.eldiario.net\\\/portal\\\/#organization\"},\"potentialAction\":[{\"@type\":\"SearchAction\",\"target\":{\"@type\":\"EntryPoint\",\"urlTemplate\":\"https:\\\/\\\/www.eldiario.net\\\/portal\\\/?s={search_term_string}\"},\"query-input\":{\"@type\":\"PropertyValueSpecification\",\"valueRequired\":true,\"valueName\":\"search_term_string\"}}],\"inLanguage\":\"es\"},{\"@type\":\"Organization\",\"@id\":\"https:\\\/\\\/www.eldiario.net\\\/portal\\\/#organization\",\"name\":\"El Diario - Decano de la prensa nacional\",\"url\":\"https:\\\/\\\/www.eldiario.net\\\/portal\\\/\",\"logo\":{\"@type\":\"ImageObject\",\"inLanguage\":\"es\",\"@id\":\"https:\\\/\\\/www.eldiario.net\\\/portal\\\/#\\\/schema\\\/logo\\\/image\\\/\",\"url\":\"https:\\\/\\\/www.eldiario.net\\\/portal\\\/wp-content\\\/uploads\\\/2023\\\/07\\\/logo_ED.jpg\",\"contentUrl\":\"https:\\\/\\\/www.eldiario.net\\\/portal\\\/wp-content\\\/uploads\\\/2023\\\/07\\\/logo_ED.jpg\",\"width\":272,\"height\":52,\"caption\":\"El Diario - Decano de la prensa nacional\"},\"image\":{\"@id\":\"https:\\\/\\\/www.eldiario.net\\\/portal\\\/#\\\/schema\\\/logo\\\/image\\\/\"},\"sameAs\":[\"https:\\\/\\\/www.facebook.com\\\/eldiario.bolivia\\\/\",\"https:\\\/\\\/x.com\\\/eldiario_net\"]},{\"@type\":\"Person\",\"@id\":\"https:\\\/\\\/www.eldiario.net\\\/portal\\\/#\\\/schema\\\/person\\\/f46445640444750d7d753ccd04ae01b7\",\"name\":\"Jeanette\",\"image\":{\"@type\":\"ImageObject\",\"inLanguage\":\"es\",\"@id\":\"https:\\\/\\\/secure.gravatar.com\\\/avatar\\\/3ea2118a5f7dad2b7138b1187a6b7ee55f160b9968b66013c3a3ef39dd7e5798?s=96&d=mm&r=g\",\"url\":\"https:\\\/\\\/secure.gravatar.com\\\/avatar\\\/3ea2118a5f7dad2b7138b1187a6b7ee55f160b9968b66013c3a3ef39dd7e5798?s=96&d=mm&r=g\",\"contentUrl\":\"https:\\\/\\\/secure.gravatar.com\\\/avatar\\\/3ea2118a5f7dad2b7138b1187a6b7ee55f160b9968b66013c3a3ef39dd7e5798?s=96&d=mm&r=g\",\"caption\":\"Jeanette\"},\"sameAs\":[\"https:\\\/\\\/www.eldiario.net\\\/portal\"],\"url\":\"https:\\\/\\\/www.eldiario.net\\\/portal\\\/author\\\/jeanette\\\/\"}]}<\/script>\n<!-- \/ Yoast SEO plugin. -->","yoast_head_json":{"title":"Sugieren 8 pr\u00e1cticas para proteger identidad en el mundo digital - El Diario - Bolivia","robots":{"index":"index","follow":"follow","max-snippet":"max-snippet:-1","max-image-preview":"max-image-preview:large","max-video-preview":"max-video-preview:-1"},"canonical":"https:\/\/www.eldiario.net\/portal\/2025\/06\/29\/sugieren-8-practicas-para-proteger-identidad-en-el-mundo-digital\/","og_locale":"es_ES","og_type":"article","og_title":"Sugieren 8 pr\u00e1cticas para proteger identidad en el mundo digital - El Diario - Bolivia","og_description":"En el marco del D\u00eda Mundial de las Redes Sociales que se celebrar\u00e1 ma\u00f1ana 30 de junio, ESET destaca la importancia de adoptar buenas pr\u00e1cticas de seguridad digital para protegerse en un entorno donde los riesgos crecen al ritmo de la conectividad, por ello plantea 8 claves para evitar el robo de identidad. Explica que [&hellip;]","og_url":"https:\/\/www.eldiario.net\/portal\/2025\/06\/29\/sugieren-8-practicas-para-proteger-identidad-en-el-mundo-digital\/","og_site_name":"El Diario - Bolivia","article_publisher":"https:\/\/www.facebook.com\/eldiario.bolivia\/","article_published_time":"2025-06-29T12:01:18+00:00","og_image":[{"width":225,"height":126,"url":"https:\/\/www.eldiario.net\/portal\/wp-content\/uploads\/2025\/06\/redes-1.webp","type":"image\/webp"}],"author":"Jeanette","twitter_card":"summary_large_image","twitter_creator":"@eldiario_net","twitter_site":"@eldiario_net","twitter_misc":{"Escrito por":"Jeanette","Tiempo de lectura":"3 minutos"},"schema":{"@context":"https:\/\/schema.org","@graph":[{"@type":"Article","@id":"https:\/\/www.eldiario.net\/portal\/2025\/06\/29\/sugieren-8-practicas-para-proteger-identidad-en-el-mundo-digital\/#article","isPartOf":{"@id":"https:\/\/www.eldiario.net\/portal\/2025\/06\/29\/sugieren-8-practicas-para-proteger-identidad-en-el-mundo-digital\/"},"author":{"name":"Jeanette","@id":"https:\/\/www.eldiario.net\/portal\/#\/schema\/person\/f46445640444750d7d753ccd04ae01b7"},"headline":"Sugieren 8 pr\u00e1cticas para proteger identidad en el mundo digital","datePublished":"2025-06-29T12:01:18+00:00","mainEntityOfPage":{"@id":"https:\/\/www.eldiario.net\/portal\/2025\/06\/29\/sugieren-8-practicas-para-proteger-identidad-en-el-mundo-digital\/"},"wordCount":542,"publisher":{"@id":"https:\/\/www.eldiario.net\/portal\/#organization"},"image":{"@id":"https:\/\/www.eldiario.net\/portal\/2025\/06\/29\/sugieren-8-practicas-para-proteger-identidad-en-el-mundo-digital\/#primaryimage"},"thumbnailUrl":"https:\/\/www.eldiario.net\/portal\/wp-content\/uploads\/2025\/06\/redes-1.webp","articleSection":["Econom\u00eda"],"inLanguage":"es"},{"@type":"WebPage","@id":"https:\/\/www.eldiario.net\/portal\/2025\/06\/29\/sugieren-8-practicas-para-proteger-identidad-en-el-mundo-digital\/","url":"https:\/\/www.eldiario.net\/portal\/2025\/06\/29\/sugieren-8-practicas-para-proteger-identidad-en-el-mundo-digital\/","name":"Sugieren 8 pr\u00e1cticas para proteger identidad en el mundo digital - El Diario - Bolivia","isPartOf":{"@id":"https:\/\/www.eldiario.net\/portal\/#website"},"primaryImageOfPage":{"@id":"https:\/\/www.eldiario.net\/portal\/2025\/06\/29\/sugieren-8-practicas-para-proteger-identidad-en-el-mundo-digital\/#primaryimage"},"image":{"@id":"https:\/\/www.eldiario.net\/portal\/2025\/06\/29\/sugieren-8-practicas-para-proteger-identidad-en-el-mundo-digital\/#primaryimage"},"thumbnailUrl":"https:\/\/www.eldiario.net\/portal\/wp-content\/uploads\/2025\/06\/redes-1.webp","datePublished":"2025-06-29T12:01:18+00:00","breadcrumb":{"@id":"https:\/\/www.eldiario.net\/portal\/2025\/06\/29\/sugieren-8-practicas-para-proteger-identidad-en-el-mundo-digital\/#breadcrumb"},"inLanguage":"es","potentialAction":[{"@type":"ReadAction","target":["https:\/\/www.eldiario.net\/portal\/2025\/06\/29\/sugieren-8-practicas-para-proteger-identidad-en-el-mundo-digital\/"]}]},{"@type":"ImageObject","inLanguage":"es","@id":"https:\/\/www.eldiario.net\/portal\/2025\/06\/29\/sugieren-8-practicas-para-proteger-identidad-en-el-mundo-digital\/#primaryimage","url":"https:\/\/www.eldiario.net\/portal\/wp-content\/uploads\/2025\/06\/redes-1.webp","contentUrl":"https:\/\/www.eldiario.net\/portal\/wp-content\/uploads\/2025\/06\/redes-1.webp","width":225,"height":126},{"@type":"BreadcrumbList","@id":"https:\/\/www.eldiario.net\/portal\/2025\/06\/29\/sugieren-8-practicas-para-proteger-identidad-en-el-mundo-digital\/#breadcrumb","itemListElement":[{"@type":"ListItem","position":1,"name":"Portada","item":"https:\/\/www.eldiario.net\/portal\/"},{"@type":"ListItem","position":2,"name":"Sugieren 8 pr\u00e1cticas para proteger identidad en el mundo digital"}]},{"@type":"WebSite","@id":"https:\/\/www.eldiario.net\/portal\/#website","url":"https:\/\/www.eldiario.net\/portal\/","name":"El Diario - Decano de la prensa nacional","description":"El Diario - Decano de la prensa nacional","publisher":{"@id":"https:\/\/www.eldiario.net\/portal\/#organization"},"potentialAction":[{"@type":"SearchAction","target":{"@type":"EntryPoint","urlTemplate":"https:\/\/www.eldiario.net\/portal\/?s={search_term_string}"},"query-input":{"@type":"PropertyValueSpecification","valueRequired":true,"valueName":"search_term_string"}}],"inLanguage":"es"},{"@type":"Organization","@id":"https:\/\/www.eldiario.net\/portal\/#organization","name":"El Diario - Decano de la prensa nacional","url":"https:\/\/www.eldiario.net\/portal\/","logo":{"@type":"ImageObject","inLanguage":"es","@id":"https:\/\/www.eldiario.net\/portal\/#\/schema\/logo\/image\/","url":"https:\/\/www.eldiario.net\/portal\/wp-content\/uploads\/2023\/07\/logo_ED.jpg","contentUrl":"https:\/\/www.eldiario.net\/portal\/wp-content\/uploads\/2023\/07\/logo_ED.jpg","width":272,"height":52,"caption":"El Diario - Decano de la prensa nacional"},"image":{"@id":"https:\/\/www.eldiario.net\/portal\/#\/schema\/logo\/image\/"},"sameAs":["https:\/\/www.facebook.com\/eldiario.bolivia\/","https:\/\/x.com\/eldiario_net"]},{"@type":"Person","@id":"https:\/\/www.eldiario.net\/portal\/#\/schema\/person\/f46445640444750d7d753ccd04ae01b7","name":"Jeanette","image":{"@type":"ImageObject","inLanguage":"es","@id":"https:\/\/secure.gravatar.com\/avatar\/3ea2118a5f7dad2b7138b1187a6b7ee55f160b9968b66013c3a3ef39dd7e5798?s=96&d=mm&r=g","url":"https:\/\/secure.gravatar.com\/avatar\/3ea2118a5f7dad2b7138b1187a6b7ee55f160b9968b66013c3a3ef39dd7e5798?s=96&d=mm&r=g","contentUrl":"https:\/\/secure.gravatar.com\/avatar\/3ea2118a5f7dad2b7138b1187a6b7ee55f160b9968b66013c3a3ef39dd7e5798?s=96&d=mm&r=g","caption":"Jeanette"},"sameAs":["https:\/\/www.eldiario.net\/portal"],"url":"https:\/\/www.eldiario.net\/portal\/author\/jeanette\/"}]}},"_links":{"self":[{"href":"https:\/\/www.eldiario.net\/portal\/wp-json\/wp\/v2\/posts\/313002","targetHints":{"allow":["GET"]}}],"collection":[{"href":"https:\/\/www.eldiario.net\/portal\/wp-json\/wp\/v2\/posts"}],"about":[{"href":"https:\/\/www.eldiario.net\/portal\/wp-json\/wp\/v2\/types\/post"}],"author":[{"embeddable":true,"href":"https:\/\/www.eldiario.net\/portal\/wp-json\/wp\/v2\/users\/1"}],"replies":[{"embeddable":true,"href":"https:\/\/www.eldiario.net\/portal\/wp-json\/wp\/v2\/comments?post=313002"}],"version-history":[{"count":1,"href":"https:\/\/www.eldiario.net\/portal\/wp-json\/wp\/v2\/posts\/313002\/revisions"}],"predecessor-version":[{"id":313004,"href":"https:\/\/www.eldiario.net\/portal\/wp-json\/wp\/v2\/posts\/313002\/revisions\/313004"}],"wp:featuredmedia":[{"embeddable":true,"href":"https:\/\/www.eldiario.net\/portal\/wp-json\/wp\/v2\/media\/313003"}],"wp:attachment":[{"href":"https:\/\/www.eldiario.net\/portal\/wp-json\/wp\/v2\/media?parent=313002"}],"wp:term":[{"taxonomy":"category","embeddable":true,"href":"https:\/\/www.eldiario.net\/portal\/wp-json\/wp\/v2\/categories?post=313002"},{"taxonomy":"post_tag","embeddable":true,"href":"https:\/\/www.eldiario.net\/portal\/wp-json\/wp\/v2\/tags?post=313002"}],"curies":[{"name":"wp","href":"https:\/\/api.w.org\/{rel}","templated":true}]}}