{"id":312809,"date":"2025-06-28T06:50:27","date_gmt":"2025-06-28T10:50:27","guid":{"rendered":"https:\/\/www.eldiario.net\/portal\/?p=312809"},"modified":"2025-06-28T06:50:27","modified_gmt":"2025-06-28T10:50:27","slug":"dalett-quiere-seguir-creando-musica-que-acompane-e-inspire","status":"publish","type":"post","link":"https:\/\/www.eldiario.net\/portal\/2025\/06\/28\/dalett-quiere-seguir-creando-musica-que-acompane-e-inspire\/","title":{"rendered":"Dalett quiere seguir creando  m\u00fasica que acompa\u00f1e e inspire"},"content":{"rendered":"<p>Dalet Diana Fern\u00e1ndez Claros es una cantante y compositora nacida en Cochabamba, Bolivia. Su nombre art\u00edstico es Dalett y actualmente se desempe\u00f1a como artista independiente en el g\u00e9nero pop, destac\u00e1ndose por su capacidad para adaptarse a diversos estilos musicales.<\/p>\n<p>A lo largo de su carrera, fue parte de varios proyectos y d\u00faos musicales de diversos g\u00e9neros, en los que demostr\u00f3 su talento y versatilidad en el escenario.<\/p>\n<p>Dalett es profesional en Bioqu\u00edmica y Farmacia y ahora decidi\u00f3 incursionar como solista en su carrera musical en el g\u00e9nero pop, componiendo su primer sencillo \u201cNada qued\u00f3\u201d. La producci\u00f3n de la canci\u00f3n se construy\u00f3 y concluy\u00f3 en la productora Sonic Boom (de La Paz), a cargo del productor Roberto Bustillos.<\/p>\n<p>\u201cNada qued\u00f3\u201d es una canci\u00f3n que cuenta una historia de amor que fue intensa, pero fugaz, con una vibra nost\u00e1lgica y melanc\u00f3lica y un cierre esperanzador. Habla de un encuentro m\u00e1gico y casual entre dos personas, que ten\u00eda potencial a futuro. Existe una transformaci\u00f3n, de dolor, desapego y un renacimiento personal. Es un viaje emocional.<\/p>\n<p>La canci\u00f3n ya est\u00e1 disponible en las plataformas digitales, como Spotify, Apple Music y YouTube, y su video musical fue estrenado hace poco.<\/p>\n<p>La Gu\u00eda convers\u00f3 con Dalett y esto fue lo que nos cont\u00f3 la joven cantante cochabambina sobre su carrera art\u00edstica y el lanzamiento de su primer sencillo \u201cNada qued\u00f3\u201d.<\/p>\n<p><strong>LG: \u00bfC\u00f3mo y cu\u00e1ndo surgi\u00f3 tu pasi\u00f3n por la m\u00fasica?<\/strong><\/p>\n<p>D: Desde muy peque\u00f1a sent\u00ed una conexi\u00f3n profunda con la m\u00fasica. Era mi refugio, mi forma de expresarme cuando las palabras no eran suficientes. Comenc\u00e9 cantando en casa, luego en eventos escolares, hasta que un d\u00eda supe que esto no era solo una afici\u00f3n, sino mi camino de vida.<\/p>\n<p><strong>LG: \u00bfQui\u00e9nes fueron tus referentes?<\/strong><\/p>\n<p>D: Mis referentes son artistas que transmiten con el alma. Me inspiran voces como la de Ariana Grande por su disciplina y estudio vocal, Natalia Lafourcade por su autenticidad, Belanova por su originalidad y tambi\u00e9n sonidos m\u00e1s contempor\u00e1neos del pop y sus subg\u00e9neros y el funk latino que me han influido al crear mi propio estilo.<\/p>\n<p><strong>LG: \u00bfPuedes resumir tu recorrido art\u00edstico?<\/strong><\/p>\n<p>D: He estado vinculada al arte desde hace a\u00f1os, pero el cantar solamente era una afici\u00f3n o pasatiempo. He colaborado como corista en ciertos grupos musicales y de iglesia y, asimismo, he realizado presentaciones ac\u00fasticas acompa\u00f1ada por alg\u00fan m\u00fasico instrumentista.<\/p>\n<p>Recientemente, desde el a\u00f1o 2024, empec\u00e9 a escribir mis propias canciones y poco a poco estoy construyendo un universo sonoro que refleja lo que soy.<\/p>\n<p>El lanzamiento de mi primer sencillo \u201cNada qued\u00f3\u201d marc\u00f3 un antes y un despu\u00e9s en mi carrera, d\u00e1ndome la oportunidad de conectar con muchas personas desde lo m\u00e1s honesto de mi ser.<\/p>\n<p><strong>LG: \u00bfC\u00f3mo etiquetar\u00edas tu m\u00fasica?<\/strong><\/p>\n<p>D: Mi m\u00fasica es pop emocional con tintes electro, funk, indi y rock (\u2026). Me gusta que suene fresco, nost\u00e1lgico, pero que tenga una historia real detr\u00e1s, que transmita a quien la escucha.<\/p>\n<p><strong>LG: \u00bfQu\u00e9 te motiv\u00f3 a inclinarte por el pop?<\/strong><\/p>\n<p>D: El pop me permite mezclar lo \u00edntimo con lo universal. Me gusta c\u00f3mo este g\u00e9nero te da libertad para jugar con sonidos modernos, pero tambi\u00e9n te permite contar historias cercanas, reales y con emoci\u00f3n.<\/p>\n<p><strong>LG: \u00bfQu\u00e9 te has propuesto?<\/strong><\/p>\n<p>D: Mi meta es crecer como artista sin perder mi esencia. Quiero seguir creando m\u00fasica que acompa\u00f1e, que inspire. Tambi\u00e9n me he propuesto ser constante, seguir form\u00e1ndome y disfrutar cada paso del proceso, incluso los m\u00e1s dif\u00edciles.<\/p>\n<p>Asimismo, este a\u00f1o me propuse tener mi EP y m\u00e1s adelante seguir haciendo m\u00e1s m\u00fasica (con) composiciones m\u00edas. Tambi\u00e9n formar una banda completa, para que la experiencia musical en vivo sea m\u00e1s atractiva.<\/p>\n<p><strong>LG: \u00bfQu\u00e9 destacas de tu primer sencillo \u201cNada qued\u00f3\u201d?<\/strong><\/p>\n<p>D: \u201cNada qued\u00f3\u201d es una canci\u00f3n muy especial para m\u00ed, porque naci\u00f3 de una experiencia real. Es un reflejo de lo que pasa cuando uno entrega todo en una relaci\u00f3n y se queda con las manos vac\u00edas. La letra es simple, pero profunda, y creo que por eso conecta con tantas personas. Me llena el alma ver los comentarios de quienes se sintieron identificados.<\/p>\n<p><strong>LG: \u00bfQu\u00e9 se viene ahora en tu carrera art\u00edstica?<\/strong><\/p>\n<p>D: Estoy trabajando en nuevas canciones y si es posible en colaboraciones y tambi\u00e9n en presentaciones en vivo. Se vienen proyectos visuales, m\u00e1s interacci\u00f3n con mi comunidad en redes, y, sobre todo, m\u00e1s m\u00fasica con el coraz\u00f3n.<\/p>\n<p><strong>LG: Nombre completo <\/strong><\/p>\n<p>D: Dalet Diana Fern\u00e1ndez Claros.<\/p>\n<p><strong>LG: Fecha y lugar de nacimiento<\/strong><\/p>\n<p>D: 9 de agosto de 1994 en Cochabamba, Bolivia.<\/p>\n<p><strong>LG: \u00bfQu\u00e9 estudiaste? <\/strong><\/p>\n<p>D: Termin\u00e9 mis estudios en licenciatura en Bioqu\u00edmica y Farmacia (UMSS) y soy T\u00e9cnico medio en Laboratorio Cl\u00ednico (TECSUR), profesi\u00f3n que ejerzo.<\/p>\n<p>En cuanto a mi preparaci\u00f3n musical en canto, he estado en institutos como \u201cScala\u201c, \u201cGospel music\u201d y en talleres o clases particulares con Mayra Gonzales, Andrea Figueroa, Ale Lanza y Fulvia Fossati.<\/p>\n<p><strong>LG: \u00bfCu\u00e1l es tu mayor sue\u00f1o art\u00edstico?<\/strong><\/p>\n<p>D: Mi mayor sue\u00f1o es poder llevar mi m\u00fasica a distintos pa\u00edses. Asimismo, llevar en alto a mi pa\u00eds, Bolivia, pararme en escenarios grandes y peque\u00f1os, y sentir que mis canciones han sido parte del camino de otras personas. Quiero vivir de lo que amo y seguir creando sin perder la conexi\u00f3n con lo que soy.<\/p>\n<p><strong>LG: \u00bfDeseas agregar algo?<\/strong><\/p>\n<p>D: Solo agradecer a quienes han cre\u00eddo en m\u00ed desde el inicio, mi familia, especialmente mi mam\u00e1, a los que escuchan mi m\u00fasica, la comparten y la sienten como propia. Esto reci\u00e9n comienza y estoy feliz de recorrer este viaje, acompa\u00f1ada de tanta gente hermosa.<\/p>\n\r\n                <style type=\"text\/css\">\r\n                    \r\n                    #tdi_1  .td-doubleSlider-2 .td-item1 {\r\n                        background: url(https:\/\/www.eldiario.net\/portal\/wp-content\/uploads\/2025\/06\/1-PRINCIPAL-9-80x60.webp) 0 0 no-repeat;\r\n                    }\r\n                    #tdi_1  .td-doubleSlider-2 .td-item2 {\r\n                        background: url(https:\/\/www.eldiario.net\/portal\/wp-content\/uploads\/2025\/06\/2-9-80x60.webp) 0 0 no-repeat;\r\n                    }\r\n                    #tdi_1  .td-doubleSlider-2 .td-item3 {\r\n                        background: url(https:\/\/www.eldiario.net\/portal\/wp-content\/uploads\/2025\/06\/3-7-80x60.webp) 0 0 no-repeat;\r\n                    }\r\n                    #tdi_1  .td-doubleSlider-2 .td-item4 {\r\n                        background: url(https:\/\/www.eldiario.net\/portal\/wp-content\/uploads\/2025\/06\/4-5-80x60.webp) 0 0 no-repeat;\r\n                    }\r\n                    #tdi_1  .td-doubleSlider-2 .td-item5 {\r\n                        background: url(https:\/\/www.eldiario.net\/portal\/wp-content\/uploads\/2025\/06\/5-6-80x60.webp) 0 0 no-repeat;\r\n                    }\r\n                <\/style>\r\n\r\n                <div id=\"tdi_1\" class=\"td-gallery td-slide-on-2-columns\">\r\n                    <div class=\"post_td_gallery\">\r\n                        <div class=\"td-gallery-slide-top\">\r\n                           <div class=\"td-gallery-title\"><\/div>\r\n\r\n                            <div class=\"td-gallery-controls-wrapper\">\r\n                                <div class=\"td-gallery-slide-count\"><span class=\"td-gallery-slide-item-focus\">1<\/span> de 5<\/div>\r\n                                <div class=\"td-gallery-slide-prev-next-but\">\r\n                                    <i class = \"td-icon-left doubleSliderPrevButton\"><\/i>\r\n                                    <i class = \"td-icon-right doubleSliderNextButton\"><\/i>\r\n                                <\/div>\r\n                            <\/div>\r\n                        <\/div>\r\n\r\n                        <div class = \"td-doubleSlider-1 \">\r\n                            <div class = \"td-slider\">\r\n                                \r\n                    <div class = \"td-slide-item td-item1\">\r\n                        <figure class=\"td-slide-galery-figure td-slide-popup-gallery\">\r\n                            <a class=\"slide-gallery-image-link\" href=\"https:\/\/www.eldiario.net\/portal\/wp-content\/uploads\/2025\/06\/1-PRINCIPAL-9.webp\" title=\"1-PRINCIPAL\"  data-caption=\"\"  data-description=\"\">\r\n                                <img decoding=\"async\" src=\"https:\/\/www.eldiario.net\/portal\/wp-content\/uploads\/2025\/06\/1-PRINCIPAL-9-420x420.webp\" srcset=\"https:\/\/www.eldiario.net\/portal\/wp-content\/uploads\/2025\/06\/1-PRINCIPAL-9-420x420.webp 420w, https:\/\/www.eldiario.net\/portal\/wp-content\/uploads\/2025\/06\/1-PRINCIPAL-9-300x300.webp 300w, https:\/\/www.eldiario.net\/portal\/wp-content\/uploads\/2025\/06\/1-PRINCIPAL-9-150x150.webp 150w, https:\/\/www.eldiario.net\/portal\/wp-content\/uploads\/2025\/06\/1-PRINCIPAL-9-768x768.webp 768w, https:\/\/www.eldiario.net\/portal\/wp-content\/uploads\/2025\/06\/1-PRINCIPAL-9-696x696.webp 696w, https:\/\/www.eldiario.net\/portal\/wp-content\/uploads\/2025\/06\/1-PRINCIPAL-9.webp 828w\" sizes=\"(max-width: 420px) 100vw, 420px\" alt=\"\">\r\n                            <\/a>\r\n                            \r\n                        <\/figure>\r\n                    <\/div>\r\n                    <div class = \"td-slide-item td-item2\">\r\n                        <figure class=\"td-slide-galery-figure td-slide-popup-gallery\">\r\n                            <a class=\"slide-gallery-image-link\" href=\"https:\/\/www.eldiario.net\/portal\/wp-content\/uploads\/2025\/06\/2-9.webp\" title=\"2\"  data-caption=\"\"  data-description=\"\">\r\n                                <img decoding=\"async\" src=\"https:\/\/www.eldiario.net\/portal\/wp-content\/uploads\/2025\/06\/2-9-440x420.webp\" srcset=\"https:\/\/www.eldiario.net\/portal\/wp-content\/uploads\/2025\/06\/2-9-440x420.webp 440w, https:\/\/www.eldiario.net\/portal\/wp-content\/uploads\/2025\/06\/2-9-300x286.webp 300w, https:\/\/www.eldiario.net\/portal\/wp-content\/uploads\/2025\/06\/2-9.webp 667w\" sizes=\"(max-width: 440px) 100vw, 440px\" alt=\"\">\r\n                            <\/a>\r\n                            \r\n                        <\/figure>\r\n                    <\/div>\r\n                    <div class = \"td-slide-item td-item3\">\r\n                        <figure class=\"td-slide-galery-figure td-slide-popup-gallery\">\r\n                            <a class=\"slide-gallery-image-link\" href=\"https:\/\/www.eldiario.net\/portal\/wp-content\/uploads\/2025\/06\/3-7.webp\" title=\"3\"  data-caption=\"\"  data-description=\"\">\r\n                                <img decoding=\"async\" src=\"https:\/\/www.eldiario.net\/portal\/wp-content\/uploads\/2025\/06\/3-7-280x420.webp\" srcset=\"https:\/\/www.eldiario.net\/portal\/wp-content\/uploads\/2025\/06\/3-7-280x420.webp 280w, https:\/\/www.eldiario.net\/portal\/wp-content\/uploads\/2025\/06\/3-7-200x300.webp 200w, https:\/\/www.eldiario.net\/portal\/wp-content\/uploads\/2025\/06\/3-7-683x1024.webp 683w, https:\/\/www.eldiario.net\/portal\/wp-content\/uploads\/2025\/06\/3-7-768x1151.webp 768w, https:\/\/www.eldiario.net\/portal\/wp-content\/uploads\/2025\/06\/3-7-696x1043.webp 696w, https:\/\/www.eldiario.net\/portal\/wp-content\/uploads\/2025\/06\/3-7.webp 854w\" sizes=\"(max-width: 280px) 100vw, 280px\" alt=\"\">\r\n                            <\/a>\r\n                            \r\n                        <\/figure>\r\n                    <\/div>\r\n                    <div class = \"td-slide-item td-item4\">\r\n                        <figure class=\"td-slide-galery-figure td-slide-popup-gallery\">\r\n                            <a class=\"slide-gallery-image-link\" href=\"https:\/\/www.eldiario.net\/portal\/wp-content\/uploads\/2025\/06\/4-5.webp\" title=\"4\"  data-caption=\"\"  data-description=\"\">\r\n                                <img decoding=\"async\" src=\"https:\/\/www.eldiario.net\/portal\/wp-content\/uploads\/2025\/06\/4-5-420x420.webp\" srcset=\"https:\/\/www.eldiario.net\/portal\/wp-content\/uploads\/2025\/06\/4-5-420x420.webp 420w, https:\/\/www.eldiario.net\/portal\/wp-content\/uploads\/2025\/06\/4-5-300x300.webp 300w, https:\/\/www.eldiario.net\/portal\/wp-content\/uploads\/2025\/06\/4-5-1024x1024.webp 1024w, https:\/\/www.eldiario.net\/portal\/wp-content\/uploads\/2025\/06\/4-5-150x150.webp 150w, https:\/\/www.eldiario.net\/portal\/wp-content\/uploads\/2025\/06\/4-5-768x768.webp 768w, https:\/\/www.eldiario.net\/portal\/wp-content\/uploads\/2025\/06\/4-5-696x696.webp 696w, https:\/\/www.eldiario.net\/portal\/wp-content\/uploads\/2025\/06\/4-5-1068x1068.webp 1068w, https:\/\/www.eldiario.net\/portal\/wp-content\/uploads\/2025\/06\/4-5.webp 1280w\" sizes=\"(max-width: 420px) 100vw, 420px\" alt=\"\">\r\n                            <\/a>\r\n                            \r\n                        <\/figure>\r\n                    <\/div>\r\n                    <div class = \"td-slide-item td-item5\">\r\n                        <figure class=\"td-slide-galery-figure td-slide-popup-gallery\">\r\n                            <a class=\"slide-gallery-image-link\" href=\"https:\/\/www.eldiario.net\/portal\/wp-content\/uploads\/2025\/06\/5-6.webp\" title=\"5\"  data-caption=\"\"  data-description=\"\">\r\n                                <img decoding=\"async\" src=\"https:\/\/www.eldiario.net\/portal\/wp-content\/uploads\/2025\/06\/5-6-336x420.webp\" srcset=\"https:\/\/www.eldiario.net\/portal\/wp-content\/uploads\/2025\/06\/5-6-336x420.webp 336w, https:\/\/www.eldiario.net\/portal\/wp-content\/uploads\/2025\/06\/5-6-240x300.webp 240w, https:\/\/www.eldiario.net\/portal\/wp-content\/uploads\/2025\/06\/5-6-819x1024.webp 819w, https:\/\/www.eldiario.net\/portal\/wp-content\/uploads\/2025\/06\/5-6-768x960.webp 768w, https:\/\/www.eldiario.net\/portal\/wp-content\/uploads\/2025\/06\/5-6-696x870.webp 696w, https:\/\/www.eldiario.net\/portal\/wp-content\/uploads\/2025\/06\/5-6.webp 1024w\" sizes=\"(max-width: 336px) 100vw, 336px\" alt=\"\">\r\n                            <\/a>\r\n                            \r\n                        <\/figure>\r\n                    <\/div>\r\n                            <\/div>\r\n                        <\/div>\r\n\r\n                        <div class = \"td-doubleSlider-2\">\r\n                            <div class = \"td-slider\">\r\n                                \r\n                    <div class = \"td-button td-item1\">\r\n                        <div class = \"td-border\"><\/div>\r\n                    <\/div>\r\n                    <div class = \"td-button td-item2\">\r\n                        <div class = \"td-border\"><\/div>\r\n                    <\/div>\r\n                    <div class = \"td-button td-item3\">\r\n                        <div class = \"td-border\"><\/div>\r\n                    <\/div>\r\n                    <div class = \"td-button td-item4\">\r\n                        <div class = \"td-border\"><\/div>\r\n                    <\/div>\r\n                    <div class = \"td-button td-item5\">\r\n                        <div class = \"td-border\"><\/div>\r\n                    <\/div>\r\n                            <\/div>\r\n                        <\/div>\r\n\r\n                    <\/div>\r\n\r\n                <\/div>\r\n                \n","protected":false},"excerpt":{"rendered":"<p>Dalet Diana Fern\u00e1ndez Claros es una cantante y compositora nacida en Cochabamba, Bolivia. Su nombre art\u00edstico es Dalett y actualmente se desempe\u00f1a como artista independiente en el g\u00e9nero pop, destac\u00e1ndose por su capacidad para adaptarse a diversos estilos musicales. A lo largo de su carrera, fue parte de varios proyectos y d\u00faos musicales de diversos [&hellip;]<\/p>\n","protected":false},"author":1,"featured_media":312810,"comment_status":"closed","ping_status":"open","sticky":false,"template":"","format":"standard","meta":{"_acf_changed":false,"footnotes":""},"categories":[41],"tags":[],"class_list":["post-312809","post","type-post","status-publish","format-standard","has-post-thumbnail","category-la-guia"],"acf":{"antetitulo":""},"yoast_head":"<!-- This site is optimized with the Yoast SEO plugin v28.4 - https:\/\/yoast.com\/product\/yoast-seo-wordpress\/ -->\n<title>Dalett quiere seguir creando m\u00fasica que acompa\u00f1e e inspire - El Diario - Bolivia<\/title>\n<meta name=\"robots\" content=\"index, follow, max-snippet:-1, max-image-preview:large, max-video-preview:-1\" \/>\n<link rel=\"canonical\" href=\"https:\/\/www.eldiario.net\/portal\/2025\/06\/28\/dalett-quiere-seguir-creando-musica-que-acompane-e-inspire\/\" \/>\n<meta property=\"og:locale\" content=\"es_ES\" \/>\n<meta property=\"og:type\" content=\"article\" \/>\n<meta property=\"og:title\" content=\"Dalett quiere seguir creando m\u00fasica que acompa\u00f1e e inspire - El Diario - Bolivia\" \/>\n<meta property=\"og:description\" content=\"Dalet Diana Fern\u00e1ndez Claros es una cantante y compositora nacida en Cochabamba, Bolivia. Su nombre art\u00edstico es Dalett y actualmente se desempe\u00f1a como artista independiente en el g\u00e9nero pop, destac\u00e1ndose por su capacidad para adaptarse a diversos estilos musicales. A lo largo de su carrera, fue parte de varios proyectos y d\u00faos musicales de diversos [&hellip;]\" \/>\n<meta property=\"og:url\" content=\"https:\/\/www.eldiario.net\/portal\/2025\/06\/28\/dalett-quiere-seguir-creando-musica-que-acompane-e-inspire\/\" \/>\n<meta property=\"og:site_name\" content=\"El Diario - Bolivia\" \/>\n<meta property=\"article:publisher\" content=\"https:\/\/www.facebook.com\/eldiario.bolivia\/\" \/>\n<meta property=\"article:published_time\" content=\"2025-06-28T10:50:27+00:00\" \/>\n<meta property=\"og:image\" content=\"https:\/\/www.eldiario.net\/portal\/wp-content\/uploads\/2025\/06\/1-PRINCIPAL-9.webp\" \/>\n\t<meta property=\"og:image:width\" content=\"828\" \/>\n\t<meta property=\"og:image:height\" content=\"828\" \/>\n\t<meta property=\"og:image:type\" content=\"image\/webp\" \/>\n<meta name=\"author\" content=\"Jeanette\" \/>\n<meta name=\"twitter:card\" content=\"summary_large_image\" \/>\n<meta name=\"twitter:creator\" content=\"@eldiario_net\" \/>\n<meta name=\"twitter:site\" content=\"@eldiario_net\" \/>\n<meta name=\"twitter:label1\" content=\"Escrito por\" \/>\n\t<meta name=\"twitter:data1\" content=\"Jeanette\" \/>\n\t<meta name=\"twitter:label2\" content=\"Tiempo de lectura\" \/>\n\t<meta name=\"twitter:data2\" content=\"5 minutos\" \/>\n<script type=\"application\/ld+json\" class=\"yoast-schema-graph\">{\"@context\":\"https:\\\/\\\/schema.org\",\"@graph\":[{\"@type\":\"Article\",\"@id\":\"https:\\\/\\\/www.eldiario.net\\\/portal\\\/2025\\\/06\\\/28\\\/dalett-quiere-seguir-creando-musica-que-acompane-e-inspire\\\/#article\",\"isPartOf\":{\"@id\":\"https:\\\/\\\/www.eldiario.net\\\/portal\\\/2025\\\/06\\\/28\\\/dalett-quiere-seguir-creando-musica-que-acompane-e-inspire\\\/\"},\"author\":{\"name\":\"Jeanette\",\"@id\":\"https:\\\/\\\/www.eldiario.net\\\/portal\\\/#\\\/schema\\\/person\\\/2c57cf2b7a7ae032e449e4c9b1019eac\"},\"headline\":\"Dalett quiere seguir creando m\u00fasica que acompa\u00f1e e inspire\",\"datePublished\":\"2025-06-28T10:50:27+00:00\",\"mainEntityOfPage\":{\"@id\":\"https:\\\/\\\/www.eldiario.net\\\/portal\\\/2025\\\/06\\\/28\\\/dalett-quiere-seguir-creando-musica-que-acompane-e-inspire\\\/\"},\"wordCount\":1028,\"publisher\":{\"@id\":\"https:\\\/\\\/www.eldiario.net\\\/portal\\\/#organization\"},\"image\":{\"@id\":\"https:\\\/\\\/www.eldiario.net\\\/portal\\\/2025\\\/06\\\/28\\\/dalett-quiere-seguir-creando-musica-que-acompane-e-inspire\\\/#primaryimage\"},\"thumbnailUrl\":\"https:\\\/\\\/www.eldiario.net\\\/portal\\\/wp-content\\\/uploads\\\/2025\\\/06\\\/1-PRINCIPAL-9.webp\",\"articleSection\":[\"La Gu\u00eda\"],\"inLanguage\":\"es\"},{\"@type\":\"WebPage\",\"@id\":\"https:\\\/\\\/www.eldiario.net\\\/portal\\\/2025\\\/06\\\/28\\\/dalett-quiere-seguir-creando-musica-que-acompane-e-inspire\\\/\",\"url\":\"https:\\\/\\\/www.eldiario.net\\\/portal\\\/2025\\\/06\\\/28\\\/dalett-quiere-seguir-creando-musica-que-acompane-e-inspire\\\/\",\"name\":\"Dalett quiere seguir creando m\u00fasica que acompa\u00f1e e inspire - El Diario - Bolivia\",\"isPartOf\":{\"@id\":\"https:\\\/\\\/www.eldiario.net\\\/portal\\\/#website\"},\"primaryImageOfPage\":{\"@id\":\"https:\\\/\\\/www.eldiario.net\\\/portal\\\/2025\\\/06\\\/28\\\/dalett-quiere-seguir-creando-musica-que-acompane-e-inspire\\\/#primaryimage\"},\"image\":{\"@id\":\"https:\\\/\\\/www.eldiario.net\\\/portal\\\/2025\\\/06\\\/28\\\/dalett-quiere-seguir-creando-musica-que-acompane-e-inspire\\\/#primaryimage\"},\"thumbnailUrl\":\"https:\\\/\\\/www.eldiario.net\\\/portal\\\/wp-content\\\/uploads\\\/2025\\\/06\\\/1-PRINCIPAL-9.webp\",\"datePublished\":\"2025-06-28T10:50:27+00:00\",\"breadcrumb\":{\"@id\":\"https:\\\/\\\/www.eldiario.net\\\/portal\\\/2025\\\/06\\\/28\\\/dalett-quiere-seguir-creando-musica-que-acompane-e-inspire\\\/#breadcrumb\"},\"inLanguage\":\"es\",\"potentialAction\":[{\"@type\":\"ReadAction\",\"target\":[\"https:\\\/\\\/www.eldiario.net\\\/portal\\\/2025\\\/06\\\/28\\\/dalett-quiere-seguir-creando-musica-que-acompane-e-inspire\\\/\"]}]},{\"@type\":\"ImageObject\",\"inLanguage\":\"es\",\"@id\":\"https:\\\/\\\/www.eldiario.net\\\/portal\\\/2025\\\/06\\\/28\\\/dalett-quiere-seguir-creando-musica-que-acompane-e-inspire\\\/#primaryimage\",\"url\":\"https:\\\/\\\/www.eldiario.net\\\/portal\\\/wp-content\\\/uploads\\\/2025\\\/06\\\/1-PRINCIPAL-9.webp\",\"contentUrl\":\"https:\\\/\\\/www.eldiario.net\\\/portal\\\/wp-content\\\/uploads\\\/2025\\\/06\\\/1-PRINCIPAL-9.webp\",\"width\":828,\"height\":828},{\"@type\":\"BreadcrumbList\",\"@id\":\"https:\\\/\\\/www.eldiario.net\\\/portal\\\/2025\\\/06\\\/28\\\/dalett-quiere-seguir-creando-musica-que-acompane-e-inspire\\\/#breadcrumb\",\"itemListElement\":[{\"@type\":\"ListItem\",\"position\":1,\"name\":\"Portada\",\"item\":\"https:\\\/\\\/www.eldiario.net\\\/portal\\\/\"},{\"@type\":\"ListItem\",\"position\":2,\"name\":\"Dalett quiere seguir creando m\u00fasica que acompa\u00f1e e inspire\"}]},{\"@type\":\"WebSite\",\"@id\":\"https:\\\/\\\/www.eldiario.net\\\/portal\\\/#website\",\"url\":\"https:\\\/\\\/www.eldiario.net\\\/portal\\\/\",\"name\":\"El Diario - Decano de la prensa nacional\",\"description\":\"El Diario - Decano de la prensa nacional\",\"publisher\":{\"@id\":\"https:\\\/\\\/www.eldiario.net\\\/portal\\\/#organization\"},\"potentialAction\":[{\"@type\":\"SearchAction\",\"target\":{\"@type\":\"EntryPoint\",\"urlTemplate\":\"https:\\\/\\\/www.eldiario.net\\\/portal\\\/?s={search_term_string}\"},\"query-input\":{\"@type\":\"PropertyValueSpecification\",\"valueRequired\":true,\"valueName\":\"search_term_string\"}}],\"inLanguage\":\"es\"},{\"@type\":\"Organization\",\"@id\":\"https:\\\/\\\/www.eldiario.net\\\/portal\\\/#organization\",\"name\":\"El Diario - Decano de la prensa nacional\",\"url\":\"https:\\\/\\\/www.eldiario.net\\\/portal\\\/\",\"logo\":{\"@type\":\"ImageObject\",\"inLanguage\":\"es\",\"@id\":\"https:\\\/\\\/www.eldiario.net\\\/portal\\\/#\\\/schema\\\/logo\\\/image\\\/\",\"url\":\"https:\\\/\\\/www.eldiario.net\\\/portal\\\/wp-content\\\/uploads\\\/2023\\\/07\\\/logo_ED.jpg\",\"contentUrl\":\"https:\\\/\\\/www.eldiario.net\\\/portal\\\/wp-content\\\/uploads\\\/2023\\\/07\\\/logo_ED.jpg\",\"width\":272,\"height\":52,\"caption\":\"El Diario - Decano de la prensa nacional\"},\"image\":{\"@id\":\"https:\\\/\\\/www.eldiario.net\\\/portal\\\/#\\\/schema\\\/logo\\\/image\\\/\"},\"sameAs\":[\"https:\\\/\\\/www.facebook.com\\\/eldiario.bolivia\\\/\",\"https:\\\/\\\/x.com\\\/eldiario_net\"]},{\"@type\":\"Person\",\"@id\":\"https:\\\/\\\/www.eldiario.net\\\/portal\\\/#\\\/schema\\\/person\\\/2c57cf2b7a7ae032e449e4c9b1019eac\",\"name\":\"Jeanette\",\"image\":{\"@type\":\"ImageObject\",\"inLanguage\":\"es\",\"@id\":\"https:\\\/\\\/secure.gravatar.com\\\/avatar\\\/3ea2118a5f7dad2b7138b1187a6b7ee55f160b9968b66013c3a3ef39dd7e5798?s=96&d=mm&r=g\",\"url\":\"https:\\\/\\\/secure.gravatar.com\\\/avatar\\\/3ea2118a5f7dad2b7138b1187a6b7ee55f160b9968b66013c3a3ef39dd7e5798?s=96&d=mm&r=g\",\"contentUrl\":\"https:\\\/\\\/secure.gravatar.com\\\/avatar\\\/3ea2118a5f7dad2b7138b1187a6b7ee55f160b9968b66013c3a3ef39dd7e5798?s=96&d=mm&r=g\",\"caption\":\"Jeanette\"},\"sameAs\":[\"https:\\\/\\\/www.eldiario.net\\\/portal\"],\"url\":\"https:\\\/\\\/www.eldiario.net\\\/portal\\\/author\\\/jeanette\\\/\"}]}<\/script>\n<!-- \/ Yoast SEO plugin. -->","yoast_head_json":{"title":"Dalett quiere seguir creando m\u00fasica que acompa\u00f1e e inspire - El Diario - Bolivia","robots":{"index":"index","follow":"follow","max-snippet":"max-snippet:-1","max-image-preview":"max-image-preview:large","max-video-preview":"max-video-preview:-1"},"canonical":"https:\/\/www.eldiario.net\/portal\/2025\/06\/28\/dalett-quiere-seguir-creando-musica-que-acompane-e-inspire\/","og_locale":"es_ES","og_type":"article","og_title":"Dalett quiere seguir creando m\u00fasica que acompa\u00f1e e inspire - El Diario - Bolivia","og_description":"Dalet Diana Fern\u00e1ndez Claros es una cantante y compositora nacida en Cochabamba, Bolivia. Su nombre art\u00edstico es Dalett y actualmente se desempe\u00f1a como artista independiente en el g\u00e9nero pop, destac\u00e1ndose por su capacidad para adaptarse a diversos estilos musicales. A lo largo de su carrera, fue parte de varios proyectos y d\u00faos musicales de diversos [&hellip;]","og_url":"https:\/\/www.eldiario.net\/portal\/2025\/06\/28\/dalett-quiere-seguir-creando-musica-que-acompane-e-inspire\/","og_site_name":"El Diario - Bolivia","article_publisher":"https:\/\/www.facebook.com\/eldiario.bolivia\/","article_published_time":"2025-06-28T10:50:27+00:00","og_image":[{"width":828,"height":828,"url":"https:\/\/www.eldiario.net\/portal\/wp-content\/uploads\/2025\/06\/1-PRINCIPAL-9.webp","type":"image\/webp"}],"author":"Jeanette","twitter_card":"summary_large_image","twitter_creator":"@eldiario_net","twitter_site":"@eldiario_net","twitter_misc":{"Escrito por":"Jeanette","Tiempo de lectura":"5 minutos"},"schema":{"@context":"https:\/\/schema.org","@graph":[{"@type":"Article","@id":"https:\/\/www.eldiario.net\/portal\/2025\/06\/28\/dalett-quiere-seguir-creando-musica-que-acompane-e-inspire\/#article","isPartOf":{"@id":"https:\/\/www.eldiario.net\/portal\/2025\/06\/28\/dalett-quiere-seguir-creando-musica-que-acompane-e-inspire\/"},"author":{"name":"Jeanette","@id":"https:\/\/www.eldiario.net\/portal\/#\/schema\/person\/2c57cf2b7a7ae032e449e4c9b1019eac"},"headline":"Dalett quiere seguir creando m\u00fasica que acompa\u00f1e e inspire","datePublished":"2025-06-28T10:50:27+00:00","mainEntityOfPage":{"@id":"https:\/\/www.eldiario.net\/portal\/2025\/06\/28\/dalett-quiere-seguir-creando-musica-que-acompane-e-inspire\/"},"wordCount":1028,"publisher":{"@id":"https:\/\/www.eldiario.net\/portal\/#organization"},"image":{"@id":"https:\/\/www.eldiario.net\/portal\/2025\/06\/28\/dalett-quiere-seguir-creando-musica-que-acompane-e-inspire\/#primaryimage"},"thumbnailUrl":"https:\/\/www.eldiario.net\/portal\/wp-content\/uploads\/2025\/06\/1-PRINCIPAL-9.webp","articleSection":["La Gu\u00eda"],"inLanguage":"es"},{"@type":"WebPage","@id":"https:\/\/www.eldiario.net\/portal\/2025\/06\/28\/dalett-quiere-seguir-creando-musica-que-acompane-e-inspire\/","url":"https:\/\/www.eldiario.net\/portal\/2025\/06\/28\/dalett-quiere-seguir-creando-musica-que-acompane-e-inspire\/","name":"Dalett quiere seguir creando m\u00fasica que acompa\u00f1e e inspire - El Diario - Bolivia","isPartOf":{"@id":"https:\/\/www.eldiario.net\/portal\/#website"},"primaryImageOfPage":{"@id":"https:\/\/www.eldiario.net\/portal\/2025\/06\/28\/dalett-quiere-seguir-creando-musica-que-acompane-e-inspire\/#primaryimage"},"image":{"@id":"https:\/\/www.eldiario.net\/portal\/2025\/06\/28\/dalett-quiere-seguir-creando-musica-que-acompane-e-inspire\/#primaryimage"},"thumbnailUrl":"https:\/\/www.eldiario.net\/portal\/wp-content\/uploads\/2025\/06\/1-PRINCIPAL-9.webp","datePublished":"2025-06-28T10:50:27+00:00","breadcrumb":{"@id":"https:\/\/www.eldiario.net\/portal\/2025\/06\/28\/dalett-quiere-seguir-creando-musica-que-acompane-e-inspire\/#breadcrumb"},"inLanguage":"es","potentialAction":[{"@type":"ReadAction","target":["https:\/\/www.eldiario.net\/portal\/2025\/06\/28\/dalett-quiere-seguir-creando-musica-que-acompane-e-inspire\/"]}]},{"@type":"ImageObject","inLanguage":"es","@id":"https:\/\/www.eldiario.net\/portal\/2025\/06\/28\/dalett-quiere-seguir-creando-musica-que-acompane-e-inspire\/#primaryimage","url":"https:\/\/www.eldiario.net\/portal\/wp-content\/uploads\/2025\/06\/1-PRINCIPAL-9.webp","contentUrl":"https:\/\/www.eldiario.net\/portal\/wp-content\/uploads\/2025\/06\/1-PRINCIPAL-9.webp","width":828,"height":828},{"@type":"BreadcrumbList","@id":"https:\/\/www.eldiario.net\/portal\/2025\/06\/28\/dalett-quiere-seguir-creando-musica-que-acompane-e-inspire\/#breadcrumb","itemListElement":[{"@type":"ListItem","position":1,"name":"Portada","item":"https:\/\/www.eldiario.net\/portal\/"},{"@type":"ListItem","position":2,"name":"Dalett quiere seguir creando m\u00fasica que acompa\u00f1e e inspire"}]},{"@type":"WebSite","@id":"https:\/\/www.eldiario.net\/portal\/#website","url":"https:\/\/www.eldiario.net\/portal\/","name":"El Diario - Decano de la prensa nacional","description":"El Diario - Decano de la prensa nacional","publisher":{"@id":"https:\/\/www.eldiario.net\/portal\/#organization"},"potentialAction":[{"@type":"SearchAction","target":{"@type":"EntryPoint","urlTemplate":"https:\/\/www.eldiario.net\/portal\/?s={search_term_string}"},"query-input":{"@type":"PropertyValueSpecification","valueRequired":true,"valueName":"search_term_string"}}],"inLanguage":"es"},{"@type":"Organization","@id":"https:\/\/www.eldiario.net\/portal\/#organization","name":"El Diario - Decano de la prensa nacional","url":"https:\/\/www.eldiario.net\/portal\/","logo":{"@type":"ImageObject","inLanguage":"es","@id":"https:\/\/www.eldiario.net\/portal\/#\/schema\/logo\/image\/","url":"https:\/\/www.eldiario.net\/portal\/wp-content\/uploads\/2023\/07\/logo_ED.jpg","contentUrl":"https:\/\/www.eldiario.net\/portal\/wp-content\/uploads\/2023\/07\/logo_ED.jpg","width":272,"height":52,"caption":"El Diario - Decano de la prensa nacional"},"image":{"@id":"https:\/\/www.eldiario.net\/portal\/#\/schema\/logo\/image\/"},"sameAs":["https:\/\/www.facebook.com\/eldiario.bolivia\/","https:\/\/x.com\/eldiario_net"]},{"@type":"Person","@id":"https:\/\/www.eldiario.net\/portal\/#\/schema\/person\/2c57cf2b7a7ae032e449e4c9b1019eac","name":"Jeanette","image":{"@type":"ImageObject","inLanguage":"es","@id":"https:\/\/secure.gravatar.com\/avatar\/3ea2118a5f7dad2b7138b1187a6b7ee55f160b9968b66013c3a3ef39dd7e5798?s=96&d=mm&r=g","url":"https:\/\/secure.gravatar.com\/avatar\/3ea2118a5f7dad2b7138b1187a6b7ee55f160b9968b66013c3a3ef39dd7e5798?s=96&d=mm&r=g","contentUrl":"https:\/\/secure.gravatar.com\/avatar\/3ea2118a5f7dad2b7138b1187a6b7ee55f160b9968b66013c3a3ef39dd7e5798?s=96&d=mm&r=g","caption":"Jeanette"},"sameAs":["https:\/\/www.eldiario.net\/portal"],"url":"https:\/\/www.eldiario.net\/portal\/author\/jeanette\/"}]}},"_links":{"self":[{"href":"https:\/\/www.eldiario.net\/portal\/wp-json\/wp\/v2\/posts\/312809","targetHints":{"allow":["GET"]}}],"collection":[{"href":"https:\/\/www.eldiario.net\/portal\/wp-json\/wp\/v2\/posts"}],"about":[{"href":"https:\/\/www.eldiario.net\/portal\/wp-json\/wp\/v2\/types\/post"}],"author":[{"embeddable":true,"href":"https:\/\/www.eldiario.net\/portal\/wp-json\/wp\/v2\/users\/1"}],"replies":[{"embeddable":true,"href":"https:\/\/www.eldiario.net\/portal\/wp-json\/wp\/v2\/comments?post=312809"}],"version-history":[{"count":1,"href":"https:\/\/www.eldiario.net\/portal\/wp-json\/wp\/v2\/posts\/312809\/revisions"}],"predecessor-version":[{"id":312815,"href":"https:\/\/www.eldiario.net\/portal\/wp-json\/wp\/v2\/posts\/312809\/revisions\/312815"}],"wp:featuredmedia":[{"embeddable":true,"href":"https:\/\/www.eldiario.net\/portal\/wp-json\/wp\/v2\/media\/312810"}],"wp:attachment":[{"href":"https:\/\/www.eldiario.net\/portal\/wp-json\/wp\/v2\/media?parent=312809"}],"wp:term":[{"taxonomy":"category","embeddable":true,"href":"https:\/\/www.eldiario.net\/portal\/wp-json\/wp\/v2\/categories?post=312809"},{"taxonomy":"post_tag","embeddable":true,"href":"https:\/\/www.eldiario.net\/portal\/wp-json\/wp\/v2\/tags?post=312809"}],"curies":[{"name":"wp","href":"https:\/\/api.w.org\/{rel}","templated":true}]}}