{"id":312658,"date":"2025-06-28T06:02:08","date_gmt":"2025-06-28T10:02:08","guid":{"rendered":"https:\/\/www.eldiario.net\/portal\/?p=312658"},"modified":"2025-06-28T06:02:08","modified_gmt":"2025-06-28T10:02:08","slug":"comienza-el-rodaje-de-la-pelicula-un-milagro-de-navidad-en-la-paz","status":"publish","type":"post","link":"https:\/\/www.eldiario.net\/portal\/2025\/06\/28\/comienza-el-rodaje-de-la-pelicula-un-milagro-de-navidad-en-la-paz\/","title":{"rendered":"Comienza el rodaje de la pel\u00edcula \u201cUn milagro de Navidad en La Paz\u201d"},"content":{"rendered":"<p>El rodaje de la primera pel\u00edcula boliviana rom\u00e1ntica navide\u00f1a \u201cUn milagro de Navidad en La Paz\u201d comienza este lunes 30, inform\u00f3 a EL DIARIO, Carla Ortiz Oporto, productora y protagonista de la cinta.<br \/>\nLa pel\u00edcula cuenta con la participaci\u00f3n de actores de Netflix y Amazon Prime como Jes\u00fas Castro (Espa\u00f1a), gal\u00e1n de la exitosa serie Diario de un Gigol\u00f3 y de la taquillera pel\u00edcula El Ni\u00f1o; Daniela Ram\u00edrez (Chile), aclamada por su papel protag\u00f3nico como Isabel Allende en la serie Isabel; Nico Ponce (Per\u00fa), muy querido por el p\u00fablico latinoamericano gracias a su rol en Contigo Capit\u00e1n; Mario Cortijo (Per\u00fa), reconocido por su destacada actuaci\u00f3n en \u201cTu nombre y el m\u00edo\u201d y la propia Carla Ortiz, como Alma, el alma de esta historia profundamente boliviana.<br \/>\nLa cinta, producida por Flor de Loto Producciones, celebrar\u00e1 el amor, la esperanza y la magia navide\u00f1a.<br \/>\nSe trata de una historia llena de encanto, segundas oportunidades y corazones entrelazados en medio de las luces y tradiciones de la Navidad, acompa\u00f1ada por un elenco boliviano de grandes talentos art\u00edsticos y un equipo de producci\u00f3n nacional comprometido con el cine de calidad.<br \/>\nAmbientada en la ciudad de La Paz y El Alto esta pel\u00edcula ofrece no solo una historia emotiva y divertida, sino tambi\u00e9n una ventana al esp\u00edritu c\u00e1lido y vibrante de una ciudad que se convierte en un personaje m\u00e1s dentro del relato.<br \/>\n\u201cUn Milagro de Navidad\u201d promete conquistar al p\u00fablico con su mezcla de romance, humor y emoci\u00f3n, reafirmando que en la \u00e9poca m\u00e1s m\u00e1gica del a\u00f1o, los milagros s\u00ed pueden suceder (\u2026) y el amor puede estar m\u00e1s cerca de lo que imaginamos.<br \/>\nEl inicio del rodaje fue anunciado acto en el C\u00edrculo de la Uni\u00f3n, encabezado por el presidente de la Federaci\u00f3n de Empresarios Privados de La Paz (Feplp), Rolando Kempff, quien hizo entrega a Carla Ortiz de la medalla m\u00e1s alta otorgada al sector empresarial. Tambi\u00e9n estuvo presente Ricardo Barrientos, presidente de la Sociedad Boliviana de Cemento (Soboce), quien felicit\u00f3 a la actriz boliviana. La pel\u00edcula se perfila as\u00ed como uno de los estrenos m\u00e1s esperados de la pr\u00f3xima temporada navide\u00f1a.<\/p>\n\r\n                <style type=\"text\/css\">\r\n                    \r\n                    #tdi_1  .td-doubleSlider-2 .td-item1 {\r\n                        background: url(https:\/\/www.eldiario.net\/portal\/wp-content\/uploads\/2025\/06\/71-NAL-3-80x60.webp) 0 0 no-repeat;\r\n                    }\r\n                    #tdi_1  .td-doubleSlider-2 .td-item2 {\r\n                        background: url(https:\/\/www.eldiario.net\/portal\/wp-content\/uploads\/2025\/06\/70-NAL-3-80x60.webp) 0 0 no-repeat;\r\n                    }\r\n                <\/style>\r\n\r\n                <div id=\"tdi_1\" class=\"td-gallery td-slide-on-2-columns\">\r\n                    <div class=\"post_td_gallery\">\r\n                        <div class=\"td-gallery-slide-top\">\r\n                           <div class=\"td-gallery-title\"><\/div>\r\n\r\n                            <div class=\"td-gallery-controls-wrapper\">\r\n                                <div class=\"td-gallery-slide-count\"><span class=\"td-gallery-slide-item-focus\">1<\/span> de 2<\/div>\r\n                                <div class=\"td-gallery-slide-prev-next-but\">\r\n                                    <i class = \"td-icon-left doubleSliderPrevButton\"><\/i>\r\n                                    <i class = \"td-icon-right doubleSliderNextButton\"><\/i>\r\n                                <\/div>\r\n                            <\/div>\r\n                        <\/div>\r\n\r\n                        <div class = \"td-doubleSlider-1 \">\r\n                            <div class = \"td-slider\">\r\n                                \r\n                    <div class = \"td-slide-item td-item1\">\r\n                        <figure class=\"td-slide-galery-figure td-slide-popup-gallery\">\r\n                            <a class=\"slide-gallery-image-link\" href=\"https:\/\/www.eldiario.net\/portal\/wp-content\/uploads\/2025\/06\/71-NAL-3-scaled.webp\" title=\"71-NAL\"  data-caption=\"el presidente de la Federaci\u00f3n de Empresarios Privados de La Paz, Rolando Kempff, entrega a Carla Ortiz la m\u00e1s alta distinci\u00f3n del sector empresarial.\"  data-description=\"\">\r\n                                <img decoding=\"async\" src=\"https:\/\/www.eldiario.net\/portal\/wp-content\/uploads\/2025\/06\/71-NAL-3-630x420.webp\" srcset=\"https:\/\/www.eldiario.net\/portal\/wp-content\/uploads\/2025\/06\/71-NAL-3-630x420.webp 630w, https:\/\/www.eldiario.net\/portal\/wp-content\/uploads\/2025\/06\/71-NAL-3-300x200.webp 300w, https:\/\/www.eldiario.net\/portal\/wp-content\/uploads\/2025\/06\/71-NAL-3-1024x683.webp 1024w, https:\/\/www.eldiario.net\/portal\/wp-content\/uploads\/2025\/06\/71-NAL-3-768x512.webp 768w, https:\/\/www.eldiario.net\/portal\/wp-content\/uploads\/2025\/06\/71-NAL-3-1536x1024.webp 1536w, https:\/\/www.eldiario.net\/portal\/wp-content\/uploads\/2025\/06\/71-NAL-3-2048x1366.webp 2048w, https:\/\/www.eldiario.net\/portal\/wp-content\/uploads\/2025\/06\/71-NAL-3-696x464.webp 696w, https:\/\/www.eldiario.net\/portal\/wp-content\/uploads\/2025\/06\/71-NAL-3-1068x712.webp 1068w, https:\/\/www.eldiario.net\/portal\/wp-content\/uploads\/2025\/06\/71-NAL-3-1920x1281.webp 1920w\" sizes=\"(max-width: 630px) 100vw, 630px\" alt=\"\">\r\n                            <\/a>\r\n                            <figcaption class = \"td-slide-caption td-gallery-slide-content\"><div class = \"td-gallery-slide-copywrite\">el presidente de la Federaci\u00f3n de Empresarios Privados de La Paz, Rolando Kempff, entrega a Carla Ortiz la m\u00e1s alta distinci\u00f3n del sector empresarial.<\/div><\/figcaption>\r\n                        <\/figure>\r\n                    <\/div>\r\n                    <div class = \"td-slide-item td-item2\">\r\n                        <figure class=\"td-slide-galery-figure td-slide-popup-gallery\">\r\n                            <a class=\"slide-gallery-image-link\" href=\"https:\/\/www.eldiario.net\/portal\/wp-content\/uploads\/2025\/06\/70-NAL-3-scaled.webp\" title=\"70-NAL\"  data-caption=\" ACTORES, ACTRICES Y ALGUNOS DE LOS AUSPICIADORES DE LA NUEVA PEL\u00cdCULA BOLIVIANA.\"  data-description=\"\">\r\n                                <img decoding=\"async\" src=\"https:\/\/www.eldiario.net\/portal\/wp-content\/uploads\/2025\/06\/70-NAL-3-630x420.webp\" srcset=\"https:\/\/www.eldiario.net\/portal\/wp-content\/uploads\/2025\/06\/70-NAL-3-630x420.webp 630w, https:\/\/www.eldiario.net\/portal\/wp-content\/uploads\/2025\/06\/70-NAL-3-300x200.webp 300w, https:\/\/www.eldiario.net\/portal\/wp-content\/uploads\/2025\/06\/70-NAL-3-1024x683.webp 1024w, https:\/\/www.eldiario.net\/portal\/wp-content\/uploads\/2025\/06\/70-NAL-3-768x512.webp 768w, https:\/\/www.eldiario.net\/portal\/wp-content\/uploads\/2025\/06\/70-NAL-3-1536x1024.webp 1536w, https:\/\/www.eldiario.net\/portal\/wp-content\/uploads\/2025\/06\/70-NAL-3-2048x1366.webp 2048w, https:\/\/www.eldiario.net\/portal\/wp-content\/uploads\/2025\/06\/70-NAL-3-696x464.webp 696w, https:\/\/www.eldiario.net\/portal\/wp-content\/uploads\/2025\/06\/70-NAL-3-1068x712.webp 1068w, https:\/\/www.eldiario.net\/portal\/wp-content\/uploads\/2025\/06\/70-NAL-3-1920x1281.webp 1920w\" sizes=\"(max-width: 630px) 100vw, 630px\" alt=\"\">\r\n                            <\/a>\r\n                            <figcaption class = \"td-slide-caption td-gallery-slide-content\"><div class = \"td-gallery-slide-copywrite\"> ACTORES, ACTRICES Y ALGUNOS DE LOS AUSPICIADORES DE LA NUEVA PEL\u00cdCULA BOLIVIANA.<\/div><\/figcaption>\r\n                        <\/figure>\r\n                    <\/div>\r\n                            <\/div>\r\n                        <\/div>\r\n\r\n                        <div class = \"td-doubleSlider-2\">\r\n                            <div class = \"td-slider\">\r\n                                \r\n                    <div class = \"td-button td-item1\">\r\n                        <div class = \"td-border\"><\/div>\r\n                    <\/div>\r\n                    <div class = \"td-button td-item2\">\r\n                        <div class = \"td-border\"><\/div>\r\n                    <\/div>\r\n                            <\/div>\r\n                        <\/div>\r\n\r\n                    <\/div>\r\n\r\n                <\/div>\r\n                \n","protected":false},"excerpt":{"rendered":"<p>El rodaje de la primera pel\u00edcula boliviana rom\u00e1ntica navide\u00f1a \u201cUn milagro de Navidad en La Paz\u201d comienza este lunes 30, inform\u00f3 a EL DIARIO, Carla Ortiz Oporto, productora y protagonista de la cinta. La pel\u00edcula cuenta con la participaci\u00f3n de actores de Netflix y Amazon Prime como Jes\u00fas Castro (Espa\u00f1a), gal\u00e1n de la exitosa serie [&hellip;]<\/p>\n","protected":false},"author":1,"featured_media":312660,"comment_status":"closed","ping_status":"open","sticky":false,"template":"","format":"standard","meta":{"_acf_changed":false,"footnotes":""},"categories":[12],"tags":[],"class_list":["post-312658","post","type-post","status-publish","format-standard","has-post-thumbnail","category-nacional"],"acf":{"antetitulo":""},"yoast_head":"<!-- This site is optimized with the Yoast SEO plugin v28.4 - https:\/\/yoast.com\/product\/yoast-seo-wordpress\/ -->\n<title>Comienza el rodaje de la pel\u00edcula \u201cUn milagro de Navidad en La Paz\u201d - El Diario - Bolivia<\/title>\n<meta name=\"robots\" content=\"index, follow, max-snippet:-1, max-image-preview:large, max-video-preview:-1\" \/>\n<link rel=\"canonical\" href=\"https:\/\/www.eldiario.net\/portal\/2025\/06\/28\/comienza-el-rodaje-de-la-pelicula-un-milagro-de-navidad-en-la-paz\/\" \/>\n<meta property=\"og:locale\" content=\"es_ES\" \/>\n<meta property=\"og:type\" content=\"article\" \/>\n<meta property=\"og:title\" content=\"Comienza el rodaje de la pel\u00edcula \u201cUn milagro de Navidad en La Paz\u201d - El Diario - Bolivia\" \/>\n<meta property=\"og:description\" content=\"El rodaje de la primera pel\u00edcula boliviana rom\u00e1ntica navide\u00f1a \u201cUn milagro de Navidad en La Paz\u201d comienza este lunes 30, inform\u00f3 a EL DIARIO, Carla Ortiz Oporto, productora y protagonista de la cinta. La pel\u00edcula cuenta con la participaci\u00f3n de actores de Netflix y Amazon Prime como Jes\u00fas Castro (Espa\u00f1a), gal\u00e1n de la exitosa serie [&hellip;]\" \/>\n<meta property=\"og:url\" content=\"https:\/\/www.eldiario.net\/portal\/2025\/06\/28\/comienza-el-rodaje-de-la-pelicula-un-milagro-de-navidad-en-la-paz\/\" \/>\n<meta property=\"og:site_name\" content=\"El Diario - Bolivia\" \/>\n<meta property=\"article:publisher\" content=\"https:\/\/www.facebook.com\/eldiario.bolivia\/\" \/>\n<meta property=\"article:published_time\" content=\"2025-06-28T10:02:08+00:00\" \/>\n<meta property=\"og:image\" content=\"https:\/\/www.eldiario.net\/portal\/wp-content\/uploads\/2025\/06\/70-NAL-3-scaled.webp\" \/>\n\t<meta property=\"og:image:width\" content=\"2560\" \/>\n\t<meta property=\"og:image:height\" content=\"1707\" \/>\n\t<meta property=\"og:image:type\" content=\"image\/webp\" \/>\n<meta name=\"author\" content=\"Jeanette\" \/>\n<meta name=\"twitter:card\" content=\"summary_large_image\" \/>\n<meta name=\"twitter:creator\" content=\"@eldiario_net\" \/>\n<meta name=\"twitter:site\" content=\"@eldiario_net\" \/>\n<meta name=\"twitter:label1\" content=\"Escrito por\" \/>\n\t<meta name=\"twitter:data1\" content=\"Jeanette\" \/>\n\t<meta name=\"twitter:label2\" content=\"Tiempo de lectura\" \/>\n\t<meta name=\"twitter:data2\" content=\"2 minutos\" \/>\n<script type=\"application\/ld+json\" class=\"yoast-schema-graph\">{\"@context\":\"https:\\\/\\\/schema.org\",\"@graph\":[{\"@type\":\"Article\",\"@id\":\"https:\\\/\\\/www.eldiario.net\\\/portal\\\/2025\\\/06\\\/28\\\/comienza-el-rodaje-de-la-pelicula-un-milagro-de-navidad-en-la-paz\\\/#article\",\"isPartOf\":{\"@id\":\"https:\\\/\\\/www.eldiario.net\\\/portal\\\/2025\\\/06\\\/28\\\/comienza-el-rodaje-de-la-pelicula-un-milagro-de-navidad-en-la-paz\\\/\"},\"author\":{\"name\":\"Jeanette\",\"@id\":\"https:\\\/\\\/www.eldiario.net\\\/portal\\\/#\\\/schema\\\/person\\\/2c57cf2b7a7ae032e449e4c9b1019eac\"},\"headline\":\"Comienza el rodaje de la pel\u00edcula \u201cUn milagro de Navidad en La Paz\u201d\",\"datePublished\":\"2025-06-28T10:02:08+00:00\",\"mainEntityOfPage\":{\"@id\":\"https:\\\/\\\/www.eldiario.net\\\/portal\\\/2025\\\/06\\\/28\\\/comienza-el-rodaje-de-la-pelicula-un-milagro-de-navidad-en-la-paz\\\/\"},\"wordCount\":411,\"publisher\":{\"@id\":\"https:\\\/\\\/www.eldiario.net\\\/portal\\\/#organization\"},\"image\":{\"@id\":\"https:\\\/\\\/www.eldiario.net\\\/portal\\\/2025\\\/06\\\/28\\\/comienza-el-rodaje-de-la-pelicula-un-milagro-de-navidad-en-la-paz\\\/#primaryimage\"},\"thumbnailUrl\":\"https:\\\/\\\/www.eldiario.net\\\/portal\\\/wp-content\\\/uploads\\\/2025\\\/06\\\/70-NAL-3-scaled.webp\",\"articleSection\":[\"Nacional\"],\"inLanguage\":\"es\"},{\"@type\":\"WebPage\",\"@id\":\"https:\\\/\\\/www.eldiario.net\\\/portal\\\/2025\\\/06\\\/28\\\/comienza-el-rodaje-de-la-pelicula-un-milagro-de-navidad-en-la-paz\\\/\",\"url\":\"https:\\\/\\\/www.eldiario.net\\\/portal\\\/2025\\\/06\\\/28\\\/comienza-el-rodaje-de-la-pelicula-un-milagro-de-navidad-en-la-paz\\\/\",\"name\":\"Comienza el rodaje de la pel\u00edcula \u201cUn milagro de Navidad en La Paz\u201d - El Diario - Bolivia\",\"isPartOf\":{\"@id\":\"https:\\\/\\\/www.eldiario.net\\\/portal\\\/#website\"},\"primaryImageOfPage\":{\"@id\":\"https:\\\/\\\/www.eldiario.net\\\/portal\\\/2025\\\/06\\\/28\\\/comienza-el-rodaje-de-la-pelicula-un-milagro-de-navidad-en-la-paz\\\/#primaryimage\"},\"image\":{\"@id\":\"https:\\\/\\\/www.eldiario.net\\\/portal\\\/2025\\\/06\\\/28\\\/comienza-el-rodaje-de-la-pelicula-un-milagro-de-navidad-en-la-paz\\\/#primaryimage\"},\"thumbnailUrl\":\"https:\\\/\\\/www.eldiario.net\\\/portal\\\/wp-content\\\/uploads\\\/2025\\\/06\\\/70-NAL-3-scaled.webp\",\"datePublished\":\"2025-06-28T10:02:08+00:00\",\"breadcrumb\":{\"@id\":\"https:\\\/\\\/www.eldiario.net\\\/portal\\\/2025\\\/06\\\/28\\\/comienza-el-rodaje-de-la-pelicula-un-milagro-de-navidad-en-la-paz\\\/#breadcrumb\"},\"inLanguage\":\"es\",\"potentialAction\":[{\"@type\":\"ReadAction\",\"target\":[\"https:\\\/\\\/www.eldiario.net\\\/portal\\\/2025\\\/06\\\/28\\\/comienza-el-rodaje-de-la-pelicula-un-milagro-de-navidad-en-la-paz\\\/\"]}]},{\"@type\":\"ImageObject\",\"inLanguage\":\"es\",\"@id\":\"https:\\\/\\\/www.eldiario.net\\\/portal\\\/2025\\\/06\\\/28\\\/comienza-el-rodaje-de-la-pelicula-un-milagro-de-navidad-en-la-paz\\\/#primaryimage\",\"url\":\"https:\\\/\\\/www.eldiario.net\\\/portal\\\/wp-content\\\/uploads\\\/2025\\\/06\\\/70-NAL-3-scaled.webp\",\"contentUrl\":\"https:\\\/\\\/www.eldiario.net\\\/portal\\\/wp-content\\\/uploads\\\/2025\\\/06\\\/70-NAL-3-scaled.webp\",\"width\":2560,\"height\":1707,\"caption\":\"ACTORES, ACTRICES Y ALGUNOS DE LOS AUSPICIADORES DE LA NUEVA PEL\u00cdCULA BOLIVIANA.\"},{\"@type\":\"BreadcrumbList\",\"@id\":\"https:\\\/\\\/www.eldiario.net\\\/portal\\\/2025\\\/06\\\/28\\\/comienza-el-rodaje-de-la-pelicula-un-milagro-de-navidad-en-la-paz\\\/#breadcrumb\",\"itemListElement\":[{\"@type\":\"ListItem\",\"position\":1,\"name\":\"Portada\",\"item\":\"https:\\\/\\\/www.eldiario.net\\\/portal\\\/\"},{\"@type\":\"ListItem\",\"position\":2,\"name\":\"Comienza el rodaje de la pel\u00edcula \u201cUn milagro de Navidad en La Paz\u201d\"}]},{\"@type\":\"WebSite\",\"@id\":\"https:\\\/\\\/www.eldiario.net\\\/portal\\\/#website\",\"url\":\"https:\\\/\\\/www.eldiario.net\\\/portal\\\/\",\"name\":\"El Diario - Decano de la prensa nacional\",\"description\":\"El Diario - Decano de la prensa nacional\",\"publisher\":{\"@id\":\"https:\\\/\\\/www.eldiario.net\\\/portal\\\/#organization\"},\"potentialAction\":[{\"@type\":\"SearchAction\",\"target\":{\"@type\":\"EntryPoint\",\"urlTemplate\":\"https:\\\/\\\/www.eldiario.net\\\/portal\\\/?s={search_term_string}\"},\"query-input\":{\"@type\":\"PropertyValueSpecification\",\"valueRequired\":true,\"valueName\":\"search_term_string\"}}],\"inLanguage\":\"es\"},{\"@type\":\"Organization\",\"@id\":\"https:\\\/\\\/www.eldiario.net\\\/portal\\\/#organization\",\"name\":\"El Diario - Decano de la prensa nacional\",\"url\":\"https:\\\/\\\/www.eldiario.net\\\/portal\\\/\",\"logo\":{\"@type\":\"ImageObject\",\"inLanguage\":\"es\",\"@id\":\"https:\\\/\\\/www.eldiario.net\\\/portal\\\/#\\\/schema\\\/logo\\\/image\\\/\",\"url\":\"https:\\\/\\\/www.eldiario.net\\\/portal\\\/wp-content\\\/uploads\\\/2023\\\/07\\\/logo_ED.jpg\",\"contentUrl\":\"https:\\\/\\\/www.eldiario.net\\\/portal\\\/wp-content\\\/uploads\\\/2023\\\/07\\\/logo_ED.jpg\",\"width\":272,\"height\":52,\"caption\":\"El Diario - Decano de la prensa nacional\"},\"image\":{\"@id\":\"https:\\\/\\\/www.eldiario.net\\\/portal\\\/#\\\/schema\\\/logo\\\/image\\\/\"},\"sameAs\":[\"https:\\\/\\\/www.facebook.com\\\/eldiario.bolivia\\\/\",\"https:\\\/\\\/x.com\\\/eldiario_net\"]},{\"@type\":\"Person\",\"@id\":\"https:\\\/\\\/www.eldiario.net\\\/portal\\\/#\\\/schema\\\/person\\\/2c57cf2b7a7ae032e449e4c9b1019eac\",\"name\":\"Jeanette\",\"image\":{\"@type\":\"ImageObject\",\"inLanguage\":\"es\",\"@id\":\"https:\\\/\\\/secure.gravatar.com\\\/avatar\\\/3ea2118a5f7dad2b7138b1187a6b7ee55f160b9968b66013c3a3ef39dd7e5798?s=96&d=mm&r=g\",\"url\":\"https:\\\/\\\/secure.gravatar.com\\\/avatar\\\/3ea2118a5f7dad2b7138b1187a6b7ee55f160b9968b66013c3a3ef39dd7e5798?s=96&d=mm&r=g\",\"contentUrl\":\"https:\\\/\\\/secure.gravatar.com\\\/avatar\\\/3ea2118a5f7dad2b7138b1187a6b7ee55f160b9968b66013c3a3ef39dd7e5798?s=96&d=mm&r=g\",\"caption\":\"Jeanette\"},\"sameAs\":[\"https:\\\/\\\/www.eldiario.net\\\/portal\"],\"url\":\"https:\\\/\\\/www.eldiario.net\\\/portal\\\/author\\\/jeanette\\\/\"}]}<\/script>\n<!-- \/ Yoast SEO plugin. -->","yoast_head_json":{"title":"Comienza el rodaje de la pel\u00edcula \u201cUn milagro de Navidad en La Paz\u201d - El Diario - Bolivia","robots":{"index":"index","follow":"follow","max-snippet":"max-snippet:-1","max-image-preview":"max-image-preview:large","max-video-preview":"max-video-preview:-1"},"canonical":"https:\/\/www.eldiario.net\/portal\/2025\/06\/28\/comienza-el-rodaje-de-la-pelicula-un-milagro-de-navidad-en-la-paz\/","og_locale":"es_ES","og_type":"article","og_title":"Comienza el rodaje de la pel\u00edcula \u201cUn milagro de Navidad en La Paz\u201d - El Diario - Bolivia","og_description":"El rodaje de la primera pel\u00edcula boliviana rom\u00e1ntica navide\u00f1a \u201cUn milagro de Navidad en La Paz\u201d comienza este lunes 30, inform\u00f3 a EL DIARIO, Carla Ortiz Oporto, productora y protagonista de la cinta. La pel\u00edcula cuenta con la participaci\u00f3n de actores de Netflix y Amazon Prime como Jes\u00fas Castro (Espa\u00f1a), gal\u00e1n de la exitosa serie [&hellip;]","og_url":"https:\/\/www.eldiario.net\/portal\/2025\/06\/28\/comienza-el-rodaje-de-la-pelicula-un-milagro-de-navidad-en-la-paz\/","og_site_name":"El Diario - Bolivia","article_publisher":"https:\/\/www.facebook.com\/eldiario.bolivia\/","article_published_time":"2025-06-28T10:02:08+00:00","og_image":[{"width":2560,"height":1707,"url":"https:\/\/www.eldiario.net\/portal\/wp-content\/uploads\/2025\/06\/70-NAL-3-scaled.webp","type":"image\/webp"}],"author":"Jeanette","twitter_card":"summary_large_image","twitter_creator":"@eldiario_net","twitter_site":"@eldiario_net","twitter_misc":{"Escrito por":"Jeanette","Tiempo de lectura":"2 minutos"},"schema":{"@context":"https:\/\/schema.org","@graph":[{"@type":"Article","@id":"https:\/\/www.eldiario.net\/portal\/2025\/06\/28\/comienza-el-rodaje-de-la-pelicula-un-milagro-de-navidad-en-la-paz\/#article","isPartOf":{"@id":"https:\/\/www.eldiario.net\/portal\/2025\/06\/28\/comienza-el-rodaje-de-la-pelicula-un-milagro-de-navidad-en-la-paz\/"},"author":{"name":"Jeanette","@id":"https:\/\/www.eldiario.net\/portal\/#\/schema\/person\/2c57cf2b7a7ae032e449e4c9b1019eac"},"headline":"Comienza el rodaje de la pel\u00edcula \u201cUn milagro de Navidad en La Paz\u201d","datePublished":"2025-06-28T10:02:08+00:00","mainEntityOfPage":{"@id":"https:\/\/www.eldiario.net\/portal\/2025\/06\/28\/comienza-el-rodaje-de-la-pelicula-un-milagro-de-navidad-en-la-paz\/"},"wordCount":411,"publisher":{"@id":"https:\/\/www.eldiario.net\/portal\/#organization"},"image":{"@id":"https:\/\/www.eldiario.net\/portal\/2025\/06\/28\/comienza-el-rodaje-de-la-pelicula-un-milagro-de-navidad-en-la-paz\/#primaryimage"},"thumbnailUrl":"https:\/\/www.eldiario.net\/portal\/wp-content\/uploads\/2025\/06\/70-NAL-3-scaled.webp","articleSection":["Nacional"],"inLanguage":"es"},{"@type":"WebPage","@id":"https:\/\/www.eldiario.net\/portal\/2025\/06\/28\/comienza-el-rodaje-de-la-pelicula-un-milagro-de-navidad-en-la-paz\/","url":"https:\/\/www.eldiario.net\/portal\/2025\/06\/28\/comienza-el-rodaje-de-la-pelicula-un-milagro-de-navidad-en-la-paz\/","name":"Comienza el rodaje de la pel\u00edcula \u201cUn milagro de Navidad en La Paz\u201d - El Diario - Bolivia","isPartOf":{"@id":"https:\/\/www.eldiario.net\/portal\/#website"},"primaryImageOfPage":{"@id":"https:\/\/www.eldiario.net\/portal\/2025\/06\/28\/comienza-el-rodaje-de-la-pelicula-un-milagro-de-navidad-en-la-paz\/#primaryimage"},"image":{"@id":"https:\/\/www.eldiario.net\/portal\/2025\/06\/28\/comienza-el-rodaje-de-la-pelicula-un-milagro-de-navidad-en-la-paz\/#primaryimage"},"thumbnailUrl":"https:\/\/www.eldiario.net\/portal\/wp-content\/uploads\/2025\/06\/70-NAL-3-scaled.webp","datePublished":"2025-06-28T10:02:08+00:00","breadcrumb":{"@id":"https:\/\/www.eldiario.net\/portal\/2025\/06\/28\/comienza-el-rodaje-de-la-pelicula-un-milagro-de-navidad-en-la-paz\/#breadcrumb"},"inLanguage":"es","potentialAction":[{"@type":"ReadAction","target":["https:\/\/www.eldiario.net\/portal\/2025\/06\/28\/comienza-el-rodaje-de-la-pelicula-un-milagro-de-navidad-en-la-paz\/"]}]},{"@type":"ImageObject","inLanguage":"es","@id":"https:\/\/www.eldiario.net\/portal\/2025\/06\/28\/comienza-el-rodaje-de-la-pelicula-un-milagro-de-navidad-en-la-paz\/#primaryimage","url":"https:\/\/www.eldiario.net\/portal\/wp-content\/uploads\/2025\/06\/70-NAL-3-scaled.webp","contentUrl":"https:\/\/www.eldiario.net\/portal\/wp-content\/uploads\/2025\/06\/70-NAL-3-scaled.webp","width":2560,"height":1707,"caption":"ACTORES, ACTRICES Y ALGUNOS DE LOS AUSPICIADORES DE LA NUEVA PEL\u00cdCULA BOLIVIANA."},{"@type":"BreadcrumbList","@id":"https:\/\/www.eldiario.net\/portal\/2025\/06\/28\/comienza-el-rodaje-de-la-pelicula-un-milagro-de-navidad-en-la-paz\/#breadcrumb","itemListElement":[{"@type":"ListItem","position":1,"name":"Portada","item":"https:\/\/www.eldiario.net\/portal\/"},{"@type":"ListItem","position":2,"name":"Comienza el rodaje de la pel\u00edcula \u201cUn milagro de Navidad en La Paz\u201d"}]},{"@type":"WebSite","@id":"https:\/\/www.eldiario.net\/portal\/#website","url":"https:\/\/www.eldiario.net\/portal\/","name":"El Diario - Decano de la prensa nacional","description":"El Diario - Decano de la prensa nacional","publisher":{"@id":"https:\/\/www.eldiario.net\/portal\/#organization"},"potentialAction":[{"@type":"SearchAction","target":{"@type":"EntryPoint","urlTemplate":"https:\/\/www.eldiario.net\/portal\/?s={search_term_string}"},"query-input":{"@type":"PropertyValueSpecification","valueRequired":true,"valueName":"search_term_string"}}],"inLanguage":"es"},{"@type":"Organization","@id":"https:\/\/www.eldiario.net\/portal\/#organization","name":"El Diario - Decano de la prensa nacional","url":"https:\/\/www.eldiario.net\/portal\/","logo":{"@type":"ImageObject","inLanguage":"es","@id":"https:\/\/www.eldiario.net\/portal\/#\/schema\/logo\/image\/","url":"https:\/\/www.eldiario.net\/portal\/wp-content\/uploads\/2023\/07\/logo_ED.jpg","contentUrl":"https:\/\/www.eldiario.net\/portal\/wp-content\/uploads\/2023\/07\/logo_ED.jpg","width":272,"height":52,"caption":"El Diario - Decano de la prensa nacional"},"image":{"@id":"https:\/\/www.eldiario.net\/portal\/#\/schema\/logo\/image\/"},"sameAs":["https:\/\/www.facebook.com\/eldiario.bolivia\/","https:\/\/x.com\/eldiario_net"]},{"@type":"Person","@id":"https:\/\/www.eldiario.net\/portal\/#\/schema\/person\/2c57cf2b7a7ae032e449e4c9b1019eac","name":"Jeanette","image":{"@type":"ImageObject","inLanguage":"es","@id":"https:\/\/secure.gravatar.com\/avatar\/3ea2118a5f7dad2b7138b1187a6b7ee55f160b9968b66013c3a3ef39dd7e5798?s=96&d=mm&r=g","url":"https:\/\/secure.gravatar.com\/avatar\/3ea2118a5f7dad2b7138b1187a6b7ee55f160b9968b66013c3a3ef39dd7e5798?s=96&d=mm&r=g","contentUrl":"https:\/\/secure.gravatar.com\/avatar\/3ea2118a5f7dad2b7138b1187a6b7ee55f160b9968b66013c3a3ef39dd7e5798?s=96&d=mm&r=g","caption":"Jeanette"},"sameAs":["https:\/\/www.eldiario.net\/portal"],"url":"https:\/\/www.eldiario.net\/portal\/author\/jeanette\/"}]}},"_links":{"self":[{"href":"https:\/\/www.eldiario.net\/portal\/wp-json\/wp\/v2\/posts\/312658","targetHints":{"allow":["GET"]}}],"collection":[{"href":"https:\/\/www.eldiario.net\/portal\/wp-json\/wp\/v2\/posts"}],"about":[{"href":"https:\/\/www.eldiario.net\/portal\/wp-json\/wp\/v2\/types\/post"}],"author":[{"embeddable":true,"href":"https:\/\/www.eldiario.net\/portal\/wp-json\/wp\/v2\/users\/1"}],"replies":[{"embeddable":true,"href":"https:\/\/www.eldiario.net\/portal\/wp-json\/wp\/v2\/comments?post=312658"}],"version-history":[{"count":1,"href":"https:\/\/www.eldiario.net\/portal\/wp-json\/wp\/v2\/posts\/312658\/revisions"}],"predecessor-version":[{"id":312661,"href":"https:\/\/www.eldiario.net\/portal\/wp-json\/wp\/v2\/posts\/312658\/revisions\/312661"}],"wp:featuredmedia":[{"embeddable":true,"href":"https:\/\/www.eldiario.net\/portal\/wp-json\/wp\/v2\/media\/312660"}],"wp:attachment":[{"href":"https:\/\/www.eldiario.net\/portal\/wp-json\/wp\/v2\/media?parent=312658"}],"wp:term":[{"taxonomy":"category","embeddable":true,"href":"https:\/\/www.eldiario.net\/portal\/wp-json\/wp\/v2\/categories?post=312658"},{"taxonomy":"post_tag","embeddable":true,"href":"https:\/\/www.eldiario.net\/portal\/wp-json\/wp\/v2\/tags?post=312658"}],"curies":[{"name":"wp","href":"https:\/\/api.w.org\/{rel}","templated":true}]}}