{"id":312655,"date":"2025-06-28T06:01:06","date_gmt":"2025-06-28T10:01:06","guid":{"rendered":"https:\/\/www.eldiario.net\/portal\/?p=312655"},"modified":"2025-06-28T06:01:06","modified_gmt":"2025-06-28T10:01:06","slug":"sedes-pide-declaratoria-de-desastre-en-cabezas","status":"publish","type":"post","link":"https:\/\/www.eldiario.net\/portal\/2025\/06\/28\/sedes-pide-declaratoria-de-desastre-en-cabezas\/","title":{"rendered":"Sedes pide declaratoria  de desastre en Cabezas"},"content":{"rendered":"<p>El director del Servicio Departamental de Salud (Sedes) de Santa Cruz, Jaime Bilbao, inform\u00f3 que hasta ayer 63 eran los casos positivos de sarampi\u00f3n que se han reportado en 11 municipios cruce\u00f1os, por lo que pidi\u00f3 que el municipio de Cabezas sea declarado en desastre.<br \/>\nAcot\u00f3 que entre las regiones donde existe gran afectaci\u00f3n est\u00e1n: El Torno, Vallegrande, Cotoca, Montero, Porongo, San Miguel de Velasco, Santa Cruz de la Sierra y Warnes, adem\u00e1s de Cabezas, que es el que tiene mayor tasa de incidencia en el departamento, por lo que se ha solicitado a las autoridades correspondientes realizar una declaratoria de desastre por esta enfermedad.<br \/>\n\u201cSe tuvo una reuni\u00f3n con el alcalde de Cabezas, se ha sugerido la declaratoria de desastre municipal para facilitar el fortalecimiento de la vacunaci\u00f3n y la b\u00fasqueda activa de nuevos casos\u201d, confirm\u00f3 Bilbao en conferencia de prensa.<br \/>\nTambi\u00e9n indic\u00f3 que hay cinco casos sospechosos, a la espera de resultados de laboratorio, adem\u00e1s, otras 61 personas est\u00e1n en vigilancia ante el riesgo de que la enfermedad se propague.<br \/>\nEl director del Sedes detall\u00f3 que m\u00e1s de 17.000 personas mayores de cinco a\u00f1os se han vacunado contra esta enfermedad, sin embargo, contin\u00faa siendo bajas las cifras de vacunaci\u00f3n entre los ni\u00f1os.<br \/>\nCon el fin de identificar el sarampi\u00f3n y distinguirla de otras enfermedades, el Ministerio de Salud y Deportes explic\u00f3 que las dos principales diferencias son la conjuntivitis y la elevada temperatura en una persona.<br \/>\nLa jefa de la Unidad de Prevenci\u00f3n y Control de Enfermedades, Roxana Salamanca, advirti\u00f3 que todas las personas con enfermedades infectocontagiosas deben ser aisladas en su domicilio.<br \/>\nEl sarampi\u00f3n es una enfermedad viral que se transmite por got\u00edculas (peque\u00f1as gotas de saliva) al momento de hablar, toser o estornudar; es altamente contagiosa ya que el virus puede mantenerse hasta por dos horas en el aire o en superficies, porque puede llegar a contagiar a 18 personas. (Santa Cruz, agencias)<\/p>\n","protected":false},"excerpt":{"rendered":"<p>El director del Servicio Departamental de Salud (Sedes) de Santa Cruz, Jaime Bilbao, inform\u00f3 que hasta ayer 63 eran los casos positivos de sarampi\u00f3n que se han reportado en 11 municipios cruce\u00f1os, por lo que pidi\u00f3 que el municipio de Cabezas sea declarado en desastre. Acot\u00f3 que entre las regiones donde existe gran afectaci\u00f3n est\u00e1n: [&hellip;]<\/p>\n","protected":false},"author":1,"featured_media":312656,"comment_status":"closed","ping_status":"open","sticky":false,"template":"","format":"standard","meta":{"_acf_changed":false,"footnotes":""},"categories":[12],"tags":[],"class_list":["post-312655","post","type-post","status-publish","format-standard","has-post-thumbnail","category-nacional"],"acf":{"antetitulo":"63 casos de sarampi\u00f3n en 11 municipios cruce\u00f1os"},"yoast_head":"<!-- This site is optimized with the Yoast SEO plugin v28.4 - https:\/\/yoast.com\/product\/yoast-seo-wordpress\/ -->\n<title>Sedes pide declaratoria de desastre en Cabezas - El Diario - Bolivia<\/title>\n<meta name=\"robots\" content=\"index, follow, max-snippet:-1, max-image-preview:large, max-video-preview:-1\" \/>\n<link rel=\"canonical\" href=\"https:\/\/www.eldiario.net\/portal\/2025\/06\/28\/sedes-pide-declaratoria-de-desastre-en-cabezas\/\" \/>\n<meta property=\"og:locale\" content=\"es_ES\" \/>\n<meta property=\"og:type\" content=\"article\" \/>\n<meta property=\"og:title\" content=\"Sedes pide declaratoria de desastre en Cabezas - El Diario - Bolivia\" \/>\n<meta property=\"og:description\" content=\"El director del Servicio Departamental de Salud (Sedes) de Santa Cruz, Jaime Bilbao, inform\u00f3 que hasta ayer 63 eran los casos positivos de sarampi\u00f3n que se han reportado en 11 municipios cruce\u00f1os, por lo que pidi\u00f3 que el municipio de Cabezas sea declarado en desastre. Acot\u00f3 que entre las regiones donde existe gran afectaci\u00f3n est\u00e1n: [&hellip;]\" \/>\n<meta property=\"og:url\" content=\"https:\/\/www.eldiario.net\/portal\/2025\/06\/28\/sedes-pide-declaratoria-de-desastre-en-cabezas\/\" \/>\n<meta property=\"og:site_name\" content=\"El Diario - Bolivia\" \/>\n<meta property=\"article:publisher\" content=\"https:\/\/www.facebook.com\/eldiario.bolivia\/\" \/>\n<meta property=\"article:published_time\" content=\"2025-06-28T10:01:06+00:00\" \/>\n<meta property=\"og:image\" content=\"https:\/\/www.eldiario.net\/portal\/wp-content\/uploads\/2025\/06\/72-NAL-3.webp\" \/>\n\t<meta property=\"og:image:width\" content=\"1280\" \/>\n\t<meta property=\"og:image:height\" content=\"545\" \/>\n\t<meta property=\"og:image:type\" content=\"image\/webp\" \/>\n<meta name=\"author\" content=\"Jeanette\" \/>\n<meta name=\"twitter:card\" content=\"summary_large_image\" \/>\n<meta name=\"twitter:creator\" content=\"@eldiario_net\" \/>\n<meta name=\"twitter:site\" content=\"@eldiario_net\" \/>\n<meta name=\"twitter:label1\" content=\"Escrito por\" \/>\n\t<meta name=\"twitter:data1\" content=\"Jeanette\" \/>\n\t<meta name=\"twitter:label2\" content=\"Tiempo de lectura\" \/>\n\t<meta name=\"twitter:data2\" content=\"2 minutos\" \/>\n<script type=\"application\/ld+json\" class=\"yoast-schema-graph\">{\"@context\":\"https:\\\/\\\/schema.org\",\"@graph\":[{\"@type\":\"Article\",\"@id\":\"https:\\\/\\\/www.eldiario.net\\\/portal\\\/2025\\\/06\\\/28\\\/sedes-pide-declaratoria-de-desastre-en-cabezas\\\/#article\",\"isPartOf\":{\"@id\":\"https:\\\/\\\/www.eldiario.net\\\/portal\\\/2025\\\/06\\\/28\\\/sedes-pide-declaratoria-de-desastre-en-cabezas\\\/\"},\"author\":{\"name\":\"Jeanette\",\"@id\":\"https:\\\/\\\/www.eldiario.net\\\/portal\\\/#\\\/schema\\\/person\\\/2c57cf2b7a7ae032e449e4c9b1019eac\"},\"headline\":\"Sedes pide declaratoria de desastre en Cabezas\",\"datePublished\":\"2025-06-28T10:01:06+00:00\",\"mainEntityOfPage\":{\"@id\":\"https:\\\/\\\/www.eldiario.net\\\/portal\\\/2025\\\/06\\\/28\\\/sedes-pide-declaratoria-de-desastre-en-cabezas\\\/\"},\"wordCount\":340,\"publisher\":{\"@id\":\"https:\\\/\\\/www.eldiario.net\\\/portal\\\/#organization\"},\"image\":{\"@id\":\"https:\\\/\\\/www.eldiario.net\\\/portal\\\/2025\\\/06\\\/28\\\/sedes-pide-declaratoria-de-desastre-en-cabezas\\\/#primaryimage\"},\"thumbnailUrl\":\"https:\\\/\\\/www.eldiario.net\\\/portal\\\/wp-content\\\/uploads\\\/2025\\\/06\\\/72-NAL-3.webp\",\"articleSection\":[\"Nacional\"],\"inLanguage\":\"es\"},{\"@type\":\"WebPage\",\"@id\":\"https:\\\/\\\/www.eldiario.net\\\/portal\\\/2025\\\/06\\\/28\\\/sedes-pide-declaratoria-de-desastre-en-cabezas\\\/\",\"url\":\"https:\\\/\\\/www.eldiario.net\\\/portal\\\/2025\\\/06\\\/28\\\/sedes-pide-declaratoria-de-desastre-en-cabezas\\\/\",\"name\":\"Sedes pide declaratoria de desastre en Cabezas - El Diario - Bolivia\",\"isPartOf\":{\"@id\":\"https:\\\/\\\/www.eldiario.net\\\/portal\\\/#website\"},\"primaryImageOfPage\":{\"@id\":\"https:\\\/\\\/www.eldiario.net\\\/portal\\\/2025\\\/06\\\/28\\\/sedes-pide-declaratoria-de-desastre-en-cabezas\\\/#primaryimage\"},\"image\":{\"@id\":\"https:\\\/\\\/www.eldiario.net\\\/portal\\\/2025\\\/06\\\/28\\\/sedes-pide-declaratoria-de-desastre-en-cabezas\\\/#primaryimage\"},\"thumbnailUrl\":\"https:\\\/\\\/www.eldiario.net\\\/portal\\\/wp-content\\\/uploads\\\/2025\\\/06\\\/72-NAL-3.webp\",\"datePublished\":\"2025-06-28T10:01:06+00:00\",\"breadcrumb\":{\"@id\":\"https:\\\/\\\/www.eldiario.net\\\/portal\\\/2025\\\/06\\\/28\\\/sedes-pide-declaratoria-de-desastre-en-cabezas\\\/#breadcrumb\"},\"inLanguage\":\"es\",\"potentialAction\":[{\"@type\":\"ReadAction\",\"target\":[\"https:\\\/\\\/www.eldiario.net\\\/portal\\\/2025\\\/06\\\/28\\\/sedes-pide-declaratoria-de-desastre-en-cabezas\\\/\"]}]},{\"@type\":\"ImageObject\",\"inLanguage\":\"es\",\"@id\":\"https:\\\/\\\/www.eldiario.net\\\/portal\\\/2025\\\/06\\\/28\\\/sedes-pide-declaratoria-de-desastre-en-cabezas\\\/#primaryimage\",\"url\":\"https:\\\/\\\/www.eldiario.net\\\/portal\\\/wp-content\\\/uploads\\\/2025\\\/06\\\/72-NAL-3.webp\",\"contentUrl\":\"https:\\\/\\\/www.eldiario.net\\\/portal\\\/wp-content\\\/uploads\\\/2025\\\/06\\\/72-NAL-3.webp\",\"width\":1280,\"height\":545,\"caption\":\"El Director del Servicio Departamental de Salud (Sedes) de Santa Cruz, Jaime Bilbao.\"},{\"@type\":\"BreadcrumbList\",\"@id\":\"https:\\\/\\\/www.eldiario.net\\\/portal\\\/2025\\\/06\\\/28\\\/sedes-pide-declaratoria-de-desastre-en-cabezas\\\/#breadcrumb\",\"itemListElement\":[{\"@type\":\"ListItem\",\"position\":1,\"name\":\"Portada\",\"item\":\"https:\\\/\\\/www.eldiario.net\\\/portal\\\/\"},{\"@type\":\"ListItem\",\"position\":2,\"name\":\"Sedes pide declaratoria de desastre en Cabezas\"}]},{\"@type\":\"WebSite\",\"@id\":\"https:\\\/\\\/www.eldiario.net\\\/portal\\\/#website\",\"url\":\"https:\\\/\\\/www.eldiario.net\\\/portal\\\/\",\"name\":\"El Diario - Decano de la prensa nacional\",\"description\":\"El Diario - Decano de la prensa nacional\",\"publisher\":{\"@id\":\"https:\\\/\\\/www.eldiario.net\\\/portal\\\/#organization\"},\"potentialAction\":[{\"@type\":\"SearchAction\",\"target\":{\"@type\":\"EntryPoint\",\"urlTemplate\":\"https:\\\/\\\/www.eldiario.net\\\/portal\\\/?s={search_term_string}\"},\"query-input\":{\"@type\":\"PropertyValueSpecification\",\"valueRequired\":true,\"valueName\":\"search_term_string\"}}],\"inLanguage\":\"es\"},{\"@type\":\"Organization\",\"@id\":\"https:\\\/\\\/www.eldiario.net\\\/portal\\\/#organization\",\"name\":\"El Diario - Decano de la prensa nacional\",\"url\":\"https:\\\/\\\/www.eldiario.net\\\/portal\\\/\",\"logo\":{\"@type\":\"ImageObject\",\"inLanguage\":\"es\",\"@id\":\"https:\\\/\\\/www.eldiario.net\\\/portal\\\/#\\\/schema\\\/logo\\\/image\\\/\",\"url\":\"https:\\\/\\\/www.eldiario.net\\\/portal\\\/wp-content\\\/uploads\\\/2023\\\/07\\\/logo_ED.jpg\",\"contentUrl\":\"https:\\\/\\\/www.eldiario.net\\\/portal\\\/wp-content\\\/uploads\\\/2023\\\/07\\\/logo_ED.jpg\",\"width\":272,\"height\":52,\"caption\":\"El Diario - Decano de la prensa nacional\"},\"image\":{\"@id\":\"https:\\\/\\\/www.eldiario.net\\\/portal\\\/#\\\/schema\\\/logo\\\/image\\\/\"},\"sameAs\":[\"https:\\\/\\\/www.facebook.com\\\/eldiario.bolivia\\\/\",\"https:\\\/\\\/x.com\\\/eldiario_net\"]},{\"@type\":\"Person\",\"@id\":\"https:\\\/\\\/www.eldiario.net\\\/portal\\\/#\\\/schema\\\/person\\\/2c57cf2b7a7ae032e449e4c9b1019eac\",\"name\":\"Jeanette\",\"image\":{\"@type\":\"ImageObject\",\"inLanguage\":\"es\",\"@id\":\"https:\\\/\\\/secure.gravatar.com\\\/avatar\\\/3ea2118a5f7dad2b7138b1187a6b7ee55f160b9968b66013c3a3ef39dd7e5798?s=96&d=mm&r=g\",\"url\":\"https:\\\/\\\/secure.gravatar.com\\\/avatar\\\/3ea2118a5f7dad2b7138b1187a6b7ee55f160b9968b66013c3a3ef39dd7e5798?s=96&d=mm&r=g\",\"contentUrl\":\"https:\\\/\\\/secure.gravatar.com\\\/avatar\\\/3ea2118a5f7dad2b7138b1187a6b7ee55f160b9968b66013c3a3ef39dd7e5798?s=96&d=mm&r=g\",\"caption\":\"Jeanette\"},\"sameAs\":[\"https:\\\/\\\/www.eldiario.net\\\/portal\"],\"url\":\"https:\\\/\\\/www.eldiario.net\\\/portal\\\/author\\\/jeanette\\\/\"}]}<\/script>\n<!-- \/ Yoast SEO plugin. -->","yoast_head_json":{"title":"Sedes pide declaratoria de desastre en Cabezas - El Diario - Bolivia","robots":{"index":"index","follow":"follow","max-snippet":"max-snippet:-1","max-image-preview":"max-image-preview:large","max-video-preview":"max-video-preview:-1"},"canonical":"https:\/\/www.eldiario.net\/portal\/2025\/06\/28\/sedes-pide-declaratoria-de-desastre-en-cabezas\/","og_locale":"es_ES","og_type":"article","og_title":"Sedes pide declaratoria de desastre en Cabezas - El Diario - Bolivia","og_description":"El director del Servicio Departamental de Salud (Sedes) de Santa Cruz, Jaime Bilbao, inform\u00f3 que hasta ayer 63 eran los casos positivos de sarampi\u00f3n que se han reportado en 11 municipios cruce\u00f1os, por lo que pidi\u00f3 que el municipio de Cabezas sea declarado en desastre. Acot\u00f3 que entre las regiones donde existe gran afectaci\u00f3n est\u00e1n: [&hellip;]","og_url":"https:\/\/www.eldiario.net\/portal\/2025\/06\/28\/sedes-pide-declaratoria-de-desastre-en-cabezas\/","og_site_name":"El Diario - Bolivia","article_publisher":"https:\/\/www.facebook.com\/eldiario.bolivia\/","article_published_time":"2025-06-28T10:01:06+00:00","og_image":[{"width":1280,"height":545,"url":"https:\/\/www.eldiario.net\/portal\/wp-content\/uploads\/2025\/06\/72-NAL-3.webp","type":"image\/webp"}],"author":"Jeanette","twitter_card":"summary_large_image","twitter_creator":"@eldiario_net","twitter_site":"@eldiario_net","twitter_misc":{"Escrito por":"Jeanette","Tiempo de lectura":"2 minutos"},"schema":{"@context":"https:\/\/schema.org","@graph":[{"@type":"Article","@id":"https:\/\/www.eldiario.net\/portal\/2025\/06\/28\/sedes-pide-declaratoria-de-desastre-en-cabezas\/#article","isPartOf":{"@id":"https:\/\/www.eldiario.net\/portal\/2025\/06\/28\/sedes-pide-declaratoria-de-desastre-en-cabezas\/"},"author":{"name":"Jeanette","@id":"https:\/\/www.eldiario.net\/portal\/#\/schema\/person\/2c57cf2b7a7ae032e449e4c9b1019eac"},"headline":"Sedes pide declaratoria de desastre en Cabezas","datePublished":"2025-06-28T10:01:06+00:00","mainEntityOfPage":{"@id":"https:\/\/www.eldiario.net\/portal\/2025\/06\/28\/sedes-pide-declaratoria-de-desastre-en-cabezas\/"},"wordCount":340,"publisher":{"@id":"https:\/\/www.eldiario.net\/portal\/#organization"},"image":{"@id":"https:\/\/www.eldiario.net\/portal\/2025\/06\/28\/sedes-pide-declaratoria-de-desastre-en-cabezas\/#primaryimage"},"thumbnailUrl":"https:\/\/www.eldiario.net\/portal\/wp-content\/uploads\/2025\/06\/72-NAL-3.webp","articleSection":["Nacional"],"inLanguage":"es"},{"@type":"WebPage","@id":"https:\/\/www.eldiario.net\/portal\/2025\/06\/28\/sedes-pide-declaratoria-de-desastre-en-cabezas\/","url":"https:\/\/www.eldiario.net\/portal\/2025\/06\/28\/sedes-pide-declaratoria-de-desastre-en-cabezas\/","name":"Sedes pide declaratoria de desastre en Cabezas - El Diario - Bolivia","isPartOf":{"@id":"https:\/\/www.eldiario.net\/portal\/#website"},"primaryImageOfPage":{"@id":"https:\/\/www.eldiario.net\/portal\/2025\/06\/28\/sedes-pide-declaratoria-de-desastre-en-cabezas\/#primaryimage"},"image":{"@id":"https:\/\/www.eldiario.net\/portal\/2025\/06\/28\/sedes-pide-declaratoria-de-desastre-en-cabezas\/#primaryimage"},"thumbnailUrl":"https:\/\/www.eldiario.net\/portal\/wp-content\/uploads\/2025\/06\/72-NAL-3.webp","datePublished":"2025-06-28T10:01:06+00:00","breadcrumb":{"@id":"https:\/\/www.eldiario.net\/portal\/2025\/06\/28\/sedes-pide-declaratoria-de-desastre-en-cabezas\/#breadcrumb"},"inLanguage":"es","potentialAction":[{"@type":"ReadAction","target":["https:\/\/www.eldiario.net\/portal\/2025\/06\/28\/sedes-pide-declaratoria-de-desastre-en-cabezas\/"]}]},{"@type":"ImageObject","inLanguage":"es","@id":"https:\/\/www.eldiario.net\/portal\/2025\/06\/28\/sedes-pide-declaratoria-de-desastre-en-cabezas\/#primaryimage","url":"https:\/\/www.eldiario.net\/portal\/wp-content\/uploads\/2025\/06\/72-NAL-3.webp","contentUrl":"https:\/\/www.eldiario.net\/portal\/wp-content\/uploads\/2025\/06\/72-NAL-3.webp","width":1280,"height":545,"caption":"El Director del Servicio Departamental de Salud (Sedes) de Santa Cruz, Jaime Bilbao."},{"@type":"BreadcrumbList","@id":"https:\/\/www.eldiario.net\/portal\/2025\/06\/28\/sedes-pide-declaratoria-de-desastre-en-cabezas\/#breadcrumb","itemListElement":[{"@type":"ListItem","position":1,"name":"Portada","item":"https:\/\/www.eldiario.net\/portal\/"},{"@type":"ListItem","position":2,"name":"Sedes pide declaratoria de desastre en Cabezas"}]},{"@type":"WebSite","@id":"https:\/\/www.eldiario.net\/portal\/#website","url":"https:\/\/www.eldiario.net\/portal\/","name":"El Diario - Decano de la prensa nacional","description":"El Diario - Decano de la prensa nacional","publisher":{"@id":"https:\/\/www.eldiario.net\/portal\/#organization"},"potentialAction":[{"@type":"SearchAction","target":{"@type":"EntryPoint","urlTemplate":"https:\/\/www.eldiario.net\/portal\/?s={search_term_string}"},"query-input":{"@type":"PropertyValueSpecification","valueRequired":true,"valueName":"search_term_string"}}],"inLanguage":"es"},{"@type":"Organization","@id":"https:\/\/www.eldiario.net\/portal\/#organization","name":"El Diario - Decano de la prensa nacional","url":"https:\/\/www.eldiario.net\/portal\/","logo":{"@type":"ImageObject","inLanguage":"es","@id":"https:\/\/www.eldiario.net\/portal\/#\/schema\/logo\/image\/","url":"https:\/\/www.eldiario.net\/portal\/wp-content\/uploads\/2023\/07\/logo_ED.jpg","contentUrl":"https:\/\/www.eldiario.net\/portal\/wp-content\/uploads\/2023\/07\/logo_ED.jpg","width":272,"height":52,"caption":"El Diario - Decano de la prensa nacional"},"image":{"@id":"https:\/\/www.eldiario.net\/portal\/#\/schema\/logo\/image\/"},"sameAs":["https:\/\/www.facebook.com\/eldiario.bolivia\/","https:\/\/x.com\/eldiario_net"]},{"@type":"Person","@id":"https:\/\/www.eldiario.net\/portal\/#\/schema\/person\/2c57cf2b7a7ae032e449e4c9b1019eac","name":"Jeanette","image":{"@type":"ImageObject","inLanguage":"es","@id":"https:\/\/secure.gravatar.com\/avatar\/3ea2118a5f7dad2b7138b1187a6b7ee55f160b9968b66013c3a3ef39dd7e5798?s=96&d=mm&r=g","url":"https:\/\/secure.gravatar.com\/avatar\/3ea2118a5f7dad2b7138b1187a6b7ee55f160b9968b66013c3a3ef39dd7e5798?s=96&d=mm&r=g","contentUrl":"https:\/\/secure.gravatar.com\/avatar\/3ea2118a5f7dad2b7138b1187a6b7ee55f160b9968b66013c3a3ef39dd7e5798?s=96&d=mm&r=g","caption":"Jeanette"},"sameAs":["https:\/\/www.eldiario.net\/portal"],"url":"https:\/\/www.eldiario.net\/portal\/author\/jeanette\/"}]}},"_links":{"self":[{"href":"https:\/\/www.eldiario.net\/portal\/wp-json\/wp\/v2\/posts\/312655","targetHints":{"allow":["GET"]}}],"collection":[{"href":"https:\/\/www.eldiario.net\/portal\/wp-json\/wp\/v2\/posts"}],"about":[{"href":"https:\/\/www.eldiario.net\/portal\/wp-json\/wp\/v2\/types\/post"}],"author":[{"embeddable":true,"href":"https:\/\/www.eldiario.net\/portal\/wp-json\/wp\/v2\/users\/1"}],"replies":[{"embeddable":true,"href":"https:\/\/www.eldiario.net\/portal\/wp-json\/wp\/v2\/comments?post=312655"}],"version-history":[{"count":1,"href":"https:\/\/www.eldiario.net\/portal\/wp-json\/wp\/v2\/posts\/312655\/revisions"}],"predecessor-version":[{"id":312657,"href":"https:\/\/www.eldiario.net\/portal\/wp-json\/wp\/v2\/posts\/312655\/revisions\/312657"}],"wp:featuredmedia":[{"embeddable":true,"href":"https:\/\/www.eldiario.net\/portal\/wp-json\/wp\/v2\/media\/312656"}],"wp:attachment":[{"href":"https:\/\/www.eldiario.net\/portal\/wp-json\/wp\/v2\/media?parent=312655"}],"wp:term":[{"taxonomy":"category","embeddable":true,"href":"https:\/\/www.eldiario.net\/portal\/wp-json\/wp\/v2\/categories?post=312655"},{"taxonomy":"post_tag","embeddable":true,"href":"https:\/\/www.eldiario.net\/portal\/wp-json\/wp\/v2\/tags?post=312655"}],"curies":[{"name":"wp","href":"https:\/\/api.w.org\/{rel}","templated":true}]}}