{"id":312652,"date":"2025-06-28T06:00:25","date_gmt":"2025-06-28T10:00:25","guid":{"rendered":"https:\/\/www.eldiario.net\/portal\/?p=312652"},"modified":"2025-06-28T06:00:25","modified_gmt":"2025-06-28T10:00:25","slug":"exigen-bs-40-millones-para-prevencion-de-desastres-e-inundaciones-en-santa-cruz","status":"publish","type":"post","link":"https:\/\/www.eldiario.net\/portal\/2025\/06\/28\/exigen-bs-40-millones-para-prevencion-de-desastres-e-inundaciones-en-santa-cruz\/","title":{"rendered":"Exigen Bs 40 millones para prevenci\u00f3n  de desastres e inundaciones en Santa Cruz"},"content":{"rendered":"<p>El director del Servicio de Encauzamiento de R\u00edos (Searpi), Luis Aguilera, explic\u00f3 sobre la importancia del desembolso de los 40 millones de bolivianos que se ten\u00eda ya aprobado para la ejecuci\u00f3n del proyecto: \u201cConstrucci\u00f3n de medidas estructurales en los r\u00edos Grande, Pira\u00ed, Chan\u00e9, Surut\u00fa, Yapacan\u00ed, Quebrada Curtiembre, Palacios y Parapet\u00ed, Ichilo &#8211; Fase VI, del departamento de Santa Cruz\u201d, que beneficiar\u00e1 a 16 municipios del departamento.<br \/>\nAguilera indic\u00f3 que en febrero de 2024, se realiz\u00f3 una reuni\u00f3n de socializaci\u00f3n y conformidad con los alcaldes de los municipios que abarca el proyecto Fase VI, que cubrir\u00e1 todo el Norte Integrado para prevenir desastres naturales e inundaciones.<br \/>\n\u201cSe pas\u00f3 todo un a\u00f1o y el 16 de diciembre de 2024 fue aprobado por el Ministerio de Medio Ambiente y Agua (MMAyA), cuando ya est\u00e1bamos en \u00e9poca de lluvia, situaci\u00f3n que afect\u00f3 pr\u00e1cticamente a 250.000 hect\u00e1reas, esto genera un alto costo para la seguridad alimentaria del pa\u00eds y la seguridad social, por tal motivo nosotros cobramos (monto aprobado) al Gobierno central a trav\u00e9s de una serie de cartas que fueron enviadas al presidente Luis Arce y la ministra Maria Nela Prada, y a quienes correspond\u00eda del nivel central\u201d, detall\u00f3.<br \/>\nConforme se van dando las crecidas de los r\u00edos, el Searpi informa el 13 de marzo de 2025, al Viceministerio de Defensa Civil, estando presentes los alcaldes de los 16 municipios, sobre la solicitud que ten\u00edan ante la situaci\u00f3n de desastre y emergencia que presentan los municipios. Luego, el 3 de abril con autoridades del Gobierno central, el gobernador en ejercicio Mario Aguilera y el equipo t\u00e9cnico, se define en una acta de reuni\u00f3n, donde inicialmente hab\u00edan pedido un financiamiento entre los 3 niveles de Gobierno, 170 millones de bolivianos para realizar los trabajos, pero para iniciar, se aprobar\u00edan 40 millones de bolivianos.<br \/>\n\u201cSobre ese monto, se realizaron reuniones con alcaldes de los municipios, una de ellas el 14 de mayo de este a\u00f1o, donde socializamos las \u00e1reas de trabajos que se ejecutar\u00edan en sus zonas afectadas. Asimismo el 30 de abril, se envi\u00f3 una nota al Viceministerio de Defensa Civil, una vez m\u00e1s cobrando los 40 millones de bolivianos\u201d, explic\u00f3 Aguilera.<br \/>\nA esto agreg\u00f3, que el 23 de mayo a trav\u00e9s de una resoluci\u00f3n de Conarade (encargado de este tipo de emergencia) se define que enviar\u00edan a las cuentas del Searpi, 20 millones de bolivianos en una fase y luego 20 millones en una segunda fase.<br \/>\n\u201cEsto es una incoherencia, lo que se defini\u00f3 fueron 40 millones de bolivianos&#8230; Si hoy recibi\u00e9ramos esos 20 millones, estar\u00edamos concluyendo la primera fase en noviembre, en \u00e9poca de lluvia. Entonces hay un trabajo y gestiones que el Searpi ha ejecutado en los contactos directos, principalmente con el Gobierno central, que hasta el d\u00eda de hoy ha demostrado una tremenda irresponsabilidad con su accionar\u201d, refut\u00f3.<br \/>\nCon relaci\u00f3n a la inasistencia a la reuni\u00f3n con el viceministro de Defensa Civil, Juan Carlos Calvimontes y Amdecruz, explic\u00f3 que debido a un tema de agenda no pudieron estar presentes, pero s\u00ed, enviaron las notas respectivas. A\u00f1adi\u00f3 que su reuni\u00f3n fue con autoridades de la CAF, en b\u00fasqueda de financiamiento para dar respuestas a estas necesidades.<br \/>\nAl concluir, el director del Searpi reiter\u00f3 el pedido al Gobierno central de desembolsar el dinero que se ten\u00eda destinado para ejecutar los trabajos de prevenci\u00f3n en las principales cuencas del departamento.<br \/>\n\u201cPedimos responsabilidad&#8230; depositen los 40 millones de bolivianos a la cuenta del Searpi, que sabe hacer su trabajo y es responsable de las 16 cuencas hidrogr\u00e1ficas del departamento\u201d, finaliz\u00f3. (Santa Cruz, agencias)<\/p>\n","protected":false},"excerpt":{"rendered":"<p>El director del Servicio de Encauzamiento de R\u00edos (Searpi), Luis Aguilera, explic\u00f3 sobre la importancia del desembolso de los 40 millones de bolivianos que se ten\u00eda ya aprobado para la ejecuci\u00f3n del proyecto: \u201cConstrucci\u00f3n de medidas estructurales en los r\u00edos Grande, Pira\u00ed, Chan\u00e9, Surut\u00fa, Yapacan\u00ed, Quebrada Curtiembre, Palacios y Parapet\u00ed, Ichilo &#8211; Fase VI, del [&hellip;]<\/p>\n","protected":false},"author":1,"featured_media":312653,"comment_status":"closed","ping_status":"open","sticky":false,"template":"","format":"standard","meta":{"_acf_changed":false,"footnotes":""},"categories":[12],"tags":[],"class_list":["post-312652","post","type-post","status-publish","format-standard","has-post-thumbnail","category-nacional"],"acf":{"antetitulo":""},"yoast_head":"<!-- This site is optimized with the Yoast SEO plugin v28.4 - https:\/\/yoast.com\/product\/yoast-seo-wordpress\/ -->\n<title>Exigen Bs 40 millones para prevenci\u00f3n de desastres e inundaciones en Santa Cruz - El Diario - Bolivia<\/title>\n<meta name=\"robots\" content=\"index, follow, max-snippet:-1, max-image-preview:large, max-video-preview:-1\" \/>\n<link rel=\"canonical\" href=\"https:\/\/www.eldiario.net\/portal\/2025\/06\/28\/exigen-bs-40-millones-para-prevencion-de-desastres-e-inundaciones-en-santa-cruz\/\" \/>\n<meta property=\"og:locale\" content=\"es_ES\" \/>\n<meta property=\"og:type\" content=\"article\" \/>\n<meta property=\"og:title\" content=\"Exigen Bs 40 millones para prevenci\u00f3n de desastres e inundaciones en Santa Cruz - El Diario - Bolivia\" \/>\n<meta property=\"og:description\" content=\"El director del Servicio de Encauzamiento de R\u00edos (Searpi), Luis Aguilera, explic\u00f3 sobre la importancia del desembolso de los 40 millones de bolivianos que se ten\u00eda ya aprobado para la ejecuci\u00f3n del proyecto: \u201cConstrucci\u00f3n de medidas estructurales en los r\u00edos Grande, Pira\u00ed, Chan\u00e9, Surut\u00fa, Yapacan\u00ed, Quebrada Curtiembre, Palacios y Parapet\u00ed, Ichilo &#8211; Fase VI, del [&hellip;]\" \/>\n<meta property=\"og:url\" content=\"https:\/\/www.eldiario.net\/portal\/2025\/06\/28\/exigen-bs-40-millones-para-prevencion-de-desastres-e-inundaciones-en-santa-cruz\/\" \/>\n<meta property=\"og:site_name\" content=\"El Diario - Bolivia\" \/>\n<meta property=\"article:publisher\" content=\"https:\/\/www.facebook.com\/eldiario.bolivia\/\" \/>\n<meta property=\"article:published_time\" content=\"2025-06-28T10:00:25+00:00\" \/>\n<meta property=\"og:image\" content=\"https:\/\/www.eldiario.net\/portal\/wp-content\/uploads\/2025\/06\/73-NAL-3.webp\" \/>\n\t<meta property=\"og:image:width\" content=\"1600\" \/>\n\t<meta property=\"og:image:height\" content=\"1066\" \/>\n\t<meta property=\"og:image:type\" content=\"image\/webp\" \/>\n<meta name=\"author\" content=\"Jeanette\" \/>\n<meta name=\"twitter:card\" content=\"summary_large_image\" \/>\n<meta name=\"twitter:creator\" content=\"@eldiario_net\" \/>\n<meta name=\"twitter:site\" content=\"@eldiario_net\" \/>\n<meta name=\"twitter:label1\" content=\"Escrito por\" \/>\n\t<meta name=\"twitter:data1\" content=\"Jeanette\" \/>\n\t<meta name=\"twitter:label2\" content=\"Tiempo de lectura\" \/>\n\t<meta name=\"twitter:data2\" content=\"3 minutos\" \/>\n<script type=\"application\/ld+json\" class=\"yoast-schema-graph\">{\"@context\":\"https:\\\/\\\/schema.org\",\"@graph\":[{\"@type\":\"Article\",\"@id\":\"https:\\\/\\\/www.eldiario.net\\\/portal\\\/2025\\\/06\\\/28\\\/exigen-bs-40-millones-para-prevencion-de-desastres-e-inundaciones-en-santa-cruz\\\/#article\",\"isPartOf\":{\"@id\":\"https:\\\/\\\/www.eldiario.net\\\/portal\\\/2025\\\/06\\\/28\\\/exigen-bs-40-millones-para-prevencion-de-desastres-e-inundaciones-en-santa-cruz\\\/\"},\"author\":{\"name\":\"Jeanette\",\"@id\":\"https:\\\/\\\/www.eldiario.net\\\/portal\\\/#\\\/schema\\\/person\\\/f46445640444750d7d753ccd04ae01b7\"},\"headline\":\"Exigen Bs 40 millones para prevenci\u00f3n de desastres e inundaciones en Santa Cruz\",\"datePublished\":\"2025-06-28T10:00:25+00:00\",\"mainEntityOfPage\":{\"@id\":\"https:\\\/\\\/www.eldiario.net\\\/portal\\\/2025\\\/06\\\/28\\\/exigen-bs-40-millones-para-prevencion-de-desastres-e-inundaciones-en-santa-cruz\\\/\"},\"wordCount\":617,\"publisher\":{\"@id\":\"https:\\\/\\\/www.eldiario.net\\\/portal\\\/#organization\"},\"image\":{\"@id\":\"https:\\\/\\\/www.eldiario.net\\\/portal\\\/2025\\\/06\\\/28\\\/exigen-bs-40-millones-para-prevencion-de-desastres-e-inundaciones-en-santa-cruz\\\/#primaryimage\"},\"thumbnailUrl\":\"https:\\\/\\\/www.eldiario.net\\\/portal\\\/wp-content\\\/uploads\\\/2025\\\/06\\\/73-NAL-3.webp\",\"articleSection\":[\"Nacional\"],\"inLanguage\":\"es\"},{\"@type\":\"WebPage\",\"@id\":\"https:\\\/\\\/www.eldiario.net\\\/portal\\\/2025\\\/06\\\/28\\\/exigen-bs-40-millones-para-prevencion-de-desastres-e-inundaciones-en-santa-cruz\\\/\",\"url\":\"https:\\\/\\\/www.eldiario.net\\\/portal\\\/2025\\\/06\\\/28\\\/exigen-bs-40-millones-para-prevencion-de-desastres-e-inundaciones-en-santa-cruz\\\/\",\"name\":\"Exigen Bs 40 millones para prevenci\u00f3n de desastres e inundaciones en Santa Cruz - El Diario - Bolivia\",\"isPartOf\":{\"@id\":\"https:\\\/\\\/www.eldiario.net\\\/portal\\\/#website\"},\"primaryImageOfPage\":{\"@id\":\"https:\\\/\\\/www.eldiario.net\\\/portal\\\/2025\\\/06\\\/28\\\/exigen-bs-40-millones-para-prevencion-de-desastres-e-inundaciones-en-santa-cruz\\\/#primaryimage\"},\"image\":{\"@id\":\"https:\\\/\\\/www.eldiario.net\\\/portal\\\/2025\\\/06\\\/28\\\/exigen-bs-40-millones-para-prevencion-de-desastres-e-inundaciones-en-santa-cruz\\\/#primaryimage\"},\"thumbnailUrl\":\"https:\\\/\\\/www.eldiario.net\\\/portal\\\/wp-content\\\/uploads\\\/2025\\\/06\\\/73-NAL-3.webp\",\"datePublished\":\"2025-06-28T10:00:25+00:00\",\"breadcrumb\":{\"@id\":\"https:\\\/\\\/www.eldiario.net\\\/portal\\\/2025\\\/06\\\/28\\\/exigen-bs-40-millones-para-prevencion-de-desastres-e-inundaciones-en-santa-cruz\\\/#breadcrumb\"},\"inLanguage\":\"es\",\"potentialAction\":[{\"@type\":\"ReadAction\",\"target\":[\"https:\\\/\\\/www.eldiario.net\\\/portal\\\/2025\\\/06\\\/28\\\/exigen-bs-40-millones-para-prevencion-de-desastres-e-inundaciones-en-santa-cruz\\\/\"]}]},{\"@type\":\"ImageObject\",\"inLanguage\":\"es\",\"@id\":\"https:\\\/\\\/www.eldiario.net\\\/portal\\\/2025\\\/06\\\/28\\\/exigen-bs-40-millones-para-prevencion-de-desastres-e-inundaciones-en-santa-cruz\\\/#primaryimage\",\"url\":\"https:\\\/\\\/www.eldiario.net\\\/portal\\\/wp-content\\\/uploads\\\/2025\\\/06\\\/73-NAL-3.webp\",\"contentUrl\":\"https:\\\/\\\/www.eldiario.net\\\/portal\\\/wp-content\\\/uploads\\\/2025\\\/06\\\/73-NAL-3.webp\",\"width\":1600,\"height\":1066,\"caption\":\"El director del Servicio de Encauzamiento de R\u00edos (Searpi), Luis Aguilera.\"},{\"@type\":\"BreadcrumbList\",\"@id\":\"https:\\\/\\\/www.eldiario.net\\\/portal\\\/2025\\\/06\\\/28\\\/exigen-bs-40-millones-para-prevencion-de-desastres-e-inundaciones-en-santa-cruz\\\/#breadcrumb\",\"itemListElement\":[{\"@type\":\"ListItem\",\"position\":1,\"name\":\"Portada\",\"item\":\"https:\\\/\\\/www.eldiario.net\\\/portal\\\/\"},{\"@type\":\"ListItem\",\"position\":2,\"name\":\"Exigen Bs 40 millones para prevenci\u00f3n de desastres e inundaciones en Santa Cruz\"}]},{\"@type\":\"WebSite\",\"@id\":\"https:\\\/\\\/www.eldiario.net\\\/portal\\\/#website\",\"url\":\"https:\\\/\\\/www.eldiario.net\\\/portal\\\/\",\"name\":\"El Diario - Decano de la prensa nacional\",\"description\":\"El Diario - Decano de la prensa nacional\",\"publisher\":{\"@id\":\"https:\\\/\\\/www.eldiario.net\\\/portal\\\/#organization\"},\"potentialAction\":[{\"@type\":\"SearchAction\",\"target\":{\"@type\":\"EntryPoint\",\"urlTemplate\":\"https:\\\/\\\/www.eldiario.net\\\/portal\\\/?s={search_term_string}\"},\"query-input\":{\"@type\":\"PropertyValueSpecification\",\"valueRequired\":true,\"valueName\":\"search_term_string\"}}],\"inLanguage\":\"es\"},{\"@type\":\"Organization\",\"@id\":\"https:\\\/\\\/www.eldiario.net\\\/portal\\\/#organization\",\"name\":\"El Diario - Decano de la prensa nacional\",\"url\":\"https:\\\/\\\/www.eldiario.net\\\/portal\\\/\",\"logo\":{\"@type\":\"ImageObject\",\"inLanguage\":\"es\",\"@id\":\"https:\\\/\\\/www.eldiario.net\\\/portal\\\/#\\\/schema\\\/logo\\\/image\\\/\",\"url\":\"https:\\\/\\\/www.eldiario.net\\\/portal\\\/wp-content\\\/uploads\\\/2023\\\/07\\\/logo_ED.jpg\",\"contentUrl\":\"https:\\\/\\\/www.eldiario.net\\\/portal\\\/wp-content\\\/uploads\\\/2023\\\/07\\\/logo_ED.jpg\",\"width\":272,\"height\":52,\"caption\":\"El Diario - Decano de la prensa nacional\"},\"image\":{\"@id\":\"https:\\\/\\\/www.eldiario.net\\\/portal\\\/#\\\/schema\\\/logo\\\/image\\\/\"},\"sameAs\":[\"https:\\\/\\\/www.facebook.com\\\/eldiario.bolivia\\\/\",\"https:\\\/\\\/x.com\\\/eldiario_net\"]},{\"@type\":\"Person\",\"@id\":\"https:\\\/\\\/www.eldiario.net\\\/portal\\\/#\\\/schema\\\/person\\\/f46445640444750d7d753ccd04ae01b7\",\"name\":\"Jeanette\",\"image\":{\"@type\":\"ImageObject\",\"inLanguage\":\"es\",\"@id\":\"https:\\\/\\\/secure.gravatar.com\\\/avatar\\\/3ea2118a5f7dad2b7138b1187a6b7ee55f160b9968b66013c3a3ef39dd7e5798?s=96&d=mm&r=g\",\"url\":\"https:\\\/\\\/secure.gravatar.com\\\/avatar\\\/3ea2118a5f7dad2b7138b1187a6b7ee55f160b9968b66013c3a3ef39dd7e5798?s=96&d=mm&r=g\",\"contentUrl\":\"https:\\\/\\\/secure.gravatar.com\\\/avatar\\\/3ea2118a5f7dad2b7138b1187a6b7ee55f160b9968b66013c3a3ef39dd7e5798?s=96&d=mm&r=g\",\"caption\":\"Jeanette\"},\"sameAs\":[\"https:\\\/\\\/www.eldiario.net\\\/portal\"],\"url\":\"https:\\\/\\\/www.eldiario.net\\\/portal\\\/author\\\/jeanette\\\/\"}]}<\/script>\n<!-- \/ Yoast SEO plugin. -->","yoast_head_json":{"title":"Exigen Bs 40 millones para prevenci\u00f3n de desastres e inundaciones en Santa Cruz - El Diario - Bolivia","robots":{"index":"index","follow":"follow","max-snippet":"max-snippet:-1","max-image-preview":"max-image-preview:large","max-video-preview":"max-video-preview:-1"},"canonical":"https:\/\/www.eldiario.net\/portal\/2025\/06\/28\/exigen-bs-40-millones-para-prevencion-de-desastres-e-inundaciones-en-santa-cruz\/","og_locale":"es_ES","og_type":"article","og_title":"Exigen Bs 40 millones para prevenci\u00f3n de desastres e inundaciones en Santa Cruz - El Diario - Bolivia","og_description":"El director del Servicio de Encauzamiento de R\u00edos (Searpi), Luis Aguilera, explic\u00f3 sobre la importancia del desembolso de los 40 millones de bolivianos que se ten\u00eda ya aprobado para la ejecuci\u00f3n del proyecto: \u201cConstrucci\u00f3n de medidas estructurales en los r\u00edos Grande, Pira\u00ed, Chan\u00e9, Surut\u00fa, Yapacan\u00ed, Quebrada Curtiembre, Palacios y Parapet\u00ed, Ichilo &#8211; Fase VI, del [&hellip;]","og_url":"https:\/\/www.eldiario.net\/portal\/2025\/06\/28\/exigen-bs-40-millones-para-prevencion-de-desastres-e-inundaciones-en-santa-cruz\/","og_site_name":"El Diario - Bolivia","article_publisher":"https:\/\/www.facebook.com\/eldiario.bolivia\/","article_published_time":"2025-06-28T10:00:25+00:00","og_image":[{"width":1600,"height":1066,"url":"https:\/\/www.eldiario.net\/portal\/wp-content\/uploads\/2025\/06\/73-NAL-3.webp","type":"image\/webp"}],"author":"Jeanette","twitter_card":"summary_large_image","twitter_creator":"@eldiario_net","twitter_site":"@eldiario_net","twitter_misc":{"Escrito por":"Jeanette","Tiempo de lectura":"3 minutos"},"schema":{"@context":"https:\/\/schema.org","@graph":[{"@type":"Article","@id":"https:\/\/www.eldiario.net\/portal\/2025\/06\/28\/exigen-bs-40-millones-para-prevencion-de-desastres-e-inundaciones-en-santa-cruz\/#article","isPartOf":{"@id":"https:\/\/www.eldiario.net\/portal\/2025\/06\/28\/exigen-bs-40-millones-para-prevencion-de-desastres-e-inundaciones-en-santa-cruz\/"},"author":{"name":"Jeanette","@id":"https:\/\/www.eldiario.net\/portal\/#\/schema\/person\/f46445640444750d7d753ccd04ae01b7"},"headline":"Exigen Bs 40 millones para prevenci\u00f3n de desastres e inundaciones en Santa Cruz","datePublished":"2025-06-28T10:00:25+00:00","mainEntityOfPage":{"@id":"https:\/\/www.eldiario.net\/portal\/2025\/06\/28\/exigen-bs-40-millones-para-prevencion-de-desastres-e-inundaciones-en-santa-cruz\/"},"wordCount":617,"publisher":{"@id":"https:\/\/www.eldiario.net\/portal\/#organization"},"image":{"@id":"https:\/\/www.eldiario.net\/portal\/2025\/06\/28\/exigen-bs-40-millones-para-prevencion-de-desastres-e-inundaciones-en-santa-cruz\/#primaryimage"},"thumbnailUrl":"https:\/\/www.eldiario.net\/portal\/wp-content\/uploads\/2025\/06\/73-NAL-3.webp","articleSection":["Nacional"],"inLanguage":"es"},{"@type":"WebPage","@id":"https:\/\/www.eldiario.net\/portal\/2025\/06\/28\/exigen-bs-40-millones-para-prevencion-de-desastres-e-inundaciones-en-santa-cruz\/","url":"https:\/\/www.eldiario.net\/portal\/2025\/06\/28\/exigen-bs-40-millones-para-prevencion-de-desastres-e-inundaciones-en-santa-cruz\/","name":"Exigen Bs 40 millones para prevenci\u00f3n de desastres e inundaciones en Santa Cruz - El Diario - Bolivia","isPartOf":{"@id":"https:\/\/www.eldiario.net\/portal\/#website"},"primaryImageOfPage":{"@id":"https:\/\/www.eldiario.net\/portal\/2025\/06\/28\/exigen-bs-40-millones-para-prevencion-de-desastres-e-inundaciones-en-santa-cruz\/#primaryimage"},"image":{"@id":"https:\/\/www.eldiario.net\/portal\/2025\/06\/28\/exigen-bs-40-millones-para-prevencion-de-desastres-e-inundaciones-en-santa-cruz\/#primaryimage"},"thumbnailUrl":"https:\/\/www.eldiario.net\/portal\/wp-content\/uploads\/2025\/06\/73-NAL-3.webp","datePublished":"2025-06-28T10:00:25+00:00","breadcrumb":{"@id":"https:\/\/www.eldiario.net\/portal\/2025\/06\/28\/exigen-bs-40-millones-para-prevencion-de-desastres-e-inundaciones-en-santa-cruz\/#breadcrumb"},"inLanguage":"es","potentialAction":[{"@type":"ReadAction","target":["https:\/\/www.eldiario.net\/portal\/2025\/06\/28\/exigen-bs-40-millones-para-prevencion-de-desastres-e-inundaciones-en-santa-cruz\/"]}]},{"@type":"ImageObject","inLanguage":"es","@id":"https:\/\/www.eldiario.net\/portal\/2025\/06\/28\/exigen-bs-40-millones-para-prevencion-de-desastres-e-inundaciones-en-santa-cruz\/#primaryimage","url":"https:\/\/www.eldiario.net\/portal\/wp-content\/uploads\/2025\/06\/73-NAL-3.webp","contentUrl":"https:\/\/www.eldiario.net\/portal\/wp-content\/uploads\/2025\/06\/73-NAL-3.webp","width":1600,"height":1066,"caption":"El director del Servicio de Encauzamiento de R\u00edos (Searpi), Luis Aguilera."},{"@type":"BreadcrumbList","@id":"https:\/\/www.eldiario.net\/portal\/2025\/06\/28\/exigen-bs-40-millones-para-prevencion-de-desastres-e-inundaciones-en-santa-cruz\/#breadcrumb","itemListElement":[{"@type":"ListItem","position":1,"name":"Portada","item":"https:\/\/www.eldiario.net\/portal\/"},{"@type":"ListItem","position":2,"name":"Exigen Bs 40 millones para prevenci\u00f3n de desastres e inundaciones en Santa Cruz"}]},{"@type":"WebSite","@id":"https:\/\/www.eldiario.net\/portal\/#website","url":"https:\/\/www.eldiario.net\/portal\/","name":"El Diario - Decano de la prensa nacional","description":"El Diario - Decano de la prensa nacional","publisher":{"@id":"https:\/\/www.eldiario.net\/portal\/#organization"},"potentialAction":[{"@type":"SearchAction","target":{"@type":"EntryPoint","urlTemplate":"https:\/\/www.eldiario.net\/portal\/?s={search_term_string}"},"query-input":{"@type":"PropertyValueSpecification","valueRequired":true,"valueName":"search_term_string"}}],"inLanguage":"es"},{"@type":"Organization","@id":"https:\/\/www.eldiario.net\/portal\/#organization","name":"El Diario - Decano de la prensa nacional","url":"https:\/\/www.eldiario.net\/portal\/","logo":{"@type":"ImageObject","inLanguage":"es","@id":"https:\/\/www.eldiario.net\/portal\/#\/schema\/logo\/image\/","url":"https:\/\/www.eldiario.net\/portal\/wp-content\/uploads\/2023\/07\/logo_ED.jpg","contentUrl":"https:\/\/www.eldiario.net\/portal\/wp-content\/uploads\/2023\/07\/logo_ED.jpg","width":272,"height":52,"caption":"El Diario - Decano de la prensa nacional"},"image":{"@id":"https:\/\/www.eldiario.net\/portal\/#\/schema\/logo\/image\/"},"sameAs":["https:\/\/www.facebook.com\/eldiario.bolivia\/","https:\/\/x.com\/eldiario_net"]},{"@type":"Person","@id":"https:\/\/www.eldiario.net\/portal\/#\/schema\/person\/f46445640444750d7d753ccd04ae01b7","name":"Jeanette","image":{"@type":"ImageObject","inLanguage":"es","@id":"https:\/\/secure.gravatar.com\/avatar\/3ea2118a5f7dad2b7138b1187a6b7ee55f160b9968b66013c3a3ef39dd7e5798?s=96&d=mm&r=g","url":"https:\/\/secure.gravatar.com\/avatar\/3ea2118a5f7dad2b7138b1187a6b7ee55f160b9968b66013c3a3ef39dd7e5798?s=96&d=mm&r=g","contentUrl":"https:\/\/secure.gravatar.com\/avatar\/3ea2118a5f7dad2b7138b1187a6b7ee55f160b9968b66013c3a3ef39dd7e5798?s=96&d=mm&r=g","caption":"Jeanette"},"sameAs":["https:\/\/www.eldiario.net\/portal"],"url":"https:\/\/www.eldiario.net\/portal\/author\/jeanette\/"}]}},"_links":{"self":[{"href":"https:\/\/www.eldiario.net\/portal\/wp-json\/wp\/v2\/posts\/312652","targetHints":{"allow":["GET"]}}],"collection":[{"href":"https:\/\/www.eldiario.net\/portal\/wp-json\/wp\/v2\/posts"}],"about":[{"href":"https:\/\/www.eldiario.net\/portal\/wp-json\/wp\/v2\/types\/post"}],"author":[{"embeddable":true,"href":"https:\/\/www.eldiario.net\/portal\/wp-json\/wp\/v2\/users\/1"}],"replies":[{"embeddable":true,"href":"https:\/\/www.eldiario.net\/portal\/wp-json\/wp\/v2\/comments?post=312652"}],"version-history":[{"count":1,"href":"https:\/\/www.eldiario.net\/portal\/wp-json\/wp\/v2\/posts\/312652\/revisions"}],"predecessor-version":[{"id":312654,"href":"https:\/\/www.eldiario.net\/portal\/wp-json\/wp\/v2\/posts\/312652\/revisions\/312654"}],"wp:featuredmedia":[{"embeddable":true,"href":"https:\/\/www.eldiario.net\/portal\/wp-json\/wp\/v2\/media\/312653"}],"wp:attachment":[{"href":"https:\/\/www.eldiario.net\/portal\/wp-json\/wp\/v2\/media?parent=312652"}],"wp:term":[{"taxonomy":"category","embeddable":true,"href":"https:\/\/www.eldiario.net\/portal\/wp-json\/wp\/v2\/categories?post=312652"},{"taxonomy":"post_tag","embeddable":true,"href":"https:\/\/www.eldiario.net\/portal\/wp-json\/wp\/v2\/tags?post=312652"}],"curies":[{"name":"wp","href":"https:\/\/api.w.org\/{rel}","templated":true}]}}