{"id":312639,"date":"2025-06-28T05:49:44","date_gmt":"2025-06-28T09:49:44","guid":{"rendered":"https:\/\/www.eldiario.net\/portal\/?p=312639"},"modified":"2025-06-28T05:49:44","modified_gmt":"2025-06-28T09:49:44","slug":"justicia-archiva-recursos-de-inhabilitacion-de-candidatos","status":"publish","type":"post","link":"https:\/\/www.eldiario.net\/portal\/2025\/06\/28\/justicia-archiva-recursos-de-inhabilitacion-de-candidatos\/","title":{"rendered":"Justicia archiva recursos de inhabilitaci\u00f3n de candidatos"},"content":{"rendered":"<p>A menos de dos meses de las elecciones generales, la Sala Constitucional Segunda del Tribunal Departamental de Justicia de Santa Cruz determin\u00f3 el archivo de obrados de las dos acciones judiciales que intentaban inhabilitar a los candidatos presidenciales y legisladores por no haber renunciado previamente a sus cargos p\u00fablicos.<br \/>\nUna de las demandas fue presentada el 23 de junio por el abogado Ren\u00e9 Villarroel contra cinco candidatos presidenciales, la misma fue desestimada. El recurso, que ped\u00eda la inhabilitaci\u00f3n de Eva Copa, Manfred Reyes Villa, Jhonny Fern\u00e1ndez, Andr\u00f3nico Rodr\u00edguez y Rodrigo Paz Pereira por no haber renunciado a sus funciones p\u00fablicas, fue rechazado por la justicia debido a la falta de requisitos formales.<br \/>\nLa otra demanda fue presentada por el diputado cruce\u00f1o Henry Guti\u00e9rrez, de la alianza Creemos, quien el 24 de junio interpuso una Acci\u00f3n de Cumplimiento contra el presidente del Tribunal Supremo Electoral (TSE), \u00d3scar Hassenteufel, exigiendo la inhabilitaci\u00f3n de tres parlamentarias del Movimiento al Socialismo (MAS) que se postulan a la reelecci\u00f3n: Mar\u00eda Jos\u00e9 Rodr\u00edguez G\u00e1lvez, Lidia Tupa Zelaya y Miriam Mart\u00ednez Michaga.<br \/>\nEl presidente del Tribunal Departamental de Justicia de Santa Cruz, Aldo Ismael Quezada, se pronunci\u00f3 ayer sobre la acci\u00f3n de cumplimiento que busca inhabilitar a candidatos para las pr\u00f3ximas elecciones presidenciales y aclar\u00f3 que la medida cautelar solicitada fue rechazada por no cumplir con los requisitos formales establecidos.<br \/>\nEn ese marco, explic\u00f3 que la admisi\u00f3n de la acci\u00f3n de cumplimiento no significa un pronunciamiento judicial sobre su contenido de fondo ni anticipa una posici\u00f3n institucional, sino simplemente el cumplimiento de requisitos procesales. Quezada advirti\u00f3 que ni el Estado ni ning\u00fan estamento pueden intervenir en las decisiones del sistema judicial.<br \/>\nAl respecto, el vocal del Tribunal Supremo Electoral (TSE), Tahuichi Tahuichi, enfatiz\u00f3 que el proceso electoral \u201cest\u00e1 expedito\u201d tras la desestimaci\u00f3n de dos acciones contra los candidatos en carrera, una fue interpuesta en Santa Cruz y otra en La Paz.<br \/>\n\u201cEsta ma\u00f1ana (ayer) en audiencia del ciudadano Henry Guti\u00e9rrez (diputado de Creemos) retir\u00f3 la demanda en la sala constitucional tercera de Santa Cruz y hab\u00eda otra demanda en la sala constitucional primera de La Paz, planteada por Orlando Navarro, que tambi\u00e9n fue desestimada, por tanto, este proceso electoral est\u00e1 expedito\u201d, indic\u00f3 el vocal, en declaraciones a la Red Uno.<\/p>\n","protected":false},"excerpt":{"rendered":"<p>A menos de dos meses de las elecciones generales, la Sala Constitucional Segunda del Tribunal Departamental de Justicia de Santa Cruz determin\u00f3 el archivo de obrados de las dos acciones judiciales que intentaban inhabilitar a los candidatos presidenciales y legisladores por no haber renunciado previamente a sus cargos p\u00fablicos. Una de las demandas fue presentada [&hellip;]<\/p>\n","protected":false},"author":1,"featured_media":312640,"comment_status":"closed","ping_status":"open","sticky":false,"template":"","format":"standard","meta":{"_acf_changed":false,"footnotes":""},"categories":[17],"tags":[],"class_list":["post-312639","post","type-post","status-publish","format-standard","has-post-thumbnail","category-principal"],"acf":{"antetitulo":"Proceso electoral expedito para el 17 de agosto"},"yoast_head":"<!-- This site is optimized with the Yoast SEO plugin v28.4 - https:\/\/yoast.com\/product\/yoast-seo-wordpress\/ -->\n<title>Justicia archiva recursos de inhabilitaci\u00f3n de candidatos - El Diario - Bolivia<\/title>\n<meta name=\"robots\" content=\"index, follow, max-snippet:-1, max-image-preview:large, max-video-preview:-1\" \/>\n<link rel=\"canonical\" href=\"https:\/\/www.eldiario.net\/portal\/2025\/06\/28\/justicia-archiva-recursos-de-inhabilitacion-de-candidatos\/\" \/>\n<meta property=\"og:locale\" content=\"es_ES\" \/>\n<meta property=\"og:type\" content=\"article\" \/>\n<meta property=\"og:title\" content=\"Justicia archiva recursos de inhabilitaci\u00f3n de candidatos - El Diario - Bolivia\" \/>\n<meta property=\"og:description\" content=\"A menos de dos meses de las elecciones generales, la Sala Constitucional Segunda del Tribunal Departamental de Justicia de Santa Cruz determin\u00f3 el archivo de obrados de las dos acciones judiciales que intentaban inhabilitar a los candidatos presidenciales y legisladores por no haber renunciado previamente a sus cargos p\u00fablicos. Una de las demandas fue presentada [&hellip;]\" \/>\n<meta property=\"og:url\" content=\"https:\/\/www.eldiario.net\/portal\/2025\/06\/28\/justicia-archiva-recursos-de-inhabilitacion-de-candidatos\/\" \/>\n<meta property=\"og:site_name\" content=\"El Diario - Bolivia\" \/>\n<meta property=\"article:publisher\" content=\"https:\/\/www.facebook.com\/eldiario.bolivia\/\" \/>\n<meta property=\"article:published_time\" content=\"2025-06-28T09:49:44+00:00\" \/>\n<meta property=\"og:image\" content=\"https:\/\/www.eldiario.net\/portal\/wp-content\/uploads\/2025\/06\/P-1-15-cm-x-9.webp\" \/>\n\t<meta property=\"og:image:width\" content=\"1080\" \/>\n\t<meta property=\"og:image:height\" content=\"698\" \/>\n\t<meta property=\"og:image:type\" content=\"image\/webp\" \/>\n<meta name=\"author\" content=\"Jeanette\" \/>\n<meta name=\"twitter:card\" content=\"summary_large_image\" \/>\n<meta name=\"twitter:creator\" content=\"@eldiario_net\" \/>\n<meta name=\"twitter:site\" content=\"@eldiario_net\" \/>\n<meta name=\"twitter:label1\" content=\"Escrito por\" \/>\n\t<meta name=\"twitter:data1\" content=\"Jeanette\" \/>\n\t<meta name=\"twitter:label2\" content=\"Tiempo de lectura\" \/>\n\t<meta name=\"twitter:data2\" content=\"2 minutos\" \/>\n<script type=\"application\/ld+json\" class=\"yoast-schema-graph\">{\"@context\":\"https:\\\/\\\/schema.org\",\"@graph\":[{\"@type\":\"Article\",\"@id\":\"https:\\\/\\\/www.eldiario.net\\\/portal\\\/2025\\\/06\\\/28\\\/justicia-archiva-recursos-de-inhabilitacion-de-candidatos\\\/#article\",\"isPartOf\":{\"@id\":\"https:\\\/\\\/www.eldiario.net\\\/portal\\\/2025\\\/06\\\/28\\\/justicia-archiva-recursos-de-inhabilitacion-de-candidatos\\\/\"},\"author\":{\"name\":\"Jeanette\",\"@id\":\"https:\\\/\\\/www.eldiario.net\\\/portal\\\/#\\\/schema\\\/person\\\/f46445640444750d7d753ccd04ae01b7\"},\"headline\":\"Justicia archiva recursos de inhabilitaci\u00f3n de candidatos\",\"datePublished\":\"2025-06-28T09:49:44+00:00\",\"mainEntityOfPage\":{\"@id\":\"https:\\\/\\\/www.eldiario.net\\\/portal\\\/2025\\\/06\\\/28\\\/justicia-archiva-recursos-de-inhabilitacion-de-candidatos\\\/\"},\"wordCount\":406,\"publisher\":{\"@id\":\"https:\\\/\\\/www.eldiario.net\\\/portal\\\/#organization\"},\"image\":{\"@id\":\"https:\\\/\\\/www.eldiario.net\\\/portal\\\/2025\\\/06\\\/28\\\/justicia-archiva-recursos-de-inhabilitacion-de-candidatos\\\/#primaryimage\"},\"thumbnailUrl\":\"https:\\\/\\\/www.eldiario.net\\\/portal\\\/wp-content\\\/uploads\\\/2025\\\/06\\\/P-1-15-cm-x-9.webp\",\"articleSection\":[\"Principal\"],\"inLanguage\":\"es\"},{\"@type\":\"WebPage\",\"@id\":\"https:\\\/\\\/www.eldiario.net\\\/portal\\\/2025\\\/06\\\/28\\\/justicia-archiva-recursos-de-inhabilitacion-de-candidatos\\\/\",\"url\":\"https:\\\/\\\/www.eldiario.net\\\/portal\\\/2025\\\/06\\\/28\\\/justicia-archiva-recursos-de-inhabilitacion-de-candidatos\\\/\",\"name\":\"Justicia archiva recursos de inhabilitaci\u00f3n de candidatos - El Diario - Bolivia\",\"isPartOf\":{\"@id\":\"https:\\\/\\\/www.eldiario.net\\\/portal\\\/#website\"},\"primaryImageOfPage\":{\"@id\":\"https:\\\/\\\/www.eldiario.net\\\/portal\\\/2025\\\/06\\\/28\\\/justicia-archiva-recursos-de-inhabilitacion-de-candidatos\\\/#primaryimage\"},\"image\":{\"@id\":\"https:\\\/\\\/www.eldiario.net\\\/portal\\\/2025\\\/06\\\/28\\\/justicia-archiva-recursos-de-inhabilitacion-de-candidatos\\\/#primaryimage\"},\"thumbnailUrl\":\"https:\\\/\\\/www.eldiario.net\\\/portal\\\/wp-content\\\/uploads\\\/2025\\\/06\\\/P-1-15-cm-x-9.webp\",\"datePublished\":\"2025-06-28T09:49:44+00:00\",\"breadcrumb\":{\"@id\":\"https:\\\/\\\/www.eldiario.net\\\/portal\\\/2025\\\/06\\\/28\\\/justicia-archiva-recursos-de-inhabilitacion-de-candidatos\\\/#breadcrumb\"},\"inLanguage\":\"es\",\"potentialAction\":[{\"@type\":\"ReadAction\",\"target\":[\"https:\\\/\\\/www.eldiario.net\\\/portal\\\/2025\\\/06\\\/28\\\/justicia-archiva-recursos-de-inhabilitacion-de-candidatos\\\/\"]}]},{\"@type\":\"ImageObject\",\"inLanguage\":\"es\",\"@id\":\"https:\\\/\\\/www.eldiario.net\\\/portal\\\/2025\\\/06\\\/28\\\/justicia-archiva-recursos-de-inhabilitacion-de-candidatos\\\/#primaryimage\",\"url\":\"https:\\\/\\\/www.eldiario.net\\\/portal\\\/wp-content\\\/uploads\\\/2025\\\/06\\\/P-1-15-cm-x-9.webp\",\"contentUrl\":\"https:\\\/\\\/www.eldiario.net\\\/portal\\\/wp-content\\\/uploads\\\/2025\\\/06\\\/P-1-15-cm-x-9.webp\",\"width\":1080,\"height\":698,\"caption\":\"La justicia deniega recursos contra candidatos y ratifica su compromiso con la democracia y las elecciones.\"},{\"@type\":\"BreadcrumbList\",\"@id\":\"https:\\\/\\\/www.eldiario.net\\\/portal\\\/2025\\\/06\\\/28\\\/justicia-archiva-recursos-de-inhabilitacion-de-candidatos\\\/#breadcrumb\",\"itemListElement\":[{\"@type\":\"ListItem\",\"position\":1,\"name\":\"Portada\",\"item\":\"https:\\\/\\\/www.eldiario.net\\\/portal\\\/\"},{\"@type\":\"ListItem\",\"position\":2,\"name\":\"Justicia archiva recursos de inhabilitaci\u00f3n de candidatos\"}]},{\"@type\":\"WebSite\",\"@id\":\"https:\\\/\\\/www.eldiario.net\\\/portal\\\/#website\",\"url\":\"https:\\\/\\\/www.eldiario.net\\\/portal\\\/\",\"name\":\"El Diario - Decano de la prensa nacional\",\"description\":\"El Diario - Decano de la prensa nacional\",\"publisher\":{\"@id\":\"https:\\\/\\\/www.eldiario.net\\\/portal\\\/#organization\"},\"potentialAction\":[{\"@type\":\"SearchAction\",\"target\":{\"@type\":\"EntryPoint\",\"urlTemplate\":\"https:\\\/\\\/www.eldiario.net\\\/portal\\\/?s={search_term_string}\"},\"query-input\":{\"@type\":\"PropertyValueSpecification\",\"valueRequired\":true,\"valueName\":\"search_term_string\"}}],\"inLanguage\":\"es\"},{\"@type\":\"Organization\",\"@id\":\"https:\\\/\\\/www.eldiario.net\\\/portal\\\/#organization\",\"name\":\"El Diario - Decano de la prensa nacional\",\"url\":\"https:\\\/\\\/www.eldiario.net\\\/portal\\\/\",\"logo\":{\"@type\":\"ImageObject\",\"inLanguage\":\"es\",\"@id\":\"https:\\\/\\\/www.eldiario.net\\\/portal\\\/#\\\/schema\\\/logo\\\/image\\\/\",\"url\":\"https:\\\/\\\/www.eldiario.net\\\/portal\\\/wp-content\\\/uploads\\\/2023\\\/07\\\/logo_ED.jpg\",\"contentUrl\":\"https:\\\/\\\/www.eldiario.net\\\/portal\\\/wp-content\\\/uploads\\\/2023\\\/07\\\/logo_ED.jpg\",\"width\":272,\"height\":52,\"caption\":\"El Diario - Decano de la prensa nacional\"},\"image\":{\"@id\":\"https:\\\/\\\/www.eldiario.net\\\/portal\\\/#\\\/schema\\\/logo\\\/image\\\/\"},\"sameAs\":[\"https:\\\/\\\/www.facebook.com\\\/eldiario.bolivia\\\/\",\"https:\\\/\\\/x.com\\\/eldiario_net\"]},{\"@type\":\"Person\",\"@id\":\"https:\\\/\\\/www.eldiario.net\\\/portal\\\/#\\\/schema\\\/person\\\/f46445640444750d7d753ccd04ae01b7\",\"name\":\"Jeanette\",\"image\":{\"@type\":\"ImageObject\",\"inLanguage\":\"es\",\"@id\":\"https:\\\/\\\/secure.gravatar.com\\\/avatar\\\/3ea2118a5f7dad2b7138b1187a6b7ee55f160b9968b66013c3a3ef39dd7e5798?s=96&d=mm&r=g\",\"url\":\"https:\\\/\\\/secure.gravatar.com\\\/avatar\\\/3ea2118a5f7dad2b7138b1187a6b7ee55f160b9968b66013c3a3ef39dd7e5798?s=96&d=mm&r=g\",\"contentUrl\":\"https:\\\/\\\/secure.gravatar.com\\\/avatar\\\/3ea2118a5f7dad2b7138b1187a6b7ee55f160b9968b66013c3a3ef39dd7e5798?s=96&d=mm&r=g\",\"caption\":\"Jeanette\"},\"sameAs\":[\"https:\\\/\\\/www.eldiario.net\\\/portal\"],\"url\":\"https:\\\/\\\/www.eldiario.net\\\/portal\\\/author\\\/jeanette\\\/\"}]}<\/script>\n<!-- \/ Yoast SEO plugin. -->","yoast_head_json":{"title":"Justicia archiva recursos de inhabilitaci\u00f3n de candidatos - El Diario - Bolivia","robots":{"index":"index","follow":"follow","max-snippet":"max-snippet:-1","max-image-preview":"max-image-preview:large","max-video-preview":"max-video-preview:-1"},"canonical":"https:\/\/www.eldiario.net\/portal\/2025\/06\/28\/justicia-archiva-recursos-de-inhabilitacion-de-candidatos\/","og_locale":"es_ES","og_type":"article","og_title":"Justicia archiva recursos de inhabilitaci\u00f3n de candidatos - El Diario - Bolivia","og_description":"A menos de dos meses de las elecciones generales, la Sala Constitucional Segunda del Tribunal Departamental de Justicia de Santa Cruz determin\u00f3 el archivo de obrados de las dos acciones judiciales que intentaban inhabilitar a los candidatos presidenciales y legisladores por no haber renunciado previamente a sus cargos p\u00fablicos. Una de las demandas fue presentada [&hellip;]","og_url":"https:\/\/www.eldiario.net\/portal\/2025\/06\/28\/justicia-archiva-recursos-de-inhabilitacion-de-candidatos\/","og_site_name":"El Diario - Bolivia","article_publisher":"https:\/\/www.facebook.com\/eldiario.bolivia\/","article_published_time":"2025-06-28T09:49:44+00:00","og_image":[{"width":1080,"height":698,"url":"https:\/\/www.eldiario.net\/portal\/wp-content\/uploads\/2025\/06\/P-1-15-cm-x-9.webp","type":"image\/webp"}],"author":"Jeanette","twitter_card":"summary_large_image","twitter_creator":"@eldiario_net","twitter_site":"@eldiario_net","twitter_misc":{"Escrito por":"Jeanette","Tiempo de lectura":"2 minutos"},"schema":{"@context":"https:\/\/schema.org","@graph":[{"@type":"Article","@id":"https:\/\/www.eldiario.net\/portal\/2025\/06\/28\/justicia-archiva-recursos-de-inhabilitacion-de-candidatos\/#article","isPartOf":{"@id":"https:\/\/www.eldiario.net\/portal\/2025\/06\/28\/justicia-archiva-recursos-de-inhabilitacion-de-candidatos\/"},"author":{"name":"Jeanette","@id":"https:\/\/www.eldiario.net\/portal\/#\/schema\/person\/f46445640444750d7d753ccd04ae01b7"},"headline":"Justicia archiva recursos de inhabilitaci\u00f3n de candidatos","datePublished":"2025-06-28T09:49:44+00:00","mainEntityOfPage":{"@id":"https:\/\/www.eldiario.net\/portal\/2025\/06\/28\/justicia-archiva-recursos-de-inhabilitacion-de-candidatos\/"},"wordCount":406,"publisher":{"@id":"https:\/\/www.eldiario.net\/portal\/#organization"},"image":{"@id":"https:\/\/www.eldiario.net\/portal\/2025\/06\/28\/justicia-archiva-recursos-de-inhabilitacion-de-candidatos\/#primaryimage"},"thumbnailUrl":"https:\/\/www.eldiario.net\/portal\/wp-content\/uploads\/2025\/06\/P-1-15-cm-x-9.webp","articleSection":["Principal"],"inLanguage":"es"},{"@type":"WebPage","@id":"https:\/\/www.eldiario.net\/portal\/2025\/06\/28\/justicia-archiva-recursos-de-inhabilitacion-de-candidatos\/","url":"https:\/\/www.eldiario.net\/portal\/2025\/06\/28\/justicia-archiva-recursos-de-inhabilitacion-de-candidatos\/","name":"Justicia archiva recursos de inhabilitaci\u00f3n de candidatos - El Diario - Bolivia","isPartOf":{"@id":"https:\/\/www.eldiario.net\/portal\/#website"},"primaryImageOfPage":{"@id":"https:\/\/www.eldiario.net\/portal\/2025\/06\/28\/justicia-archiva-recursos-de-inhabilitacion-de-candidatos\/#primaryimage"},"image":{"@id":"https:\/\/www.eldiario.net\/portal\/2025\/06\/28\/justicia-archiva-recursos-de-inhabilitacion-de-candidatos\/#primaryimage"},"thumbnailUrl":"https:\/\/www.eldiario.net\/portal\/wp-content\/uploads\/2025\/06\/P-1-15-cm-x-9.webp","datePublished":"2025-06-28T09:49:44+00:00","breadcrumb":{"@id":"https:\/\/www.eldiario.net\/portal\/2025\/06\/28\/justicia-archiva-recursos-de-inhabilitacion-de-candidatos\/#breadcrumb"},"inLanguage":"es","potentialAction":[{"@type":"ReadAction","target":["https:\/\/www.eldiario.net\/portal\/2025\/06\/28\/justicia-archiva-recursos-de-inhabilitacion-de-candidatos\/"]}]},{"@type":"ImageObject","inLanguage":"es","@id":"https:\/\/www.eldiario.net\/portal\/2025\/06\/28\/justicia-archiva-recursos-de-inhabilitacion-de-candidatos\/#primaryimage","url":"https:\/\/www.eldiario.net\/portal\/wp-content\/uploads\/2025\/06\/P-1-15-cm-x-9.webp","contentUrl":"https:\/\/www.eldiario.net\/portal\/wp-content\/uploads\/2025\/06\/P-1-15-cm-x-9.webp","width":1080,"height":698,"caption":"La justicia deniega recursos contra candidatos y ratifica su compromiso con la democracia y las elecciones."},{"@type":"BreadcrumbList","@id":"https:\/\/www.eldiario.net\/portal\/2025\/06\/28\/justicia-archiva-recursos-de-inhabilitacion-de-candidatos\/#breadcrumb","itemListElement":[{"@type":"ListItem","position":1,"name":"Portada","item":"https:\/\/www.eldiario.net\/portal\/"},{"@type":"ListItem","position":2,"name":"Justicia archiva recursos de inhabilitaci\u00f3n de candidatos"}]},{"@type":"WebSite","@id":"https:\/\/www.eldiario.net\/portal\/#website","url":"https:\/\/www.eldiario.net\/portal\/","name":"El Diario - Decano de la prensa nacional","description":"El Diario - Decano de la prensa nacional","publisher":{"@id":"https:\/\/www.eldiario.net\/portal\/#organization"},"potentialAction":[{"@type":"SearchAction","target":{"@type":"EntryPoint","urlTemplate":"https:\/\/www.eldiario.net\/portal\/?s={search_term_string}"},"query-input":{"@type":"PropertyValueSpecification","valueRequired":true,"valueName":"search_term_string"}}],"inLanguage":"es"},{"@type":"Organization","@id":"https:\/\/www.eldiario.net\/portal\/#organization","name":"El Diario - Decano de la prensa nacional","url":"https:\/\/www.eldiario.net\/portal\/","logo":{"@type":"ImageObject","inLanguage":"es","@id":"https:\/\/www.eldiario.net\/portal\/#\/schema\/logo\/image\/","url":"https:\/\/www.eldiario.net\/portal\/wp-content\/uploads\/2023\/07\/logo_ED.jpg","contentUrl":"https:\/\/www.eldiario.net\/portal\/wp-content\/uploads\/2023\/07\/logo_ED.jpg","width":272,"height":52,"caption":"El Diario - Decano de la prensa nacional"},"image":{"@id":"https:\/\/www.eldiario.net\/portal\/#\/schema\/logo\/image\/"},"sameAs":["https:\/\/www.facebook.com\/eldiario.bolivia\/","https:\/\/x.com\/eldiario_net"]},{"@type":"Person","@id":"https:\/\/www.eldiario.net\/portal\/#\/schema\/person\/f46445640444750d7d753ccd04ae01b7","name":"Jeanette","image":{"@type":"ImageObject","inLanguage":"es","@id":"https:\/\/secure.gravatar.com\/avatar\/3ea2118a5f7dad2b7138b1187a6b7ee55f160b9968b66013c3a3ef39dd7e5798?s=96&d=mm&r=g","url":"https:\/\/secure.gravatar.com\/avatar\/3ea2118a5f7dad2b7138b1187a6b7ee55f160b9968b66013c3a3ef39dd7e5798?s=96&d=mm&r=g","contentUrl":"https:\/\/secure.gravatar.com\/avatar\/3ea2118a5f7dad2b7138b1187a6b7ee55f160b9968b66013c3a3ef39dd7e5798?s=96&d=mm&r=g","caption":"Jeanette"},"sameAs":["https:\/\/www.eldiario.net\/portal"],"url":"https:\/\/www.eldiario.net\/portal\/author\/jeanette\/"}]}},"_links":{"self":[{"href":"https:\/\/www.eldiario.net\/portal\/wp-json\/wp\/v2\/posts\/312639","targetHints":{"allow":["GET"]}}],"collection":[{"href":"https:\/\/www.eldiario.net\/portal\/wp-json\/wp\/v2\/posts"}],"about":[{"href":"https:\/\/www.eldiario.net\/portal\/wp-json\/wp\/v2\/types\/post"}],"author":[{"embeddable":true,"href":"https:\/\/www.eldiario.net\/portal\/wp-json\/wp\/v2\/users\/1"}],"replies":[{"embeddable":true,"href":"https:\/\/www.eldiario.net\/portal\/wp-json\/wp\/v2\/comments?post=312639"}],"version-history":[{"count":1,"href":"https:\/\/www.eldiario.net\/portal\/wp-json\/wp\/v2\/posts\/312639\/revisions"}],"predecessor-version":[{"id":312641,"href":"https:\/\/www.eldiario.net\/portal\/wp-json\/wp\/v2\/posts\/312639\/revisions\/312641"}],"wp:featuredmedia":[{"embeddable":true,"href":"https:\/\/www.eldiario.net\/portal\/wp-json\/wp\/v2\/media\/312640"}],"wp:attachment":[{"href":"https:\/\/www.eldiario.net\/portal\/wp-json\/wp\/v2\/media?parent=312639"}],"wp:term":[{"taxonomy":"category","embeddable":true,"href":"https:\/\/www.eldiario.net\/portal\/wp-json\/wp\/v2\/categories?post=312639"},{"taxonomy":"post_tag","embeddable":true,"href":"https:\/\/www.eldiario.net\/portal\/wp-json\/wp\/v2\/tags?post=312639"}],"curies":[{"name":"wp","href":"https:\/\/api.w.org\/{rel}","templated":true}]}}