{"id":312616,"date":"2025-06-27T21:00:10","date_gmt":"2025-06-28T01:00:10","guid":{"rendered":"https:\/\/www.eldiario.net\/portal\/?p=312616"},"modified":"2025-06-28T05:42:06","modified_gmt":"2025-06-28T09:42:06","slug":"bolivia-vive-una-emergencia-sanitaria-por-el-rebrote-de-sarampion-con-mas-de-sesenta-casos-confirmados-con-foco-en-santa-cruz-se-adelantaron-las-vacaciones-escolares-y-se-activaron-clases-virtuales","status":"publish","type":"post","link":"https:\/\/www.eldiario.net\/portal\/2025\/06\/27\/bolivia-vive-una-emergencia-sanitaria-por-el-rebrote-de-sarampion-con-mas-de-sesenta-casos-confirmados-con-foco-en-santa-cruz-se-adelantaron-las-vacaciones-escolares-y-se-activaron-clases-virtuales\/","title":{"rendered":"Bolivia vive una emergencia sanitaria por el rebrote de sarampi\u00f3n, con m\u00e1s de sesenta casos confirmados con foco en Santa Cruz"},"content":{"rendered":"<p>Bolivia vive una emergencia sanitaria por el rebrote de sarampi\u00f3n, con m\u00e1s de sesenta casos confirmados con foco en Santa Cruz. Se adelantaron las vacaciones escolares y se activaron clases virtuales, pero preocupa la falta de vacunas. En Sucre, adem\u00e1s, se report\u00f3 veintid\u00f3s casos de rabia canina y se alista vacunaci\u00f3n. Un frente fr\u00edo afect\u00f3 a siete departamentos con heladas, nevadas en Potos\u00ed y albergues activados en La Paz. El SENAMHI advierte sobre el ingreso de nuevo frente fr\u00edo. La nevada m\u00e1s fuerte cerr\u00f3 el paso Colchane y cubri\u00f3 de nieve el desierto de Atacama, por lo que Chile cerr\u00f3 v\u00eda pero Bolivia no emiti\u00f3 restricciones oficiales. El magisterio pace\u00f1o march\u00f3 denunciando crisis econ\u00f3mica y deserci\u00f3n escolar. En Chuquisaca, una mujer fue imputada tras la ca\u00edda del gobernador Condori. La festividad de San Juan dej\u00f3 menos fogatas y mejor conciencia ambiental. El d\u00f3lar paralelo sigue inestable en Bs 16,20, mientras la escasez de combustible provoca filas y bloqueos como en Tupiza. Baja el precio del pollo, pero falta aceite. En Santa Cruz, candidatos debatieron sobre el agro en la Fexpocruz. Mientras que en el panorama internacional, la tensi\u00f3n entre Ir\u00e1n, Israel y Estados Unidos escal\u00f3 con ataques cruzados y culmin\u00f3 con una tregua informal anunciada por Trump. Ir\u00e1n bombarde\u00f3 bases en Qatar e Irak. Israel respondi\u00f3 en Teher\u00e1n. China y Rusia condenaron los ataques estadounidenses En Gaza, un nuevo ataque israel\u00ed en un mercado dej\u00f3 18 muertos lo que deriv\u00f3 en que la Organizaci\u00f3n Mundial de la Salud alert\u00f3 sobre crisis humanitaria y que Espa\u00f1a pida sanciones contra Israel. En Francia, una tormenta colaps\u00f3 Par\u00eds y dej\u00f3 dos muertos. En Colombia, un deslizamiento mat\u00f3 a m\u00e1s de ocho personas. En China, un puente colaps\u00f3 y tres r\u00edos se desbordaron. Corea del Norte abrir\u00e1 un balneario de lujo. En Estados Unidos, el calor extremo afecta a ciento sesenta millones. El petr\u00f3leo sube en 1.20 por ciento y la Organizaci\u00f3n del Tratado del Atl\u00e1ntico Norte decidi\u00f3 duplicar su gasto militar hasta 2035. M\u00e9xico vivi\u00f3 una masacre en plena fiesta en manos de narcos. Y Estados Unidos y China firmaron un acuerdo clave sobre tierras raras (20:54)<\/p>\n<p><iframe loading=\"lazy\" title=\"Bolivia y el mundo en crisis: sarampi\u00f3n, fr\u00edo extremo, protestas y conflictos\" width=\"696\" height=\"392\" src=\"https:\/\/www.youtube.com\/embed\/efjmue2KP9U?feature=oembed\" frameborder=\"0\" allow=\"accelerometer; autoplay; clipboard-write; encrypted-media; gyroscope; picture-in-picture; web-share\" referrerpolicy=\"strict-origin-when-cross-origin\" allowfullscreen><\/iframe><\/p>\n","protected":false},"excerpt":{"rendered":"<p>Bolivia vive una emergencia sanitaria por el rebrote de sarampi\u00f3n, con m\u00e1s de sesenta casos confirmados con foco en Santa Cruz. Se adelantaron las vacaciones escolares y se activaron clases virtuales, pero preocupa la falta de vacunas. En Sucre, adem\u00e1s, se report\u00f3 veintid\u00f3s casos de rabia canina y se alista vacunaci\u00f3n. Un frente fr\u00edo afect\u00f3 [&hellip;]<\/p>\n","protected":false},"author":6,"featured_media":312617,"comment_status":"closed","ping_status":"open","sticky":false,"template":"","format":"video","meta":{"_acf_changed":false,"footnotes":""},"categories":[51],"tags":[],"class_list":["post-312616","post","type-post","status-publish","format-video","has-post-thumbnail","category-ultima-hora","post_format-post-format-video"],"acf":{"antetitulo":""},"yoast_head":"<!-- This site is optimized with the Yoast SEO plugin v28.4 - https:\/\/yoast.com\/product\/yoast-seo-wordpress\/ -->\n<title>Bolivia vive una emergencia sanitaria por el rebrote de sarampi\u00f3n, con m\u00e1s de sesenta casos confirmados con foco en Santa Cruz - El Diario - Bolivia<\/title>\n<meta name=\"robots\" content=\"index, follow, max-snippet:-1, max-image-preview:large, max-video-preview:-1\" \/>\n<link rel=\"canonical\" href=\"https:\/\/www.eldiario.net\/portal\/2025\/06\/27\/bolivia-vive-una-emergencia-sanitaria-por-el-rebrote-de-sarampion-con-mas-de-sesenta-casos-confirmados-con-foco-en-santa-cruz-se-adelantaron-las-vacaciones-escolares-y-se-activaron-clases-virtuales\/\" \/>\n<meta property=\"og:locale\" content=\"es_ES\" \/>\n<meta property=\"og:type\" content=\"article\" \/>\n<meta property=\"og:title\" content=\"Bolivia vive una emergencia sanitaria por el rebrote de sarampi\u00f3n, con m\u00e1s de sesenta casos confirmados con foco en Santa Cruz - El Diario - Bolivia\" \/>\n<meta property=\"og:description\" content=\"Bolivia vive una emergencia sanitaria por el rebrote de sarampi\u00f3n, con m\u00e1s de sesenta casos confirmados con foco en Santa Cruz. Se adelantaron las vacaciones escolares y se activaron clases virtuales, pero preocupa la falta de vacunas. En Sucre, adem\u00e1s, se report\u00f3 veintid\u00f3s casos de rabia canina y se alista vacunaci\u00f3n. Un frente fr\u00edo afect\u00f3 [&hellip;]\" \/>\n<meta property=\"og:url\" content=\"https:\/\/www.eldiario.net\/portal\/2025\/06\/27\/bolivia-vive-una-emergencia-sanitaria-por-el-rebrote-de-sarampion-con-mas-de-sesenta-casos-confirmados-con-foco-en-santa-cruz-se-adelantaron-las-vacaciones-escolares-y-se-activaron-clases-virtuales\/\" \/>\n<meta property=\"og:site_name\" content=\"El Diario - Bolivia\" \/>\n<meta property=\"article:publisher\" content=\"https:\/\/www.facebook.com\/eldiario.bolivia\/\" \/>\n<meta property=\"article:published_time\" content=\"2025-06-28T01:00:10+00:00\" \/>\n<meta property=\"article:modified_time\" content=\"2025-06-28T09:42:06+00:00\" \/>\n<meta property=\"og:image\" content=\"https:\/\/www.eldiario.net\/portal\/wp-content\/uploads\/2025\/06\/YUDD-e1751072109964.png\" \/>\n\t<meta property=\"og:image:width\" content=\"646\" \/>\n\t<meta property=\"og:image:height\" content=\"363\" \/>\n\t<meta property=\"og:image:type\" content=\"image\/png\" \/>\n<meta name=\"author\" content=\"Mariana Garnica\" \/>\n<meta name=\"twitter:card\" content=\"summary_large_image\" \/>\n<meta name=\"twitter:creator\" content=\"@eldiario_net\" \/>\n<meta name=\"twitter:site\" content=\"@eldiario_net\" \/>\n<meta name=\"twitter:label1\" content=\"Escrito por\" \/>\n\t<meta name=\"twitter:data1\" content=\"Mariana Garnica\" \/>\n\t<meta name=\"twitter:label2\" content=\"Tiempo de lectura\" \/>\n\t<meta name=\"twitter:data2\" content=\"2 minutos\" \/>\n<script type=\"application\/ld+json\" class=\"yoast-schema-graph\">{\"@context\":\"https:\\\/\\\/schema.org\",\"@graph\":[{\"@type\":\"Article\",\"@id\":\"https:\\\/\\\/www.eldiario.net\\\/portal\\\/2025\\\/06\\\/27\\\/bolivia-vive-una-emergencia-sanitaria-por-el-rebrote-de-sarampion-con-mas-de-sesenta-casos-confirmados-con-foco-en-santa-cruz-se-adelantaron-las-vacaciones-escolares-y-se-activaron-clases-virtuales\\\/#article\",\"isPartOf\":{\"@id\":\"https:\\\/\\\/www.eldiario.net\\\/portal\\\/2025\\\/06\\\/27\\\/bolivia-vive-una-emergencia-sanitaria-por-el-rebrote-de-sarampion-con-mas-de-sesenta-casos-confirmados-con-foco-en-santa-cruz-se-adelantaron-las-vacaciones-escolares-y-se-activaron-clases-virtuales\\\/\"},\"author\":{\"name\":\"Mariana Garnica\",\"@id\":\"https:\\\/\\\/www.eldiario.net\\\/portal\\\/#\\\/schema\\\/person\\\/3d6bd38bc7922cd9f6b692b3bfe47692\"},\"headline\":\"Bolivia vive una emergencia sanitaria por el rebrote de sarampi\u00f3n, con m\u00e1s de sesenta casos confirmados con foco en Santa Cruz\",\"datePublished\":\"2025-06-28T01:00:10+00:00\",\"dateModified\":\"2025-06-28T09:42:06+00:00\",\"mainEntityOfPage\":{\"@id\":\"https:\\\/\\\/www.eldiario.net\\\/portal\\\/2025\\\/06\\\/27\\\/bolivia-vive-una-emergencia-sanitaria-por-el-rebrote-de-sarampion-con-mas-de-sesenta-casos-confirmados-con-foco-en-santa-cruz-se-adelantaron-las-vacaciones-escolares-y-se-activaron-clases-virtuales\\\/\"},\"wordCount\":407,\"publisher\":{\"@id\":\"https:\\\/\\\/www.eldiario.net\\\/portal\\\/#organization\"},\"image\":{\"@id\":\"https:\\\/\\\/www.eldiario.net\\\/portal\\\/2025\\\/06\\\/27\\\/bolivia-vive-una-emergencia-sanitaria-por-el-rebrote-de-sarampion-con-mas-de-sesenta-casos-confirmados-con-foco-en-santa-cruz-se-adelantaron-las-vacaciones-escolares-y-se-activaron-clases-virtuales\\\/#primaryimage\"},\"thumbnailUrl\":\"https:\\\/\\\/www.eldiario.net\\\/portal\\\/wp-content\\\/uploads\\\/2025\\\/06\\\/YUDD-e1751072109964.png\",\"articleSection\":[\"\u00daltima Hora\"],\"inLanguage\":\"es\"},{\"@type\":\"WebPage\",\"@id\":\"https:\\\/\\\/www.eldiario.net\\\/portal\\\/2025\\\/06\\\/27\\\/bolivia-vive-una-emergencia-sanitaria-por-el-rebrote-de-sarampion-con-mas-de-sesenta-casos-confirmados-con-foco-en-santa-cruz-se-adelantaron-las-vacaciones-escolares-y-se-activaron-clases-virtuales\\\/\",\"url\":\"https:\\\/\\\/www.eldiario.net\\\/portal\\\/2025\\\/06\\\/27\\\/bolivia-vive-una-emergencia-sanitaria-por-el-rebrote-de-sarampion-con-mas-de-sesenta-casos-confirmados-con-foco-en-santa-cruz-se-adelantaron-las-vacaciones-escolares-y-se-activaron-clases-virtuales\\\/\",\"name\":\"Bolivia vive una emergencia sanitaria por el rebrote de sarampi\u00f3n, con m\u00e1s de sesenta casos confirmados con foco en Santa Cruz - El Diario - Bolivia\",\"isPartOf\":{\"@id\":\"https:\\\/\\\/www.eldiario.net\\\/portal\\\/#website\"},\"primaryImageOfPage\":{\"@id\":\"https:\\\/\\\/www.eldiario.net\\\/portal\\\/2025\\\/06\\\/27\\\/bolivia-vive-una-emergencia-sanitaria-por-el-rebrote-de-sarampion-con-mas-de-sesenta-casos-confirmados-con-foco-en-santa-cruz-se-adelantaron-las-vacaciones-escolares-y-se-activaron-clases-virtuales\\\/#primaryimage\"},\"image\":{\"@id\":\"https:\\\/\\\/www.eldiario.net\\\/portal\\\/2025\\\/06\\\/27\\\/bolivia-vive-una-emergencia-sanitaria-por-el-rebrote-de-sarampion-con-mas-de-sesenta-casos-confirmados-con-foco-en-santa-cruz-se-adelantaron-las-vacaciones-escolares-y-se-activaron-clases-virtuales\\\/#primaryimage\"},\"thumbnailUrl\":\"https:\\\/\\\/www.eldiario.net\\\/portal\\\/wp-content\\\/uploads\\\/2025\\\/06\\\/YUDD-e1751072109964.png\",\"datePublished\":\"2025-06-28T01:00:10+00:00\",\"dateModified\":\"2025-06-28T09:42:06+00:00\",\"breadcrumb\":{\"@id\":\"https:\\\/\\\/www.eldiario.net\\\/portal\\\/2025\\\/06\\\/27\\\/bolivia-vive-una-emergencia-sanitaria-por-el-rebrote-de-sarampion-con-mas-de-sesenta-casos-confirmados-con-foco-en-santa-cruz-se-adelantaron-las-vacaciones-escolares-y-se-activaron-clases-virtuales\\\/#breadcrumb\"},\"inLanguage\":\"es\",\"potentialAction\":[{\"@type\":\"ReadAction\",\"target\":[\"https:\\\/\\\/www.eldiario.net\\\/portal\\\/2025\\\/06\\\/27\\\/bolivia-vive-una-emergencia-sanitaria-por-el-rebrote-de-sarampion-con-mas-de-sesenta-casos-confirmados-con-foco-en-santa-cruz-se-adelantaron-las-vacaciones-escolares-y-se-activaron-clases-virtuales\\\/\"]}]},{\"@type\":\"ImageObject\",\"inLanguage\":\"es\",\"@id\":\"https:\\\/\\\/www.eldiario.net\\\/portal\\\/2025\\\/06\\\/27\\\/bolivia-vive-una-emergencia-sanitaria-por-el-rebrote-de-sarampion-con-mas-de-sesenta-casos-confirmados-con-foco-en-santa-cruz-se-adelantaron-las-vacaciones-escolares-y-se-activaron-clases-virtuales\\\/#primaryimage\",\"url\":\"https:\\\/\\\/www.eldiario.net\\\/portal\\\/wp-content\\\/uploads\\\/2025\\\/06\\\/YUDD-e1751072109964.png\",\"contentUrl\":\"https:\\\/\\\/www.eldiario.net\\\/portal\\\/wp-content\\\/uploads\\\/2025\\\/06\\\/YUDD-e1751072109964.png\",\"width\":646,\"height\":363},{\"@type\":\"BreadcrumbList\",\"@id\":\"https:\\\/\\\/www.eldiario.net\\\/portal\\\/2025\\\/06\\\/27\\\/bolivia-vive-una-emergencia-sanitaria-por-el-rebrote-de-sarampion-con-mas-de-sesenta-casos-confirmados-con-foco-en-santa-cruz-se-adelantaron-las-vacaciones-escolares-y-se-activaron-clases-virtuales\\\/#breadcrumb\",\"itemListElement\":[{\"@type\":\"ListItem\",\"position\":1,\"name\":\"Portada\",\"item\":\"https:\\\/\\\/www.eldiario.net\\\/portal\\\/\"},{\"@type\":\"ListItem\",\"position\":2,\"name\":\"Bolivia vive una emergencia sanitaria por el rebrote de sarampi\u00f3n, con m\u00e1s de sesenta casos confirmados con foco en Santa Cruz\"}]},{\"@type\":\"WebSite\",\"@id\":\"https:\\\/\\\/www.eldiario.net\\\/portal\\\/#website\",\"url\":\"https:\\\/\\\/www.eldiario.net\\\/portal\\\/\",\"name\":\"El Diario - Decano de la prensa nacional\",\"description\":\"El Diario - Decano de la prensa nacional\",\"publisher\":{\"@id\":\"https:\\\/\\\/www.eldiario.net\\\/portal\\\/#organization\"},\"potentialAction\":[{\"@type\":\"SearchAction\",\"target\":{\"@type\":\"EntryPoint\",\"urlTemplate\":\"https:\\\/\\\/www.eldiario.net\\\/portal\\\/?s={search_term_string}\"},\"query-input\":{\"@type\":\"PropertyValueSpecification\",\"valueRequired\":true,\"valueName\":\"search_term_string\"}}],\"inLanguage\":\"es\"},{\"@type\":\"Organization\",\"@id\":\"https:\\\/\\\/www.eldiario.net\\\/portal\\\/#organization\",\"name\":\"El Diario - Decano de la prensa nacional\",\"url\":\"https:\\\/\\\/www.eldiario.net\\\/portal\\\/\",\"logo\":{\"@type\":\"ImageObject\",\"inLanguage\":\"es\",\"@id\":\"https:\\\/\\\/www.eldiario.net\\\/portal\\\/#\\\/schema\\\/logo\\\/image\\\/\",\"url\":\"https:\\\/\\\/www.eldiario.net\\\/portal\\\/wp-content\\\/uploads\\\/2023\\\/07\\\/logo_ED.jpg\",\"contentUrl\":\"https:\\\/\\\/www.eldiario.net\\\/portal\\\/wp-content\\\/uploads\\\/2023\\\/07\\\/logo_ED.jpg\",\"width\":272,\"height\":52,\"caption\":\"El Diario - Decano de la prensa nacional\"},\"image\":{\"@id\":\"https:\\\/\\\/www.eldiario.net\\\/portal\\\/#\\\/schema\\\/logo\\\/image\\\/\"},\"sameAs\":[\"https:\\\/\\\/www.facebook.com\\\/eldiario.bolivia\\\/\",\"https:\\\/\\\/x.com\\\/eldiario_net\"]},{\"@type\":\"Person\",\"@id\":\"https:\\\/\\\/www.eldiario.net\\\/portal\\\/#\\\/schema\\\/person\\\/3d6bd38bc7922cd9f6b692b3bfe47692\",\"name\":\"Mariana Garnica\",\"image\":{\"@type\":\"ImageObject\",\"inLanguage\":\"es\",\"@id\":\"https:\\\/\\\/secure.gravatar.com\\\/avatar\\\/41ff8773a042930478027d27070a9bf5dfb25b1f36d7245a4372dea1f9f295bf?s=96&d=mm&r=g\",\"url\":\"https:\\\/\\\/secure.gravatar.com\\\/avatar\\\/41ff8773a042930478027d27070a9bf5dfb25b1f36d7245a4372dea1f9f295bf?s=96&d=mm&r=g\",\"contentUrl\":\"https:\\\/\\\/secure.gravatar.com\\\/avatar\\\/41ff8773a042930478027d27070a9bf5dfb25b1f36d7245a4372dea1f9f295bf?s=96&d=mm&r=g\",\"caption\":\"Mariana Garnica\"},\"url\":\"https:\\\/\\\/www.eldiario.net\\\/portal\\\/author\\\/manzanita\\\/\"}]}<\/script>\n<!-- \/ Yoast SEO plugin. -->","yoast_head_json":{"title":"Bolivia vive una emergencia sanitaria por el rebrote de sarampi\u00f3n, con m\u00e1s de sesenta casos confirmados con foco en Santa Cruz - El Diario - Bolivia","robots":{"index":"index","follow":"follow","max-snippet":"max-snippet:-1","max-image-preview":"max-image-preview:large","max-video-preview":"max-video-preview:-1"},"canonical":"https:\/\/www.eldiario.net\/portal\/2025\/06\/27\/bolivia-vive-una-emergencia-sanitaria-por-el-rebrote-de-sarampion-con-mas-de-sesenta-casos-confirmados-con-foco-en-santa-cruz-se-adelantaron-las-vacaciones-escolares-y-se-activaron-clases-virtuales\/","og_locale":"es_ES","og_type":"article","og_title":"Bolivia vive una emergencia sanitaria por el rebrote de sarampi\u00f3n, con m\u00e1s de sesenta casos confirmados con foco en Santa Cruz - El Diario - Bolivia","og_description":"Bolivia vive una emergencia sanitaria por el rebrote de sarampi\u00f3n, con m\u00e1s de sesenta casos confirmados con foco en Santa Cruz. Se adelantaron las vacaciones escolares y se activaron clases virtuales, pero preocupa la falta de vacunas. En Sucre, adem\u00e1s, se report\u00f3 veintid\u00f3s casos de rabia canina y se alista vacunaci\u00f3n. Un frente fr\u00edo afect\u00f3 [&hellip;]","og_url":"https:\/\/www.eldiario.net\/portal\/2025\/06\/27\/bolivia-vive-una-emergencia-sanitaria-por-el-rebrote-de-sarampion-con-mas-de-sesenta-casos-confirmados-con-foco-en-santa-cruz-se-adelantaron-las-vacaciones-escolares-y-se-activaron-clases-virtuales\/","og_site_name":"El Diario - Bolivia","article_publisher":"https:\/\/www.facebook.com\/eldiario.bolivia\/","article_published_time":"2025-06-28T01:00:10+00:00","article_modified_time":"2025-06-28T09:42:06+00:00","og_image":[{"width":646,"height":363,"url":"https:\/\/www.eldiario.net\/portal\/wp-content\/uploads\/2025\/06\/YUDD-e1751072109964.png","type":"image\/png"}],"author":"Mariana Garnica","twitter_card":"summary_large_image","twitter_creator":"@eldiario_net","twitter_site":"@eldiario_net","twitter_misc":{"Escrito por":"Mariana Garnica","Tiempo de lectura":"2 minutos"},"schema":{"@context":"https:\/\/schema.org","@graph":[{"@type":"Article","@id":"https:\/\/www.eldiario.net\/portal\/2025\/06\/27\/bolivia-vive-una-emergencia-sanitaria-por-el-rebrote-de-sarampion-con-mas-de-sesenta-casos-confirmados-con-foco-en-santa-cruz-se-adelantaron-las-vacaciones-escolares-y-se-activaron-clases-virtuales\/#article","isPartOf":{"@id":"https:\/\/www.eldiario.net\/portal\/2025\/06\/27\/bolivia-vive-una-emergencia-sanitaria-por-el-rebrote-de-sarampion-con-mas-de-sesenta-casos-confirmados-con-foco-en-santa-cruz-se-adelantaron-las-vacaciones-escolares-y-se-activaron-clases-virtuales\/"},"author":{"name":"Mariana Garnica","@id":"https:\/\/www.eldiario.net\/portal\/#\/schema\/person\/3d6bd38bc7922cd9f6b692b3bfe47692"},"headline":"Bolivia vive una emergencia sanitaria por el rebrote de sarampi\u00f3n, con m\u00e1s de sesenta casos confirmados con foco en Santa Cruz","datePublished":"2025-06-28T01:00:10+00:00","dateModified":"2025-06-28T09:42:06+00:00","mainEntityOfPage":{"@id":"https:\/\/www.eldiario.net\/portal\/2025\/06\/27\/bolivia-vive-una-emergencia-sanitaria-por-el-rebrote-de-sarampion-con-mas-de-sesenta-casos-confirmados-con-foco-en-santa-cruz-se-adelantaron-las-vacaciones-escolares-y-se-activaron-clases-virtuales\/"},"wordCount":407,"publisher":{"@id":"https:\/\/www.eldiario.net\/portal\/#organization"},"image":{"@id":"https:\/\/www.eldiario.net\/portal\/2025\/06\/27\/bolivia-vive-una-emergencia-sanitaria-por-el-rebrote-de-sarampion-con-mas-de-sesenta-casos-confirmados-con-foco-en-santa-cruz-se-adelantaron-las-vacaciones-escolares-y-se-activaron-clases-virtuales\/#primaryimage"},"thumbnailUrl":"https:\/\/www.eldiario.net\/portal\/wp-content\/uploads\/2025\/06\/YUDD-e1751072109964.png","articleSection":["\u00daltima Hora"],"inLanguage":"es"},{"@type":"WebPage","@id":"https:\/\/www.eldiario.net\/portal\/2025\/06\/27\/bolivia-vive-una-emergencia-sanitaria-por-el-rebrote-de-sarampion-con-mas-de-sesenta-casos-confirmados-con-foco-en-santa-cruz-se-adelantaron-las-vacaciones-escolares-y-se-activaron-clases-virtuales\/","url":"https:\/\/www.eldiario.net\/portal\/2025\/06\/27\/bolivia-vive-una-emergencia-sanitaria-por-el-rebrote-de-sarampion-con-mas-de-sesenta-casos-confirmados-con-foco-en-santa-cruz-se-adelantaron-las-vacaciones-escolares-y-se-activaron-clases-virtuales\/","name":"Bolivia vive una emergencia sanitaria por el rebrote de sarampi\u00f3n, con m\u00e1s de sesenta casos confirmados con foco en Santa Cruz - El Diario - Bolivia","isPartOf":{"@id":"https:\/\/www.eldiario.net\/portal\/#website"},"primaryImageOfPage":{"@id":"https:\/\/www.eldiario.net\/portal\/2025\/06\/27\/bolivia-vive-una-emergencia-sanitaria-por-el-rebrote-de-sarampion-con-mas-de-sesenta-casos-confirmados-con-foco-en-santa-cruz-se-adelantaron-las-vacaciones-escolares-y-se-activaron-clases-virtuales\/#primaryimage"},"image":{"@id":"https:\/\/www.eldiario.net\/portal\/2025\/06\/27\/bolivia-vive-una-emergencia-sanitaria-por-el-rebrote-de-sarampion-con-mas-de-sesenta-casos-confirmados-con-foco-en-santa-cruz-se-adelantaron-las-vacaciones-escolares-y-se-activaron-clases-virtuales\/#primaryimage"},"thumbnailUrl":"https:\/\/www.eldiario.net\/portal\/wp-content\/uploads\/2025\/06\/YUDD-e1751072109964.png","datePublished":"2025-06-28T01:00:10+00:00","dateModified":"2025-06-28T09:42:06+00:00","breadcrumb":{"@id":"https:\/\/www.eldiario.net\/portal\/2025\/06\/27\/bolivia-vive-una-emergencia-sanitaria-por-el-rebrote-de-sarampion-con-mas-de-sesenta-casos-confirmados-con-foco-en-santa-cruz-se-adelantaron-las-vacaciones-escolares-y-se-activaron-clases-virtuales\/#breadcrumb"},"inLanguage":"es","potentialAction":[{"@type":"ReadAction","target":["https:\/\/www.eldiario.net\/portal\/2025\/06\/27\/bolivia-vive-una-emergencia-sanitaria-por-el-rebrote-de-sarampion-con-mas-de-sesenta-casos-confirmados-con-foco-en-santa-cruz-se-adelantaron-las-vacaciones-escolares-y-se-activaron-clases-virtuales\/"]}]},{"@type":"ImageObject","inLanguage":"es","@id":"https:\/\/www.eldiario.net\/portal\/2025\/06\/27\/bolivia-vive-una-emergencia-sanitaria-por-el-rebrote-de-sarampion-con-mas-de-sesenta-casos-confirmados-con-foco-en-santa-cruz-se-adelantaron-las-vacaciones-escolares-y-se-activaron-clases-virtuales\/#primaryimage","url":"https:\/\/www.eldiario.net\/portal\/wp-content\/uploads\/2025\/06\/YUDD-e1751072109964.png","contentUrl":"https:\/\/www.eldiario.net\/portal\/wp-content\/uploads\/2025\/06\/YUDD-e1751072109964.png","width":646,"height":363},{"@type":"BreadcrumbList","@id":"https:\/\/www.eldiario.net\/portal\/2025\/06\/27\/bolivia-vive-una-emergencia-sanitaria-por-el-rebrote-de-sarampion-con-mas-de-sesenta-casos-confirmados-con-foco-en-santa-cruz-se-adelantaron-las-vacaciones-escolares-y-se-activaron-clases-virtuales\/#breadcrumb","itemListElement":[{"@type":"ListItem","position":1,"name":"Portada","item":"https:\/\/www.eldiario.net\/portal\/"},{"@type":"ListItem","position":2,"name":"Bolivia vive una emergencia sanitaria por el rebrote de sarampi\u00f3n, con m\u00e1s de sesenta casos confirmados con foco en Santa Cruz"}]},{"@type":"WebSite","@id":"https:\/\/www.eldiario.net\/portal\/#website","url":"https:\/\/www.eldiario.net\/portal\/","name":"El Diario - Decano de la prensa nacional","description":"El Diario - Decano de la prensa nacional","publisher":{"@id":"https:\/\/www.eldiario.net\/portal\/#organization"},"potentialAction":[{"@type":"SearchAction","target":{"@type":"EntryPoint","urlTemplate":"https:\/\/www.eldiario.net\/portal\/?s={search_term_string}"},"query-input":{"@type":"PropertyValueSpecification","valueRequired":true,"valueName":"search_term_string"}}],"inLanguage":"es"},{"@type":"Organization","@id":"https:\/\/www.eldiario.net\/portal\/#organization","name":"El Diario - Decano de la prensa nacional","url":"https:\/\/www.eldiario.net\/portal\/","logo":{"@type":"ImageObject","inLanguage":"es","@id":"https:\/\/www.eldiario.net\/portal\/#\/schema\/logo\/image\/","url":"https:\/\/www.eldiario.net\/portal\/wp-content\/uploads\/2023\/07\/logo_ED.jpg","contentUrl":"https:\/\/www.eldiario.net\/portal\/wp-content\/uploads\/2023\/07\/logo_ED.jpg","width":272,"height":52,"caption":"El Diario - Decano de la prensa nacional"},"image":{"@id":"https:\/\/www.eldiario.net\/portal\/#\/schema\/logo\/image\/"},"sameAs":["https:\/\/www.facebook.com\/eldiario.bolivia\/","https:\/\/x.com\/eldiario_net"]},{"@type":"Person","@id":"https:\/\/www.eldiario.net\/portal\/#\/schema\/person\/3d6bd38bc7922cd9f6b692b3bfe47692","name":"Mariana Garnica","image":{"@type":"ImageObject","inLanguage":"es","@id":"https:\/\/secure.gravatar.com\/avatar\/41ff8773a042930478027d27070a9bf5dfb25b1f36d7245a4372dea1f9f295bf?s=96&d=mm&r=g","url":"https:\/\/secure.gravatar.com\/avatar\/41ff8773a042930478027d27070a9bf5dfb25b1f36d7245a4372dea1f9f295bf?s=96&d=mm&r=g","contentUrl":"https:\/\/secure.gravatar.com\/avatar\/41ff8773a042930478027d27070a9bf5dfb25b1f36d7245a4372dea1f9f295bf?s=96&d=mm&r=g","caption":"Mariana Garnica"},"url":"https:\/\/www.eldiario.net\/portal\/author\/manzanita\/"}]}},"_links":{"self":[{"href":"https:\/\/www.eldiario.net\/portal\/wp-json\/wp\/v2\/posts\/312616","targetHints":{"allow":["GET"]}}],"collection":[{"href":"https:\/\/www.eldiario.net\/portal\/wp-json\/wp\/v2\/posts"}],"about":[{"href":"https:\/\/www.eldiario.net\/portal\/wp-json\/wp\/v2\/types\/post"}],"author":[{"embeddable":true,"href":"https:\/\/www.eldiario.net\/portal\/wp-json\/wp\/v2\/users\/6"}],"replies":[{"embeddable":true,"href":"https:\/\/www.eldiario.net\/portal\/wp-json\/wp\/v2\/comments?post=312616"}],"version-history":[{"count":3,"href":"https:\/\/www.eldiario.net\/portal\/wp-json\/wp\/v2\/posts\/312616\/revisions"}],"predecessor-version":[{"id":312620,"href":"https:\/\/www.eldiario.net\/portal\/wp-json\/wp\/v2\/posts\/312616\/revisions\/312620"}],"wp:featuredmedia":[{"embeddable":true,"href":"https:\/\/www.eldiario.net\/portal\/wp-json\/wp\/v2\/media\/312617"}],"wp:attachment":[{"href":"https:\/\/www.eldiario.net\/portal\/wp-json\/wp\/v2\/media?parent=312616"}],"wp:term":[{"taxonomy":"category","embeddable":true,"href":"https:\/\/www.eldiario.net\/portal\/wp-json\/wp\/v2\/categories?post=312616"},{"taxonomy":"post_tag","embeddable":true,"href":"https:\/\/www.eldiario.net\/portal\/wp-json\/wp\/v2\/tags?post=312616"}],"curies":[{"name":"wp","href":"https:\/\/api.w.org\/{rel}","templated":true}]}}