{"id":312574,"date":"2025-06-27T09:34:26","date_gmt":"2025-06-27T13:34:26","guid":{"rendered":"https:\/\/www.eldiario.net\/portal\/?p=312574"},"modified":"2025-06-27T09:34:26","modified_gmt":"2025-06-27T13:34:26","slug":"tupiza-bloqueada-por-transportistas-que-exigen-mas-combustible-y-cambios-en-ypfb-930","status":"publish","type":"post","link":"https:\/\/www.eldiario.net\/portal\/2025\/06\/27\/tupiza-bloqueada-por-transportistas-que-exigen-mas-combustible-y-cambios-en-ypfb-930\/","title":{"rendered":"Tupiza bloqueada por transportistas que exigen m\u00e1s combustible y cambios en YPFB. (9:30)"},"content":{"rendered":"<p>Desde la medianoche de este viernes, el transporte sindicalizado de Tupiza ejecuta un bloqueo total en accesos, avenidas y carreteras que conectan la ciudad con Villaz\u00f3n, Uyuni y Potos\u00ed. La medida de presi\u00f3n responde a la falta de atenci\u00f3n de YPFB a sus demandas, que incluyen la destituci\u00f3n del jefe regional y del responsable del sistema de facturaci\u00f3n.<\/p>\n<p>Aunque en las ciudades capitales las filas por carburantes han disminuido en los \u00faltimos d\u00edas, la escasez persiste, especialmente en regiones alejadas como Tupiza. Los transportistas exigen un aumento inmediato en la dotaci\u00f3n: 15.000 litros m\u00e1s de gasolina y 20.000 de di\u00e9sel por estaci\u00f3n, ante lo que consideran un reparto insuficiente y mal gestionado del combustible<\/p>\n","protected":false},"excerpt":{"rendered":"<p>Desde la medianoche de este viernes, el transporte sindicalizado de Tupiza ejecuta un bloqueo total en accesos, avenidas y carreteras que conectan la ciudad con Villaz\u00f3n, Uyuni y Potos\u00ed. La medida de presi\u00f3n responde a la falta de atenci\u00f3n de YPFB a sus demandas, que incluyen la destituci\u00f3n del jefe regional y del responsable del [&hellip;]<\/p>\n","protected":false},"author":7,"featured_media":312575,"comment_status":"closed","ping_status":"open","sticky":false,"template":"","format":"standard","meta":{"_acf_changed":false,"footnotes":""},"categories":[51],"tags":[],"class_list":["post-312574","post","type-post","status-publish","format-standard","has-post-thumbnail","category-ultima-hora"],"acf":{"antetitulo":""},"yoast_head":"<!-- This site is optimized with the Yoast SEO plugin v28.4 - https:\/\/yoast.com\/product\/yoast-seo-wordpress\/ -->\n<title>Tupiza bloqueada por transportistas que exigen m\u00e1s combustible y cambios en YPFB. (9:30) - El Diario - Bolivia<\/title>\n<meta name=\"robots\" content=\"index, follow, max-snippet:-1, max-image-preview:large, max-video-preview:-1\" \/>\n<link rel=\"canonical\" href=\"https:\/\/www.eldiario.net\/portal\/2025\/06\/27\/tupiza-bloqueada-por-transportistas-que-exigen-mas-combustible-y-cambios-en-ypfb-930\/\" \/>\n<meta property=\"og:locale\" content=\"es_ES\" \/>\n<meta property=\"og:type\" content=\"article\" \/>\n<meta property=\"og:title\" content=\"Tupiza bloqueada por transportistas que exigen m\u00e1s combustible y cambios en YPFB. (9:30) - El Diario - Bolivia\" \/>\n<meta property=\"og:description\" content=\"Desde la medianoche de este viernes, el transporte sindicalizado de Tupiza ejecuta un bloqueo total en accesos, avenidas y carreteras que conectan la ciudad con Villaz\u00f3n, Uyuni y Potos\u00ed. La medida de presi\u00f3n responde a la falta de atenci\u00f3n de YPFB a sus demandas, que incluyen la destituci\u00f3n del jefe regional y del responsable del [&hellip;]\" \/>\n<meta property=\"og:url\" content=\"https:\/\/www.eldiario.net\/portal\/2025\/06\/27\/tupiza-bloqueada-por-transportistas-que-exigen-mas-combustible-y-cambios-en-ypfb-930\/\" \/>\n<meta property=\"og:site_name\" content=\"El Diario - Bolivia\" \/>\n<meta property=\"article:publisher\" content=\"https:\/\/www.facebook.com\/eldiario.bolivia\/\" \/>\n<meta property=\"article:published_time\" content=\"2025-06-27T13:34:26+00:00\" \/>\n<meta property=\"og:image\" content=\"https:\/\/www.eldiario.net\/portal\/wp-content\/uploads\/2025\/06\/tupiza-e1751031242250.jpg\" \/>\n\t<meta property=\"og:image:width\" content=\"400\" \/>\n\t<meta property=\"og:image:height\" content=\"225\" \/>\n\t<meta property=\"og:image:type\" content=\"image\/jpeg\" \/>\n<meta name=\"author\" content=\"Viviana Monrroy\" \/>\n<meta name=\"twitter:card\" content=\"summary_large_image\" \/>\n<meta name=\"twitter:creator\" content=\"@eldiario_net\" \/>\n<meta name=\"twitter:site\" content=\"@eldiario_net\" \/>\n<meta name=\"twitter:label1\" content=\"Escrito por\" \/>\n\t<meta name=\"twitter:data1\" content=\"Viviana Monrroy\" \/>\n\t<meta name=\"twitter:label2\" content=\"Tiempo de lectura\" \/>\n\t<meta name=\"twitter:data2\" content=\"1 minuto\" \/>\n<script type=\"application\/ld+json\" class=\"yoast-schema-graph\">{\"@context\":\"https:\\\/\\\/schema.org\",\"@graph\":[{\"@type\":\"Article\",\"@id\":\"https:\\\/\\\/www.eldiario.net\\\/portal\\\/2025\\\/06\\\/27\\\/tupiza-bloqueada-por-transportistas-que-exigen-mas-combustible-y-cambios-en-ypfb-930\\\/#article\",\"isPartOf\":{\"@id\":\"https:\\\/\\\/www.eldiario.net\\\/portal\\\/2025\\\/06\\\/27\\\/tupiza-bloqueada-por-transportistas-que-exigen-mas-combustible-y-cambios-en-ypfb-930\\\/\"},\"author\":{\"name\":\"Viviana Monrroy\",\"@id\":\"https:\\\/\\\/www.eldiario.net\\\/portal\\\/#\\\/schema\\\/person\\\/ba370d92d160f4d3574381f6d9b78fab\"},\"headline\":\"Tupiza bloqueada por transportistas que exigen m\u00e1s combustible y cambios en YPFB. (9:30)\",\"datePublished\":\"2025-06-27T13:34:26+00:00\",\"mainEntityOfPage\":{\"@id\":\"https:\\\/\\\/www.eldiario.net\\\/portal\\\/2025\\\/06\\\/27\\\/tupiza-bloqueada-por-transportistas-que-exigen-mas-combustible-y-cambios-en-ypfb-930\\\/\"},\"wordCount\":135,\"publisher\":{\"@id\":\"https:\\\/\\\/www.eldiario.net\\\/portal\\\/#organization\"},\"image\":{\"@id\":\"https:\\\/\\\/www.eldiario.net\\\/portal\\\/2025\\\/06\\\/27\\\/tupiza-bloqueada-por-transportistas-que-exigen-mas-combustible-y-cambios-en-ypfb-930\\\/#primaryimage\"},\"thumbnailUrl\":\"https:\\\/\\\/www.eldiario.net\\\/portal\\\/wp-content\\\/uploads\\\/2025\\\/06\\\/tupiza-e1751031242250.jpg\",\"articleSection\":[\"\u00daltima Hora\"],\"inLanguage\":\"es\"},{\"@type\":\"WebPage\",\"@id\":\"https:\\\/\\\/www.eldiario.net\\\/portal\\\/2025\\\/06\\\/27\\\/tupiza-bloqueada-por-transportistas-que-exigen-mas-combustible-y-cambios-en-ypfb-930\\\/\",\"url\":\"https:\\\/\\\/www.eldiario.net\\\/portal\\\/2025\\\/06\\\/27\\\/tupiza-bloqueada-por-transportistas-que-exigen-mas-combustible-y-cambios-en-ypfb-930\\\/\",\"name\":\"Tupiza bloqueada por transportistas que exigen m\u00e1s combustible y cambios en YPFB. (9:30) - El Diario - Bolivia\",\"isPartOf\":{\"@id\":\"https:\\\/\\\/www.eldiario.net\\\/portal\\\/#website\"},\"primaryImageOfPage\":{\"@id\":\"https:\\\/\\\/www.eldiario.net\\\/portal\\\/2025\\\/06\\\/27\\\/tupiza-bloqueada-por-transportistas-que-exigen-mas-combustible-y-cambios-en-ypfb-930\\\/#primaryimage\"},\"image\":{\"@id\":\"https:\\\/\\\/www.eldiario.net\\\/portal\\\/2025\\\/06\\\/27\\\/tupiza-bloqueada-por-transportistas-que-exigen-mas-combustible-y-cambios-en-ypfb-930\\\/#primaryimage\"},\"thumbnailUrl\":\"https:\\\/\\\/www.eldiario.net\\\/portal\\\/wp-content\\\/uploads\\\/2025\\\/06\\\/tupiza-e1751031242250.jpg\",\"datePublished\":\"2025-06-27T13:34:26+00:00\",\"breadcrumb\":{\"@id\":\"https:\\\/\\\/www.eldiario.net\\\/portal\\\/2025\\\/06\\\/27\\\/tupiza-bloqueada-por-transportistas-que-exigen-mas-combustible-y-cambios-en-ypfb-930\\\/#breadcrumb\"},\"inLanguage\":\"es\",\"potentialAction\":[{\"@type\":\"ReadAction\",\"target\":[\"https:\\\/\\\/www.eldiario.net\\\/portal\\\/2025\\\/06\\\/27\\\/tupiza-bloqueada-por-transportistas-que-exigen-mas-combustible-y-cambios-en-ypfb-930\\\/\"]}]},{\"@type\":\"ImageObject\",\"inLanguage\":\"es\",\"@id\":\"https:\\\/\\\/www.eldiario.net\\\/portal\\\/2025\\\/06\\\/27\\\/tupiza-bloqueada-por-transportistas-que-exigen-mas-combustible-y-cambios-en-ypfb-930\\\/#primaryimage\",\"url\":\"https:\\\/\\\/www.eldiario.net\\\/portal\\\/wp-content\\\/uploads\\\/2025\\\/06\\\/tupiza-e1751031242250.jpg\",\"contentUrl\":\"https:\\\/\\\/www.eldiario.net\\\/portal\\\/wp-content\\\/uploads\\\/2025\\\/06\\\/tupiza-e1751031242250.jpg\",\"width\":400,\"height\":225,\"caption\":\"Foto: RR.SS.\"},{\"@type\":\"BreadcrumbList\",\"@id\":\"https:\\\/\\\/www.eldiario.net\\\/portal\\\/2025\\\/06\\\/27\\\/tupiza-bloqueada-por-transportistas-que-exigen-mas-combustible-y-cambios-en-ypfb-930\\\/#breadcrumb\",\"itemListElement\":[{\"@type\":\"ListItem\",\"position\":1,\"name\":\"Portada\",\"item\":\"https:\\\/\\\/www.eldiario.net\\\/portal\\\/\"},{\"@type\":\"ListItem\",\"position\":2,\"name\":\"Tupiza bloqueada por transportistas que exigen m\u00e1s combustible y cambios en YPFB. (9:30)\"}]},{\"@type\":\"WebSite\",\"@id\":\"https:\\\/\\\/www.eldiario.net\\\/portal\\\/#website\",\"url\":\"https:\\\/\\\/www.eldiario.net\\\/portal\\\/\",\"name\":\"El Diario - Decano de la prensa nacional\",\"description\":\"El Diario - Decano de la prensa nacional\",\"publisher\":{\"@id\":\"https:\\\/\\\/www.eldiario.net\\\/portal\\\/#organization\"},\"potentialAction\":[{\"@type\":\"SearchAction\",\"target\":{\"@type\":\"EntryPoint\",\"urlTemplate\":\"https:\\\/\\\/www.eldiario.net\\\/portal\\\/?s={search_term_string}\"},\"query-input\":{\"@type\":\"PropertyValueSpecification\",\"valueRequired\":true,\"valueName\":\"search_term_string\"}}],\"inLanguage\":\"es\"},{\"@type\":\"Organization\",\"@id\":\"https:\\\/\\\/www.eldiario.net\\\/portal\\\/#organization\",\"name\":\"El Diario - Decano de la prensa nacional\",\"url\":\"https:\\\/\\\/www.eldiario.net\\\/portal\\\/\",\"logo\":{\"@type\":\"ImageObject\",\"inLanguage\":\"es\",\"@id\":\"https:\\\/\\\/www.eldiario.net\\\/portal\\\/#\\\/schema\\\/logo\\\/image\\\/\",\"url\":\"https:\\\/\\\/www.eldiario.net\\\/portal\\\/wp-content\\\/uploads\\\/2023\\\/07\\\/logo_ED.jpg\",\"contentUrl\":\"https:\\\/\\\/www.eldiario.net\\\/portal\\\/wp-content\\\/uploads\\\/2023\\\/07\\\/logo_ED.jpg\",\"width\":272,\"height\":52,\"caption\":\"El Diario - Decano de la prensa nacional\"},\"image\":{\"@id\":\"https:\\\/\\\/www.eldiario.net\\\/portal\\\/#\\\/schema\\\/logo\\\/image\\\/\"},\"sameAs\":[\"https:\\\/\\\/www.facebook.com\\\/eldiario.bolivia\\\/\",\"https:\\\/\\\/x.com\\\/eldiario_net\"]},{\"@type\":\"Person\",\"@id\":\"https:\\\/\\\/www.eldiario.net\\\/portal\\\/#\\\/schema\\\/person\\\/ba370d92d160f4d3574381f6d9b78fab\",\"name\":\"Viviana Monrroy\",\"image\":{\"@type\":\"ImageObject\",\"inLanguage\":\"es\",\"@id\":\"https:\\\/\\\/secure.gravatar.com\\\/avatar\\\/dfd1611ed5600959a0e5a9754503b6c05d1dcf190010998e0363aee2ad98afca?s=96&d=mm&r=g\",\"url\":\"https:\\\/\\\/secure.gravatar.com\\\/avatar\\\/dfd1611ed5600959a0e5a9754503b6c05d1dcf190010998e0363aee2ad98afca?s=96&d=mm&r=g\",\"contentUrl\":\"https:\\\/\\\/secure.gravatar.com\\\/avatar\\\/dfd1611ed5600959a0e5a9754503b6c05d1dcf190010998e0363aee2ad98afca?s=96&d=mm&r=g\",\"caption\":\"Viviana Monrroy\"},\"sameAs\":[\"http:\\\/\\\/www.eldiario.net\"],\"url\":\"https:\\\/\\\/www.eldiario.net\\\/portal\\\/author\\\/vivianamonrroy\\\/\"}]}<\/script>\n<!-- \/ Yoast SEO plugin. -->","yoast_head_json":{"title":"Tupiza bloqueada por transportistas que exigen m\u00e1s combustible y cambios en YPFB. (9:30) - El Diario - Bolivia","robots":{"index":"index","follow":"follow","max-snippet":"max-snippet:-1","max-image-preview":"max-image-preview:large","max-video-preview":"max-video-preview:-1"},"canonical":"https:\/\/www.eldiario.net\/portal\/2025\/06\/27\/tupiza-bloqueada-por-transportistas-que-exigen-mas-combustible-y-cambios-en-ypfb-930\/","og_locale":"es_ES","og_type":"article","og_title":"Tupiza bloqueada por transportistas que exigen m\u00e1s combustible y cambios en YPFB. (9:30) - El Diario - Bolivia","og_description":"Desde la medianoche de este viernes, el transporte sindicalizado de Tupiza ejecuta un bloqueo total en accesos, avenidas y carreteras que conectan la ciudad con Villaz\u00f3n, Uyuni y Potos\u00ed. La medida de presi\u00f3n responde a la falta de atenci\u00f3n de YPFB a sus demandas, que incluyen la destituci\u00f3n del jefe regional y del responsable del [&hellip;]","og_url":"https:\/\/www.eldiario.net\/portal\/2025\/06\/27\/tupiza-bloqueada-por-transportistas-que-exigen-mas-combustible-y-cambios-en-ypfb-930\/","og_site_name":"El Diario - Bolivia","article_publisher":"https:\/\/www.facebook.com\/eldiario.bolivia\/","article_published_time":"2025-06-27T13:34:26+00:00","og_image":[{"width":400,"height":225,"url":"https:\/\/www.eldiario.net\/portal\/wp-content\/uploads\/2025\/06\/tupiza-e1751031242250.jpg","type":"image\/jpeg"}],"author":"Viviana Monrroy","twitter_card":"summary_large_image","twitter_creator":"@eldiario_net","twitter_site":"@eldiario_net","twitter_misc":{"Escrito por":"Viviana Monrroy","Tiempo de lectura":"1 minuto"},"schema":{"@context":"https:\/\/schema.org","@graph":[{"@type":"Article","@id":"https:\/\/www.eldiario.net\/portal\/2025\/06\/27\/tupiza-bloqueada-por-transportistas-que-exigen-mas-combustible-y-cambios-en-ypfb-930\/#article","isPartOf":{"@id":"https:\/\/www.eldiario.net\/portal\/2025\/06\/27\/tupiza-bloqueada-por-transportistas-que-exigen-mas-combustible-y-cambios-en-ypfb-930\/"},"author":{"name":"Viviana Monrroy","@id":"https:\/\/www.eldiario.net\/portal\/#\/schema\/person\/ba370d92d160f4d3574381f6d9b78fab"},"headline":"Tupiza bloqueada por transportistas que exigen m\u00e1s combustible y cambios en YPFB. (9:30)","datePublished":"2025-06-27T13:34:26+00:00","mainEntityOfPage":{"@id":"https:\/\/www.eldiario.net\/portal\/2025\/06\/27\/tupiza-bloqueada-por-transportistas-que-exigen-mas-combustible-y-cambios-en-ypfb-930\/"},"wordCount":135,"publisher":{"@id":"https:\/\/www.eldiario.net\/portal\/#organization"},"image":{"@id":"https:\/\/www.eldiario.net\/portal\/2025\/06\/27\/tupiza-bloqueada-por-transportistas-que-exigen-mas-combustible-y-cambios-en-ypfb-930\/#primaryimage"},"thumbnailUrl":"https:\/\/www.eldiario.net\/portal\/wp-content\/uploads\/2025\/06\/tupiza-e1751031242250.jpg","articleSection":["\u00daltima Hora"],"inLanguage":"es"},{"@type":"WebPage","@id":"https:\/\/www.eldiario.net\/portal\/2025\/06\/27\/tupiza-bloqueada-por-transportistas-que-exigen-mas-combustible-y-cambios-en-ypfb-930\/","url":"https:\/\/www.eldiario.net\/portal\/2025\/06\/27\/tupiza-bloqueada-por-transportistas-que-exigen-mas-combustible-y-cambios-en-ypfb-930\/","name":"Tupiza bloqueada por transportistas que exigen m\u00e1s combustible y cambios en YPFB. (9:30) - El Diario - Bolivia","isPartOf":{"@id":"https:\/\/www.eldiario.net\/portal\/#website"},"primaryImageOfPage":{"@id":"https:\/\/www.eldiario.net\/portal\/2025\/06\/27\/tupiza-bloqueada-por-transportistas-que-exigen-mas-combustible-y-cambios-en-ypfb-930\/#primaryimage"},"image":{"@id":"https:\/\/www.eldiario.net\/portal\/2025\/06\/27\/tupiza-bloqueada-por-transportistas-que-exigen-mas-combustible-y-cambios-en-ypfb-930\/#primaryimage"},"thumbnailUrl":"https:\/\/www.eldiario.net\/portal\/wp-content\/uploads\/2025\/06\/tupiza-e1751031242250.jpg","datePublished":"2025-06-27T13:34:26+00:00","breadcrumb":{"@id":"https:\/\/www.eldiario.net\/portal\/2025\/06\/27\/tupiza-bloqueada-por-transportistas-que-exigen-mas-combustible-y-cambios-en-ypfb-930\/#breadcrumb"},"inLanguage":"es","potentialAction":[{"@type":"ReadAction","target":["https:\/\/www.eldiario.net\/portal\/2025\/06\/27\/tupiza-bloqueada-por-transportistas-que-exigen-mas-combustible-y-cambios-en-ypfb-930\/"]}]},{"@type":"ImageObject","inLanguage":"es","@id":"https:\/\/www.eldiario.net\/portal\/2025\/06\/27\/tupiza-bloqueada-por-transportistas-que-exigen-mas-combustible-y-cambios-en-ypfb-930\/#primaryimage","url":"https:\/\/www.eldiario.net\/portal\/wp-content\/uploads\/2025\/06\/tupiza-e1751031242250.jpg","contentUrl":"https:\/\/www.eldiario.net\/portal\/wp-content\/uploads\/2025\/06\/tupiza-e1751031242250.jpg","width":400,"height":225,"caption":"Foto: RR.SS."},{"@type":"BreadcrumbList","@id":"https:\/\/www.eldiario.net\/portal\/2025\/06\/27\/tupiza-bloqueada-por-transportistas-que-exigen-mas-combustible-y-cambios-en-ypfb-930\/#breadcrumb","itemListElement":[{"@type":"ListItem","position":1,"name":"Portada","item":"https:\/\/www.eldiario.net\/portal\/"},{"@type":"ListItem","position":2,"name":"Tupiza bloqueada por transportistas que exigen m\u00e1s combustible y cambios en YPFB. (9:30)"}]},{"@type":"WebSite","@id":"https:\/\/www.eldiario.net\/portal\/#website","url":"https:\/\/www.eldiario.net\/portal\/","name":"El Diario - Decano de la prensa nacional","description":"El Diario - Decano de la prensa nacional","publisher":{"@id":"https:\/\/www.eldiario.net\/portal\/#organization"},"potentialAction":[{"@type":"SearchAction","target":{"@type":"EntryPoint","urlTemplate":"https:\/\/www.eldiario.net\/portal\/?s={search_term_string}"},"query-input":{"@type":"PropertyValueSpecification","valueRequired":true,"valueName":"search_term_string"}}],"inLanguage":"es"},{"@type":"Organization","@id":"https:\/\/www.eldiario.net\/portal\/#organization","name":"El Diario - Decano de la prensa nacional","url":"https:\/\/www.eldiario.net\/portal\/","logo":{"@type":"ImageObject","inLanguage":"es","@id":"https:\/\/www.eldiario.net\/portal\/#\/schema\/logo\/image\/","url":"https:\/\/www.eldiario.net\/portal\/wp-content\/uploads\/2023\/07\/logo_ED.jpg","contentUrl":"https:\/\/www.eldiario.net\/portal\/wp-content\/uploads\/2023\/07\/logo_ED.jpg","width":272,"height":52,"caption":"El Diario - Decano de la prensa nacional"},"image":{"@id":"https:\/\/www.eldiario.net\/portal\/#\/schema\/logo\/image\/"},"sameAs":["https:\/\/www.facebook.com\/eldiario.bolivia\/","https:\/\/x.com\/eldiario_net"]},{"@type":"Person","@id":"https:\/\/www.eldiario.net\/portal\/#\/schema\/person\/ba370d92d160f4d3574381f6d9b78fab","name":"Viviana Monrroy","image":{"@type":"ImageObject","inLanguage":"es","@id":"https:\/\/secure.gravatar.com\/avatar\/dfd1611ed5600959a0e5a9754503b6c05d1dcf190010998e0363aee2ad98afca?s=96&d=mm&r=g","url":"https:\/\/secure.gravatar.com\/avatar\/dfd1611ed5600959a0e5a9754503b6c05d1dcf190010998e0363aee2ad98afca?s=96&d=mm&r=g","contentUrl":"https:\/\/secure.gravatar.com\/avatar\/dfd1611ed5600959a0e5a9754503b6c05d1dcf190010998e0363aee2ad98afca?s=96&d=mm&r=g","caption":"Viviana Monrroy"},"sameAs":["http:\/\/www.eldiario.net"],"url":"https:\/\/www.eldiario.net\/portal\/author\/vivianamonrroy\/"}]}},"_links":{"self":[{"href":"https:\/\/www.eldiario.net\/portal\/wp-json\/wp\/v2\/posts\/312574","targetHints":{"allow":["GET"]}}],"collection":[{"href":"https:\/\/www.eldiario.net\/portal\/wp-json\/wp\/v2\/posts"}],"about":[{"href":"https:\/\/www.eldiario.net\/portal\/wp-json\/wp\/v2\/types\/post"}],"author":[{"embeddable":true,"href":"https:\/\/www.eldiario.net\/portal\/wp-json\/wp\/v2\/users\/7"}],"replies":[{"embeddable":true,"href":"https:\/\/www.eldiario.net\/portal\/wp-json\/wp\/v2\/comments?post=312574"}],"version-history":[{"count":1,"href":"https:\/\/www.eldiario.net\/portal\/wp-json\/wp\/v2\/posts\/312574\/revisions"}],"predecessor-version":[{"id":312576,"href":"https:\/\/www.eldiario.net\/portal\/wp-json\/wp\/v2\/posts\/312574\/revisions\/312576"}],"wp:featuredmedia":[{"embeddable":true,"href":"https:\/\/www.eldiario.net\/portal\/wp-json\/wp\/v2\/media\/312575"}],"wp:attachment":[{"href":"https:\/\/www.eldiario.net\/portal\/wp-json\/wp\/v2\/media?parent=312574"}],"wp:term":[{"taxonomy":"category","embeddable":true,"href":"https:\/\/www.eldiario.net\/portal\/wp-json\/wp\/v2\/categories?post=312574"},{"taxonomy":"post_tag","embeddable":true,"href":"https:\/\/www.eldiario.net\/portal\/wp-json\/wp\/v2\/tags?post=312574"}],"curies":[{"name":"wp","href":"https:\/\/api.w.org\/{rel}","templated":true}]}}