{"id":312563,"date":"2025-06-27T06:17:44","date_gmt":"2025-06-27T10:17:44","guid":{"rendered":"https:\/\/www.eldiario.net\/portal\/?p=312563"},"modified":"2025-06-27T06:17:44","modified_gmt":"2025-06-27T10:17:44","slug":"sp-global-baja-calificacion-crediticia-de-bolivia-por-deuda","status":"publish","type":"post","link":"https:\/\/www.eldiario.net\/portal\/2025\/06\/27\/sp-global-baja-calificacion-crediticia-de-bolivia-por-deuda\/","title":{"rendered":"S&#038;P Global baja calificaci\u00f3n crediticia de Bolivia por deuda"},"content":{"rendered":"<p>La agencia de calificaci\u00f3n internacional S&amp;P Global Ratings ha reducido su calificaci\u00f3n crediticia soberana de Bolivia de CCC+ a CCC- debido a las dificultades del gobierno para pagar su deuda en el pr\u00f3ximo mes y a los disturbios pol\u00edticos.<br \/>\n\u201cEl estancamiento pol\u00edtico y el acceso restringido a los mercados externos de bonos siguen limitando la capacidad del pa\u00eds para revertir la erosi\u00f3n de su liquidez externa y su posici\u00f3n fiscal, lo que plantea riesgos para la estabilidad econ\u00f3mica y monetaria\u201d, esgrime la firma en un comunicado.<br \/>\nLa perspectiva es tan negativa que S&amp;P asegura poder rebajar a\u00fan m\u00e1s las calificaciones en los pr\u00f3ximos seis a doce meses si observan un mayor riesgo para el pago de la deuda. Para la agencia de calificaci\u00f3n, un intercambio o reestructuraci\u00f3n de deuda se considerar\u00eda como una situaci\u00f3n de riesgo y equivalente a un impago.<br \/>\nPor otro lado, el presidente Luis Arce reconoce que \u201cvivimos al d\u00eda\u201d con los d\u00f3lares, se van en combustible y deuda, no quedan para el mercado cambiario, se\u00f1ala una nota de Erbol.<br \/>\nPara el presidente del Colegio Departamental de Economistas de Tarija, Fernando Romero, los comentarios del presidente Arce son tristes, pero reales. \u201cLas finanzas estatales viven d\u00edas complicados\u201d, agreg\u00f3.<br \/>\nDijo que la actual situaci\u00f3n que registra el pa\u00eds, muestra que alguien no supo ahorrar y cosechar para sembrar, despu\u00e9s del auge econ\u00f3mico con la exportaci\u00f3n de gas natural a Brasil y Argentina.<\/p>\n","protected":false},"excerpt":{"rendered":"<p>La agencia de calificaci\u00f3n internacional S&amp;P Global Ratings ha reducido su calificaci\u00f3n crediticia soberana de Bolivia de CCC+ a CCC- debido a las dificultades del gobierno para pagar su deuda en el pr\u00f3ximo mes y a los disturbios pol\u00edticos. \u201cEl estancamiento pol\u00edtico y el acceso restringido a los mercados externos de bonos siguen limitando la [&hellip;]<\/p>\n","protected":false},"author":1,"featured_media":312564,"comment_status":"closed","ping_status":"open","sticky":false,"template":"","format":"standard","meta":{"_acf_changed":false,"footnotes":""},"categories":[17],"tags":[],"class_list":["post-312563","post","type-post","status-publish","format-standard","has-post-thumbnail","category-principal"],"acf":{"antetitulo":"Pone en duda capacidad de pago"},"yoast_head":"<!-- This site is optimized with the Yoast SEO plugin v28.4 - https:\/\/yoast.com\/product\/yoast-seo-wordpress\/ -->\n<title>S&amp;P Global baja calificaci\u00f3n crediticia de Bolivia por deuda - El Diario - Bolivia<\/title>\n<meta name=\"robots\" content=\"index, follow, max-snippet:-1, max-image-preview:large, max-video-preview:-1\" \/>\n<link rel=\"canonical\" href=\"https:\/\/www.eldiario.net\/portal\/2025\/06\/27\/sp-global-baja-calificacion-crediticia-de-bolivia-por-deuda\/\" \/>\n<meta property=\"og:locale\" content=\"es_ES\" \/>\n<meta property=\"og:type\" content=\"article\" \/>\n<meta property=\"og:title\" content=\"S&amp;P Global baja calificaci\u00f3n crediticia de Bolivia por deuda - El Diario - Bolivia\" \/>\n<meta property=\"og:description\" content=\"La agencia de calificaci\u00f3n internacional S&amp;P Global Ratings ha reducido su calificaci\u00f3n crediticia soberana de Bolivia de CCC+ a CCC- debido a las dificultades del gobierno para pagar su deuda en el pr\u00f3ximo mes y a los disturbios pol\u00edticos. \u201cEl estancamiento pol\u00edtico y el acceso restringido a los mercados externos de bonos siguen limitando la [&hellip;]\" \/>\n<meta property=\"og:url\" content=\"https:\/\/www.eldiario.net\/portal\/2025\/06\/27\/sp-global-baja-calificacion-crediticia-de-bolivia-por-deuda\/\" \/>\n<meta property=\"og:site_name\" content=\"El Diario - Bolivia\" \/>\n<meta property=\"article:publisher\" content=\"https:\/\/www.facebook.com\/eldiario.bolivia\/\" \/>\n<meta property=\"article:published_time\" content=\"2025-06-27T10:17:44+00:00\" \/>\n<meta property=\"og:image\" content=\"https:\/\/www.eldiario.net\/portal\/wp-content\/uploads\/2025\/06\/P-1-15-cm-x-10-6.webp\" \/>\n\t<meta property=\"og:image:width\" content=\"1024\" \/>\n\t<meta property=\"og:image:height\" content=\"696\" \/>\n\t<meta property=\"og:image:type\" content=\"image\/webp\" \/>\n<meta name=\"author\" content=\"Jeanette\" \/>\n<meta name=\"twitter:card\" content=\"summary_large_image\" \/>\n<meta name=\"twitter:creator\" content=\"@eldiario_net\" \/>\n<meta name=\"twitter:site\" content=\"@eldiario_net\" \/>\n<meta name=\"twitter:label1\" content=\"Escrito por\" \/>\n\t<meta name=\"twitter:data1\" content=\"Jeanette\" \/>\n\t<meta name=\"twitter:label2\" content=\"Tiempo de lectura\" \/>\n\t<meta name=\"twitter:data2\" content=\"2 minutos\" \/>\n<script type=\"application\/ld+json\" class=\"yoast-schema-graph\">{\"@context\":\"https:\\\/\\\/schema.org\",\"@graph\":[{\"@type\":\"Article\",\"@id\":\"https:\\\/\\\/www.eldiario.net\\\/portal\\\/2025\\\/06\\\/27\\\/sp-global-baja-calificacion-crediticia-de-bolivia-por-deuda\\\/#article\",\"isPartOf\":{\"@id\":\"https:\\\/\\\/www.eldiario.net\\\/portal\\\/2025\\\/06\\\/27\\\/sp-global-baja-calificacion-crediticia-de-bolivia-por-deuda\\\/\"},\"author\":{\"name\":\"Jeanette\",\"@id\":\"https:\\\/\\\/www.eldiario.net\\\/portal\\\/#\\\/schema\\\/person\\\/f46445640444750d7d753ccd04ae01b7\"},\"headline\":\"S&#038;P Global baja calificaci\u00f3n crediticia de Bolivia por deuda\",\"datePublished\":\"2025-06-27T10:17:44+00:00\",\"mainEntityOfPage\":{\"@id\":\"https:\\\/\\\/www.eldiario.net\\\/portal\\\/2025\\\/06\\\/27\\\/sp-global-baja-calificacion-crediticia-de-bolivia-por-deuda\\\/\"},\"wordCount\":274,\"publisher\":{\"@id\":\"https:\\\/\\\/www.eldiario.net\\\/portal\\\/#organization\"},\"image\":{\"@id\":\"https:\\\/\\\/www.eldiario.net\\\/portal\\\/2025\\\/06\\\/27\\\/sp-global-baja-calificacion-crediticia-de-bolivia-por-deuda\\\/#primaryimage\"},\"thumbnailUrl\":\"https:\\\/\\\/www.eldiario.net\\\/portal\\\/wp-content\\\/uploads\\\/2025\\\/06\\\/P-1-15-cm-x-10-6.webp\",\"articleSection\":[\"Principal\"],\"inLanguage\":\"es\"},{\"@type\":\"WebPage\",\"@id\":\"https:\\\/\\\/www.eldiario.net\\\/portal\\\/2025\\\/06\\\/27\\\/sp-global-baja-calificacion-crediticia-de-bolivia-por-deuda\\\/\",\"url\":\"https:\\\/\\\/www.eldiario.net\\\/portal\\\/2025\\\/06\\\/27\\\/sp-global-baja-calificacion-crediticia-de-bolivia-por-deuda\\\/\",\"name\":\"S&P Global baja calificaci\u00f3n crediticia de Bolivia por deuda - El Diario - Bolivia\",\"isPartOf\":{\"@id\":\"https:\\\/\\\/www.eldiario.net\\\/portal\\\/#website\"},\"primaryImageOfPage\":{\"@id\":\"https:\\\/\\\/www.eldiario.net\\\/portal\\\/2025\\\/06\\\/27\\\/sp-global-baja-calificacion-crediticia-de-bolivia-por-deuda\\\/#primaryimage\"},\"image\":{\"@id\":\"https:\\\/\\\/www.eldiario.net\\\/portal\\\/2025\\\/06\\\/27\\\/sp-global-baja-calificacion-crediticia-de-bolivia-por-deuda\\\/#primaryimage\"},\"thumbnailUrl\":\"https:\\\/\\\/www.eldiario.net\\\/portal\\\/wp-content\\\/uploads\\\/2025\\\/06\\\/P-1-15-cm-x-10-6.webp\",\"datePublished\":\"2025-06-27T10:17:44+00:00\",\"breadcrumb\":{\"@id\":\"https:\\\/\\\/www.eldiario.net\\\/portal\\\/2025\\\/06\\\/27\\\/sp-global-baja-calificacion-crediticia-de-bolivia-por-deuda\\\/#breadcrumb\"},\"inLanguage\":\"es\",\"potentialAction\":[{\"@type\":\"ReadAction\",\"target\":[\"https:\\\/\\\/www.eldiario.net\\\/portal\\\/2025\\\/06\\\/27\\\/sp-global-baja-calificacion-crediticia-de-bolivia-por-deuda\\\/\"]}]},{\"@type\":\"ImageObject\",\"inLanguage\":\"es\",\"@id\":\"https:\\\/\\\/www.eldiario.net\\\/portal\\\/2025\\\/06\\\/27\\\/sp-global-baja-calificacion-crediticia-de-bolivia-por-deuda\\\/#primaryimage\",\"url\":\"https:\\\/\\\/www.eldiario.net\\\/portal\\\/wp-content\\\/uploads\\\/2025\\\/06\\\/P-1-15-cm-x-10-6.webp\",\"contentUrl\":\"https:\\\/\\\/www.eldiario.net\\\/portal\\\/wp-content\\\/uploads\\\/2025\\\/06\\\/P-1-15-cm-x-10-6.webp\",\"width\":1024,\"height\":696,\"caption\":\"El estancamiento pol\u00edtico y el acceso restringido a los mercados externos de bonos siguen limitando la capacidad del pa\u00eds para revertir la erosi\u00f3n de su liquidez externa, seg\u00fan un comunicado.\"},{\"@type\":\"BreadcrumbList\",\"@id\":\"https:\\\/\\\/www.eldiario.net\\\/portal\\\/2025\\\/06\\\/27\\\/sp-global-baja-calificacion-crediticia-de-bolivia-por-deuda\\\/#breadcrumb\",\"itemListElement\":[{\"@type\":\"ListItem\",\"position\":1,\"name\":\"Portada\",\"item\":\"https:\\\/\\\/www.eldiario.net\\\/portal\\\/\"},{\"@type\":\"ListItem\",\"position\":2,\"name\":\"S&#038;P Global baja calificaci\u00f3n crediticia de Bolivia por deuda\"}]},{\"@type\":\"WebSite\",\"@id\":\"https:\\\/\\\/www.eldiario.net\\\/portal\\\/#website\",\"url\":\"https:\\\/\\\/www.eldiario.net\\\/portal\\\/\",\"name\":\"El Diario - Decano de la prensa nacional\",\"description\":\"El Diario - Decano de la prensa nacional\",\"publisher\":{\"@id\":\"https:\\\/\\\/www.eldiario.net\\\/portal\\\/#organization\"},\"potentialAction\":[{\"@type\":\"SearchAction\",\"target\":{\"@type\":\"EntryPoint\",\"urlTemplate\":\"https:\\\/\\\/www.eldiario.net\\\/portal\\\/?s={search_term_string}\"},\"query-input\":{\"@type\":\"PropertyValueSpecification\",\"valueRequired\":true,\"valueName\":\"search_term_string\"}}],\"inLanguage\":\"es\"},{\"@type\":\"Organization\",\"@id\":\"https:\\\/\\\/www.eldiario.net\\\/portal\\\/#organization\",\"name\":\"El Diario - Decano de la prensa nacional\",\"url\":\"https:\\\/\\\/www.eldiario.net\\\/portal\\\/\",\"logo\":{\"@type\":\"ImageObject\",\"inLanguage\":\"es\",\"@id\":\"https:\\\/\\\/www.eldiario.net\\\/portal\\\/#\\\/schema\\\/logo\\\/image\\\/\",\"url\":\"https:\\\/\\\/www.eldiario.net\\\/portal\\\/wp-content\\\/uploads\\\/2023\\\/07\\\/logo_ED.jpg\",\"contentUrl\":\"https:\\\/\\\/www.eldiario.net\\\/portal\\\/wp-content\\\/uploads\\\/2023\\\/07\\\/logo_ED.jpg\",\"width\":272,\"height\":52,\"caption\":\"El Diario - Decano de la prensa nacional\"},\"image\":{\"@id\":\"https:\\\/\\\/www.eldiario.net\\\/portal\\\/#\\\/schema\\\/logo\\\/image\\\/\"},\"sameAs\":[\"https:\\\/\\\/www.facebook.com\\\/eldiario.bolivia\\\/\",\"https:\\\/\\\/x.com\\\/eldiario_net\"]},{\"@type\":\"Person\",\"@id\":\"https:\\\/\\\/www.eldiario.net\\\/portal\\\/#\\\/schema\\\/person\\\/f46445640444750d7d753ccd04ae01b7\",\"name\":\"Jeanette\",\"image\":{\"@type\":\"ImageObject\",\"inLanguage\":\"es\",\"@id\":\"https:\\\/\\\/secure.gravatar.com\\\/avatar\\\/3ea2118a5f7dad2b7138b1187a6b7ee55f160b9968b66013c3a3ef39dd7e5798?s=96&d=mm&r=g\",\"url\":\"https:\\\/\\\/secure.gravatar.com\\\/avatar\\\/3ea2118a5f7dad2b7138b1187a6b7ee55f160b9968b66013c3a3ef39dd7e5798?s=96&d=mm&r=g\",\"contentUrl\":\"https:\\\/\\\/secure.gravatar.com\\\/avatar\\\/3ea2118a5f7dad2b7138b1187a6b7ee55f160b9968b66013c3a3ef39dd7e5798?s=96&d=mm&r=g\",\"caption\":\"Jeanette\"},\"sameAs\":[\"https:\\\/\\\/www.eldiario.net\\\/portal\"],\"url\":\"https:\\\/\\\/www.eldiario.net\\\/portal\\\/author\\\/jeanette\\\/\"}]}<\/script>\n<!-- \/ Yoast SEO plugin. -->","yoast_head_json":{"title":"S&P Global baja calificaci\u00f3n crediticia de Bolivia por deuda - El Diario - Bolivia","robots":{"index":"index","follow":"follow","max-snippet":"max-snippet:-1","max-image-preview":"max-image-preview:large","max-video-preview":"max-video-preview:-1"},"canonical":"https:\/\/www.eldiario.net\/portal\/2025\/06\/27\/sp-global-baja-calificacion-crediticia-de-bolivia-por-deuda\/","og_locale":"es_ES","og_type":"article","og_title":"S&P Global baja calificaci\u00f3n crediticia de Bolivia por deuda - El Diario - Bolivia","og_description":"La agencia de calificaci\u00f3n internacional S&amp;P Global Ratings ha reducido su calificaci\u00f3n crediticia soberana de Bolivia de CCC+ a CCC- debido a las dificultades del gobierno para pagar su deuda en el pr\u00f3ximo mes y a los disturbios pol\u00edticos. \u201cEl estancamiento pol\u00edtico y el acceso restringido a los mercados externos de bonos siguen limitando la [&hellip;]","og_url":"https:\/\/www.eldiario.net\/portal\/2025\/06\/27\/sp-global-baja-calificacion-crediticia-de-bolivia-por-deuda\/","og_site_name":"El Diario - Bolivia","article_publisher":"https:\/\/www.facebook.com\/eldiario.bolivia\/","article_published_time":"2025-06-27T10:17:44+00:00","og_image":[{"width":1024,"height":696,"url":"https:\/\/www.eldiario.net\/portal\/wp-content\/uploads\/2025\/06\/P-1-15-cm-x-10-6.webp","type":"image\/webp"}],"author":"Jeanette","twitter_card":"summary_large_image","twitter_creator":"@eldiario_net","twitter_site":"@eldiario_net","twitter_misc":{"Escrito por":"Jeanette","Tiempo de lectura":"2 minutos"},"schema":{"@context":"https:\/\/schema.org","@graph":[{"@type":"Article","@id":"https:\/\/www.eldiario.net\/portal\/2025\/06\/27\/sp-global-baja-calificacion-crediticia-de-bolivia-por-deuda\/#article","isPartOf":{"@id":"https:\/\/www.eldiario.net\/portal\/2025\/06\/27\/sp-global-baja-calificacion-crediticia-de-bolivia-por-deuda\/"},"author":{"name":"Jeanette","@id":"https:\/\/www.eldiario.net\/portal\/#\/schema\/person\/f46445640444750d7d753ccd04ae01b7"},"headline":"S&#038;P Global baja calificaci\u00f3n crediticia de Bolivia por deuda","datePublished":"2025-06-27T10:17:44+00:00","mainEntityOfPage":{"@id":"https:\/\/www.eldiario.net\/portal\/2025\/06\/27\/sp-global-baja-calificacion-crediticia-de-bolivia-por-deuda\/"},"wordCount":274,"publisher":{"@id":"https:\/\/www.eldiario.net\/portal\/#organization"},"image":{"@id":"https:\/\/www.eldiario.net\/portal\/2025\/06\/27\/sp-global-baja-calificacion-crediticia-de-bolivia-por-deuda\/#primaryimage"},"thumbnailUrl":"https:\/\/www.eldiario.net\/portal\/wp-content\/uploads\/2025\/06\/P-1-15-cm-x-10-6.webp","articleSection":["Principal"],"inLanguage":"es"},{"@type":"WebPage","@id":"https:\/\/www.eldiario.net\/portal\/2025\/06\/27\/sp-global-baja-calificacion-crediticia-de-bolivia-por-deuda\/","url":"https:\/\/www.eldiario.net\/portal\/2025\/06\/27\/sp-global-baja-calificacion-crediticia-de-bolivia-por-deuda\/","name":"S&P Global baja calificaci\u00f3n crediticia de Bolivia por deuda - El Diario - Bolivia","isPartOf":{"@id":"https:\/\/www.eldiario.net\/portal\/#website"},"primaryImageOfPage":{"@id":"https:\/\/www.eldiario.net\/portal\/2025\/06\/27\/sp-global-baja-calificacion-crediticia-de-bolivia-por-deuda\/#primaryimage"},"image":{"@id":"https:\/\/www.eldiario.net\/portal\/2025\/06\/27\/sp-global-baja-calificacion-crediticia-de-bolivia-por-deuda\/#primaryimage"},"thumbnailUrl":"https:\/\/www.eldiario.net\/portal\/wp-content\/uploads\/2025\/06\/P-1-15-cm-x-10-6.webp","datePublished":"2025-06-27T10:17:44+00:00","breadcrumb":{"@id":"https:\/\/www.eldiario.net\/portal\/2025\/06\/27\/sp-global-baja-calificacion-crediticia-de-bolivia-por-deuda\/#breadcrumb"},"inLanguage":"es","potentialAction":[{"@type":"ReadAction","target":["https:\/\/www.eldiario.net\/portal\/2025\/06\/27\/sp-global-baja-calificacion-crediticia-de-bolivia-por-deuda\/"]}]},{"@type":"ImageObject","inLanguage":"es","@id":"https:\/\/www.eldiario.net\/portal\/2025\/06\/27\/sp-global-baja-calificacion-crediticia-de-bolivia-por-deuda\/#primaryimage","url":"https:\/\/www.eldiario.net\/portal\/wp-content\/uploads\/2025\/06\/P-1-15-cm-x-10-6.webp","contentUrl":"https:\/\/www.eldiario.net\/portal\/wp-content\/uploads\/2025\/06\/P-1-15-cm-x-10-6.webp","width":1024,"height":696,"caption":"El estancamiento pol\u00edtico y el acceso restringido a los mercados externos de bonos siguen limitando la capacidad del pa\u00eds para revertir la erosi\u00f3n de su liquidez externa, seg\u00fan un comunicado."},{"@type":"BreadcrumbList","@id":"https:\/\/www.eldiario.net\/portal\/2025\/06\/27\/sp-global-baja-calificacion-crediticia-de-bolivia-por-deuda\/#breadcrumb","itemListElement":[{"@type":"ListItem","position":1,"name":"Portada","item":"https:\/\/www.eldiario.net\/portal\/"},{"@type":"ListItem","position":2,"name":"S&#038;P Global baja calificaci\u00f3n crediticia de Bolivia por deuda"}]},{"@type":"WebSite","@id":"https:\/\/www.eldiario.net\/portal\/#website","url":"https:\/\/www.eldiario.net\/portal\/","name":"El Diario - Decano de la prensa nacional","description":"El Diario - Decano de la prensa nacional","publisher":{"@id":"https:\/\/www.eldiario.net\/portal\/#organization"},"potentialAction":[{"@type":"SearchAction","target":{"@type":"EntryPoint","urlTemplate":"https:\/\/www.eldiario.net\/portal\/?s={search_term_string}"},"query-input":{"@type":"PropertyValueSpecification","valueRequired":true,"valueName":"search_term_string"}}],"inLanguage":"es"},{"@type":"Organization","@id":"https:\/\/www.eldiario.net\/portal\/#organization","name":"El Diario - Decano de la prensa nacional","url":"https:\/\/www.eldiario.net\/portal\/","logo":{"@type":"ImageObject","inLanguage":"es","@id":"https:\/\/www.eldiario.net\/portal\/#\/schema\/logo\/image\/","url":"https:\/\/www.eldiario.net\/portal\/wp-content\/uploads\/2023\/07\/logo_ED.jpg","contentUrl":"https:\/\/www.eldiario.net\/portal\/wp-content\/uploads\/2023\/07\/logo_ED.jpg","width":272,"height":52,"caption":"El Diario - Decano de la prensa nacional"},"image":{"@id":"https:\/\/www.eldiario.net\/portal\/#\/schema\/logo\/image\/"},"sameAs":["https:\/\/www.facebook.com\/eldiario.bolivia\/","https:\/\/x.com\/eldiario_net"]},{"@type":"Person","@id":"https:\/\/www.eldiario.net\/portal\/#\/schema\/person\/f46445640444750d7d753ccd04ae01b7","name":"Jeanette","image":{"@type":"ImageObject","inLanguage":"es","@id":"https:\/\/secure.gravatar.com\/avatar\/3ea2118a5f7dad2b7138b1187a6b7ee55f160b9968b66013c3a3ef39dd7e5798?s=96&d=mm&r=g","url":"https:\/\/secure.gravatar.com\/avatar\/3ea2118a5f7dad2b7138b1187a6b7ee55f160b9968b66013c3a3ef39dd7e5798?s=96&d=mm&r=g","contentUrl":"https:\/\/secure.gravatar.com\/avatar\/3ea2118a5f7dad2b7138b1187a6b7ee55f160b9968b66013c3a3ef39dd7e5798?s=96&d=mm&r=g","caption":"Jeanette"},"sameAs":["https:\/\/www.eldiario.net\/portal"],"url":"https:\/\/www.eldiario.net\/portal\/author\/jeanette\/"}]}},"_links":{"self":[{"href":"https:\/\/www.eldiario.net\/portal\/wp-json\/wp\/v2\/posts\/312563","targetHints":{"allow":["GET"]}}],"collection":[{"href":"https:\/\/www.eldiario.net\/portal\/wp-json\/wp\/v2\/posts"}],"about":[{"href":"https:\/\/www.eldiario.net\/portal\/wp-json\/wp\/v2\/types\/post"}],"author":[{"embeddable":true,"href":"https:\/\/www.eldiario.net\/portal\/wp-json\/wp\/v2\/users\/1"}],"replies":[{"embeddable":true,"href":"https:\/\/www.eldiario.net\/portal\/wp-json\/wp\/v2\/comments?post=312563"}],"version-history":[{"count":1,"href":"https:\/\/www.eldiario.net\/portal\/wp-json\/wp\/v2\/posts\/312563\/revisions"}],"predecessor-version":[{"id":312565,"href":"https:\/\/www.eldiario.net\/portal\/wp-json\/wp\/v2\/posts\/312563\/revisions\/312565"}],"wp:featuredmedia":[{"embeddable":true,"href":"https:\/\/www.eldiario.net\/portal\/wp-json\/wp\/v2\/media\/312564"}],"wp:attachment":[{"href":"https:\/\/www.eldiario.net\/portal\/wp-json\/wp\/v2\/media?parent=312563"}],"wp:term":[{"taxonomy":"category","embeddable":true,"href":"https:\/\/www.eldiario.net\/portal\/wp-json\/wp\/v2\/categories?post=312563"},{"taxonomy":"post_tag","embeddable":true,"href":"https:\/\/www.eldiario.net\/portal\/wp-json\/wp\/v2\/tags?post=312563"}],"curies":[{"name":"wp","href":"https:\/\/api.w.org\/{rel}","templated":true}]}}