{"id":312551,"date":"2025-06-27T06:12:31","date_gmt":"2025-06-27T10:12:31","guid":{"rendered":"https:\/\/www.eldiario.net\/portal\/?p=312551"},"modified":"2025-06-27T06:12:31","modified_gmt":"2025-06-27T10:12:31","slug":"admiten-recurso-para-inhabilitar-a-candidatos-que-no-dimitieron","status":"publish","type":"post","link":"https:\/\/www.eldiario.net\/portal\/2025\/06\/27\/admiten-recurso-para-inhabilitar-a-candidatos-que-no-dimitieron\/","title":{"rendered":"Admiten recurso para inhabilitar  a candidatos que no dimitieron"},"content":{"rendered":"<p>La Sala Constitucional Tercera de Santa Cruz admiti\u00f3 un recurso de acci\u00f3n de cumplimiento que busca inhabilitar a candidatos para las elecciones generales que no renunciaron a cargos electos, tanto en la Asamblea Legislativa como en gobiernos subnacionales. El Tribunal Supremo Electoral (TSE) expres\u00f3 su preocupaci\u00f3n y evoc\u00f3 el acuerdo interinstitucional destinado a respetar el desarrollo de los comicios.<br \/>\nLa posici\u00f3n institucional del TSE fue expresada a trav\u00e9s de un comunicado que fue le\u00eddo por el vocal electoral Gustavo \u00c1vila, quien precis\u00f3 que este fallo vulnera los principios de preclusi\u00f3n y pluralismo pol\u00edtico.<br \/>\nLa decisi\u00f3n de la citada sala constitucional, seg\u00fan el TSE, se\u00f1ala que al admitir la postulaci\u00f3n de candidatos que no renunciaron a ser diputados, senadores, alcaldes o concejales no se aplic\u00f3 la causal de inelegibilidad establecida en el par\u00e1grafo 3 del art\u00edculo 238 de la Constituci\u00f3n Pol\u00edtica del Estado, que indica que los postulantes deben renunciar a sus cargos electos tres meses antes de los comicios.<br \/>\nLa acci\u00f3n de cumplimiento y otros pedidos demandan la inhabilitaci\u00f3n de candidatos presidenciales como Manfred Reyes Villa, alcalde de Cochabamba; Eva Copa, alcaldesa de El Alto; o el senador Rodrigo Paz y otros parlamentarios por no haber cumplido con el requisito de haber renunciado a sus cargos 90 d\u00edas antes de las elecciones.<\/p>\n","protected":false},"excerpt":{"rendered":"<p>La Sala Constitucional Tercera de Santa Cruz admiti\u00f3 un recurso de acci\u00f3n de cumplimiento que busca inhabilitar a candidatos para las elecciones generales que no renunciaron a cargos electos, tanto en la Asamblea Legislativa como en gobiernos subnacionales. El Tribunal Supremo Electoral (TSE) expres\u00f3 su preocupaci\u00f3n y evoc\u00f3 el acuerdo interinstitucional destinado a respetar el [&hellip;]<\/p>\n","protected":false},"author":1,"featured_media":312552,"comment_status":"closed","ping_status":"open","sticky":false,"template":"","format":"standard","meta":{"_acf_changed":false,"footnotes":""},"categories":[15],"tags":[],"class_list":["post-312551","post","type-post","status-publish","format-standard","has-post-thumbnail","category-portada"],"acf":{"antetitulo":"TSE rechaza nuevas acciones judiciales"},"yoast_head":"<!-- This site is optimized with the Yoast SEO plugin v28.4 - https:\/\/yoast.com\/product\/yoast-seo-wordpress\/ -->\n<title>Admiten recurso para inhabilitar a candidatos que no dimitieron - El Diario - Bolivia<\/title>\n<meta name=\"robots\" content=\"index, follow, max-snippet:-1, max-image-preview:large, max-video-preview:-1\" \/>\n<link rel=\"canonical\" href=\"https:\/\/www.eldiario.net\/portal\/2025\/06\/27\/admiten-recurso-para-inhabilitar-a-candidatos-que-no-dimitieron\/\" \/>\n<meta property=\"og:locale\" content=\"es_ES\" \/>\n<meta property=\"og:type\" content=\"article\" \/>\n<meta property=\"og:title\" content=\"Admiten recurso para inhabilitar a candidatos que no dimitieron - El Diario - Bolivia\" \/>\n<meta property=\"og:description\" content=\"La Sala Constitucional Tercera de Santa Cruz admiti\u00f3 un recurso de acci\u00f3n de cumplimiento que busca inhabilitar a candidatos para las elecciones generales que no renunciaron a cargos electos, tanto en la Asamblea Legislativa como en gobiernos subnacionales. El Tribunal Supremo Electoral (TSE) expres\u00f3 su preocupaci\u00f3n y evoc\u00f3 el acuerdo interinstitucional destinado a respetar el [&hellip;]\" \/>\n<meta property=\"og:url\" content=\"https:\/\/www.eldiario.net\/portal\/2025\/06\/27\/admiten-recurso-para-inhabilitar-a-candidatos-que-no-dimitieron\/\" \/>\n<meta property=\"og:site_name\" content=\"El Diario - Bolivia\" \/>\n<meta property=\"article:publisher\" content=\"https:\/\/www.facebook.com\/eldiario.bolivia\/\" \/>\n<meta property=\"article:published_time\" content=\"2025-06-27T10:12:31+00:00\" \/>\n<meta property=\"og:image\" content=\"https:\/\/www.eldiario.net\/portal\/wp-content\/uploads\/2025\/06\/P-4-10-cm-x-7-11-scaled.webp\" \/>\n\t<meta property=\"og:image:width\" content=\"2560\" \/>\n\t<meta property=\"og:image:height\" content=\"1707\" \/>\n\t<meta property=\"og:image:type\" content=\"image\/webp\" \/>\n<meta name=\"author\" content=\"Jeanette\" \/>\n<meta name=\"twitter:card\" content=\"summary_large_image\" \/>\n<meta name=\"twitter:creator\" content=\"@eldiario_net\" \/>\n<meta name=\"twitter:site\" content=\"@eldiario_net\" \/>\n<meta name=\"twitter:label1\" content=\"Escrito por\" \/>\n\t<meta name=\"twitter:data1\" content=\"Jeanette\" \/>\n\t<meta name=\"twitter:label2\" content=\"Tiempo de lectura\" \/>\n\t<meta name=\"twitter:data2\" content=\"2 minutos\" \/>\n<script type=\"application\/ld+json\" class=\"yoast-schema-graph\">{\"@context\":\"https:\\\/\\\/schema.org\",\"@graph\":[{\"@type\":\"Article\",\"@id\":\"https:\\\/\\\/www.eldiario.net\\\/portal\\\/2025\\\/06\\\/27\\\/admiten-recurso-para-inhabilitar-a-candidatos-que-no-dimitieron\\\/#article\",\"isPartOf\":{\"@id\":\"https:\\\/\\\/www.eldiario.net\\\/portal\\\/2025\\\/06\\\/27\\\/admiten-recurso-para-inhabilitar-a-candidatos-que-no-dimitieron\\\/\"},\"author\":{\"name\":\"Jeanette\",\"@id\":\"https:\\\/\\\/www.eldiario.net\\\/portal\\\/#\\\/schema\\\/person\\\/f46445640444750d7d753ccd04ae01b7\"},\"headline\":\"Admiten recurso para inhabilitar a candidatos que no dimitieron\",\"datePublished\":\"2025-06-27T10:12:31+00:00\",\"mainEntityOfPage\":{\"@id\":\"https:\\\/\\\/www.eldiario.net\\\/portal\\\/2025\\\/06\\\/27\\\/admiten-recurso-para-inhabilitar-a-candidatos-que-no-dimitieron\\\/\"},\"wordCount\":236,\"publisher\":{\"@id\":\"https:\\\/\\\/www.eldiario.net\\\/portal\\\/#organization\"},\"image\":{\"@id\":\"https:\\\/\\\/www.eldiario.net\\\/portal\\\/2025\\\/06\\\/27\\\/admiten-recurso-para-inhabilitar-a-candidatos-que-no-dimitieron\\\/#primaryimage\"},\"thumbnailUrl\":\"https:\\\/\\\/www.eldiario.net\\\/portal\\\/wp-content\\\/uploads\\\/2025\\\/06\\\/P-4-10-cm-x-7-11-scaled.webp\",\"articleSection\":[\"Portada\"],\"inLanguage\":\"es\"},{\"@type\":\"WebPage\",\"@id\":\"https:\\\/\\\/www.eldiario.net\\\/portal\\\/2025\\\/06\\\/27\\\/admiten-recurso-para-inhabilitar-a-candidatos-que-no-dimitieron\\\/\",\"url\":\"https:\\\/\\\/www.eldiario.net\\\/portal\\\/2025\\\/06\\\/27\\\/admiten-recurso-para-inhabilitar-a-candidatos-que-no-dimitieron\\\/\",\"name\":\"Admiten recurso para inhabilitar a candidatos que no dimitieron - El Diario - Bolivia\",\"isPartOf\":{\"@id\":\"https:\\\/\\\/www.eldiario.net\\\/portal\\\/#website\"},\"primaryImageOfPage\":{\"@id\":\"https:\\\/\\\/www.eldiario.net\\\/portal\\\/2025\\\/06\\\/27\\\/admiten-recurso-para-inhabilitar-a-candidatos-que-no-dimitieron\\\/#primaryimage\"},\"image\":{\"@id\":\"https:\\\/\\\/www.eldiario.net\\\/portal\\\/2025\\\/06\\\/27\\\/admiten-recurso-para-inhabilitar-a-candidatos-que-no-dimitieron\\\/#primaryimage\"},\"thumbnailUrl\":\"https:\\\/\\\/www.eldiario.net\\\/portal\\\/wp-content\\\/uploads\\\/2025\\\/06\\\/P-4-10-cm-x-7-11-scaled.webp\",\"datePublished\":\"2025-06-27T10:12:31+00:00\",\"breadcrumb\":{\"@id\":\"https:\\\/\\\/www.eldiario.net\\\/portal\\\/2025\\\/06\\\/27\\\/admiten-recurso-para-inhabilitar-a-candidatos-que-no-dimitieron\\\/#breadcrumb\"},\"inLanguage\":\"es\",\"potentialAction\":[{\"@type\":\"ReadAction\",\"target\":[\"https:\\\/\\\/www.eldiario.net\\\/portal\\\/2025\\\/06\\\/27\\\/admiten-recurso-para-inhabilitar-a-candidatos-que-no-dimitieron\\\/\"]}]},{\"@type\":\"ImageObject\",\"inLanguage\":\"es\",\"@id\":\"https:\\\/\\\/www.eldiario.net\\\/portal\\\/2025\\\/06\\\/27\\\/admiten-recurso-para-inhabilitar-a-candidatos-que-no-dimitieron\\\/#primaryimage\",\"url\":\"https:\\\/\\\/www.eldiario.net\\\/portal\\\/wp-content\\\/uploads\\\/2025\\\/06\\\/P-4-10-cm-x-7-11-scaled.webp\",\"contentUrl\":\"https:\\\/\\\/www.eldiario.net\\\/portal\\\/wp-content\\\/uploads\\\/2025\\\/06\\\/P-4-10-cm-x-7-11-scaled.webp\",\"width\":2560,\"height\":1707,\"caption\":\"Vocal del TSE, Gustavo \u00c1vila.\"},{\"@type\":\"BreadcrumbList\",\"@id\":\"https:\\\/\\\/www.eldiario.net\\\/portal\\\/2025\\\/06\\\/27\\\/admiten-recurso-para-inhabilitar-a-candidatos-que-no-dimitieron\\\/#breadcrumb\",\"itemListElement\":[{\"@type\":\"ListItem\",\"position\":1,\"name\":\"Portada\",\"item\":\"https:\\\/\\\/www.eldiario.net\\\/portal\\\/\"},{\"@type\":\"ListItem\",\"position\":2,\"name\":\"Admiten recurso para inhabilitar a candidatos que no dimitieron\"}]},{\"@type\":\"WebSite\",\"@id\":\"https:\\\/\\\/www.eldiario.net\\\/portal\\\/#website\",\"url\":\"https:\\\/\\\/www.eldiario.net\\\/portal\\\/\",\"name\":\"El Diario - Decano de la prensa nacional\",\"description\":\"El Diario - Decano de la prensa nacional\",\"publisher\":{\"@id\":\"https:\\\/\\\/www.eldiario.net\\\/portal\\\/#organization\"},\"potentialAction\":[{\"@type\":\"SearchAction\",\"target\":{\"@type\":\"EntryPoint\",\"urlTemplate\":\"https:\\\/\\\/www.eldiario.net\\\/portal\\\/?s={search_term_string}\"},\"query-input\":{\"@type\":\"PropertyValueSpecification\",\"valueRequired\":true,\"valueName\":\"search_term_string\"}}],\"inLanguage\":\"es\"},{\"@type\":\"Organization\",\"@id\":\"https:\\\/\\\/www.eldiario.net\\\/portal\\\/#organization\",\"name\":\"El Diario - Decano de la prensa nacional\",\"url\":\"https:\\\/\\\/www.eldiario.net\\\/portal\\\/\",\"logo\":{\"@type\":\"ImageObject\",\"inLanguage\":\"es\",\"@id\":\"https:\\\/\\\/www.eldiario.net\\\/portal\\\/#\\\/schema\\\/logo\\\/image\\\/\",\"url\":\"https:\\\/\\\/www.eldiario.net\\\/portal\\\/wp-content\\\/uploads\\\/2023\\\/07\\\/logo_ED.jpg\",\"contentUrl\":\"https:\\\/\\\/www.eldiario.net\\\/portal\\\/wp-content\\\/uploads\\\/2023\\\/07\\\/logo_ED.jpg\",\"width\":272,\"height\":52,\"caption\":\"El Diario - Decano de la prensa nacional\"},\"image\":{\"@id\":\"https:\\\/\\\/www.eldiario.net\\\/portal\\\/#\\\/schema\\\/logo\\\/image\\\/\"},\"sameAs\":[\"https:\\\/\\\/www.facebook.com\\\/eldiario.bolivia\\\/\",\"https:\\\/\\\/x.com\\\/eldiario_net\"]},{\"@type\":\"Person\",\"@id\":\"https:\\\/\\\/www.eldiario.net\\\/portal\\\/#\\\/schema\\\/person\\\/f46445640444750d7d753ccd04ae01b7\",\"name\":\"Jeanette\",\"image\":{\"@type\":\"ImageObject\",\"inLanguage\":\"es\",\"@id\":\"https:\\\/\\\/secure.gravatar.com\\\/avatar\\\/3ea2118a5f7dad2b7138b1187a6b7ee55f160b9968b66013c3a3ef39dd7e5798?s=96&d=mm&r=g\",\"url\":\"https:\\\/\\\/secure.gravatar.com\\\/avatar\\\/3ea2118a5f7dad2b7138b1187a6b7ee55f160b9968b66013c3a3ef39dd7e5798?s=96&d=mm&r=g\",\"contentUrl\":\"https:\\\/\\\/secure.gravatar.com\\\/avatar\\\/3ea2118a5f7dad2b7138b1187a6b7ee55f160b9968b66013c3a3ef39dd7e5798?s=96&d=mm&r=g\",\"caption\":\"Jeanette\"},\"sameAs\":[\"https:\\\/\\\/www.eldiario.net\\\/portal\"],\"url\":\"https:\\\/\\\/www.eldiario.net\\\/portal\\\/author\\\/jeanette\\\/\"}]}<\/script>\n<!-- \/ Yoast SEO plugin. -->","yoast_head_json":{"title":"Admiten recurso para inhabilitar a candidatos que no dimitieron - El Diario - Bolivia","robots":{"index":"index","follow":"follow","max-snippet":"max-snippet:-1","max-image-preview":"max-image-preview:large","max-video-preview":"max-video-preview:-1"},"canonical":"https:\/\/www.eldiario.net\/portal\/2025\/06\/27\/admiten-recurso-para-inhabilitar-a-candidatos-que-no-dimitieron\/","og_locale":"es_ES","og_type":"article","og_title":"Admiten recurso para inhabilitar a candidatos que no dimitieron - El Diario - Bolivia","og_description":"La Sala Constitucional Tercera de Santa Cruz admiti\u00f3 un recurso de acci\u00f3n de cumplimiento que busca inhabilitar a candidatos para las elecciones generales que no renunciaron a cargos electos, tanto en la Asamblea Legislativa como en gobiernos subnacionales. El Tribunal Supremo Electoral (TSE) expres\u00f3 su preocupaci\u00f3n y evoc\u00f3 el acuerdo interinstitucional destinado a respetar el [&hellip;]","og_url":"https:\/\/www.eldiario.net\/portal\/2025\/06\/27\/admiten-recurso-para-inhabilitar-a-candidatos-que-no-dimitieron\/","og_site_name":"El Diario - Bolivia","article_publisher":"https:\/\/www.facebook.com\/eldiario.bolivia\/","article_published_time":"2025-06-27T10:12:31+00:00","og_image":[{"width":2560,"height":1707,"url":"https:\/\/www.eldiario.net\/portal\/wp-content\/uploads\/2025\/06\/P-4-10-cm-x-7-11-scaled.webp","type":"image\/webp"}],"author":"Jeanette","twitter_card":"summary_large_image","twitter_creator":"@eldiario_net","twitter_site":"@eldiario_net","twitter_misc":{"Escrito por":"Jeanette","Tiempo de lectura":"2 minutos"},"schema":{"@context":"https:\/\/schema.org","@graph":[{"@type":"Article","@id":"https:\/\/www.eldiario.net\/portal\/2025\/06\/27\/admiten-recurso-para-inhabilitar-a-candidatos-que-no-dimitieron\/#article","isPartOf":{"@id":"https:\/\/www.eldiario.net\/portal\/2025\/06\/27\/admiten-recurso-para-inhabilitar-a-candidatos-que-no-dimitieron\/"},"author":{"name":"Jeanette","@id":"https:\/\/www.eldiario.net\/portal\/#\/schema\/person\/f46445640444750d7d753ccd04ae01b7"},"headline":"Admiten recurso para inhabilitar a candidatos que no dimitieron","datePublished":"2025-06-27T10:12:31+00:00","mainEntityOfPage":{"@id":"https:\/\/www.eldiario.net\/portal\/2025\/06\/27\/admiten-recurso-para-inhabilitar-a-candidatos-que-no-dimitieron\/"},"wordCount":236,"publisher":{"@id":"https:\/\/www.eldiario.net\/portal\/#organization"},"image":{"@id":"https:\/\/www.eldiario.net\/portal\/2025\/06\/27\/admiten-recurso-para-inhabilitar-a-candidatos-que-no-dimitieron\/#primaryimage"},"thumbnailUrl":"https:\/\/www.eldiario.net\/portal\/wp-content\/uploads\/2025\/06\/P-4-10-cm-x-7-11-scaled.webp","articleSection":["Portada"],"inLanguage":"es"},{"@type":"WebPage","@id":"https:\/\/www.eldiario.net\/portal\/2025\/06\/27\/admiten-recurso-para-inhabilitar-a-candidatos-que-no-dimitieron\/","url":"https:\/\/www.eldiario.net\/portal\/2025\/06\/27\/admiten-recurso-para-inhabilitar-a-candidatos-que-no-dimitieron\/","name":"Admiten recurso para inhabilitar a candidatos que no dimitieron - El Diario - Bolivia","isPartOf":{"@id":"https:\/\/www.eldiario.net\/portal\/#website"},"primaryImageOfPage":{"@id":"https:\/\/www.eldiario.net\/portal\/2025\/06\/27\/admiten-recurso-para-inhabilitar-a-candidatos-que-no-dimitieron\/#primaryimage"},"image":{"@id":"https:\/\/www.eldiario.net\/portal\/2025\/06\/27\/admiten-recurso-para-inhabilitar-a-candidatos-que-no-dimitieron\/#primaryimage"},"thumbnailUrl":"https:\/\/www.eldiario.net\/portal\/wp-content\/uploads\/2025\/06\/P-4-10-cm-x-7-11-scaled.webp","datePublished":"2025-06-27T10:12:31+00:00","breadcrumb":{"@id":"https:\/\/www.eldiario.net\/portal\/2025\/06\/27\/admiten-recurso-para-inhabilitar-a-candidatos-que-no-dimitieron\/#breadcrumb"},"inLanguage":"es","potentialAction":[{"@type":"ReadAction","target":["https:\/\/www.eldiario.net\/portal\/2025\/06\/27\/admiten-recurso-para-inhabilitar-a-candidatos-que-no-dimitieron\/"]}]},{"@type":"ImageObject","inLanguage":"es","@id":"https:\/\/www.eldiario.net\/portal\/2025\/06\/27\/admiten-recurso-para-inhabilitar-a-candidatos-que-no-dimitieron\/#primaryimage","url":"https:\/\/www.eldiario.net\/portal\/wp-content\/uploads\/2025\/06\/P-4-10-cm-x-7-11-scaled.webp","contentUrl":"https:\/\/www.eldiario.net\/portal\/wp-content\/uploads\/2025\/06\/P-4-10-cm-x-7-11-scaled.webp","width":2560,"height":1707,"caption":"Vocal del TSE, Gustavo \u00c1vila."},{"@type":"BreadcrumbList","@id":"https:\/\/www.eldiario.net\/portal\/2025\/06\/27\/admiten-recurso-para-inhabilitar-a-candidatos-que-no-dimitieron\/#breadcrumb","itemListElement":[{"@type":"ListItem","position":1,"name":"Portada","item":"https:\/\/www.eldiario.net\/portal\/"},{"@type":"ListItem","position":2,"name":"Admiten recurso para inhabilitar a candidatos que no dimitieron"}]},{"@type":"WebSite","@id":"https:\/\/www.eldiario.net\/portal\/#website","url":"https:\/\/www.eldiario.net\/portal\/","name":"El Diario - Decano de la prensa nacional","description":"El Diario - Decano de la prensa nacional","publisher":{"@id":"https:\/\/www.eldiario.net\/portal\/#organization"},"potentialAction":[{"@type":"SearchAction","target":{"@type":"EntryPoint","urlTemplate":"https:\/\/www.eldiario.net\/portal\/?s={search_term_string}"},"query-input":{"@type":"PropertyValueSpecification","valueRequired":true,"valueName":"search_term_string"}}],"inLanguage":"es"},{"@type":"Organization","@id":"https:\/\/www.eldiario.net\/portal\/#organization","name":"El Diario - Decano de la prensa nacional","url":"https:\/\/www.eldiario.net\/portal\/","logo":{"@type":"ImageObject","inLanguage":"es","@id":"https:\/\/www.eldiario.net\/portal\/#\/schema\/logo\/image\/","url":"https:\/\/www.eldiario.net\/portal\/wp-content\/uploads\/2023\/07\/logo_ED.jpg","contentUrl":"https:\/\/www.eldiario.net\/portal\/wp-content\/uploads\/2023\/07\/logo_ED.jpg","width":272,"height":52,"caption":"El Diario - Decano de la prensa nacional"},"image":{"@id":"https:\/\/www.eldiario.net\/portal\/#\/schema\/logo\/image\/"},"sameAs":["https:\/\/www.facebook.com\/eldiario.bolivia\/","https:\/\/x.com\/eldiario_net"]},{"@type":"Person","@id":"https:\/\/www.eldiario.net\/portal\/#\/schema\/person\/f46445640444750d7d753ccd04ae01b7","name":"Jeanette","image":{"@type":"ImageObject","inLanguage":"es","@id":"https:\/\/secure.gravatar.com\/avatar\/3ea2118a5f7dad2b7138b1187a6b7ee55f160b9968b66013c3a3ef39dd7e5798?s=96&d=mm&r=g","url":"https:\/\/secure.gravatar.com\/avatar\/3ea2118a5f7dad2b7138b1187a6b7ee55f160b9968b66013c3a3ef39dd7e5798?s=96&d=mm&r=g","contentUrl":"https:\/\/secure.gravatar.com\/avatar\/3ea2118a5f7dad2b7138b1187a6b7ee55f160b9968b66013c3a3ef39dd7e5798?s=96&d=mm&r=g","caption":"Jeanette"},"sameAs":["https:\/\/www.eldiario.net\/portal"],"url":"https:\/\/www.eldiario.net\/portal\/author\/jeanette\/"}]}},"_links":{"self":[{"href":"https:\/\/www.eldiario.net\/portal\/wp-json\/wp\/v2\/posts\/312551","targetHints":{"allow":["GET"]}}],"collection":[{"href":"https:\/\/www.eldiario.net\/portal\/wp-json\/wp\/v2\/posts"}],"about":[{"href":"https:\/\/www.eldiario.net\/portal\/wp-json\/wp\/v2\/types\/post"}],"author":[{"embeddable":true,"href":"https:\/\/www.eldiario.net\/portal\/wp-json\/wp\/v2\/users\/1"}],"replies":[{"embeddable":true,"href":"https:\/\/www.eldiario.net\/portal\/wp-json\/wp\/v2\/comments?post=312551"}],"version-history":[{"count":1,"href":"https:\/\/www.eldiario.net\/portal\/wp-json\/wp\/v2\/posts\/312551\/revisions"}],"predecessor-version":[{"id":312553,"href":"https:\/\/www.eldiario.net\/portal\/wp-json\/wp\/v2\/posts\/312551\/revisions\/312553"}],"wp:featuredmedia":[{"embeddable":true,"href":"https:\/\/www.eldiario.net\/portal\/wp-json\/wp\/v2\/media\/312552"}],"wp:attachment":[{"href":"https:\/\/www.eldiario.net\/portal\/wp-json\/wp\/v2\/media?parent=312551"}],"wp:term":[{"taxonomy":"category","embeddable":true,"href":"https:\/\/www.eldiario.net\/portal\/wp-json\/wp\/v2\/categories?post=312551"},{"taxonomy":"post_tag","embeddable":true,"href":"https:\/\/www.eldiario.net\/portal\/wp-json\/wp\/v2\/tags?post=312551"}],"curies":[{"name":"wp","href":"https:\/\/api.w.org\/{rel}","templated":true}]}}