{"id":312544,"date":"2025-06-27T06:08:57","date_gmt":"2025-06-27T10:08:57","guid":{"rendered":"https:\/\/www.eldiario.net\/portal\/?p=312544"},"modified":"2025-06-27T06:08:57","modified_gmt":"2025-06-27T10:08:57","slug":"tibios-y-neutrales","status":"publish","type":"post","link":"https:\/\/www.eldiario.net\/portal\/2025\/06\/27\/tibios-y-neutrales\/","title":{"rendered":"Tibios y \u201cneutrales\u201d"},"content":{"rendered":"<p>No solo el Dios del Apocalipsis, tambi\u00e9n algunos pensadores del mundo antiguo como S\u00f3crates o el moderado Arist\u00f3teles vomitar\u00edan en la cara de un tibio. Antes de hacerlo, el fil\u00f3sofo ateniense le dir\u00eda que la hipocres\u00eda es un vicio despreciable, pero con m\u00e1s claridad el genio de Estagira le dir\u00eda que la felicidad consiste en hacer el bien. Y el bien, en ciertos contextos de tensi\u00f3n o miseria, consiste no precisamente en alcanzar la paz social o salvar los ecosistemas, sino solo en tomar partido por una causa.<br \/>\nEl an\u00e1lisis cr\u00edtico, el que se coloca en la izquierda y la derecha, analiza el objeto desde diferentes \u00e1ngulos y estima las cosas desde diversas posiciones, es vital para entender el mundo con algo de objetividad, sobre todo en este tiempo de informaci\u00f3n falsa o desfigurante. Incluso dir\u00eda que es \u00fatil y hasta caritativo callar la boca (permanecer callados cuando para nada sirven es, si seguimos a Humberto Eco, un deber moral para los intelectuales).<br \/>\nHay contextos en los que hacerse el neutral o el cr\u00edtico que analiza todas las facetas del fen\u00f3meno, guarda \u201cprudente distancia\u201d y no denuncia o no acusa, resulta cuando menos indiferente ante el sufrimiento ajeno: bajo el pretexto de analizar cient\u00edficamente el hecho y darlo a conocer \u201cacad\u00e9micamente\u201d, no se puede ser neutral, por ejemplo, ante el avasallamiento de un bellaco o ante la escena de un mendigo siendo maltratado por un arrogante millonario.<br \/>\nEl radicalismo de los tibios puede deberse a factores de aut\u00e9ntica pacater\u00eda, pero tambi\u00e9n a motivos de c\u00e1lculo laboral o de prestigio personal, lo cual resulta m\u00e1s despreciable que lo primero. No debe confundirse a los tibios con los oportunistas, pues para ser oportunista no siempre hay que ser tibio; sin embargo, el tibio suele actuar con algo de oportunismo: para estar bien con Dios y con el Diablo. En todo caso, la tibieza, por uno u otro motivo, no resulta eficaz, salvo para quien se salva de ser tildado de facho o izquierdista, y ni para \u00e9l mismo; pero lo que a veces no sabe el tibio es que su pacater\u00eda radical puede ser tan nefasta como el radicalismo zurdo o el radicalismo derechista de los que se quiere alejar. En consecuencia, el justo medio aristot\u00e9lico, la median\u00eda de oro de Horacio, no resulta siendo la \u201cneutralidad\u201d, sino la toma de posici\u00f3n.<br \/>\nLo digo porque en el complicado ambiente que se instaur\u00f3 (nuevamente) en Bolivia en las \u00faltimas semanas, el silencio de \u201canalistas\u201d y \u201cperiodistas\u201d neutrales o tibios ha sido m\u00e1s ruidoso que los tuits o proclamas de los liberales, dem\u00f3cratas o fachos m\u00e1s aguerridos: no llamaron terroristas a los terroristas, no sacaron cara por los llallag\u00fce\u00f1os dinamitados, no denunciaron las tropel\u00edas de Morales; en el mejor de los casos, los pocos que abrieron la boca convocaron a la \u201creconciliaci\u00f3n nacional\u201d y maquillaron la realidad con eufemismos. Pero temo que los m\u00e1s nada dijeron.<br \/>\nHay ciertas circunstancias en que la neutralidad resulta tal vez m\u00e1s despreciable que las posiciones que son contrarias a las que uno profesa o que las de extrema izquierda o extrema derecha. Estado de derecho. Democracia. Libertad. Justicia. Transparencia\u2026 Son algunos valores ante los que nunca se deber\u00eda ser neutral ni tibio, sino que se los deber\u00eda militar, no solo desde la pol\u00edtica: tambi\u00e9n desde el periodismo o la academia. Hay ciertas circunstancias, como la de ahora en Bolivia, en las que la l\u00ednea divisoria entre el Bien y el Mal est\u00e1 clara y no hay espacio para la relativizaci\u00f3n o el buenismo. En esas circunstancias, no existen los grises. Y decantarse por el bando bueno (o, si se quiere, menos malo) no puede mancillar el honor ni del acad\u00e9mico o periodista m\u00e1s reputado. Ponerte en un polo te dignifica.<br \/>\n\u00bfQu\u00e9 pensamos ahora de los que fueron tibios ante los cr\u00edmenes de Hitler o Stalin? \u00bfO de los que creyeron que callaron las cochinadas de Rafael Trujillo? \u00bfQu\u00e9 pensamos sobre los tibios que se hicieron los ciegos ante las atrocidades de Ner\u00f3n? \u00bfNo las denunciaron pensadores de la talla de T\u00e1cito o Suetonio?<br \/>\n\u00bfNo son m\u00e1s valientes que los tibios o neutrales los intelectuales que aplaudieron a Hitler, Stalin, Trujillo y Ner\u00f3n, pues al menos aquellos tuvieron el m\u00e9rito de ser sinceros con ellos mismos y sus audiencias? \u00bfNo son m\u00e1s valorables los propagandistas, \u201canalistas\u201d y \u201cperiodistas\u201d que siguen defendiendo al MAS o a Evo, pues al menos tienen la decencia de defender algo (despreciable, obviamente)?<\/p>\n<p>Ignacio Vera de Rada es polit\u00f3logo y comunicador social.<\/p>\n","protected":false},"excerpt":{"rendered":"<p>No solo el Dios del Apocalipsis, tambi\u00e9n algunos pensadores del mundo antiguo como S\u00f3crates o el moderado Arist\u00f3teles vomitar\u00edan en la cara de un tibio. Antes de hacerlo, el fil\u00f3sofo ateniense le dir\u00eda que la hipocres\u00eda es un vicio despreciable, pero con m\u00e1s claridad el genio de Estagira le dir\u00eda que la felicidad consiste en [&hellip;]<\/p>\n","protected":false},"author":1,"featured_media":158964,"comment_status":"closed","ping_status":"open","sticky":false,"template":"","format":"standard","meta":{"_acf_changed":false,"footnotes":""},"categories":[9],"tags":[],"class_list":["post-312544","post","type-post","status-publish","format-standard","has-post-thumbnail","category-opinion"],"acf":{"antetitulo":"La espada en la palabra"},"yoast_head":"<!-- This site is optimized with the Yoast SEO plugin v28.4 - https:\/\/yoast.com\/product\/yoast-seo-wordpress\/ -->\n<title>Tibios y \u201cneutrales\u201d - El Diario - Bolivia<\/title>\n<meta name=\"robots\" content=\"index, follow, max-snippet:-1, max-image-preview:large, max-video-preview:-1\" \/>\n<link rel=\"canonical\" href=\"https:\/\/www.eldiario.net\/portal\/2025\/06\/27\/tibios-y-neutrales\/\" \/>\n<meta property=\"og:locale\" content=\"es_ES\" \/>\n<meta property=\"og:type\" content=\"article\" \/>\n<meta property=\"og:title\" content=\"Tibios y \u201cneutrales\u201d - El Diario - Bolivia\" \/>\n<meta property=\"og:description\" content=\"No solo el Dios del Apocalipsis, tambi\u00e9n algunos pensadores del mundo antiguo como S\u00f3crates o el moderado Arist\u00f3teles vomitar\u00edan en la cara de un tibio. Antes de hacerlo, el fil\u00f3sofo ateniense le dir\u00eda que la hipocres\u00eda es un vicio despreciable, pero con m\u00e1s claridad el genio de Estagira le dir\u00eda que la felicidad consiste en [&hellip;]\" \/>\n<meta property=\"og:url\" content=\"https:\/\/www.eldiario.net\/portal\/2025\/06\/27\/tibios-y-neutrales\/\" \/>\n<meta property=\"og:site_name\" content=\"El Diario - Bolivia\" \/>\n<meta property=\"article:publisher\" content=\"https:\/\/www.facebook.com\/eldiario.bolivia\/\" \/>\n<meta property=\"article:published_time\" content=\"2025-06-27T10:08:57+00:00\" \/>\n<meta property=\"og:image\" content=\"https:\/\/www.eldiario.net\/portal\/wp-content\/uploads\/2023\/06\/Ignacio-Vera-de-Rada-1.jpg\" \/>\n\t<meta property=\"og:image:width\" content=\"1200\" \/>\n\t<meta property=\"og:image:height\" content=\"628\" \/>\n\t<meta property=\"og:image:type\" content=\"image\/jpeg\" \/>\n<meta name=\"author\" content=\"Jeanette\" \/>\n<meta name=\"twitter:card\" content=\"summary_large_image\" \/>\n<meta name=\"twitter:creator\" content=\"@eldiario_net\" \/>\n<meta name=\"twitter:site\" content=\"@eldiario_net\" \/>\n<meta name=\"twitter:label1\" content=\"Escrito por\" \/>\n\t<meta name=\"twitter:data1\" content=\"Jeanette\" \/>\n\t<meta name=\"twitter:label2\" content=\"Tiempo de lectura\" \/>\n\t<meta name=\"twitter:data2\" content=\"4 minutos\" \/>\n<script type=\"application\/ld+json\" class=\"yoast-schema-graph\">{\"@context\":\"https:\\\/\\\/schema.org\",\"@graph\":[{\"@type\":\"Article\",\"@id\":\"https:\\\/\\\/www.eldiario.net\\\/portal\\\/2025\\\/06\\\/27\\\/tibios-y-neutrales\\\/#article\",\"isPartOf\":{\"@id\":\"https:\\\/\\\/www.eldiario.net\\\/portal\\\/2025\\\/06\\\/27\\\/tibios-y-neutrales\\\/\"},\"author\":{\"name\":\"Jeanette\",\"@id\":\"https:\\\/\\\/www.eldiario.net\\\/portal\\\/#\\\/schema\\\/person\\\/f46445640444750d7d753ccd04ae01b7\"},\"headline\":\"Tibios y \u201cneutrales\u201d\",\"datePublished\":\"2025-06-27T10:08:57+00:00\",\"mainEntityOfPage\":{\"@id\":\"https:\\\/\\\/www.eldiario.net\\\/portal\\\/2025\\\/06\\\/27\\\/tibios-y-neutrales\\\/\"},\"wordCount\":802,\"publisher\":{\"@id\":\"https:\\\/\\\/www.eldiario.net\\\/portal\\\/#organization\"},\"image\":{\"@id\":\"https:\\\/\\\/www.eldiario.net\\\/portal\\\/2025\\\/06\\\/27\\\/tibios-y-neutrales\\\/#primaryimage\"},\"thumbnailUrl\":\"https:\\\/\\\/www.eldiario.net\\\/portal\\\/wp-content\\\/uploads\\\/2023\\\/06\\\/Ignacio-Vera-de-Rada-1.jpg\",\"articleSection\":[\"Opini\u00f3n\"],\"inLanguage\":\"es\"},{\"@type\":\"WebPage\",\"@id\":\"https:\\\/\\\/www.eldiario.net\\\/portal\\\/2025\\\/06\\\/27\\\/tibios-y-neutrales\\\/\",\"url\":\"https:\\\/\\\/www.eldiario.net\\\/portal\\\/2025\\\/06\\\/27\\\/tibios-y-neutrales\\\/\",\"name\":\"Tibios y \u201cneutrales\u201d - El Diario - Bolivia\",\"isPartOf\":{\"@id\":\"https:\\\/\\\/www.eldiario.net\\\/portal\\\/#website\"},\"primaryImageOfPage\":{\"@id\":\"https:\\\/\\\/www.eldiario.net\\\/portal\\\/2025\\\/06\\\/27\\\/tibios-y-neutrales\\\/#primaryimage\"},\"image\":{\"@id\":\"https:\\\/\\\/www.eldiario.net\\\/portal\\\/2025\\\/06\\\/27\\\/tibios-y-neutrales\\\/#primaryimage\"},\"thumbnailUrl\":\"https:\\\/\\\/www.eldiario.net\\\/portal\\\/wp-content\\\/uploads\\\/2023\\\/06\\\/Ignacio-Vera-de-Rada-1.jpg\",\"datePublished\":\"2025-06-27T10:08:57+00:00\",\"breadcrumb\":{\"@id\":\"https:\\\/\\\/www.eldiario.net\\\/portal\\\/2025\\\/06\\\/27\\\/tibios-y-neutrales\\\/#breadcrumb\"},\"inLanguage\":\"es\",\"potentialAction\":[{\"@type\":\"ReadAction\",\"target\":[\"https:\\\/\\\/www.eldiario.net\\\/portal\\\/2025\\\/06\\\/27\\\/tibios-y-neutrales\\\/\"]}]},{\"@type\":\"ImageObject\",\"inLanguage\":\"es\",\"@id\":\"https:\\\/\\\/www.eldiario.net\\\/portal\\\/2025\\\/06\\\/27\\\/tibios-y-neutrales\\\/#primaryimage\",\"url\":\"https:\\\/\\\/www.eldiario.net\\\/portal\\\/wp-content\\\/uploads\\\/2023\\\/06\\\/Ignacio-Vera-de-Rada-1.jpg\",\"contentUrl\":\"https:\\\/\\\/www.eldiario.net\\\/portal\\\/wp-content\\\/uploads\\\/2023\\\/06\\\/Ignacio-Vera-de-Rada-1.jpg\",\"width\":1200,\"height\":628,\"caption\":\"Ignacio Vera de Rada\"},{\"@type\":\"BreadcrumbList\",\"@id\":\"https:\\\/\\\/www.eldiario.net\\\/portal\\\/2025\\\/06\\\/27\\\/tibios-y-neutrales\\\/#breadcrumb\",\"itemListElement\":[{\"@type\":\"ListItem\",\"position\":1,\"name\":\"Portada\",\"item\":\"https:\\\/\\\/www.eldiario.net\\\/portal\\\/\"},{\"@type\":\"ListItem\",\"position\":2,\"name\":\"Tibios y \u201cneutrales\u201d\"}]},{\"@type\":\"WebSite\",\"@id\":\"https:\\\/\\\/www.eldiario.net\\\/portal\\\/#website\",\"url\":\"https:\\\/\\\/www.eldiario.net\\\/portal\\\/\",\"name\":\"El Diario - Decano de la prensa nacional\",\"description\":\"El Diario - Decano de la prensa nacional\",\"publisher\":{\"@id\":\"https:\\\/\\\/www.eldiario.net\\\/portal\\\/#organization\"},\"potentialAction\":[{\"@type\":\"SearchAction\",\"target\":{\"@type\":\"EntryPoint\",\"urlTemplate\":\"https:\\\/\\\/www.eldiario.net\\\/portal\\\/?s={search_term_string}\"},\"query-input\":{\"@type\":\"PropertyValueSpecification\",\"valueRequired\":true,\"valueName\":\"search_term_string\"}}],\"inLanguage\":\"es\"},{\"@type\":\"Organization\",\"@id\":\"https:\\\/\\\/www.eldiario.net\\\/portal\\\/#organization\",\"name\":\"El Diario - Decano de la prensa nacional\",\"url\":\"https:\\\/\\\/www.eldiario.net\\\/portal\\\/\",\"logo\":{\"@type\":\"ImageObject\",\"inLanguage\":\"es\",\"@id\":\"https:\\\/\\\/www.eldiario.net\\\/portal\\\/#\\\/schema\\\/logo\\\/image\\\/\",\"url\":\"https:\\\/\\\/www.eldiario.net\\\/portal\\\/wp-content\\\/uploads\\\/2023\\\/07\\\/logo_ED.jpg\",\"contentUrl\":\"https:\\\/\\\/www.eldiario.net\\\/portal\\\/wp-content\\\/uploads\\\/2023\\\/07\\\/logo_ED.jpg\",\"width\":272,\"height\":52,\"caption\":\"El Diario - Decano de la prensa nacional\"},\"image\":{\"@id\":\"https:\\\/\\\/www.eldiario.net\\\/portal\\\/#\\\/schema\\\/logo\\\/image\\\/\"},\"sameAs\":[\"https:\\\/\\\/www.facebook.com\\\/eldiario.bolivia\\\/\",\"https:\\\/\\\/x.com\\\/eldiario_net\"]},{\"@type\":\"Person\",\"@id\":\"https:\\\/\\\/www.eldiario.net\\\/portal\\\/#\\\/schema\\\/person\\\/f46445640444750d7d753ccd04ae01b7\",\"name\":\"Jeanette\",\"image\":{\"@type\":\"ImageObject\",\"inLanguage\":\"es\",\"@id\":\"https:\\\/\\\/secure.gravatar.com\\\/avatar\\\/3ea2118a5f7dad2b7138b1187a6b7ee55f160b9968b66013c3a3ef39dd7e5798?s=96&d=mm&r=g\",\"url\":\"https:\\\/\\\/secure.gravatar.com\\\/avatar\\\/3ea2118a5f7dad2b7138b1187a6b7ee55f160b9968b66013c3a3ef39dd7e5798?s=96&d=mm&r=g\",\"contentUrl\":\"https:\\\/\\\/secure.gravatar.com\\\/avatar\\\/3ea2118a5f7dad2b7138b1187a6b7ee55f160b9968b66013c3a3ef39dd7e5798?s=96&d=mm&r=g\",\"caption\":\"Jeanette\"},\"sameAs\":[\"https:\\\/\\\/www.eldiario.net\\\/portal\"],\"url\":\"https:\\\/\\\/www.eldiario.net\\\/portal\\\/author\\\/jeanette\\\/\"}]}<\/script>\n<!-- \/ Yoast SEO plugin. -->","yoast_head_json":{"title":"Tibios y \u201cneutrales\u201d - El Diario - Bolivia","robots":{"index":"index","follow":"follow","max-snippet":"max-snippet:-1","max-image-preview":"max-image-preview:large","max-video-preview":"max-video-preview:-1"},"canonical":"https:\/\/www.eldiario.net\/portal\/2025\/06\/27\/tibios-y-neutrales\/","og_locale":"es_ES","og_type":"article","og_title":"Tibios y \u201cneutrales\u201d - El Diario - Bolivia","og_description":"No solo el Dios del Apocalipsis, tambi\u00e9n algunos pensadores del mundo antiguo como S\u00f3crates o el moderado Arist\u00f3teles vomitar\u00edan en la cara de un tibio. Antes de hacerlo, el fil\u00f3sofo ateniense le dir\u00eda que la hipocres\u00eda es un vicio despreciable, pero con m\u00e1s claridad el genio de Estagira le dir\u00eda que la felicidad consiste en [&hellip;]","og_url":"https:\/\/www.eldiario.net\/portal\/2025\/06\/27\/tibios-y-neutrales\/","og_site_name":"El Diario - Bolivia","article_publisher":"https:\/\/www.facebook.com\/eldiario.bolivia\/","article_published_time":"2025-06-27T10:08:57+00:00","og_image":[{"width":1200,"height":628,"url":"https:\/\/www.eldiario.net\/portal\/wp-content\/uploads\/2023\/06\/Ignacio-Vera-de-Rada-1.jpg","type":"image\/jpeg"}],"author":"Jeanette","twitter_card":"summary_large_image","twitter_creator":"@eldiario_net","twitter_site":"@eldiario_net","twitter_misc":{"Escrito por":"Jeanette","Tiempo de lectura":"4 minutos"},"schema":{"@context":"https:\/\/schema.org","@graph":[{"@type":"Article","@id":"https:\/\/www.eldiario.net\/portal\/2025\/06\/27\/tibios-y-neutrales\/#article","isPartOf":{"@id":"https:\/\/www.eldiario.net\/portal\/2025\/06\/27\/tibios-y-neutrales\/"},"author":{"name":"Jeanette","@id":"https:\/\/www.eldiario.net\/portal\/#\/schema\/person\/f46445640444750d7d753ccd04ae01b7"},"headline":"Tibios y \u201cneutrales\u201d","datePublished":"2025-06-27T10:08:57+00:00","mainEntityOfPage":{"@id":"https:\/\/www.eldiario.net\/portal\/2025\/06\/27\/tibios-y-neutrales\/"},"wordCount":802,"publisher":{"@id":"https:\/\/www.eldiario.net\/portal\/#organization"},"image":{"@id":"https:\/\/www.eldiario.net\/portal\/2025\/06\/27\/tibios-y-neutrales\/#primaryimage"},"thumbnailUrl":"https:\/\/www.eldiario.net\/portal\/wp-content\/uploads\/2023\/06\/Ignacio-Vera-de-Rada-1.jpg","articleSection":["Opini\u00f3n"],"inLanguage":"es"},{"@type":"WebPage","@id":"https:\/\/www.eldiario.net\/portal\/2025\/06\/27\/tibios-y-neutrales\/","url":"https:\/\/www.eldiario.net\/portal\/2025\/06\/27\/tibios-y-neutrales\/","name":"Tibios y \u201cneutrales\u201d - El Diario - Bolivia","isPartOf":{"@id":"https:\/\/www.eldiario.net\/portal\/#website"},"primaryImageOfPage":{"@id":"https:\/\/www.eldiario.net\/portal\/2025\/06\/27\/tibios-y-neutrales\/#primaryimage"},"image":{"@id":"https:\/\/www.eldiario.net\/portal\/2025\/06\/27\/tibios-y-neutrales\/#primaryimage"},"thumbnailUrl":"https:\/\/www.eldiario.net\/portal\/wp-content\/uploads\/2023\/06\/Ignacio-Vera-de-Rada-1.jpg","datePublished":"2025-06-27T10:08:57+00:00","breadcrumb":{"@id":"https:\/\/www.eldiario.net\/portal\/2025\/06\/27\/tibios-y-neutrales\/#breadcrumb"},"inLanguage":"es","potentialAction":[{"@type":"ReadAction","target":["https:\/\/www.eldiario.net\/portal\/2025\/06\/27\/tibios-y-neutrales\/"]}]},{"@type":"ImageObject","inLanguage":"es","@id":"https:\/\/www.eldiario.net\/portal\/2025\/06\/27\/tibios-y-neutrales\/#primaryimage","url":"https:\/\/www.eldiario.net\/portal\/wp-content\/uploads\/2023\/06\/Ignacio-Vera-de-Rada-1.jpg","contentUrl":"https:\/\/www.eldiario.net\/portal\/wp-content\/uploads\/2023\/06\/Ignacio-Vera-de-Rada-1.jpg","width":1200,"height":628,"caption":"Ignacio Vera de Rada"},{"@type":"BreadcrumbList","@id":"https:\/\/www.eldiario.net\/portal\/2025\/06\/27\/tibios-y-neutrales\/#breadcrumb","itemListElement":[{"@type":"ListItem","position":1,"name":"Portada","item":"https:\/\/www.eldiario.net\/portal\/"},{"@type":"ListItem","position":2,"name":"Tibios y \u201cneutrales\u201d"}]},{"@type":"WebSite","@id":"https:\/\/www.eldiario.net\/portal\/#website","url":"https:\/\/www.eldiario.net\/portal\/","name":"El Diario - Decano de la prensa nacional","description":"El Diario - Decano de la prensa nacional","publisher":{"@id":"https:\/\/www.eldiario.net\/portal\/#organization"},"potentialAction":[{"@type":"SearchAction","target":{"@type":"EntryPoint","urlTemplate":"https:\/\/www.eldiario.net\/portal\/?s={search_term_string}"},"query-input":{"@type":"PropertyValueSpecification","valueRequired":true,"valueName":"search_term_string"}}],"inLanguage":"es"},{"@type":"Organization","@id":"https:\/\/www.eldiario.net\/portal\/#organization","name":"El Diario - Decano de la prensa nacional","url":"https:\/\/www.eldiario.net\/portal\/","logo":{"@type":"ImageObject","inLanguage":"es","@id":"https:\/\/www.eldiario.net\/portal\/#\/schema\/logo\/image\/","url":"https:\/\/www.eldiario.net\/portal\/wp-content\/uploads\/2023\/07\/logo_ED.jpg","contentUrl":"https:\/\/www.eldiario.net\/portal\/wp-content\/uploads\/2023\/07\/logo_ED.jpg","width":272,"height":52,"caption":"El Diario - Decano de la prensa nacional"},"image":{"@id":"https:\/\/www.eldiario.net\/portal\/#\/schema\/logo\/image\/"},"sameAs":["https:\/\/www.facebook.com\/eldiario.bolivia\/","https:\/\/x.com\/eldiario_net"]},{"@type":"Person","@id":"https:\/\/www.eldiario.net\/portal\/#\/schema\/person\/f46445640444750d7d753ccd04ae01b7","name":"Jeanette","image":{"@type":"ImageObject","inLanguage":"es","@id":"https:\/\/secure.gravatar.com\/avatar\/3ea2118a5f7dad2b7138b1187a6b7ee55f160b9968b66013c3a3ef39dd7e5798?s=96&d=mm&r=g","url":"https:\/\/secure.gravatar.com\/avatar\/3ea2118a5f7dad2b7138b1187a6b7ee55f160b9968b66013c3a3ef39dd7e5798?s=96&d=mm&r=g","contentUrl":"https:\/\/secure.gravatar.com\/avatar\/3ea2118a5f7dad2b7138b1187a6b7ee55f160b9968b66013c3a3ef39dd7e5798?s=96&d=mm&r=g","caption":"Jeanette"},"sameAs":["https:\/\/www.eldiario.net\/portal"],"url":"https:\/\/www.eldiario.net\/portal\/author\/jeanette\/"}]}},"_links":{"self":[{"href":"https:\/\/www.eldiario.net\/portal\/wp-json\/wp\/v2\/posts\/312544","targetHints":{"allow":["GET"]}}],"collection":[{"href":"https:\/\/www.eldiario.net\/portal\/wp-json\/wp\/v2\/posts"}],"about":[{"href":"https:\/\/www.eldiario.net\/portal\/wp-json\/wp\/v2\/types\/post"}],"author":[{"embeddable":true,"href":"https:\/\/www.eldiario.net\/portal\/wp-json\/wp\/v2\/users\/1"}],"replies":[{"embeddable":true,"href":"https:\/\/www.eldiario.net\/portal\/wp-json\/wp\/v2\/comments?post=312544"}],"version-history":[{"count":1,"href":"https:\/\/www.eldiario.net\/portal\/wp-json\/wp\/v2\/posts\/312544\/revisions"}],"predecessor-version":[{"id":312545,"href":"https:\/\/www.eldiario.net\/portal\/wp-json\/wp\/v2\/posts\/312544\/revisions\/312545"}],"wp:featuredmedia":[{"embeddable":true,"href":"https:\/\/www.eldiario.net\/portal\/wp-json\/wp\/v2\/media\/158964"}],"wp:attachment":[{"href":"https:\/\/www.eldiario.net\/portal\/wp-json\/wp\/v2\/media?parent=312544"}],"wp:term":[{"taxonomy":"category","embeddable":true,"href":"https:\/\/www.eldiario.net\/portal\/wp-json\/wp\/v2\/categories?post=312544"},{"taxonomy":"post_tag","embeddable":true,"href":"https:\/\/www.eldiario.net\/portal\/wp-json\/wp\/v2\/tags?post=312544"}],"curies":[{"name":"wp","href":"https:\/\/api.w.org\/{rel}","templated":true}]}}