{"id":311943,"date":"2025-06-25T00:44:34","date_gmt":"2025-06-25T04:44:34","guid":{"rendered":"https:\/\/www.eldiario.net\/portal\/?p=311943"},"modified":"2025-06-24T22:47:59","modified_gmt":"2025-06-25T02:47:59","slug":"elenco-nacional-del-folklore-presenta-la-gala-bicentenario-en-homenaje-a-bolivia","status":"publish","type":"post","link":"https:\/\/www.eldiario.net\/portal\/2025\/06\/25\/elenco-nacional-del-folklore-presenta-la-gala-bicentenario-en-homenaje-a-bolivia\/","title":{"rendered":"Elenco Nacional del Folklore presenta la  Gala \u201cBicentenario\u201d en homenaje a Bolivia"},"content":{"rendered":"<p>El Elenco Nacional del Folklore presentar\u00e1 la Gala de Danza denominada \u201cBicentenario\u201d en homenaje a Bolivia, este 26 y 27 de junio, a horas 19:00, en el Teatro Municipal \u201cAlberto Saavedra P\u00e9rez\u201d.<\/p>\n<p>El objetivo principal es mostrar la diversidad cultural del pa\u00eds a trav\u00e9s de obras y cuadros coreogr\u00e1ficos de toda Bolivia.<\/p>\n<p>En ambas veladas, participar\u00e1n m\u00e1s de 50 bailarines en escena y habr\u00e1 m\u00fasica aut\u00f3ctona, cinco cambios de escenograf\u00eda innovadora, luces inteligentes y 10 coreograf\u00edas con mensaje en su repertorio.<\/p>\n<p>El p\u00fablico apreciar\u00e1 el Jacha Tata danzanti, danzas de Beni, como macheteros, chovenas, achus, sol luna y estrella, bailes de Potos\u00ed, como charanguitos y kalampeo, adem\u00e1s de saya\u00a0 tundiqui, caporales, aticu y chiche\u00f1os.<\/p>\n<p>Para mayor informaci\u00f3n y reservas, llamar al n\u00famero de celular 79568860.<\/p>\n<p>A horas de la puesta en escena de \u201cBicentenario\u201d, La Gu\u00eda convers\u00f3 con Javier Escobar, director general y art\u00edstico del Elenco Nacional del Folklore de Bolivia, y esto fue lo que nos cont\u00f3 acerca del espect\u00e1culo y de los 17 a\u00f1os que ya tiene la entidad danc\u00edstica pace\u00f1a.<\/p>\n<p><strong>LG: \u00bfQu\u00e9 expectativas tienen acerca de la Gala 2025 que presentar\u00e1n en el Teatro Municipal?<\/strong><\/p>\n<p>J: La Gala 2025 es una de las m\u00e1s esperadas por nosotros y por el p\u00fablico. Representa un momento de consagraci\u00f3n art\u00edstica y muestra de nuestro trabajo diario. Pero tambi\u00e9n es un acto de compromiso con nuestro pa\u00eds y la memoria hist\u00f3rica en el marco del Bicentenario. Esperamos brindar un espect\u00e1culo de alto nivel esc\u00e9nico, t\u00e9cnico y emocional, que logre conmover, educar y renovar el orgullo por nuestra identidad. Todo esto para conjuncionar la parte de escenograf\u00eda, dise\u00f1o de luces y vestuario. Tambi\u00e9n queremos que cada espectador salga con el coraz\u00f3n palpitando Bolivia y con la certeza de que el folklore es una herramienta viva de transformaci\u00f3n y unidad, mucho m\u00e1s en estos tiempos tan complicados.<\/p>\n<p><strong>LG: \u00bfQu\u00e9 fue lo m\u00e1s dif\u00edcil de preparar para el espect\u00e1culo?<\/strong><\/p>\n<p>J: Lo m\u00e1s complejo ha sido equilibrar el rigor de la investigaci\u00f3n con la creatividad esc\u00e9nica. Eso siempre es un reto en cada cuadro coreogr\u00e1fico que presentamos y que presentaremos, porque est\u00e1 respaldado por un estudio profundo de historia, su origen, su simbolog\u00eda y su contexto cultural, pero tambi\u00e9n por una propuesta est\u00e9tica contempor\u00e1nea nueva. Y luego notamos que coordinar estos dos mundos, que son la tradici\u00f3n y la innovaci\u00f3n, es un proceso complejo que exige mucho del equipo art\u00edstico, t\u00e9cnico y de producci\u00f3n. Adem\u00e1s, sostener la disciplina en los ensayos con cada bailar\u00edn, la confecci\u00f3n de trajes aut\u00e9nticos y de nueva generaci\u00f3n y el trabajo de los invitados de m\u00fasica aut\u00f3ctona, ha sido tambi\u00e9n un reto diferente.<\/p>\n<p><strong>LG: \u00bfQu\u00e9 balance hacen de estos 17 a\u00f1os de trabajo?<\/strong><\/p>\n<p>J: El balance es profundamente positivo. Han sido 17 a\u00f1os de crecimiento, formaci\u00f3n, retos y logros. El Elenco Nacional del Folklore de Bolivia ha consolidado una l\u00ednea art\u00edstica propia, reconocida a nivel nacional e internacional. Hemos representado al pa\u00eds en escenarios importantes. Nos hemos dedicado a formar nuevas generaciones de artistas, pero, sobre todo, hemos construido una familia art\u00edstica que ama y defiende la cultura con pasi\u00f3n y responsabilidad.<\/p>\n<p><strong>LG: \u00bfQu\u00e9 los hace diferentes frente a los otros ballets folkl\u00f3ricos?<\/strong><\/p>\n<p>J: Nuestra diferencia radica en la visi\u00f3n integral con la que abordamos la danza folkl\u00f3rica boliviana. No nos limitamos a reproducir pasos, secuencias o vestimenta, sino que trabajamos desde la investigaci\u00f3n etnogr\u00e1fica, todo lo esc\u00e9nico, la formaci\u00f3n pedag\u00f3gica y la experimentaci\u00f3n art\u00edstica. Nuestro elenco est\u00e1 compuesto por profesionales en danza, educaci\u00f3n f\u00edsica, fisioterapia, arquitectura y antropolog\u00eda, lo que nos permite construir obras con profundidad, est\u00e9tica e ideas con respeto.<\/p>\n<p><strong>LG: \u00bfQu\u00e9 le prometen al p\u00fablico?<\/strong><\/p>\n<p>J: Le prometemos un espect\u00e1culo inolvidable, lleno de magia, mucha emoci\u00f3n y sentimiento. Sera una experiencia que los har\u00e1 viajar por la historia, las regiones, los rituales de distintos departamentos. Les prometemos ser aut\u00e9nticos, mucha pasi\u00f3n, entrega total y una puesta en escena que celebra los 200 a\u00f1os de lucha, cultura y esperanza.<\/p>\n<p><strong>LG: \u00bfDeseas agregar algo?<\/strong><\/p>\n<p>J: S\u00ed. Queremos agradecer profundamente a todas las personas, instituciones, familias de los bailarines que han confiado en nosotros durante estos 17 a\u00f1os. Este trabajo no ser\u00eda posible sin el apoyo del p\u00fablico, de quienes compran su entradita y permiten que sigamos aportando al pa\u00eds con nuestro arte. Gracias a todos los que ven al arte como herramienta de transformaci\u00f3n, educaci\u00f3n y cambio. Los esperamos con el coraz\u00f3n abierto en esta Gala Bicentenario, para danzar juntos, encontrarnos y entender que la danza puede ir m\u00e1s all\u00e1 del aplauso.<\/p>\n<p><strong>TRAYECTORIA<\/strong><\/p>\n<p>El Elenco Nacional del Folklore es una instituci\u00f3n cultural que se dedica a preservar y promover las tradiciones folkl\u00f3ricas de Bolivia a trav\u00e9s de la danza y la m\u00fasica.<\/p>\n<p>Fue fundado el 20 de octubre de 2008 y este 2025 cumple 17 a\u00f1os de vida. Su misi\u00f3n principal es mostrar la riqueza y diversidad del folklore boliviano a trav\u00e9s de la danza tradicional y actualmente tambi\u00e9n realizando obras de danza folkl\u00f3rica de proyecci\u00f3n. Su prop\u00f3sito es educar, ense\u00f1ar y transmitir a las nuevas generaciones la historia de Bolivia a trav\u00e9s de la danza.<\/p>\n<p>El elenco es considerado embajador de la cultura boliviana, ya que representa los valores y la identidad de Bolivia en diferentes pa\u00edses de Am\u00e9rica del Norte, Am\u00e9rica del Sur y Asia.<\/p>\n<p>La instituci\u00f3n ha evolucionado a lo largo de los a\u00f1os y su nueva generaci\u00f3n sigue llevando la esencia boliviana en cada presentaci\u00f3n, destac\u00e1ndose por su excelencia en la interpretaci\u00f3n y su versatilidad en diferentes estilos de danza.<\/p>\n<p>En estos 17 a\u00f1os, ha recibido varios galardones y reconocimientos, como:<\/p>\n<ul>\n<li>Homenaje Camaral de la C\u00e1mara de Diputados por el aporte cultural a nivel nacional e internacional.<\/li>\n<li>Premio Nacional \u201cEduardo Abaroa\u201d del Ministerio de Culturas y Turismo.<\/li>\n<li>Premio Tea de la Libertad de la Secretar\u00eda Municipal de Culturas.<\/li>\n<li>Premio \u201cMelba Z\u00e1rate\u201d.<\/li>\n<\/ul>\n<p>Tambi\u00e9n la entidad fue creadora de una malla curricular did\u00e1ctico pedag\u00f3gica para el desarrollo de la formaci\u00f3n art\u00edstica y su director, Javier Escobar, es autor del libro \u201cTodo lo que deber\u00eda saber un bailar\u00edn\u201d \u2013 Procesos formativos para la danza boliviana.<\/p>\n\r\n                <style type=\"text\/css\">\r\n                    \r\n                    #tdi_1  .td-doubleSlider-2 .td-item1 {\r\n                        background: url(https:\/\/www.eldiario.net\/portal\/wp-content\/uploads\/2025\/06\/7--80x60.webp) 0 0 no-repeat;\r\n                    }\r\n                    #tdi_1  .td-doubleSlider-2 .td-item2 {\r\n                        background: url(https:\/\/www.eldiario.net\/portal\/wp-content\/uploads\/2025\/06\/1-PRINCIPAL-7-80x60.webp) 0 0 no-repeat;\r\n                    }\r\n                    #tdi_1  .td-doubleSlider-2 .td-item3 {\r\n                        background: url(https:\/\/www.eldiario.net\/portal\/wp-content\/uploads\/2025\/06\/2--80x60.webp) 0 0 no-repeat;\r\n                    }\r\n                    #tdi_1  .td-doubleSlider-2 .td-item4 {\r\n                        background: url(https:\/\/www.eldiario.net\/portal\/wp-content\/uploads\/2025\/06\/3-1-1-80x60.webp) 0 0 no-repeat;\r\n                    }\r\n                    #tdi_1  .td-doubleSlider-2 .td-item5 {\r\n                        background: url(https:\/\/www.eldiario.net\/portal\/wp-content\/uploads\/2025\/06\/4-1-1-80x60.webp) 0 0 no-repeat;\r\n                    }\r\n                    #tdi_1  .td-doubleSlider-2 .td-item6 {\r\n                        background: url(https:\/\/www.eldiario.net\/portal\/wp-content\/uploads\/2025\/06\/5-1-2-80x60.webp) 0 0 no-repeat;\r\n                    }\r\n                    #tdi_1  .td-doubleSlider-2 .td-item7 {\r\n                        background: url(https:\/\/www.eldiario.net\/portal\/wp-content\/uploads\/2025\/06\/6-1-1-80x60.webp) 0 0 no-repeat;\r\n                    }\r\n                <\/style>\r\n\r\n                <div id=\"tdi_1\" class=\"td-gallery td-slide-on-2-columns\">\r\n                    <div class=\"post_td_gallery\">\r\n                        <div class=\"td-gallery-slide-top\">\r\n                           <div class=\"td-gallery-title\"><\/div>\r\n\r\n                            <div class=\"td-gallery-controls-wrapper\">\r\n                                <div class=\"td-gallery-slide-count\"><span class=\"td-gallery-slide-item-focus\">1<\/span> de 7<\/div>\r\n                                <div class=\"td-gallery-slide-prev-next-but\">\r\n                                    <i class = \"td-icon-left doubleSliderPrevButton\"><\/i>\r\n                                    <i class = \"td-icon-right doubleSliderNextButton\"><\/i>\r\n                                <\/div>\r\n                            <\/div>\r\n                        <\/div>\r\n\r\n                        <div class = \"td-doubleSlider-1 \">\r\n                            <div class = \"td-slider\">\r\n                                \r\n                    <div class = \"td-slide-item td-item1\">\r\n                        <figure class=\"td-slide-galery-figure td-slide-popup-gallery\">\r\n                            <a class=\"slide-gallery-image-link\" href=\"https:\/\/www.eldiario.net\/portal\/wp-content\/uploads\/2025\/06\/7-.webp\" title=\"7-\"  data-caption=\"\"  data-description=\"\">\r\n                                <img decoding=\"async\" src=\"https:\/\/www.eldiario.net\/portal\/wp-content\/uploads\/2025\/06\/7--501x420.webp\" srcset=\"https:\/\/www.eldiario.net\/portal\/wp-content\/uploads\/2025\/06\/7--501x420.webp 501w, https:\/\/www.eldiario.net\/portal\/wp-content\/uploads\/2025\/06\/7--300x252.webp 300w, https:\/\/www.eldiario.net\/portal\/wp-content\/uploads\/2025\/06\/7--1024x858.webp 1024w, https:\/\/www.eldiario.net\/portal\/wp-content\/uploads\/2025\/06\/7--768x644.webp 768w, https:\/\/www.eldiario.net\/portal\/wp-content\/uploads\/2025\/06\/7--696x584.webp 696w, https:\/\/www.eldiario.net\/portal\/wp-content\/uploads\/2025\/06\/7-.webp 1058w\" sizes=\"(max-width: 501px) 100vw, 501px\" alt=\"\">\r\n                            <\/a>\r\n                            \r\n                        <\/figure>\r\n                    <\/div>\r\n                    <div class = \"td-slide-item td-item2\">\r\n                        <figure class=\"td-slide-galery-figure td-slide-popup-gallery\">\r\n                            <a class=\"slide-gallery-image-link\" href=\"https:\/\/www.eldiario.net\/portal\/wp-content\/uploads\/2025\/06\/1-PRINCIPAL-7.webp\" title=\"1-PRINCIPAL\"  data-caption=\"\"  data-description=\"\">\r\n                                <img decoding=\"async\" src=\"https:\/\/www.eldiario.net\/portal\/wp-content\/uploads\/2025\/06\/1-PRINCIPAL-7-545x420.webp\" srcset=\"https:\/\/www.eldiario.net\/portal\/wp-content\/uploads\/2025\/06\/1-PRINCIPAL-7-545x420.webp 545w, https:\/\/www.eldiario.net\/portal\/wp-content\/uploads\/2025\/06\/1-PRINCIPAL-7-300x231.webp 300w, https:\/\/www.eldiario.net\/portal\/wp-content\/uploads\/2025\/06\/1-PRINCIPAL-7-1024x788.webp 1024w, https:\/\/www.eldiario.net\/portal\/wp-content\/uploads\/2025\/06\/1-PRINCIPAL-7-768x591.webp 768w, https:\/\/www.eldiario.net\/portal\/wp-content\/uploads\/2025\/06\/1-PRINCIPAL-7-696x536.webp 696w, https:\/\/www.eldiario.net\/portal\/wp-content\/uploads\/2025\/06\/1-PRINCIPAL-7-1068x822.webp 1068w, https:\/\/www.eldiario.net\/portal\/wp-content\/uploads\/2025\/06\/1-PRINCIPAL-7.webp 1200w\" sizes=\"(max-width: 545px) 100vw, 545px\" alt=\"\">\r\n                            <\/a>\r\n                            \r\n                        <\/figure>\r\n                    <\/div>\r\n                    <div class = \"td-slide-item td-item3\">\r\n                        <figure class=\"td-slide-galery-figure td-slide-popup-gallery\">\r\n                            <a class=\"slide-gallery-image-link\" href=\"https:\/\/www.eldiario.net\/portal\/wp-content\/uploads\/2025\/06\/2-.webp\" title=\"2-\"  data-caption=\"\"  data-description=\"\">\r\n                                <img decoding=\"async\" src=\"https:\/\/www.eldiario.net\/portal\/wp-content\/uploads\/2025\/06\/2--594x420.webp\" srcset=\"https:\/\/www.eldiario.net\/portal\/wp-content\/uploads\/2025\/06\/2--594x420.webp 594w, https:\/\/www.eldiario.net\/portal\/wp-content\/uploads\/2025\/06\/2--300x212.webp 300w, https:\/\/www.eldiario.net\/portal\/wp-content\/uploads\/2025\/06\/2--768x543.webp 768w, https:\/\/www.eldiario.net\/portal\/wp-content\/uploads\/2025\/06\/2--696x492.webp 696w, https:\/\/www.eldiario.net\/portal\/wp-content\/uploads\/2025\/06\/2-.webp 960w\" sizes=\"(max-width: 594px) 100vw, 594px\" alt=\"\">\r\n                            <\/a>\r\n                            \r\n                        <\/figure>\r\n                    <\/div>\r\n                    <div class = \"td-slide-item td-item4\">\r\n                        <figure class=\"td-slide-galery-figure td-slide-popup-gallery\">\r\n                            <a class=\"slide-gallery-image-link\" href=\"https:\/\/www.eldiario.net\/portal\/wp-content\/uploads\/2025\/06\/3-1-1.webp\" title=\"3-\"  data-caption=\"\"  data-description=\"\">\r\n                                <img decoding=\"async\" src=\"https:\/\/www.eldiario.net\/portal\/wp-content\/uploads\/2025\/06\/3-1-1-640x420.webp\" srcset=\"https:\/\/www.eldiario.net\/portal\/wp-content\/uploads\/2025\/06\/3-1-1-640x420.webp 640w, https:\/\/www.eldiario.net\/portal\/wp-content\/uploads\/2025\/06\/3-1-1-300x197.webp 300w, https:\/\/www.eldiario.net\/portal\/wp-content\/uploads\/2025\/06\/3-1-1-1024x672.webp 1024w, https:\/\/www.eldiario.net\/portal\/wp-content\/uploads\/2025\/06\/3-1-1-768x504.webp 768w, https:\/\/www.eldiario.net\/portal\/wp-content\/uploads\/2025\/06\/3-1-1-696x457.webp 696w, https:\/\/www.eldiario.net\/portal\/wp-content\/uploads\/2025\/06\/3-1-1-1068x701.webp 1068w, https:\/\/www.eldiario.net\/portal\/wp-content\/uploads\/2025\/06\/3-1-1.webp 1536w\" sizes=\"(max-width: 640px) 100vw, 640px\" alt=\"\">\r\n                            <\/a>\r\n                            \r\n                        <\/figure>\r\n                    <\/div>\r\n                    <div class = \"td-slide-item td-item5\">\r\n                        <figure class=\"td-slide-galery-figure td-slide-popup-gallery\">\r\n                            <a class=\"slide-gallery-image-link\" href=\"https:\/\/www.eldiario.net\/portal\/wp-content\/uploads\/2025\/06\/4-1-1.webp\" title=\"4-\"  data-caption=\"\"  data-description=\"\">\r\n                                <img decoding=\"async\" src=\"https:\/\/www.eldiario.net\/portal\/wp-content\/uploads\/2025\/06\/4-1-1-640x420.webp\" srcset=\"https:\/\/www.eldiario.net\/portal\/wp-content\/uploads\/2025\/06\/4-1-1-640x420.webp 640w, https:\/\/www.eldiario.net\/portal\/wp-content\/uploads\/2025\/06\/4-1-1-300x197.webp 300w, https:\/\/www.eldiario.net\/portal\/wp-content\/uploads\/2025\/06\/4-1-1-1024x672.webp 1024w, https:\/\/www.eldiario.net\/portal\/wp-content\/uploads\/2025\/06\/4-1-1-768x504.webp 768w, https:\/\/www.eldiario.net\/portal\/wp-content\/uploads\/2025\/06\/4-1-1-696x457.webp 696w, https:\/\/www.eldiario.net\/portal\/wp-content\/uploads\/2025\/06\/4-1-1-1068x701.webp 1068w, https:\/\/www.eldiario.net\/portal\/wp-content\/uploads\/2025\/06\/4-1-1.webp 1536w\" sizes=\"(max-width: 640px) 100vw, 640px\" alt=\"\">\r\n                            <\/a>\r\n                            \r\n                        <\/figure>\r\n                    <\/div>\r\n                    <div class = \"td-slide-item td-item6\">\r\n                        <figure class=\"td-slide-galery-figure td-slide-popup-gallery\">\r\n                            <a class=\"slide-gallery-image-link\" href=\"https:\/\/www.eldiario.net\/portal\/wp-content\/uploads\/2025\/06\/5-1-2.webp\" title=\"5-\"  data-caption=\"\"  data-description=\"\">\r\n                                <img decoding=\"async\" src=\"https:\/\/www.eldiario.net\/portal\/wp-content\/uploads\/2025\/06\/5-1-2-594x420.webp\" srcset=\"https:\/\/www.eldiario.net\/portal\/wp-content\/uploads\/2025\/06\/5-1-2-594x420.webp 594w, https:\/\/www.eldiario.net\/portal\/wp-content\/uploads\/2025\/06\/5-1-2-300x212.webp 300w, https:\/\/www.eldiario.net\/portal\/wp-content\/uploads\/2025\/06\/5-1-2-768x543.webp 768w, https:\/\/www.eldiario.net\/portal\/wp-content\/uploads\/2025\/06\/5-1-2-696x492.webp 696w, https:\/\/www.eldiario.net\/portal\/wp-content\/uploads\/2025\/06\/5-1-2.webp 960w\" sizes=\"(max-width: 594px) 100vw, 594px\" alt=\"\">\r\n                            <\/a>\r\n                            \r\n                        <\/figure>\r\n                    <\/div>\r\n                    <div class = \"td-slide-item td-item7\">\r\n                        <figure class=\"td-slide-galery-figure td-slide-popup-gallery\">\r\n                            <a class=\"slide-gallery-image-link\" href=\"https:\/\/www.eldiario.net\/portal\/wp-content\/uploads\/2025\/06\/6-1-1.webp\" title=\"6-\"  data-caption=\"\"  data-description=\"\">\r\n                                <img decoding=\"async\" src=\"https:\/\/www.eldiario.net\/portal\/wp-content\/uploads\/2025\/06\/6-1-1-640x420.webp\" srcset=\"https:\/\/www.eldiario.net\/portal\/wp-content\/uploads\/2025\/06\/6-1-1-640x420.webp 640w, https:\/\/www.eldiario.net\/portal\/wp-content\/uploads\/2025\/06\/6-1-1-300x197.webp 300w, https:\/\/www.eldiario.net\/portal\/wp-content\/uploads\/2025\/06\/6-1-1-768x504.webp 768w, https:\/\/www.eldiario.net\/portal\/wp-content\/uploads\/2025\/06\/6-1-1-696x457.webp 696w, https:\/\/www.eldiario.net\/portal\/wp-content\/uploads\/2025\/06\/6-1-1.webp 960w\" sizes=\"(max-width: 640px) 100vw, 640px\" alt=\"\">\r\n                            <\/a>\r\n                            \r\n                        <\/figure>\r\n                    <\/div>\r\n                            <\/div>\r\n                        <\/div>\r\n\r\n                        <div class = \"td-doubleSlider-2\">\r\n                            <div class = \"td-slider\">\r\n                                \r\n                    <div class = \"td-button td-item1\">\r\n                        <div class = \"td-border\"><\/div>\r\n                    <\/div>\r\n                    <div class = \"td-button td-item2\">\r\n                        <div class = \"td-border\"><\/div>\r\n                    <\/div>\r\n                    <div class = \"td-button td-item3\">\r\n                        <div class = \"td-border\"><\/div>\r\n                    <\/div>\r\n                    <div class = \"td-button td-item4\">\r\n                        <div class = \"td-border\"><\/div>\r\n                    <\/div>\r\n                    <div class = \"td-button td-item5\">\r\n                        <div class = \"td-border\"><\/div>\r\n                    <\/div>\r\n                    <div class = \"td-button td-item6\">\r\n                        <div class = \"td-border\"><\/div>\r\n                    <\/div>\r\n                    <div class = \"td-button td-item7\">\r\n                        <div class = \"td-border\"><\/div>\r\n                    <\/div>\r\n                            <\/div>\r\n                        <\/div>\r\n\r\n                    <\/div>\r\n\r\n                <\/div>\r\n                \n","protected":false},"excerpt":{"rendered":"<p>El Elenco Nacional del Folklore presentar\u00e1 la Gala de Danza denominada \u201cBicentenario\u201d en homenaje a Bolivia, este 26 y 27 de junio, a horas 19:00, en el Teatro Municipal \u201cAlberto Saavedra P\u00e9rez\u201d. El objetivo principal es mostrar la diversidad cultural del pa\u00eds a trav\u00e9s de obras y cuadros coreogr\u00e1ficos de toda Bolivia. En ambas veladas, [&hellip;]<\/p>\n","protected":false},"author":1,"featured_media":311945,"comment_status":"closed","ping_status":"open","sticky":false,"template":"","format":"standard","meta":{"_acf_changed":false,"footnotes":""},"categories":[41],"tags":[],"class_list":["post-311943","post","type-post","status-publish","format-standard","has-post-thumbnail","category-la-guia"],"acf":{"antetitulo":""},"yoast_head":"<!-- This site is optimized with the Yoast SEO plugin v28.4 - https:\/\/yoast.com\/product\/yoast-seo-wordpress\/ -->\n<title>Elenco Nacional del Folklore presenta la Gala \u201cBicentenario\u201d en homenaje a Bolivia - El Diario - Bolivia<\/title>\n<meta name=\"robots\" content=\"index, follow, max-snippet:-1, max-image-preview:large, max-video-preview:-1\" \/>\n<link rel=\"canonical\" href=\"https:\/\/www.eldiario.net\/portal\/2025\/06\/25\/elenco-nacional-del-folklore-presenta-la-gala-bicentenario-en-homenaje-a-bolivia\/\" \/>\n<meta property=\"og:locale\" content=\"es_ES\" \/>\n<meta property=\"og:type\" content=\"article\" \/>\n<meta property=\"og:title\" content=\"Elenco Nacional del Folklore presenta la Gala \u201cBicentenario\u201d en homenaje a Bolivia - El Diario - Bolivia\" \/>\n<meta property=\"og:description\" content=\"El Elenco Nacional del Folklore presentar\u00e1 la Gala de Danza denominada \u201cBicentenario\u201d en homenaje a Bolivia, este 26 y 27 de junio, a horas 19:00, en el Teatro Municipal \u201cAlberto Saavedra P\u00e9rez\u201d. El objetivo principal es mostrar la diversidad cultural del pa\u00eds a trav\u00e9s de obras y cuadros coreogr\u00e1ficos de toda Bolivia. En ambas veladas, [&hellip;]\" \/>\n<meta property=\"og:url\" content=\"https:\/\/www.eldiario.net\/portal\/2025\/06\/25\/elenco-nacional-del-folklore-presenta-la-gala-bicentenario-en-homenaje-a-bolivia\/\" \/>\n<meta property=\"og:site_name\" content=\"El Diario - Bolivia\" \/>\n<meta property=\"article:publisher\" content=\"https:\/\/www.facebook.com\/eldiario.bolivia\/\" \/>\n<meta property=\"article:published_time\" content=\"2025-06-25T04:44:34+00:00\" \/>\n<meta property=\"og:image\" content=\"https:\/\/www.eldiario.net\/portal\/wp-content\/uploads\/2025\/06\/1-PRINCIPAL-7.webp\" \/>\n\t<meta property=\"og:image:width\" content=\"1200\" \/>\n\t<meta property=\"og:image:height\" content=\"924\" \/>\n\t<meta property=\"og:image:type\" content=\"image\/webp\" \/>\n<meta name=\"author\" content=\"Jeanette\" \/>\n<meta name=\"twitter:card\" content=\"summary_large_image\" \/>\n<meta name=\"twitter:creator\" content=\"@eldiario_net\" \/>\n<meta name=\"twitter:site\" content=\"@eldiario_net\" \/>\n<meta name=\"twitter:label1\" content=\"Escrito por\" \/>\n\t<meta name=\"twitter:data1\" content=\"Jeanette\" \/>\n\t<meta name=\"twitter:label2\" content=\"Tiempo de lectura\" \/>\n\t<meta name=\"twitter:data2\" content=\"5 minutos\" \/>\n<script type=\"application\/ld+json\" class=\"yoast-schema-graph\">{\"@context\":\"https:\\\/\\\/schema.org\",\"@graph\":[{\"@type\":\"Article\",\"@id\":\"https:\\\/\\\/www.eldiario.net\\\/portal\\\/2025\\\/06\\\/25\\\/elenco-nacional-del-folklore-presenta-la-gala-bicentenario-en-homenaje-a-bolivia\\\/#article\",\"isPartOf\":{\"@id\":\"https:\\\/\\\/www.eldiario.net\\\/portal\\\/2025\\\/06\\\/25\\\/elenco-nacional-del-folklore-presenta-la-gala-bicentenario-en-homenaje-a-bolivia\\\/\"},\"author\":{\"name\":\"Jeanette\",\"@id\":\"https:\\\/\\\/www.eldiario.net\\\/portal\\\/#\\\/schema\\\/person\\\/2c57cf2b7a7ae032e449e4c9b1019eac\"},\"headline\":\"Elenco Nacional del Folklore presenta la Gala \u201cBicentenario\u201d en homenaje a Bolivia\",\"datePublished\":\"2025-06-25T04:44:34+00:00\",\"mainEntityOfPage\":{\"@id\":\"https:\\\/\\\/www.eldiario.net\\\/portal\\\/2025\\\/06\\\/25\\\/elenco-nacional-del-folklore-presenta-la-gala-bicentenario-en-homenaje-a-bolivia\\\/\"},\"wordCount\":1130,\"publisher\":{\"@id\":\"https:\\\/\\\/www.eldiario.net\\\/portal\\\/#organization\"},\"image\":{\"@id\":\"https:\\\/\\\/www.eldiario.net\\\/portal\\\/2025\\\/06\\\/25\\\/elenco-nacional-del-folklore-presenta-la-gala-bicentenario-en-homenaje-a-bolivia\\\/#primaryimage\"},\"thumbnailUrl\":\"https:\\\/\\\/www.eldiario.net\\\/portal\\\/wp-content\\\/uploads\\\/2025\\\/06\\\/1-PRINCIPAL-7.webp\",\"articleSection\":[\"La Gu\u00eda\"],\"inLanguage\":\"es\"},{\"@type\":\"WebPage\",\"@id\":\"https:\\\/\\\/www.eldiario.net\\\/portal\\\/2025\\\/06\\\/25\\\/elenco-nacional-del-folklore-presenta-la-gala-bicentenario-en-homenaje-a-bolivia\\\/\",\"url\":\"https:\\\/\\\/www.eldiario.net\\\/portal\\\/2025\\\/06\\\/25\\\/elenco-nacional-del-folklore-presenta-la-gala-bicentenario-en-homenaje-a-bolivia\\\/\",\"name\":\"Elenco Nacional del Folklore presenta la Gala \u201cBicentenario\u201d en homenaje a Bolivia - El Diario - Bolivia\",\"isPartOf\":{\"@id\":\"https:\\\/\\\/www.eldiario.net\\\/portal\\\/#website\"},\"primaryImageOfPage\":{\"@id\":\"https:\\\/\\\/www.eldiario.net\\\/portal\\\/2025\\\/06\\\/25\\\/elenco-nacional-del-folklore-presenta-la-gala-bicentenario-en-homenaje-a-bolivia\\\/#primaryimage\"},\"image\":{\"@id\":\"https:\\\/\\\/www.eldiario.net\\\/portal\\\/2025\\\/06\\\/25\\\/elenco-nacional-del-folklore-presenta-la-gala-bicentenario-en-homenaje-a-bolivia\\\/#primaryimage\"},\"thumbnailUrl\":\"https:\\\/\\\/www.eldiario.net\\\/portal\\\/wp-content\\\/uploads\\\/2025\\\/06\\\/1-PRINCIPAL-7.webp\",\"datePublished\":\"2025-06-25T04:44:34+00:00\",\"breadcrumb\":{\"@id\":\"https:\\\/\\\/www.eldiario.net\\\/portal\\\/2025\\\/06\\\/25\\\/elenco-nacional-del-folklore-presenta-la-gala-bicentenario-en-homenaje-a-bolivia\\\/#breadcrumb\"},\"inLanguage\":\"es\",\"potentialAction\":[{\"@type\":\"ReadAction\",\"target\":[\"https:\\\/\\\/www.eldiario.net\\\/portal\\\/2025\\\/06\\\/25\\\/elenco-nacional-del-folklore-presenta-la-gala-bicentenario-en-homenaje-a-bolivia\\\/\"]}]},{\"@type\":\"ImageObject\",\"inLanguage\":\"es\",\"@id\":\"https:\\\/\\\/www.eldiario.net\\\/portal\\\/2025\\\/06\\\/25\\\/elenco-nacional-del-folklore-presenta-la-gala-bicentenario-en-homenaje-a-bolivia\\\/#primaryimage\",\"url\":\"https:\\\/\\\/www.eldiario.net\\\/portal\\\/wp-content\\\/uploads\\\/2025\\\/06\\\/1-PRINCIPAL-7.webp\",\"contentUrl\":\"https:\\\/\\\/www.eldiario.net\\\/portal\\\/wp-content\\\/uploads\\\/2025\\\/06\\\/1-PRINCIPAL-7.webp\",\"width\":1200,\"height\":924},{\"@type\":\"BreadcrumbList\",\"@id\":\"https:\\\/\\\/www.eldiario.net\\\/portal\\\/2025\\\/06\\\/25\\\/elenco-nacional-del-folklore-presenta-la-gala-bicentenario-en-homenaje-a-bolivia\\\/#breadcrumb\",\"itemListElement\":[{\"@type\":\"ListItem\",\"position\":1,\"name\":\"Portada\",\"item\":\"https:\\\/\\\/www.eldiario.net\\\/portal\\\/\"},{\"@type\":\"ListItem\",\"position\":2,\"name\":\"Elenco Nacional del Folklore presenta la Gala \u201cBicentenario\u201d en homenaje a Bolivia\"}]},{\"@type\":\"WebSite\",\"@id\":\"https:\\\/\\\/www.eldiario.net\\\/portal\\\/#website\",\"url\":\"https:\\\/\\\/www.eldiario.net\\\/portal\\\/\",\"name\":\"El Diario - Decano de la prensa nacional\",\"description\":\"El Diario - Decano de la prensa nacional\",\"publisher\":{\"@id\":\"https:\\\/\\\/www.eldiario.net\\\/portal\\\/#organization\"},\"potentialAction\":[{\"@type\":\"SearchAction\",\"target\":{\"@type\":\"EntryPoint\",\"urlTemplate\":\"https:\\\/\\\/www.eldiario.net\\\/portal\\\/?s={search_term_string}\"},\"query-input\":{\"@type\":\"PropertyValueSpecification\",\"valueRequired\":true,\"valueName\":\"search_term_string\"}}],\"inLanguage\":\"es\"},{\"@type\":\"Organization\",\"@id\":\"https:\\\/\\\/www.eldiario.net\\\/portal\\\/#organization\",\"name\":\"El Diario - Decano de la prensa nacional\",\"url\":\"https:\\\/\\\/www.eldiario.net\\\/portal\\\/\",\"logo\":{\"@type\":\"ImageObject\",\"inLanguage\":\"es\",\"@id\":\"https:\\\/\\\/www.eldiario.net\\\/portal\\\/#\\\/schema\\\/logo\\\/image\\\/\",\"url\":\"https:\\\/\\\/www.eldiario.net\\\/portal\\\/wp-content\\\/uploads\\\/2023\\\/07\\\/logo_ED.jpg\",\"contentUrl\":\"https:\\\/\\\/www.eldiario.net\\\/portal\\\/wp-content\\\/uploads\\\/2023\\\/07\\\/logo_ED.jpg\",\"width\":272,\"height\":52,\"caption\":\"El Diario - Decano de la prensa nacional\"},\"image\":{\"@id\":\"https:\\\/\\\/www.eldiario.net\\\/portal\\\/#\\\/schema\\\/logo\\\/image\\\/\"},\"sameAs\":[\"https:\\\/\\\/www.facebook.com\\\/eldiario.bolivia\\\/\",\"https:\\\/\\\/x.com\\\/eldiario_net\"]},{\"@type\":\"Person\",\"@id\":\"https:\\\/\\\/www.eldiario.net\\\/portal\\\/#\\\/schema\\\/person\\\/2c57cf2b7a7ae032e449e4c9b1019eac\",\"name\":\"Jeanette\",\"image\":{\"@type\":\"ImageObject\",\"inLanguage\":\"es\",\"@id\":\"https:\\\/\\\/secure.gravatar.com\\\/avatar\\\/3ea2118a5f7dad2b7138b1187a6b7ee55f160b9968b66013c3a3ef39dd7e5798?s=96&d=mm&r=g\",\"url\":\"https:\\\/\\\/secure.gravatar.com\\\/avatar\\\/3ea2118a5f7dad2b7138b1187a6b7ee55f160b9968b66013c3a3ef39dd7e5798?s=96&d=mm&r=g\",\"contentUrl\":\"https:\\\/\\\/secure.gravatar.com\\\/avatar\\\/3ea2118a5f7dad2b7138b1187a6b7ee55f160b9968b66013c3a3ef39dd7e5798?s=96&d=mm&r=g\",\"caption\":\"Jeanette\"},\"sameAs\":[\"https:\\\/\\\/www.eldiario.net\\\/portal\"],\"url\":\"https:\\\/\\\/www.eldiario.net\\\/portal\\\/author\\\/jeanette\\\/\"}]}<\/script>\n<!-- \/ Yoast SEO plugin. -->","yoast_head_json":{"title":"Elenco Nacional del Folklore presenta la Gala \u201cBicentenario\u201d en homenaje a Bolivia - El Diario - Bolivia","robots":{"index":"index","follow":"follow","max-snippet":"max-snippet:-1","max-image-preview":"max-image-preview:large","max-video-preview":"max-video-preview:-1"},"canonical":"https:\/\/www.eldiario.net\/portal\/2025\/06\/25\/elenco-nacional-del-folklore-presenta-la-gala-bicentenario-en-homenaje-a-bolivia\/","og_locale":"es_ES","og_type":"article","og_title":"Elenco Nacional del Folklore presenta la Gala \u201cBicentenario\u201d en homenaje a Bolivia - El Diario - Bolivia","og_description":"El Elenco Nacional del Folklore presentar\u00e1 la Gala de Danza denominada \u201cBicentenario\u201d en homenaje a Bolivia, este 26 y 27 de junio, a horas 19:00, en el Teatro Municipal \u201cAlberto Saavedra P\u00e9rez\u201d. El objetivo principal es mostrar la diversidad cultural del pa\u00eds a trav\u00e9s de obras y cuadros coreogr\u00e1ficos de toda Bolivia. En ambas veladas, [&hellip;]","og_url":"https:\/\/www.eldiario.net\/portal\/2025\/06\/25\/elenco-nacional-del-folklore-presenta-la-gala-bicentenario-en-homenaje-a-bolivia\/","og_site_name":"El Diario - Bolivia","article_publisher":"https:\/\/www.facebook.com\/eldiario.bolivia\/","article_published_time":"2025-06-25T04:44:34+00:00","og_image":[{"width":1200,"height":924,"url":"https:\/\/www.eldiario.net\/portal\/wp-content\/uploads\/2025\/06\/1-PRINCIPAL-7.webp","type":"image\/webp"}],"author":"Jeanette","twitter_card":"summary_large_image","twitter_creator":"@eldiario_net","twitter_site":"@eldiario_net","twitter_misc":{"Escrito por":"Jeanette","Tiempo de lectura":"5 minutos"},"schema":{"@context":"https:\/\/schema.org","@graph":[{"@type":"Article","@id":"https:\/\/www.eldiario.net\/portal\/2025\/06\/25\/elenco-nacional-del-folklore-presenta-la-gala-bicentenario-en-homenaje-a-bolivia\/#article","isPartOf":{"@id":"https:\/\/www.eldiario.net\/portal\/2025\/06\/25\/elenco-nacional-del-folklore-presenta-la-gala-bicentenario-en-homenaje-a-bolivia\/"},"author":{"name":"Jeanette","@id":"https:\/\/www.eldiario.net\/portal\/#\/schema\/person\/2c57cf2b7a7ae032e449e4c9b1019eac"},"headline":"Elenco Nacional del Folklore presenta la Gala \u201cBicentenario\u201d en homenaje a Bolivia","datePublished":"2025-06-25T04:44:34+00:00","mainEntityOfPage":{"@id":"https:\/\/www.eldiario.net\/portal\/2025\/06\/25\/elenco-nacional-del-folklore-presenta-la-gala-bicentenario-en-homenaje-a-bolivia\/"},"wordCount":1130,"publisher":{"@id":"https:\/\/www.eldiario.net\/portal\/#organization"},"image":{"@id":"https:\/\/www.eldiario.net\/portal\/2025\/06\/25\/elenco-nacional-del-folklore-presenta-la-gala-bicentenario-en-homenaje-a-bolivia\/#primaryimage"},"thumbnailUrl":"https:\/\/www.eldiario.net\/portal\/wp-content\/uploads\/2025\/06\/1-PRINCIPAL-7.webp","articleSection":["La Gu\u00eda"],"inLanguage":"es"},{"@type":"WebPage","@id":"https:\/\/www.eldiario.net\/portal\/2025\/06\/25\/elenco-nacional-del-folklore-presenta-la-gala-bicentenario-en-homenaje-a-bolivia\/","url":"https:\/\/www.eldiario.net\/portal\/2025\/06\/25\/elenco-nacional-del-folklore-presenta-la-gala-bicentenario-en-homenaje-a-bolivia\/","name":"Elenco Nacional del Folklore presenta la Gala \u201cBicentenario\u201d en homenaje a Bolivia - El Diario - Bolivia","isPartOf":{"@id":"https:\/\/www.eldiario.net\/portal\/#website"},"primaryImageOfPage":{"@id":"https:\/\/www.eldiario.net\/portal\/2025\/06\/25\/elenco-nacional-del-folklore-presenta-la-gala-bicentenario-en-homenaje-a-bolivia\/#primaryimage"},"image":{"@id":"https:\/\/www.eldiario.net\/portal\/2025\/06\/25\/elenco-nacional-del-folklore-presenta-la-gala-bicentenario-en-homenaje-a-bolivia\/#primaryimage"},"thumbnailUrl":"https:\/\/www.eldiario.net\/portal\/wp-content\/uploads\/2025\/06\/1-PRINCIPAL-7.webp","datePublished":"2025-06-25T04:44:34+00:00","breadcrumb":{"@id":"https:\/\/www.eldiario.net\/portal\/2025\/06\/25\/elenco-nacional-del-folklore-presenta-la-gala-bicentenario-en-homenaje-a-bolivia\/#breadcrumb"},"inLanguage":"es","potentialAction":[{"@type":"ReadAction","target":["https:\/\/www.eldiario.net\/portal\/2025\/06\/25\/elenco-nacional-del-folklore-presenta-la-gala-bicentenario-en-homenaje-a-bolivia\/"]}]},{"@type":"ImageObject","inLanguage":"es","@id":"https:\/\/www.eldiario.net\/portal\/2025\/06\/25\/elenco-nacional-del-folklore-presenta-la-gala-bicentenario-en-homenaje-a-bolivia\/#primaryimage","url":"https:\/\/www.eldiario.net\/portal\/wp-content\/uploads\/2025\/06\/1-PRINCIPAL-7.webp","contentUrl":"https:\/\/www.eldiario.net\/portal\/wp-content\/uploads\/2025\/06\/1-PRINCIPAL-7.webp","width":1200,"height":924},{"@type":"BreadcrumbList","@id":"https:\/\/www.eldiario.net\/portal\/2025\/06\/25\/elenco-nacional-del-folklore-presenta-la-gala-bicentenario-en-homenaje-a-bolivia\/#breadcrumb","itemListElement":[{"@type":"ListItem","position":1,"name":"Portada","item":"https:\/\/www.eldiario.net\/portal\/"},{"@type":"ListItem","position":2,"name":"Elenco Nacional del Folklore presenta la Gala \u201cBicentenario\u201d en homenaje a Bolivia"}]},{"@type":"WebSite","@id":"https:\/\/www.eldiario.net\/portal\/#website","url":"https:\/\/www.eldiario.net\/portal\/","name":"El Diario - Decano de la prensa nacional","description":"El Diario - Decano de la prensa nacional","publisher":{"@id":"https:\/\/www.eldiario.net\/portal\/#organization"},"potentialAction":[{"@type":"SearchAction","target":{"@type":"EntryPoint","urlTemplate":"https:\/\/www.eldiario.net\/portal\/?s={search_term_string}"},"query-input":{"@type":"PropertyValueSpecification","valueRequired":true,"valueName":"search_term_string"}}],"inLanguage":"es"},{"@type":"Organization","@id":"https:\/\/www.eldiario.net\/portal\/#organization","name":"El Diario - Decano de la prensa nacional","url":"https:\/\/www.eldiario.net\/portal\/","logo":{"@type":"ImageObject","inLanguage":"es","@id":"https:\/\/www.eldiario.net\/portal\/#\/schema\/logo\/image\/","url":"https:\/\/www.eldiario.net\/portal\/wp-content\/uploads\/2023\/07\/logo_ED.jpg","contentUrl":"https:\/\/www.eldiario.net\/portal\/wp-content\/uploads\/2023\/07\/logo_ED.jpg","width":272,"height":52,"caption":"El Diario - Decano de la prensa nacional"},"image":{"@id":"https:\/\/www.eldiario.net\/portal\/#\/schema\/logo\/image\/"},"sameAs":["https:\/\/www.facebook.com\/eldiario.bolivia\/","https:\/\/x.com\/eldiario_net"]},{"@type":"Person","@id":"https:\/\/www.eldiario.net\/portal\/#\/schema\/person\/2c57cf2b7a7ae032e449e4c9b1019eac","name":"Jeanette","image":{"@type":"ImageObject","inLanguage":"es","@id":"https:\/\/secure.gravatar.com\/avatar\/3ea2118a5f7dad2b7138b1187a6b7ee55f160b9968b66013c3a3ef39dd7e5798?s=96&d=mm&r=g","url":"https:\/\/secure.gravatar.com\/avatar\/3ea2118a5f7dad2b7138b1187a6b7ee55f160b9968b66013c3a3ef39dd7e5798?s=96&d=mm&r=g","contentUrl":"https:\/\/secure.gravatar.com\/avatar\/3ea2118a5f7dad2b7138b1187a6b7ee55f160b9968b66013c3a3ef39dd7e5798?s=96&d=mm&r=g","caption":"Jeanette"},"sameAs":["https:\/\/www.eldiario.net\/portal"],"url":"https:\/\/www.eldiario.net\/portal\/author\/jeanette\/"}]}},"_links":{"self":[{"href":"https:\/\/www.eldiario.net\/portal\/wp-json\/wp\/v2\/posts\/311943","targetHints":{"allow":["GET"]}}],"collection":[{"href":"https:\/\/www.eldiario.net\/portal\/wp-json\/wp\/v2\/posts"}],"about":[{"href":"https:\/\/www.eldiario.net\/portal\/wp-json\/wp\/v2\/types\/post"}],"author":[{"embeddable":true,"href":"https:\/\/www.eldiario.net\/portal\/wp-json\/wp\/v2\/users\/1"}],"replies":[{"embeddable":true,"href":"https:\/\/www.eldiario.net\/portal\/wp-json\/wp\/v2\/comments?post=311943"}],"version-history":[{"count":1,"href":"https:\/\/www.eldiario.net\/portal\/wp-json\/wp\/v2\/posts\/311943\/revisions"}],"predecessor-version":[{"id":311951,"href":"https:\/\/www.eldiario.net\/portal\/wp-json\/wp\/v2\/posts\/311943\/revisions\/311951"}],"wp:featuredmedia":[{"embeddable":true,"href":"https:\/\/www.eldiario.net\/portal\/wp-json\/wp\/v2\/media\/311945"}],"wp:attachment":[{"href":"https:\/\/www.eldiario.net\/portal\/wp-json\/wp\/v2\/media?parent=311943"}],"wp:term":[{"taxonomy":"category","embeddable":true,"href":"https:\/\/www.eldiario.net\/portal\/wp-json\/wp\/v2\/categories?post=311943"},{"taxonomy":"post_tag","embeddable":true,"href":"https:\/\/www.eldiario.net\/portal\/wp-json\/wp\/v2\/tags?post=311943"}],"curies":[{"name":"wp","href":"https:\/\/api.w.org\/{rel}","templated":true}]}}