{"id":311704,"date":"2025-06-23T06:14:55","date_gmt":"2025-06-23T10:14:55","guid":{"rendered":"https:\/\/www.eldiario.net\/portal\/?p=311704"},"modified":"2025-06-23T06:14:55","modified_gmt":"2025-06-23T10:14:55","slug":"aumento-de-precio-del-petroleo-amenaza-la-economia-de-bolivia","status":"publish","type":"post","link":"https:\/\/www.eldiario.net\/portal\/2025\/06\/23\/aumento-de-precio-del-petroleo-amenaza-la-economia-de-bolivia\/","title":{"rendered":"Aumento de precio del petr\u00f3leo amenaza la econom\u00eda de Bolivia"},"content":{"rendered":"<p>Luego de que fuerzas estadounidenses lanzaran ataques a\u00e9reos contra instalaciones nucleares en Ir\u00e1n, los l\u00edderes iran\u00eds decidieron cerrar el estrecho de Ormuz, determinaci\u00f3n que podr\u00eda provocar un colapso energ\u00e9tico global. Ante esta situaci\u00f3n, los economistas advierten que la elevaci\u00f3n del precio del petr\u00f3leo y sus derivados podr\u00eda representar una amenaza para la econom\u00eda de Bolivia.<br \/>\nDe concretarse el cierre del estrecho de Ormuz, no s\u00f3lo Bolivia sentir\u00e1 los efectos, sino tambi\u00e9n China y Europa, grandes consumidores de hidrocarburos, como el petr\u00f3leo, de acuerdo con medios de prensa internacional.<br \/>\nAsimismo, reportes internacionales de prensa dan cuenta que el precio del petr\u00f3leo para su entrega en agosto subi\u00f3 hasta 76,1 d\u00f3lares el barril en el mercado del WTI, mientras que el Brent trep\u00f3 a 77 d\u00f3lares.<br \/>\nEn ese contexto, el analista econ\u00f3mico Dar\u00edo Monasterio sostuvo que Bolivia tiene una balanza hidrocarbur\u00edfera negativa, es decir importamos m\u00e1s de lo que exportamos desde hace un par de a\u00f1os.<br \/>\nPor otro lado, el economista y docente de la Universidad T\u00e9cnica de Oruro (UTO), Ernesto Bernal, expres\u00f3 su preocupaci\u00f3n por el conflicto entre Israel e Ir\u00e1n y en la que Estados Unidos se uni\u00f3 con los bombardeos ejecutados el fin de semana.<\/p>\n","protected":false},"excerpt":{"rendered":"<p>Luego de que fuerzas estadounidenses lanzaran ataques a\u00e9reos contra instalaciones nucleares en Ir\u00e1n, los l\u00edderes iran\u00eds decidieron cerrar el estrecho de Ormuz, determinaci\u00f3n que podr\u00eda provocar un colapso energ\u00e9tico global. Ante esta situaci\u00f3n, los economistas advierten que la elevaci\u00f3n del precio del petr\u00f3leo y sus derivados podr\u00eda representar una amenaza para la econom\u00eda de Bolivia. [&hellip;]<\/p>\n","protected":false},"author":1,"featured_media":311705,"comment_status":"closed","ping_status":"open","sticky":false,"template":"","format":"standard","meta":{"_acf_changed":false,"footnotes":""},"categories":[17],"tags":[],"class_list":["post-311704","post","type-post","status-publish","format-standard","has-post-thumbnail","category-principal"],"acf":{"antetitulo":"Por conflicto b\u00e9lico"},"yoast_head":"<!-- This site is optimized with the Yoast SEO plugin v28.4 - https:\/\/yoast.com\/product\/yoast-seo-wordpress\/ -->\n<title>Aumento de precio del petr\u00f3leo amenaza la econom\u00eda de Bolivia - El Diario - Bolivia<\/title>\n<meta name=\"robots\" content=\"index, follow, max-snippet:-1, max-image-preview:large, max-video-preview:-1\" \/>\n<link rel=\"canonical\" href=\"https:\/\/www.eldiario.net\/portal\/2025\/06\/23\/aumento-de-precio-del-petroleo-amenaza-la-economia-de-bolivia\/\" \/>\n<meta property=\"og:locale\" content=\"es_ES\" \/>\n<meta property=\"og:type\" content=\"article\" \/>\n<meta property=\"og:title\" content=\"Aumento de precio del petr\u00f3leo amenaza la econom\u00eda de Bolivia - El Diario - Bolivia\" \/>\n<meta property=\"og:description\" content=\"Luego de que fuerzas estadounidenses lanzaran ataques a\u00e9reos contra instalaciones nucleares en Ir\u00e1n, los l\u00edderes iran\u00eds decidieron cerrar el estrecho de Ormuz, determinaci\u00f3n que podr\u00eda provocar un colapso energ\u00e9tico global. Ante esta situaci\u00f3n, los economistas advierten que la elevaci\u00f3n del precio del petr\u00f3leo y sus derivados podr\u00eda representar una amenaza para la econom\u00eda de Bolivia. [&hellip;]\" \/>\n<meta property=\"og:url\" content=\"https:\/\/www.eldiario.net\/portal\/2025\/06\/23\/aumento-de-precio-del-petroleo-amenaza-la-economia-de-bolivia\/\" \/>\n<meta property=\"og:site_name\" content=\"El Diario - Bolivia\" \/>\n<meta property=\"article:publisher\" content=\"https:\/\/www.facebook.com\/eldiario.bolivia\/\" \/>\n<meta property=\"article:published_time\" content=\"2025-06-23T10:14:55+00:00\" \/>\n<meta property=\"og:image\" content=\"https:\/\/www.eldiario.net\/portal\/wp-content\/uploads\/2025\/06\/P-1-15-cm-x-10-4.webp\" \/>\n\t<meta property=\"og:image:width\" content=\"1800\" \/>\n\t<meta property=\"og:image:height\" content=\"961\" \/>\n\t<meta property=\"og:image:type\" content=\"image\/webp\" \/>\n<meta name=\"author\" content=\"Jeanette\" \/>\n<meta name=\"twitter:card\" content=\"summary_large_image\" \/>\n<meta name=\"twitter:creator\" content=\"@eldiario_net\" \/>\n<meta name=\"twitter:site\" content=\"@eldiario_net\" \/>\n<meta name=\"twitter:label1\" content=\"Escrito por\" \/>\n\t<meta name=\"twitter:data1\" content=\"Jeanette\" \/>\n\t<meta name=\"twitter:label2\" content=\"Tiempo de lectura\" \/>\n\t<meta name=\"twitter:data2\" content=\"2 minutos\" \/>\n<script type=\"application\/ld+json\" class=\"yoast-schema-graph\">{\"@context\":\"https:\\\/\\\/schema.org\",\"@graph\":[{\"@type\":\"Article\",\"@id\":\"https:\\\/\\\/www.eldiario.net\\\/portal\\\/2025\\\/06\\\/23\\\/aumento-de-precio-del-petroleo-amenaza-la-economia-de-bolivia\\\/#article\",\"isPartOf\":{\"@id\":\"https:\\\/\\\/www.eldiario.net\\\/portal\\\/2025\\\/06\\\/23\\\/aumento-de-precio-del-petroleo-amenaza-la-economia-de-bolivia\\\/\"},\"author\":{\"name\":\"Jeanette\",\"@id\":\"https:\\\/\\\/www.eldiario.net\\\/portal\\\/#\\\/schema\\\/person\\\/f46445640444750d7d753ccd04ae01b7\"},\"headline\":\"Aumento de precio del petr\u00f3leo amenaza la econom\u00eda de Bolivia\",\"datePublished\":\"2025-06-23T10:14:55+00:00\",\"mainEntityOfPage\":{\"@id\":\"https:\\\/\\\/www.eldiario.net\\\/portal\\\/2025\\\/06\\\/23\\\/aumento-de-precio-del-petroleo-amenaza-la-economia-de-bolivia\\\/\"},\"wordCount\":232,\"publisher\":{\"@id\":\"https:\\\/\\\/www.eldiario.net\\\/portal\\\/#organization\"},\"image\":{\"@id\":\"https:\\\/\\\/www.eldiario.net\\\/portal\\\/2025\\\/06\\\/23\\\/aumento-de-precio-del-petroleo-amenaza-la-economia-de-bolivia\\\/#primaryimage\"},\"thumbnailUrl\":\"https:\\\/\\\/www.eldiario.net\\\/portal\\\/wp-content\\\/uploads\\\/2025\\\/06\\\/P-1-15-cm-x-10-4.webp\",\"articleSection\":[\"Principal\"],\"inLanguage\":\"es\"},{\"@type\":\"WebPage\",\"@id\":\"https:\\\/\\\/www.eldiario.net\\\/portal\\\/2025\\\/06\\\/23\\\/aumento-de-precio-del-petroleo-amenaza-la-economia-de-bolivia\\\/\",\"url\":\"https:\\\/\\\/www.eldiario.net\\\/portal\\\/2025\\\/06\\\/23\\\/aumento-de-precio-del-petroleo-amenaza-la-economia-de-bolivia\\\/\",\"name\":\"Aumento de precio del petr\u00f3leo amenaza la econom\u00eda de Bolivia - El Diario - Bolivia\",\"isPartOf\":{\"@id\":\"https:\\\/\\\/www.eldiario.net\\\/portal\\\/#website\"},\"primaryImageOfPage\":{\"@id\":\"https:\\\/\\\/www.eldiario.net\\\/portal\\\/2025\\\/06\\\/23\\\/aumento-de-precio-del-petroleo-amenaza-la-economia-de-bolivia\\\/#primaryimage\"},\"image\":{\"@id\":\"https:\\\/\\\/www.eldiario.net\\\/portal\\\/2025\\\/06\\\/23\\\/aumento-de-precio-del-petroleo-amenaza-la-economia-de-bolivia\\\/#primaryimage\"},\"thumbnailUrl\":\"https:\\\/\\\/www.eldiario.net\\\/portal\\\/wp-content\\\/uploads\\\/2025\\\/06\\\/P-1-15-cm-x-10-4.webp\",\"datePublished\":\"2025-06-23T10:14:55+00:00\",\"breadcrumb\":{\"@id\":\"https:\\\/\\\/www.eldiario.net\\\/portal\\\/2025\\\/06\\\/23\\\/aumento-de-precio-del-petroleo-amenaza-la-economia-de-bolivia\\\/#breadcrumb\"},\"inLanguage\":\"es\",\"potentialAction\":[{\"@type\":\"ReadAction\",\"target\":[\"https:\\\/\\\/www.eldiario.net\\\/portal\\\/2025\\\/06\\\/23\\\/aumento-de-precio-del-petroleo-amenaza-la-economia-de-bolivia\\\/\"]}]},{\"@type\":\"ImageObject\",\"inLanguage\":\"es\",\"@id\":\"https:\\\/\\\/www.eldiario.net\\\/portal\\\/2025\\\/06\\\/23\\\/aumento-de-precio-del-petroleo-amenaza-la-economia-de-bolivia\\\/#primaryimage\",\"url\":\"https:\\\/\\\/www.eldiario.net\\\/portal\\\/wp-content\\\/uploads\\\/2025\\\/06\\\/P-1-15-cm-x-10-4.webp\",\"contentUrl\":\"https:\\\/\\\/www.eldiario.net\\\/portal\\\/wp-content\\\/uploads\\\/2025\\\/06\\\/P-1-15-cm-x-10-4.webp\",\"width\":1800,\"height\":961},{\"@type\":\"BreadcrumbList\",\"@id\":\"https:\\\/\\\/www.eldiario.net\\\/portal\\\/2025\\\/06\\\/23\\\/aumento-de-precio-del-petroleo-amenaza-la-economia-de-bolivia\\\/#breadcrumb\",\"itemListElement\":[{\"@type\":\"ListItem\",\"position\":1,\"name\":\"Portada\",\"item\":\"https:\\\/\\\/www.eldiario.net\\\/portal\\\/\"},{\"@type\":\"ListItem\",\"position\":2,\"name\":\"Aumento de precio del petr\u00f3leo amenaza la econom\u00eda de Bolivia\"}]},{\"@type\":\"WebSite\",\"@id\":\"https:\\\/\\\/www.eldiario.net\\\/portal\\\/#website\",\"url\":\"https:\\\/\\\/www.eldiario.net\\\/portal\\\/\",\"name\":\"El Diario - Decano de la prensa nacional\",\"description\":\"El Diario - Decano de la prensa nacional\",\"publisher\":{\"@id\":\"https:\\\/\\\/www.eldiario.net\\\/portal\\\/#organization\"},\"potentialAction\":[{\"@type\":\"SearchAction\",\"target\":{\"@type\":\"EntryPoint\",\"urlTemplate\":\"https:\\\/\\\/www.eldiario.net\\\/portal\\\/?s={search_term_string}\"},\"query-input\":{\"@type\":\"PropertyValueSpecification\",\"valueRequired\":true,\"valueName\":\"search_term_string\"}}],\"inLanguage\":\"es\"},{\"@type\":\"Organization\",\"@id\":\"https:\\\/\\\/www.eldiario.net\\\/portal\\\/#organization\",\"name\":\"El Diario - Decano de la prensa nacional\",\"url\":\"https:\\\/\\\/www.eldiario.net\\\/portal\\\/\",\"logo\":{\"@type\":\"ImageObject\",\"inLanguage\":\"es\",\"@id\":\"https:\\\/\\\/www.eldiario.net\\\/portal\\\/#\\\/schema\\\/logo\\\/image\\\/\",\"url\":\"https:\\\/\\\/www.eldiario.net\\\/portal\\\/wp-content\\\/uploads\\\/2023\\\/07\\\/logo_ED.jpg\",\"contentUrl\":\"https:\\\/\\\/www.eldiario.net\\\/portal\\\/wp-content\\\/uploads\\\/2023\\\/07\\\/logo_ED.jpg\",\"width\":272,\"height\":52,\"caption\":\"El Diario - Decano de la prensa nacional\"},\"image\":{\"@id\":\"https:\\\/\\\/www.eldiario.net\\\/portal\\\/#\\\/schema\\\/logo\\\/image\\\/\"},\"sameAs\":[\"https:\\\/\\\/www.facebook.com\\\/eldiario.bolivia\\\/\",\"https:\\\/\\\/x.com\\\/eldiario_net\"]},{\"@type\":\"Person\",\"@id\":\"https:\\\/\\\/www.eldiario.net\\\/portal\\\/#\\\/schema\\\/person\\\/f46445640444750d7d753ccd04ae01b7\",\"name\":\"Jeanette\",\"image\":{\"@type\":\"ImageObject\",\"inLanguage\":\"es\",\"@id\":\"https:\\\/\\\/secure.gravatar.com\\\/avatar\\\/3ea2118a5f7dad2b7138b1187a6b7ee55f160b9968b66013c3a3ef39dd7e5798?s=96&d=mm&r=g\",\"url\":\"https:\\\/\\\/secure.gravatar.com\\\/avatar\\\/3ea2118a5f7dad2b7138b1187a6b7ee55f160b9968b66013c3a3ef39dd7e5798?s=96&d=mm&r=g\",\"contentUrl\":\"https:\\\/\\\/secure.gravatar.com\\\/avatar\\\/3ea2118a5f7dad2b7138b1187a6b7ee55f160b9968b66013c3a3ef39dd7e5798?s=96&d=mm&r=g\",\"caption\":\"Jeanette\"},\"sameAs\":[\"https:\\\/\\\/www.eldiario.net\\\/portal\"],\"url\":\"https:\\\/\\\/www.eldiario.net\\\/portal\\\/author\\\/jeanette\\\/\"}]}<\/script>\n<!-- \/ Yoast SEO plugin. -->","yoast_head_json":{"title":"Aumento de precio del petr\u00f3leo amenaza la econom\u00eda de Bolivia - El Diario - Bolivia","robots":{"index":"index","follow":"follow","max-snippet":"max-snippet:-1","max-image-preview":"max-image-preview:large","max-video-preview":"max-video-preview:-1"},"canonical":"https:\/\/www.eldiario.net\/portal\/2025\/06\/23\/aumento-de-precio-del-petroleo-amenaza-la-economia-de-bolivia\/","og_locale":"es_ES","og_type":"article","og_title":"Aumento de precio del petr\u00f3leo amenaza la econom\u00eda de Bolivia - El Diario - Bolivia","og_description":"Luego de que fuerzas estadounidenses lanzaran ataques a\u00e9reos contra instalaciones nucleares en Ir\u00e1n, los l\u00edderes iran\u00eds decidieron cerrar el estrecho de Ormuz, determinaci\u00f3n que podr\u00eda provocar un colapso energ\u00e9tico global. Ante esta situaci\u00f3n, los economistas advierten que la elevaci\u00f3n del precio del petr\u00f3leo y sus derivados podr\u00eda representar una amenaza para la econom\u00eda de Bolivia. [&hellip;]","og_url":"https:\/\/www.eldiario.net\/portal\/2025\/06\/23\/aumento-de-precio-del-petroleo-amenaza-la-economia-de-bolivia\/","og_site_name":"El Diario - Bolivia","article_publisher":"https:\/\/www.facebook.com\/eldiario.bolivia\/","article_published_time":"2025-06-23T10:14:55+00:00","og_image":[{"width":1800,"height":961,"url":"https:\/\/www.eldiario.net\/portal\/wp-content\/uploads\/2025\/06\/P-1-15-cm-x-10-4.webp","type":"image\/webp"}],"author":"Jeanette","twitter_card":"summary_large_image","twitter_creator":"@eldiario_net","twitter_site":"@eldiario_net","twitter_misc":{"Escrito por":"Jeanette","Tiempo de lectura":"2 minutos"},"schema":{"@context":"https:\/\/schema.org","@graph":[{"@type":"Article","@id":"https:\/\/www.eldiario.net\/portal\/2025\/06\/23\/aumento-de-precio-del-petroleo-amenaza-la-economia-de-bolivia\/#article","isPartOf":{"@id":"https:\/\/www.eldiario.net\/portal\/2025\/06\/23\/aumento-de-precio-del-petroleo-amenaza-la-economia-de-bolivia\/"},"author":{"name":"Jeanette","@id":"https:\/\/www.eldiario.net\/portal\/#\/schema\/person\/f46445640444750d7d753ccd04ae01b7"},"headline":"Aumento de precio del petr\u00f3leo amenaza la econom\u00eda de Bolivia","datePublished":"2025-06-23T10:14:55+00:00","mainEntityOfPage":{"@id":"https:\/\/www.eldiario.net\/portal\/2025\/06\/23\/aumento-de-precio-del-petroleo-amenaza-la-economia-de-bolivia\/"},"wordCount":232,"publisher":{"@id":"https:\/\/www.eldiario.net\/portal\/#organization"},"image":{"@id":"https:\/\/www.eldiario.net\/portal\/2025\/06\/23\/aumento-de-precio-del-petroleo-amenaza-la-economia-de-bolivia\/#primaryimage"},"thumbnailUrl":"https:\/\/www.eldiario.net\/portal\/wp-content\/uploads\/2025\/06\/P-1-15-cm-x-10-4.webp","articleSection":["Principal"],"inLanguage":"es"},{"@type":"WebPage","@id":"https:\/\/www.eldiario.net\/portal\/2025\/06\/23\/aumento-de-precio-del-petroleo-amenaza-la-economia-de-bolivia\/","url":"https:\/\/www.eldiario.net\/portal\/2025\/06\/23\/aumento-de-precio-del-petroleo-amenaza-la-economia-de-bolivia\/","name":"Aumento de precio del petr\u00f3leo amenaza la econom\u00eda de Bolivia - El Diario - Bolivia","isPartOf":{"@id":"https:\/\/www.eldiario.net\/portal\/#website"},"primaryImageOfPage":{"@id":"https:\/\/www.eldiario.net\/portal\/2025\/06\/23\/aumento-de-precio-del-petroleo-amenaza-la-economia-de-bolivia\/#primaryimage"},"image":{"@id":"https:\/\/www.eldiario.net\/portal\/2025\/06\/23\/aumento-de-precio-del-petroleo-amenaza-la-economia-de-bolivia\/#primaryimage"},"thumbnailUrl":"https:\/\/www.eldiario.net\/portal\/wp-content\/uploads\/2025\/06\/P-1-15-cm-x-10-4.webp","datePublished":"2025-06-23T10:14:55+00:00","breadcrumb":{"@id":"https:\/\/www.eldiario.net\/portal\/2025\/06\/23\/aumento-de-precio-del-petroleo-amenaza-la-economia-de-bolivia\/#breadcrumb"},"inLanguage":"es","potentialAction":[{"@type":"ReadAction","target":["https:\/\/www.eldiario.net\/portal\/2025\/06\/23\/aumento-de-precio-del-petroleo-amenaza-la-economia-de-bolivia\/"]}]},{"@type":"ImageObject","inLanguage":"es","@id":"https:\/\/www.eldiario.net\/portal\/2025\/06\/23\/aumento-de-precio-del-petroleo-amenaza-la-economia-de-bolivia\/#primaryimage","url":"https:\/\/www.eldiario.net\/portal\/wp-content\/uploads\/2025\/06\/P-1-15-cm-x-10-4.webp","contentUrl":"https:\/\/www.eldiario.net\/portal\/wp-content\/uploads\/2025\/06\/P-1-15-cm-x-10-4.webp","width":1800,"height":961},{"@type":"BreadcrumbList","@id":"https:\/\/www.eldiario.net\/portal\/2025\/06\/23\/aumento-de-precio-del-petroleo-amenaza-la-economia-de-bolivia\/#breadcrumb","itemListElement":[{"@type":"ListItem","position":1,"name":"Portada","item":"https:\/\/www.eldiario.net\/portal\/"},{"@type":"ListItem","position":2,"name":"Aumento de precio del petr\u00f3leo amenaza la econom\u00eda de Bolivia"}]},{"@type":"WebSite","@id":"https:\/\/www.eldiario.net\/portal\/#website","url":"https:\/\/www.eldiario.net\/portal\/","name":"El Diario - Decano de la prensa nacional","description":"El Diario - Decano de la prensa nacional","publisher":{"@id":"https:\/\/www.eldiario.net\/portal\/#organization"},"potentialAction":[{"@type":"SearchAction","target":{"@type":"EntryPoint","urlTemplate":"https:\/\/www.eldiario.net\/portal\/?s={search_term_string}"},"query-input":{"@type":"PropertyValueSpecification","valueRequired":true,"valueName":"search_term_string"}}],"inLanguage":"es"},{"@type":"Organization","@id":"https:\/\/www.eldiario.net\/portal\/#organization","name":"El Diario - Decano de la prensa nacional","url":"https:\/\/www.eldiario.net\/portal\/","logo":{"@type":"ImageObject","inLanguage":"es","@id":"https:\/\/www.eldiario.net\/portal\/#\/schema\/logo\/image\/","url":"https:\/\/www.eldiario.net\/portal\/wp-content\/uploads\/2023\/07\/logo_ED.jpg","contentUrl":"https:\/\/www.eldiario.net\/portal\/wp-content\/uploads\/2023\/07\/logo_ED.jpg","width":272,"height":52,"caption":"El Diario - Decano de la prensa nacional"},"image":{"@id":"https:\/\/www.eldiario.net\/portal\/#\/schema\/logo\/image\/"},"sameAs":["https:\/\/www.facebook.com\/eldiario.bolivia\/","https:\/\/x.com\/eldiario_net"]},{"@type":"Person","@id":"https:\/\/www.eldiario.net\/portal\/#\/schema\/person\/f46445640444750d7d753ccd04ae01b7","name":"Jeanette","image":{"@type":"ImageObject","inLanguage":"es","@id":"https:\/\/secure.gravatar.com\/avatar\/3ea2118a5f7dad2b7138b1187a6b7ee55f160b9968b66013c3a3ef39dd7e5798?s=96&d=mm&r=g","url":"https:\/\/secure.gravatar.com\/avatar\/3ea2118a5f7dad2b7138b1187a6b7ee55f160b9968b66013c3a3ef39dd7e5798?s=96&d=mm&r=g","contentUrl":"https:\/\/secure.gravatar.com\/avatar\/3ea2118a5f7dad2b7138b1187a6b7ee55f160b9968b66013c3a3ef39dd7e5798?s=96&d=mm&r=g","caption":"Jeanette"},"sameAs":["https:\/\/www.eldiario.net\/portal"],"url":"https:\/\/www.eldiario.net\/portal\/author\/jeanette\/"}]}},"_links":{"self":[{"href":"https:\/\/www.eldiario.net\/portal\/wp-json\/wp\/v2\/posts\/311704","targetHints":{"allow":["GET"]}}],"collection":[{"href":"https:\/\/www.eldiario.net\/portal\/wp-json\/wp\/v2\/posts"}],"about":[{"href":"https:\/\/www.eldiario.net\/portal\/wp-json\/wp\/v2\/types\/post"}],"author":[{"embeddable":true,"href":"https:\/\/www.eldiario.net\/portal\/wp-json\/wp\/v2\/users\/1"}],"replies":[{"embeddable":true,"href":"https:\/\/www.eldiario.net\/portal\/wp-json\/wp\/v2\/comments?post=311704"}],"version-history":[{"count":1,"href":"https:\/\/www.eldiario.net\/portal\/wp-json\/wp\/v2\/posts\/311704\/revisions"}],"predecessor-version":[{"id":311706,"href":"https:\/\/www.eldiario.net\/portal\/wp-json\/wp\/v2\/posts\/311704\/revisions\/311706"}],"wp:featuredmedia":[{"embeddable":true,"href":"https:\/\/www.eldiario.net\/portal\/wp-json\/wp\/v2\/media\/311705"}],"wp:attachment":[{"href":"https:\/\/www.eldiario.net\/portal\/wp-json\/wp\/v2\/media?parent=311704"}],"wp:term":[{"taxonomy":"category","embeddable":true,"href":"https:\/\/www.eldiario.net\/portal\/wp-json\/wp\/v2\/categories?post=311704"},{"taxonomy":"post_tag","embeddable":true,"href":"https:\/\/www.eldiario.net\/portal\/wp-json\/wp\/v2\/tags?post=311704"}],"curies":[{"name":"wp","href":"https:\/\/api.w.org\/{rel}","templated":true}]}}