{"id":311698,"date":"2025-06-23T06:12:32","date_gmt":"2025-06-23T10:12:32","guid":{"rendered":"https:\/\/www.eldiario.net\/portal\/?p=311698"},"modified":"2025-06-23T06:12:32","modified_gmt":"2025-06-23T10:12:32","slug":"eeuu-lanzo-alerta-global-tras-bombardeos-contra-iran","status":"publish","type":"post","link":"https:\/\/www.eldiario.net\/portal\/2025\/06\/23\/eeuu-lanzo-alerta-global-tras-bombardeos-contra-iran\/","title":{"rendered":"EEUU lanz\u00f3 alerta global  tras bombardeos contra Ir\u00e1n"},"content":{"rendered":"<p>El Departamento de Estado de Estados Unidos emiti\u00f3 ayer una inusual alerta de seguridad mundial, luego de que fuerzas estadounidenses lanzaran ataques a\u00e9reos contra instalaciones nucleares en Ir\u00e1n, incrementando los temores de represalias en Medio Oriente y otras regiones.<br \/>\nLa advertencia, que llama a los ciudadanos estadounidenses a extremar precauciones en sus viajes internacionales, subraya el riesgo de posibles manifestaciones y ataques contra intereses de EEUU en el extranjero.<br \/>\nSeg\u00fan Infobae, el detonante de esta nueva escalada fue el anuncio del presidente Donald Trump, quien confirm\u00f3 que EEUU llev\u00f3 a cabo ataques de precisi\u00f3n contra instalaciones nucleares iran\u00edes, incluyendo los sitios de Fordo, Natanz e Isfahan, utilizando bombarderos B-2 y misiles Tomahawk. Esta operaci\u00f3n marc\u00f3 una intervenci\u00f3n directa y significativa, lo que ha generado inquietud por las posibles consecuencias en la seguridad global.<\/p>\n","protected":false},"excerpt":{"rendered":"<p>El Departamento de Estado de Estados Unidos emiti\u00f3 ayer una inusual alerta de seguridad mundial, luego de que fuerzas estadounidenses lanzaran ataques a\u00e9reos contra instalaciones nucleares en Ir\u00e1n, incrementando los temores de represalias en Medio Oriente y otras regiones. La advertencia, que llama a los ciudadanos estadounidenses a extremar precauciones en sus viajes internacionales, subraya [&hellip;]<\/p>\n","protected":false},"author":1,"featured_media":311699,"comment_status":"closed","ping_status":"open","sticky":false,"template":"","format":"standard","meta":{"_acf_changed":false,"footnotes":""},"categories":[15],"tags":[],"class_list":["post-311698","post","type-post","status-publish","format-standard","has-post-thumbnail","category-portada"],"acf":{"antetitulo":"Pide a sus ciudadanos a extremar precauciones"},"yoast_head":"<!-- This site is optimized with the Yoast SEO plugin v28.4 - https:\/\/yoast.com\/product\/yoast-seo-wordpress\/ -->\n<title>EEUU lanz\u00f3 alerta global tras bombardeos contra Ir\u00e1n - El Diario - Bolivia<\/title>\n<meta name=\"robots\" content=\"index, follow, max-snippet:-1, max-image-preview:large, max-video-preview:-1\" \/>\n<link rel=\"canonical\" href=\"https:\/\/www.eldiario.net\/portal\/2025\/06\/23\/eeuu-lanzo-alerta-global-tras-bombardeos-contra-iran\/\" \/>\n<meta property=\"og:locale\" content=\"es_ES\" \/>\n<meta property=\"og:type\" content=\"article\" \/>\n<meta property=\"og:title\" content=\"EEUU lanz\u00f3 alerta global tras bombardeos contra Ir\u00e1n - El Diario - Bolivia\" \/>\n<meta property=\"og:description\" content=\"El Departamento de Estado de Estados Unidos emiti\u00f3 ayer una inusual alerta de seguridad mundial, luego de que fuerzas estadounidenses lanzaran ataques a\u00e9reos contra instalaciones nucleares en Ir\u00e1n, incrementando los temores de represalias en Medio Oriente y otras regiones. La advertencia, que llama a los ciudadanos estadounidenses a extremar precauciones en sus viajes internacionales, subraya [&hellip;]\" \/>\n<meta property=\"og:url\" content=\"https:\/\/www.eldiario.net\/portal\/2025\/06\/23\/eeuu-lanzo-alerta-global-tras-bombardeos-contra-iran\/\" \/>\n<meta property=\"og:site_name\" content=\"El Diario - Bolivia\" \/>\n<meta property=\"article:publisher\" content=\"https:\/\/www.facebook.com\/eldiario.bolivia\/\" \/>\n<meta property=\"article:published_time\" content=\"2025-06-23T10:12:32+00:00\" \/>\n<meta property=\"og:image\" content=\"https:\/\/www.eldiario.net\/portal\/wp-content\/uploads\/2025\/06\/P-3-15-cm-x-9.webp\" \/>\n\t<meta property=\"og:image:width\" content=\"1024\" \/>\n\t<meta property=\"og:image:height\" content=\"576\" \/>\n\t<meta property=\"og:image:type\" content=\"image\/webp\" \/>\n<meta name=\"author\" content=\"Jeanette\" \/>\n<meta name=\"twitter:card\" content=\"summary_large_image\" \/>\n<meta name=\"twitter:creator\" content=\"@eldiario_net\" \/>\n<meta name=\"twitter:site\" content=\"@eldiario_net\" \/>\n<meta name=\"twitter:label1\" content=\"Escrito por\" \/>\n\t<meta name=\"twitter:data1\" content=\"Jeanette\" \/>\n\t<meta name=\"twitter:label2\" content=\"Tiempo de lectura\" \/>\n\t<meta name=\"twitter:data2\" content=\"1 minuto\" \/>\n<script type=\"application\/ld+json\" class=\"yoast-schema-graph\">{\"@context\":\"https:\\\/\\\/schema.org\",\"@graph\":[{\"@type\":\"Article\",\"@id\":\"https:\\\/\\\/www.eldiario.net\\\/portal\\\/2025\\\/06\\\/23\\\/eeuu-lanzo-alerta-global-tras-bombardeos-contra-iran\\\/#article\",\"isPartOf\":{\"@id\":\"https:\\\/\\\/www.eldiario.net\\\/portal\\\/2025\\\/06\\\/23\\\/eeuu-lanzo-alerta-global-tras-bombardeos-contra-iran\\\/\"},\"author\":{\"name\":\"Jeanette\",\"@id\":\"https:\\\/\\\/www.eldiario.net\\\/portal\\\/#\\\/schema\\\/person\\\/f46445640444750d7d753ccd04ae01b7\"},\"headline\":\"EEUU lanz\u00f3 alerta global tras bombardeos contra Ir\u00e1n\",\"datePublished\":\"2025-06-23T10:12:32+00:00\",\"mainEntityOfPage\":{\"@id\":\"https:\\\/\\\/www.eldiario.net\\\/portal\\\/2025\\\/06\\\/23\\\/eeuu-lanzo-alerta-global-tras-bombardeos-contra-iran\\\/\"},\"wordCount\":149,\"publisher\":{\"@id\":\"https:\\\/\\\/www.eldiario.net\\\/portal\\\/#organization\"},\"image\":{\"@id\":\"https:\\\/\\\/www.eldiario.net\\\/portal\\\/2025\\\/06\\\/23\\\/eeuu-lanzo-alerta-global-tras-bombardeos-contra-iran\\\/#primaryimage\"},\"thumbnailUrl\":\"https:\\\/\\\/www.eldiario.net\\\/portal\\\/wp-content\\\/uploads\\\/2025\\\/06\\\/P-3-15-cm-x-9.webp\",\"articleSection\":[\"Portada\"],\"inLanguage\":\"es\"},{\"@type\":\"WebPage\",\"@id\":\"https:\\\/\\\/www.eldiario.net\\\/portal\\\/2025\\\/06\\\/23\\\/eeuu-lanzo-alerta-global-tras-bombardeos-contra-iran\\\/\",\"url\":\"https:\\\/\\\/www.eldiario.net\\\/portal\\\/2025\\\/06\\\/23\\\/eeuu-lanzo-alerta-global-tras-bombardeos-contra-iran\\\/\",\"name\":\"EEUU lanz\u00f3 alerta global tras bombardeos contra Ir\u00e1n - El Diario - Bolivia\",\"isPartOf\":{\"@id\":\"https:\\\/\\\/www.eldiario.net\\\/portal\\\/#website\"},\"primaryImageOfPage\":{\"@id\":\"https:\\\/\\\/www.eldiario.net\\\/portal\\\/2025\\\/06\\\/23\\\/eeuu-lanzo-alerta-global-tras-bombardeos-contra-iran\\\/#primaryimage\"},\"image\":{\"@id\":\"https:\\\/\\\/www.eldiario.net\\\/portal\\\/2025\\\/06\\\/23\\\/eeuu-lanzo-alerta-global-tras-bombardeos-contra-iran\\\/#primaryimage\"},\"thumbnailUrl\":\"https:\\\/\\\/www.eldiario.net\\\/portal\\\/wp-content\\\/uploads\\\/2025\\\/06\\\/P-3-15-cm-x-9.webp\",\"datePublished\":\"2025-06-23T10:12:32+00:00\",\"breadcrumb\":{\"@id\":\"https:\\\/\\\/www.eldiario.net\\\/portal\\\/2025\\\/06\\\/23\\\/eeuu-lanzo-alerta-global-tras-bombardeos-contra-iran\\\/#breadcrumb\"},\"inLanguage\":\"es\",\"potentialAction\":[{\"@type\":\"ReadAction\",\"target\":[\"https:\\\/\\\/www.eldiario.net\\\/portal\\\/2025\\\/06\\\/23\\\/eeuu-lanzo-alerta-global-tras-bombardeos-contra-iran\\\/\"]}]},{\"@type\":\"ImageObject\",\"inLanguage\":\"es\",\"@id\":\"https:\\\/\\\/www.eldiario.net\\\/portal\\\/2025\\\/06\\\/23\\\/eeuu-lanzo-alerta-global-tras-bombardeos-contra-iran\\\/#primaryimage\",\"url\":\"https:\\\/\\\/www.eldiario.net\\\/portal\\\/wp-content\\\/uploads\\\/2025\\\/06\\\/P-3-15-cm-x-9.webp\",\"contentUrl\":\"https:\\\/\\\/www.eldiario.net\\\/portal\\\/wp-content\\\/uploads\\\/2025\\\/06\\\/P-3-15-cm-x-9.webp\",\"width\":1024,\"height\":576},{\"@type\":\"BreadcrumbList\",\"@id\":\"https:\\\/\\\/www.eldiario.net\\\/portal\\\/2025\\\/06\\\/23\\\/eeuu-lanzo-alerta-global-tras-bombardeos-contra-iran\\\/#breadcrumb\",\"itemListElement\":[{\"@type\":\"ListItem\",\"position\":1,\"name\":\"Portada\",\"item\":\"https:\\\/\\\/www.eldiario.net\\\/portal\\\/\"},{\"@type\":\"ListItem\",\"position\":2,\"name\":\"EEUU lanz\u00f3 alerta global tras bombardeos contra Ir\u00e1n\"}]},{\"@type\":\"WebSite\",\"@id\":\"https:\\\/\\\/www.eldiario.net\\\/portal\\\/#website\",\"url\":\"https:\\\/\\\/www.eldiario.net\\\/portal\\\/\",\"name\":\"El Diario - Decano de la prensa nacional\",\"description\":\"El Diario - Decano de la prensa nacional\",\"publisher\":{\"@id\":\"https:\\\/\\\/www.eldiario.net\\\/portal\\\/#organization\"},\"potentialAction\":[{\"@type\":\"SearchAction\",\"target\":{\"@type\":\"EntryPoint\",\"urlTemplate\":\"https:\\\/\\\/www.eldiario.net\\\/portal\\\/?s={search_term_string}\"},\"query-input\":{\"@type\":\"PropertyValueSpecification\",\"valueRequired\":true,\"valueName\":\"search_term_string\"}}],\"inLanguage\":\"es\"},{\"@type\":\"Organization\",\"@id\":\"https:\\\/\\\/www.eldiario.net\\\/portal\\\/#organization\",\"name\":\"El Diario - Decano de la prensa nacional\",\"url\":\"https:\\\/\\\/www.eldiario.net\\\/portal\\\/\",\"logo\":{\"@type\":\"ImageObject\",\"inLanguage\":\"es\",\"@id\":\"https:\\\/\\\/www.eldiario.net\\\/portal\\\/#\\\/schema\\\/logo\\\/image\\\/\",\"url\":\"https:\\\/\\\/www.eldiario.net\\\/portal\\\/wp-content\\\/uploads\\\/2023\\\/07\\\/logo_ED.jpg\",\"contentUrl\":\"https:\\\/\\\/www.eldiario.net\\\/portal\\\/wp-content\\\/uploads\\\/2023\\\/07\\\/logo_ED.jpg\",\"width\":272,\"height\":52,\"caption\":\"El Diario - Decano de la prensa nacional\"},\"image\":{\"@id\":\"https:\\\/\\\/www.eldiario.net\\\/portal\\\/#\\\/schema\\\/logo\\\/image\\\/\"},\"sameAs\":[\"https:\\\/\\\/www.facebook.com\\\/eldiario.bolivia\\\/\",\"https:\\\/\\\/x.com\\\/eldiario_net\"]},{\"@type\":\"Person\",\"@id\":\"https:\\\/\\\/www.eldiario.net\\\/portal\\\/#\\\/schema\\\/person\\\/f46445640444750d7d753ccd04ae01b7\",\"name\":\"Jeanette\",\"image\":{\"@type\":\"ImageObject\",\"inLanguage\":\"es\",\"@id\":\"https:\\\/\\\/secure.gravatar.com\\\/avatar\\\/3ea2118a5f7dad2b7138b1187a6b7ee55f160b9968b66013c3a3ef39dd7e5798?s=96&d=mm&r=g\",\"url\":\"https:\\\/\\\/secure.gravatar.com\\\/avatar\\\/3ea2118a5f7dad2b7138b1187a6b7ee55f160b9968b66013c3a3ef39dd7e5798?s=96&d=mm&r=g\",\"contentUrl\":\"https:\\\/\\\/secure.gravatar.com\\\/avatar\\\/3ea2118a5f7dad2b7138b1187a6b7ee55f160b9968b66013c3a3ef39dd7e5798?s=96&d=mm&r=g\",\"caption\":\"Jeanette\"},\"sameAs\":[\"https:\\\/\\\/www.eldiario.net\\\/portal\"],\"url\":\"https:\\\/\\\/www.eldiario.net\\\/portal\\\/author\\\/jeanette\\\/\"}]}<\/script>\n<!-- \/ Yoast SEO plugin. -->","yoast_head_json":{"title":"EEUU lanz\u00f3 alerta global tras bombardeos contra Ir\u00e1n - El Diario - Bolivia","robots":{"index":"index","follow":"follow","max-snippet":"max-snippet:-1","max-image-preview":"max-image-preview:large","max-video-preview":"max-video-preview:-1"},"canonical":"https:\/\/www.eldiario.net\/portal\/2025\/06\/23\/eeuu-lanzo-alerta-global-tras-bombardeos-contra-iran\/","og_locale":"es_ES","og_type":"article","og_title":"EEUU lanz\u00f3 alerta global tras bombardeos contra Ir\u00e1n - El Diario - Bolivia","og_description":"El Departamento de Estado de Estados Unidos emiti\u00f3 ayer una inusual alerta de seguridad mundial, luego de que fuerzas estadounidenses lanzaran ataques a\u00e9reos contra instalaciones nucleares en Ir\u00e1n, incrementando los temores de represalias en Medio Oriente y otras regiones. La advertencia, que llama a los ciudadanos estadounidenses a extremar precauciones en sus viajes internacionales, subraya [&hellip;]","og_url":"https:\/\/www.eldiario.net\/portal\/2025\/06\/23\/eeuu-lanzo-alerta-global-tras-bombardeos-contra-iran\/","og_site_name":"El Diario - Bolivia","article_publisher":"https:\/\/www.facebook.com\/eldiario.bolivia\/","article_published_time":"2025-06-23T10:12:32+00:00","og_image":[{"width":1024,"height":576,"url":"https:\/\/www.eldiario.net\/portal\/wp-content\/uploads\/2025\/06\/P-3-15-cm-x-9.webp","type":"image\/webp"}],"author":"Jeanette","twitter_card":"summary_large_image","twitter_creator":"@eldiario_net","twitter_site":"@eldiario_net","twitter_misc":{"Escrito por":"Jeanette","Tiempo de lectura":"1 minuto"},"schema":{"@context":"https:\/\/schema.org","@graph":[{"@type":"Article","@id":"https:\/\/www.eldiario.net\/portal\/2025\/06\/23\/eeuu-lanzo-alerta-global-tras-bombardeos-contra-iran\/#article","isPartOf":{"@id":"https:\/\/www.eldiario.net\/portal\/2025\/06\/23\/eeuu-lanzo-alerta-global-tras-bombardeos-contra-iran\/"},"author":{"name":"Jeanette","@id":"https:\/\/www.eldiario.net\/portal\/#\/schema\/person\/f46445640444750d7d753ccd04ae01b7"},"headline":"EEUU lanz\u00f3 alerta global tras bombardeos contra Ir\u00e1n","datePublished":"2025-06-23T10:12:32+00:00","mainEntityOfPage":{"@id":"https:\/\/www.eldiario.net\/portal\/2025\/06\/23\/eeuu-lanzo-alerta-global-tras-bombardeos-contra-iran\/"},"wordCount":149,"publisher":{"@id":"https:\/\/www.eldiario.net\/portal\/#organization"},"image":{"@id":"https:\/\/www.eldiario.net\/portal\/2025\/06\/23\/eeuu-lanzo-alerta-global-tras-bombardeos-contra-iran\/#primaryimage"},"thumbnailUrl":"https:\/\/www.eldiario.net\/portal\/wp-content\/uploads\/2025\/06\/P-3-15-cm-x-9.webp","articleSection":["Portada"],"inLanguage":"es"},{"@type":"WebPage","@id":"https:\/\/www.eldiario.net\/portal\/2025\/06\/23\/eeuu-lanzo-alerta-global-tras-bombardeos-contra-iran\/","url":"https:\/\/www.eldiario.net\/portal\/2025\/06\/23\/eeuu-lanzo-alerta-global-tras-bombardeos-contra-iran\/","name":"EEUU lanz\u00f3 alerta global tras bombardeos contra Ir\u00e1n - El Diario - Bolivia","isPartOf":{"@id":"https:\/\/www.eldiario.net\/portal\/#website"},"primaryImageOfPage":{"@id":"https:\/\/www.eldiario.net\/portal\/2025\/06\/23\/eeuu-lanzo-alerta-global-tras-bombardeos-contra-iran\/#primaryimage"},"image":{"@id":"https:\/\/www.eldiario.net\/portal\/2025\/06\/23\/eeuu-lanzo-alerta-global-tras-bombardeos-contra-iran\/#primaryimage"},"thumbnailUrl":"https:\/\/www.eldiario.net\/portal\/wp-content\/uploads\/2025\/06\/P-3-15-cm-x-9.webp","datePublished":"2025-06-23T10:12:32+00:00","breadcrumb":{"@id":"https:\/\/www.eldiario.net\/portal\/2025\/06\/23\/eeuu-lanzo-alerta-global-tras-bombardeos-contra-iran\/#breadcrumb"},"inLanguage":"es","potentialAction":[{"@type":"ReadAction","target":["https:\/\/www.eldiario.net\/portal\/2025\/06\/23\/eeuu-lanzo-alerta-global-tras-bombardeos-contra-iran\/"]}]},{"@type":"ImageObject","inLanguage":"es","@id":"https:\/\/www.eldiario.net\/portal\/2025\/06\/23\/eeuu-lanzo-alerta-global-tras-bombardeos-contra-iran\/#primaryimage","url":"https:\/\/www.eldiario.net\/portal\/wp-content\/uploads\/2025\/06\/P-3-15-cm-x-9.webp","contentUrl":"https:\/\/www.eldiario.net\/portal\/wp-content\/uploads\/2025\/06\/P-3-15-cm-x-9.webp","width":1024,"height":576},{"@type":"BreadcrumbList","@id":"https:\/\/www.eldiario.net\/portal\/2025\/06\/23\/eeuu-lanzo-alerta-global-tras-bombardeos-contra-iran\/#breadcrumb","itemListElement":[{"@type":"ListItem","position":1,"name":"Portada","item":"https:\/\/www.eldiario.net\/portal\/"},{"@type":"ListItem","position":2,"name":"EEUU lanz\u00f3 alerta global tras bombardeos contra Ir\u00e1n"}]},{"@type":"WebSite","@id":"https:\/\/www.eldiario.net\/portal\/#website","url":"https:\/\/www.eldiario.net\/portal\/","name":"El Diario - Decano de la prensa nacional","description":"El Diario - Decano de la prensa nacional","publisher":{"@id":"https:\/\/www.eldiario.net\/portal\/#organization"},"potentialAction":[{"@type":"SearchAction","target":{"@type":"EntryPoint","urlTemplate":"https:\/\/www.eldiario.net\/portal\/?s={search_term_string}"},"query-input":{"@type":"PropertyValueSpecification","valueRequired":true,"valueName":"search_term_string"}}],"inLanguage":"es"},{"@type":"Organization","@id":"https:\/\/www.eldiario.net\/portal\/#organization","name":"El Diario - Decano de la prensa nacional","url":"https:\/\/www.eldiario.net\/portal\/","logo":{"@type":"ImageObject","inLanguage":"es","@id":"https:\/\/www.eldiario.net\/portal\/#\/schema\/logo\/image\/","url":"https:\/\/www.eldiario.net\/portal\/wp-content\/uploads\/2023\/07\/logo_ED.jpg","contentUrl":"https:\/\/www.eldiario.net\/portal\/wp-content\/uploads\/2023\/07\/logo_ED.jpg","width":272,"height":52,"caption":"El Diario - Decano de la prensa nacional"},"image":{"@id":"https:\/\/www.eldiario.net\/portal\/#\/schema\/logo\/image\/"},"sameAs":["https:\/\/www.facebook.com\/eldiario.bolivia\/","https:\/\/x.com\/eldiario_net"]},{"@type":"Person","@id":"https:\/\/www.eldiario.net\/portal\/#\/schema\/person\/f46445640444750d7d753ccd04ae01b7","name":"Jeanette","image":{"@type":"ImageObject","inLanguage":"es","@id":"https:\/\/secure.gravatar.com\/avatar\/3ea2118a5f7dad2b7138b1187a6b7ee55f160b9968b66013c3a3ef39dd7e5798?s=96&d=mm&r=g","url":"https:\/\/secure.gravatar.com\/avatar\/3ea2118a5f7dad2b7138b1187a6b7ee55f160b9968b66013c3a3ef39dd7e5798?s=96&d=mm&r=g","contentUrl":"https:\/\/secure.gravatar.com\/avatar\/3ea2118a5f7dad2b7138b1187a6b7ee55f160b9968b66013c3a3ef39dd7e5798?s=96&d=mm&r=g","caption":"Jeanette"},"sameAs":["https:\/\/www.eldiario.net\/portal"],"url":"https:\/\/www.eldiario.net\/portal\/author\/jeanette\/"}]}},"_links":{"self":[{"href":"https:\/\/www.eldiario.net\/portal\/wp-json\/wp\/v2\/posts\/311698","targetHints":{"allow":["GET"]}}],"collection":[{"href":"https:\/\/www.eldiario.net\/portal\/wp-json\/wp\/v2\/posts"}],"about":[{"href":"https:\/\/www.eldiario.net\/portal\/wp-json\/wp\/v2\/types\/post"}],"author":[{"embeddable":true,"href":"https:\/\/www.eldiario.net\/portal\/wp-json\/wp\/v2\/users\/1"}],"replies":[{"embeddable":true,"href":"https:\/\/www.eldiario.net\/portal\/wp-json\/wp\/v2\/comments?post=311698"}],"version-history":[{"count":1,"href":"https:\/\/www.eldiario.net\/portal\/wp-json\/wp\/v2\/posts\/311698\/revisions"}],"predecessor-version":[{"id":311700,"href":"https:\/\/www.eldiario.net\/portal\/wp-json\/wp\/v2\/posts\/311698\/revisions\/311700"}],"wp:featuredmedia":[{"embeddable":true,"href":"https:\/\/www.eldiario.net\/portal\/wp-json\/wp\/v2\/media\/311699"}],"wp:attachment":[{"href":"https:\/\/www.eldiario.net\/portal\/wp-json\/wp\/v2\/media?parent=311698"}],"wp:term":[{"taxonomy":"category","embeddable":true,"href":"https:\/\/www.eldiario.net\/portal\/wp-json\/wp\/v2\/categories?post=311698"},{"taxonomy":"post_tag","embeddable":true,"href":"https:\/\/www.eldiario.net\/portal\/wp-json\/wp\/v2\/tags?post=311698"}],"curies":[{"name":"wp","href":"https:\/\/api.w.org\/{rel}","templated":true}]}}