{"id":311692,"date":"2025-06-23T06:10:55","date_gmt":"2025-06-23T10:10:55","guid":{"rendered":"https:\/\/www.eldiario.net\/portal\/?p=311692"},"modified":"2025-06-23T06:10:55","modified_gmt":"2025-06-23T10:10:55","slug":"iglesia-pide-a-autoridades-servir-al-projimo-y-actuar-con-coherencia","status":"publish","type":"post","link":"https:\/\/www.eldiario.net\/portal\/2025\/06\/23\/iglesia-pide-a-autoridades-servir-al-projimo-y-actuar-con-coherencia\/","title":{"rendered":"Iglesia pide a autoridades servir  al pr\u00f3jimo y actuar con coherencia"},"content":{"rendered":"<p>El arzobispo de Santa Cruz, monse\u00f1or Ren\u00e9 Leigue, exhort\u00f3 a las autoridades asumir con seriedad su responsabilidad frente a la compleja realidad que atraviesa el pa\u00eds, record\u00e1ndoles su deber de servir al pr\u00f3jimo y actuar con coherencia.<br \/>\nDurante su homil\u00eda dominical, Leigue compar\u00f3 el compromiso cristiano con la exigencia de Jes\u00fas a sus seguidores de \u201ccargar con su cruz y seguirlo\u201d, lo que implica renunciar al mal y actuar con el bien.<br \/>\n\u201cSi esto lo pensar\u00e1n las autoridades, como dicen que son cat\u00f3licos, fuera tan diferente, porque ser\u00edamos capaces de dar una respuesta\u201d, afirm\u00f3. A\u00f1adi\u00f3 que \u201cla fe sin obras es una fe muerta y no sirve de nada\u201d.<br \/>\nEl prelado advirti\u00f3 que muchos evaden esa responsabilidad, reh\u00fayen su rol y no responden a lo que el Se\u00f1or pide: actuar como bautizados y formar una sola familia.<br \/>\nLament\u00f3 que esa responsabilidad no se vea reflejada en la pr\u00e1ctica, y critic\u00f3 a quienes, pese a decir que tienen fe, no asumen las cargas que conlleva su funci\u00f3n p\u00fablica.<br \/>\n\u201cSi son servidores p\u00fablicos, respondan a lo que son y al lugar donde est\u00e1n, y no se aprovechen del momento. Mientras m\u00e1s tienes, m\u00e1s responsabilidad tienes, muchas m\u00e1s cosas tienes que hacer. Eso nos dir\u00e1 el Se\u00f1or hoy d\u00eda\u201d, enfatiz\u00f3.<br \/>\nFinalmente, monse\u00f1or Leigue pidi\u00f3 a los ciudadanos, en su rol dentro de la familia y la sociedad, asumir tambi\u00e9n su responsabilidad y or\u00f3 para que el Se\u00f1or los acompa\u00f1e y les permita dar una respuesta positiva y comprometida con el bien com\u00fan. (Erbol).<\/p>\n","protected":false},"excerpt":{"rendered":"<p>El arzobispo de Santa Cruz, monse\u00f1or Ren\u00e9 Leigue, exhort\u00f3 a las autoridades asumir con seriedad su responsabilidad frente a la compleja realidad que atraviesa el pa\u00eds, record\u00e1ndoles su deber de servir al pr\u00f3jimo y actuar con coherencia. Durante su homil\u00eda dominical, Leigue compar\u00f3 el compromiso cristiano con la exigencia de Jes\u00fas a sus seguidores de [&hellip;]<\/p>\n","protected":false},"author":1,"featured_media":311693,"comment_status":"closed","ping_status":"open","sticky":false,"template":"","format":"standard","meta":{"_acf_changed":false,"footnotes":""},"categories":[15],"tags":[],"class_list":["post-311692","post","type-post","status-publish","format-standard","has-post-thumbnail","category-portada"],"acf":{"antetitulo":"Monse\u00f1or Leigue"},"yoast_head":"<!-- This site is optimized with the Yoast SEO plugin v28.4 - https:\/\/yoast.com\/product\/yoast-seo-wordpress\/ -->\n<title>Iglesia pide a autoridades servir al pr\u00f3jimo y actuar con coherencia - El Diario - Bolivia<\/title>\n<meta name=\"robots\" content=\"index, follow, max-snippet:-1, max-image-preview:large, max-video-preview:-1\" \/>\n<link rel=\"canonical\" href=\"https:\/\/www.eldiario.net\/portal\/2025\/06\/23\/iglesia-pide-a-autoridades-servir-al-projimo-y-actuar-con-coherencia\/\" \/>\n<meta property=\"og:locale\" content=\"es_ES\" \/>\n<meta property=\"og:type\" content=\"article\" \/>\n<meta property=\"og:title\" content=\"Iglesia pide a autoridades servir al pr\u00f3jimo y actuar con coherencia - El Diario - Bolivia\" \/>\n<meta property=\"og:description\" content=\"El arzobispo de Santa Cruz, monse\u00f1or Ren\u00e9 Leigue, exhort\u00f3 a las autoridades asumir con seriedad su responsabilidad frente a la compleja realidad que atraviesa el pa\u00eds, record\u00e1ndoles su deber de servir al pr\u00f3jimo y actuar con coherencia. Durante su homil\u00eda dominical, Leigue compar\u00f3 el compromiso cristiano con la exigencia de Jes\u00fas a sus seguidores de [&hellip;]\" \/>\n<meta property=\"og:url\" content=\"https:\/\/www.eldiario.net\/portal\/2025\/06\/23\/iglesia-pide-a-autoridades-servir-al-projimo-y-actuar-con-coherencia\/\" \/>\n<meta property=\"og:site_name\" content=\"El Diario - Bolivia\" \/>\n<meta property=\"article:publisher\" content=\"https:\/\/www.facebook.com\/eldiario.bolivia\/\" \/>\n<meta property=\"article:published_time\" content=\"2025-06-23T10:10:55+00:00\" \/>\n<meta property=\"og:image\" content=\"https:\/\/www.eldiario.net\/portal\/wp-content\/uploads\/2025\/06\/P-4-10-cm-x-7-9.webp\" \/>\n\t<meta property=\"og:image:width\" content=\"738\" \/>\n\t<meta property=\"og:image:height\" content=\"475\" \/>\n\t<meta property=\"og:image:type\" content=\"image\/webp\" \/>\n<meta name=\"author\" content=\"Jeanette\" \/>\n<meta name=\"twitter:card\" content=\"summary_large_image\" \/>\n<meta name=\"twitter:creator\" content=\"@eldiario_net\" \/>\n<meta name=\"twitter:site\" content=\"@eldiario_net\" \/>\n<meta name=\"twitter:label1\" content=\"Escrito por\" \/>\n\t<meta name=\"twitter:data1\" content=\"Jeanette\" \/>\n\t<meta name=\"twitter:label2\" content=\"Tiempo de lectura\" \/>\n\t<meta name=\"twitter:data2\" content=\"2 minutos\" \/>\n<script type=\"application\/ld+json\" class=\"yoast-schema-graph\">{\"@context\":\"https:\\\/\\\/schema.org\",\"@graph\":[{\"@type\":\"Article\",\"@id\":\"https:\\\/\\\/www.eldiario.net\\\/portal\\\/2025\\\/06\\\/23\\\/iglesia-pide-a-autoridades-servir-al-projimo-y-actuar-con-coherencia\\\/#article\",\"isPartOf\":{\"@id\":\"https:\\\/\\\/www.eldiario.net\\\/portal\\\/2025\\\/06\\\/23\\\/iglesia-pide-a-autoridades-servir-al-projimo-y-actuar-con-coherencia\\\/\"},\"author\":{\"name\":\"Jeanette\",\"@id\":\"https:\\\/\\\/www.eldiario.net\\\/portal\\\/#\\\/schema\\\/person\\\/2c57cf2b7a7ae032e449e4c9b1019eac\"},\"headline\":\"Iglesia pide a autoridades servir al pr\u00f3jimo y actuar con coherencia\",\"datePublished\":\"2025-06-23T10:10:55+00:00\",\"mainEntityOfPage\":{\"@id\":\"https:\\\/\\\/www.eldiario.net\\\/portal\\\/2025\\\/06\\\/23\\\/iglesia-pide-a-autoridades-servir-al-projimo-y-actuar-con-coherencia\\\/\"},\"wordCount\":289,\"publisher\":{\"@id\":\"https:\\\/\\\/www.eldiario.net\\\/portal\\\/#organization\"},\"image\":{\"@id\":\"https:\\\/\\\/www.eldiario.net\\\/portal\\\/2025\\\/06\\\/23\\\/iglesia-pide-a-autoridades-servir-al-projimo-y-actuar-con-coherencia\\\/#primaryimage\"},\"thumbnailUrl\":\"https:\\\/\\\/www.eldiario.net\\\/portal\\\/wp-content\\\/uploads\\\/2025\\\/06\\\/P-4-10-cm-x-7-9.webp\",\"articleSection\":[\"Portada\"],\"inLanguage\":\"es\"},{\"@type\":\"WebPage\",\"@id\":\"https:\\\/\\\/www.eldiario.net\\\/portal\\\/2025\\\/06\\\/23\\\/iglesia-pide-a-autoridades-servir-al-projimo-y-actuar-con-coherencia\\\/\",\"url\":\"https:\\\/\\\/www.eldiario.net\\\/portal\\\/2025\\\/06\\\/23\\\/iglesia-pide-a-autoridades-servir-al-projimo-y-actuar-con-coherencia\\\/\",\"name\":\"Iglesia pide a autoridades servir al pr\u00f3jimo y actuar con coherencia - El Diario - Bolivia\",\"isPartOf\":{\"@id\":\"https:\\\/\\\/www.eldiario.net\\\/portal\\\/#website\"},\"primaryImageOfPage\":{\"@id\":\"https:\\\/\\\/www.eldiario.net\\\/portal\\\/2025\\\/06\\\/23\\\/iglesia-pide-a-autoridades-servir-al-projimo-y-actuar-con-coherencia\\\/#primaryimage\"},\"image\":{\"@id\":\"https:\\\/\\\/www.eldiario.net\\\/portal\\\/2025\\\/06\\\/23\\\/iglesia-pide-a-autoridades-servir-al-projimo-y-actuar-con-coherencia\\\/#primaryimage\"},\"thumbnailUrl\":\"https:\\\/\\\/www.eldiario.net\\\/portal\\\/wp-content\\\/uploads\\\/2025\\\/06\\\/P-4-10-cm-x-7-9.webp\",\"datePublished\":\"2025-06-23T10:10:55+00:00\",\"breadcrumb\":{\"@id\":\"https:\\\/\\\/www.eldiario.net\\\/portal\\\/2025\\\/06\\\/23\\\/iglesia-pide-a-autoridades-servir-al-projimo-y-actuar-con-coherencia\\\/#breadcrumb\"},\"inLanguage\":\"es\",\"potentialAction\":[{\"@type\":\"ReadAction\",\"target\":[\"https:\\\/\\\/www.eldiario.net\\\/portal\\\/2025\\\/06\\\/23\\\/iglesia-pide-a-autoridades-servir-al-projimo-y-actuar-con-coherencia\\\/\"]}]},{\"@type\":\"ImageObject\",\"inLanguage\":\"es\",\"@id\":\"https:\\\/\\\/www.eldiario.net\\\/portal\\\/2025\\\/06\\\/23\\\/iglesia-pide-a-autoridades-servir-al-projimo-y-actuar-con-coherencia\\\/#primaryimage\",\"url\":\"https:\\\/\\\/www.eldiario.net\\\/portal\\\/wp-content\\\/uploads\\\/2025\\\/06\\\/P-4-10-cm-x-7-9.webp\",\"contentUrl\":\"https:\\\/\\\/www.eldiario.net\\\/portal\\\/wp-content\\\/uploads\\\/2025\\\/06\\\/P-4-10-cm-x-7-9.webp\",\"width\":738,\"height\":475,\"caption\":\"Monse\u00f1or Ren\u00e9 Leigue, arzobispo de Santa Cruz.\"},{\"@type\":\"BreadcrumbList\",\"@id\":\"https:\\\/\\\/www.eldiario.net\\\/portal\\\/2025\\\/06\\\/23\\\/iglesia-pide-a-autoridades-servir-al-projimo-y-actuar-con-coherencia\\\/#breadcrumb\",\"itemListElement\":[{\"@type\":\"ListItem\",\"position\":1,\"name\":\"Portada\",\"item\":\"https:\\\/\\\/www.eldiario.net\\\/portal\\\/\"},{\"@type\":\"ListItem\",\"position\":2,\"name\":\"Iglesia pide a autoridades servir al pr\u00f3jimo y actuar con coherencia\"}]},{\"@type\":\"WebSite\",\"@id\":\"https:\\\/\\\/www.eldiario.net\\\/portal\\\/#website\",\"url\":\"https:\\\/\\\/www.eldiario.net\\\/portal\\\/\",\"name\":\"El Diario - Decano de la prensa nacional\",\"description\":\"El Diario - Decano de la prensa nacional\",\"publisher\":{\"@id\":\"https:\\\/\\\/www.eldiario.net\\\/portal\\\/#organization\"},\"potentialAction\":[{\"@type\":\"SearchAction\",\"target\":{\"@type\":\"EntryPoint\",\"urlTemplate\":\"https:\\\/\\\/www.eldiario.net\\\/portal\\\/?s={search_term_string}\"},\"query-input\":{\"@type\":\"PropertyValueSpecification\",\"valueRequired\":true,\"valueName\":\"search_term_string\"}}],\"inLanguage\":\"es\"},{\"@type\":\"Organization\",\"@id\":\"https:\\\/\\\/www.eldiario.net\\\/portal\\\/#organization\",\"name\":\"El Diario - Decano de la prensa nacional\",\"url\":\"https:\\\/\\\/www.eldiario.net\\\/portal\\\/\",\"logo\":{\"@type\":\"ImageObject\",\"inLanguage\":\"es\",\"@id\":\"https:\\\/\\\/www.eldiario.net\\\/portal\\\/#\\\/schema\\\/logo\\\/image\\\/\",\"url\":\"https:\\\/\\\/www.eldiario.net\\\/portal\\\/wp-content\\\/uploads\\\/2023\\\/07\\\/logo_ED.jpg\",\"contentUrl\":\"https:\\\/\\\/www.eldiario.net\\\/portal\\\/wp-content\\\/uploads\\\/2023\\\/07\\\/logo_ED.jpg\",\"width\":272,\"height\":52,\"caption\":\"El Diario - Decano de la prensa nacional\"},\"image\":{\"@id\":\"https:\\\/\\\/www.eldiario.net\\\/portal\\\/#\\\/schema\\\/logo\\\/image\\\/\"},\"sameAs\":[\"https:\\\/\\\/www.facebook.com\\\/eldiario.bolivia\\\/\",\"https:\\\/\\\/x.com\\\/eldiario_net\"]},{\"@type\":\"Person\",\"@id\":\"https:\\\/\\\/www.eldiario.net\\\/portal\\\/#\\\/schema\\\/person\\\/2c57cf2b7a7ae032e449e4c9b1019eac\",\"name\":\"Jeanette\",\"image\":{\"@type\":\"ImageObject\",\"inLanguage\":\"es\",\"@id\":\"https:\\\/\\\/secure.gravatar.com\\\/avatar\\\/3ea2118a5f7dad2b7138b1187a6b7ee55f160b9968b66013c3a3ef39dd7e5798?s=96&d=mm&r=g\",\"url\":\"https:\\\/\\\/secure.gravatar.com\\\/avatar\\\/3ea2118a5f7dad2b7138b1187a6b7ee55f160b9968b66013c3a3ef39dd7e5798?s=96&d=mm&r=g\",\"contentUrl\":\"https:\\\/\\\/secure.gravatar.com\\\/avatar\\\/3ea2118a5f7dad2b7138b1187a6b7ee55f160b9968b66013c3a3ef39dd7e5798?s=96&d=mm&r=g\",\"caption\":\"Jeanette\"},\"sameAs\":[\"https:\\\/\\\/www.eldiario.net\\\/portal\"],\"url\":\"https:\\\/\\\/www.eldiario.net\\\/portal\\\/author\\\/jeanette\\\/\"}]}<\/script>\n<!-- \/ Yoast SEO plugin. -->","yoast_head_json":{"title":"Iglesia pide a autoridades servir al pr\u00f3jimo y actuar con coherencia - El Diario - Bolivia","robots":{"index":"index","follow":"follow","max-snippet":"max-snippet:-1","max-image-preview":"max-image-preview:large","max-video-preview":"max-video-preview:-1"},"canonical":"https:\/\/www.eldiario.net\/portal\/2025\/06\/23\/iglesia-pide-a-autoridades-servir-al-projimo-y-actuar-con-coherencia\/","og_locale":"es_ES","og_type":"article","og_title":"Iglesia pide a autoridades servir al pr\u00f3jimo y actuar con coherencia - El Diario - Bolivia","og_description":"El arzobispo de Santa Cruz, monse\u00f1or Ren\u00e9 Leigue, exhort\u00f3 a las autoridades asumir con seriedad su responsabilidad frente a la compleja realidad que atraviesa el pa\u00eds, record\u00e1ndoles su deber de servir al pr\u00f3jimo y actuar con coherencia. Durante su homil\u00eda dominical, Leigue compar\u00f3 el compromiso cristiano con la exigencia de Jes\u00fas a sus seguidores de [&hellip;]","og_url":"https:\/\/www.eldiario.net\/portal\/2025\/06\/23\/iglesia-pide-a-autoridades-servir-al-projimo-y-actuar-con-coherencia\/","og_site_name":"El Diario - Bolivia","article_publisher":"https:\/\/www.facebook.com\/eldiario.bolivia\/","article_published_time":"2025-06-23T10:10:55+00:00","og_image":[{"width":738,"height":475,"url":"https:\/\/www.eldiario.net\/portal\/wp-content\/uploads\/2025\/06\/P-4-10-cm-x-7-9.webp","type":"image\/webp"}],"author":"Jeanette","twitter_card":"summary_large_image","twitter_creator":"@eldiario_net","twitter_site":"@eldiario_net","twitter_misc":{"Escrito por":"Jeanette","Tiempo de lectura":"2 minutos"},"schema":{"@context":"https:\/\/schema.org","@graph":[{"@type":"Article","@id":"https:\/\/www.eldiario.net\/portal\/2025\/06\/23\/iglesia-pide-a-autoridades-servir-al-projimo-y-actuar-con-coherencia\/#article","isPartOf":{"@id":"https:\/\/www.eldiario.net\/portal\/2025\/06\/23\/iglesia-pide-a-autoridades-servir-al-projimo-y-actuar-con-coherencia\/"},"author":{"name":"Jeanette","@id":"https:\/\/www.eldiario.net\/portal\/#\/schema\/person\/2c57cf2b7a7ae032e449e4c9b1019eac"},"headline":"Iglesia pide a autoridades servir al pr\u00f3jimo y actuar con coherencia","datePublished":"2025-06-23T10:10:55+00:00","mainEntityOfPage":{"@id":"https:\/\/www.eldiario.net\/portal\/2025\/06\/23\/iglesia-pide-a-autoridades-servir-al-projimo-y-actuar-con-coherencia\/"},"wordCount":289,"publisher":{"@id":"https:\/\/www.eldiario.net\/portal\/#organization"},"image":{"@id":"https:\/\/www.eldiario.net\/portal\/2025\/06\/23\/iglesia-pide-a-autoridades-servir-al-projimo-y-actuar-con-coherencia\/#primaryimage"},"thumbnailUrl":"https:\/\/www.eldiario.net\/portal\/wp-content\/uploads\/2025\/06\/P-4-10-cm-x-7-9.webp","articleSection":["Portada"],"inLanguage":"es"},{"@type":"WebPage","@id":"https:\/\/www.eldiario.net\/portal\/2025\/06\/23\/iglesia-pide-a-autoridades-servir-al-projimo-y-actuar-con-coherencia\/","url":"https:\/\/www.eldiario.net\/portal\/2025\/06\/23\/iglesia-pide-a-autoridades-servir-al-projimo-y-actuar-con-coherencia\/","name":"Iglesia pide a autoridades servir al pr\u00f3jimo y actuar con coherencia - El Diario - Bolivia","isPartOf":{"@id":"https:\/\/www.eldiario.net\/portal\/#website"},"primaryImageOfPage":{"@id":"https:\/\/www.eldiario.net\/portal\/2025\/06\/23\/iglesia-pide-a-autoridades-servir-al-projimo-y-actuar-con-coherencia\/#primaryimage"},"image":{"@id":"https:\/\/www.eldiario.net\/portal\/2025\/06\/23\/iglesia-pide-a-autoridades-servir-al-projimo-y-actuar-con-coherencia\/#primaryimage"},"thumbnailUrl":"https:\/\/www.eldiario.net\/portal\/wp-content\/uploads\/2025\/06\/P-4-10-cm-x-7-9.webp","datePublished":"2025-06-23T10:10:55+00:00","breadcrumb":{"@id":"https:\/\/www.eldiario.net\/portal\/2025\/06\/23\/iglesia-pide-a-autoridades-servir-al-projimo-y-actuar-con-coherencia\/#breadcrumb"},"inLanguage":"es","potentialAction":[{"@type":"ReadAction","target":["https:\/\/www.eldiario.net\/portal\/2025\/06\/23\/iglesia-pide-a-autoridades-servir-al-projimo-y-actuar-con-coherencia\/"]}]},{"@type":"ImageObject","inLanguage":"es","@id":"https:\/\/www.eldiario.net\/portal\/2025\/06\/23\/iglesia-pide-a-autoridades-servir-al-projimo-y-actuar-con-coherencia\/#primaryimage","url":"https:\/\/www.eldiario.net\/portal\/wp-content\/uploads\/2025\/06\/P-4-10-cm-x-7-9.webp","contentUrl":"https:\/\/www.eldiario.net\/portal\/wp-content\/uploads\/2025\/06\/P-4-10-cm-x-7-9.webp","width":738,"height":475,"caption":"Monse\u00f1or Ren\u00e9 Leigue, arzobispo de Santa Cruz."},{"@type":"BreadcrumbList","@id":"https:\/\/www.eldiario.net\/portal\/2025\/06\/23\/iglesia-pide-a-autoridades-servir-al-projimo-y-actuar-con-coherencia\/#breadcrumb","itemListElement":[{"@type":"ListItem","position":1,"name":"Portada","item":"https:\/\/www.eldiario.net\/portal\/"},{"@type":"ListItem","position":2,"name":"Iglesia pide a autoridades servir al pr\u00f3jimo y actuar con coherencia"}]},{"@type":"WebSite","@id":"https:\/\/www.eldiario.net\/portal\/#website","url":"https:\/\/www.eldiario.net\/portal\/","name":"El Diario - Decano de la prensa nacional","description":"El Diario - Decano de la prensa nacional","publisher":{"@id":"https:\/\/www.eldiario.net\/portal\/#organization"},"potentialAction":[{"@type":"SearchAction","target":{"@type":"EntryPoint","urlTemplate":"https:\/\/www.eldiario.net\/portal\/?s={search_term_string}"},"query-input":{"@type":"PropertyValueSpecification","valueRequired":true,"valueName":"search_term_string"}}],"inLanguage":"es"},{"@type":"Organization","@id":"https:\/\/www.eldiario.net\/portal\/#organization","name":"El Diario - Decano de la prensa nacional","url":"https:\/\/www.eldiario.net\/portal\/","logo":{"@type":"ImageObject","inLanguage":"es","@id":"https:\/\/www.eldiario.net\/portal\/#\/schema\/logo\/image\/","url":"https:\/\/www.eldiario.net\/portal\/wp-content\/uploads\/2023\/07\/logo_ED.jpg","contentUrl":"https:\/\/www.eldiario.net\/portal\/wp-content\/uploads\/2023\/07\/logo_ED.jpg","width":272,"height":52,"caption":"El Diario - Decano de la prensa nacional"},"image":{"@id":"https:\/\/www.eldiario.net\/portal\/#\/schema\/logo\/image\/"},"sameAs":["https:\/\/www.facebook.com\/eldiario.bolivia\/","https:\/\/x.com\/eldiario_net"]},{"@type":"Person","@id":"https:\/\/www.eldiario.net\/portal\/#\/schema\/person\/2c57cf2b7a7ae032e449e4c9b1019eac","name":"Jeanette","image":{"@type":"ImageObject","inLanguage":"es","@id":"https:\/\/secure.gravatar.com\/avatar\/3ea2118a5f7dad2b7138b1187a6b7ee55f160b9968b66013c3a3ef39dd7e5798?s=96&d=mm&r=g","url":"https:\/\/secure.gravatar.com\/avatar\/3ea2118a5f7dad2b7138b1187a6b7ee55f160b9968b66013c3a3ef39dd7e5798?s=96&d=mm&r=g","contentUrl":"https:\/\/secure.gravatar.com\/avatar\/3ea2118a5f7dad2b7138b1187a6b7ee55f160b9968b66013c3a3ef39dd7e5798?s=96&d=mm&r=g","caption":"Jeanette"},"sameAs":["https:\/\/www.eldiario.net\/portal"],"url":"https:\/\/www.eldiario.net\/portal\/author\/jeanette\/"}]}},"_links":{"self":[{"href":"https:\/\/www.eldiario.net\/portal\/wp-json\/wp\/v2\/posts\/311692","targetHints":{"allow":["GET"]}}],"collection":[{"href":"https:\/\/www.eldiario.net\/portal\/wp-json\/wp\/v2\/posts"}],"about":[{"href":"https:\/\/www.eldiario.net\/portal\/wp-json\/wp\/v2\/types\/post"}],"author":[{"embeddable":true,"href":"https:\/\/www.eldiario.net\/portal\/wp-json\/wp\/v2\/users\/1"}],"replies":[{"embeddable":true,"href":"https:\/\/www.eldiario.net\/portal\/wp-json\/wp\/v2\/comments?post=311692"}],"version-history":[{"count":1,"href":"https:\/\/www.eldiario.net\/portal\/wp-json\/wp\/v2\/posts\/311692\/revisions"}],"predecessor-version":[{"id":311694,"href":"https:\/\/www.eldiario.net\/portal\/wp-json\/wp\/v2\/posts\/311692\/revisions\/311694"}],"wp:featuredmedia":[{"embeddable":true,"href":"https:\/\/www.eldiario.net\/portal\/wp-json\/wp\/v2\/media\/311693"}],"wp:attachment":[{"href":"https:\/\/www.eldiario.net\/portal\/wp-json\/wp\/v2\/media?parent=311692"}],"wp:term":[{"taxonomy":"category","embeddable":true,"href":"https:\/\/www.eldiario.net\/portal\/wp-json\/wp\/v2\/categories?post=311692"},{"taxonomy":"post_tag","embeddable":true,"href":"https:\/\/www.eldiario.net\/portal\/wp-json\/wp\/v2\/tags?post=311692"}],"curies":[{"name":"wp","href":"https:\/\/api.w.org\/{rel}","templated":true}]}}