{"id":311684,"date":"2025-06-23T06:07:29","date_gmt":"2025-06-23T10:07:29","guid":{"rendered":"https:\/\/www.eldiario.net\/portal\/?p=311684"},"modified":"2025-06-23T06:07:29","modified_gmt":"2025-06-23T10:07:29","slug":"mas-alla-de-las-aulas-la-academia-y-su-responsabilidad-en-tiempos-recios","status":"publish","type":"post","link":"https:\/\/www.eldiario.net\/portal\/2025\/06\/23\/mas-alla-de-las-aulas-la-academia-y-su-responsabilidad-en-tiempos-recios\/","title":{"rendered":"M\u00e1s all\u00e1 de las aulas: la academia y su responsabilidad en tiempos recios"},"content":{"rendered":"<p>A estas alturas, no es para nadie un secreto que Bolivia atraviesa una de las crisis econ\u00f3micas m\u00e1s profundas de su historia reciente. El deterioro se percibe con claridad en la experiencia cotidiana: salarios que pierden capacidad de compra y ahorros que se diluyen. De hecho, la inflaci\u00f3n ha dejado de ser un dato t\u00e9cnico para convertirse en un signo palpable de la inseguridad econ\u00f3mica. Las causas est\u00e1n a la vista: una gesti\u00f3n sin visi\u00f3n de largo plazo, basada en medidas transitorias, ha erosionado los cimientos de la estabilidad.<br \/>\nFrente a esta realidad, vale reconocer el esfuerzo de quienes, desde fuera de las estructuras tradicionales del poder, han promovido espacios de an\u00e1lisis m\u00e1s rigurosos. El caso de Marcelo Claure, quien gestion\u00f3 un estudio por parte del Growth Lab de la Universidad de Harvard, es un ejemplo relevante. Encabezado por Ricardo Hausmann, este informe ofrece una mirada externa, con base t\u00e9cnica, sobre la econom\u00eda boliviana. M\u00e1s all\u00e1 de las posturas que se tenga sobre su impulsor, el informe ha puesto en circulaci\u00f3n preguntas fundamentales que no pueden seguir esperando respuestas.<br \/>\nLo que s\u00ed preocupa es el lugar que ha ocupado \u2014o, m\u00e1s bien, no ha ocupado\u2014 el \u00e1mbito universitario nacional ante esta crisis. Las universidades p\u00fablicas y privadas han mostrado una participaci\u00f3n institucional d\u00e9bil, cuando no ausente. A pesar de contar con programas orientados a la econom\u00eda y las finanzas, no se percibe una reacci\u00f3n estructurada que articule investigaci\u00f3n, reflexi\u00f3n y propuestas frente al contexto que atravesamos.<br \/>\nSeg\u00fan la Gu\u00eda de Universidades de 2016 del Ministerio de Educaci\u00f3n \u2014la m\u00e1s reciente disponible, aunque ya desactualizada\u2014, en La Paz existen cerca de una veintena de universidades privadas, adem\u00e1s de la universidad p\u00fablica. Buena parte de ellas ofrece formaci\u00f3n en disciplinas afines a las ciencias econ\u00f3micas y financieras. Sin embargo, en la mayor\u00eda de los casos, el desarrollo de la investigaci\u00f3n como funci\u00f3n sustantiva sigue siendo incipiente. En muchas de estas instituciones, los centros de investigaci\u00f3n cumplen una funci\u00f3n m\u00e1s formal que efectiva. En ocasiones, incluso se ofrecen programas de posgrado \u2014incluidos doctorados\u2014 sin contar con un entorno acad\u00e9mico m\u00ednimamente estructurado que permita sostenerlos con el rigor necesario.<br \/>\nAun en aquellas universidades que s\u00ed han logrado consolidar espacios de investigaci\u00f3n, la situaci\u00f3n macroecon\u00f3mica actual no parece figurar como una prioridad. En teor\u00eda, la pol\u00edtica econ\u00f3mica aparece como l\u00ednea de investigaci\u00f3n; en la pr\u00e1ctica, su presencia es poco visible. Existen an\u00e1lisis valiosos en campos sectoriales o en temas sociales y ambientales, pero el diagn\u00f3stico integral de la econom\u00eda nacional ha sido desplazado. En un pa\u00eds que vive un momento de alto riesgo econ\u00f3mico, esa omisi\u00f3n institucional no puede normalizarse.<br \/>\nSin embargo, no se trata solo de se\u00f1alar carencias, sino de identificar caminos posibles. Las universidades pueden y deben convertirse en actores activos del debate p\u00fablico. No \u00fanicamente por responsabilidad moral, sino porque ese es el sentido m\u00e1s profundo de su existencia. La formaci\u00f3n profesional no es suficiente si no va acompa\u00f1ada de pensamiento cr\u00edtico, capacidad de an\u00e1lisis y vocaci\u00f3n p\u00fablica.<br \/>\n\u00bfQu\u00e9 se puede hacer desde la universidad? Primero, recuperar la investigaci\u00f3n como un eje sustantivo, no como un ap\u00e9ndice ocasional. Eso implica asignar tiempo, recursos y reconocimiento institucional al trabajo investigativo. Segundo, articular esfuerzos entre universidades. Es comprensible que no todas pueden tener grandes centros de investigaci\u00f3n econ\u00f3mica; por ese motivo, resulta primordial generar alianzas que potencien capacidades compartidas. Tercero, generar espacios de di\u00e1logo con actores p\u00fablicos y privados, sin subordinarse a ellos, pero tampoco ignorando su rol. La universidad debe ser un lugar de encuentro, donde se pueda discutir con datos e informaci\u00f3n fidedigna.<br \/>\nTambi\u00e9n es indispensable formar estudiantes capaces de pensar la econom\u00eda desde una mirada cr\u00edtica. Esto requiere planes de estudio que no se limiten a reproducir modelos importados, sino que promuevan el an\u00e1lisis de la realidad boliviana, con sus tensiones, limitaciones y posibilidades. Un egresado que no comprenda la crisis que lo rodea dif\u00edcilmente podr\u00e1 contribuir a superarla.<br \/>\nNo faltan capacidades individuales. Docentes, investigadores y estudiantes realizan esfuerzos significativos por entender y explicar lo que ocurre. Pero la acci\u00f3n aislada, por valiosa que sea, no sustituye la necesidad de una respuesta institucional articulada. La universidad, entendida como comunidad cr\u00edtica, tiene a\u00fan mucho que aportar si asume con convicci\u00f3n su papel en este momento hist\u00f3rico.<br \/>\nSin duda, la coyuntura actual debe verse como una oportunidad para la academia: una oportunidad para recuperar la palabra, para reconstruir el sentido social de la universidad y para volver a ser parte activa del debate p\u00fablico y la construcci\u00f3n del pa\u00eds que queremos. Si la academia renuncia a su voz en estos momentos cr\u00edticos, \u00bfqui\u00e9n hablar\u00e1 con rigor y compromiso?<\/p>\n<p>El autor es Economista y diplom\u00e1tico de carrera con Ph.D. en Ciencia Pol\u00edtica y Relaciones Internacionales.<\/p>\n","protected":false},"excerpt":{"rendered":"<p>A estas alturas, no es para nadie un secreto que Bolivia atraviesa una de las crisis econ\u00f3micas m\u00e1s profundas de su historia reciente. El deterioro se percibe con claridad en la experiencia cotidiana: salarios que pierden capacidad de compra y ahorros que se diluyen. De hecho, la inflaci\u00f3n ha dejado de ser un dato t\u00e9cnico [&hellip;]<\/p>\n","protected":false},"author":1,"featured_media":251250,"comment_status":"closed","ping_status":"open","sticky":false,"template":"","format":"standard","meta":{"_acf_changed":false,"footnotes":""},"categories":[9],"tags":[],"class_list":["post-311684","post","type-post","status-publish","format-standard","has-post-thumbnail","category-opinion"],"acf":{"antetitulo":""},"yoast_head":"<!-- This site is optimized with the Yoast SEO plugin v28.4 - https:\/\/yoast.com\/product\/yoast-seo-wordpress\/ -->\n<title>M\u00e1s all\u00e1 de las aulas: la academia y su responsabilidad en tiempos recios - El Diario - Bolivia<\/title>\n<meta name=\"robots\" content=\"index, follow, max-snippet:-1, max-image-preview:large, max-video-preview:-1\" \/>\n<link rel=\"canonical\" href=\"https:\/\/www.eldiario.net\/portal\/2025\/06\/23\/mas-alla-de-las-aulas-la-academia-y-su-responsabilidad-en-tiempos-recios\/\" \/>\n<meta property=\"og:locale\" content=\"es_ES\" \/>\n<meta property=\"og:type\" content=\"article\" \/>\n<meta property=\"og:title\" content=\"M\u00e1s all\u00e1 de las aulas: la academia y su responsabilidad en tiempos recios - El Diario - Bolivia\" \/>\n<meta property=\"og:description\" content=\"A estas alturas, no es para nadie un secreto que Bolivia atraviesa una de las crisis econ\u00f3micas m\u00e1s profundas de su historia reciente. El deterioro se percibe con claridad en la experiencia cotidiana: salarios que pierden capacidad de compra y ahorros que se diluyen. De hecho, la inflaci\u00f3n ha dejado de ser un dato t\u00e9cnico [&hellip;]\" \/>\n<meta property=\"og:url\" content=\"https:\/\/www.eldiario.net\/portal\/2025\/06\/23\/mas-alla-de-las-aulas-la-academia-y-su-responsabilidad-en-tiempos-recios\/\" \/>\n<meta property=\"og:site_name\" content=\"El Diario - Bolivia\" \/>\n<meta property=\"article:publisher\" content=\"https:\/\/www.facebook.com\/eldiario.bolivia\/\" \/>\n<meta property=\"article:published_time\" content=\"2025-06-23T10:07:29+00:00\" \/>\n<meta property=\"og:image\" content=\"https:\/\/www.eldiario.net\/portal\/wp-content\/uploads\/2024\/10\/Rodrigo-Burgoa-Terceros.jpg\" \/>\n\t<meta property=\"og:image:width\" content=\"1200\" \/>\n\t<meta property=\"og:image:height\" content=\"628\" \/>\n\t<meta property=\"og:image:type\" content=\"image\/jpeg\" \/>\n<meta name=\"author\" content=\"Jeanette\" \/>\n<meta name=\"twitter:card\" content=\"summary_large_image\" \/>\n<meta name=\"twitter:creator\" content=\"@eldiario_net\" \/>\n<meta name=\"twitter:site\" content=\"@eldiario_net\" \/>\n<meta name=\"twitter:label1\" content=\"Escrito por\" \/>\n\t<meta name=\"twitter:data1\" content=\"Jeanette\" \/>\n\t<meta name=\"twitter:label2\" content=\"Tiempo de lectura\" \/>\n\t<meta name=\"twitter:data2\" content=\"4 minutos\" \/>\n<script type=\"application\/ld+json\" class=\"yoast-schema-graph\">{\"@context\":\"https:\\\/\\\/schema.org\",\"@graph\":[{\"@type\":\"Article\",\"@id\":\"https:\\\/\\\/www.eldiario.net\\\/portal\\\/2025\\\/06\\\/23\\\/mas-alla-de-las-aulas-la-academia-y-su-responsabilidad-en-tiempos-recios\\\/#article\",\"isPartOf\":{\"@id\":\"https:\\\/\\\/www.eldiario.net\\\/portal\\\/2025\\\/06\\\/23\\\/mas-alla-de-las-aulas-la-academia-y-su-responsabilidad-en-tiempos-recios\\\/\"},\"author\":{\"name\":\"Jeanette\",\"@id\":\"https:\\\/\\\/www.eldiario.net\\\/portal\\\/#\\\/schema\\\/person\\\/f46445640444750d7d753ccd04ae01b7\"},\"headline\":\"M\u00e1s all\u00e1 de las aulas: la academia y su responsabilidad en tiempos recios\",\"datePublished\":\"2025-06-23T10:07:29+00:00\",\"mainEntityOfPage\":{\"@id\":\"https:\\\/\\\/www.eldiario.net\\\/portal\\\/2025\\\/06\\\/23\\\/mas-alla-de-las-aulas-la-academia-y-su-responsabilidad-en-tiempos-recios\\\/\"},\"wordCount\":881,\"publisher\":{\"@id\":\"https:\\\/\\\/www.eldiario.net\\\/portal\\\/#organization\"},\"image\":{\"@id\":\"https:\\\/\\\/www.eldiario.net\\\/portal\\\/2025\\\/06\\\/23\\\/mas-alla-de-las-aulas-la-academia-y-su-responsabilidad-en-tiempos-recios\\\/#primaryimage\"},\"thumbnailUrl\":\"https:\\\/\\\/www.eldiario.net\\\/portal\\\/wp-content\\\/uploads\\\/2024\\\/10\\\/Rodrigo-Burgoa-Terceros.jpg\",\"articleSection\":[\"Opini\u00f3n\"],\"inLanguage\":\"es\"},{\"@type\":\"WebPage\",\"@id\":\"https:\\\/\\\/www.eldiario.net\\\/portal\\\/2025\\\/06\\\/23\\\/mas-alla-de-las-aulas-la-academia-y-su-responsabilidad-en-tiempos-recios\\\/\",\"url\":\"https:\\\/\\\/www.eldiario.net\\\/portal\\\/2025\\\/06\\\/23\\\/mas-alla-de-las-aulas-la-academia-y-su-responsabilidad-en-tiempos-recios\\\/\",\"name\":\"M\u00e1s all\u00e1 de las aulas: la academia y su responsabilidad en tiempos recios - El Diario - Bolivia\",\"isPartOf\":{\"@id\":\"https:\\\/\\\/www.eldiario.net\\\/portal\\\/#website\"},\"primaryImageOfPage\":{\"@id\":\"https:\\\/\\\/www.eldiario.net\\\/portal\\\/2025\\\/06\\\/23\\\/mas-alla-de-las-aulas-la-academia-y-su-responsabilidad-en-tiempos-recios\\\/#primaryimage\"},\"image\":{\"@id\":\"https:\\\/\\\/www.eldiario.net\\\/portal\\\/2025\\\/06\\\/23\\\/mas-alla-de-las-aulas-la-academia-y-su-responsabilidad-en-tiempos-recios\\\/#primaryimage\"},\"thumbnailUrl\":\"https:\\\/\\\/www.eldiario.net\\\/portal\\\/wp-content\\\/uploads\\\/2024\\\/10\\\/Rodrigo-Burgoa-Terceros.jpg\",\"datePublished\":\"2025-06-23T10:07:29+00:00\",\"breadcrumb\":{\"@id\":\"https:\\\/\\\/www.eldiario.net\\\/portal\\\/2025\\\/06\\\/23\\\/mas-alla-de-las-aulas-la-academia-y-su-responsabilidad-en-tiempos-recios\\\/#breadcrumb\"},\"inLanguage\":\"es\",\"potentialAction\":[{\"@type\":\"ReadAction\",\"target\":[\"https:\\\/\\\/www.eldiario.net\\\/portal\\\/2025\\\/06\\\/23\\\/mas-alla-de-las-aulas-la-academia-y-su-responsabilidad-en-tiempos-recios\\\/\"]}]},{\"@type\":\"ImageObject\",\"inLanguage\":\"es\",\"@id\":\"https:\\\/\\\/www.eldiario.net\\\/portal\\\/2025\\\/06\\\/23\\\/mas-alla-de-las-aulas-la-academia-y-su-responsabilidad-en-tiempos-recios\\\/#primaryimage\",\"url\":\"https:\\\/\\\/www.eldiario.net\\\/portal\\\/wp-content\\\/uploads\\\/2024\\\/10\\\/Rodrigo-Burgoa-Terceros.jpg\",\"contentUrl\":\"https:\\\/\\\/www.eldiario.net\\\/portal\\\/wp-content\\\/uploads\\\/2024\\\/10\\\/Rodrigo-Burgoa-Terceros.jpg\",\"width\":1200,\"height\":628,\"caption\":\"Rodrigo Burgoa Terceros\"},{\"@type\":\"BreadcrumbList\",\"@id\":\"https:\\\/\\\/www.eldiario.net\\\/portal\\\/2025\\\/06\\\/23\\\/mas-alla-de-las-aulas-la-academia-y-su-responsabilidad-en-tiempos-recios\\\/#breadcrumb\",\"itemListElement\":[{\"@type\":\"ListItem\",\"position\":1,\"name\":\"Portada\",\"item\":\"https:\\\/\\\/www.eldiario.net\\\/portal\\\/\"},{\"@type\":\"ListItem\",\"position\":2,\"name\":\"M\u00e1s all\u00e1 de las aulas: la academia y su responsabilidad en tiempos recios\"}]},{\"@type\":\"WebSite\",\"@id\":\"https:\\\/\\\/www.eldiario.net\\\/portal\\\/#website\",\"url\":\"https:\\\/\\\/www.eldiario.net\\\/portal\\\/\",\"name\":\"El Diario - Decano de la prensa nacional\",\"description\":\"El Diario - Decano de la prensa nacional\",\"publisher\":{\"@id\":\"https:\\\/\\\/www.eldiario.net\\\/portal\\\/#organization\"},\"potentialAction\":[{\"@type\":\"SearchAction\",\"target\":{\"@type\":\"EntryPoint\",\"urlTemplate\":\"https:\\\/\\\/www.eldiario.net\\\/portal\\\/?s={search_term_string}\"},\"query-input\":{\"@type\":\"PropertyValueSpecification\",\"valueRequired\":true,\"valueName\":\"search_term_string\"}}],\"inLanguage\":\"es\"},{\"@type\":\"Organization\",\"@id\":\"https:\\\/\\\/www.eldiario.net\\\/portal\\\/#organization\",\"name\":\"El Diario - Decano de la prensa nacional\",\"url\":\"https:\\\/\\\/www.eldiario.net\\\/portal\\\/\",\"logo\":{\"@type\":\"ImageObject\",\"inLanguage\":\"es\",\"@id\":\"https:\\\/\\\/www.eldiario.net\\\/portal\\\/#\\\/schema\\\/logo\\\/image\\\/\",\"url\":\"https:\\\/\\\/www.eldiario.net\\\/portal\\\/wp-content\\\/uploads\\\/2023\\\/07\\\/logo_ED.jpg\",\"contentUrl\":\"https:\\\/\\\/www.eldiario.net\\\/portal\\\/wp-content\\\/uploads\\\/2023\\\/07\\\/logo_ED.jpg\",\"width\":272,\"height\":52,\"caption\":\"El Diario - Decano de la prensa nacional\"},\"image\":{\"@id\":\"https:\\\/\\\/www.eldiario.net\\\/portal\\\/#\\\/schema\\\/logo\\\/image\\\/\"},\"sameAs\":[\"https:\\\/\\\/www.facebook.com\\\/eldiario.bolivia\\\/\",\"https:\\\/\\\/x.com\\\/eldiario_net\"]},{\"@type\":\"Person\",\"@id\":\"https:\\\/\\\/www.eldiario.net\\\/portal\\\/#\\\/schema\\\/person\\\/f46445640444750d7d753ccd04ae01b7\",\"name\":\"Jeanette\",\"image\":{\"@type\":\"ImageObject\",\"inLanguage\":\"es\",\"@id\":\"https:\\\/\\\/secure.gravatar.com\\\/avatar\\\/3ea2118a5f7dad2b7138b1187a6b7ee55f160b9968b66013c3a3ef39dd7e5798?s=96&d=mm&r=g\",\"url\":\"https:\\\/\\\/secure.gravatar.com\\\/avatar\\\/3ea2118a5f7dad2b7138b1187a6b7ee55f160b9968b66013c3a3ef39dd7e5798?s=96&d=mm&r=g\",\"contentUrl\":\"https:\\\/\\\/secure.gravatar.com\\\/avatar\\\/3ea2118a5f7dad2b7138b1187a6b7ee55f160b9968b66013c3a3ef39dd7e5798?s=96&d=mm&r=g\",\"caption\":\"Jeanette\"},\"sameAs\":[\"https:\\\/\\\/www.eldiario.net\\\/portal\"],\"url\":\"https:\\\/\\\/www.eldiario.net\\\/portal\\\/author\\\/jeanette\\\/\"}]}<\/script>\n<!-- \/ Yoast SEO plugin. -->","yoast_head_json":{"title":"M\u00e1s all\u00e1 de las aulas: la academia y su responsabilidad en tiempos recios - El Diario - Bolivia","robots":{"index":"index","follow":"follow","max-snippet":"max-snippet:-1","max-image-preview":"max-image-preview:large","max-video-preview":"max-video-preview:-1"},"canonical":"https:\/\/www.eldiario.net\/portal\/2025\/06\/23\/mas-alla-de-las-aulas-la-academia-y-su-responsabilidad-en-tiempos-recios\/","og_locale":"es_ES","og_type":"article","og_title":"M\u00e1s all\u00e1 de las aulas: la academia y su responsabilidad en tiempos recios - El Diario - Bolivia","og_description":"A estas alturas, no es para nadie un secreto que Bolivia atraviesa una de las crisis econ\u00f3micas m\u00e1s profundas de su historia reciente. El deterioro se percibe con claridad en la experiencia cotidiana: salarios que pierden capacidad de compra y ahorros que se diluyen. De hecho, la inflaci\u00f3n ha dejado de ser un dato t\u00e9cnico [&hellip;]","og_url":"https:\/\/www.eldiario.net\/portal\/2025\/06\/23\/mas-alla-de-las-aulas-la-academia-y-su-responsabilidad-en-tiempos-recios\/","og_site_name":"El Diario - Bolivia","article_publisher":"https:\/\/www.facebook.com\/eldiario.bolivia\/","article_published_time":"2025-06-23T10:07:29+00:00","og_image":[{"width":1200,"height":628,"url":"https:\/\/www.eldiario.net\/portal\/wp-content\/uploads\/2024\/10\/Rodrigo-Burgoa-Terceros.jpg","type":"image\/jpeg"}],"author":"Jeanette","twitter_card":"summary_large_image","twitter_creator":"@eldiario_net","twitter_site":"@eldiario_net","twitter_misc":{"Escrito por":"Jeanette","Tiempo de lectura":"4 minutos"},"schema":{"@context":"https:\/\/schema.org","@graph":[{"@type":"Article","@id":"https:\/\/www.eldiario.net\/portal\/2025\/06\/23\/mas-alla-de-las-aulas-la-academia-y-su-responsabilidad-en-tiempos-recios\/#article","isPartOf":{"@id":"https:\/\/www.eldiario.net\/portal\/2025\/06\/23\/mas-alla-de-las-aulas-la-academia-y-su-responsabilidad-en-tiempos-recios\/"},"author":{"name":"Jeanette","@id":"https:\/\/www.eldiario.net\/portal\/#\/schema\/person\/f46445640444750d7d753ccd04ae01b7"},"headline":"M\u00e1s all\u00e1 de las aulas: la academia y su responsabilidad en tiempos recios","datePublished":"2025-06-23T10:07:29+00:00","mainEntityOfPage":{"@id":"https:\/\/www.eldiario.net\/portal\/2025\/06\/23\/mas-alla-de-las-aulas-la-academia-y-su-responsabilidad-en-tiempos-recios\/"},"wordCount":881,"publisher":{"@id":"https:\/\/www.eldiario.net\/portal\/#organization"},"image":{"@id":"https:\/\/www.eldiario.net\/portal\/2025\/06\/23\/mas-alla-de-las-aulas-la-academia-y-su-responsabilidad-en-tiempos-recios\/#primaryimage"},"thumbnailUrl":"https:\/\/www.eldiario.net\/portal\/wp-content\/uploads\/2024\/10\/Rodrigo-Burgoa-Terceros.jpg","articleSection":["Opini\u00f3n"],"inLanguage":"es"},{"@type":"WebPage","@id":"https:\/\/www.eldiario.net\/portal\/2025\/06\/23\/mas-alla-de-las-aulas-la-academia-y-su-responsabilidad-en-tiempos-recios\/","url":"https:\/\/www.eldiario.net\/portal\/2025\/06\/23\/mas-alla-de-las-aulas-la-academia-y-su-responsabilidad-en-tiempos-recios\/","name":"M\u00e1s all\u00e1 de las aulas: la academia y su responsabilidad en tiempos recios - El Diario - Bolivia","isPartOf":{"@id":"https:\/\/www.eldiario.net\/portal\/#website"},"primaryImageOfPage":{"@id":"https:\/\/www.eldiario.net\/portal\/2025\/06\/23\/mas-alla-de-las-aulas-la-academia-y-su-responsabilidad-en-tiempos-recios\/#primaryimage"},"image":{"@id":"https:\/\/www.eldiario.net\/portal\/2025\/06\/23\/mas-alla-de-las-aulas-la-academia-y-su-responsabilidad-en-tiempos-recios\/#primaryimage"},"thumbnailUrl":"https:\/\/www.eldiario.net\/portal\/wp-content\/uploads\/2024\/10\/Rodrigo-Burgoa-Terceros.jpg","datePublished":"2025-06-23T10:07:29+00:00","breadcrumb":{"@id":"https:\/\/www.eldiario.net\/portal\/2025\/06\/23\/mas-alla-de-las-aulas-la-academia-y-su-responsabilidad-en-tiempos-recios\/#breadcrumb"},"inLanguage":"es","potentialAction":[{"@type":"ReadAction","target":["https:\/\/www.eldiario.net\/portal\/2025\/06\/23\/mas-alla-de-las-aulas-la-academia-y-su-responsabilidad-en-tiempos-recios\/"]}]},{"@type":"ImageObject","inLanguage":"es","@id":"https:\/\/www.eldiario.net\/portal\/2025\/06\/23\/mas-alla-de-las-aulas-la-academia-y-su-responsabilidad-en-tiempos-recios\/#primaryimage","url":"https:\/\/www.eldiario.net\/portal\/wp-content\/uploads\/2024\/10\/Rodrigo-Burgoa-Terceros.jpg","contentUrl":"https:\/\/www.eldiario.net\/portal\/wp-content\/uploads\/2024\/10\/Rodrigo-Burgoa-Terceros.jpg","width":1200,"height":628,"caption":"Rodrigo Burgoa Terceros"},{"@type":"BreadcrumbList","@id":"https:\/\/www.eldiario.net\/portal\/2025\/06\/23\/mas-alla-de-las-aulas-la-academia-y-su-responsabilidad-en-tiempos-recios\/#breadcrumb","itemListElement":[{"@type":"ListItem","position":1,"name":"Portada","item":"https:\/\/www.eldiario.net\/portal\/"},{"@type":"ListItem","position":2,"name":"M\u00e1s all\u00e1 de las aulas: la academia y su responsabilidad en tiempos recios"}]},{"@type":"WebSite","@id":"https:\/\/www.eldiario.net\/portal\/#website","url":"https:\/\/www.eldiario.net\/portal\/","name":"El Diario - Decano de la prensa nacional","description":"El Diario - Decano de la prensa nacional","publisher":{"@id":"https:\/\/www.eldiario.net\/portal\/#organization"},"potentialAction":[{"@type":"SearchAction","target":{"@type":"EntryPoint","urlTemplate":"https:\/\/www.eldiario.net\/portal\/?s={search_term_string}"},"query-input":{"@type":"PropertyValueSpecification","valueRequired":true,"valueName":"search_term_string"}}],"inLanguage":"es"},{"@type":"Organization","@id":"https:\/\/www.eldiario.net\/portal\/#organization","name":"El Diario - Decano de la prensa nacional","url":"https:\/\/www.eldiario.net\/portal\/","logo":{"@type":"ImageObject","inLanguage":"es","@id":"https:\/\/www.eldiario.net\/portal\/#\/schema\/logo\/image\/","url":"https:\/\/www.eldiario.net\/portal\/wp-content\/uploads\/2023\/07\/logo_ED.jpg","contentUrl":"https:\/\/www.eldiario.net\/portal\/wp-content\/uploads\/2023\/07\/logo_ED.jpg","width":272,"height":52,"caption":"El Diario - Decano de la prensa nacional"},"image":{"@id":"https:\/\/www.eldiario.net\/portal\/#\/schema\/logo\/image\/"},"sameAs":["https:\/\/www.facebook.com\/eldiario.bolivia\/","https:\/\/x.com\/eldiario_net"]},{"@type":"Person","@id":"https:\/\/www.eldiario.net\/portal\/#\/schema\/person\/f46445640444750d7d753ccd04ae01b7","name":"Jeanette","image":{"@type":"ImageObject","inLanguage":"es","@id":"https:\/\/secure.gravatar.com\/avatar\/3ea2118a5f7dad2b7138b1187a6b7ee55f160b9968b66013c3a3ef39dd7e5798?s=96&d=mm&r=g","url":"https:\/\/secure.gravatar.com\/avatar\/3ea2118a5f7dad2b7138b1187a6b7ee55f160b9968b66013c3a3ef39dd7e5798?s=96&d=mm&r=g","contentUrl":"https:\/\/secure.gravatar.com\/avatar\/3ea2118a5f7dad2b7138b1187a6b7ee55f160b9968b66013c3a3ef39dd7e5798?s=96&d=mm&r=g","caption":"Jeanette"},"sameAs":["https:\/\/www.eldiario.net\/portal"],"url":"https:\/\/www.eldiario.net\/portal\/author\/jeanette\/"}]}},"_links":{"self":[{"href":"https:\/\/www.eldiario.net\/portal\/wp-json\/wp\/v2\/posts\/311684","targetHints":{"allow":["GET"]}}],"collection":[{"href":"https:\/\/www.eldiario.net\/portal\/wp-json\/wp\/v2\/posts"}],"about":[{"href":"https:\/\/www.eldiario.net\/portal\/wp-json\/wp\/v2\/types\/post"}],"author":[{"embeddable":true,"href":"https:\/\/www.eldiario.net\/portal\/wp-json\/wp\/v2\/users\/1"}],"replies":[{"embeddable":true,"href":"https:\/\/www.eldiario.net\/portal\/wp-json\/wp\/v2\/comments?post=311684"}],"version-history":[{"count":1,"href":"https:\/\/www.eldiario.net\/portal\/wp-json\/wp\/v2\/posts\/311684\/revisions"}],"predecessor-version":[{"id":311685,"href":"https:\/\/www.eldiario.net\/portal\/wp-json\/wp\/v2\/posts\/311684\/revisions\/311685"}],"wp:featuredmedia":[{"embeddable":true,"href":"https:\/\/www.eldiario.net\/portal\/wp-json\/wp\/v2\/media\/251250"}],"wp:attachment":[{"href":"https:\/\/www.eldiario.net\/portal\/wp-json\/wp\/v2\/media?parent=311684"}],"wp:term":[{"taxonomy":"category","embeddable":true,"href":"https:\/\/www.eldiario.net\/portal\/wp-json\/wp\/v2\/categories?post=311684"},{"taxonomy":"post_tag","embeddable":true,"href":"https:\/\/www.eldiario.net\/portal\/wp-json\/wp\/v2\/tags?post=311684"}],"curies":[{"name":"wp","href":"https:\/\/api.w.org\/{rel}","templated":true}]}}