{"id":311680,"date":"2025-06-23T06:06:19","date_gmt":"2025-06-23T10:06:19","guid":{"rendered":"https:\/\/www.eldiario.net\/portal\/?p=311680"},"modified":"2025-06-23T06:06:19","modified_gmt":"2025-06-23T10:06:19","slug":"jovenes-en-la-iglesia","status":"publish","type":"post","link":"https:\/\/www.eldiario.net\/portal\/2025\/06\/23\/jovenes-en-la-iglesia\/","title":{"rendered":"J\u00f3venes en la Iglesia"},"content":{"rendered":"<p>El papa Le\u00f3n XIV ha comenzado en sus primeros discursos con declaraciones que, en lo personal, son lo que espero del l\u00edder espiritual de la Iglesia: su condena al aborto, la conformaci\u00f3n de la pareja de hombre-mujer y, en su primer Regina Caeli, un recordatorio del llamado b\u00edblico a los j\u00f3venes y a la invitaci\u00f3n que les hace la Iglesia porque ellos son su esperanza. Y la verdad es que, en apariencia, la Biblia no pone mucho \u00e9nfasis en la juventud; no en lo literal, pero s\u00ed en pasajes dirigidos a ella, mostrando, como cualquier otro libro que refleja la profundidad de la vida humana, a la juventud como el periodo de la plenitud y la fuerza. Es cierto que ser joven lleva consigo una dosis de inexperiencia (Jer 1:6; Prov 7:7), pero la aparici\u00f3n de personajes j\u00f3venes en los momentos decisivos de la historia de Israel pone de manifiesto la significaci\u00f3n \u2014a lo largo de los siglos en la vida secular\u2014 de la relaci\u00f3n del hombre con Dios. El Libro de Daniel (1:17), solo por citar un pasaje de la Biblia, nos da un ejemplo de ello.<br \/>\nEl protagonismo de los j\u00f3venes en la historia de la Salvaci\u00f3n cobra mayor fuerza en el Nuevo Testamento, en el que una joven de Nazareth fue capaz de pronunciar un \u201ch\u00e1gase en mi seg\u00fan tu voluntad\u201d.<br \/>\nAs\u00ed, la Iglesia recogi\u00f3 con esmero a la juventud en la vida de Jesucristo, porque ser joven entre, otras cosas, es sin\u00f3nimo de fuerza y esperanza. Por eso el Concilio Vaticano II se dirigi\u00f3 a ellos con una expresi\u00f3n igual de vigorosa: \u201cLa Iglesia os mira con confianza y amor\u201d, con lo que se engloba dos deseos fundamentales: el ofrecimiento del mejor tesoro que la propia Iglesia posee y la proclamaci\u00f3n de su confianza en la capacidad de los j\u00f3venes para transformar la sociedad y de asumir la tarea evangelizadora.<br \/>\nPero todo lo anterior es apenas un compendio de los abundantes antecedentes que las Escrituras y el Magisterio de la Iglesia prueban: que la juventud es no \u00fanicamente importante para la fe cat\u00f3lica, sino para el sostenimiento de la Iglesia. As\u00ed de valiosos son ellos. Y es cierto; los Evangelios no hablan mucho de ellos, pero su redacci\u00f3n expresa mucho sobre el rol de la juventud en la historia de la Salvaci\u00f3n, pues Cristo mismo, desde una mirada no biol\u00f3gica pero s\u00ed del contexto cultural de la \u00e9poca, era un adulto joven cuando empez\u00f3 su ministerio y vida p\u00fablica; y la simbolog\u00eda que encierra el pasaje del joven rico, entre otros, da cuenta de que el Mes\u00edas ya ten\u00eda en sus planes a la juventud como sost\u00e9n gran\u00edtico de su futura iglesia.<br \/>\nPero lo que s\u00ed tiene un significado expl\u00edcito y m\u00e1s que ejemplificador sobre la mirada que Dios tiene sobre la juventud, podemos encontrarlo en la carta de Pablo a Timoteo cuando le dice: \u201cNo dejes que te critiquen por ser joven. Trata de ser el modelo de los creyentes por tu manera de hablar, tu conducta, tu caridad, tu fe y tu vida irreprochable\u201d (1Tim 4:12). Y es que los j\u00f3venes son el segmento m\u00e1s din\u00e1mico de cualquier sociedad y est\u00e1n en una etapa fascinante de la vida, en que el desarrollo vigoroso, la gu\u00eda y la formaci\u00f3n son elementos no solo importantes, sino tambi\u00e9n necesarios. Por eso es esencial, como parte integral de la misi\u00f3n de la Iglesia, hallar maneras id\u00f3neas y creativas de, primero, llevar a los j\u00f3venes hacia Jesucristo y, luego, de hacerlos instrumentos al servicio de Dios.<br \/>\n\u00bfAcaso las palabras del ap\u00f3stol Pablo al joven Timoteo no son un llamado a la Iglesia para que \u00e9sta juegue un papel esencial en la vida de los j\u00f3venes, y una exhortaci\u00f3n a \u00e9stos para que sepan que su contribuci\u00f3n en la vida de la Iglesia es vital?<br \/>\nLas comunidades de nuestra arquidi\u00f3cesis deben convertirse en \u201cpescadores de j\u00f3venes\u201d; bien que el papa Francisco, en oportunidad de la Jornada Mundial de la Juventud, en un memorable discurso ante una multitud de oyentes en la Catedral Metropolitana de San Sebasti\u00e1n de R\u00edo de Janeiro, dijo a los j\u00f3venes: \u201chagan l\u00edo\u201d, en un tiempo en que la humanidad se enfrasca en jaleos mundanos y ante la convicci\u00f3n de que los que mejor pueden mover la conciencia de los tibios, de los perdidos o de los incr\u00e9dulos, son los j\u00f3venes, cuya inexperiencia en la vida est\u00e1 sobradamente compensada por la fogosidad de su temperamento, por la nobleza de sus sentimientos y porque son almas en que Dios, con preferencia, puede reposar.<\/p>\n<p>Augusto Vera Riveros es jurista y escritor.<\/p>\n","protected":false},"excerpt":{"rendered":"<p>El papa Le\u00f3n XIV ha comenzado en sus primeros discursos con declaraciones que, en lo personal, son lo que espero del l\u00edder espiritual de la Iglesia: su condena al aborto, la conformaci\u00f3n de la pareja de hombre-mujer y, en su primer Regina Caeli, un recordatorio del llamado b\u00edblico a los j\u00f3venes y a la invitaci\u00f3n [&hellip;]<\/p>\n","protected":false},"author":1,"featured_media":158120,"comment_status":"closed","ping_status":"open","sticky":false,"template":"","format":"standard","meta":{"_acf_changed":false,"footnotes":""},"categories":[9],"tags":[],"class_list":["post-311680","post","type-post","status-publish","format-standard","has-post-thumbnail","category-opinion"],"acf":{"antetitulo":"Contra viento y marea"},"yoast_head":"<!-- This site is optimized with the Yoast SEO plugin v28.4 - https:\/\/yoast.com\/product\/yoast-seo-wordpress\/ -->\n<title>J\u00f3venes en la Iglesia - El Diario - Bolivia<\/title>\n<meta name=\"robots\" content=\"index, follow, max-snippet:-1, max-image-preview:large, max-video-preview:-1\" \/>\n<link rel=\"canonical\" href=\"https:\/\/www.eldiario.net\/portal\/2025\/06\/23\/jovenes-en-la-iglesia\/\" \/>\n<meta property=\"og:locale\" content=\"es_ES\" \/>\n<meta property=\"og:type\" content=\"article\" \/>\n<meta property=\"og:title\" content=\"J\u00f3venes en la Iglesia - El Diario - Bolivia\" \/>\n<meta property=\"og:description\" content=\"El papa Le\u00f3n XIV ha comenzado en sus primeros discursos con declaraciones que, en lo personal, son lo que espero del l\u00edder espiritual de la Iglesia: su condena al aborto, la conformaci\u00f3n de la pareja de hombre-mujer y, en su primer Regina Caeli, un recordatorio del llamado b\u00edblico a los j\u00f3venes y a la invitaci\u00f3n [&hellip;]\" \/>\n<meta property=\"og:url\" content=\"https:\/\/www.eldiario.net\/portal\/2025\/06\/23\/jovenes-en-la-iglesia\/\" \/>\n<meta property=\"og:site_name\" content=\"El Diario - Bolivia\" \/>\n<meta property=\"article:publisher\" content=\"https:\/\/www.facebook.com\/eldiario.bolivia\/\" \/>\n<meta property=\"article:published_time\" content=\"2025-06-23T10:06:19+00:00\" \/>\n<meta property=\"og:image\" content=\"https:\/\/www.eldiario.net\/portal\/wp-content\/uploads\/2023\/06\/Augusto-Vera-Riveros.jpg\" \/>\n\t<meta property=\"og:image:width\" content=\"1200\" \/>\n\t<meta property=\"og:image:height\" content=\"628\" \/>\n\t<meta property=\"og:image:type\" content=\"image\/jpeg\" \/>\n<meta name=\"author\" content=\"Jeanette\" \/>\n<meta name=\"twitter:card\" content=\"summary_large_image\" \/>\n<meta name=\"twitter:creator\" content=\"@eldiario_net\" \/>\n<meta name=\"twitter:site\" content=\"@eldiario_net\" \/>\n<meta name=\"twitter:label1\" content=\"Escrito por\" \/>\n\t<meta name=\"twitter:data1\" content=\"Jeanette\" \/>\n\t<meta name=\"twitter:label2\" content=\"Tiempo de lectura\" \/>\n\t<meta name=\"twitter:data2\" content=\"4 minutos\" \/>\n<script type=\"application\/ld+json\" class=\"yoast-schema-graph\">{\"@context\":\"https:\\\/\\\/schema.org\",\"@graph\":[{\"@type\":\"Article\",\"@id\":\"https:\\\/\\\/www.eldiario.net\\\/portal\\\/2025\\\/06\\\/23\\\/jovenes-en-la-iglesia\\\/#article\",\"isPartOf\":{\"@id\":\"https:\\\/\\\/www.eldiario.net\\\/portal\\\/2025\\\/06\\\/23\\\/jovenes-en-la-iglesia\\\/\"},\"author\":{\"name\":\"Jeanette\",\"@id\":\"https:\\\/\\\/www.eldiario.net\\\/portal\\\/#\\\/schema\\\/person\\\/f46445640444750d7d753ccd04ae01b7\"},\"headline\":\"J\u00f3venes en la Iglesia\",\"datePublished\":\"2025-06-23T10:06:19+00:00\",\"mainEntityOfPage\":{\"@id\":\"https:\\\/\\\/www.eldiario.net\\\/portal\\\/2025\\\/06\\\/23\\\/jovenes-en-la-iglesia\\\/\"},\"wordCount\":816,\"publisher\":{\"@id\":\"https:\\\/\\\/www.eldiario.net\\\/portal\\\/#organization\"},\"image\":{\"@id\":\"https:\\\/\\\/www.eldiario.net\\\/portal\\\/2025\\\/06\\\/23\\\/jovenes-en-la-iglesia\\\/#primaryimage\"},\"thumbnailUrl\":\"https:\\\/\\\/www.eldiario.net\\\/portal\\\/wp-content\\\/uploads\\\/2023\\\/06\\\/Augusto-Vera-Riveros.jpg\",\"articleSection\":[\"Opini\u00f3n\"],\"inLanguage\":\"es\"},{\"@type\":\"WebPage\",\"@id\":\"https:\\\/\\\/www.eldiario.net\\\/portal\\\/2025\\\/06\\\/23\\\/jovenes-en-la-iglesia\\\/\",\"url\":\"https:\\\/\\\/www.eldiario.net\\\/portal\\\/2025\\\/06\\\/23\\\/jovenes-en-la-iglesia\\\/\",\"name\":\"J\u00f3venes en la Iglesia - El Diario - Bolivia\",\"isPartOf\":{\"@id\":\"https:\\\/\\\/www.eldiario.net\\\/portal\\\/#website\"},\"primaryImageOfPage\":{\"@id\":\"https:\\\/\\\/www.eldiario.net\\\/portal\\\/2025\\\/06\\\/23\\\/jovenes-en-la-iglesia\\\/#primaryimage\"},\"image\":{\"@id\":\"https:\\\/\\\/www.eldiario.net\\\/portal\\\/2025\\\/06\\\/23\\\/jovenes-en-la-iglesia\\\/#primaryimage\"},\"thumbnailUrl\":\"https:\\\/\\\/www.eldiario.net\\\/portal\\\/wp-content\\\/uploads\\\/2023\\\/06\\\/Augusto-Vera-Riveros.jpg\",\"datePublished\":\"2025-06-23T10:06:19+00:00\",\"breadcrumb\":{\"@id\":\"https:\\\/\\\/www.eldiario.net\\\/portal\\\/2025\\\/06\\\/23\\\/jovenes-en-la-iglesia\\\/#breadcrumb\"},\"inLanguage\":\"es\",\"potentialAction\":[{\"@type\":\"ReadAction\",\"target\":[\"https:\\\/\\\/www.eldiario.net\\\/portal\\\/2025\\\/06\\\/23\\\/jovenes-en-la-iglesia\\\/\"]}]},{\"@type\":\"ImageObject\",\"inLanguage\":\"es\",\"@id\":\"https:\\\/\\\/www.eldiario.net\\\/portal\\\/2025\\\/06\\\/23\\\/jovenes-en-la-iglesia\\\/#primaryimage\",\"url\":\"https:\\\/\\\/www.eldiario.net\\\/portal\\\/wp-content\\\/uploads\\\/2023\\\/06\\\/Augusto-Vera-Riveros.jpg\",\"contentUrl\":\"https:\\\/\\\/www.eldiario.net\\\/portal\\\/wp-content\\\/uploads\\\/2023\\\/06\\\/Augusto-Vera-Riveros.jpg\",\"width\":1200,\"height\":628},{\"@type\":\"BreadcrumbList\",\"@id\":\"https:\\\/\\\/www.eldiario.net\\\/portal\\\/2025\\\/06\\\/23\\\/jovenes-en-la-iglesia\\\/#breadcrumb\",\"itemListElement\":[{\"@type\":\"ListItem\",\"position\":1,\"name\":\"Portada\",\"item\":\"https:\\\/\\\/www.eldiario.net\\\/portal\\\/\"},{\"@type\":\"ListItem\",\"position\":2,\"name\":\"J\u00f3venes en la Iglesia\"}]},{\"@type\":\"WebSite\",\"@id\":\"https:\\\/\\\/www.eldiario.net\\\/portal\\\/#website\",\"url\":\"https:\\\/\\\/www.eldiario.net\\\/portal\\\/\",\"name\":\"El Diario - Decano de la prensa nacional\",\"description\":\"El Diario - Decano de la prensa nacional\",\"publisher\":{\"@id\":\"https:\\\/\\\/www.eldiario.net\\\/portal\\\/#organization\"},\"potentialAction\":[{\"@type\":\"SearchAction\",\"target\":{\"@type\":\"EntryPoint\",\"urlTemplate\":\"https:\\\/\\\/www.eldiario.net\\\/portal\\\/?s={search_term_string}\"},\"query-input\":{\"@type\":\"PropertyValueSpecification\",\"valueRequired\":true,\"valueName\":\"search_term_string\"}}],\"inLanguage\":\"es\"},{\"@type\":\"Organization\",\"@id\":\"https:\\\/\\\/www.eldiario.net\\\/portal\\\/#organization\",\"name\":\"El Diario - Decano de la prensa nacional\",\"url\":\"https:\\\/\\\/www.eldiario.net\\\/portal\\\/\",\"logo\":{\"@type\":\"ImageObject\",\"inLanguage\":\"es\",\"@id\":\"https:\\\/\\\/www.eldiario.net\\\/portal\\\/#\\\/schema\\\/logo\\\/image\\\/\",\"url\":\"https:\\\/\\\/www.eldiario.net\\\/portal\\\/wp-content\\\/uploads\\\/2023\\\/07\\\/logo_ED.jpg\",\"contentUrl\":\"https:\\\/\\\/www.eldiario.net\\\/portal\\\/wp-content\\\/uploads\\\/2023\\\/07\\\/logo_ED.jpg\",\"width\":272,\"height\":52,\"caption\":\"El Diario - Decano de la prensa nacional\"},\"image\":{\"@id\":\"https:\\\/\\\/www.eldiario.net\\\/portal\\\/#\\\/schema\\\/logo\\\/image\\\/\"},\"sameAs\":[\"https:\\\/\\\/www.facebook.com\\\/eldiario.bolivia\\\/\",\"https:\\\/\\\/x.com\\\/eldiario_net\"]},{\"@type\":\"Person\",\"@id\":\"https:\\\/\\\/www.eldiario.net\\\/portal\\\/#\\\/schema\\\/person\\\/f46445640444750d7d753ccd04ae01b7\",\"name\":\"Jeanette\",\"image\":{\"@type\":\"ImageObject\",\"inLanguage\":\"es\",\"@id\":\"https:\\\/\\\/secure.gravatar.com\\\/avatar\\\/3ea2118a5f7dad2b7138b1187a6b7ee55f160b9968b66013c3a3ef39dd7e5798?s=96&d=mm&r=g\",\"url\":\"https:\\\/\\\/secure.gravatar.com\\\/avatar\\\/3ea2118a5f7dad2b7138b1187a6b7ee55f160b9968b66013c3a3ef39dd7e5798?s=96&d=mm&r=g\",\"contentUrl\":\"https:\\\/\\\/secure.gravatar.com\\\/avatar\\\/3ea2118a5f7dad2b7138b1187a6b7ee55f160b9968b66013c3a3ef39dd7e5798?s=96&d=mm&r=g\",\"caption\":\"Jeanette\"},\"sameAs\":[\"https:\\\/\\\/www.eldiario.net\\\/portal\"],\"url\":\"https:\\\/\\\/www.eldiario.net\\\/portal\\\/author\\\/jeanette\\\/\"}]}<\/script>\n<!-- \/ Yoast SEO plugin. -->","yoast_head_json":{"title":"J\u00f3venes en la Iglesia - El Diario - Bolivia","robots":{"index":"index","follow":"follow","max-snippet":"max-snippet:-1","max-image-preview":"max-image-preview:large","max-video-preview":"max-video-preview:-1"},"canonical":"https:\/\/www.eldiario.net\/portal\/2025\/06\/23\/jovenes-en-la-iglesia\/","og_locale":"es_ES","og_type":"article","og_title":"J\u00f3venes en la Iglesia - El Diario - Bolivia","og_description":"El papa Le\u00f3n XIV ha comenzado en sus primeros discursos con declaraciones que, en lo personal, son lo que espero del l\u00edder espiritual de la Iglesia: su condena al aborto, la conformaci\u00f3n de la pareja de hombre-mujer y, en su primer Regina Caeli, un recordatorio del llamado b\u00edblico a los j\u00f3venes y a la invitaci\u00f3n [&hellip;]","og_url":"https:\/\/www.eldiario.net\/portal\/2025\/06\/23\/jovenes-en-la-iglesia\/","og_site_name":"El Diario - Bolivia","article_publisher":"https:\/\/www.facebook.com\/eldiario.bolivia\/","article_published_time":"2025-06-23T10:06:19+00:00","og_image":[{"width":1200,"height":628,"url":"https:\/\/www.eldiario.net\/portal\/wp-content\/uploads\/2023\/06\/Augusto-Vera-Riveros.jpg","type":"image\/jpeg"}],"author":"Jeanette","twitter_card":"summary_large_image","twitter_creator":"@eldiario_net","twitter_site":"@eldiario_net","twitter_misc":{"Escrito por":"Jeanette","Tiempo de lectura":"4 minutos"},"schema":{"@context":"https:\/\/schema.org","@graph":[{"@type":"Article","@id":"https:\/\/www.eldiario.net\/portal\/2025\/06\/23\/jovenes-en-la-iglesia\/#article","isPartOf":{"@id":"https:\/\/www.eldiario.net\/portal\/2025\/06\/23\/jovenes-en-la-iglesia\/"},"author":{"name":"Jeanette","@id":"https:\/\/www.eldiario.net\/portal\/#\/schema\/person\/f46445640444750d7d753ccd04ae01b7"},"headline":"J\u00f3venes en la Iglesia","datePublished":"2025-06-23T10:06:19+00:00","mainEntityOfPage":{"@id":"https:\/\/www.eldiario.net\/portal\/2025\/06\/23\/jovenes-en-la-iglesia\/"},"wordCount":816,"publisher":{"@id":"https:\/\/www.eldiario.net\/portal\/#organization"},"image":{"@id":"https:\/\/www.eldiario.net\/portal\/2025\/06\/23\/jovenes-en-la-iglesia\/#primaryimage"},"thumbnailUrl":"https:\/\/www.eldiario.net\/portal\/wp-content\/uploads\/2023\/06\/Augusto-Vera-Riveros.jpg","articleSection":["Opini\u00f3n"],"inLanguage":"es"},{"@type":"WebPage","@id":"https:\/\/www.eldiario.net\/portal\/2025\/06\/23\/jovenes-en-la-iglesia\/","url":"https:\/\/www.eldiario.net\/portal\/2025\/06\/23\/jovenes-en-la-iglesia\/","name":"J\u00f3venes en la Iglesia - El Diario - Bolivia","isPartOf":{"@id":"https:\/\/www.eldiario.net\/portal\/#website"},"primaryImageOfPage":{"@id":"https:\/\/www.eldiario.net\/portal\/2025\/06\/23\/jovenes-en-la-iglesia\/#primaryimage"},"image":{"@id":"https:\/\/www.eldiario.net\/portal\/2025\/06\/23\/jovenes-en-la-iglesia\/#primaryimage"},"thumbnailUrl":"https:\/\/www.eldiario.net\/portal\/wp-content\/uploads\/2023\/06\/Augusto-Vera-Riveros.jpg","datePublished":"2025-06-23T10:06:19+00:00","breadcrumb":{"@id":"https:\/\/www.eldiario.net\/portal\/2025\/06\/23\/jovenes-en-la-iglesia\/#breadcrumb"},"inLanguage":"es","potentialAction":[{"@type":"ReadAction","target":["https:\/\/www.eldiario.net\/portal\/2025\/06\/23\/jovenes-en-la-iglesia\/"]}]},{"@type":"ImageObject","inLanguage":"es","@id":"https:\/\/www.eldiario.net\/portal\/2025\/06\/23\/jovenes-en-la-iglesia\/#primaryimage","url":"https:\/\/www.eldiario.net\/portal\/wp-content\/uploads\/2023\/06\/Augusto-Vera-Riveros.jpg","contentUrl":"https:\/\/www.eldiario.net\/portal\/wp-content\/uploads\/2023\/06\/Augusto-Vera-Riveros.jpg","width":1200,"height":628},{"@type":"BreadcrumbList","@id":"https:\/\/www.eldiario.net\/portal\/2025\/06\/23\/jovenes-en-la-iglesia\/#breadcrumb","itemListElement":[{"@type":"ListItem","position":1,"name":"Portada","item":"https:\/\/www.eldiario.net\/portal\/"},{"@type":"ListItem","position":2,"name":"J\u00f3venes en la Iglesia"}]},{"@type":"WebSite","@id":"https:\/\/www.eldiario.net\/portal\/#website","url":"https:\/\/www.eldiario.net\/portal\/","name":"El Diario - Decano de la prensa nacional","description":"El Diario - Decano de la prensa nacional","publisher":{"@id":"https:\/\/www.eldiario.net\/portal\/#organization"},"potentialAction":[{"@type":"SearchAction","target":{"@type":"EntryPoint","urlTemplate":"https:\/\/www.eldiario.net\/portal\/?s={search_term_string}"},"query-input":{"@type":"PropertyValueSpecification","valueRequired":true,"valueName":"search_term_string"}}],"inLanguage":"es"},{"@type":"Organization","@id":"https:\/\/www.eldiario.net\/portal\/#organization","name":"El Diario - Decano de la prensa nacional","url":"https:\/\/www.eldiario.net\/portal\/","logo":{"@type":"ImageObject","inLanguage":"es","@id":"https:\/\/www.eldiario.net\/portal\/#\/schema\/logo\/image\/","url":"https:\/\/www.eldiario.net\/portal\/wp-content\/uploads\/2023\/07\/logo_ED.jpg","contentUrl":"https:\/\/www.eldiario.net\/portal\/wp-content\/uploads\/2023\/07\/logo_ED.jpg","width":272,"height":52,"caption":"El Diario - Decano de la prensa nacional"},"image":{"@id":"https:\/\/www.eldiario.net\/portal\/#\/schema\/logo\/image\/"},"sameAs":["https:\/\/www.facebook.com\/eldiario.bolivia\/","https:\/\/x.com\/eldiario_net"]},{"@type":"Person","@id":"https:\/\/www.eldiario.net\/portal\/#\/schema\/person\/f46445640444750d7d753ccd04ae01b7","name":"Jeanette","image":{"@type":"ImageObject","inLanguage":"es","@id":"https:\/\/secure.gravatar.com\/avatar\/3ea2118a5f7dad2b7138b1187a6b7ee55f160b9968b66013c3a3ef39dd7e5798?s=96&d=mm&r=g","url":"https:\/\/secure.gravatar.com\/avatar\/3ea2118a5f7dad2b7138b1187a6b7ee55f160b9968b66013c3a3ef39dd7e5798?s=96&d=mm&r=g","contentUrl":"https:\/\/secure.gravatar.com\/avatar\/3ea2118a5f7dad2b7138b1187a6b7ee55f160b9968b66013c3a3ef39dd7e5798?s=96&d=mm&r=g","caption":"Jeanette"},"sameAs":["https:\/\/www.eldiario.net\/portal"],"url":"https:\/\/www.eldiario.net\/portal\/author\/jeanette\/"}]}},"_links":{"self":[{"href":"https:\/\/www.eldiario.net\/portal\/wp-json\/wp\/v2\/posts\/311680","targetHints":{"allow":["GET"]}}],"collection":[{"href":"https:\/\/www.eldiario.net\/portal\/wp-json\/wp\/v2\/posts"}],"about":[{"href":"https:\/\/www.eldiario.net\/portal\/wp-json\/wp\/v2\/types\/post"}],"author":[{"embeddable":true,"href":"https:\/\/www.eldiario.net\/portal\/wp-json\/wp\/v2\/users\/1"}],"replies":[{"embeddable":true,"href":"https:\/\/www.eldiario.net\/portal\/wp-json\/wp\/v2\/comments?post=311680"}],"version-history":[{"count":1,"href":"https:\/\/www.eldiario.net\/portal\/wp-json\/wp\/v2\/posts\/311680\/revisions"}],"predecessor-version":[{"id":311681,"href":"https:\/\/www.eldiario.net\/portal\/wp-json\/wp\/v2\/posts\/311680\/revisions\/311681"}],"wp:featuredmedia":[{"embeddable":true,"href":"https:\/\/www.eldiario.net\/portal\/wp-json\/wp\/v2\/media\/158120"}],"wp:attachment":[{"href":"https:\/\/www.eldiario.net\/portal\/wp-json\/wp\/v2\/media?parent=311680"}],"wp:term":[{"taxonomy":"category","embeddable":true,"href":"https:\/\/www.eldiario.net\/portal\/wp-json\/wp\/v2\/categories?post=311680"},{"taxonomy":"post_tag","embeddable":true,"href":"https:\/\/www.eldiario.net\/portal\/wp-json\/wp\/v2\/tags?post=311680"}],"curies":[{"name":"wp","href":"https:\/\/api.w.org\/{rel}","templated":true}]}}