{"id":311678,"date":"2025-06-23T06:05:50","date_gmt":"2025-06-23T10:05:50","guid":{"rendered":"https:\/\/www.eldiario.net\/portal\/?p=311678"},"modified":"2025-06-23T06:05:50","modified_gmt":"2025-06-23T10:05:50","slug":"principal-razon-de-la-crisis-economica-de-bolivia","status":"publish","type":"post","link":"https:\/\/www.eldiario.net\/portal\/2025\/06\/23\/principal-razon-de-la-crisis-economica-de-bolivia\/","title":{"rendered":"Principal raz\u00f3n de la crisis econ\u00f3mica de Bolivia"},"content":{"rendered":"<p>Parte I<\/p>\n<p>En una anterior nota de opini\u00f3n, se demostr\u00f3 que la energ\u00eda es un insumo fundamental en la econom\u00eda y la producci\u00f3n de pr\u00e1cticamente todos los bienes y servicios del mundo moderno. Una energ\u00eda de calidad y con precios razonables es transcendental para mejorar los niveles de vida de millones de personas. Sin la presencia de calor, luz y electricidad ser\u00eda muy dif\u00edcil que funcionen las f\u00e1bricas, las grandes y peque\u00f1as industrias e incluso las granjas. La energ\u00eda, el crecimiento econ\u00f3mico y la reducci\u00f3n de la pobreza est\u00e1n estrechamente conectados y es por ello que, la Asamblea General de las Naciones Unidas, reconoci\u00f3 de manera un\u00e1nime que \u201cla energ\u00eda es el hilo conductor que conecta el crecimiento econ\u00f3mico con una mayor equidad social y un medio ambiente que permitan que el mundo prospere\u201d.<br \/>\nEs claro que la interacci\u00f3n entre Econom\u00eda, Energ\u00eda y Medio Ambiente induce a admitir que a medida que un pa\u00eds crece, mayor energ\u00eda requiere y viceversa. Por lo tanto, el desaf\u00edo central est\u00e1 en resolver estas ecuaciones utilizando los recursos energ\u00e9ticos de manera integral, sostenible y competitiva de modo de propugnar crecimiento econ\u00f3mico. Ahora bien, considerando la crisis econ\u00f3mica nacional, surge la pregunta: los gobiernos de los \u00faltimos veinte a\u00f1os\u2026 \u00bfcomprendieron esto?<br \/>\nLa respuesta es clar\u00edsima, pero antes de plantearla en su totalidad cabe hacer un poco de historia: alrededor de los a\u00f1os 1975-1995, Bolivia vio que contaba con una interesante cantidad de reservas probadas, probables y posibles de Gas Natural (GN) y vislumbr\u00f3 que pod\u00eda comercializarlas favorablemente a pa\u00edses fronterizos como Brasil y Argentina, luego se procedi\u00f3 a certificar los vol\u00famenes y se demostr\u00f3 que era factible exportar GN mediante ductos y se iniciaron negociaciones hasta lograr la firma de contratos, consider\u00e1ndose como el mercado m\u00e1s atractivo el brasile\u00f1o. Despu\u00e9s de a\u00f1os de trabajo y diversos compromisos, finalmente se suscribi\u00f3 el hist\u00f3rico contrato que b\u00e1sicamente establec\u00eda a) el volumen de venta, el cual era 30 MM de m3\/d\u00eda, b) el plazo de vigencia que ser\u00eda de 20 a\u00f1os y c) el precio que estar\u00eda fijado a partir del valor promedio de \u201cuna canasta\u201d indexada a los precios internacionales del barril de petr\u00f3leo. Adicionalmente se acord\u00f3 que cada pa\u00eds deb\u00eda financiar su parte del ducto en su territorio hasta la frontera.<br \/>\nUna vez que se lleg\u00f3 a los mencionados acuerdos, finalmente se suscribi\u00f3 el contrato, fij\u00e1ndose como a\u00f1o de inicio: 1999 y, por ende, a\u00f1o de conclusi\u00f3n 2019. Aquel contrato tambi\u00e9n dictaminaba la cl\u00e1usula \u201ctake it or pay it\u201d para Brasil, que b\u00e1sicamente indicaba que, aunque este pa\u00eds no demandase GN por un determinado periodo, igual deb\u00eda pagar y para Bolivia la cl\u00e1usula \u201cdeliver or pay it\u201d que refer\u00eda que si por alguna raz\u00f3n no despachaba GN deber\u00eda pagar una sanci\u00f3n por incumplimiento. En definitiva, esas eran las cl\u00e1usulas de penalizaci\u00f3n.<\/p>\n<p>El autor es M.Sc. Ing.<\/p>\n","protected":false},"excerpt":{"rendered":"<p>Parte I En una anterior nota de opini\u00f3n, se demostr\u00f3 que la energ\u00eda es un insumo fundamental en la econom\u00eda y la producci\u00f3n de pr\u00e1cticamente todos los bienes y servicios del mundo moderno. Una energ\u00eda de calidad y con precios razonables es transcendental para mejorar los niveles de vida de millones de personas. Sin la [&hellip;]<\/p>\n","protected":false},"author":1,"featured_media":194790,"comment_status":"closed","ping_status":"open","sticky":false,"template":"","format":"standard","meta":{"_acf_changed":false,"footnotes":""},"categories":[9],"tags":[],"class_list":["post-311678","post","type-post","status-publish","format-standard","has-post-thumbnail","category-opinion"],"acf":{"antetitulo":""},"yoast_head":"<!-- This site is optimized with the Yoast SEO plugin v28.4 - https:\/\/yoast.com\/product\/yoast-seo-wordpress\/ -->\n<title>Principal raz\u00f3n de la crisis econ\u00f3mica de Bolivia - El Diario - Bolivia<\/title>\n<meta name=\"robots\" content=\"index, follow, max-snippet:-1, max-image-preview:large, max-video-preview:-1\" \/>\n<link rel=\"canonical\" href=\"https:\/\/www.eldiario.net\/portal\/2025\/06\/23\/principal-razon-de-la-crisis-economica-de-bolivia\/\" \/>\n<meta property=\"og:locale\" content=\"es_ES\" \/>\n<meta property=\"og:type\" content=\"article\" \/>\n<meta property=\"og:title\" content=\"Principal raz\u00f3n de la crisis econ\u00f3mica de Bolivia - El Diario - Bolivia\" \/>\n<meta property=\"og:description\" content=\"Parte I En una anterior nota de opini\u00f3n, se demostr\u00f3 que la energ\u00eda es un insumo fundamental en la econom\u00eda y la producci\u00f3n de pr\u00e1cticamente todos los bienes y servicios del mundo moderno. Una energ\u00eda de calidad y con precios razonables es transcendental para mejorar los niveles de vida de millones de personas. Sin la [&hellip;]\" \/>\n<meta property=\"og:url\" content=\"https:\/\/www.eldiario.net\/portal\/2025\/06\/23\/principal-razon-de-la-crisis-economica-de-bolivia\/\" \/>\n<meta property=\"og:site_name\" content=\"El Diario - Bolivia\" \/>\n<meta property=\"article:publisher\" content=\"https:\/\/www.facebook.com\/eldiario.bolivia\/\" \/>\n<meta property=\"article:published_time\" content=\"2025-06-23T10:05:50+00:00\" \/>\n<meta property=\"og:image\" content=\"https:\/\/www.eldiario.net\/portal\/wp-content\/uploads\/2023\/12\/Opinion.jpg\" \/>\n\t<meta property=\"og:image:width\" content=\"800\" \/>\n\t<meta property=\"og:image:height\" content=\"500\" \/>\n\t<meta property=\"og:image:type\" content=\"image\/jpeg\" \/>\n<meta name=\"author\" content=\"Jeanette\" \/>\n<meta name=\"twitter:card\" content=\"summary_large_image\" \/>\n<meta name=\"twitter:creator\" content=\"@eldiario_net\" \/>\n<meta name=\"twitter:site\" content=\"@eldiario_net\" \/>\n<meta name=\"twitter:label1\" content=\"Escrito por\" \/>\n\t<meta name=\"twitter:data1\" content=\"Jeanette\" \/>\n\t<meta name=\"twitter:label2\" content=\"Tiempo de lectura\" \/>\n\t<meta name=\"twitter:data2\" content=\"3 minutos\" \/>\n<script type=\"application\/ld+json\" class=\"yoast-schema-graph\">{\"@context\":\"https:\\\/\\\/schema.org\",\"@graph\":[{\"@type\":\"Article\",\"@id\":\"https:\\\/\\\/www.eldiario.net\\\/portal\\\/2025\\\/06\\\/23\\\/principal-razon-de-la-crisis-economica-de-bolivia\\\/#article\",\"isPartOf\":{\"@id\":\"https:\\\/\\\/www.eldiario.net\\\/portal\\\/2025\\\/06\\\/23\\\/principal-razon-de-la-crisis-economica-de-bolivia\\\/\"},\"author\":{\"name\":\"Jeanette\",\"@id\":\"https:\\\/\\\/www.eldiario.net\\\/portal\\\/#\\\/schema\\\/person\\\/f46445640444750d7d753ccd04ae01b7\"},\"headline\":\"Principal raz\u00f3n de la crisis econ\u00f3mica de Bolivia\",\"datePublished\":\"2025-06-23T10:05:50+00:00\",\"mainEntityOfPage\":{\"@id\":\"https:\\\/\\\/www.eldiario.net\\\/portal\\\/2025\\\/06\\\/23\\\/principal-razon-de-la-crisis-economica-de-bolivia\\\/\"},\"wordCount\":541,\"publisher\":{\"@id\":\"https:\\\/\\\/www.eldiario.net\\\/portal\\\/#organization\"},\"image\":{\"@id\":\"https:\\\/\\\/www.eldiario.net\\\/portal\\\/2025\\\/06\\\/23\\\/principal-razon-de-la-crisis-economica-de-bolivia\\\/#primaryimage\"},\"thumbnailUrl\":\"https:\\\/\\\/www.eldiario.net\\\/portal\\\/wp-content\\\/uploads\\\/2023\\\/12\\\/Opinion.jpg\",\"articleSection\":[\"Opini\u00f3n\"],\"inLanguage\":\"es\"},{\"@type\":\"WebPage\",\"@id\":\"https:\\\/\\\/www.eldiario.net\\\/portal\\\/2025\\\/06\\\/23\\\/principal-razon-de-la-crisis-economica-de-bolivia\\\/\",\"url\":\"https:\\\/\\\/www.eldiario.net\\\/portal\\\/2025\\\/06\\\/23\\\/principal-razon-de-la-crisis-economica-de-bolivia\\\/\",\"name\":\"Principal raz\u00f3n de la crisis econ\u00f3mica de Bolivia - El Diario - Bolivia\",\"isPartOf\":{\"@id\":\"https:\\\/\\\/www.eldiario.net\\\/portal\\\/#website\"},\"primaryImageOfPage\":{\"@id\":\"https:\\\/\\\/www.eldiario.net\\\/portal\\\/2025\\\/06\\\/23\\\/principal-razon-de-la-crisis-economica-de-bolivia\\\/#primaryimage\"},\"image\":{\"@id\":\"https:\\\/\\\/www.eldiario.net\\\/portal\\\/2025\\\/06\\\/23\\\/principal-razon-de-la-crisis-economica-de-bolivia\\\/#primaryimage\"},\"thumbnailUrl\":\"https:\\\/\\\/www.eldiario.net\\\/portal\\\/wp-content\\\/uploads\\\/2023\\\/12\\\/Opinion.jpg\",\"datePublished\":\"2025-06-23T10:05:50+00:00\",\"breadcrumb\":{\"@id\":\"https:\\\/\\\/www.eldiario.net\\\/portal\\\/2025\\\/06\\\/23\\\/principal-razon-de-la-crisis-economica-de-bolivia\\\/#breadcrumb\"},\"inLanguage\":\"es\",\"potentialAction\":[{\"@type\":\"ReadAction\",\"target\":[\"https:\\\/\\\/www.eldiario.net\\\/portal\\\/2025\\\/06\\\/23\\\/principal-razon-de-la-crisis-economica-de-bolivia\\\/\"]}]},{\"@type\":\"ImageObject\",\"inLanguage\":\"es\",\"@id\":\"https:\\\/\\\/www.eldiario.net\\\/portal\\\/2025\\\/06\\\/23\\\/principal-razon-de-la-crisis-economica-de-bolivia\\\/#primaryimage\",\"url\":\"https:\\\/\\\/www.eldiario.net\\\/portal\\\/wp-content\\\/uploads\\\/2023\\\/12\\\/Opinion.jpg\",\"contentUrl\":\"https:\\\/\\\/www.eldiario.net\\\/portal\\\/wp-content\\\/uploads\\\/2023\\\/12\\\/Opinion.jpg\",\"width\":800,\"height\":500},{\"@type\":\"BreadcrumbList\",\"@id\":\"https:\\\/\\\/www.eldiario.net\\\/portal\\\/2025\\\/06\\\/23\\\/principal-razon-de-la-crisis-economica-de-bolivia\\\/#breadcrumb\",\"itemListElement\":[{\"@type\":\"ListItem\",\"position\":1,\"name\":\"Portada\",\"item\":\"https:\\\/\\\/www.eldiario.net\\\/portal\\\/\"},{\"@type\":\"ListItem\",\"position\":2,\"name\":\"Principal raz\u00f3n de la crisis econ\u00f3mica de Bolivia\"}]},{\"@type\":\"WebSite\",\"@id\":\"https:\\\/\\\/www.eldiario.net\\\/portal\\\/#website\",\"url\":\"https:\\\/\\\/www.eldiario.net\\\/portal\\\/\",\"name\":\"El Diario - Decano de la prensa nacional\",\"description\":\"El Diario - Decano de la prensa nacional\",\"publisher\":{\"@id\":\"https:\\\/\\\/www.eldiario.net\\\/portal\\\/#organization\"},\"potentialAction\":[{\"@type\":\"SearchAction\",\"target\":{\"@type\":\"EntryPoint\",\"urlTemplate\":\"https:\\\/\\\/www.eldiario.net\\\/portal\\\/?s={search_term_string}\"},\"query-input\":{\"@type\":\"PropertyValueSpecification\",\"valueRequired\":true,\"valueName\":\"search_term_string\"}}],\"inLanguage\":\"es\"},{\"@type\":\"Organization\",\"@id\":\"https:\\\/\\\/www.eldiario.net\\\/portal\\\/#organization\",\"name\":\"El Diario - Decano de la prensa nacional\",\"url\":\"https:\\\/\\\/www.eldiario.net\\\/portal\\\/\",\"logo\":{\"@type\":\"ImageObject\",\"inLanguage\":\"es\",\"@id\":\"https:\\\/\\\/www.eldiario.net\\\/portal\\\/#\\\/schema\\\/logo\\\/image\\\/\",\"url\":\"https:\\\/\\\/www.eldiario.net\\\/portal\\\/wp-content\\\/uploads\\\/2023\\\/07\\\/logo_ED.jpg\",\"contentUrl\":\"https:\\\/\\\/www.eldiario.net\\\/portal\\\/wp-content\\\/uploads\\\/2023\\\/07\\\/logo_ED.jpg\",\"width\":272,\"height\":52,\"caption\":\"El Diario - Decano de la prensa nacional\"},\"image\":{\"@id\":\"https:\\\/\\\/www.eldiario.net\\\/portal\\\/#\\\/schema\\\/logo\\\/image\\\/\"},\"sameAs\":[\"https:\\\/\\\/www.facebook.com\\\/eldiario.bolivia\\\/\",\"https:\\\/\\\/x.com\\\/eldiario_net\"]},{\"@type\":\"Person\",\"@id\":\"https:\\\/\\\/www.eldiario.net\\\/portal\\\/#\\\/schema\\\/person\\\/f46445640444750d7d753ccd04ae01b7\",\"name\":\"Jeanette\",\"image\":{\"@type\":\"ImageObject\",\"inLanguage\":\"es\",\"@id\":\"https:\\\/\\\/secure.gravatar.com\\\/avatar\\\/3ea2118a5f7dad2b7138b1187a6b7ee55f160b9968b66013c3a3ef39dd7e5798?s=96&d=mm&r=g\",\"url\":\"https:\\\/\\\/secure.gravatar.com\\\/avatar\\\/3ea2118a5f7dad2b7138b1187a6b7ee55f160b9968b66013c3a3ef39dd7e5798?s=96&d=mm&r=g\",\"contentUrl\":\"https:\\\/\\\/secure.gravatar.com\\\/avatar\\\/3ea2118a5f7dad2b7138b1187a6b7ee55f160b9968b66013c3a3ef39dd7e5798?s=96&d=mm&r=g\",\"caption\":\"Jeanette\"},\"sameAs\":[\"https:\\\/\\\/www.eldiario.net\\\/portal\"],\"url\":\"https:\\\/\\\/www.eldiario.net\\\/portal\\\/author\\\/jeanette\\\/\"}]}<\/script>\n<!-- \/ Yoast SEO plugin. -->","yoast_head_json":{"title":"Principal raz\u00f3n de la crisis econ\u00f3mica de Bolivia - El Diario - Bolivia","robots":{"index":"index","follow":"follow","max-snippet":"max-snippet:-1","max-image-preview":"max-image-preview:large","max-video-preview":"max-video-preview:-1"},"canonical":"https:\/\/www.eldiario.net\/portal\/2025\/06\/23\/principal-razon-de-la-crisis-economica-de-bolivia\/","og_locale":"es_ES","og_type":"article","og_title":"Principal raz\u00f3n de la crisis econ\u00f3mica de Bolivia - El Diario - Bolivia","og_description":"Parte I En una anterior nota de opini\u00f3n, se demostr\u00f3 que la energ\u00eda es un insumo fundamental en la econom\u00eda y la producci\u00f3n de pr\u00e1cticamente todos los bienes y servicios del mundo moderno. Una energ\u00eda de calidad y con precios razonables es transcendental para mejorar los niveles de vida de millones de personas. Sin la [&hellip;]","og_url":"https:\/\/www.eldiario.net\/portal\/2025\/06\/23\/principal-razon-de-la-crisis-economica-de-bolivia\/","og_site_name":"El Diario - Bolivia","article_publisher":"https:\/\/www.facebook.com\/eldiario.bolivia\/","article_published_time":"2025-06-23T10:05:50+00:00","og_image":[{"width":800,"height":500,"url":"https:\/\/www.eldiario.net\/portal\/wp-content\/uploads\/2023\/12\/Opinion.jpg","type":"image\/jpeg"}],"author":"Jeanette","twitter_card":"summary_large_image","twitter_creator":"@eldiario_net","twitter_site":"@eldiario_net","twitter_misc":{"Escrito por":"Jeanette","Tiempo de lectura":"3 minutos"},"schema":{"@context":"https:\/\/schema.org","@graph":[{"@type":"Article","@id":"https:\/\/www.eldiario.net\/portal\/2025\/06\/23\/principal-razon-de-la-crisis-economica-de-bolivia\/#article","isPartOf":{"@id":"https:\/\/www.eldiario.net\/portal\/2025\/06\/23\/principal-razon-de-la-crisis-economica-de-bolivia\/"},"author":{"name":"Jeanette","@id":"https:\/\/www.eldiario.net\/portal\/#\/schema\/person\/f46445640444750d7d753ccd04ae01b7"},"headline":"Principal raz\u00f3n de la crisis econ\u00f3mica de Bolivia","datePublished":"2025-06-23T10:05:50+00:00","mainEntityOfPage":{"@id":"https:\/\/www.eldiario.net\/portal\/2025\/06\/23\/principal-razon-de-la-crisis-economica-de-bolivia\/"},"wordCount":541,"publisher":{"@id":"https:\/\/www.eldiario.net\/portal\/#organization"},"image":{"@id":"https:\/\/www.eldiario.net\/portal\/2025\/06\/23\/principal-razon-de-la-crisis-economica-de-bolivia\/#primaryimage"},"thumbnailUrl":"https:\/\/www.eldiario.net\/portal\/wp-content\/uploads\/2023\/12\/Opinion.jpg","articleSection":["Opini\u00f3n"],"inLanguage":"es"},{"@type":"WebPage","@id":"https:\/\/www.eldiario.net\/portal\/2025\/06\/23\/principal-razon-de-la-crisis-economica-de-bolivia\/","url":"https:\/\/www.eldiario.net\/portal\/2025\/06\/23\/principal-razon-de-la-crisis-economica-de-bolivia\/","name":"Principal raz\u00f3n de la crisis econ\u00f3mica de Bolivia - El Diario - Bolivia","isPartOf":{"@id":"https:\/\/www.eldiario.net\/portal\/#website"},"primaryImageOfPage":{"@id":"https:\/\/www.eldiario.net\/portal\/2025\/06\/23\/principal-razon-de-la-crisis-economica-de-bolivia\/#primaryimage"},"image":{"@id":"https:\/\/www.eldiario.net\/portal\/2025\/06\/23\/principal-razon-de-la-crisis-economica-de-bolivia\/#primaryimage"},"thumbnailUrl":"https:\/\/www.eldiario.net\/portal\/wp-content\/uploads\/2023\/12\/Opinion.jpg","datePublished":"2025-06-23T10:05:50+00:00","breadcrumb":{"@id":"https:\/\/www.eldiario.net\/portal\/2025\/06\/23\/principal-razon-de-la-crisis-economica-de-bolivia\/#breadcrumb"},"inLanguage":"es","potentialAction":[{"@type":"ReadAction","target":["https:\/\/www.eldiario.net\/portal\/2025\/06\/23\/principal-razon-de-la-crisis-economica-de-bolivia\/"]}]},{"@type":"ImageObject","inLanguage":"es","@id":"https:\/\/www.eldiario.net\/portal\/2025\/06\/23\/principal-razon-de-la-crisis-economica-de-bolivia\/#primaryimage","url":"https:\/\/www.eldiario.net\/portal\/wp-content\/uploads\/2023\/12\/Opinion.jpg","contentUrl":"https:\/\/www.eldiario.net\/portal\/wp-content\/uploads\/2023\/12\/Opinion.jpg","width":800,"height":500},{"@type":"BreadcrumbList","@id":"https:\/\/www.eldiario.net\/portal\/2025\/06\/23\/principal-razon-de-la-crisis-economica-de-bolivia\/#breadcrumb","itemListElement":[{"@type":"ListItem","position":1,"name":"Portada","item":"https:\/\/www.eldiario.net\/portal\/"},{"@type":"ListItem","position":2,"name":"Principal raz\u00f3n de la crisis econ\u00f3mica de Bolivia"}]},{"@type":"WebSite","@id":"https:\/\/www.eldiario.net\/portal\/#website","url":"https:\/\/www.eldiario.net\/portal\/","name":"El Diario - Decano de la prensa nacional","description":"El Diario - Decano de la prensa nacional","publisher":{"@id":"https:\/\/www.eldiario.net\/portal\/#organization"},"potentialAction":[{"@type":"SearchAction","target":{"@type":"EntryPoint","urlTemplate":"https:\/\/www.eldiario.net\/portal\/?s={search_term_string}"},"query-input":{"@type":"PropertyValueSpecification","valueRequired":true,"valueName":"search_term_string"}}],"inLanguage":"es"},{"@type":"Organization","@id":"https:\/\/www.eldiario.net\/portal\/#organization","name":"El Diario - Decano de la prensa nacional","url":"https:\/\/www.eldiario.net\/portal\/","logo":{"@type":"ImageObject","inLanguage":"es","@id":"https:\/\/www.eldiario.net\/portal\/#\/schema\/logo\/image\/","url":"https:\/\/www.eldiario.net\/portal\/wp-content\/uploads\/2023\/07\/logo_ED.jpg","contentUrl":"https:\/\/www.eldiario.net\/portal\/wp-content\/uploads\/2023\/07\/logo_ED.jpg","width":272,"height":52,"caption":"El Diario - Decano de la prensa nacional"},"image":{"@id":"https:\/\/www.eldiario.net\/portal\/#\/schema\/logo\/image\/"},"sameAs":["https:\/\/www.facebook.com\/eldiario.bolivia\/","https:\/\/x.com\/eldiario_net"]},{"@type":"Person","@id":"https:\/\/www.eldiario.net\/portal\/#\/schema\/person\/f46445640444750d7d753ccd04ae01b7","name":"Jeanette","image":{"@type":"ImageObject","inLanguage":"es","@id":"https:\/\/secure.gravatar.com\/avatar\/3ea2118a5f7dad2b7138b1187a6b7ee55f160b9968b66013c3a3ef39dd7e5798?s=96&d=mm&r=g","url":"https:\/\/secure.gravatar.com\/avatar\/3ea2118a5f7dad2b7138b1187a6b7ee55f160b9968b66013c3a3ef39dd7e5798?s=96&d=mm&r=g","contentUrl":"https:\/\/secure.gravatar.com\/avatar\/3ea2118a5f7dad2b7138b1187a6b7ee55f160b9968b66013c3a3ef39dd7e5798?s=96&d=mm&r=g","caption":"Jeanette"},"sameAs":["https:\/\/www.eldiario.net\/portal"],"url":"https:\/\/www.eldiario.net\/portal\/author\/jeanette\/"}]}},"_links":{"self":[{"href":"https:\/\/www.eldiario.net\/portal\/wp-json\/wp\/v2\/posts\/311678","targetHints":{"allow":["GET"]}}],"collection":[{"href":"https:\/\/www.eldiario.net\/portal\/wp-json\/wp\/v2\/posts"}],"about":[{"href":"https:\/\/www.eldiario.net\/portal\/wp-json\/wp\/v2\/types\/post"}],"author":[{"embeddable":true,"href":"https:\/\/www.eldiario.net\/portal\/wp-json\/wp\/v2\/users\/1"}],"replies":[{"embeddable":true,"href":"https:\/\/www.eldiario.net\/portal\/wp-json\/wp\/v2\/comments?post=311678"}],"version-history":[{"count":1,"href":"https:\/\/www.eldiario.net\/portal\/wp-json\/wp\/v2\/posts\/311678\/revisions"}],"predecessor-version":[{"id":311679,"href":"https:\/\/www.eldiario.net\/portal\/wp-json\/wp\/v2\/posts\/311678\/revisions\/311679"}],"wp:featuredmedia":[{"embeddable":true,"href":"https:\/\/www.eldiario.net\/portal\/wp-json\/wp\/v2\/media\/194790"}],"wp:attachment":[{"href":"https:\/\/www.eldiario.net\/portal\/wp-json\/wp\/v2\/media?parent=311678"}],"wp:term":[{"taxonomy":"category","embeddable":true,"href":"https:\/\/www.eldiario.net\/portal\/wp-json\/wp\/v2\/categories?post=311678"},{"taxonomy":"post_tag","embeddable":true,"href":"https:\/\/www.eldiario.net\/portal\/wp-json\/wp\/v2\/tags?post=311678"}],"curies":[{"name":"wp","href":"https:\/\/api.w.org\/{rel}","templated":true}]}}