{"id":311676,"date":"2025-06-23T06:05:03","date_gmt":"2025-06-23T10:05:03","guid":{"rendered":"https:\/\/www.eldiario.net\/portal\/?p=311676"},"modified":"2025-06-23T06:05:03","modified_gmt":"2025-06-23T10:05:03","slug":"el-berrinche-tiende-a-declinar","status":"publish","type":"post","link":"https:\/\/www.eldiario.net\/portal\/2025\/06\/23\/el-berrinche-tiende-a-declinar\/","title":{"rendered":"El berrinche tiende a declinar"},"content":{"rendered":"<p>El berrinche de los violentos tiende a declinar, luego de un saldo de varios muertos. Hecho que ba\u00f1\u00f3 de sangre las serran\u00edas aleda\u00f1as a la heroica poblaci\u00f3n de Llallagua. Que ha conmovido no solo a la poblaci\u00f3n boliviana, sino a pa\u00edses vecinos. La condena de la ciudadan\u00eda, en consecuencia, fue categ\u00f3rica. Las naciones aleda\u00f1as han expresado, asimismo, su solidaridad con Bolivia, en coyuntura tan tr\u00e1gica. Es inconcebible y repudiable que los violentos hayan matado a sus propios hermanos de nacionalidad. Que hayan segado con sa\u00f1a vidas consagradas al servicio p\u00fablico, enarbolando tan solo el nombre de cierto personaje. Los habitantes de esa ciudad intermedia los declararon enemigos de la regi\u00f3n. Obviamente que el tiempo resta\u00f1ar\u00e1 las heridas provocadas por la intransigencia pol\u00edtica. Entre tanto, persistir\u00e1 la suspicacia de unos y otros.<br \/>\nLa angurria por el Poder de algunos, ha llevado a ese extremo. Puso en vilo, inclusive, la democracia y tambi\u00e9n las elecciones generales, previstas para el pr\u00f3ximo 17 de agosto. El pueblo espera, ante esa situaci\u00f3n, se garantice, de veras, el evento electoral y la pac\u00edfica transici\u00f3n del Poder, a quienes resultaren ganadores en las urnas. De esa manera se lograr\u00eda profundizar la praxis democr\u00e1tica en Bolivia. La cumbre multipartidaria e institucional, ha reiterado, en una reuni\u00f3n celebrada hace poco, su respaldo a la democracia, amenazada por intereses particulares, a fin de que se cumpla con la agenda electoral, debidamente. Pero ha pedido tambi\u00e9n garant\u00edas para tal acontecimiento. Es que a\u00fan hay algunas manifestaciones que perturban la paz social. Y no cesan las amenazas tendentes a interceptar las elecciones generales. Parece que el pa\u00eds vive una tensa calma, lamentablemente.<br \/>\nDoce millones de bolivianos esperan que la soluci\u00f3n para la crisis econ\u00f3mica que golpea no solo a sectores populares, sino a los empresarios privados, surja de las urnas electorales, como una firme decisi\u00f3n ciudadana, en busca de un mejor futuro, en democracia. Ni la violencia ni la interrupci\u00f3n del proceso democr\u00e1tico, representan soluci\u00f3n a la adversidad econ\u00f3mica, en su versi\u00f3n inflacionaria, que genera incertidumbre y desesperanza. Que empobrece a\u00fan m\u00e1s a los pobres y enriquece a\u00fan m\u00e1s a quienes detentan el Poder. Menos el acortamiento del mandato constitucional del gobernante actual, quien deber\u00e1 irse por la puerta ancha, cargando sus aciertos y desaciertos, sus logros y fracasos. Su frustraci\u00f3n en el manejo econ\u00f3mico, que perfor\u00f3 el bolsillo de las personas humildes. Que elev\u00f3 a las nubes el costo de la canasta familiar. Que ha permitido la desaparici\u00f3n de algunos art\u00edculos de consumo. Que semiparaliz\u00f3 el transporte p\u00fablico, con la escasez de combustibles. Que hizo desaparecer el d\u00f3lar. Que provoc\u00f3 la p\u00e9rdida del poder adquisitivo de sueldos y salarios. Todo ello signific\u00f3 retroceso, en un ciclo pol\u00edtico donde se eclipsa el socialismo en Bolivia.<br \/>\nEn suma: \u00a1Dios proteja a Bolivia, libre y democr\u00e1tica!<\/p>\n","protected":false},"excerpt":{"rendered":"<p>El berrinche de los violentos tiende a declinar, luego de un saldo de varios muertos. Hecho que ba\u00f1\u00f3 de sangre las serran\u00edas aleda\u00f1as a la heroica poblaci\u00f3n de Llallagua. Que ha conmovido no solo a la poblaci\u00f3n boliviana, sino a pa\u00edses vecinos. La condena de la ciudadan\u00eda, en consecuencia, fue categ\u00f3rica. Las naciones aleda\u00f1as han [&hellip;]<\/p>\n","protected":false},"author":1,"featured_media":158618,"comment_status":"closed","ping_status":"open","sticky":false,"template":"","format":"standard","meta":{"_acf_changed":false,"footnotes":""},"categories":[9],"tags":[],"class_list":["post-311676","post","type-post","status-publish","format-standard","has-post-thumbnail","category-opinion"],"acf":{"antetitulo":"Severo Cruz Selaez"},"yoast_head":"<!-- This site is optimized with the Yoast SEO plugin v28.4 - https:\/\/yoast.com\/product\/yoast-seo-wordpress\/ -->\n<title>El berrinche tiende a declinar - El Diario - Bolivia<\/title>\n<meta name=\"robots\" content=\"index, follow, max-snippet:-1, max-image-preview:large, max-video-preview:-1\" \/>\n<link rel=\"canonical\" href=\"https:\/\/www.eldiario.net\/portal\/2025\/06\/23\/el-berrinche-tiende-a-declinar\/\" \/>\n<meta property=\"og:locale\" content=\"es_ES\" \/>\n<meta property=\"og:type\" content=\"article\" \/>\n<meta property=\"og:title\" content=\"El berrinche tiende a declinar - El Diario - Bolivia\" \/>\n<meta property=\"og:description\" content=\"El berrinche de los violentos tiende a declinar, luego de un saldo de varios muertos. Hecho que ba\u00f1\u00f3 de sangre las serran\u00edas aleda\u00f1as a la heroica poblaci\u00f3n de Llallagua. Que ha conmovido no solo a la poblaci\u00f3n boliviana, sino a pa\u00edses vecinos. La condena de la ciudadan\u00eda, en consecuencia, fue categ\u00f3rica. Las naciones aleda\u00f1as han [&hellip;]\" \/>\n<meta property=\"og:url\" content=\"https:\/\/www.eldiario.net\/portal\/2025\/06\/23\/el-berrinche-tiende-a-declinar\/\" \/>\n<meta property=\"og:site_name\" content=\"El Diario - Bolivia\" \/>\n<meta property=\"article:publisher\" content=\"https:\/\/www.facebook.com\/eldiario.bolivia\/\" \/>\n<meta property=\"article:published_time\" content=\"2025-06-23T10:05:03+00:00\" \/>\n<meta property=\"og:image\" content=\"https:\/\/www.eldiario.net\/portal\/wp-content\/uploads\/2023\/06\/Severo-Cruz-1.jpg\" \/>\n\t<meta property=\"og:image:width\" content=\"1200\" \/>\n\t<meta property=\"og:image:height\" content=\"628\" \/>\n\t<meta property=\"og:image:type\" content=\"image\/jpeg\" \/>\n<meta name=\"author\" content=\"Jeanette\" \/>\n<meta name=\"twitter:card\" content=\"summary_large_image\" \/>\n<meta name=\"twitter:creator\" content=\"@eldiario_net\" \/>\n<meta name=\"twitter:site\" content=\"@eldiario_net\" \/>\n<meta name=\"twitter:label1\" content=\"Escrito por\" \/>\n\t<meta name=\"twitter:data1\" content=\"Jeanette\" \/>\n\t<meta name=\"twitter:label2\" content=\"Tiempo de lectura\" \/>\n\t<meta name=\"twitter:data2\" content=\"3 minutos\" \/>\n<script type=\"application\/ld+json\" class=\"yoast-schema-graph\">{\"@context\":\"https:\\\/\\\/schema.org\",\"@graph\":[{\"@type\":\"Article\",\"@id\":\"https:\\\/\\\/www.eldiario.net\\\/portal\\\/2025\\\/06\\\/23\\\/el-berrinche-tiende-a-declinar\\\/#article\",\"isPartOf\":{\"@id\":\"https:\\\/\\\/www.eldiario.net\\\/portal\\\/2025\\\/06\\\/23\\\/el-berrinche-tiende-a-declinar\\\/\"},\"author\":{\"name\":\"Jeanette\",\"@id\":\"https:\\\/\\\/www.eldiario.net\\\/portal\\\/#\\\/schema\\\/person\\\/2c57cf2b7a7ae032e449e4c9b1019eac\"},\"headline\":\"El berrinche tiende a declinar\",\"datePublished\":\"2025-06-23T10:05:03+00:00\",\"mainEntityOfPage\":{\"@id\":\"https:\\\/\\\/www.eldiario.net\\\/portal\\\/2025\\\/06\\\/23\\\/el-berrinche-tiende-a-declinar\\\/\"},\"wordCount\":513,\"publisher\":{\"@id\":\"https:\\\/\\\/www.eldiario.net\\\/portal\\\/#organization\"},\"image\":{\"@id\":\"https:\\\/\\\/www.eldiario.net\\\/portal\\\/2025\\\/06\\\/23\\\/el-berrinche-tiende-a-declinar\\\/#primaryimage\"},\"thumbnailUrl\":\"https:\\\/\\\/www.eldiario.net\\\/portal\\\/wp-content\\\/uploads\\\/2023\\\/06\\\/Severo-Cruz-1.jpg\",\"articleSection\":[\"Opini\u00f3n\"],\"inLanguage\":\"es\"},{\"@type\":\"WebPage\",\"@id\":\"https:\\\/\\\/www.eldiario.net\\\/portal\\\/2025\\\/06\\\/23\\\/el-berrinche-tiende-a-declinar\\\/\",\"url\":\"https:\\\/\\\/www.eldiario.net\\\/portal\\\/2025\\\/06\\\/23\\\/el-berrinche-tiende-a-declinar\\\/\",\"name\":\"El berrinche tiende a declinar - El Diario - Bolivia\",\"isPartOf\":{\"@id\":\"https:\\\/\\\/www.eldiario.net\\\/portal\\\/#website\"},\"primaryImageOfPage\":{\"@id\":\"https:\\\/\\\/www.eldiario.net\\\/portal\\\/2025\\\/06\\\/23\\\/el-berrinche-tiende-a-declinar\\\/#primaryimage\"},\"image\":{\"@id\":\"https:\\\/\\\/www.eldiario.net\\\/portal\\\/2025\\\/06\\\/23\\\/el-berrinche-tiende-a-declinar\\\/#primaryimage\"},\"thumbnailUrl\":\"https:\\\/\\\/www.eldiario.net\\\/portal\\\/wp-content\\\/uploads\\\/2023\\\/06\\\/Severo-Cruz-1.jpg\",\"datePublished\":\"2025-06-23T10:05:03+00:00\",\"breadcrumb\":{\"@id\":\"https:\\\/\\\/www.eldiario.net\\\/portal\\\/2025\\\/06\\\/23\\\/el-berrinche-tiende-a-declinar\\\/#breadcrumb\"},\"inLanguage\":\"es\",\"potentialAction\":[{\"@type\":\"ReadAction\",\"target\":[\"https:\\\/\\\/www.eldiario.net\\\/portal\\\/2025\\\/06\\\/23\\\/el-berrinche-tiende-a-declinar\\\/\"]}]},{\"@type\":\"ImageObject\",\"inLanguage\":\"es\",\"@id\":\"https:\\\/\\\/www.eldiario.net\\\/portal\\\/2025\\\/06\\\/23\\\/el-berrinche-tiende-a-declinar\\\/#primaryimage\",\"url\":\"https:\\\/\\\/www.eldiario.net\\\/portal\\\/wp-content\\\/uploads\\\/2023\\\/06\\\/Severo-Cruz-1.jpg\",\"contentUrl\":\"https:\\\/\\\/www.eldiario.net\\\/portal\\\/wp-content\\\/uploads\\\/2023\\\/06\\\/Severo-Cruz-1.jpg\",\"width\":1200,\"height\":628,\"caption\":\"Severo Cruz Selaez\"},{\"@type\":\"BreadcrumbList\",\"@id\":\"https:\\\/\\\/www.eldiario.net\\\/portal\\\/2025\\\/06\\\/23\\\/el-berrinche-tiende-a-declinar\\\/#breadcrumb\",\"itemListElement\":[{\"@type\":\"ListItem\",\"position\":1,\"name\":\"Portada\",\"item\":\"https:\\\/\\\/www.eldiario.net\\\/portal\\\/\"},{\"@type\":\"ListItem\",\"position\":2,\"name\":\"El berrinche tiende a declinar\"}]},{\"@type\":\"WebSite\",\"@id\":\"https:\\\/\\\/www.eldiario.net\\\/portal\\\/#website\",\"url\":\"https:\\\/\\\/www.eldiario.net\\\/portal\\\/\",\"name\":\"El Diario - Decano de la prensa nacional\",\"description\":\"El Diario - Decano de la prensa nacional\",\"publisher\":{\"@id\":\"https:\\\/\\\/www.eldiario.net\\\/portal\\\/#organization\"},\"potentialAction\":[{\"@type\":\"SearchAction\",\"target\":{\"@type\":\"EntryPoint\",\"urlTemplate\":\"https:\\\/\\\/www.eldiario.net\\\/portal\\\/?s={search_term_string}\"},\"query-input\":{\"@type\":\"PropertyValueSpecification\",\"valueRequired\":true,\"valueName\":\"search_term_string\"}}],\"inLanguage\":\"es\"},{\"@type\":\"Organization\",\"@id\":\"https:\\\/\\\/www.eldiario.net\\\/portal\\\/#organization\",\"name\":\"El Diario - Decano de la prensa nacional\",\"url\":\"https:\\\/\\\/www.eldiario.net\\\/portal\\\/\",\"logo\":{\"@type\":\"ImageObject\",\"inLanguage\":\"es\",\"@id\":\"https:\\\/\\\/www.eldiario.net\\\/portal\\\/#\\\/schema\\\/logo\\\/image\\\/\",\"url\":\"https:\\\/\\\/www.eldiario.net\\\/portal\\\/wp-content\\\/uploads\\\/2023\\\/07\\\/logo_ED.jpg\",\"contentUrl\":\"https:\\\/\\\/www.eldiario.net\\\/portal\\\/wp-content\\\/uploads\\\/2023\\\/07\\\/logo_ED.jpg\",\"width\":272,\"height\":52,\"caption\":\"El Diario - Decano de la prensa nacional\"},\"image\":{\"@id\":\"https:\\\/\\\/www.eldiario.net\\\/portal\\\/#\\\/schema\\\/logo\\\/image\\\/\"},\"sameAs\":[\"https:\\\/\\\/www.facebook.com\\\/eldiario.bolivia\\\/\",\"https:\\\/\\\/x.com\\\/eldiario_net\"]},{\"@type\":\"Person\",\"@id\":\"https:\\\/\\\/www.eldiario.net\\\/portal\\\/#\\\/schema\\\/person\\\/2c57cf2b7a7ae032e449e4c9b1019eac\",\"name\":\"Jeanette\",\"image\":{\"@type\":\"ImageObject\",\"inLanguage\":\"es\",\"@id\":\"https:\\\/\\\/secure.gravatar.com\\\/avatar\\\/3ea2118a5f7dad2b7138b1187a6b7ee55f160b9968b66013c3a3ef39dd7e5798?s=96&d=mm&r=g\",\"url\":\"https:\\\/\\\/secure.gravatar.com\\\/avatar\\\/3ea2118a5f7dad2b7138b1187a6b7ee55f160b9968b66013c3a3ef39dd7e5798?s=96&d=mm&r=g\",\"contentUrl\":\"https:\\\/\\\/secure.gravatar.com\\\/avatar\\\/3ea2118a5f7dad2b7138b1187a6b7ee55f160b9968b66013c3a3ef39dd7e5798?s=96&d=mm&r=g\",\"caption\":\"Jeanette\"},\"sameAs\":[\"https:\\\/\\\/www.eldiario.net\\\/portal\"],\"url\":\"https:\\\/\\\/www.eldiario.net\\\/portal\\\/author\\\/jeanette\\\/\"}]}<\/script>\n<!-- \/ Yoast SEO plugin. -->","yoast_head_json":{"title":"El berrinche tiende a declinar - El Diario - Bolivia","robots":{"index":"index","follow":"follow","max-snippet":"max-snippet:-1","max-image-preview":"max-image-preview:large","max-video-preview":"max-video-preview:-1"},"canonical":"https:\/\/www.eldiario.net\/portal\/2025\/06\/23\/el-berrinche-tiende-a-declinar\/","og_locale":"es_ES","og_type":"article","og_title":"El berrinche tiende a declinar - El Diario - Bolivia","og_description":"El berrinche de los violentos tiende a declinar, luego de un saldo de varios muertos. Hecho que ba\u00f1\u00f3 de sangre las serran\u00edas aleda\u00f1as a la heroica poblaci\u00f3n de Llallagua. Que ha conmovido no solo a la poblaci\u00f3n boliviana, sino a pa\u00edses vecinos. La condena de la ciudadan\u00eda, en consecuencia, fue categ\u00f3rica. Las naciones aleda\u00f1as han [&hellip;]","og_url":"https:\/\/www.eldiario.net\/portal\/2025\/06\/23\/el-berrinche-tiende-a-declinar\/","og_site_name":"El Diario - Bolivia","article_publisher":"https:\/\/www.facebook.com\/eldiario.bolivia\/","article_published_time":"2025-06-23T10:05:03+00:00","og_image":[{"width":1200,"height":628,"url":"https:\/\/www.eldiario.net\/portal\/wp-content\/uploads\/2023\/06\/Severo-Cruz-1.jpg","type":"image\/jpeg"}],"author":"Jeanette","twitter_card":"summary_large_image","twitter_creator":"@eldiario_net","twitter_site":"@eldiario_net","twitter_misc":{"Escrito por":"Jeanette","Tiempo de lectura":"3 minutos"},"schema":{"@context":"https:\/\/schema.org","@graph":[{"@type":"Article","@id":"https:\/\/www.eldiario.net\/portal\/2025\/06\/23\/el-berrinche-tiende-a-declinar\/#article","isPartOf":{"@id":"https:\/\/www.eldiario.net\/portal\/2025\/06\/23\/el-berrinche-tiende-a-declinar\/"},"author":{"name":"Jeanette","@id":"https:\/\/www.eldiario.net\/portal\/#\/schema\/person\/2c57cf2b7a7ae032e449e4c9b1019eac"},"headline":"El berrinche tiende a declinar","datePublished":"2025-06-23T10:05:03+00:00","mainEntityOfPage":{"@id":"https:\/\/www.eldiario.net\/portal\/2025\/06\/23\/el-berrinche-tiende-a-declinar\/"},"wordCount":513,"publisher":{"@id":"https:\/\/www.eldiario.net\/portal\/#organization"},"image":{"@id":"https:\/\/www.eldiario.net\/portal\/2025\/06\/23\/el-berrinche-tiende-a-declinar\/#primaryimage"},"thumbnailUrl":"https:\/\/www.eldiario.net\/portal\/wp-content\/uploads\/2023\/06\/Severo-Cruz-1.jpg","articleSection":["Opini\u00f3n"],"inLanguage":"es"},{"@type":"WebPage","@id":"https:\/\/www.eldiario.net\/portal\/2025\/06\/23\/el-berrinche-tiende-a-declinar\/","url":"https:\/\/www.eldiario.net\/portal\/2025\/06\/23\/el-berrinche-tiende-a-declinar\/","name":"El berrinche tiende a declinar - El Diario - Bolivia","isPartOf":{"@id":"https:\/\/www.eldiario.net\/portal\/#website"},"primaryImageOfPage":{"@id":"https:\/\/www.eldiario.net\/portal\/2025\/06\/23\/el-berrinche-tiende-a-declinar\/#primaryimage"},"image":{"@id":"https:\/\/www.eldiario.net\/portal\/2025\/06\/23\/el-berrinche-tiende-a-declinar\/#primaryimage"},"thumbnailUrl":"https:\/\/www.eldiario.net\/portal\/wp-content\/uploads\/2023\/06\/Severo-Cruz-1.jpg","datePublished":"2025-06-23T10:05:03+00:00","breadcrumb":{"@id":"https:\/\/www.eldiario.net\/portal\/2025\/06\/23\/el-berrinche-tiende-a-declinar\/#breadcrumb"},"inLanguage":"es","potentialAction":[{"@type":"ReadAction","target":["https:\/\/www.eldiario.net\/portal\/2025\/06\/23\/el-berrinche-tiende-a-declinar\/"]}]},{"@type":"ImageObject","inLanguage":"es","@id":"https:\/\/www.eldiario.net\/portal\/2025\/06\/23\/el-berrinche-tiende-a-declinar\/#primaryimage","url":"https:\/\/www.eldiario.net\/portal\/wp-content\/uploads\/2023\/06\/Severo-Cruz-1.jpg","contentUrl":"https:\/\/www.eldiario.net\/portal\/wp-content\/uploads\/2023\/06\/Severo-Cruz-1.jpg","width":1200,"height":628,"caption":"Severo Cruz Selaez"},{"@type":"BreadcrumbList","@id":"https:\/\/www.eldiario.net\/portal\/2025\/06\/23\/el-berrinche-tiende-a-declinar\/#breadcrumb","itemListElement":[{"@type":"ListItem","position":1,"name":"Portada","item":"https:\/\/www.eldiario.net\/portal\/"},{"@type":"ListItem","position":2,"name":"El berrinche tiende a declinar"}]},{"@type":"WebSite","@id":"https:\/\/www.eldiario.net\/portal\/#website","url":"https:\/\/www.eldiario.net\/portal\/","name":"El Diario - Decano de la prensa nacional","description":"El Diario - Decano de la prensa nacional","publisher":{"@id":"https:\/\/www.eldiario.net\/portal\/#organization"},"potentialAction":[{"@type":"SearchAction","target":{"@type":"EntryPoint","urlTemplate":"https:\/\/www.eldiario.net\/portal\/?s={search_term_string}"},"query-input":{"@type":"PropertyValueSpecification","valueRequired":true,"valueName":"search_term_string"}}],"inLanguage":"es"},{"@type":"Organization","@id":"https:\/\/www.eldiario.net\/portal\/#organization","name":"El Diario - Decano de la prensa nacional","url":"https:\/\/www.eldiario.net\/portal\/","logo":{"@type":"ImageObject","inLanguage":"es","@id":"https:\/\/www.eldiario.net\/portal\/#\/schema\/logo\/image\/","url":"https:\/\/www.eldiario.net\/portal\/wp-content\/uploads\/2023\/07\/logo_ED.jpg","contentUrl":"https:\/\/www.eldiario.net\/portal\/wp-content\/uploads\/2023\/07\/logo_ED.jpg","width":272,"height":52,"caption":"El Diario - Decano de la prensa nacional"},"image":{"@id":"https:\/\/www.eldiario.net\/portal\/#\/schema\/logo\/image\/"},"sameAs":["https:\/\/www.facebook.com\/eldiario.bolivia\/","https:\/\/x.com\/eldiario_net"]},{"@type":"Person","@id":"https:\/\/www.eldiario.net\/portal\/#\/schema\/person\/2c57cf2b7a7ae032e449e4c9b1019eac","name":"Jeanette","image":{"@type":"ImageObject","inLanguage":"es","@id":"https:\/\/secure.gravatar.com\/avatar\/3ea2118a5f7dad2b7138b1187a6b7ee55f160b9968b66013c3a3ef39dd7e5798?s=96&d=mm&r=g","url":"https:\/\/secure.gravatar.com\/avatar\/3ea2118a5f7dad2b7138b1187a6b7ee55f160b9968b66013c3a3ef39dd7e5798?s=96&d=mm&r=g","contentUrl":"https:\/\/secure.gravatar.com\/avatar\/3ea2118a5f7dad2b7138b1187a6b7ee55f160b9968b66013c3a3ef39dd7e5798?s=96&d=mm&r=g","caption":"Jeanette"},"sameAs":["https:\/\/www.eldiario.net\/portal"],"url":"https:\/\/www.eldiario.net\/portal\/author\/jeanette\/"}]}},"_links":{"self":[{"href":"https:\/\/www.eldiario.net\/portal\/wp-json\/wp\/v2\/posts\/311676","targetHints":{"allow":["GET"]}}],"collection":[{"href":"https:\/\/www.eldiario.net\/portal\/wp-json\/wp\/v2\/posts"}],"about":[{"href":"https:\/\/www.eldiario.net\/portal\/wp-json\/wp\/v2\/types\/post"}],"author":[{"embeddable":true,"href":"https:\/\/www.eldiario.net\/portal\/wp-json\/wp\/v2\/users\/1"}],"replies":[{"embeddable":true,"href":"https:\/\/www.eldiario.net\/portal\/wp-json\/wp\/v2\/comments?post=311676"}],"version-history":[{"count":1,"href":"https:\/\/www.eldiario.net\/portal\/wp-json\/wp\/v2\/posts\/311676\/revisions"}],"predecessor-version":[{"id":311677,"href":"https:\/\/www.eldiario.net\/portal\/wp-json\/wp\/v2\/posts\/311676\/revisions\/311677"}],"wp:featuredmedia":[{"embeddable":true,"href":"https:\/\/www.eldiario.net\/portal\/wp-json\/wp\/v2\/media\/158618"}],"wp:attachment":[{"href":"https:\/\/www.eldiario.net\/portal\/wp-json\/wp\/v2\/media?parent=311676"}],"wp:term":[{"taxonomy":"category","embeddable":true,"href":"https:\/\/www.eldiario.net\/portal\/wp-json\/wp\/v2\/categories?post=311676"},{"taxonomy":"post_tag","embeddable":true,"href":"https:\/\/www.eldiario.net\/portal\/wp-json\/wp\/v2\/tags?post=311676"}],"curies":[{"name":"wp","href":"https:\/\/api.w.org\/{rel}","templated":true}]}}