{"id":311234,"date":"2025-06-21T08:30:27","date_gmt":"2025-06-21T12:30:27","guid":{"rendered":"https:\/\/www.eldiario.net\/portal\/?p=311234"},"modified":"2025-06-21T08:31:38","modified_gmt":"2025-06-21T12:31:38","slug":"hoy-el-alto-se-viste-de-futbol","status":"publish","type":"post","link":"https:\/\/www.eldiario.net\/portal\/2025\/06\/21\/hoy-el-alto-se-viste-de-futbol\/","title":{"rendered":"HOY EL ALTO SE  VISTE DE F\u00daTBOL"},"content":{"rendered":"<p>La fecha 11 del torneo de Divisi\u00f3n Profesional del F\u00fatbol Boliviano contin\u00faa hoy desde horas 15:00 en el estadio Municipal de Villa Ingenio de El Alto, cuando se enfrenten Always Ready y ABB.<br \/>\nEl plantel \u00abmillonario\u00bb est\u00e1 en primer lugar de la tabla de posiciones con 24 puntos en diez juegos disputados.<br \/>\nABB, \u00abbenjam\u00edn\u00bb del f\u00fatbol profesional boliviano est\u00e1 ubicado en el sexto lugar con 12 puntos y en las \u00faltimas semanas ha visto interrumpido su trabajo debido a un supuesto impago de honorarios a sus jugadores.<\/p>\n<p>DETALLES<br \/>\nPara efectos de recaudaci\u00f3n, Always Ready es local en esta oportunidad y su dirigencia ha determinado la siguiente escala de precios de las localidades: Bs 15 (Curvas), Bs 20 (Recta y Preferencia).<br \/>\nSer\u00e1 \u00e1rbitro Javier Revollo de Oruro, asistido por Jes\u00fas Ram\u00edrez y Juvenal Villca.<br \/>\nPOR LA VICTORIA<br \/>\nUna de las consignas de los dirigidos por Julio Baldivieso es llegar a consolidar el primer lugar en la tabla y para esto trabajaron de manera sostenida en la \u00faltima semana, despu\u00e9s del cuestionado empate (2-2) que consiguieron frente a Bol\u00edvar el domingo pasado.<br \/>\n\u201cDiez fechas estamos invictos, esto es m\u00e9rito de los futbolistas, ellos ponen la cara y mis agradecimientos a ellos, esto es trabajo mancomunado\u201d, dijo Baldivieso.<br \/>\nDos jugadores estar\u00e1n ausentes del plantel titular esta tarde: Fernando Saucedo por expulsi\u00f3n y el delantero Brian Sobrero, que dej\u00f3 el pa\u00eds para continuar su carrera en Bulgaria.<br \/>\nPor su parte, ABB llega a este compromiso luego de haber ca\u00eddo por 2-3 ante The Strongest el pasado 26 de mayo. Seg\u00fan se afirm\u00f3, desde esta oportunidad, el plantel dirigido por Pablo Godoy, no volvi\u00f3 a entrenar debido a que sus jugadores estar\u00edan impagos hace cuatro meses. La entidad, oficialmente desminti\u00f3 esta situaci\u00f3n.<\/p>\n<p><em>GHILKA SANABRIA<\/em><\/p>\n<p>&nbsp;<\/p>\n","protected":false},"excerpt":{"rendered":"<p>La fecha 11 del torneo de Divisi\u00f3n Profesional del F\u00fatbol Boliviano contin\u00faa hoy desde horas 15:00 en el estadio Municipal de Villa Ingenio de El Alto, cuando se enfrenten Always Ready y ABB. El plantel \u00abmillonario\u00bb est\u00e1 en primer lugar de la tabla de posiciones con 24 puntos en diez juegos disputados. ABB, \u00abbenjam\u00edn\u00bb del [&hellip;]<\/p>\n","protected":false},"author":1,"featured_media":311235,"comment_status":"closed","ping_status":"open","sticky":false,"template":"","format":"standard","meta":{"_acf_changed":false,"footnotes":""},"categories":[6],"tags":[],"class_list":["post-311234","post","type-post","status-publish","format-standard","has-post-thumbnail","category-deportes"],"acf":{"antetitulo":"Always Ready vs. ABB"},"yoast_head":"<!-- This site is optimized with the Yoast SEO plugin v28.3 - https:\/\/yoast.com\/product\/yoast-seo-wordpress\/ -->\n<title>HOY EL ALTO SE VISTE DE F\u00daTBOL - El Diario - Bolivia<\/title>\n<meta name=\"robots\" content=\"index, follow, max-snippet:-1, max-image-preview:large, max-video-preview:-1\" \/>\n<link rel=\"canonical\" href=\"https:\/\/www.eldiario.net\/portal\/2025\/06\/21\/hoy-el-alto-se-viste-de-futbol\/\" \/>\n<meta property=\"og:locale\" content=\"es_ES\" \/>\n<meta property=\"og:type\" content=\"article\" \/>\n<meta property=\"og:title\" content=\"HOY EL ALTO SE VISTE DE F\u00daTBOL - El Diario - Bolivia\" \/>\n<meta property=\"og:description\" content=\"La fecha 11 del torneo de Divisi\u00f3n Profesional del F\u00fatbol Boliviano contin\u00faa hoy desde horas 15:00 en el estadio Municipal de Villa Ingenio de El Alto, cuando se enfrenten Always Ready y ABB. El plantel \u00abmillonario\u00bb est\u00e1 en primer lugar de la tabla de posiciones con 24 puntos en diez juegos disputados. ABB, \u00abbenjam\u00edn\u00bb del [&hellip;]\" \/>\n<meta property=\"og:url\" content=\"https:\/\/www.eldiario.net\/portal\/2025\/06\/21\/hoy-el-alto-se-viste-de-futbol\/\" \/>\n<meta property=\"og:site_name\" content=\"El Diario - Bolivia\" \/>\n<meta property=\"article:publisher\" content=\"https:\/\/www.facebook.com\/eldiario.bolivia\/\" \/>\n<meta property=\"article:published_time\" content=\"2025-06-21T12:30:27+00:00\" \/>\n<meta property=\"article:modified_time\" content=\"2025-06-21T12:31:38+00:00\" \/>\n<meta property=\"og:image\" content=\"https:\/\/www.eldiario.net\/portal\/wp-content\/uploads\/2025\/06\/FOTO-1B.webp\" \/>\n\t<meta property=\"og:image:width\" content=\"540\" \/>\n\t<meta property=\"og:image:height\" content=\"620\" \/>\n\t<meta property=\"og:image:type\" content=\"image\/webp\" \/>\n<meta name=\"author\" content=\"Jeanette\" \/>\n<meta name=\"twitter:card\" content=\"summary_large_image\" \/>\n<meta name=\"twitter:creator\" content=\"@eldiario_net\" \/>\n<meta name=\"twitter:site\" content=\"@eldiario_net\" \/>\n<meta name=\"twitter:label1\" content=\"Escrito por\" \/>\n\t<meta name=\"twitter:data1\" content=\"Jeanette\" \/>\n\t<meta name=\"twitter:label2\" content=\"Tiempo de lectura\" \/>\n\t<meta name=\"twitter:data2\" content=\"2 minutos\" \/>\n<script type=\"application\/ld+json\" class=\"yoast-schema-graph\">{\"@context\":\"https:\\\/\\\/schema.org\",\"@graph\":[{\"@type\":\"Article\",\"@id\":\"https:\\\/\\\/www.eldiario.net\\\/portal\\\/2025\\\/06\\\/21\\\/hoy-el-alto-se-viste-de-futbol\\\/#article\",\"isPartOf\":{\"@id\":\"https:\\\/\\\/www.eldiario.net\\\/portal\\\/2025\\\/06\\\/21\\\/hoy-el-alto-se-viste-de-futbol\\\/\"},\"author\":{\"name\":\"Jeanette\",\"@id\":\"https:\\\/\\\/www.eldiario.net\\\/portal\\\/#\\\/schema\\\/person\\\/f46445640444750d7d753ccd04ae01b7\"},\"headline\":\"HOY EL ALTO SE VISTE DE F\u00daTBOL\",\"datePublished\":\"2025-06-21T12:30:27+00:00\",\"dateModified\":\"2025-06-21T12:31:38+00:00\",\"mainEntityOfPage\":{\"@id\":\"https:\\\/\\\/www.eldiario.net\\\/portal\\\/2025\\\/06\\\/21\\\/hoy-el-alto-se-viste-de-futbol\\\/\"},\"wordCount\":309,\"publisher\":{\"@id\":\"https:\\\/\\\/www.eldiario.net\\\/portal\\\/#organization\"},\"image\":{\"@id\":\"https:\\\/\\\/www.eldiario.net\\\/portal\\\/2025\\\/06\\\/21\\\/hoy-el-alto-se-viste-de-futbol\\\/#primaryimage\"},\"thumbnailUrl\":\"https:\\\/\\\/www.eldiario.net\\\/portal\\\/wp-content\\\/uploads\\\/2025\\\/06\\\/FOTO-1B.webp\",\"articleSection\":[\"Deportes\"],\"inLanguage\":\"es\"},{\"@type\":\"WebPage\",\"@id\":\"https:\\\/\\\/www.eldiario.net\\\/portal\\\/2025\\\/06\\\/21\\\/hoy-el-alto-se-viste-de-futbol\\\/\",\"url\":\"https:\\\/\\\/www.eldiario.net\\\/portal\\\/2025\\\/06\\\/21\\\/hoy-el-alto-se-viste-de-futbol\\\/\",\"name\":\"HOY EL ALTO SE VISTE DE F\u00daTBOL - El Diario - Bolivia\",\"isPartOf\":{\"@id\":\"https:\\\/\\\/www.eldiario.net\\\/portal\\\/#website\"},\"primaryImageOfPage\":{\"@id\":\"https:\\\/\\\/www.eldiario.net\\\/portal\\\/2025\\\/06\\\/21\\\/hoy-el-alto-se-viste-de-futbol\\\/#primaryimage\"},\"image\":{\"@id\":\"https:\\\/\\\/www.eldiario.net\\\/portal\\\/2025\\\/06\\\/21\\\/hoy-el-alto-se-viste-de-futbol\\\/#primaryimage\"},\"thumbnailUrl\":\"https:\\\/\\\/www.eldiario.net\\\/portal\\\/wp-content\\\/uploads\\\/2025\\\/06\\\/FOTO-1B.webp\",\"datePublished\":\"2025-06-21T12:30:27+00:00\",\"dateModified\":\"2025-06-21T12:31:38+00:00\",\"breadcrumb\":{\"@id\":\"https:\\\/\\\/www.eldiario.net\\\/portal\\\/2025\\\/06\\\/21\\\/hoy-el-alto-se-viste-de-futbol\\\/#breadcrumb\"},\"inLanguage\":\"es\",\"potentialAction\":[{\"@type\":\"ReadAction\",\"target\":[\"https:\\\/\\\/www.eldiario.net\\\/portal\\\/2025\\\/06\\\/21\\\/hoy-el-alto-se-viste-de-futbol\\\/\"]}]},{\"@type\":\"ImageObject\",\"inLanguage\":\"es\",\"@id\":\"https:\\\/\\\/www.eldiario.net\\\/portal\\\/2025\\\/06\\\/21\\\/hoy-el-alto-se-viste-de-futbol\\\/#primaryimage\",\"url\":\"https:\\\/\\\/www.eldiario.net\\\/portal\\\/wp-content\\\/uploads\\\/2025\\\/06\\\/FOTO-1B.webp\",\"contentUrl\":\"https:\\\/\\\/www.eldiario.net\\\/portal\\\/wp-content\\\/uploads\\\/2025\\\/06\\\/FOTO-1B.webp\",\"width\":540,\"height\":620},{\"@type\":\"BreadcrumbList\",\"@id\":\"https:\\\/\\\/www.eldiario.net\\\/portal\\\/2025\\\/06\\\/21\\\/hoy-el-alto-se-viste-de-futbol\\\/#breadcrumb\",\"itemListElement\":[{\"@type\":\"ListItem\",\"position\":1,\"name\":\"Portada\",\"item\":\"https:\\\/\\\/www.eldiario.net\\\/portal\\\/\"},{\"@type\":\"ListItem\",\"position\":2,\"name\":\"HOY EL ALTO SE VISTE DE F\u00daTBOL\"}]},{\"@type\":\"WebSite\",\"@id\":\"https:\\\/\\\/www.eldiario.net\\\/portal\\\/#website\",\"url\":\"https:\\\/\\\/www.eldiario.net\\\/portal\\\/\",\"name\":\"El Diario - Decano de la prensa nacional\",\"description\":\"El Diario - Decano de la prensa nacional\",\"publisher\":{\"@id\":\"https:\\\/\\\/www.eldiario.net\\\/portal\\\/#organization\"},\"potentialAction\":[{\"@type\":\"SearchAction\",\"target\":{\"@type\":\"EntryPoint\",\"urlTemplate\":\"https:\\\/\\\/www.eldiario.net\\\/portal\\\/?s={search_term_string}\"},\"query-input\":{\"@type\":\"PropertyValueSpecification\",\"valueRequired\":true,\"valueName\":\"search_term_string\"}}],\"inLanguage\":\"es\"},{\"@type\":\"Organization\",\"@id\":\"https:\\\/\\\/www.eldiario.net\\\/portal\\\/#organization\",\"name\":\"El Diario - Decano de la prensa nacional\",\"url\":\"https:\\\/\\\/www.eldiario.net\\\/portal\\\/\",\"logo\":{\"@type\":\"ImageObject\",\"inLanguage\":\"es\",\"@id\":\"https:\\\/\\\/www.eldiario.net\\\/portal\\\/#\\\/schema\\\/logo\\\/image\\\/\",\"url\":\"https:\\\/\\\/www.eldiario.net\\\/portal\\\/wp-content\\\/uploads\\\/2023\\\/07\\\/logo_ED.jpg\",\"contentUrl\":\"https:\\\/\\\/www.eldiario.net\\\/portal\\\/wp-content\\\/uploads\\\/2023\\\/07\\\/logo_ED.jpg\",\"width\":272,\"height\":52,\"caption\":\"El Diario - Decano de la prensa nacional\"},\"image\":{\"@id\":\"https:\\\/\\\/www.eldiario.net\\\/portal\\\/#\\\/schema\\\/logo\\\/image\\\/\"},\"sameAs\":[\"https:\\\/\\\/www.facebook.com\\\/eldiario.bolivia\\\/\",\"https:\\\/\\\/x.com\\\/eldiario_net\"]},{\"@type\":\"Person\",\"@id\":\"https:\\\/\\\/www.eldiario.net\\\/portal\\\/#\\\/schema\\\/person\\\/f46445640444750d7d753ccd04ae01b7\",\"name\":\"Jeanette\",\"image\":{\"@type\":\"ImageObject\",\"inLanguage\":\"es\",\"@id\":\"https:\\\/\\\/secure.gravatar.com\\\/avatar\\\/3ea2118a5f7dad2b7138b1187a6b7ee55f160b9968b66013c3a3ef39dd7e5798?s=96&d=mm&r=g\",\"url\":\"https:\\\/\\\/secure.gravatar.com\\\/avatar\\\/3ea2118a5f7dad2b7138b1187a6b7ee55f160b9968b66013c3a3ef39dd7e5798?s=96&d=mm&r=g\",\"contentUrl\":\"https:\\\/\\\/secure.gravatar.com\\\/avatar\\\/3ea2118a5f7dad2b7138b1187a6b7ee55f160b9968b66013c3a3ef39dd7e5798?s=96&d=mm&r=g\",\"caption\":\"Jeanette\"},\"sameAs\":[\"https:\\\/\\\/www.eldiario.net\\\/portal\"],\"url\":\"https:\\\/\\\/www.eldiario.net\\\/portal\\\/author\\\/jeanette\\\/\"}]}<\/script>\n<!-- \/ Yoast SEO plugin. -->","yoast_head_json":{"title":"HOY EL ALTO SE VISTE DE F\u00daTBOL - El Diario - Bolivia","robots":{"index":"index","follow":"follow","max-snippet":"max-snippet:-1","max-image-preview":"max-image-preview:large","max-video-preview":"max-video-preview:-1"},"canonical":"https:\/\/www.eldiario.net\/portal\/2025\/06\/21\/hoy-el-alto-se-viste-de-futbol\/","og_locale":"es_ES","og_type":"article","og_title":"HOY EL ALTO SE VISTE DE F\u00daTBOL - El Diario - Bolivia","og_description":"La fecha 11 del torneo de Divisi\u00f3n Profesional del F\u00fatbol Boliviano contin\u00faa hoy desde horas 15:00 en el estadio Municipal de Villa Ingenio de El Alto, cuando se enfrenten Always Ready y ABB. El plantel \u00abmillonario\u00bb est\u00e1 en primer lugar de la tabla de posiciones con 24 puntos en diez juegos disputados. ABB, \u00abbenjam\u00edn\u00bb del [&hellip;]","og_url":"https:\/\/www.eldiario.net\/portal\/2025\/06\/21\/hoy-el-alto-se-viste-de-futbol\/","og_site_name":"El Diario - Bolivia","article_publisher":"https:\/\/www.facebook.com\/eldiario.bolivia\/","article_published_time":"2025-06-21T12:30:27+00:00","article_modified_time":"2025-06-21T12:31:38+00:00","og_image":[{"width":540,"height":620,"url":"https:\/\/www.eldiario.net\/portal\/wp-content\/uploads\/2025\/06\/FOTO-1B.webp","type":"image\/webp"}],"author":"Jeanette","twitter_card":"summary_large_image","twitter_creator":"@eldiario_net","twitter_site":"@eldiario_net","twitter_misc":{"Escrito por":"Jeanette","Tiempo de lectura":"2 minutos"},"schema":{"@context":"https:\/\/schema.org","@graph":[{"@type":"Article","@id":"https:\/\/www.eldiario.net\/portal\/2025\/06\/21\/hoy-el-alto-se-viste-de-futbol\/#article","isPartOf":{"@id":"https:\/\/www.eldiario.net\/portal\/2025\/06\/21\/hoy-el-alto-se-viste-de-futbol\/"},"author":{"name":"Jeanette","@id":"https:\/\/www.eldiario.net\/portal\/#\/schema\/person\/f46445640444750d7d753ccd04ae01b7"},"headline":"HOY EL ALTO SE VISTE DE F\u00daTBOL","datePublished":"2025-06-21T12:30:27+00:00","dateModified":"2025-06-21T12:31:38+00:00","mainEntityOfPage":{"@id":"https:\/\/www.eldiario.net\/portal\/2025\/06\/21\/hoy-el-alto-se-viste-de-futbol\/"},"wordCount":309,"publisher":{"@id":"https:\/\/www.eldiario.net\/portal\/#organization"},"image":{"@id":"https:\/\/www.eldiario.net\/portal\/2025\/06\/21\/hoy-el-alto-se-viste-de-futbol\/#primaryimage"},"thumbnailUrl":"https:\/\/www.eldiario.net\/portal\/wp-content\/uploads\/2025\/06\/FOTO-1B.webp","articleSection":["Deportes"],"inLanguage":"es"},{"@type":"WebPage","@id":"https:\/\/www.eldiario.net\/portal\/2025\/06\/21\/hoy-el-alto-se-viste-de-futbol\/","url":"https:\/\/www.eldiario.net\/portal\/2025\/06\/21\/hoy-el-alto-se-viste-de-futbol\/","name":"HOY EL ALTO SE VISTE DE F\u00daTBOL - El Diario - Bolivia","isPartOf":{"@id":"https:\/\/www.eldiario.net\/portal\/#website"},"primaryImageOfPage":{"@id":"https:\/\/www.eldiario.net\/portal\/2025\/06\/21\/hoy-el-alto-se-viste-de-futbol\/#primaryimage"},"image":{"@id":"https:\/\/www.eldiario.net\/portal\/2025\/06\/21\/hoy-el-alto-se-viste-de-futbol\/#primaryimage"},"thumbnailUrl":"https:\/\/www.eldiario.net\/portal\/wp-content\/uploads\/2025\/06\/FOTO-1B.webp","datePublished":"2025-06-21T12:30:27+00:00","dateModified":"2025-06-21T12:31:38+00:00","breadcrumb":{"@id":"https:\/\/www.eldiario.net\/portal\/2025\/06\/21\/hoy-el-alto-se-viste-de-futbol\/#breadcrumb"},"inLanguage":"es","potentialAction":[{"@type":"ReadAction","target":["https:\/\/www.eldiario.net\/portal\/2025\/06\/21\/hoy-el-alto-se-viste-de-futbol\/"]}]},{"@type":"ImageObject","inLanguage":"es","@id":"https:\/\/www.eldiario.net\/portal\/2025\/06\/21\/hoy-el-alto-se-viste-de-futbol\/#primaryimage","url":"https:\/\/www.eldiario.net\/portal\/wp-content\/uploads\/2025\/06\/FOTO-1B.webp","contentUrl":"https:\/\/www.eldiario.net\/portal\/wp-content\/uploads\/2025\/06\/FOTO-1B.webp","width":540,"height":620},{"@type":"BreadcrumbList","@id":"https:\/\/www.eldiario.net\/portal\/2025\/06\/21\/hoy-el-alto-se-viste-de-futbol\/#breadcrumb","itemListElement":[{"@type":"ListItem","position":1,"name":"Portada","item":"https:\/\/www.eldiario.net\/portal\/"},{"@type":"ListItem","position":2,"name":"HOY EL ALTO SE VISTE DE F\u00daTBOL"}]},{"@type":"WebSite","@id":"https:\/\/www.eldiario.net\/portal\/#website","url":"https:\/\/www.eldiario.net\/portal\/","name":"El Diario - Decano de la prensa nacional","description":"El Diario - Decano de la prensa nacional","publisher":{"@id":"https:\/\/www.eldiario.net\/portal\/#organization"},"potentialAction":[{"@type":"SearchAction","target":{"@type":"EntryPoint","urlTemplate":"https:\/\/www.eldiario.net\/portal\/?s={search_term_string}"},"query-input":{"@type":"PropertyValueSpecification","valueRequired":true,"valueName":"search_term_string"}}],"inLanguage":"es"},{"@type":"Organization","@id":"https:\/\/www.eldiario.net\/portal\/#organization","name":"El Diario - Decano de la prensa nacional","url":"https:\/\/www.eldiario.net\/portal\/","logo":{"@type":"ImageObject","inLanguage":"es","@id":"https:\/\/www.eldiario.net\/portal\/#\/schema\/logo\/image\/","url":"https:\/\/www.eldiario.net\/portal\/wp-content\/uploads\/2023\/07\/logo_ED.jpg","contentUrl":"https:\/\/www.eldiario.net\/portal\/wp-content\/uploads\/2023\/07\/logo_ED.jpg","width":272,"height":52,"caption":"El Diario - Decano de la prensa nacional"},"image":{"@id":"https:\/\/www.eldiario.net\/portal\/#\/schema\/logo\/image\/"},"sameAs":["https:\/\/www.facebook.com\/eldiario.bolivia\/","https:\/\/x.com\/eldiario_net"]},{"@type":"Person","@id":"https:\/\/www.eldiario.net\/portal\/#\/schema\/person\/f46445640444750d7d753ccd04ae01b7","name":"Jeanette","image":{"@type":"ImageObject","inLanguage":"es","@id":"https:\/\/secure.gravatar.com\/avatar\/3ea2118a5f7dad2b7138b1187a6b7ee55f160b9968b66013c3a3ef39dd7e5798?s=96&d=mm&r=g","url":"https:\/\/secure.gravatar.com\/avatar\/3ea2118a5f7dad2b7138b1187a6b7ee55f160b9968b66013c3a3ef39dd7e5798?s=96&d=mm&r=g","contentUrl":"https:\/\/secure.gravatar.com\/avatar\/3ea2118a5f7dad2b7138b1187a6b7ee55f160b9968b66013c3a3ef39dd7e5798?s=96&d=mm&r=g","caption":"Jeanette"},"sameAs":["https:\/\/www.eldiario.net\/portal"],"url":"https:\/\/www.eldiario.net\/portal\/author\/jeanette\/"}]}},"_links":{"self":[{"href":"https:\/\/www.eldiario.net\/portal\/wp-json\/wp\/v2\/posts\/311234","targetHints":{"allow":["GET"]}}],"collection":[{"href":"https:\/\/www.eldiario.net\/portal\/wp-json\/wp\/v2\/posts"}],"about":[{"href":"https:\/\/www.eldiario.net\/portal\/wp-json\/wp\/v2\/types\/post"}],"author":[{"embeddable":true,"href":"https:\/\/www.eldiario.net\/portal\/wp-json\/wp\/v2\/users\/1"}],"replies":[{"embeddable":true,"href":"https:\/\/www.eldiario.net\/portal\/wp-json\/wp\/v2\/comments?post=311234"}],"version-history":[{"count":2,"href":"https:\/\/www.eldiario.net\/portal\/wp-json\/wp\/v2\/posts\/311234\/revisions"}],"predecessor-version":[{"id":311238,"href":"https:\/\/www.eldiario.net\/portal\/wp-json\/wp\/v2\/posts\/311234\/revisions\/311238"}],"wp:featuredmedia":[{"embeddable":true,"href":"https:\/\/www.eldiario.net\/portal\/wp-json\/wp\/v2\/media\/311235"}],"wp:attachment":[{"href":"https:\/\/www.eldiario.net\/portal\/wp-json\/wp\/v2\/media?parent=311234"}],"wp:term":[{"taxonomy":"category","embeddable":true,"href":"https:\/\/www.eldiario.net\/portal\/wp-json\/wp\/v2\/categories?post=311234"},{"taxonomy":"post_tag","embeddable":true,"href":"https:\/\/www.eldiario.net\/portal\/wp-json\/wp\/v2\/tags?post=311234"}],"curies":[{"name":"wp","href":"https:\/\/api.w.org\/{rel}","templated":true}]}}