{"id":310987,"date":"2025-06-20T06:15:33","date_gmt":"2025-06-20T10:15:33","guid":{"rendered":"https:\/\/www.eldiario.net\/portal\/?p=310987"},"modified":"2025-06-20T06:15:33","modified_gmt":"2025-06-20T10:15:33","slug":"estados-fallidos-e-inviables","status":"publish","type":"post","link":"https:\/\/www.eldiario.net\/portal\/2025\/06\/20\/estados-fallidos-e-inviables\/","title":{"rendered":"Estados fallidos e inviables"},"content":{"rendered":"<p>Existen teor\u00edas que establecen la existencia de estados fallidos y estados inviables.<br \/>\nLos estados inviables ser\u00edan aquellos que conquistaron su independencia frustrada en los siglos XIX y XX y que hasta el presente no poseen soberan\u00eda. Estos estados se debaten en la pobreza, el autoritarismo, con econom\u00edas d\u00e9biles basadas generalmente en el extractivismo, constituy\u00e9ndose en sociedades violentas, ca\u00f3ticas y con gobiernos dirigidos desde el exterior.<br \/>\nPor su parte, concept\u00faan a los estados fallidos, a aquellos que no pueden dotar ni de servicios b\u00e1sicos a su poblaci\u00f3n, que carecen de riquezas naturales suficientes y que viven en la miseria.<br \/>\nEl com\u00fan denominador de ambas clases de estados es la corrupci\u00f3n pol\u00edtica y la podredumbre judicial de las que se desprende el resto de las degeneraciones estatales.<br \/>\nSe\u00f1alan que en muchos de estos estados el poder es detentado por poderosos grupos ligados al narcotr\u00e1fico, por lo que estos te\u00f3ricos hacen referencia a la existencia de narco-Estados.<br \/>\nPero debe tenerse en cuenta tambi\u00e9n (m\u00e1s all\u00e1 de esta clasificaci\u00f3n) que el nuevo poder mundial, encarnado en el \u201cNuevo Orden Mundial\u201d, conocido con la abreviatura NOM liderado por la plutocracia occidental y que de manera separada en la China se presenta en la modernizaci\u00f3n del expansivo \u201cSistema de Tianxia\u201d que ya fuera establecido en la Dinast\u00eda Zhou en 1.046-256 a. C., ambos poderes tienen por finalidad debilitar y destruir a cada uno de los estados del mundo para establecer un solo \u201cEstado Mundial\u201d, con una sola \u201cgobernanza\u201d (neologismo que en buenas cuentas reemplaza a la palabra gobernabilidad).<br \/>\nEn cuanto a lo nuestro s\u00f3lo nos queda el recuerdo de la reticencia de Bol\u00edvar para constituir Bolivia como Estado, pero prosigue la lucha por consolidar nuestra soberan\u00eda, siendo evidente que nuestro pa\u00eds jam\u00e1s vivi\u00f3 tan dram\u00e1tica desmantelaci\u00f3n institucional como la actual. Ni en las guerras del Acre, del Pac\u00edfico, del Chaco, ni en la truculenta Guerra Civil Federal, encontramos hecho destructivo tan profundo.<br \/>\nBolivia est\u00e1 sumida en el horror, el terror, el descontrol, la violencia, el imperio de la delincuencia y la inversi\u00f3n de valores. Territorios libres dentro del territorio. Gente que baila mientras otra llora a sus muertos. La verg\u00fcenza o dignidad personal, de hombres y mujeres, est\u00e1 desapareciendo. Los buenos est\u00e1n siendo sustituidos por los malos. Todo es normal, el blanqueo de capitales, el carterista que opera en los buses, los funcionarios p\u00fablicos que exigen coimas hasta para poner un sello, los hospitales p\u00fablicos y la Caja Nacional de Salud transformados en antros despiadados, los \u00edtems fantasmas; los basurales (vertederos) convertidos en fuente de gris\u00e1ceas negociaciones.<br \/>\nSecuestros, asesinatos, \u201carreglo de cuentas\u201d a punta de bala; sobreprecios en construcciones p\u00fablicas, venta libre de narc\u00f3ticos en universidades, colegios y hasta en escuelas. El sistema judicial encanallado, operadores judiciales que venden sentencias, simples oficiales de diligencias convertidos en altos magistrados, el delincuente puede ser administrador de justicia y el inocente puede estar en la c\u00e1rcel.<br \/>\nLas personas en las calles, plazas, lugares de trabajo, en los restaurantes, seguramente tambi\u00e9n en los servicios higi\u00e9nicos con sus ojos enclavados en el infaltable tel\u00e9fono celular que provoca disociaci\u00f3n social anclada en la idiotizaci\u00f3n.<br \/>\nReaparecen momias pol\u00edticas colgadas de la leva del candidato presidencial con la insaciable ambici\u00f3n de trepar nuevamente al poder, vagos y malentretenidos apetitosos de encaramarse en alg\u00fan cargo p\u00fablico conformando barras altisonantes apuntalando a su pretendiente presidencial.<br \/>\nLa enumeraci\u00f3n de estas distorsiones sociales puede extenderse \u201cad infinitum\u201d.<br \/>\nEl lector tendr\u00e1 que definir si las teor\u00edas de estados fallidos, inviables y el imperio del NOM y Tianxia no son m\u00e1s que invenciones te\u00f3ricas carentes de fundamento o son realidades.<\/p>\n","protected":false},"excerpt":{"rendered":"<p>Existen teor\u00edas que establecen la existencia de estados fallidos y estados inviables. Los estados inviables ser\u00edan aquellos que conquistaron su independencia frustrada en los siglos XIX y XX y que hasta el presente no poseen soberan\u00eda. Estos estados se debaten en la pobreza, el autoritarismo, con econom\u00edas d\u00e9biles basadas generalmente en el extractivismo, constituy\u00e9ndose en [&hellip;]<\/p>\n","protected":false},"author":1,"featured_media":308878,"comment_status":"closed","ping_status":"open","sticky":false,"template":"","format":"standard","meta":{"_acf_changed":false,"footnotes":""},"categories":[9],"tags":[],"class_list":["post-310987","post","type-post","status-publish","format-standard","has-post-thumbnail","category-opinion"],"acf":{"antetitulo":""},"yoast_head":"<!-- This site is optimized with the Yoast SEO plugin v28.4 - https:\/\/yoast.com\/product\/yoast-seo-wordpress\/ -->\n<title>Estados fallidos e inviables - El Diario - Bolivia<\/title>\n<meta name=\"robots\" content=\"index, follow, max-snippet:-1, max-image-preview:large, max-video-preview:-1\" \/>\n<link rel=\"canonical\" href=\"https:\/\/www.eldiario.net\/portal\/2025\/06\/20\/estados-fallidos-e-inviables\/\" \/>\n<meta property=\"og:locale\" content=\"es_ES\" \/>\n<meta property=\"og:type\" content=\"article\" \/>\n<meta property=\"og:title\" content=\"Estados fallidos e inviables - El Diario - Bolivia\" \/>\n<meta property=\"og:description\" content=\"Existen teor\u00edas que establecen la existencia de estados fallidos y estados inviables. Los estados inviables ser\u00edan aquellos que conquistaron su independencia frustrada en los siglos XIX y XX y que hasta el presente no poseen soberan\u00eda. Estos estados se debaten en la pobreza, el autoritarismo, con econom\u00edas d\u00e9biles basadas generalmente en el extractivismo, constituy\u00e9ndose en [&hellip;]\" \/>\n<meta property=\"og:url\" content=\"https:\/\/www.eldiario.net\/portal\/2025\/06\/20\/estados-fallidos-e-inviables\/\" \/>\n<meta property=\"og:site_name\" content=\"El Diario - Bolivia\" \/>\n<meta property=\"article:publisher\" content=\"https:\/\/www.facebook.com\/eldiario.bolivia\/\" \/>\n<meta property=\"article:published_time\" content=\"2025-06-20T10:15:33+00:00\" \/>\n<meta property=\"og:image\" content=\"https:\/\/www.eldiario.net\/portal\/wp-content\/uploads\/2025\/06\/Gonzalo-Penaranda-Taida.webp\" \/>\n\t<meta property=\"og:image:width\" content=\"1200\" \/>\n\t<meta property=\"og:image:height\" content=\"628\" \/>\n\t<meta property=\"og:image:type\" content=\"image\/webp\" \/>\n<meta name=\"author\" content=\"Jeanette\" \/>\n<meta name=\"twitter:card\" content=\"summary_large_image\" \/>\n<meta name=\"twitter:creator\" content=\"@eldiario_net\" \/>\n<meta name=\"twitter:site\" content=\"@eldiario_net\" \/>\n<meta name=\"twitter:label1\" content=\"Escrito por\" \/>\n\t<meta name=\"twitter:data1\" content=\"Jeanette\" \/>\n\t<meta name=\"twitter:label2\" content=\"Tiempo de lectura\" \/>\n\t<meta name=\"twitter:data2\" content=\"3 minutos\" \/>\n<script type=\"application\/ld+json\" class=\"yoast-schema-graph\">{\"@context\":\"https:\\\/\\\/schema.org\",\"@graph\":[{\"@type\":\"Article\",\"@id\":\"https:\\\/\\\/www.eldiario.net\\\/portal\\\/2025\\\/06\\\/20\\\/estados-fallidos-e-inviables\\\/#article\",\"isPartOf\":{\"@id\":\"https:\\\/\\\/www.eldiario.net\\\/portal\\\/2025\\\/06\\\/20\\\/estados-fallidos-e-inviables\\\/\"},\"author\":{\"name\":\"Jeanette\",\"@id\":\"https:\\\/\\\/www.eldiario.net\\\/portal\\\/#\\\/schema\\\/person\\\/2c57cf2b7a7ae032e449e4c9b1019eac\"},\"headline\":\"Estados fallidos e inviables\",\"datePublished\":\"2025-06-20T10:15:33+00:00\",\"mainEntityOfPage\":{\"@id\":\"https:\\\/\\\/www.eldiario.net\\\/portal\\\/2025\\\/06\\\/20\\\/estados-fallidos-e-inviables\\\/\"},\"wordCount\":645,\"publisher\":{\"@id\":\"https:\\\/\\\/www.eldiario.net\\\/portal\\\/#organization\"},\"image\":{\"@id\":\"https:\\\/\\\/www.eldiario.net\\\/portal\\\/2025\\\/06\\\/20\\\/estados-fallidos-e-inviables\\\/#primaryimage\"},\"thumbnailUrl\":\"https:\\\/\\\/www.eldiario.net\\\/portal\\\/wp-content\\\/uploads\\\/2025\\\/06\\\/Gonzalo-Penaranda-Taida.webp\",\"articleSection\":[\"Opini\u00f3n\"],\"inLanguage\":\"es\"},{\"@type\":\"WebPage\",\"@id\":\"https:\\\/\\\/www.eldiario.net\\\/portal\\\/2025\\\/06\\\/20\\\/estados-fallidos-e-inviables\\\/\",\"url\":\"https:\\\/\\\/www.eldiario.net\\\/portal\\\/2025\\\/06\\\/20\\\/estados-fallidos-e-inviables\\\/\",\"name\":\"Estados fallidos e inviables - El Diario - Bolivia\",\"isPartOf\":{\"@id\":\"https:\\\/\\\/www.eldiario.net\\\/portal\\\/#website\"},\"primaryImageOfPage\":{\"@id\":\"https:\\\/\\\/www.eldiario.net\\\/portal\\\/2025\\\/06\\\/20\\\/estados-fallidos-e-inviables\\\/#primaryimage\"},\"image\":{\"@id\":\"https:\\\/\\\/www.eldiario.net\\\/portal\\\/2025\\\/06\\\/20\\\/estados-fallidos-e-inviables\\\/#primaryimage\"},\"thumbnailUrl\":\"https:\\\/\\\/www.eldiario.net\\\/portal\\\/wp-content\\\/uploads\\\/2025\\\/06\\\/Gonzalo-Penaranda-Taida.webp\",\"datePublished\":\"2025-06-20T10:15:33+00:00\",\"breadcrumb\":{\"@id\":\"https:\\\/\\\/www.eldiario.net\\\/portal\\\/2025\\\/06\\\/20\\\/estados-fallidos-e-inviables\\\/#breadcrumb\"},\"inLanguage\":\"es\",\"potentialAction\":[{\"@type\":\"ReadAction\",\"target\":[\"https:\\\/\\\/www.eldiario.net\\\/portal\\\/2025\\\/06\\\/20\\\/estados-fallidos-e-inviables\\\/\"]}]},{\"@type\":\"ImageObject\",\"inLanguage\":\"es\",\"@id\":\"https:\\\/\\\/www.eldiario.net\\\/portal\\\/2025\\\/06\\\/20\\\/estados-fallidos-e-inviables\\\/#primaryimage\",\"url\":\"https:\\\/\\\/www.eldiario.net\\\/portal\\\/wp-content\\\/uploads\\\/2025\\\/06\\\/Gonzalo-Penaranda-Taida.webp\",\"contentUrl\":\"https:\\\/\\\/www.eldiario.net\\\/portal\\\/wp-content\\\/uploads\\\/2025\\\/06\\\/Gonzalo-Penaranda-Taida.webp\",\"width\":1200,\"height\":628,\"caption\":\"Gonzalo Pe\u00f1aranda Taida\"},{\"@type\":\"BreadcrumbList\",\"@id\":\"https:\\\/\\\/www.eldiario.net\\\/portal\\\/2025\\\/06\\\/20\\\/estados-fallidos-e-inviables\\\/#breadcrumb\",\"itemListElement\":[{\"@type\":\"ListItem\",\"position\":1,\"name\":\"Portada\",\"item\":\"https:\\\/\\\/www.eldiario.net\\\/portal\\\/\"},{\"@type\":\"ListItem\",\"position\":2,\"name\":\"Estados fallidos e inviables\"}]},{\"@type\":\"WebSite\",\"@id\":\"https:\\\/\\\/www.eldiario.net\\\/portal\\\/#website\",\"url\":\"https:\\\/\\\/www.eldiario.net\\\/portal\\\/\",\"name\":\"El Diario - Decano de la prensa nacional\",\"description\":\"El Diario - Decano de la prensa nacional\",\"publisher\":{\"@id\":\"https:\\\/\\\/www.eldiario.net\\\/portal\\\/#organization\"},\"potentialAction\":[{\"@type\":\"SearchAction\",\"target\":{\"@type\":\"EntryPoint\",\"urlTemplate\":\"https:\\\/\\\/www.eldiario.net\\\/portal\\\/?s={search_term_string}\"},\"query-input\":{\"@type\":\"PropertyValueSpecification\",\"valueRequired\":true,\"valueName\":\"search_term_string\"}}],\"inLanguage\":\"es\"},{\"@type\":\"Organization\",\"@id\":\"https:\\\/\\\/www.eldiario.net\\\/portal\\\/#organization\",\"name\":\"El Diario - Decano de la prensa nacional\",\"url\":\"https:\\\/\\\/www.eldiario.net\\\/portal\\\/\",\"logo\":{\"@type\":\"ImageObject\",\"inLanguage\":\"es\",\"@id\":\"https:\\\/\\\/www.eldiario.net\\\/portal\\\/#\\\/schema\\\/logo\\\/image\\\/\",\"url\":\"https:\\\/\\\/www.eldiario.net\\\/portal\\\/wp-content\\\/uploads\\\/2023\\\/07\\\/logo_ED.jpg\",\"contentUrl\":\"https:\\\/\\\/www.eldiario.net\\\/portal\\\/wp-content\\\/uploads\\\/2023\\\/07\\\/logo_ED.jpg\",\"width\":272,\"height\":52,\"caption\":\"El Diario - Decano de la prensa nacional\"},\"image\":{\"@id\":\"https:\\\/\\\/www.eldiario.net\\\/portal\\\/#\\\/schema\\\/logo\\\/image\\\/\"},\"sameAs\":[\"https:\\\/\\\/www.facebook.com\\\/eldiario.bolivia\\\/\",\"https:\\\/\\\/x.com\\\/eldiario_net\"]},{\"@type\":\"Person\",\"@id\":\"https:\\\/\\\/www.eldiario.net\\\/portal\\\/#\\\/schema\\\/person\\\/2c57cf2b7a7ae032e449e4c9b1019eac\",\"name\":\"Jeanette\",\"image\":{\"@type\":\"ImageObject\",\"inLanguage\":\"es\",\"@id\":\"https:\\\/\\\/secure.gravatar.com\\\/avatar\\\/3ea2118a5f7dad2b7138b1187a6b7ee55f160b9968b66013c3a3ef39dd7e5798?s=96&d=mm&r=g\",\"url\":\"https:\\\/\\\/secure.gravatar.com\\\/avatar\\\/3ea2118a5f7dad2b7138b1187a6b7ee55f160b9968b66013c3a3ef39dd7e5798?s=96&d=mm&r=g\",\"contentUrl\":\"https:\\\/\\\/secure.gravatar.com\\\/avatar\\\/3ea2118a5f7dad2b7138b1187a6b7ee55f160b9968b66013c3a3ef39dd7e5798?s=96&d=mm&r=g\",\"caption\":\"Jeanette\"},\"sameAs\":[\"https:\\\/\\\/www.eldiario.net\\\/portal\"],\"url\":\"https:\\\/\\\/www.eldiario.net\\\/portal\\\/author\\\/jeanette\\\/\"}]}<\/script>\n<!-- \/ Yoast SEO plugin. -->","yoast_head_json":{"title":"Estados fallidos e inviables - El Diario - Bolivia","robots":{"index":"index","follow":"follow","max-snippet":"max-snippet:-1","max-image-preview":"max-image-preview:large","max-video-preview":"max-video-preview:-1"},"canonical":"https:\/\/www.eldiario.net\/portal\/2025\/06\/20\/estados-fallidos-e-inviables\/","og_locale":"es_ES","og_type":"article","og_title":"Estados fallidos e inviables - El Diario - Bolivia","og_description":"Existen teor\u00edas que establecen la existencia de estados fallidos y estados inviables. Los estados inviables ser\u00edan aquellos que conquistaron su independencia frustrada en los siglos XIX y XX y que hasta el presente no poseen soberan\u00eda. Estos estados se debaten en la pobreza, el autoritarismo, con econom\u00edas d\u00e9biles basadas generalmente en el extractivismo, constituy\u00e9ndose en [&hellip;]","og_url":"https:\/\/www.eldiario.net\/portal\/2025\/06\/20\/estados-fallidos-e-inviables\/","og_site_name":"El Diario - Bolivia","article_publisher":"https:\/\/www.facebook.com\/eldiario.bolivia\/","article_published_time":"2025-06-20T10:15:33+00:00","og_image":[{"width":1200,"height":628,"url":"https:\/\/www.eldiario.net\/portal\/wp-content\/uploads\/2025\/06\/Gonzalo-Penaranda-Taida.webp","type":"image\/webp"}],"author":"Jeanette","twitter_card":"summary_large_image","twitter_creator":"@eldiario_net","twitter_site":"@eldiario_net","twitter_misc":{"Escrito por":"Jeanette","Tiempo de lectura":"3 minutos"},"schema":{"@context":"https:\/\/schema.org","@graph":[{"@type":"Article","@id":"https:\/\/www.eldiario.net\/portal\/2025\/06\/20\/estados-fallidos-e-inviables\/#article","isPartOf":{"@id":"https:\/\/www.eldiario.net\/portal\/2025\/06\/20\/estados-fallidos-e-inviables\/"},"author":{"name":"Jeanette","@id":"https:\/\/www.eldiario.net\/portal\/#\/schema\/person\/2c57cf2b7a7ae032e449e4c9b1019eac"},"headline":"Estados fallidos e inviables","datePublished":"2025-06-20T10:15:33+00:00","mainEntityOfPage":{"@id":"https:\/\/www.eldiario.net\/portal\/2025\/06\/20\/estados-fallidos-e-inviables\/"},"wordCount":645,"publisher":{"@id":"https:\/\/www.eldiario.net\/portal\/#organization"},"image":{"@id":"https:\/\/www.eldiario.net\/portal\/2025\/06\/20\/estados-fallidos-e-inviables\/#primaryimage"},"thumbnailUrl":"https:\/\/www.eldiario.net\/portal\/wp-content\/uploads\/2025\/06\/Gonzalo-Penaranda-Taida.webp","articleSection":["Opini\u00f3n"],"inLanguage":"es"},{"@type":"WebPage","@id":"https:\/\/www.eldiario.net\/portal\/2025\/06\/20\/estados-fallidos-e-inviables\/","url":"https:\/\/www.eldiario.net\/portal\/2025\/06\/20\/estados-fallidos-e-inviables\/","name":"Estados fallidos e inviables - El Diario - Bolivia","isPartOf":{"@id":"https:\/\/www.eldiario.net\/portal\/#website"},"primaryImageOfPage":{"@id":"https:\/\/www.eldiario.net\/portal\/2025\/06\/20\/estados-fallidos-e-inviables\/#primaryimage"},"image":{"@id":"https:\/\/www.eldiario.net\/portal\/2025\/06\/20\/estados-fallidos-e-inviables\/#primaryimage"},"thumbnailUrl":"https:\/\/www.eldiario.net\/portal\/wp-content\/uploads\/2025\/06\/Gonzalo-Penaranda-Taida.webp","datePublished":"2025-06-20T10:15:33+00:00","breadcrumb":{"@id":"https:\/\/www.eldiario.net\/portal\/2025\/06\/20\/estados-fallidos-e-inviables\/#breadcrumb"},"inLanguage":"es","potentialAction":[{"@type":"ReadAction","target":["https:\/\/www.eldiario.net\/portal\/2025\/06\/20\/estados-fallidos-e-inviables\/"]}]},{"@type":"ImageObject","inLanguage":"es","@id":"https:\/\/www.eldiario.net\/portal\/2025\/06\/20\/estados-fallidos-e-inviables\/#primaryimage","url":"https:\/\/www.eldiario.net\/portal\/wp-content\/uploads\/2025\/06\/Gonzalo-Penaranda-Taida.webp","contentUrl":"https:\/\/www.eldiario.net\/portal\/wp-content\/uploads\/2025\/06\/Gonzalo-Penaranda-Taida.webp","width":1200,"height":628,"caption":"Gonzalo Pe\u00f1aranda Taida"},{"@type":"BreadcrumbList","@id":"https:\/\/www.eldiario.net\/portal\/2025\/06\/20\/estados-fallidos-e-inviables\/#breadcrumb","itemListElement":[{"@type":"ListItem","position":1,"name":"Portada","item":"https:\/\/www.eldiario.net\/portal\/"},{"@type":"ListItem","position":2,"name":"Estados fallidos e inviables"}]},{"@type":"WebSite","@id":"https:\/\/www.eldiario.net\/portal\/#website","url":"https:\/\/www.eldiario.net\/portal\/","name":"El Diario - Decano de la prensa nacional","description":"El Diario - Decano de la prensa nacional","publisher":{"@id":"https:\/\/www.eldiario.net\/portal\/#organization"},"potentialAction":[{"@type":"SearchAction","target":{"@type":"EntryPoint","urlTemplate":"https:\/\/www.eldiario.net\/portal\/?s={search_term_string}"},"query-input":{"@type":"PropertyValueSpecification","valueRequired":true,"valueName":"search_term_string"}}],"inLanguage":"es"},{"@type":"Organization","@id":"https:\/\/www.eldiario.net\/portal\/#organization","name":"El Diario - Decano de la prensa nacional","url":"https:\/\/www.eldiario.net\/portal\/","logo":{"@type":"ImageObject","inLanguage":"es","@id":"https:\/\/www.eldiario.net\/portal\/#\/schema\/logo\/image\/","url":"https:\/\/www.eldiario.net\/portal\/wp-content\/uploads\/2023\/07\/logo_ED.jpg","contentUrl":"https:\/\/www.eldiario.net\/portal\/wp-content\/uploads\/2023\/07\/logo_ED.jpg","width":272,"height":52,"caption":"El Diario - Decano de la prensa nacional"},"image":{"@id":"https:\/\/www.eldiario.net\/portal\/#\/schema\/logo\/image\/"},"sameAs":["https:\/\/www.facebook.com\/eldiario.bolivia\/","https:\/\/x.com\/eldiario_net"]},{"@type":"Person","@id":"https:\/\/www.eldiario.net\/portal\/#\/schema\/person\/2c57cf2b7a7ae032e449e4c9b1019eac","name":"Jeanette","image":{"@type":"ImageObject","inLanguage":"es","@id":"https:\/\/secure.gravatar.com\/avatar\/3ea2118a5f7dad2b7138b1187a6b7ee55f160b9968b66013c3a3ef39dd7e5798?s=96&d=mm&r=g","url":"https:\/\/secure.gravatar.com\/avatar\/3ea2118a5f7dad2b7138b1187a6b7ee55f160b9968b66013c3a3ef39dd7e5798?s=96&d=mm&r=g","contentUrl":"https:\/\/secure.gravatar.com\/avatar\/3ea2118a5f7dad2b7138b1187a6b7ee55f160b9968b66013c3a3ef39dd7e5798?s=96&d=mm&r=g","caption":"Jeanette"},"sameAs":["https:\/\/www.eldiario.net\/portal"],"url":"https:\/\/www.eldiario.net\/portal\/author\/jeanette\/"}]}},"_links":{"self":[{"href":"https:\/\/www.eldiario.net\/portal\/wp-json\/wp\/v2\/posts\/310987","targetHints":{"allow":["GET"]}}],"collection":[{"href":"https:\/\/www.eldiario.net\/portal\/wp-json\/wp\/v2\/posts"}],"about":[{"href":"https:\/\/www.eldiario.net\/portal\/wp-json\/wp\/v2\/types\/post"}],"author":[{"embeddable":true,"href":"https:\/\/www.eldiario.net\/portal\/wp-json\/wp\/v2\/users\/1"}],"replies":[{"embeddable":true,"href":"https:\/\/www.eldiario.net\/portal\/wp-json\/wp\/v2\/comments?post=310987"}],"version-history":[{"count":1,"href":"https:\/\/www.eldiario.net\/portal\/wp-json\/wp\/v2\/posts\/310987\/revisions"}],"predecessor-version":[{"id":310988,"href":"https:\/\/www.eldiario.net\/portal\/wp-json\/wp\/v2\/posts\/310987\/revisions\/310988"}],"wp:featuredmedia":[{"embeddable":true,"href":"https:\/\/www.eldiario.net\/portal\/wp-json\/wp\/v2\/media\/308878"}],"wp:attachment":[{"href":"https:\/\/www.eldiario.net\/portal\/wp-json\/wp\/v2\/media?parent=310987"}],"wp:term":[{"taxonomy":"category","embeddable":true,"href":"https:\/\/www.eldiario.net\/portal\/wp-json\/wp\/v2\/categories?post=310987"},{"taxonomy":"post_tag","embeddable":true,"href":"https:\/\/www.eldiario.net\/portal\/wp-json\/wp\/v2\/tags?post=310987"}],"curies":[{"name":"wp","href":"https:\/\/api.w.org\/{rel}","templated":true}]}}