{"id":310980,"date":"2025-06-20T06:13:22","date_gmt":"2025-06-20T10:13:22","guid":{"rendered":"https:\/\/www.eldiario.net\/portal\/?p=310980"},"modified":"2025-06-20T06:13:22","modified_gmt":"2025-06-20T10:13:22","slug":"iran-y-bolivia-caminan-juntos","status":"publish","type":"post","link":"https:\/\/www.eldiario.net\/portal\/2025\/06\/20\/iran-y-bolivia-caminan-juntos\/","title":{"rendered":"Ir\u00e1n y Bolivia caminan juntos\u2026"},"content":{"rendered":"<p><em>Israel e Ir\u00e1n est\u00e1n enfrascados en una dura escalada de un conflicto que los enfrenta desde hace cuatro d\u00e9cadas. La guerra a\u00e9rea y a distancia, con misiles que se ven como fuegos artificiales en el cielo, que ocasionan ruinas y muertes por centenas o millares, es ya una realidad y el mundo la est\u00e1 viendo casi en tiempo real. Israel busca el apoyo de EEUU, pero podr\u00eda ser que en estos d\u00edas su ataque se ralentice y se produzca un alto al fuego, lo cual har\u00eda que Ir\u00e1n se apresure en poner en marcha nuevamente su programa nuclear. Hasta ahora, los ataques de Israel causaron limitados da\u00f1os en el pa\u00eds isl\u00e1mico: solo unas pocas instalaciones en Natanz e Isfah\u00e1n fueron afectadas.<\/em><br \/>\n<em>En medio del flujo de informaci\u00f3n que corre en las redes, las voces bolivianas que repudian a Israel, y en particular al gobierno de Netanyahu, no han sido escasas, en gran medida por el rechazo que genera este gobernante en quienes defienden a Palestina y por la brutalidad con que Israel la ataca desde hace mucho tiempo. Sin embargo, cabe hacer consideraciones cr\u00edticas sobre las repercusiones de Ir\u00e1n en Bolivia, teniendo en cuenta un eventual triunfo del pa\u00eds liderado por el ayatol\u00e1 Al\u00ed Jamenei.<\/em><br \/>\n<em>Desde hace unos a\u00f1os Bolivia estrech\u00f3 relaciones con la teocracia isl\u00e1mica a t\u00edtulo de cooperaci\u00f3n diplom\u00e1tica, y en 2023 los dos Estados firmaron un memorando de defensa, supuestamente para luchar contra el narcotr\u00e1fico e implementar mecanismos de vigilancia fronteriza. Sin embargo, convendr\u00eda sospechar de tal acercamiento y suponer que el acuerdo contempla m\u00e1s que lo que los jefes de Estado dijeron que contemplaba, ya que se sabe que el fundamentalismo isl\u00e1mico pretende expandirse por todo el mundo y que sus medios para hacerlo no son precisamente la persuasi\u00f3n democr\u00e1tica o pac\u00edfica. Para ello, emplea redes de influencia ideol\u00f3gica que muchas veces se sirven de tecnolog\u00eda de punta, justamente esa que naci\u00f3 en el denostado Occidente. Por ese motivo, si la influencia de la teocracia isl\u00e1mica se hace m\u00e1s fuerte, Bolivia podr\u00eda convertirse en un factor de preocupaci\u00f3n ya no solo para los bolivianos, sino para las sociedades de Am\u00e9rica del Sur. Cabe recordar que hace unos d\u00edas se public\u00f3 en La Naci\u00f3n de Buenos Aires un art\u00edculo que alertaba justamente sobre ello.<\/em><br \/>\n<em>Ser\u00eda cuando menos ingenuo pensar que un r\u00e9gimen autoritario como el de Ir\u00e1n pretende relaciones diplom\u00e1ticas en el marco de la autodeterminaci\u00f3n y la no injerencia; los reg\u00edmenes dictatoriales no operan as\u00ed, y menos cuando son potencias militares y tienen programas nucleares, como es el caso del pa\u00eds asi\u00e1tico.<\/em><br \/>\n<em>Con todo esto no se trata de defender el r\u00e9gimen de Netanyahu ni mucho menos las masacres que aquel perpetra contra miles de palestinos que nada tienen que ver con los absurdos conflictos de israel\u00edes e iran\u00edes. Pero s\u00ed de cuestionar severamente las relaciones que Bolivia tiene con Ir\u00e1n, que no es una democracia. Si nuestro pa\u00eds quiere ser democr\u00e1tico, debe cortar sus v\u00ednculos con los matones del mundo, con aquellos que pretenden eliminar los logros conseguidos por la civilizaci\u00f3n occidental. El nuevo gobierno debe considerar seriamente este asunto.<\/em><\/p>\n","protected":false},"excerpt":{"rendered":"<p>Israel e Ir\u00e1n est\u00e1n enfrascados en una dura escalada de un conflicto que los enfrenta desde hace cuatro d\u00e9cadas. La guerra a\u00e9rea y a distancia, con misiles que se ven como fuegos artificiales en el cielo, que ocasionan ruinas y muertes por centenas o millares, es ya una realidad y el mundo la est\u00e1 viendo [&hellip;]<\/p>\n","protected":false},"author":1,"featured_media":194776,"comment_status":"closed","ping_status":"open","sticky":false,"template":"","format":"standard","meta":{"_acf_changed":false,"footnotes":""},"categories":[4],"tags":[],"class_list":["post-310980","post","type-post","status-publish","format-standard","has-post-thumbnail","category-editorial"],"acf":{"antetitulo":""},"yoast_head":"<!-- This site is optimized with the Yoast SEO plugin v28.4 - https:\/\/yoast.com\/product\/yoast-seo-wordpress\/ -->\n<title>Ir\u00e1n y Bolivia caminan juntos\u2026 - El Diario - Bolivia<\/title>\n<meta name=\"robots\" content=\"index, follow, max-snippet:-1, max-image-preview:large, max-video-preview:-1\" \/>\n<link rel=\"canonical\" href=\"https:\/\/www.eldiario.net\/portal\/2025\/06\/20\/iran-y-bolivia-caminan-juntos\/\" \/>\n<meta property=\"og:locale\" content=\"es_ES\" \/>\n<meta property=\"og:type\" content=\"article\" \/>\n<meta property=\"og:title\" content=\"Ir\u00e1n y Bolivia caminan juntos\u2026 - El Diario - Bolivia\" \/>\n<meta property=\"og:description\" content=\"Israel e Ir\u00e1n est\u00e1n enfrascados en una dura escalada de un conflicto que los enfrenta desde hace cuatro d\u00e9cadas. La guerra a\u00e9rea y a distancia, con misiles que se ven como fuegos artificiales en el cielo, que ocasionan ruinas y muertes por centenas o millares, es ya una realidad y el mundo la est\u00e1 viendo [&hellip;]\" \/>\n<meta property=\"og:url\" content=\"https:\/\/www.eldiario.net\/portal\/2025\/06\/20\/iran-y-bolivia-caminan-juntos\/\" \/>\n<meta property=\"og:site_name\" content=\"El Diario - Bolivia\" \/>\n<meta property=\"article:publisher\" content=\"https:\/\/www.facebook.com\/eldiario.bolivia\/\" \/>\n<meta property=\"article:published_time\" content=\"2025-06-20T10:13:22+00:00\" \/>\n<meta property=\"og:image\" content=\"https:\/\/www.eldiario.net\/portal\/wp-content\/uploads\/2023\/12\/Editorial.jpg\" \/>\n\t<meta property=\"og:image:width\" content=\"800\" \/>\n\t<meta property=\"og:image:height\" content=\"500\" \/>\n\t<meta property=\"og:image:type\" content=\"image\/jpeg\" \/>\n<meta name=\"author\" content=\"Jeanette\" \/>\n<meta name=\"twitter:card\" content=\"summary_large_image\" \/>\n<meta name=\"twitter:creator\" content=\"@eldiario_net\" \/>\n<meta name=\"twitter:site\" content=\"@eldiario_net\" \/>\n<meta name=\"twitter:label1\" content=\"Escrito por\" \/>\n\t<meta name=\"twitter:data1\" content=\"Jeanette\" \/>\n\t<meta name=\"twitter:label2\" content=\"Tiempo de lectura\" \/>\n\t<meta name=\"twitter:data2\" content=\"3 minutos\" \/>\n<script type=\"application\/ld+json\" class=\"yoast-schema-graph\">{\"@context\":\"https:\\\/\\\/schema.org\",\"@graph\":[{\"@type\":\"Article\",\"@id\":\"https:\\\/\\\/www.eldiario.net\\\/portal\\\/2025\\\/06\\\/20\\\/iran-y-bolivia-caminan-juntos\\\/#article\",\"isPartOf\":{\"@id\":\"https:\\\/\\\/www.eldiario.net\\\/portal\\\/2025\\\/06\\\/20\\\/iran-y-bolivia-caminan-juntos\\\/\"},\"author\":{\"name\":\"Jeanette\",\"@id\":\"https:\\\/\\\/www.eldiario.net\\\/portal\\\/#\\\/schema\\\/person\\\/2c57cf2b7a7ae032e449e4c9b1019eac\"},\"headline\":\"Ir\u00e1n y Bolivia caminan juntos\u2026\",\"datePublished\":\"2025-06-20T10:13:22+00:00\",\"mainEntityOfPage\":{\"@id\":\"https:\\\/\\\/www.eldiario.net\\\/portal\\\/2025\\\/06\\\/20\\\/iran-y-bolivia-caminan-juntos\\\/\"},\"wordCount\":574,\"publisher\":{\"@id\":\"https:\\\/\\\/www.eldiario.net\\\/portal\\\/#organization\"},\"image\":{\"@id\":\"https:\\\/\\\/www.eldiario.net\\\/portal\\\/2025\\\/06\\\/20\\\/iran-y-bolivia-caminan-juntos\\\/#primaryimage\"},\"thumbnailUrl\":\"https:\\\/\\\/www.eldiario.net\\\/portal\\\/wp-content\\\/uploads\\\/2023\\\/12\\\/Editorial.jpg\",\"articleSection\":[\"Editorial\"],\"inLanguage\":\"es\"},{\"@type\":\"WebPage\",\"@id\":\"https:\\\/\\\/www.eldiario.net\\\/portal\\\/2025\\\/06\\\/20\\\/iran-y-bolivia-caminan-juntos\\\/\",\"url\":\"https:\\\/\\\/www.eldiario.net\\\/portal\\\/2025\\\/06\\\/20\\\/iran-y-bolivia-caminan-juntos\\\/\",\"name\":\"Ir\u00e1n y Bolivia caminan juntos\u2026 - El Diario - Bolivia\",\"isPartOf\":{\"@id\":\"https:\\\/\\\/www.eldiario.net\\\/portal\\\/#website\"},\"primaryImageOfPage\":{\"@id\":\"https:\\\/\\\/www.eldiario.net\\\/portal\\\/2025\\\/06\\\/20\\\/iran-y-bolivia-caminan-juntos\\\/#primaryimage\"},\"image\":{\"@id\":\"https:\\\/\\\/www.eldiario.net\\\/portal\\\/2025\\\/06\\\/20\\\/iran-y-bolivia-caminan-juntos\\\/#primaryimage\"},\"thumbnailUrl\":\"https:\\\/\\\/www.eldiario.net\\\/portal\\\/wp-content\\\/uploads\\\/2023\\\/12\\\/Editorial.jpg\",\"datePublished\":\"2025-06-20T10:13:22+00:00\",\"breadcrumb\":{\"@id\":\"https:\\\/\\\/www.eldiario.net\\\/portal\\\/2025\\\/06\\\/20\\\/iran-y-bolivia-caminan-juntos\\\/#breadcrumb\"},\"inLanguage\":\"es\",\"potentialAction\":[{\"@type\":\"ReadAction\",\"target\":[\"https:\\\/\\\/www.eldiario.net\\\/portal\\\/2025\\\/06\\\/20\\\/iran-y-bolivia-caminan-juntos\\\/\"]}]},{\"@type\":\"ImageObject\",\"inLanguage\":\"es\",\"@id\":\"https:\\\/\\\/www.eldiario.net\\\/portal\\\/2025\\\/06\\\/20\\\/iran-y-bolivia-caminan-juntos\\\/#primaryimage\",\"url\":\"https:\\\/\\\/www.eldiario.net\\\/portal\\\/wp-content\\\/uploads\\\/2023\\\/12\\\/Editorial.jpg\",\"contentUrl\":\"https:\\\/\\\/www.eldiario.net\\\/portal\\\/wp-content\\\/uploads\\\/2023\\\/12\\\/Editorial.jpg\",\"width\":800,\"height\":500},{\"@type\":\"BreadcrumbList\",\"@id\":\"https:\\\/\\\/www.eldiario.net\\\/portal\\\/2025\\\/06\\\/20\\\/iran-y-bolivia-caminan-juntos\\\/#breadcrumb\",\"itemListElement\":[{\"@type\":\"ListItem\",\"position\":1,\"name\":\"Portada\",\"item\":\"https:\\\/\\\/www.eldiario.net\\\/portal\\\/\"},{\"@type\":\"ListItem\",\"position\":2,\"name\":\"Ir\u00e1n y Bolivia caminan juntos\u2026\"}]},{\"@type\":\"WebSite\",\"@id\":\"https:\\\/\\\/www.eldiario.net\\\/portal\\\/#website\",\"url\":\"https:\\\/\\\/www.eldiario.net\\\/portal\\\/\",\"name\":\"El Diario - Decano de la prensa nacional\",\"description\":\"El Diario - Decano de la prensa nacional\",\"publisher\":{\"@id\":\"https:\\\/\\\/www.eldiario.net\\\/portal\\\/#organization\"},\"potentialAction\":[{\"@type\":\"SearchAction\",\"target\":{\"@type\":\"EntryPoint\",\"urlTemplate\":\"https:\\\/\\\/www.eldiario.net\\\/portal\\\/?s={search_term_string}\"},\"query-input\":{\"@type\":\"PropertyValueSpecification\",\"valueRequired\":true,\"valueName\":\"search_term_string\"}}],\"inLanguage\":\"es\"},{\"@type\":\"Organization\",\"@id\":\"https:\\\/\\\/www.eldiario.net\\\/portal\\\/#organization\",\"name\":\"El Diario - Decano de la prensa nacional\",\"url\":\"https:\\\/\\\/www.eldiario.net\\\/portal\\\/\",\"logo\":{\"@type\":\"ImageObject\",\"inLanguage\":\"es\",\"@id\":\"https:\\\/\\\/www.eldiario.net\\\/portal\\\/#\\\/schema\\\/logo\\\/image\\\/\",\"url\":\"https:\\\/\\\/www.eldiario.net\\\/portal\\\/wp-content\\\/uploads\\\/2023\\\/07\\\/logo_ED.jpg\",\"contentUrl\":\"https:\\\/\\\/www.eldiario.net\\\/portal\\\/wp-content\\\/uploads\\\/2023\\\/07\\\/logo_ED.jpg\",\"width\":272,\"height\":52,\"caption\":\"El Diario - Decano de la prensa nacional\"},\"image\":{\"@id\":\"https:\\\/\\\/www.eldiario.net\\\/portal\\\/#\\\/schema\\\/logo\\\/image\\\/\"},\"sameAs\":[\"https:\\\/\\\/www.facebook.com\\\/eldiario.bolivia\\\/\",\"https:\\\/\\\/x.com\\\/eldiario_net\"]},{\"@type\":\"Person\",\"@id\":\"https:\\\/\\\/www.eldiario.net\\\/portal\\\/#\\\/schema\\\/person\\\/2c57cf2b7a7ae032e449e4c9b1019eac\",\"name\":\"Jeanette\",\"image\":{\"@type\":\"ImageObject\",\"inLanguage\":\"es\",\"@id\":\"https:\\\/\\\/secure.gravatar.com\\\/avatar\\\/3ea2118a5f7dad2b7138b1187a6b7ee55f160b9968b66013c3a3ef39dd7e5798?s=96&d=mm&r=g\",\"url\":\"https:\\\/\\\/secure.gravatar.com\\\/avatar\\\/3ea2118a5f7dad2b7138b1187a6b7ee55f160b9968b66013c3a3ef39dd7e5798?s=96&d=mm&r=g\",\"contentUrl\":\"https:\\\/\\\/secure.gravatar.com\\\/avatar\\\/3ea2118a5f7dad2b7138b1187a6b7ee55f160b9968b66013c3a3ef39dd7e5798?s=96&d=mm&r=g\",\"caption\":\"Jeanette\"},\"sameAs\":[\"https:\\\/\\\/www.eldiario.net\\\/portal\"],\"url\":\"https:\\\/\\\/www.eldiario.net\\\/portal\\\/author\\\/jeanette\\\/\"}]}<\/script>\n<!-- \/ Yoast SEO plugin. -->","yoast_head_json":{"title":"Ir\u00e1n y Bolivia caminan juntos\u2026 - El Diario - Bolivia","robots":{"index":"index","follow":"follow","max-snippet":"max-snippet:-1","max-image-preview":"max-image-preview:large","max-video-preview":"max-video-preview:-1"},"canonical":"https:\/\/www.eldiario.net\/portal\/2025\/06\/20\/iran-y-bolivia-caminan-juntos\/","og_locale":"es_ES","og_type":"article","og_title":"Ir\u00e1n y Bolivia caminan juntos\u2026 - El Diario - Bolivia","og_description":"Israel e Ir\u00e1n est\u00e1n enfrascados en una dura escalada de un conflicto que los enfrenta desde hace cuatro d\u00e9cadas. La guerra a\u00e9rea y a distancia, con misiles que se ven como fuegos artificiales en el cielo, que ocasionan ruinas y muertes por centenas o millares, es ya una realidad y el mundo la est\u00e1 viendo [&hellip;]","og_url":"https:\/\/www.eldiario.net\/portal\/2025\/06\/20\/iran-y-bolivia-caminan-juntos\/","og_site_name":"El Diario - Bolivia","article_publisher":"https:\/\/www.facebook.com\/eldiario.bolivia\/","article_published_time":"2025-06-20T10:13:22+00:00","og_image":[{"width":800,"height":500,"url":"https:\/\/www.eldiario.net\/portal\/wp-content\/uploads\/2023\/12\/Editorial.jpg","type":"image\/jpeg"}],"author":"Jeanette","twitter_card":"summary_large_image","twitter_creator":"@eldiario_net","twitter_site":"@eldiario_net","twitter_misc":{"Escrito por":"Jeanette","Tiempo de lectura":"3 minutos"},"schema":{"@context":"https:\/\/schema.org","@graph":[{"@type":"Article","@id":"https:\/\/www.eldiario.net\/portal\/2025\/06\/20\/iran-y-bolivia-caminan-juntos\/#article","isPartOf":{"@id":"https:\/\/www.eldiario.net\/portal\/2025\/06\/20\/iran-y-bolivia-caminan-juntos\/"},"author":{"name":"Jeanette","@id":"https:\/\/www.eldiario.net\/portal\/#\/schema\/person\/2c57cf2b7a7ae032e449e4c9b1019eac"},"headline":"Ir\u00e1n y Bolivia caminan juntos\u2026","datePublished":"2025-06-20T10:13:22+00:00","mainEntityOfPage":{"@id":"https:\/\/www.eldiario.net\/portal\/2025\/06\/20\/iran-y-bolivia-caminan-juntos\/"},"wordCount":574,"publisher":{"@id":"https:\/\/www.eldiario.net\/portal\/#organization"},"image":{"@id":"https:\/\/www.eldiario.net\/portal\/2025\/06\/20\/iran-y-bolivia-caminan-juntos\/#primaryimage"},"thumbnailUrl":"https:\/\/www.eldiario.net\/portal\/wp-content\/uploads\/2023\/12\/Editorial.jpg","articleSection":["Editorial"],"inLanguage":"es"},{"@type":"WebPage","@id":"https:\/\/www.eldiario.net\/portal\/2025\/06\/20\/iran-y-bolivia-caminan-juntos\/","url":"https:\/\/www.eldiario.net\/portal\/2025\/06\/20\/iran-y-bolivia-caminan-juntos\/","name":"Ir\u00e1n y Bolivia caminan juntos\u2026 - El Diario - Bolivia","isPartOf":{"@id":"https:\/\/www.eldiario.net\/portal\/#website"},"primaryImageOfPage":{"@id":"https:\/\/www.eldiario.net\/portal\/2025\/06\/20\/iran-y-bolivia-caminan-juntos\/#primaryimage"},"image":{"@id":"https:\/\/www.eldiario.net\/portal\/2025\/06\/20\/iran-y-bolivia-caminan-juntos\/#primaryimage"},"thumbnailUrl":"https:\/\/www.eldiario.net\/portal\/wp-content\/uploads\/2023\/12\/Editorial.jpg","datePublished":"2025-06-20T10:13:22+00:00","breadcrumb":{"@id":"https:\/\/www.eldiario.net\/portal\/2025\/06\/20\/iran-y-bolivia-caminan-juntos\/#breadcrumb"},"inLanguage":"es","potentialAction":[{"@type":"ReadAction","target":["https:\/\/www.eldiario.net\/portal\/2025\/06\/20\/iran-y-bolivia-caminan-juntos\/"]}]},{"@type":"ImageObject","inLanguage":"es","@id":"https:\/\/www.eldiario.net\/portal\/2025\/06\/20\/iran-y-bolivia-caminan-juntos\/#primaryimage","url":"https:\/\/www.eldiario.net\/portal\/wp-content\/uploads\/2023\/12\/Editorial.jpg","contentUrl":"https:\/\/www.eldiario.net\/portal\/wp-content\/uploads\/2023\/12\/Editorial.jpg","width":800,"height":500},{"@type":"BreadcrumbList","@id":"https:\/\/www.eldiario.net\/portal\/2025\/06\/20\/iran-y-bolivia-caminan-juntos\/#breadcrumb","itemListElement":[{"@type":"ListItem","position":1,"name":"Portada","item":"https:\/\/www.eldiario.net\/portal\/"},{"@type":"ListItem","position":2,"name":"Ir\u00e1n y Bolivia caminan juntos\u2026"}]},{"@type":"WebSite","@id":"https:\/\/www.eldiario.net\/portal\/#website","url":"https:\/\/www.eldiario.net\/portal\/","name":"El Diario - Decano de la prensa nacional","description":"El Diario - Decano de la prensa nacional","publisher":{"@id":"https:\/\/www.eldiario.net\/portal\/#organization"},"potentialAction":[{"@type":"SearchAction","target":{"@type":"EntryPoint","urlTemplate":"https:\/\/www.eldiario.net\/portal\/?s={search_term_string}"},"query-input":{"@type":"PropertyValueSpecification","valueRequired":true,"valueName":"search_term_string"}}],"inLanguage":"es"},{"@type":"Organization","@id":"https:\/\/www.eldiario.net\/portal\/#organization","name":"El Diario - Decano de la prensa nacional","url":"https:\/\/www.eldiario.net\/portal\/","logo":{"@type":"ImageObject","inLanguage":"es","@id":"https:\/\/www.eldiario.net\/portal\/#\/schema\/logo\/image\/","url":"https:\/\/www.eldiario.net\/portal\/wp-content\/uploads\/2023\/07\/logo_ED.jpg","contentUrl":"https:\/\/www.eldiario.net\/portal\/wp-content\/uploads\/2023\/07\/logo_ED.jpg","width":272,"height":52,"caption":"El Diario - Decano de la prensa nacional"},"image":{"@id":"https:\/\/www.eldiario.net\/portal\/#\/schema\/logo\/image\/"},"sameAs":["https:\/\/www.facebook.com\/eldiario.bolivia\/","https:\/\/x.com\/eldiario_net"]},{"@type":"Person","@id":"https:\/\/www.eldiario.net\/portal\/#\/schema\/person\/2c57cf2b7a7ae032e449e4c9b1019eac","name":"Jeanette","image":{"@type":"ImageObject","inLanguage":"es","@id":"https:\/\/secure.gravatar.com\/avatar\/3ea2118a5f7dad2b7138b1187a6b7ee55f160b9968b66013c3a3ef39dd7e5798?s=96&d=mm&r=g","url":"https:\/\/secure.gravatar.com\/avatar\/3ea2118a5f7dad2b7138b1187a6b7ee55f160b9968b66013c3a3ef39dd7e5798?s=96&d=mm&r=g","contentUrl":"https:\/\/secure.gravatar.com\/avatar\/3ea2118a5f7dad2b7138b1187a6b7ee55f160b9968b66013c3a3ef39dd7e5798?s=96&d=mm&r=g","caption":"Jeanette"},"sameAs":["https:\/\/www.eldiario.net\/portal"],"url":"https:\/\/www.eldiario.net\/portal\/author\/jeanette\/"}]}},"_links":{"self":[{"href":"https:\/\/www.eldiario.net\/portal\/wp-json\/wp\/v2\/posts\/310980","targetHints":{"allow":["GET"]}}],"collection":[{"href":"https:\/\/www.eldiario.net\/portal\/wp-json\/wp\/v2\/posts"}],"about":[{"href":"https:\/\/www.eldiario.net\/portal\/wp-json\/wp\/v2\/types\/post"}],"author":[{"embeddable":true,"href":"https:\/\/www.eldiario.net\/portal\/wp-json\/wp\/v2\/users\/1"}],"replies":[{"embeddable":true,"href":"https:\/\/www.eldiario.net\/portal\/wp-json\/wp\/v2\/comments?post=310980"}],"version-history":[{"count":1,"href":"https:\/\/www.eldiario.net\/portal\/wp-json\/wp\/v2\/posts\/310980\/revisions"}],"predecessor-version":[{"id":310981,"href":"https:\/\/www.eldiario.net\/portal\/wp-json\/wp\/v2\/posts\/310980\/revisions\/310981"}],"wp:featuredmedia":[{"embeddable":true,"href":"https:\/\/www.eldiario.net\/portal\/wp-json\/wp\/v2\/media\/194776"}],"wp:attachment":[{"href":"https:\/\/www.eldiario.net\/portal\/wp-json\/wp\/v2\/media?parent=310980"}],"wp:term":[{"taxonomy":"category","embeddable":true,"href":"https:\/\/www.eldiario.net\/portal\/wp-json\/wp\/v2\/categories?post=310980"},{"taxonomy":"post_tag","embeddable":true,"href":"https:\/\/www.eldiario.net\/portal\/wp-json\/wp\/v2\/tags?post=310980"}],"curies":[{"name":"wp","href":"https:\/\/api.w.org\/{rel}","templated":true}]}}