{"id":310977,"date":"2025-06-20T06:11:58","date_gmt":"2025-06-20T10:11:58","guid":{"rendered":"https:\/\/www.eldiario.net\/portal\/?p=310977"},"modified":"2025-06-20T06:11:58","modified_gmt":"2025-06-20T10:11:58","slug":"ministerio-de-justicia-forma-parte-de-actual-crisis-judicial","status":"publish","type":"post","link":"https:\/\/www.eldiario.net\/portal\/2025\/06\/20\/ministerio-de-justicia-forma-parte-de-actual-crisis-judicial\/","title":{"rendered":"Ministerio de Justicia forma  parte de actual crisis judicial"},"content":{"rendered":"<p>Recordando que en la gesti\u00f3n 2023 present\u00f3 un proyecto de ley para eliminar el Ministerio de Justicia de la estructura del \u00d3rgano Ejecutivo, el asamble\u00edsta nacional por el departamento del Beni, \u00d3scar Balderas, se\u00f1al\u00f3 que, esta cartera de Estado forma parte de la actual crisis judicial, sin embargo, la prolongada disputa \u201cmasista\u201d en el Parlamento impide abordar temas importantes como la justicia.<br \/>\nEn criterio del legislador opositor, solo con la eliminaci\u00f3n de la cartera de Justicia se podr\u00e1 colaborar, en algo, con la reforma judicial que tanto demanda la poblaci\u00f3n, esto tomando en cuenta que recientes hechos han demostrado que esta instancia es parte de la grave crisis judicial en el pa\u00eds.<br \/>\n\u201cEl Ministerio de Justicia actualmente es y forma parte de la crisis del sistema judicial. Eliminar este ministerio, es urgente no solo para reducir gastos sino tambi\u00e9n para fortalecer al \u00d3rgano Judicial\u201d, expres\u00f3 el diputado.<br \/>\nAsimismo, record\u00f3 que el Ministerio de Justicia fue creado como una instancia para \u201ccoordinar\u201d tareas entre los \u00f3rganos Ejecutivo y Judicial en temas de relacionados a la administraci\u00f3n de justicia, pero en los hechos, este ministerio ejerce un rol netamente pol\u00edtico destinado a controlar y definir todo el tema de la administraci\u00f3n de justicia en el pa\u00eds.<br \/>\nA esto se suma que toda iniciativa para reestructurar el aparato judicial o plantee cambios estructurales en la justicia y sus administradores, a trav\u00e9s de la Asamblea Legislativa, tropieza con trabas y falta de voluntad pol\u00edtica en parlamentarios que priorizan las disputas partidarias por sobre los intereses del pa\u00eds y las necesidades de la gente.<br \/>\n\u201cLamentablemente en la Asamblea Legislativa no se prioriza el tratamiento de normas importantes, la pelea entre \u2018arcistas\u2019 y \u2018evistas\u2019 impide resolver aspectos fundamentales como la justicia\u201d, lament\u00f3 Balderas, reiterando que la eliminaci\u00f3n del Ministerio de Justicia ser\u00eda un paso importante para una posible reestructuraci\u00f3n del \u00d3rgano Judicial y una fuerte medida de austeridad en tiempos de crisis.<br \/>\nD\u00edas atr\u00e1s, la diputada de Comunidad Ciudadana (CC), Janira Rom\u00e1n, hab\u00eda exigido el cierre de este ministerio, tras que se hiciera p\u00fablico un audio atribuido al exministro C\u00e9sar Siles, en el que confabula para destituir del cargo a una magistrada del Tribunal Supremo de Justicia. Seg\u00fan la legisladora, esa cartera de Estado le cuesta al pueblo m\u00e1s de 84 millones de bolivianos, s\u00f3lo para el beneficio del oficialismo.<br \/>\n\u201cExigimos el cierre inmediato del Ministerio de Justicia, que es s\u00f3lo un brazo operador del control del sistema judicial del masismo. Este ministerio le cuesta al pueblo en crisis, 84 millones de bolivianos\u201d, dijo Rom\u00e1n.<br \/>\nLa parlamentaria cuestion\u00f3 que instancias de justicia hayan asumido posiciones tratando de desconocer las pruebas que relacionan a una ex alta autoridad del Ejecutivo, con el caso del consorcio judicial develado en los \u00faltimos d\u00edas, hecho que lleva a sospechar que se busca impunidad para los involucrados.<br \/>\nComplement\u00f3: \u201cestos 84 millones de bolivianos que despilfarra el gobierno del MAS en su corrupci\u00f3n, ser\u00edan de gran utilidad para comprar de combustible. Exigimos al presidente Luis Arce acciones inmediatas ante la claridad de las pruebas y la continuidad de la crisis. El Ministerio de Justicia debe cerrarse, ya\u201d.<\/p>\n","protected":false},"excerpt":{"rendered":"<p>Recordando que en la gesti\u00f3n 2023 present\u00f3 un proyecto de ley para eliminar el Ministerio de Justicia de la estructura del \u00d3rgano Ejecutivo, el asamble\u00edsta nacional por el departamento del Beni, \u00d3scar Balderas, se\u00f1al\u00f3 que, esta cartera de Estado forma parte de la actual crisis judicial, sin embargo, la prolongada disputa \u201cmasista\u201d en el Parlamento [&hellip;]<\/p>\n","protected":false},"author":1,"featured_media":310978,"comment_status":"closed","ping_status":"open","sticky":false,"template":"","format":"standard","meta":{"_acf_changed":false,"footnotes":""},"categories":[14],"tags":[],"class_list":["post-310977","post","type-post","status-publish","format-standard","has-post-thumbnail","category-politica"],"acf":{"antetitulo":"Suman pedidos para eliminar esta cartera"},"yoast_head":"<!-- This site is optimized with the Yoast SEO plugin v28.4 - https:\/\/yoast.com\/product\/yoast-seo-wordpress\/ -->\n<title>Ministerio de Justicia forma parte de actual crisis judicial - El Diario - Bolivia<\/title>\n<meta name=\"robots\" content=\"index, follow, max-snippet:-1, max-image-preview:large, max-video-preview:-1\" \/>\n<link rel=\"canonical\" href=\"https:\/\/www.eldiario.net\/portal\/2025\/06\/20\/ministerio-de-justicia-forma-parte-de-actual-crisis-judicial\/\" \/>\n<meta property=\"og:locale\" content=\"es_ES\" \/>\n<meta property=\"og:type\" content=\"article\" \/>\n<meta property=\"og:title\" content=\"Ministerio de Justicia forma parte de actual crisis judicial - El Diario - Bolivia\" \/>\n<meta property=\"og:description\" content=\"Recordando que en la gesti\u00f3n 2023 present\u00f3 un proyecto de ley para eliminar el Ministerio de Justicia de la estructura del \u00d3rgano Ejecutivo, el asamble\u00edsta nacional por el departamento del Beni, \u00d3scar Balderas, se\u00f1al\u00f3 que, esta cartera de Estado forma parte de la actual crisis judicial, sin embargo, la prolongada disputa \u201cmasista\u201d en el Parlamento [&hellip;]\" \/>\n<meta property=\"og:url\" content=\"https:\/\/www.eldiario.net\/portal\/2025\/06\/20\/ministerio-de-justicia-forma-parte-de-actual-crisis-judicial\/\" \/>\n<meta property=\"og:site_name\" content=\"El Diario - Bolivia\" \/>\n<meta property=\"article:publisher\" content=\"https:\/\/www.facebook.com\/eldiario.bolivia\/\" \/>\n<meta property=\"article:published_time\" content=\"2025-06-20T10:11:58+00:00\" \/>\n<meta property=\"og:image\" content=\"https:\/\/www.eldiario.net\/portal\/wp-content\/uploads\/2025\/06\/BALDERAS-1.webp\" \/>\n\t<meta property=\"og:image:width\" content=\"1280\" \/>\n\t<meta property=\"og:image:height\" content=\"901\" \/>\n\t<meta property=\"og:image:type\" content=\"image\/webp\" \/>\n<meta name=\"author\" content=\"Jeanette\" \/>\n<meta name=\"twitter:card\" content=\"summary_large_image\" \/>\n<meta name=\"twitter:creator\" content=\"@eldiario_net\" \/>\n<meta name=\"twitter:site\" content=\"@eldiario_net\" \/>\n<meta name=\"twitter:label1\" content=\"Escrito por\" \/>\n\t<meta name=\"twitter:data1\" content=\"Jeanette\" \/>\n\t<meta name=\"twitter:label2\" content=\"Tiempo de lectura\" \/>\n\t<meta name=\"twitter:data2\" content=\"3 minutos\" \/>\n<script type=\"application\/ld+json\" class=\"yoast-schema-graph\">{\"@context\":\"https:\\\/\\\/schema.org\",\"@graph\":[{\"@type\":\"Article\",\"@id\":\"https:\\\/\\\/www.eldiario.net\\\/portal\\\/2025\\\/06\\\/20\\\/ministerio-de-justicia-forma-parte-de-actual-crisis-judicial\\\/#article\",\"isPartOf\":{\"@id\":\"https:\\\/\\\/www.eldiario.net\\\/portal\\\/2025\\\/06\\\/20\\\/ministerio-de-justicia-forma-parte-de-actual-crisis-judicial\\\/\"},\"author\":{\"name\":\"Jeanette\",\"@id\":\"https:\\\/\\\/www.eldiario.net\\\/portal\\\/#\\\/schema\\\/person\\\/2c57cf2b7a7ae032e449e4c9b1019eac\"},\"headline\":\"Ministerio de Justicia forma parte de actual crisis judicial\",\"datePublished\":\"2025-06-20T10:11:58+00:00\",\"mainEntityOfPage\":{\"@id\":\"https:\\\/\\\/www.eldiario.net\\\/portal\\\/2025\\\/06\\\/20\\\/ministerio-de-justicia-forma-parte-de-actual-crisis-judicial\\\/\"},\"wordCount\":551,\"publisher\":{\"@id\":\"https:\\\/\\\/www.eldiario.net\\\/portal\\\/#organization\"},\"image\":{\"@id\":\"https:\\\/\\\/www.eldiario.net\\\/portal\\\/2025\\\/06\\\/20\\\/ministerio-de-justicia-forma-parte-de-actual-crisis-judicial\\\/#primaryimage\"},\"thumbnailUrl\":\"https:\\\/\\\/www.eldiario.net\\\/portal\\\/wp-content\\\/uploads\\\/2025\\\/06\\\/BALDERAS-1.webp\",\"articleSection\":[\"Pol\u00edtica\"],\"inLanguage\":\"es\"},{\"@type\":\"WebPage\",\"@id\":\"https:\\\/\\\/www.eldiario.net\\\/portal\\\/2025\\\/06\\\/20\\\/ministerio-de-justicia-forma-parte-de-actual-crisis-judicial\\\/\",\"url\":\"https:\\\/\\\/www.eldiario.net\\\/portal\\\/2025\\\/06\\\/20\\\/ministerio-de-justicia-forma-parte-de-actual-crisis-judicial\\\/\",\"name\":\"Ministerio de Justicia forma parte de actual crisis judicial - El Diario - Bolivia\",\"isPartOf\":{\"@id\":\"https:\\\/\\\/www.eldiario.net\\\/portal\\\/#website\"},\"primaryImageOfPage\":{\"@id\":\"https:\\\/\\\/www.eldiario.net\\\/portal\\\/2025\\\/06\\\/20\\\/ministerio-de-justicia-forma-parte-de-actual-crisis-judicial\\\/#primaryimage\"},\"image\":{\"@id\":\"https:\\\/\\\/www.eldiario.net\\\/portal\\\/2025\\\/06\\\/20\\\/ministerio-de-justicia-forma-parte-de-actual-crisis-judicial\\\/#primaryimage\"},\"thumbnailUrl\":\"https:\\\/\\\/www.eldiario.net\\\/portal\\\/wp-content\\\/uploads\\\/2025\\\/06\\\/BALDERAS-1.webp\",\"datePublished\":\"2025-06-20T10:11:58+00:00\",\"breadcrumb\":{\"@id\":\"https:\\\/\\\/www.eldiario.net\\\/portal\\\/2025\\\/06\\\/20\\\/ministerio-de-justicia-forma-parte-de-actual-crisis-judicial\\\/#breadcrumb\"},\"inLanguage\":\"es\",\"potentialAction\":[{\"@type\":\"ReadAction\",\"target\":[\"https:\\\/\\\/www.eldiario.net\\\/portal\\\/2025\\\/06\\\/20\\\/ministerio-de-justicia-forma-parte-de-actual-crisis-judicial\\\/\"]}]},{\"@type\":\"ImageObject\",\"inLanguage\":\"es\",\"@id\":\"https:\\\/\\\/www.eldiario.net\\\/portal\\\/2025\\\/06\\\/20\\\/ministerio-de-justicia-forma-parte-de-actual-crisis-judicial\\\/#primaryimage\",\"url\":\"https:\\\/\\\/www.eldiario.net\\\/portal\\\/wp-content\\\/uploads\\\/2025\\\/06\\\/BALDERAS-1.webp\",\"contentUrl\":\"https:\\\/\\\/www.eldiario.net\\\/portal\\\/wp-content\\\/uploads\\\/2025\\\/06\\\/BALDERAS-1.webp\",\"width\":1280,\"height\":901},{\"@type\":\"BreadcrumbList\",\"@id\":\"https:\\\/\\\/www.eldiario.net\\\/portal\\\/2025\\\/06\\\/20\\\/ministerio-de-justicia-forma-parte-de-actual-crisis-judicial\\\/#breadcrumb\",\"itemListElement\":[{\"@type\":\"ListItem\",\"position\":1,\"name\":\"Portada\",\"item\":\"https:\\\/\\\/www.eldiario.net\\\/portal\\\/\"},{\"@type\":\"ListItem\",\"position\":2,\"name\":\"Ministerio de Justicia forma parte de actual crisis judicial\"}]},{\"@type\":\"WebSite\",\"@id\":\"https:\\\/\\\/www.eldiario.net\\\/portal\\\/#website\",\"url\":\"https:\\\/\\\/www.eldiario.net\\\/portal\\\/\",\"name\":\"El Diario - Decano de la prensa nacional\",\"description\":\"El Diario - Decano de la prensa nacional\",\"publisher\":{\"@id\":\"https:\\\/\\\/www.eldiario.net\\\/portal\\\/#organization\"},\"potentialAction\":[{\"@type\":\"SearchAction\",\"target\":{\"@type\":\"EntryPoint\",\"urlTemplate\":\"https:\\\/\\\/www.eldiario.net\\\/portal\\\/?s={search_term_string}\"},\"query-input\":{\"@type\":\"PropertyValueSpecification\",\"valueRequired\":true,\"valueName\":\"search_term_string\"}}],\"inLanguage\":\"es\"},{\"@type\":\"Organization\",\"@id\":\"https:\\\/\\\/www.eldiario.net\\\/portal\\\/#organization\",\"name\":\"El Diario - Decano de la prensa nacional\",\"url\":\"https:\\\/\\\/www.eldiario.net\\\/portal\\\/\",\"logo\":{\"@type\":\"ImageObject\",\"inLanguage\":\"es\",\"@id\":\"https:\\\/\\\/www.eldiario.net\\\/portal\\\/#\\\/schema\\\/logo\\\/image\\\/\",\"url\":\"https:\\\/\\\/www.eldiario.net\\\/portal\\\/wp-content\\\/uploads\\\/2023\\\/07\\\/logo_ED.jpg\",\"contentUrl\":\"https:\\\/\\\/www.eldiario.net\\\/portal\\\/wp-content\\\/uploads\\\/2023\\\/07\\\/logo_ED.jpg\",\"width\":272,\"height\":52,\"caption\":\"El Diario - Decano de la prensa nacional\"},\"image\":{\"@id\":\"https:\\\/\\\/www.eldiario.net\\\/portal\\\/#\\\/schema\\\/logo\\\/image\\\/\"},\"sameAs\":[\"https:\\\/\\\/www.facebook.com\\\/eldiario.bolivia\\\/\",\"https:\\\/\\\/x.com\\\/eldiario_net\"]},{\"@type\":\"Person\",\"@id\":\"https:\\\/\\\/www.eldiario.net\\\/portal\\\/#\\\/schema\\\/person\\\/2c57cf2b7a7ae032e449e4c9b1019eac\",\"name\":\"Jeanette\",\"image\":{\"@type\":\"ImageObject\",\"inLanguage\":\"es\",\"@id\":\"https:\\\/\\\/secure.gravatar.com\\\/avatar\\\/3ea2118a5f7dad2b7138b1187a6b7ee55f160b9968b66013c3a3ef39dd7e5798?s=96&d=mm&r=g\",\"url\":\"https:\\\/\\\/secure.gravatar.com\\\/avatar\\\/3ea2118a5f7dad2b7138b1187a6b7ee55f160b9968b66013c3a3ef39dd7e5798?s=96&d=mm&r=g\",\"contentUrl\":\"https:\\\/\\\/secure.gravatar.com\\\/avatar\\\/3ea2118a5f7dad2b7138b1187a6b7ee55f160b9968b66013c3a3ef39dd7e5798?s=96&d=mm&r=g\",\"caption\":\"Jeanette\"},\"sameAs\":[\"https:\\\/\\\/www.eldiario.net\\\/portal\"],\"url\":\"https:\\\/\\\/www.eldiario.net\\\/portal\\\/author\\\/jeanette\\\/\"}]}<\/script>\n<!-- \/ Yoast SEO plugin. -->","yoast_head_json":{"title":"Ministerio de Justicia forma parte de actual crisis judicial - El Diario - Bolivia","robots":{"index":"index","follow":"follow","max-snippet":"max-snippet:-1","max-image-preview":"max-image-preview:large","max-video-preview":"max-video-preview:-1"},"canonical":"https:\/\/www.eldiario.net\/portal\/2025\/06\/20\/ministerio-de-justicia-forma-parte-de-actual-crisis-judicial\/","og_locale":"es_ES","og_type":"article","og_title":"Ministerio de Justicia forma parte de actual crisis judicial - El Diario - Bolivia","og_description":"Recordando que en la gesti\u00f3n 2023 present\u00f3 un proyecto de ley para eliminar el Ministerio de Justicia de la estructura del \u00d3rgano Ejecutivo, el asamble\u00edsta nacional por el departamento del Beni, \u00d3scar Balderas, se\u00f1al\u00f3 que, esta cartera de Estado forma parte de la actual crisis judicial, sin embargo, la prolongada disputa \u201cmasista\u201d en el Parlamento [&hellip;]","og_url":"https:\/\/www.eldiario.net\/portal\/2025\/06\/20\/ministerio-de-justicia-forma-parte-de-actual-crisis-judicial\/","og_site_name":"El Diario - Bolivia","article_publisher":"https:\/\/www.facebook.com\/eldiario.bolivia\/","article_published_time":"2025-06-20T10:11:58+00:00","og_image":[{"width":1280,"height":901,"url":"https:\/\/www.eldiario.net\/portal\/wp-content\/uploads\/2025\/06\/BALDERAS-1.webp","type":"image\/webp"}],"author":"Jeanette","twitter_card":"summary_large_image","twitter_creator":"@eldiario_net","twitter_site":"@eldiario_net","twitter_misc":{"Escrito por":"Jeanette","Tiempo de lectura":"3 minutos"},"schema":{"@context":"https:\/\/schema.org","@graph":[{"@type":"Article","@id":"https:\/\/www.eldiario.net\/portal\/2025\/06\/20\/ministerio-de-justicia-forma-parte-de-actual-crisis-judicial\/#article","isPartOf":{"@id":"https:\/\/www.eldiario.net\/portal\/2025\/06\/20\/ministerio-de-justicia-forma-parte-de-actual-crisis-judicial\/"},"author":{"name":"Jeanette","@id":"https:\/\/www.eldiario.net\/portal\/#\/schema\/person\/2c57cf2b7a7ae032e449e4c9b1019eac"},"headline":"Ministerio de Justicia forma parte de actual crisis judicial","datePublished":"2025-06-20T10:11:58+00:00","mainEntityOfPage":{"@id":"https:\/\/www.eldiario.net\/portal\/2025\/06\/20\/ministerio-de-justicia-forma-parte-de-actual-crisis-judicial\/"},"wordCount":551,"publisher":{"@id":"https:\/\/www.eldiario.net\/portal\/#organization"},"image":{"@id":"https:\/\/www.eldiario.net\/portal\/2025\/06\/20\/ministerio-de-justicia-forma-parte-de-actual-crisis-judicial\/#primaryimage"},"thumbnailUrl":"https:\/\/www.eldiario.net\/portal\/wp-content\/uploads\/2025\/06\/BALDERAS-1.webp","articleSection":["Pol\u00edtica"],"inLanguage":"es"},{"@type":"WebPage","@id":"https:\/\/www.eldiario.net\/portal\/2025\/06\/20\/ministerio-de-justicia-forma-parte-de-actual-crisis-judicial\/","url":"https:\/\/www.eldiario.net\/portal\/2025\/06\/20\/ministerio-de-justicia-forma-parte-de-actual-crisis-judicial\/","name":"Ministerio de Justicia forma parte de actual crisis judicial - El Diario - Bolivia","isPartOf":{"@id":"https:\/\/www.eldiario.net\/portal\/#website"},"primaryImageOfPage":{"@id":"https:\/\/www.eldiario.net\/portal\/2025\/06\/20\/ministerio-de-justicia-forma-parte-de-actual-crisis-judicial\/#primaryimage"},"image":{"@id":"https:\/\/www.eldiario.net\/portal\/2025\/06\/20\/ministerio-de-justicia-forma-parte-de-actual-crisis-judicial\/#primaryimage"},"thumbnailUrl":"https:\/\/www.eldiario.net\/portal\/wp-content\/uploads\/2025\/06\/BALDERAS-1.webp","datePublished":"2025-06-20T10:11:58+00:00","breadcrumb":{"@id":"https:\/\/www.eldiario.net\/portal\/2025\/06\/20\/ministerio-de-justicia-forma-parte-de-actual-crisis-judicial\/#breadcrumb"},"inLanguage":"es","potentialAction":[{"@type":"ReadAction","target":["https:\/\/www.eldiario.net\/portal\/2025\/06\/20\/ministerio-de-justicia-forma-parte-de-actual-crisis-judicial\/"]}]},{"@type":"ImageObject","inLanguage":"es","@id":"https:\/\/www.eldiario.net\/portal\/2025\/06\/20\/ministerio-de-justicia-forma-parte-de-actual-crisis-judicial\/#primaryimage","url":"https:\/\/www.eldiario.net\/portal\/wp-content\/uploads\/2025\/06\/BALDERAS-1.webp","contentUrl":"https:\/\/www.eldiario.net\/portal\/wp-content\/uploads\/2025\/06\/BALDERAS-1.webp","width":1280,"height":901},{"@type":"BreadcrumbList","@id":"https:\/\/www.eldiario.net\/portal\/2025\/06\/20\/ministerio-de-justicia-forma-parte-de-actual-crisis-judicial\/#breadcrumb","itemListElement":[{"@type":"ListItem","position":1,"name":"Portada","item":"https:\/\/www.eldiario.net\/portal\/"},{"@type":"ListItem","position":2,"name":"Ministerio de Justicia forma parte de actual crisis judicial"}]},{"@type":"WebSite","@id":"https:\/\/www.eldiario.net\/portal\/#website","url":"https:\/\/www.eldiario.net\/portal\/","name":"El Diario - Decano de la prensa nacional","description":"El Diario - Decano de la prensa nacional","publisher":{"@id":"https:\/\/www.eldiario.net\/portal\/#organization"},"potentialAction":[{"@type":"SearchAction","target":{"@type":"EntryPoint","urlTemplate":"https:\/\/www.eldiario.net\/portal\/?s={search_term_string}"},"query-input":{"@type":"PropertyValueSpecification","valueRequired":true,"valueName":"search_term_string"}}],"inLanguage":"es"},{"@type":"Organization","@id":"https:\/\/www.eldiario.net\/portal\/#organization","name":"El Diario - Decano de la prensa nacional","url":"https:\/\/www.eldiario.net\/portal\/","logo":{"@type":"ImageObject","inLanguage":"es","@id":"https:\/\/www.eldiario.net\/portal\/#\/schema\/logo\/image\/","url":"https:\/\/www.eldiario.net\/portal\/wp-content\/uploads\/2023\/07\/logo_ED.jpg","contentUrl":"https:\/\/www.eldiario.net\/portal\/wp-content\/uploads\/2023\/07\/logo_ED.jpg","width":272,"height":52,"caption":"El Diario - Decano de la prensa nacional"},"image":{"@id":"https:\/\/www.eldiario.net\/portal\/#\/schema\/logo\/image\/"},"sameAs":["https:\/\/www.facebook.com\/eldiario.bolivia\/","https:\/\/x.com\/eldiario_net"]},{"@type":"Person","@id":"https:\/\/www.eldiario.net\/portal\/#\/schema\/person\/2c57cf2b7a7ae032e449e4c9b1019eac","name":"Jeanette","image":{"@type":"ImageObject","inLanguage":"es","@id":"https:\/\/secure.gravatar.com\/avatar\/3ea2118a5f7dad2b7138b1187a6b7ee55f160b9968b66013c3a3ef39dd7e5798?s=96&d=mm&r=g","url":"https:\/\/secure.gravatar.com\/avatar\/3ea2118a5f7dad2b7138b1187a6b7ee55f160b9968b66013c3a3ef39dd7e5798?s=96&d=mm&r=g","contentUrl":"https:\/\/secure.gravatar.com\/avatar\/3ea2118a5f7dad2b7138b1187a6b7ee55f160b9968b66013c3a3ef39dd7e5798?s=96&d=mm&r=g","caption":"Jeanette"},"sameAs":["https:\/\/www.eldiario.net\/portal"],"url":"https:\/\/www.eldiario.net\/portal\/author\/jeanette\/"}]}},"_links":{"self":[{"href":"https:\/\/www.eldiario.net\/portal\/wp-json\/wp\/v2\/posts\/310977","targetHints":{"allow":["GET"]}}],"collection":[{"href":"https:\/\/www.eldiario.net\/portal\/wp-json\/wp\/v2\/posts"}],"about":[{"href":"https:\/\/www.eldiario.net\/portal\/wp-json\/wp\/v2\/types\/post"}],"author":[{"embeddable":true,"href":"https:\/\/www.eldiario.net\/portal\/wp-json\/wp\/v2\/users\/1"}],"replies":[{"embeddable":true,"href":"https:\/\/www.eldiario.net\/portal\/wp-json\/wp\/v2\/comments?post=310977"}],"version-history":[{"count":1,"href":"https:\/\/www.eldiario.net\/portal\/wp-json\/wp\/v2\/posts\/310977\/revisions"}],"predecessor-version":[{"id":310979,"href":"https:\/\/www.eldiario.net\/portal\/wp-json\/wp\/v2\/posts\/310977\/revisions\/310979"}],"wp:featuredmedia":[{"embeddable":true,"href":"https:\/\/www.eldiario.net\/portal\/wp-json\/wp\/v2\/media\/310978"}],"wp:attachment":[{"href":"https:\/\/www.eldiario.net\/portal\/wp-json\/wp\/v2\/media?parent=310977"}],"wp:term":[{"taxonomy":"category","embeddable":true,"href":"https:\/\/www.eldiario.net\/portal\/wp-json\/wp\/v2\/categories?post=310977"},{"taxonomy":"post_tag","embeddable":true,"href":"https:\/\/www.eldiario.net\/portal\/wp-json\/wp\/v2\/tags?post=310977"}],"curies":[{"name":"wp","href":"https:\/\/api.w.org\/{rel}","templated":true}]}}