{"id":310938,"date":"2025-06-20T06:01:34","date_gmt":"2025-06-20T10:01:34","guid":{"rendered":"https:\/\/www.eldiario.net\/portal\/?p=310938"},"modified":"2025-06-20T06:01:34","modified_gmt":"2025-06-20T10:01:34","slug":"eeuu-retira-decenas-de-aviones-militares-de-una-base-en-qatar","status":"publish","type":"post","link":"https:\/\/www.eldiario.net\/portal\/2025\/06\/20\/eeuu-retira-decenas-de-aviones-militares-de-una-base-en-qatar\/","title":{"rendered":"EEUU retira decenas de aviones  militares de una base en Qatar"},"content":{"rendered":"<p class=\"v1MsoNormal\"><span lang=\"ES-MX\">Estados Unidos retir\u00f3 decenas de aviones militares de la pista de la base a\u00e9rea de Al Udeid en Qatar, en un contexto de crecientes tensiones en Medio Oriente. La decisi\u00f3n busca proteger estos aparatos ante la posibilidad de ataques de Ir\u00e1n, mientras Washington eval\u00faa la opci\u00f3n de intervenir militarmente en la guerra entre Israel y la Rep\u00fablica Isl\u00e1mica.<\/span><\/p>\n<p class=\"v1MsoNormal\"><span lang=\"ES-MX\">De acuerdo con las im\u00e1genes satelitales de Planet Labs PBC, el 5 de junio se encontraban en la pista de la base de Al Udeid cerca de 40 aeronaves militares, incluidos grandes transportadores de equipos y tropas, as\u00ed como modelos de reconocimiento y operaciones especiales como los C-130 H\u00e9rcules. Para el 19 de junio, solo tres aviones permanec\u00edan visibles en la pista, lo que indica una retirada de la mayor\u00eda de las aeronaves.<\/span><\/p>\n<p class=\"v1MsoNormal\"><span lang=\"ES-MX\">La Embajada de Estados Unidos en Qatar public\u00f3 este jueves una nota en la que confirm\u00f3 que, \u201ccomo medida de precauci\u00f3n y ante las hostilidades regionales en curso\u201d, el personal militar estadounidense en la base recibi\u00f3 la recomendaci\u00f3n de mantenerse \u201cespecialmente alerta\u201d y se impuso una \u201crestricci\u00f3n temporal\u201d de acceso a las instalaciones de Al Udeid.<\/span><\/p>\n<p class=\"v1MsoNormal\"><span lang=\"ES-MX\">Estas acciones se producen mientras la Casa Blanca anunci\u00f3 que el presidente estadounidense, Donald Trump, tiene previsto decidir \u201cen las pr\u00f3ximas dos semanas\u201d sobre una eventual intervenci\u00f3n militar estadounidense junto a Israel contra Ir\u00e1n. \u201cConsiderando que existe la posibilidad de que se celebren negociaciones sustanciales con Ir\u00e1n en un futuro pr\u00f3ximo, tomar\u00e9 mi decisi\u00f3n sobre si hacerlo o no en las pr\u00f3ximas dos semanas\u201d, comunic\u00f3 Trump mediante un mensaje le\u00eddo por la portavoz de la Casa Blanca Karoline Leavitt.<\/span><\/p>\n<p class=\"v1MsoNormal\"><span lang=\"ES-MX\">La base de Al Udeid se encuentra a menos de 300 kil\u00f3metros de la costa de Ir\u00e1n, lo que la convierte en un objetivo vulnerable en caso de hostilidades regionales, afirm\u00f3 Mark Schwartz, general retirado de Estados Unidos y actual experto del centro de estudios Rand Corporation. Schwartz se\u00f1al\u00f3 la necesidad de \u201creducir los riesgos para las fuerzas estadounidenses\u201d, dada la proximidad y el contexto de tensiones, seg\u00fan la AFP.<\/span><\/p>\n<p class=\"v1MsoNormal\"><span lang=\"ES-MX\">En rueda de prensa, la portavoz Leavitt subray\u00f3 la importancia de que cualquier acuerdo con Ir\u00e1n incluya un compromiso sobre el enriquecimiento de uranio, y reiter\u00f3 que Teher\u00e1n no puede acceder a armas nucleares. \u201cIr\u00e1n tiene todo lo que necesita para tener un arma nuclear. Es una decisi\u00f3n que tiene que tomar el l\u00edder supremo y solo tomar\u00eda un par de semanas terminar la producci\u00f3n de esa arma\u201d, declar\u00f3 Leavitt.<\/span><\/p>\n<p class=\"v1MsoNormal\"><span lang=\"ES-MX\">Durante los \u00faltimos d\u00edas, Trump asegur\u00f3 que \u201cEstados Unidos es el \u00fanico capaz de desmantelar el centro de enriquecimiento de uranio de Fordo\u201d, ubicado en el centro-oeste de Ir\u00e1n, aunque precis\u00f3 que ello \u201cno significa que vaya a hacerlo\u201d. Trump agreg\u00f3 que conoce el paradero del l\u00edder supremo iran\u00ed, el ayatollah Ali Khamenei, aunque descart\u00f3 actuar contra \u00e9l \u201cpor ahora\u201d. \u201cEs un blanco f\u00e1cil\u201d, declar\u00f3 el martes en Truth Social.<\/span><\/p>\n<p class=\"v1MsoNormal\"><span lang=\"ES-MX\">Previo a una nueva ronda de negociaciones sobre el programa nuclear iran\u00ed, prevista en Mascate (Om\u00e1n), Israel realiz\u00f3 bombardeos que llevaron a Ir\u00e1n a cancelar la cita diplom\u00e1tica, ampliando la incertidumbre sobre el curso de las relaciones y la seguridad regional en Medio Oriente. (Infobae, AFP y EP)<\/span><\/p>\n","protected":false},"excerpt":{"rendered":"<p>Estados Unidos retir\u00f3 decenas de aviones militares de la pista de la base a\u00e9rea de Al Udeid en Qatar, en un contexto de crecientes tensiones en Medio Oriente. La decisi\u00f3n busca proteger estos aparatos ante la posibilidad de ataques de Ir\u00e1n, mientras Washington eval\u00faa la opci\u00f3n de intervenir militarmente en la guerra entre Israel y [&hellip;]<\/p>\n","protected":false},"author":1,"featured_media":194703,"comment_status":"closed","ping_status":"open","sticky":false,"template":"","format":"standard","meta":{"_acf_changed":false,"footnotes":""},"categories":[3],"tags":[],"class_list":["post-310938","post","type-post","status-publish","format-standard","has-post-thumbnail","category-internacional"],"acf":{"antetitulo":"Advierten riesgo de ataques iran\u00edes"},"yoast_head":"<!-- This site is optimized with the Yoast SEO plugin v28.4 - https:\/\/yoast.com\/product\/yoast-seo-wordpress\/ -->\n<title>EEUU retira decenas de aviones militares de una base en Qatar - El Diario - Bolivia<\/title>\n<meta name=\"robots\" content=\"index, follow, max-snippet:-1, max-image-preview:large, max-video-preview:-1\" \/>\n<link rel=\"canonical\" href=\"https:\/\/www.eldiario.net\/portal\/2025\/06\/20\/eeuu-retira-decenas-de-aviones-militares-de-una-base-en-qatar\/\" \/>\n<meta property=\"og:locale\" content=\"es_ES\" \/>\n<meta property=\"og:type\" content=\"article\" \/>\n<meta property=\"og:title\" content=\"EEUU retira decenas de aviones militares de una base en Qatar - El Diario - Bolivia\" \/>\n<meta property=\"og:description\" content=\"Estados Unidos retir\u00f3 decenas de aviones militares de la pista de la base a\u00e9rea de Al Udeid en Qatar, en un contexto de crecientes tensiones en Medio Oriente. La decisi\u00f3n busca proteger estos aparatos ante la posibilidad de ataques de Ir\u00e1n, mientras Washington eval\u00faa la opci\u00f3n de intervenir militarmente en la guerra entre Israel y [&hellip;]\" \/>\n<meta property=\"og:url\" content=\"https:\/\/www.eldiario.net\/portal\/2025\/06\/20\/eeuu-retira-decenas-de-aviones-militares-de-una-base-en-qatar\/\" \/>\n<meta property=\"og:site_name\" content=\"El Diario - Bolivia\" \/>\n<meta property=\"article:publisher\" content=\"https:\/\/www.facebook.com\/eldiario.bolivia\/\" \/>\n<meta property=\"article:published_time\" content=\"2025-06-20T10:01:34+00:00\" \/>\n<meta property=\"og:image\" content=\"https:\/\/www.eldiario.net\/portal\/wp-content\/uploads\/2023\/12\/Internacional.jpg\" \/>\n\t<meta property=\"og:image:width\" content=\"800\" \/>\n\t<meta property=\"og:image:height\" content=\"500\" \/>\n\t<meta property=\"og:image:type\" content=\"image\/jpeg\" \/>\n<meta name=\"author\" content=\"Jeanette\" \/>\n<meta name=\"twitter:card\" content=\"summary_large_image\" \/>\n<meta name=\"twitter:creator\" content=\"@eldiario_net\" \/>\n<meta name=\"twitter:site\" content=\"@eldiario_net\" \/>\n<meta name=\"twitter:label1\" content=\"Escrito por\" \/>\n\t<meta name=\"twitter:data1\" content=\"Jeanette\" \/>\n\t<meta name=\"twitter:label2\" content=\"Tiempo de lectura\" \/>\n\t<meta name=\"twitter:data2\" content=\"3 minutos\" \/>\n<script type=\"application\/ld+json\" class=\"yoast-schema-graph\">{\"@context\":\"https:\\\/\\\/schema.org\",\"@graph\":[{\"@type\":\"Article\",\"@id\":\"https:\\\/\\\/www.eldiario.net\\\/portal\\\/2025\\\/06\\\/20\\\/eeuu-retira-decenas-de-aviones-militares-de-una-base-en-qatar\\\/#article\",\"isPartOf\":{\"@id\":\"https:\\\/\\\/www.eldiario.net\\\/portal\\\/2025\\\/06\\\/20\\\/eeuu-retira-decenas-de-aviones-militares-de-una-base-en-qatar\\\/\"},\"author\":{\"name\":\"Jeanette\",\"@id\":\"https:\\\/\\\/www.eldiario.net\\\/portal\\\/#\\\/schema\\\/person\\\/f46445640444750d7d753ccd04ae01b7\"},\"headline\":\"EEUU retira decenas de aviones militares de una base en Qatar\",\"datePublished\":\"2025-06-20T10:01:34+00:00\",\"mainEntityOfPage\":{\"@id\":\"https:\\\/\\\/www.eldiario.net\\\/portal\\\/2025\\\/06\\\/20\\\/eeuu-retira-decenas-de-aviones-militares-de-una-base-en-qatar\\\/\"},\"wordCount\":571,\"publisher\":{\"@id\":\"https:\\\/\\\/www.eldiario.net\\\/portal\\\/#organization\"},\"image\":{\"@id\":\"https:\\\/\\\/www.eldiario.net\\\/portal\\\/2025\\\/06\\\/20\\\/eeuu-retira-decenas-de-aviones-militares-de-una-base-en-qatar\\\/#primaryimage\"},\"thumbnailUrl\":\"https:\\\/\\\/www.eldiario.net\\\/portal\\\/wp-content\\\/uploads\\\/2023\\\/12\\\/Internacional.jpg\",\"articleSection\":[\"Internacional\"],\"inLanguage\":\"es\"},{\"@type\":\"WebPage\",\"@id\":\"https:\\\/\\\/www.eldiario.net\\\/portal\\\/2025\\\/06\\\/20\\\/eeuu-retira-decenas-de-aviones-militares-de-una-base-en-qatar\\\/\",\"url\":\"https:\\\/\\\/www.eldiario.net\\\/portal\\\/2025\\\/06\\\/20\\\/eeuu-retira-decenas-de-aviones-militares-de-una-base-en-qatar\\\/\",\"name\":\"EEUU retira decenas de aviones militares de una base en Qatar - El Diario - Bolivia\",\"isPartOf\":{\"@id\":\"https:\\\/\\\/www.eldiario.net\\\/portal\\\/#website\"},\"primaryImageOfPage\":{\"@id\":\"https:\\\/\\\/www.eldiario.net\\\/portal\\\/2025\\\/06\\\/20\\\/eeuu-retira-decenas-de-aviones-militares-de-una-base-en-qatar\\\/#primaryimage\"},\"image\":{\"@id\":\"https:\\\/\\\/www.eldiario.net\\\/portal\\\/2025\\\/06\\\/20\\\/eeuu-retira-decenas-de-aviones-militares-de-una-base-en-qatar\\\/#primaryimage\"},\"thumbnailUrl\":\"https:\\\/\\\/www.eldiario.net\\\/portal\\\/wp-content\\\/uploads\\\/2023\\\/12\\\/Internacional.jpg\",\"datePublished\":\"2025-06-20T10:01:34+00:00\",\"breadcrumb\":{\"@id\":\"https:\\\/\\\/www.eldiario.net\\\/portal\\\/2025\\\/06\\\/20\\\/eeuu-retira-decenas-de-aviones-militares-de-una-base-en-qatar\\\/#breadcrumb\"},\"inLanguage\":\"es\",\"potentialAction\":[{\"@type\":\"ReadAction\",\"target\":[\"https:\\\/\\\/www.eldiario.net\\\/portal\\\/2025\\\/06\\\/20\\\/eeuu-retira-decenas-de-aviones-militares-de-una-base-en-qatar\\\/\"]}]},{\"@type\":\"ImageObject\",\"inLanguage\":\"es\",\"@id\":\"https:\\\/\\\/www.eldiario.net\\\/portal\\\/2025\\\/06\\\/20\\\/eeuu-retira-decenas-de-aviones-militares-de-una-base-en-qatar\\\/#primaryimage\",\"url\":\"https:\\\/\\\/www.eldiario.net\\\/portal\\\/wp-content\\\/uploads\\\/2023\\\/12\\\/Internacional.jpg\",\"contentUrl\":\"https:\\\/\\\/www.eldiario.net\\\/portal\\\/wp-content\\\/uploads\\\/2023\\\/12\\\/Internacional.jpg\",\"width\":800,\"height\":500},{\"@type\":\"BreadcrumbList\",\"@id\":\"https:\\\/\\\/www.eldiario.net\\\/portal\\\/2025\\\/06\\\/20\\\/eeuu-retira-decenas-de-aviones-militares-de-una-base-en-qatar\\\/#breadcrumb\",\"itemListElement\":[{\"@type\":\"ListItem\",\"position\":1,\"name\":\"Portada\",\"item\":\"https:\\\/\\\/www.eldiario.net\\\/portal\\\/\"},{\"@type\":\"ListItem\",\"position\":2,\"name\":\"EEUU retira decenas de aviones militares de una base en Qatar\"}]},{\"@type\":\"WebSite\",\"@id\":\"https:\\\/\\\/www.eldiario.net\\\/portal\\\/#website\",\"url\":\"https:\\\/\\\/www.eldiario.net\\\/portal\\\/\",\"name\":\"El Diario - Decano de la prensa nacional\",\"description\":\"El Diario - Decano de la prensa nacional\",\"publisher\":{\"@id\":\"https:\\\/\\\/www.eldiario.net\\\/portal\\\/#organization\"},\"potentialAction\":[{\"@type\":\"SearchAction\",\"target\":{\"@type\":\"EntryPoint\",\"urlTemplate\":\"https:\\\/\\\/www.eldiario.net\\\/portal\\\/?s={search_term_string}\"},\"query-input\":{\"@type\":\"PropertyValueSpecification\",\"valueRequired\":true,\"valueName\":\"search_term_string\"}}],\"inLanguage\":\"es\"},{\"@type\":\"Organization\",\"@id\":\"https:\\\/\\\/www.eldiario.net\\\/portal\\\/#organization\",\"name\":\"El Diario - Decano de la prensa nacional\",\"url\":\"https:\\\/\\\/www.eldiario.net\\\/portal\\\/\",\"logo\":{\"@type\":\"ImageObject\",\"inLanguage\":\"es\",\"@id\":\"https:\\\/\\\/www.eldiario.net\\\/portal\\\/#\\\/schema\\\/logo\\\/image\\\/\",\"url\":\"https:\\\/\\\/www.eldiario.net\\\/portal\\\/wp-content\\\/uploads\\\/2023\\\/07\\\/logo_ED.jpg\",\"contentUrl\":\"https:\\\/\\\/www.eldiario.net\\\/portal\\\/wp-content\\\/uploads\\\/2023\\\/07\\\/logo_ED.jpg\",\"width\":272,\"height\":52,\"caption\":\"El Diario - Decano de la prensa nacional\"},\"image\":{\"@id\":\"https:\\\/\\\/www.eldiario.net\\\/portal\\\/#\\\/schema\\\/logo\\\/image\\\/\"},\"sameAs\":[\"https:\\\/\\\/www.facebook.com\\\/eldiario.bolivia\\\/\",\"https:\\\/\\\/x.com\\\/eldiario_net\"]},{\"@type\":\"Person\",\"@id\":\"https:\\\/\\\/www.eldiario.net\\\/portal\\\/#\\\/schema\\\/person\\\/f46445640444750d7d753ccd04ae01b7\",\"name\":\"Jeanette\",\"image\":{\"@type\":\"ImageObject\",\"inLanguage\":\"es\",\"@id\":\"https:\\\/\\\/secure.gravatar.com\\\/avatar\\\/3ea2118a5f7dad2b7138b1187a6b7ee55f160b9968b66013c3a3ef39dd7e5798?s=96&d=mm&r=g\",\"url\":\"https:\\\/\\\/secure.gravatar.com\\\/avatar\\\/3ea2118a5f7dad2b7138b1187a6b7ee55f160b9968b66013c3a3ef39dd7e5798?s=96&d=mm&r=g\",\"contentUrl\":\"https:\\\/\\\/secure.gravatar.com\\\/avatar\\\/3ea2118a5f7dad2b7138b1187a6b7ee55f160b9968b66013c3a3ef39dd7e5798?s=96&d=mm&r=g\",\"caption\":\"Jeanette\"},\"sameAs\":[\"https:\\\/\\\/www.eldiario.net\\\/portal\"],\"url\":\"https:\\\/\\\/www.eldiario.net\\\/portal\\\/author\\\/jeanette\\\/\"}]}<\/script>\n<!-- \/ Yoast SEO plugin. -->","yoast_head_json":{"title":"EEUU retira decenas de aviones militares de una base en Qatar - El Diario - Bolivia","robots":{"index":"index","follow":"follow","max-snippet":"max-snippet:-1","max-image-preview":"max-image-preview:large","max-video-preview":"max-video-preview:-1"},"canonical":"https:\/\/www.eldiario.net\/portal\/2025\/06\/20\/eeuu-retira-decenas-de-aviones-militares-de-una-base-en-qatar\/","og_locale":"es_ES","og_type":"article","og_title":"EEUU retira decenas de aviones militares de una base en Qatar - El Diario - Bolivia","og_description":"Estados Unidos retir\u00f3 decenas de aviones militares de la pista de la base a\u00e9rea de Al Udeid en Qatar, en un contexto de crecientes tensiones en Medio Oriente. La decisi\u00f3n busca proteger estos aparatos ante la posibilidad de ataques de Ir\u00e1n, mientras Washington eval\u00faa la opci\u00f3n de intervenir militarmente en la guerra entre Israel y [&hellip;]","og_url":"https:\/\/www.eldiario.net\/portal\/2025\/06\/20\/eeuu-retira-decenas-de-aviones-militares-de-una-base-en-qatar\/","og_site_name":"El Diario - Bolivia","article_publisher":"https:\/\/www.facebook.com\/eldiario.bolivia\/","article_published_time":"2025-06-20T10:01:34+00:00","og_image":[{"width":800,"height":500,"url":"https:\/\/www.eldiario.net\/portal\/wp-content\/uploads\/2023\/12\/Internacional.jpg","type":"image\/jpeg"}],"author":"Jeanette","twitter_card":"summary_large_image","twitter_creator":"@eldiario_net","twitter_site":"@eldiario_net","twitter_misc":{"Escrito por":"Jeanette","Tiempo de lectura":"3 minutos"},"schema":{"@context":"https:\/\/schema.org","@graph":[{"@type":"Article","@id":"https:\/\/www.eldiario.net\/portal\/2025\/06\/20\/eeuu-retira-decenas-de-aviones-militares-de-una-base-en-qatar\/#article","isPartOf":{"@id":"https:\/\/www.eldiario.net\/portal\/2025\/06\/20\/eeuu-retira-decenas-de-aviones-militares-de-una-base-en-qatar\/"},"author":{"name":"Jeanette","@id":"https:\/\/www.eldiario.net\/portal\/#\/schema\/person\/f46445640444750d7d753ccd04ae01b7"},"headline":"EEUU retira decenas de aviones militares de una base en Qatar","datePublished":"2025-06-20T10:01:34+00:00","mainEntityOfPage":{"@id":"https:\/\/www.eldiario.net\/portal\/2025\/06\/20\/eeuu-retira-decenas-de-aviones-militares-de-una-base-en-qatar\/"},"wordCount":571,"publisher":{"@id":"https:\/\/www.eldiario.net\/portal\/#organization"},"image":{"@id":"https:\/\/www.eldiario.net\/portal\/2025\/06\/20\/eeuu-retira-decenas-de-aviones-militares-de-una-base-en-qatar\/#primaryimage"},"thumbnailUrl":"https:\/\/www.eldiario.net\/portal\/wp-content\/uploads\/2023\/12\/Internacional.jpg","articleSection":["Internacional"],"inLanguage":"es"},{"@type":"WebPage","@id":"https:\/\/www.eldiario.net\/portal\/2025\/06\/20\/eeuu-retira-decenas-de-aviones-militares-de-una-base-en-qatar\/","url":"https:\/\/www.eldiario.net\/portal\/2025\/06\/20\/eeuu-retira-decenas-de-aviones-militares-de-una-base-en-qatar\/","name":"EEUU retira decenas de aviones militares de una base en Qatar - El Diario - Bolivia","isPartOf":{"@id":"https:\/\/www.eldiario.net\/portal\/#website"},"primaryImageOfPage":{"@id":"https:\/\/www.eldiario.net\/portal\/2025\/06\/20\/eeuu-retira-decenas-de-aviones-militares-de-una-base-en-qatar\/#primaryimage"},"image":{"@id":"https:\/\/www.eldiario.net\/portal\/2025\/06\/20\/eeuu-retira-decenas-de-aviones-militares-de-una-base-en-qatar\/#primaryimage"},"thumbnailUrl":"https:\/\/www.eldiario.net\/portal\/wp-content\/uploads\/2023\/12\/Internacional.jpg","datePublished":"2025-06-20T10:01:34+00:00","breadcrumb":{"@id":"https:\/\/www.eldiario.net\/portal\/2025\/06\/20\/eeuu-retira-decenas-de-aviones-militares-de-una-base-en-qatar\/#breadcrumb"},"inLanguage":"es","potentialAction":[{"@type":"ReadAction","target":["https:\/\/www.eldiario.net\/portal\/2025\/06\/20\/eeuu-retira-decenas-de-aviones-militares-de-una-base-en-qatar\/"]}]},{"@type":"ImageObject","inLanguage":"es","@id":"https:\/\/www.eldiario.net\/portal\/2025\/06\/20\/eeuu-retira-decenas-de-aviones-militares-de-una-base-en-qatar\/#primaryimage","url":"https:\/\/www.eldiario.net\/portal\/wp-content\/uploads\/2023\/12\/Internacional.jpg","contentUrl":"https:\/\/www.eldiario.net\/portal\/wp-content\/uploads\/2023\/12\/Internacional.jpg","width":800,"height":500},{"@type":"BreadcrumbList","@id":"https:\/\/www.eldiario.net\/portal\/2025\/06\/20\/eeuu-retira-decenas-de-aviones-militares-de-una-base-en-qatar\/#breadcrumb","itemListElement":[{"@type":"ListItem","position":1,"name":"Portada","item":"https:\/\/www.eldiario.net\/portal\/"},{"@type":"ListItem","position":2,"name":"EEUU retira decenas de aviones militares de una base en Qatar"}]},{"@type":"WebSite","@id":"https:\/\/www.eldiario.net\/portal\/#website","url":"https:\/\/www.eldiario.net\/portal\/","name":"El Diario - Decano de la prensa nacional","description":"El Diario - Decano de la prensa nacional","publisher":{"@id":"https:\/\/www.eldiario.net\/portal\/#organization"},"potentialAction":[{"@type":"SearchAction","target":{"@type":"EntryPoint","urlTemplate":"https:\/\/www.eldiario.net\/portal\/?s={search_term_string}"},"query-input":{"@type":"PropertyValueSpecification","valueRequired":true,"valueName":"search_term_string"}}],"inLanguage":"es"},{"@type":"Organization","@id":"https:\/\/www.eldiario.net\/portal\/#organization","name":"El Diario - Decano de la prensa nacional","url":"https:\/\/www.eldiario.net\/portal\/","logo":{"@type":"ImageObject","inLanguage":"es","@id":"https:\/\/www.eldiario.net\/portal\/#\/schema\/logo\/image\/","url":"https:\/\/www.eldiario.net\/portal\/wp-content\/uploads\/2023\/07\/logo_ED.jpg","contentUrl":"https:\/\/www.eldiario.net\/portal\/wp-content\/uploads\/2023\/07\/logo_ED.jpg","width":272,"height":52,"caption":"El Diario - Decano de la prensa nacional"},"image":{"@id":"https:\/\/www.eldiario.net\/portal\/#\/schema\/logo\/image\/"},"sameAs":["https:\/\/www.facebook.com\/eldiario.bolivia\/","https:\/\/x.com\/eldiario_net"]},{"@type":"Person","@id":"https:\/\/www.eldiario.net\/portal\/#\/schema\/person\/f46445640444750d7d753ccd04ae01b7","name":"Jeanette","image":{"@type":"ImageObject","inLanguage":"es","@id":"https:\/\/secure.gravatar.com\/avatar\/3ea2118a5f7dad2b7138b1187a6b7ee55f160b9968b66013c3a3ef39dd7e5798?s=96&d=mm&r=g","url":"https:\/\/secure.gravatar.com\/avatar\/3ea2118a5f7dad2b7138b1187a6b7ee55f160b9968b66013c3a3ef39dd7e5798?s=96&d=mm&r=g","contentUrl":"https:\/\/secure.gravatar.com\/avatar\/3ea2118a5f7dad2b7138b1187a6b7ee55f160b9968b66013c3a3ef39dd7e5798?s=96&d=mm&r=g","caption":"Jeanette"},"sameAs":["https:\/\/www.eldiario.net\/portal"],"url":"https:\/\/www.eldiario.net\/portal\/author\/jeanette\/"}]}},"_links":{"self":[{"href":"https:\/\/www.eldiario.net\/portal\/wp-json\/wp\/v2\/posts\/310938","targetHints":{"allow":["GET"]}}],"collection":[{"href":"https:\/\/www.eldiario.net\/portal\/wp-json\/wp\/v2\/posts"}],"about":[{"href":"https:\/\/www.eldiario.net\/portal\/wp-json\/wp\/v2\/types\/post"}],"author":[{"embeddable":true,"href":"https:\/\/www.eldiario.net\/portal\/wp-json\/wp\/v2\/users\/1"}],"replies":[{"embeddable":true,"href":"https:\/\/www.eldiario.net\/portal\/wp-json\/wp\/v2\/comments?post=310938"}],"version-history":[{"count":1,"href":"https:\/\/www.eldiario.net\/portal\/wp-json\/wp\/v2\/posts\/310938\/revisions"}],"predecessor-version":[{"id":310939,"href":"https:\/\/www.eldiario.net\/portal\/wp-json\/wp\/v2\/posts\/310938\/revisions\/310939"}],"wp:featuredmedia":[{"embeddable":true,"href":"https:\/\/www.eldiario.net\/portal\/wp-json\/wp\/v2\/media\/194703"}],"wp:attachment":[{"href":"https:\/\/www.eldiario.net\/portal\/wp-json\/wp\/v2\/media?parent=310938"}],"wp:term":[{"taxonomy":"category","embeddable":true,"href":"https:\/\/www.eldiario.net\/portal\/wp-json\/wp\/v2\/categories?post=310938"},{"taxonomy":"post_tag","embeddable":true,"href":"https:\/\/www.eldiario.net\/portal\/wp-json\/wp\/v2\/tags?post=310938"}],"curies":[{"name":"wp","href":"https:\/\/api.w.org\/{rel}","templated":true}]}}